{"id":178612,"date":"2011-05-30T14:39:00","date_gmt":"2011-05-30T14:39:00","guid":{"rendered":"https:\/\/www.webdo.tn\/fr\/actualite\/blog\/maroc-une-grande-manifestation-dispersee-a-coup-de-matraques-et-de-batons\/178612\/"},"modified":"2011-05-30T14:39:00","modified_gmt":"2011-05-30T14:39:00","slug":"maroc-une-grande-manifestation-dispersee-a-coup-de-matraques-et-de-batons","status":"publish","type":"post","link":"https:\/\/www.webdo.tn\/fr\/actualite\/divers\/maroc-une-grande-manifestation-dispersee-a-coup-de-matraques-et-de-batons\/178612\/","title":{"rendered":"Maroc : une grande manifestation dispers\u00e9e \u00e0 coups de matraques et de b\u00e2tons"},"content":{"rendered":"<p>Dimanche dernier, des Marocains pro-d\u00e9mocratie sont de nouveau descendus dans les rues, \u00e0 l&rsquo;appel des jeunes du Mouvement du 20 f\u00e9vrier, et ce, pour clamer haut et fort leurs revendications.<\/p>\n<p>Casablanca et Tanger ont vu une participation massive \u00e0 cette manifestation.<\/p>\n<p>Comme en Tunisie, en \u00c9gypte, au Y\u00e9men et en Syrie, les manifestants se sont heurt\u00e9s \u00e0 des forces de l&rsquo;ordre d\u2019une violence incroyable, qui, \u00e0 coup de matraques et de b\u00e2ton en bois, ont dispers\u00e9 les manifestants, faisant plusieurs dizaines de bless\u00e9s, notamment \u00e0 Casablanca, d\u2019apr\u00e8s l\u2019AFP.<\/p>\n<p>L&rsquo;Association marocaine des Droits de l\u2019Homme s&rsquo;inqui\u00e8te que les autorit\u00e9s du pays ne respectent plus le droit de manifester et d\u00e9plore cette agressivit\u00e9 polici\u00e8res. De son c\u00f4t\u00e9, un porte parole du gouvernement marocain a d\u00e9clar\u00e9, \u00e0 l\u2019AFP, que le Mouvement qui a organis\u00e9 ces manifestations est utilis\u00e9e groupes islamistes et d&rsquo;extr\u00eame-gauche.<\/p>\n<p>Cependant, des contre-manifestations ont eu lieu dimanche \u00e0 Rabat, Casablanca et Fez.<\/p>\n","protected":false},"excerpt":{"rendered":"<p>Maroc : une grande manifestation dispers\u00e9e \u00e0 coups de matraques et de b\u00e2tons<\/p>\n","protected":false},"author":3222,"featured_media":365353,"comment_status":"open","ping_status":"closed","sticky":false,"template":"","format":"standard","meta":{"footnotes":""},"categories":[2839],"tags":[],"class_list":["post-178612","post","type-post","status-publish","format-standard","has-post-thumbnail","hentry","category-divers"],"yoast_head":"<!-- This site is optimized with the Yoast SEO Premium plugin v27.4 (Yoast SEO v27.5) - https:\/\/yoast.com\/product\/yoast-seo-premium-wordpress\/ -->\n<title>Maroc : une grande manifestation dispers\u00e9e \u00e0 coups de matraques et de b\u00e2tons<\/title>\n<meta name=\"description\" content=\"Maroc : une grande manifestation dispers\u00e9e \u00e0 coups de matraques et de b\u00e2tons\" \/>\n<link rel=\"canonical\" href=\"https:\/\/www.webdo.tn\/fr\/actualite\/divers\/maroc-une-grande-manifestation-dispersee-a-coup-de-matraques-et-de-batons\/178612\/\" \/>\n<meta property=\"og:locale\" content=\"fr_FR\" \/>\n<meta property=\"og:type\" content=\"article\" \/>\n<meta property=\"og:title\" content=\"Maroc : une grande manifestation dispers\u00e9e \u00e0 coups de matraques et de b\u00e2tons\" \/>\n<meta property=\"og:description\" content=\"Maroc : une grande manifestation dispers\u00e9e \u00e0 coups de matraques et de b\u00e2tons\" \/>\n<meta property=\"og:url\" content=\"https:\/\/www.webdo.tn\/fr\/actualite\/divers\/maroc-une-grande-manifestation-dispersee-a-coup-de-matraques-et-de-batons\/178612\/\" \/>\n<meta property=\"og:site_name\" content=\"webdo\" \/>\n<meta property=\"article:publisher\" content=\"https:\/\/www.facebook.com\/webdotn\" \/>\n<meta property=\"article:published_time\" content=\"2011-05-30T14:39:00+00:00\" \/>\n<meta property=\"og:image\" content=\"https:\/\/www.webdo.tn\/fr\/wp-content\/uploads\/2011\/05\/2011-05-15t151505z_01_apae74e16d700_rtroptp_2_ofrwr-maroc-manifestation-20110515.jpg\" \/>\n\t<meta property=\"og:image:width\" content=\"2000\" \/>\n\t<meta property=\"og:image:height\" content=\"1026\" \/>\n\t<meta property=\"og:image:type\" content=\"image\/jpeg\" \/>\n<meta name=\"author\" content=\"webdo.tn\" \/>\n<meta name=\"twitter:card\" content=\"summary_large_image\" \/>\n<meta name=\"twitter:creator\" content=\"@webdo_tn\" \/>\n<meta name=\"twitter:site\" content=\"@webdo_tn\" \/>\n<meta name=\"twitter:label1\" content=\"\u00c9crit par\" \/>\n\t<meta name=\"twitter:data1\" content=\"webdo.tn\" \/>\n\t<meta name=\"twitter:label2\" content=\"Dur\u00e9e de lecture estim\u00e9e\" \/>\n\t<meta name=\"twitter:data2\" content=\"1 minute\" \/>\n<script type=\"application\/ld+json\" class=\"yoast-schema-graph\">{\"@context\":\"https:\\\/\\\/schema.org\",\"@graph\":[{\"@type\":\"NewsArticle\",\"@id\":\"https:\\\/\\\/www.webdo.tn\\\/fr\\\/actualite\\\/divers\\\/maroc-une-grande-manifestation-dispersee-a-coup-de-matraques-et-de-batons\\\/178612\\\/#article\",\"isPartOf\":{\"@id\":\"https:\\\/\\\/www.webdo.tn\\\/fr\\\/actualite\\\/divers\\\/maroc-une-grande-manifestation-dispersee-a-coup-de-matraques-et-de-batons\\\/178612\\\/\"},\"author\":{\"name\":\"webdo.tn\",\"@id\":\"https:\\\/\\\/www.webdo.tn\\\/fr\\\/#\\\/schema\\\/person\\\/9a9c6118d687c117df8ef3cc36a4d175\"},\"headline\":\"Maroc : une grande manifestation dispers\u00e9e \u00e0 coups de matraques et de b\u00e2tons\",\"datePublished\":\"2011-05-30T14:39:00+00:00\",\"mainEntityOfPage\":{\"@id\":\"https:\\\/\\\/www.webdo.tn\\\/fr\\\/actualite\\\/divers\\\/maroc-une-grande-manifestation-dispersee-a-coup-de-matraques-et-de-batons\\\/178612\\\/\"},\"wordCount\":181,\"commentCount\":0,\"publisher\":{\"@id\":\"https:\\\/\\\/www.webdo.tn\\\/fr\\\/#organization\"},\"image\":{\"@id\":\"https:\\\/\\\/www.webdo.tn\\\/fr\\\/actualite\\\/divers\\\/maroc-une-grande-manifestation-dispersee-a-coup-de-matraques-et-de-batons\\\/178612\\\/#primaryimage\"},\"thumbnailUrl\":\"https:\\\/\\\/www.webdo.tn\\\/fr\\\/wp-content\\\/uploads\\\/2011\\\/05\\\/2011-05-15t151505z_01_apae74e16d700_rtroptp_2_ofrwr-maroc-manifestation-20110515.jpg\",\"articleSection\":[\"Divers\"],\"inLanguage\":\"fr-FR\"},{\"@type\":\"WebPage\",\"@id\":\"https:\\\/\\\/www.webdo.tn\\\/fr\\\/actualite\\\/divers\\\/maroc-une-grande-manifestation-dispersee-a-coup-de-matraques-et-de-batons\\\/178612\\\/\",\"url\":\"https:\\\/\\\/www.webdo.tn\\\/fr\\\/actualite\\\/divers\\\/maroc-une-grande-manifestation-dispersee-a-coup-de-matraques-et-de-batons\\\/178612\\\/\",\"name\":\"Maroc : une grande manifestation dispers\u00e9e \u00e0 coups de matraques et de b\u00e2tons\",\"isPartOf\":{\"@id\":\"https:\\\/\\\/www.webdo.tn\\\/fr\\\/#website\"},\"primaryImageOfPage\":{\"@id\":\"https:\\\/\\\/www.webdo.tn\\\/fr\\\/actualite\\\/divers\\\/maroc-une-grande-manifestation-dispersee-a-coup-de-matraques-et-de-batons\\\/178612\\\/#primaryimage\"},\"image\":{\"@id\":\"https:\\\/\\\/www.webdo.tn\\\/fr\\\/actualite\\\/divers\\\/maroc-une-grande-manifestation-dispersee-a-coup-de-matraques-et-de-batons\\\/178612\\\/#primaryimage\"},\"thumbnailUrl\":\"https:\\\/\\\/www.webdo.tn\\\/fr\\\/wp-content\\\/uploads\\\/2011\\\/05\\\/2011-05-15t151505z_01_apae74e16d700_rtroptp_2_ofrwr-maroc-manifestation-20110515.jpg\",\"datePublished\":\"2011-05-30T14:39:00+00:00\",\"description\":\"Maroc : une grande manifestation dispers\u00e9e \u00e0 coups de matraques et de b\u00e2tons\",\"breadcrumb\":{\"@id\":\"https:\\\/\\\/www.webdo.tn\\\/fr\\\/actualite\\\/divers\\\/maroc-une-grande-manifestation-dispersee-a-coup-de-matraques-et-de-batons\\\/178612\\\/#breadcrumb\"},\"inLanguage\":\"fr-FR\",\"potentialAction\":[{\"@type\":\"ReadAction\",\"target\":[\"https:\\\/\\\/www.webdo.tn\\\/fr\\\/actualite\\\/divers\\\/maroc-une-grande-manifestation-dispersee-a-coup-de-matraques-et-de-batons\\\/178612\\\/\"]}]},{\"@type\":\"ImageObject\",\"inLanguage\":\"fr-FR\",\"@id\":\"https:\\\/\\\/www.webdo.tn\\\/fr\\\/actualite\\\/divers\\\/maroc-une-grande-manifestation-dispersee-a-coup-de-matraques-et-de-batons\\\/178612\\\/#primaryimage\",\"url\":\"https:\\\/\\\/www.webdo.tn\\\/fr\\\/wp-content\\\/uploads\\\/2011\\\/05\\\/2011-05-15t151505z_01_apae74e16d700_rtroptp_2_ofrwr-maroc-manifestation-20110515.jpg\",\"contentUrl\":\"https:\\\/\\\/www.webdo.tn\\\/fr\\\/wp-content\\\/uploads\\\/2011\\\/05\\\/2011-05-15t151505z_01_apae74e16d700_rtroptp_2_ofrwr-maroc-manifestation-20110515.jpg\",\"width\":2000,\"height\":1026,\"caption\":\"Maroc : une grande manifestation dispers\u00e9e \u00e0 coups de matraques et de b\u00e2tons\"},{\"@type\":\"BreadcrumbList\",\"@id\":\"https:\\\/\\\/www.webdo.tn\\\/fr\\\/actualite\\\/divers\\\/maroc-une-grande-manifestation-dispersee-a-coup-de-matraques-et-de-batons\\\/178612\\\/#breadcrumb\",\"itemListElement\":[{\"@type\":\"ListItem\",\"position\":1,\"name\":\"Accueil\",\"item\":\"https:\\\/\\\/www.webdo.tn\\\/fr\\\/\"},{\"@type\":\"ListItem\",\"position\":2,\"name\":\"Maroc : une grande manifestation dispers\u00e9e \u00e0 coups de matraques et de b\u00e2tons\"}]},{\"@type\":\"WebSite\",\"@id\":\"https:\\\/\\\/www.webdo.tn\\\/fr\\\/#website\",\"url\":\"https:\\\/\\\/www.webdo.tn\\\/fr\\\/\",\"name\":\"webdo\",\"description\":\"Tunisie - News en Tunisie et \u00e0 l&#039;international sur Webdo.tn\",\"publisher\":{\"@id\":\"https:\\\/\\\/www.webdo.tn\\\/fr\\\/#organization\"},\"potentialAction\":[{\"@type\":\"SearchAction\",\"target\":{\"@type\":\"EntryPoint\",\"urlTemplate\":\"https:\\\/\\\/www.webdo.tn\\\/fr\\\/?s={search_term_string}\"},\"query-input\":{\"@type\":\"PropertyValueSpecification\",\"valueRequired\":true,\"valueName\":\"search_term_string\"}}],\"inLanguage\":\"fr-FR\"},{\"@type\":\"Organization\",\"@id\":\"https:\\\/\\\/www.webdo.tn\\\/fr\\\/#organization\",\"name\":\"Webdo\",\"alternateName\":\"Webdo.tn\",\"url\":\"https:\\\/\\\/www.webdo.tn\\\/fr\\\/\",\"logo\":{\"@type\":\"ImageObject\",\"inLanguage\":\"fr-FR\",\"@id\":\"https:\\\/\\\/www.webdo.tn\\\/fr\\\/#\\\/schema\\\/logo\\\/image\\\/\",\"url\":\"https:\\\/\\\/www.webdo.tn\\\/fr\\\/wp-content\\\/uploads\\\/2025\\\/06\\\/Webdo-Tunisie_168377.jpg\",\"contentUrl\":\"https:\\\/\\\/www.webdo.tn\\\/fr\\\/wp-content\\\/uploads\\\/2025\\\/06\\\/Webdo-Tunisie_168377.jpg\",\"width\":301,\"height\":301,\"caption\":\"Webdo\"},\"image\":{\"@id\":\"https:\\\/\\\/www.webdo.tn\\\/fr\\\/#\\\/schema\\\/logo\\\/image\\\/\"},\"sameAs\":[\"https:\\\/\\\/www.facebook.com\\\/webdotn\",\"https:\\\/\\\/x.com\\\/webdo_tn\"],\"description\":\"Webdo est un m\u00e9dia num\u00e9rique tunisien fond\u00e9 en 2010, sp\u00e9cialis\u00e9 dans l\u2019actualit\u00e9 nationale et internationale, l\u2019\u00e9conomie, la soci\u00e9t\u00e9 et les analyses politiques. Le site s\u2019adresse \u00e0 un large public francophone et couvre l\u2019information tunisienne en temps r\u00e9el.\",\"email\":\"redac@webdo.tn\",\"legalName\":\"YNJ SARL\",\"foundingDate\":\"2010-09-06\",\"numberOfEmployees\":{\"@type\":\"QuantitativeValue\",\"minValue\":\"11\",\"maxValue\":\"50\"}},{\"@type\":\"Person\",\"@id\":\"https:\\\/\\\/www.webdo.tn\\\/fr\\\/#\\\/schema\\\/person\\\/9a9c6118d687c117df8ef3cc36a4d175\",\"name\":\"webdo.tn\",\"image\":{\"@type\":\"ImageObject\",\"inLanguage\":\"fr-FR\",\"@id\":\"https:\\\/\\\/secure.gravatar.com\\\/avatar\\\/7ce1f28c0c3bbac99ff550b85ef8e44a6950c6ee24514fb6a5489e51d06f0298?s=96&d=mm&r=g\",\"url\":\"https:\\\/\\\/secure.gravatar.com\\\/avatar\\\/7ce1f28c0c3bbac99ff550b85ef8e44a6950c6ee24514fb6a5489e51d06f0298?s=96&d=mm&r=g\",\"contentUrl\":\"https:\\\/\\\/secure.gravatar.com\\\/avatar\\\/7ce1f28c0c3bbac99ff550b85ef8e44a6950c6ee24514fb6a5489e51d06f0298?s=96&d=mm&r=g\",\"caption\":\"webdo.tn\"},\"url\":\"https:\\\/\\\/www.webdo.tn\\\/fr\\\/actualite\\\/author\\\/webdotn\\\/\"}]}<\/script>\n<!-- \/ Yoast SEO Premium plugin. -->","yoast_head_json":{"title":"Maroc : une grande manifestation dispers\u00e9e \u00e0 coups de matraques et de b\u00e2tons","description":"Maroc : une grande manifestation dispers\u00e9e \u00e0 coups de matraques et de b\u00e2tons","canonical":"https:\/\/www.webdo.tn\/fr\/actualite\/divers\/maroc-une-grande-manifestation-dispersee-a-coup-de-matraques-et-de-batons\/178612\/","og_locale":"fr_FR","og_type":"article","og_title":"Maroc : une grande manifestation dispers\u00e9e \u00e0 coups de matraques et de b\u00e2tons","og_description":"Maroc : une grande manifestation dispers\u00e9e \u00e0 coups de matraques et de b\u00e2tons","og_url":"https:\/\/www.webdo.tn\/fr\/actualite\/divers\/maroc-une-grande-manifestation-dispersee-a-coup-de-matraques-et-de-batons\/178612\/","og_site_name":"webdo","article_publisher":"https:\/\/www.facebook.com\/webdotn","article_published_time":"2011-05-30T14:39:00+00:00","og_image":[{"width":2000,"height":1026,"url":"https:\/\/www.webdo.tn\/fr\/wp-content\/uploads\/2011\/05\/2011-05-15t151505z_01_apae74e16d700_rtroptp_2_ofrwr-maroc-manifestation-20110515.jpg","type":"image\/jpeg"}],"author":"webdo.tn","twitter_card":"summary_large_image","twitter_creator":"@webdo_tn","twitter_site":"@webdo_tn","twitter_misc":{"\u00c9crit par":"webdo.tn","Dur\u00e9e de lecture estim\u00e9e":"1 minute"},"schema":{"@context":"https:\/\/schema.org","@graph":[{"@type":"NewsArticle","@id":"https:\/\/www.webdo.tn\/fr\/actualite\/divers\/maroc-une-grande-manifestation-dispersee-a-coup-de-matraques-et-de-batons\/178612\/#article","isPartOf":{"@id":"https:\/\/www.webdo.tn\/fr\/actualite\/divers\/maroc-une-grande-manifestation-dispersee-a-coup-de-matraques-et-de-batons\/178612\/"},"author":{"name":"webdo.tn","@id":"https:\/\/www.webdo.tn\/fr\/#\/schema\/person\/9a9c6118d687c117df8ef3cc36a4d175"},"headline":"Maroc : une grande manifestation dispers\u00e9e \u00e0 coups de matraques et de b\u00e2tons","datePublished":"2011-05-30T14:39:00+00:00","mainEntityOfPage":{"@id":"https:\/\/www.webdo.tn\/fr\/actualite\/divers\/maroc-une-grande-manifestation-dispersee-a-coup-de-matraques-et-de-batons\/178612\/"},"wordCount":181,"commentCount":0,"publisher":{"@id":"https:\/\/www.webdo.tn\/fr\/#organization"},"image":{"@id":"https:\/\/www.webdo.tn\/fr\/actualite\/divers\/maroc-une-grande-manifestation-dispersee-a-coup-de-matraques-et-de-batons\/178612\/#primaryimage"},"thumbnailUrl":"https:\/\/www.webdo.tn\/fr\/wp-content\/uploads\/2011\/05\/2011-05-15t151505z_01_apae74e16d700_rtroptp_2_ofrwr-maroc-manifestation-20110515.jpg","articleSection":["Divers"],"inLanguage":"fr-FR"},{"@type":"WebPage","@id":"https:\/\/www.webdo.tn\/fr\/actualite\/divers\/maroc-une-grande-manifestation-dispersee-a-coup-de-matraques-et-de-batons\/178612\/","url":"https:\/\/www.webdo.tn\/fr\/actualite\/divers\/maroc-une-grande-manifestation-dispersee-a-coup-de-matraques-et-de-batons\/178612\/","name":"Maroc : une grande manifestation dispers\u00e9e \u00e0 coups de matraques et de b\u00e2tons","isPartOf":{"@id":"https:\/\/www.webdo.tn\/fr\/#website"},"primaryImageOfPage":{"@id":"https:\/\/www.webdo.tn\/fr\/actualite\/divers\/maroc-une-grande-manifestation-dispersee-a-coup-de-matraques-et-de-batons\/178612\/#primaryimage"},"image":{"@id":"https:\/\/www.webdo.tn\/fr\/actualite\/divers\/maroc-une-grande-manifestation-dispersee-a-coup-de-matraques-et-de-batons\/178612\/#primaryimage"},"thumbnailUrl":"https:\/\/www.webdo.tn\/fr\/wp-content\/uploads\/2011\/05\/2011-05-15t151505z_01_apae74e16d700_rtroptp_2_ofrwr-maroc-manifestation-20110515.jpg","datePublished":"2011-05-30T14:39:00+00:00","description":"Maroc : une grande manifestation dispers\u00e9e \u00e0 coups de matraques et de b\u00e2tons","breadcrumb":{"@id":"https:\/\/www.webdo.tn\/fr\/actualite\/divers\/maroc-une-grande-manifestation-dispersee-a-coup-de-matraques-et-de-batons\/178612\/#breadcrumb"},"inLanguage":"fr-FR","potentialAction":[{"@type":"ReadAction","target":["https:\/\/www.webdo.tn\/fr\/actualite\/divers\/maroc-une-grande-manifestation-dispersee-a-coup-de-matraques-et-de-batons\/178612\/"]}]},{"@type":"ImageObject","inLanguage":"fr-FR","@id":"https:\/\/www.webdo.tn\/fr\/actualite\/divers\/maroc-une-grande-manifestation-dispersee-a-coup-de-matraques-et-de-batons\/178612\/#primaryimage","url":"https:\/\/www.webdo.tn\/fr\/wp-content\/uploads\/2011\/05\/2011-05-15t151505z_01_apae74e16d700_rtroptp_2_ofrwr-maroc-manifestation-20110515.jpg","contentUrl":"https:\/\/www.webdo.tn\/fr\/wp-content\/uploads\/2011\/05\/2011-05-15t151505z_01_apae74e16d700_rtroptp_2_ofrwr-maroc-manifestation-20110515.jpg","width":2000,"height":1026,"caption":"Maroc : une grande manifestation dispers\u00e9e \u00e0 coups de matraques et de b\u00e2tons"},{"@type":"BreadcrumbList","@id":"https:\/\/www.webdo.tn\/fr\/actualite\/divers\/maroc-une-grande-manifestation-dispersee-a-coup-de-matraques-et-de-batons\/178612\/#breadcrumb","itemListElement":[{"@type":"ListItem","position":1,"name":"Accueil","item":"https:\/\/www.webdo.tn\/fr\/"},{"@type":"ListItem","position":2,"name":"Maroc : une grande manifestation dispers\u00e9e \u00e0 coups de matraques et de b\u00e2tons"}]},{"@type":"WebSite","@id":"https:\/\/www.webdo.tn\/fr\/#website","url":"https:\/\/www.webdo.tn\/fr\/","name":"webdo","description":"Tunisie - News en Tunisie et \u00e0 l&#039;international sur Webdo.tn","publisher":{"@id":"https:\/\/www.webdo.tn\/fr\/#organization"},"potentialAction":[{"@type":"SearchAction","target":{"@type":"EntryPoint","urlTemplate":"https:\/\/www.webdo.tn\/fr\/?s={search_term_string}"},"query-input":{"@type":"PropertyValueSpecification","valueRequired":true,"valueName":"search_term_string"}}],"inLanguage":"fr-FR"},{"@type":"Organization","@id":"https:\/\/www.webdo.tn\/fr\/#organization","name":"Webdo","alternateName":"Webdo.tn","url":"https:\/\/www.webdo.tn\/fr\/","logo":{"@type":"ImageObject","inLanguage":"fr-FR","@id":"https:\/\/www.webdo.tn\/fr\/#\/schema\/logo\/image\/","url":"https:\/\/www.webdo.tn\/fr\/wp-content\/uploads\/2025\/06\/Webdo-Tunisie_168377.jpg","contentUrl":"https:\/\/www.webdo.tn\/fr\/wp-content\/uploads\/2025\/06\/Webdo-Tunisie_168377.jpg","width":301,"height":301,"caption":"Webdo"},"image":{"@id":"https:\/\/www.webdo.tn\/fr\/#\/schema\/logo\/image\/"},"sameAs":["https:\/\/www.facebook.com\/webdotn","https:\/\/x.com\/webdo_tn"],"description":"Webdo est un m\u00e9dia num\u00e9rique tunisien fond\u00e9 en 2010, sp\u00e9cialis\u00e9 dans l\u2019actualit\u00e9 nationale et internationale, l\u2019\u00e9conomie, la soci\u00e9t\u00e9 et les analyses politiques. Le site s\u2019adresse \u00e0 un large public francophone et couvre l\u2019information tunisienne en temps r\u00e9el.","email":"redac@webdo.tn","legalName":"YNJ SARL","foundingDate":"2010-09-06","numberOfEmployees":{"@type":"QuantitativeValue","minValue":"11","maxValue":"50"}},{"@type":"Person","@id":"https:\/\/www.webdo.tn\/fr\/#\/schema\/person\/9a9c6118d687c117df8ef3cc36a4d175","name":"webdo.tn","image":{"@type":"ImageObject","inLanguage":"fr-FR","@id":"https:\/\/secure.gravatar.com\/avatar\/7ce1f28c0c3bbac99ff550b85ef8e44a6950c6ee24514fb6a5489e51d06f0298?s=96&d=mm&r=g","url":"https:\/\/secure.gravatar.com\/avatar\/7ce1f28c0c3bbac99ff550b85ef8e44a6950c6ee24514fb6a5489e51d06f0298?s=96&d=mm&r=g","contentUrl":"https:\/\/secure.gravatar.com\/avatar\/7ce1f28c0c3bbac99ff550b85ef8e44a6950c6ee24514fb6a5489e51d06f0298?s=96&d=mm&r=g","caption":"webdo.tn"},"url":"https:\/\/www.webdo.tn\/fr\/actualite\/author\/webdotn\/"}]}},"_links":{"self":[{"href":"https:\/\/www.webdo.tn\/fr\/wp-json\/wp\/v2\/posts\/178612","targetHints":{"allow":["GET"]}}],"collection":[{"href":"https:\/\/www.webdo.tn\/fr\/wp-json\/wp\/v2\/posts"}],"about":[{"href":"https:\/\/www.webdo.tn\/fr\/wp-json\/wp\/v2\/types\/post"}],"author":[{"embeddable":true,"href":"https:\/\/www.webdo.tn\/fr\/wp-json\/wp\/v2\/users\/3222"}],"replies":[{"embeddable":true,"href":"https:\/\/www.webdo.tn\/fr\/wp-json\/wp\/v2\/comments?post=178612"}],"version-history":[{"count":0,"href":"https:\/\/www.webdo.tn\/fr\/wp-json\/wp\/v2\/posts\/178612\/revisions"}],"wp:featuredmedia":[{"embeddable":true,"href":"https:\/\/www.webdo.tn\/fr\/wp-json\/wp\/v2\/media\/365353"}],"wp:attachment":[{"href":"https:\/\/www.webdo.tn\/fr\/wp-json\/wp\/v2\/media?parent=178612"}],"wp:term":[{"taxonomy":"category","embeddable":true,"href":"https:\/\/www.webdo.tn\/fr\/wp-json\/wp\/v2\/categories?post=178612"},{"taxonomy":"post_tag","embeddable":true,"href":"https:\/\/www.webdo.tn\/fr\/wp-json\/wp\/v2\/tags?post=178612"}],"curies":[{"name":"wp","href":"https:\/\/api.w.org\/{rel}","templated":true}]}}