{"id":178611,"date":"2011-05-30T17:57:00","date_gmt":"2011-05-30T17:57:00","guid":{"rendered":"https:\/\/www.webdo.tn\/fr\/actualite\/blog\/gerard-longuet-en-tunisie-aux-frais-de-ben-ali-un-document-de-latce-lattesterait\/178611\/"},"modified":"2025-06-04T19:11:55","modified_gmt":"2025-06-04T19:11:55","slug":"gerard-longuet-en-tunisie-aux-frais-de-ben-ali-un-document-de-latce-lattesterait","status":"publish","type":"post","link":"https:\/\/www.webdo.tn\/fr\/actualite\/divers\/gerard-longuet-en-tunisie-aux-frais-de-ben-ali-un-document-de-latce-lattesterait\/178611\/","title":{"rendered":"G\u00e9rard Longuet, en Tunisie, aux frais de Ben Ali : un document de l&rsquo;ATCE l&rsquo;attesterait !"},"content":{"rendered":"<p>D&rsquo;apr\u00e8s le site \u00abLes Inrocks\u00bb, G\u00e9rard Longuet, ancien pr\u00e9sident du groupe UMP au S\u00e9nat et actuel ministre fran\u00e7ais de la D\u00e9fense, est venu en Tunisie en 2006 au frais de la princesse, ou plut\u00f4t de Ben Ali, et ce, d&rsquo;apr\u00e8s un document officiel&#8230; tunisien !<\/p>\n<p>Les deux auteurs de l&rsquo;article, \u00e0 savoir Nicolas Beau et Arnaud Muller, qui ne sont pas des inconnus puisqu&rsquo;ils ont \u00e9crit \u00abTunis et Paris : les liaisons dangereuses\u00bb, \u00e9galement pour Nicolas Beau \u00abla R\u00e9gente de Carthage\u00bb, ont mis l&rsquo;accent le fait que G\u00e9rard Longuet avait vol\u00e9 au secours de Mich\u00e8le Alliot-Marie suite \u00e0 l&rsquo;affaire de l&rsquo;avion gratuite d&rsquo;un homme d&rsquo;affaires. Et pour cause ! Longuet n&rsquo;est pas blanc comme neige puisque lui aussi a profit\u00e9 de certaines largesses durant des d\u00e9placements personnels en Tunisie.<\/p>\n<p>C&rsquo;est en se basant sur des documents des archives de&#8230; l&rsquo;Agence tunisienne de communication ext\u00e9rieure (ATCE), que les deux journalistes ont pu suivre l&rsquo;escapade tunisienne de G\u00e9rard Longuet. D&rsquo;ailleurs, ils \u00e9crivent : \u00abG\u00e9rard Longuet est arriv\u00e9 sur les c\u00f4tes tunisiennes \u00e0 bord \u00e0 bord d\u2019un beau voilier de 17 m\u00e8tres de long, le Silver Shadow. (&#8230;) (Il) \u00e9tait accompagn\u00e9 pour cette croisi\u00e8re de Jean-Marc Sylvestre, chroniqueur renomm\u00e9 \u00e0 l\u2019\u00e9poque de LCI et de TF1, avec lequel il part fr\u00e9quemment en bateau. Leurs enfants les accompagnaient.<\/p>\n<p>Ces vacanciers eurent la chance d\u2019amarrer leur voilier dans le joli port de Sidi Bou Sa\u00efd et de s\u00e9journer deux jours dans le superbe palace cinq \u00e9toiles de Gammarth, The Residence. Selon la m\u00eame source (le document de l&rsquo;ATCE), le programme pour recevoir ces h\u00f4tes de marque comprenait une soir\u00e9e au festival de Carthage et un d\u00eener avec le ministre de Affaires \u00e9trang\u00e8res de Ben Ali, Abdelwaheb Abdallah. (&#8230;)\u00bb.<\/p>\n<p>Mais ce n&rsquo;est pas tout puisque le document fait \u00e9tat \u00e9galement du point d&rsquo;honneur du gouvernement Ben Ali \u00ab\u00e0 financer le s\u00e9jour des Fran\u00e7ais\u00bb. D&rsquo;ailleurs Beau et Muller mettent \u00e0 l&rsquo;index le fait qu&rsquo;\u00abOussama Romdhani, directeur G\u00e9n\u00e9ral de l\u2019ATCE, demande aux responsables de l\u2019Office national du tourisme tunisien de : \u00abBien vouloir envisager la possibilit\u00e9 de prise en charge des frais du s\u00e9jour \u00e0 l\u2019h\u00f4tel The Residence \u00e0 Gammarth de monsieur et madame Longuet [madame, in fine, ne participera pas au voyage]. L\u2019ATCE, prendra en charge, par contre, le s\u00e9jour de M. Sylvestre. (\u2026) Dans un autre document, celui-ci en arabe, le directeur de l&rsquo;ATCE demande \u00e0 la direction du port de plaisance de Sidi Bou Sa\u00efd de r\u00e9server une place pour le voilier de G\u00e9rard Longuet et de Jean-Marc Sylvestre, \u00ab\u00a0un ami de notre pays\u00a0\u00bb, pr\u00e9cise la note\u00bb.<\/p>\n<p>Tous les documents qui ont \u00e9t\u00e9 utilis\u00e9s par les deux auteurs pour r\u00e9diger leur articles seront consultables sur le magazine \u00abLes Inrockuptibles\u00bb de ce mercredi.<\/p>\n","protected":false},"excerpt":{"rendered":"<p>G\u00e9rard Longuet, en Tunisie, aux frais de Ben Ali : un document de l&rsquo;ATCE l&rsquo;attesterait !<\/p>\n","protected":false},"author":3222,"featured_media":365357,"comment_status":"open","ping_status":"closed","sticky":false,"template":"","format":"standard","meta":{"footnotes":""},"categories":[2839],"tags":[],"class_list":["post-178611","post","type-post","status-publish","format-standard","has-post-thumbnail","hentry","category-divers"],"yoast_head":"<!-- This site is optimized with the Yoast SEO Premium plugin v27.4 (Yoast SEO v27.5) - https:\/\/yoast.com\/product\/yoast-seo-premium-wordpress\/ -->\n<title>G\u00e9rard Longuet, en Tunisie, aux frais de Ben Ali : un document de l&#039;ATCE l&#039;attesterait !<\/title>\n<meta name=\"description\" content=\"G\u00e9rard Longuet, en Tunisie, aux frais de Ben Ali : un document de l&#039;ATCE l&#039;attesterait !\" \/>\n<link rel=\"canonical\" href=\"https:\/\/www.webdo.tn\/fr\/actualite\/divers\/gerard-longuet-en-tunisie-aux-frais-de-ben-ali-un-document-de-latce-lattesterait\/178611\/\" \/>\n<meta property=\"og:locale\" content=\"fr_FR\" \/>\n<meta property=\"og:type\" content=\"article\" \/>\n<meta property=\"og:title\" content=\"G\u00e9rard Longuet, en Tunisie, aux frais de Ben Ali : un document de l&#039;ATCE l&#039;attesterait !\" \/>\n<meta property=\"og:description\" content=\"G\u00e9rard Longuet, en Tunisie, aux frais de Ben Ali : un document de l&#039;ATCE l&#039;attesterait !\" \/>\n<meta property=\"og:url\" content=\"https:\/\/www.webdo.tn\/fr\/actualite\/divers\/gerard-longuet-en-tunisie-aux-frais-de-ben-ali-un-document-de-latce-lattesterait\/178611\/\" \/>\n<meta property=\"og:site_name\" content=\"webdo\" \/>\n<meta property=\"article:publisher\" content=\"https:\/\/www.facebook.com\/webdotn\" \/>\n<meta property=\"article:published_time\" content=\"2011-05-30T17:57:00+00:00\" \/>\n<meta property=\"article:modified_time\" content=\"2025-06-04T19:11:55+00:00\" \/>\n<meta property=\"og:image\" content=\"https:\/\/www.webdo.tn\/fr\/wp-content\/uploads\/2011\/05\/Gerard-Longuet.jpg\" \/>\n\t<meta property=\"og:image:width\" content=\"219\" \/>\n\t<meta property=\"og:image:height\" content=\"263\" \/>\n\t<meta property=\"og:image:type\" content=\"image\/jpeg\" \/>\n<meta name=\"author\" content=\"webdo.tn\" \/>\n<meta name=\"twitter:card\" content=\"summary_large_image\" \/>\n<meta name=\"twitter:creator\" content=\"@webdo_tn\" \/>\n<meta name=\"twitter:site\" content=\"@webdo_tn\" \/>\n<meta name=\"twitter:label1\" content=\"\u00c9crit par\" \/>\n\t<meta name=\"twitter:data1\" content=\"webdo.tn\" \/>\n\t<meta name=\"twitter:label2\" content=\"Dur\u00e9e de lecture estim\u00e9e\" \/>\n\t<meta name=\"twitter:data2\" content=\"2 minutes\" \/>\n<script type=\"application\/ld+json\" class=\"yoast-schema-graph\">{\"@context\":\"https:\\\/\\\/schema.org\",\"@graph\":[{\"@type\":\"NewsArticle\",\"@id\":\"https:\\\/\\\/www.webdo.tn\\\/fr\\\/actualite\\\/divers\\\/gerard-longuet-en-tunisie-aux-frais-de-ben-ali-un-document-de-latce-lattesterait\\\/178611\\\/#article\",\"isPartOf\":{\"@id\":\"https:\\\/\\\/www.webdo.tn\\\/fr\\\/actualite\\\/divers\\\/gerard-longuet-en-tunisie-aux-frais-de-ben-ali-un-document-de-latce-lattesterait\\\/178611\\\/\"},\"author\":{\"name\":\"webdo.tn\",\"@id\":\"https:\\\/\\\/www.webdo.tn\\\/fr\\\/#\\\/schema\\\/person\\\/9a9c6118d687c117df8ef3cc36a4d175\"},\"headline\":\"G\u00e9rard Longuet, en Tunisie, aux frais de Ben Ali : un document de l&rsquo;ATCE l&rsquo;attesterait !\",\"datePublished\":\"2011-05-30T17:57:00+00:00\",\"dateModified\":\"2025-06-04T19:11:55+00:00\",\"mainEntityOfPage\":{\"@id\":\"https:\\\/\\\/www.webdo.tn\\\/fr\\\/actualite\\\/divers\\\/gerard-longuet-en-tunisie-aux-frais-de-ben-ali-un-document-de-latce-lattesterait\\\/178611\\\/\"},\"wordCount\":511,\"commentCount\":0,\"publisher\":{\"@id\":\"https:\\\/\\\/www.webdo.tn\\\/fr\\\/#organization\"},\"image\":{\"@id\":\"https:\\\/\\\/www.webdo.tn\\\/fr\\\/actualite\\\/divers\\\/gerard-longuet-en-tunisie-aux-frais-de-ben-ali-un-document-de-latce-lattesterait\\\/178611\\\/#primaryimage\"},\"thumbnailUrl\":\"https:\\\/\\\/www.webdo.tn\\\/fr\\\/wp-content\\\/uploads\\\/2011\\\/05\\\/Gerard-Longuet.jpg\",\"articleSection\":[\"Divers\"],\"inLanguage\":\"fr-FR\"},{\"@type\":\"WebPage\",\"@id\":\"https:\\\/\\\/www.webdo.tn\\\/fr\\\/actualite\\\/divers\\\/gerard-longuet-en-tunisie-aux-frais-de-ben-ali-un-document-de-latce-lattesterait\\\/178611\\\/\",\"url\":\"https:\\\/\\\/www.webdo.tn\\\/fr\\\/actualite\\\/divers\\\/gerard-longuet-en-tunisie-aux-frais-de-ben-ali-un-document-de-latce-lattesterait\\\/178611\\\/\",\"name\":\"G\u00e9rard Longuet, en Tunisie, aux frais de Ben Ali : un document de l'ATCE l'attesterait !\",\"isPartOf\":{\"@id\":\"https:\\\/\\\/www.webdo.tn\\\/fr\\\/#website\"},\"primaryImageOfPage\":{\"@id\":\"https:\\\/\\\/www.webdo.tn\\\/fr\\\/actualite\\\/divers\\\/gerard-longuet-en-tunisie-aux-frais-de-ben-ali-un-document-de-latce-lattesterait\\\/178611\\\/#primaryimage\"},\"image\":{\"@id\":\"https:\\\/\\\/www.webdo.tn\\\/fr\\\/actualite\\\/divers\\\/gerard-longuet-en-tunisie-aux-frais-de-ben-ali-un-document-de-latce-lattesterait\\\/178611\\\/#primaryimage\"},\"thumbnailUrl\":\"https:\\\/\\\/www.webdo.tn\\\/fr\\\/wp-content\\\/uploads\\\/2011\\\/05\\\/Gerard-Longuet.jpg\",\"datePublished\":\"2011-05-30T17:57:00+00:00\",\"dateModified\":\"2025-06-04T19:11:55+00:00\",\"description\":\"G\u00e9rard Longuet, en Tunisie, aux frais de Ben Ali : un document de l'ATCE l'attesterait !\",\"breadcrumb\":{\"@id\":\"https:\\\/\\\/www.webdo.tn\\\/fr\\\/actualite\\\/divers\\\/gerard-longuet-en-tunisie-aux-frais-de-ben-ali-un-document-de-latce-lattesterait\\\/178611\\\/#breadcrumb\"},\"inLanguage\":\"fr-FR\",\"potentialAction\":[{\"@type\":\"ReadAction\",\"target\":[\"https:\\\/\\\/www.webdo.tn\\\/fr\\\/actualite\\\/divers\\\/gerard-longuet-en-tunisie-aux-frais-de-ben-ali-un-document-de-latce-lattesterait\\\/178611\\\/\"]}]},{\"@type\":\"ImageObject\",\"inLanguage\":\"fr-FR\",\"@id\":\"https:\\\/\\\/www.webdo.tn\\\/fr\\\/actualite\\\/divers\\\/gerard-longuet-en-tunisie-aux-frais-de-ben-ali-un-document-de-latce-lattesterait\\\/178611\\\/#primaryimage\",\"url\":\"https:\\\/\\\/www.webdo.tn\\\/fr\\\/wp-content\\\/uploads\\\/2011\\\/05\\\/Gerard-Longuet.jpg\",\"contentUrl\":\"https:\\\/\\\/www.webdo.tn\\\/fr\\\/wp-content\\\/uploads\\\/2011\\\/05\\\/Gerard-Longuet.jpg\",\"width\":219,\"height\":263,\"caption\":\"G\u00e9rard Longuet, en Tunisie, aux frais de Ben Ali : un document de l'ATCE l'attesterait !\"},{\"@type\":\"BreadcrumbList\",\"@id\":\"https:\\\/\\\/www.webdo.tn\\\/fr\\\/actualite\\\/divers\\\/gerard-longuet-en-tunisie-aux-frais-de-ben-ali-un-document-de-latce-lattesterait\\\/178611\\\/#breadcrumb\",\"itemListElement\":[{\"@type\":\"ListItem\",\"position\":1,\"name\":\"Accueil\",\"item\":\"https:\\\/\\\/www.webdo.tn\\\/fr\\\/\"},{\"@type\":\"ListItem\",\"position\":2,\"name\":\"G\u00e9rard Longuet, en Tunisie, aux frais de Ben Ali : un document de l&rsquo;ATCE l&rsquo;attesterait !\"}]},{\"@type\":\"WebSite\",\"@id\":\"https:\\\/\\\/www.webdo.tn\\\/fr\\\/#website\",\"url\":\"https:\\\/\\\/www.webdo.tn\\\/fr\\\/\",\"name\":\"webdo\",\"description\":\"Tunisie - News en Tunisie et \u00e0 l&#039;international sur Webdo.tn\",\"publisher\":{\"@id\":\"https:\\\/\\\/www.webdo.tn\\\/fr\\\/#organization\"},\"potentialAction\":[{\"@type\":\"SearchAction\",\"target\":{\"@type\":\"EntryPoint\",\"urlTemplate\":\"https:\\\/\\\/www.webdo.tn\\\/fr\\\/?s={search_term_string}\"},\"query-input\":{\"@type\":\"PropertyValueSpecification\",\"valueRequired\":true,\"valueName\":\"search_term_string\"}}],\"inLanguage\":\"fr-FR\"},{\"@type\":\"Organization\",\"@id\":\"https:\\\/\\\/www.webdo.tn\\\/fr\\\/#organization\",\"name\":\"Webdo\",\"alternateName\":\"Webdo.tn\",\"url\":\"https:\\\/\\\/www.webdo.tn\\\/fr\\\/\",\"logo\":{\"@type\":\"ImageObject\",\"inLanguage\":\"fr-FR\",\"@id\":\"https:\\\/\\\/www.webdo.tn\\\/fr\\\/#\\\/schema\\\/logo\\\/image\\\/\",\"url\":\"https:\\\/\\\/www.webdo.tn\\\/fr\\\/wp-content\\\/uploads\\\/2025\\\/06\\\/Webdo-Tunisie_168377.jpg\",\"contentUrl\":\"https:\\\/\\\/www.webdo.tn\\\/fr\\\/wp-content\\\/uploads\\\/2025\\\/06\\\/Webdo-Tunisie_168377.jpg\",\"width\":301,\"height\":301,\"caption\":\"Webdo\"},\"image\":{\"@id\":\"https:\\\/\\\/www.webdo.tn\\\/fr\\\/#\\\/schema\\\/logo\\\/image\\\/\"},\"sameAs\":[\"https:\\\/\\\/www.facebook.com\\\/webdotn\",\"https:\\\/\\\/x.com\\\/webdo_tn\"],\"description\":\"Webdo est un m\u00e9dia num\u00e9rique tunisien fond\u00e9 en 2010, sp\u00e9cialis\u00e9 dans l\u2019actualit\u00e9 nationale et internationale, l\u2019\u00e9conomie, la soci\u00e9t\u00e9 et les analyses politiques. Le site s\u2019adresse \u00e0 un large public francophone et couvre l\u2019information tunisienne en temps r\u00e9el.\",\"email\":\"redac@webdo.tn\",\"legalName\":\"YNJ SARL\",\"foundingDate\":\"2010-09-06\",\"numberOfEmployees\":{\"@type\":\"QuantitativeValue\",\"minValue\":\"11\",\"maxValue\":\"50\"}},{\"@type\":\"Person\",\"@id\":\"https:\\\/\\\/www.webdo.tn\\\/fr\\\/#\\\/schema\\\/person\\\/9a9c6118d687c117df8ef3cc36a4d175\",\"name\":\"webdo.tn\",\"image\":{\"@type\":\"ImageObject\",\"inLanguage\":\"fr-FR\",\"@id\":\"https:\\\/\\\/secure.gravatar.com\\\/avatar\\\/7ce1f28c0c3bbac99ff550b85ef8e44a6950c6ee24514fb6a5489e51d06f0298?s=96&d=mm&r=g\",\"url\":\"https:\\\/\\\/secure.gravatar.com\\\/avatar\\\/7ce1f28c0c3bbac99ff550b85ef8e44a6950c6ee24514fb6a5489e51d06f0298?s=96&d=mm&r=g\",\"contentUrl\":\"https:\\\/\\\/secure.gravatar.com\\\/avatar\\\/7ce1f28c0c3bbac99ff550b85ef8e44a6950c6ee24514fb6a5489e51d06f0298?s=96&d=mm&r=g\",\"caption\":\"webdo.tn\"},\"url\":\"https:\\\/\\\/www.webdo.tn\\\/fr\\\/actualite\\\/author\\\/webdotn\\\/\"}]}<\/script>\n<!-- \/ Yoast SEO Premium plugin. -->","yoast_head_json":{"title":"G\u00e9rard Longuet, en Tunisie, aux frais de Ben Ali : un document de l'ATCE l'attesterait !","description":"G\u00e9rard Longuet, en Tunisie, aux frais de Ben Ali : un document de l'ATCE l'attesterait !","canonical":"https:\/\/www.webdo.tn\/fr\/actualite\/divers\/gerard-longuet-en-tunisie-aux-frais-de-ben-ali-un-document-de-latce-lattesterait\/178611\/","og_locale":"fr_FR","og_type":"article","og_title":"G\u00e9rard Longuet, en Tunisie, aux frais de Ben Ali : un document de l'ATCE l'attesterait !","og_description":"G\u00e9rard Longuet, en Tunisie, aux frais de Ben Ali : un document de l'ATCE l'attesterait !","og_url":"https:\/\/www.webdo.tn\/fr\/actualite\/divers\/gerard-longuet-en-tunisie-aux-frais-de-ben-ali-un-document-de-latce-lattesterait\/178611\/","og_site_name":"webdo","article_publisher":"https:\/\/www.facebook.com\/webdotn","article_published_time":"2011-05-30T17:57:00+00:00","article_modified_time":"2025-06-04T19:11:55+00:00","og_image":[{"width":219,"height":263,"url":"https:\/\/www.webdo.tn\/fr\/wp-content\/uploads\/2011\/05\/Gerard-Longuet.jpg","type":"image\/jpeg"}],"author":"webdo.tn","twitter_card":"summary_large_image","twitter_creator":"@webdo_tn","twitter_site":"@webdo_tn","twitter_misc":{"\u00c9crit par":"webdo.tn","Dur\u00e9e de lecture estim\u00e9e":"2 minutes"},"schema":{"@context":"https:\/\/schema.org","@graph":[{"@type":"NewsArticle","@id":"https:\/\/www.webdo.tn\/fr\/actualite\/divers\/gerard-longuet-en-tunisie-aux-frais-de-ben-ali-un-document-de-latce-lattesterait\/178611\/#article","isPartOf":{"@id":"https:\/\/www.webdo.tn\/fr\/actualite\/divers\/gerard-longuet-en-tunisie-aux-frais-de-ben-ali-un-document-de-latce-lattesterait\/178611\/"},"author":{"name":"webdo.tn","@id":"https:\/\/www.webdo.tn\/fr\/#\/schema\/person\/9a9c6118d687c117df8ef3cc36a4d175"},"headline":"G\u00e9rard Longuet, en Tunisie, aux frais de Ben Ali : un document de l&rsquo;ATCE l&rsquo;attesterait !","datePublished":"2011-05-30T17:57:00+00:00","dateModified":"2025-06-04T19:11:55+00:00","mainEntityOfPage":{"@id":"https:\/\/www.webdo.tn\/fr\/actualite\/divers\/gerard-longuet-en-tunisie-aux-frais-de-ben-ali-un-document-de-latce-lattesterait\/178611\/"},"wordCount":511,"commentCount":0,"publisher":{"@id":"https:\/\/www.webdo.tn\/fr\/#organization"},"image":{"@id":"https:\/\/www.webdo.tn\/fr\/actualite\/divers\/gerard-longuet-en-tunisie-aux-frais-de-ben-ali-un-document-de-latce-lattesterait\/178611\/#primaryimage"},"thumbnailUrl":"https:\/\/www.webdo.tn\/fr\/wp-content\/uploads\/2011\/05\/Gerard-Longuet.jpg","articleSection":["Divers"],"inLanguage":"fr-FR"},{"@type":"WebPage","@id":"https:\/\/www.webdo.tn\/fr\/actualite\/divers\/gerard-longuet-en-tunisie-aux-frais-de-ben-ali-un-document-de-latce-lattesterait\/178611\/","url":"https:\/\/www.webdo.tn\/fr\/actualite\/divers\/gerard-longuet-en-tunisie-aux-frais-de-ben-ali-un-document-de-latce-lattesterait\/178611\/","name":"G\u00e9rard Longuet, en Tunisie, aux frais de Ben Ali : un document de l'ATCE l'attesterait !","isPartOf":{"@id":"https:\/\/www.webdo.tn\/fr\/#website"},"primaryImageOfPage":{"@id":"https:\/\/www.webdo.tn\/fr\/actualite\/divers\/gerard-longuet-en-tunisie-aux-frais-de-ben-ali-un-document-de-latce-lattesterait\/178611\/#primaryimage"},"image":{"@id":"https:\/\/www.webdo.tn\/fr\/actualite\/divers\/gerard-longuet-en-tunisie-aux-frais-de-ben-ali-un-document-de-latce-lattesterait\/178611\/#primaryimage"},"thumbnailUrl":"https:\/\/www.webdo.tn\/fr\/wp-content\/uploads\/2011\/05\/Gerard-Longuet.jpg","datePublished":"2011-05-30T17:57:00+00:00","dateModified":"2025-06-04T19:11:55+00:00","description":"G\u00e9rard Longuet, en Tunisie, aux frais de Ben Ali : un document de l'ATCE l'attesterait !","breadcrumb":{"@id":"https:\/\/www.webdo.tn\/fr\/actualite\/divers\/gerard-longuet-en-tunisie-aux-frais-de-ben-ali-un-document-de-latce-lattesterait\/178611\/#breadcrumb"},"inLanguage":"fr-FR","potentialAction":[{"@type":"ReadAction","target":["https:\/\/www.webdo.tn\/fr\/actualite\/divers\/gerard-longuet-en-tunisie-aux-frais-de-ben-ali-un-document-de-latce-lattesterait\/178611\/"]}]},{"@type":"ImageObject","inLanguage":"fr-FR","@id":"https:\/\/www.webdo.tn\/fr\/actualite\/divers\/gerard-longuet-en-tunisie-aux-frais-de-ben-ali-un-document-de-latce-lattesterait\/178611\/#primaryimage","url":"https:\/\/www.webdo.tn\/fr\/wp-content\/uploads\/2011\/05\/Gerard-Longuet.jpg","contentUrl":"https:\/\/www.webdo.tn\/fr\/wp-content\/uploads\/2011\/05\/Gerard-Longuet.jpg","width":219,"height":263,"caption":"G\u00e9rard Longuet, en Tunisie, aux frais de Ben Ali : un document de l'ATCE l'attesterait !"},{"@type":"BreadcrumbList","@id":"https:\/\/www.webdo.tn\/fr\/actualite\/divers\/gerard-longuet-en-tunisie-aux-frais-de-ben-ali-un-document-de-latce-lattesterait\/178611\/#breadcrumb","itemListElement":[{"@type":"ListItem","position":1,"name":"Accueil","item":"https:\/\/www.webdo.tn\/fr\/"},{"@type":"ListItem","position":2,"name":"G\u00e9rard Longuet, en Tunisie, aux frais de Ben Ali : un document de l&rsquo;ATCE l&rsquo;attesterait !"}]},{"@type":"WebSite","@id":"https:\/\/www.webdo.tn\/fr\/#website","url":"https:\/\/www.webdo.tn\/fr\/","name":"webdo","description":"Tunisie - News en Tunisie et \u00e0 l&#039;international sur Webdo.tn","publisher":{"@id":"https:\/\/www.webdo.tn\/fr\/#organization"},"potentialAction":[{"@type":"SearchAction","target":{"@type":"EntryPoint","urlTemplate":"https:\/\/www.webdo.tn\/fr\/?s={search_term_string}"},"query-input":{"@type":"PropertyValueSpecification","valueRequired":true,"valueName":"search_term_string"}}],"inLanguage":"fr-FR"},{"@type":"Organization","@id":"https:\/\/www.webdo.tn\/fr\/#organization","name":"Webdo","alternateName":"Webdo.tn","url":"https:\/\/www.webdo.tn\/fr\/","logo":{"@type":"ImageObject","inLanguage":"fr-FR","@id":"https:\/\/www.webdo.tn\/fr\/#\/schema\/logo\/image\/","url":"https:\/\/www.webdo.tn\/fr\/wp-content\/uploads\/2025\/06\/Webdo-Tunisie_168377.jpg","contentUrl":"https:\/\/www.webdo.tn\/fr\/wp-content\/uploads\/2025\/06\/Webdo-Tunisie_168377.jpg","width":301,"height":301,"caption":"Webdo"},"image":{"@id":"https:\/\/www.webdo.tn\/fr\/#\/schema\/logo\/image\/"},"sameAs":["https:\/\/www.facebook.com\/webdotn","https:\/\/x.com\/webdo_tn"],"description":"Webdo est un m\u00e9dia num\u00e9rique tunisien fond\u00e9 en 2010, sp\u00e9cialis\u00e9 dans l\u2019actualit\u00e9 nationale et internationale, l\u2019\u00e9conomie, la soci\u00e9t\u00e9 et les analyses politiques. Le site s\u2019adresse \u00e0 un large public francophone et couvre l\u2019information tunisienne en temps r\u00e9el.","email":"redac@webdo.tn","legalName":"YNJ SARL","foundingDate":"2010-09-06","numberOfEmployees":{"@type":"QuantitativeValue","minValue":"11","maxValue":"50"}},{"@type":"Person","@id":"https:\/\/www.webdo.tn\/fr\/#\/schema\/person\/9a9c6118d687c117df8ef3cc36a4d175","name":"webdo.tn","image":{"@type":"ImageObject","inLanguage":"fr-FR","@id":"https:\/\/secure.gravatar.com\/avatar\/7ce1f28c0c3bbac99ff550b85ef8e44a6950c6ee24514fb6a5489e51d06f0298?s=96&d=mm&r=g","url":"https:\/\/secure.gravatar.com\/avatar\/7ce1f28c0c3bbac99ff550b85ef8e44a6950c6ee24514fb6a5489e51d06f0298?s=96&d=mm&r=g","contentUrl":"https:\/\/secure.gravatar.com\/avatar\/7ce1f28c0c3bbac99ff550b85ef8e44a6950c6ee24514fb6a5489e51d06f0298?s=96&d=mm&r=g","caption":"webdo.tn"},"url":"https:\/\/www.webdo.tn\/fr\/actualite\/author\/webdotn\/"}]}},"_links":{"self":[{"href":"https:\/\/www.webdo.tn\/fr\/wp-json\/wp\/v2\/posts\/178611","targetHints":{"allow":["GET"]}}],"collection":[{"href":"https:\/\/www.webdo.tn\/fr\/wp-json\/wp\/v2\/posts"}],"about":[{"href":"https:\/\/www.webdo.tn\/fr\/wp-json\/wp\/v2\/types\/post"}],"author":[{"embeddable":true,"href":"https:\/\/www.webdo.tn\/fr\/wp-json\/wp\/v2\/users\/3222"}],"replies":[{"embeddable":true,"href":"https:\/\/www.webdo.tn\/fr\/wp-json\/wp\/v2\/comments?post=178611"}],"version-history":[{"count":0,"href":"https:\/\/www.webdo.tn\/fr\/wp-json\/wp\/v2\/posts\/178611\/revisions"}],"wp:featuredmedia":[{"embeddable":true,"href":"https:\/\/www.webdo.tn\/fr\/wp-json\/wp\/v2\/media\/365357"}],"wp:attachment":[{"href":"https:\/\/www.webdo.tn\/fr\/wp-json\/wp\/v2\/media?parent=178611"}],"wp:term":[{"taxonomy":"category","embeddable":true,"href":"https:\/\/www.webdo.tn\/fr\/wp-json\/wp\/v2\/categories?post=178611"},{"taxonomy":"post_tag","embeddable":true,"href":"https:\/\/www.webdo.tn\/fr\/wp-json\/wp\/v2\/tags?post=178611"}],"curies":[{"name":"wp","href":"https:\/\/api.w.org\/{rel}","templated":true}]}}