{"id":178610,"date":"2011-05-31T12:53:00","date_gmt":"2011-05-31T12:53:00","guid":{"rendered":"https:\/\/www.webdo.tn\/fr\/actualite\/blog\/zaghouan-quand-des-agents-de-la-garde-nationale-sauvent-leur-collegue-de-la-justice\/178610\/"},"modified":"2011-05-31T12:53:00","modified_gmt":"2011-05-31T12:53:00","slug":"zaghouan-quand-des-agents-de-la-garde-nationale-sauvent-leur-collegue-de-la-justice","status":"publish","type":"post","link":"https:\/\/www.webdo.tn\/fr\/actualite\/divers\/zaghouan-quand-des-agents-de-la-garde-nationale-sauvent-leur-collegue-de-la-justice\/178610\/","title":{"rendered":"Zaghouan : quand des agents de la Garde nationale \u00ab\u00a0sauvent\u00a0\u00bb leur coll\u00e8gue de la justice&#8230;"},"content":{"rendered":"<p>Selon Al Masdar, version arabe du site d\u2019information webmanagercenter, un \u00e9v\u00e9nement aussi surprenant que dangereux s\u2019est d\u00e9roul\u00e9 \u00e0 Zaghouan, samedi dernier.<\/p>\n<p>Le tribunal de premi\u00e8re instance de Zaghouan qui a \u00e9t\u00e9 le th\u00e9\u00e2tre d\u2019une entr\u00e9e  muscl\u00e9e de la part d&rsquo;agents et de cadres de la Garde nationale. Ces derniers ont d\u00e9cid\u00e9 d&rsquo;utiliser la force pour lib\u00e9rer un coll\u00e8gue, capitaine, suspect\u00e9 d\u2019homicide sur un jeune homme de la r\u00e9gion du Fahs.<\/p>\n<p>Le juge avait ordonn\u00e9 l\u2019ouverture d\u2019une enqu\u00eate contre ce suspect, mais c\u2019\u00e9tait donc sans compter sur les coll\u00e8gues de ce dernier qui ont appliqu\u00e9 leur propre justice.<\/p>\n<p>Toujours selon Al Masdar, ces personnes ont inform\u00e9 l\u2019administration centrale de la Garde nationale de tout ce qui s\u2019\u00e9tait pass\u00e9.<\/p>\n<p>Contact\u00e9 \u00e0 ce sujet, le minist\u00e8re de la Justice confirme l&rsquo;affaire et nous pr\u00e9cise qu&rsquo;un mandat d&rsquo;arr\u00eat a \u00e9t\u00e9 lanc\u00e9 contre \u00ab\u00a0le capitaine \u00ab\u00a0qui a fini par retourner aux ge\u00f4les de Zaghouan le jour m\u00eame.<\/p>\n","protected":false},"excerpt":{"rendered":"<p>Zaghouan : quand des agents de la Garde nationale  sauvent  leur coll\u00e8gue de la justice&#8230;<\/p>\n","protected":false},"author":3222,"featured_media":376290,"comment_status":"open","ping_status":"closed","sticky":false,"template":"","format":"standard","meta":{"footnotes":""},"categories":[2839],"tags":[],"class_list":["post-178610","post","type-post","status-publish","format-standard","has-post-thumbnail","hentry","category-divers"],"yoast_head":"<!-- This site is optimized with the Yoast SEO Premium plugin v27.4 (Yoast SEO v27.5) - https:\/\/yoast.com\/product\/yoast-seo-premium-wordpress\/ -->\n<title>Zaghouan : quand des agents de la Garde nationale sauvent leur coll\u00e8gue de la justice...<\/title>\n<meta name=\"description\" content=\"Zaghouan : quand des agents de la Garde nationale sauvent leur coll\u00e8gue de la justice...\" \/>\n<link rel=\"canonical\" href=\"https:\/\/www.webdo.tn\/fr\/actualite\/divers\/zaghouan-quand-des-agents-de-la-garde-nationale-sauvent-leur-collegue-de-la-justice\/178610\/\" \/>\n<meta property=\"og:locale\" content=\"fr_FR\" \/>\n<meta property=\"og:type\" content=\"article\" \/>\n<meta property=\"og:title\" content=\"Zaghouan : quand des agents de la Garde nationale &quot;sauvent&quot; leur coll\u00e8gue de la justice...\" \/>\n<meta property=\"og:description\" content=\"Zaghouan : quand des agents de la Garde nationale sauvent leur coll\u00e8gue de la justice...\" \/>\n<meta property=\"og:url\" content=\"https:\/\/www.webdo.tn\/fr\/actualite\/divers\/zaghouan-quand-des-agents-de-la-garde-nationale-sauvent-leur-collegue-de-la-justice\/178610\/\" \/>\n<meta property=\"og:site_name\" content=\"webdo\" \/>\n<meta property=\"article:publisher\" content=\"https:\/\/www.facebook.com\/webdotn\" \/>\n<meta property=\"article:published_time\" content=\"2011-05-31T12:53:00+00:00\" \/>\n<meta name=\"author\" content=\"webdo.tn\" \/>\n<meta name=\"twitter:card\" content=\"summary_large_image\" \/>\n<meta name=\"twitter:creator\" content=\"@webdo_tn\" \/>\n<meta name=\"twitter:site\" content=\"@webdo_tn\" \/>\n<meta name=\"twitter:label1\" content=\"\u00c9crit par\" \/>\n\t<meta name=\"twitter:data1\" content=\"webdo.tn\" \/>\n\t<meta name=\"twitter:label2\" content=\"Dur\u00e9e de lecture estim\u00e9e\" \/>\n\t<meta name=\"twitter:data2\" content=\"1 minute\" \/>\n<script type=\"application\/ld+json\" class=\"yoast-schema-graph\">{\"@context\":\"https:\\\/\\\/schema.org\",\"@graph\":[{\"@type\":\"NewsArticle\",\"@id\":\"https:\\\/\\\/www.webdo.tn\\\/fr\\\/actualite\\\/divers\\\/zaghouan-quand-des-agents-de-la-garde-nationale-sauvent-leur-collegue-de-la-justice\\\/178610\\\/#article\",\"isPartOf\":{\"@id\":\"https:\\\/\\\/www.webdo.tn\\\/fr\\\/actualite\\\/divers\\\/zaghouan-quand-des-agents-de-la-garde-nationale-sauvent-leur-collegue-de-la-justice\\\/178610\\\/\"},\"author\":{\"name\":\"webdo.tn\",\"@id\":\"https:\\\/\\\/www.webdo.tn\\\/fr\\\/#\\\/schema\\\/person\\\/9a9c6118d687c117df8ef3cc36a4d175\"},\"headline\":\"Zaghouan : quand des agents de la Garde nationale \u00ab\u00a0sauvent\u00a0\u00bb leur coll\u00e8gue de la justice&#8230;\",\"datePublished\":\"2011-05-31T12:53:00+00:00\",\"mainEntityOfPage\":{\"@id\":\"https:\\\/\\\/www.webdo.tn\\\/fr\\\/actualite\\\/divers\\\/zaghouan-quand-des-agents-de-la-garde-nationale-sauvent-leur-collegue-de-la-justice\\\/178610\\\/\"},\"wordCount\":196,\"commentCount\":0,\"publisher\":{\"@id\":\"https:\\\/\\\/www.webdo.tn\\\/fr\\\/#organization\"},\"image\":{\"@id\":\"https:\\\/\\\/www.webdo.tn\\\/fr\\\/actualite\\\/divers\\\/zaghouan-quand-des-agents-de-la-garde-nationale-sauvent-leur-collegue-de-la-justice\\\/178610\\\/#primaryimage\"},\"thumbnailUrl\":\"https:\\\/\\\/www.webdo.tn\\\/fr\\\/wp-content\\\/uploads\\\/2025\\\/06\\\/FireShot-Capture-1063-webdo_default-53-750x375.jpg-750\u00d7375-www.webdo_.tn_.png\",\"articleSection\":[\"Divers\"],\"inLanguage\":\"fr-FR\"},{\"@type\":\"WebPage\",\"@id\":\"https:\\\/\\\/www.webdo.tn\\\/fr\\\/actualite\\\/divers\\\/zaghouan-quand-des-agents-de-la-garde-nationale-sauvent-leur-collegue-de-la-justice\\\/178610\\\/\",\"url\":\"https:\\\/\\\/www.webdo.tn\\\/fr\\\/actualite\\\/divers\\\/zaghouan-quand-des-agents-de-la-garde-nationale-sauvent-leur-collegue-de-la-justice\\\/178610\\\/\",\"name\":\"Zaghouan : quand des agents de la Garde nationale sauvent leur coll\u00e8gue de la justice...\",\"isPartOf\":{\"@id\":\"https:\\\/\\\/www.webdo.tn\\\/fr\\\/#website\"},\"primaryImageOfPage\":{\"@id\":\"https:\\\/\\\/www.webdo.tn\\\/fr\\\/actualite\\\/divers\\\/zaghouan-quand-des-agents-de-la-garde-nationale-sauvent-leur-collegue-de-la-justice\\\/178610\\\/#primaryimage\"},\"image\":{\"@id\":\"https:\\\/\\\/www.webdo.tn\\\/fr\\\/actualite\\\/divers\\\/zaghouan-quand-des-agents-de-la-garde-nationale-sauvent-leur-collegue-de-la-justice\\\/178610\\\/#primaryimage\"},\"thumbnailUrl\":\"https:\\\/\\\/www.webdo.tn\\\/fr\\\/wp-content\\\/uploads\\\/2025\\\/06\\\/FireShot-Capture-1063-webdo_default-53-750x375.jpg-750\u00d7375-www.webdo_.tn_.png\",\"datePublished\":\"2011-05-31T12:53:00+00:00\",\"description\":\"Zaghouan : quand des agents de la Garde nationale sauvent leur coll\u00e8gue de la justice...\",\"breadcrumb\":{\"@id\":\"https:\\\/\\\/www.webdo.tn\\\/fr\\\/actualite\\\/divers\\\/zaghouan-quand-des-agents-de-la-garde-nationale-sauvent-leur-collegue-de-la-justice\\\/178610\\\/#breadcrumb\"},\"inLanguage\":\"fr-FR\",\"potentialAction\":[{\"@type\":\"ReadAction\",\"target\":[\"https:\\\/\\\/www.webdo.tn\\\/fr\\\/actualite\\\/divers\\\/zaghouan-quand-des-agents-de-la-garde-nationale-sauvent-leur-collegue-de-la-justice\\\/178610\\\/\"]}]},{\"@type\":\"ImageObject\",\"inLanguage\":\"fr-FR\",\"@id\":\"https:\\\/\\\/www.webdo.tn\\\/fr\\\/actualite\\\/divers\\\/zaghouan-quand-des-agents-de-la-garde-nationale-sauvent-leur-collegue-de-la-justice\\\/178610\\\/#primaryimage\",\"url\":\"https:\\\/\\\/www.webdo.tn\\\/fr\\\/wp-content\\\/uploads\\\/2025\\\/06\\\/FireShot-Capture-1063-webdo_default-53-750x375.jpg-750\u00d7375-www.webdo_.tn_.png\",\"contentUrl\":\"https:\\\/\\\/www.webdo.tn\\\/fr\\\/wp-content\\\/uploads\\\/2025\\\/06\\\/FireShot-Capture-1063-webdo_default-53-750x375.jpg-750\u00d7375-www.webdo_.tn_.png\",\"width\":746,\"height\":371},{\"@type\":\"BreadcrumbList\",\"@id\":\"https:\\\/\\\/www.webdo.tn\\\/fr\\\/actualite\\\/divers\\\/zaghouan-quand-des-agents-de-la-garde-nationale-sauvent-leur-collegue-de-la-justice\\\/178610\\\/#breadcrumb\",\"itemListElement\":[{\"@type\":\"ListItem\",\"position\":1,\"name\":\"Accueil\",\"item\":\"https:\\\/\\\/www.webdo.tn\\\/fr\\\/\"},{\"@type\":\"ListItem\",\"position\":2,\"name\":\"Zaghouan : quand des agents de la Garde nationale \u00ab\u00a0sauvent\u00a0\u00bb leur coll\u00e8gue de la justice&#8230;\"}]},{\"@type\":\"WebSite\",\"@id\":\"https:\\\/\\\/www.webdo.tn\\\/fr\\\/#website\",\"url\":\"https:\\\/\\\/www.webdo.tn\\\/fr\\\/\",\"name\":\"webdo\",\"description\":\"Tunisie - News en Tunisie et \u00e0 l&#039;international sur Webdo.tn\",\"publisher\":{\"@id\":\"https:\\\/\\\/www.webdo.tn\\\/fr\\\/#organization\"},\"potentialAction\":[{\"@type\":\"SearchAction\",\"target\":{\"@type\":\"EntryPoint\",\"urlTemplate\":\"https:\\\/\\\/www.webdo.tn\\\/fr\\\/?s={search_term_string}\"},\"query-input\":{\"@type\":\"PropertyValueSpecification\",\"valueRequired\":true,\"valueName\":\"search_term_string\"}}],\"inLanguage\":\"fr-FR\"},{\"@type\":\"Organization\",\"@id\":\"https:\\\/\\\/www.webdo.tn\\\/fr\\\/#organization\",\"name\":\"Webdo\",\"alternateName\":\"Webdo.tn\",\"url\":\"https:\\\/\\\/www.webdo.tn\\\/fr\\\/\",\"logo\":{\"@type\":\"ImageObject\",\"inLanguage\":\"fr-FR\",\"@id\":\"https:\\\/\\\/www.webdo.tn\\\/fr\\\/#\\\/schema\\\/logo\\\/image\\\/\",\"url\":\"https:\\\/\\\/www.webdo.tn\\\/fr\\\/wp-content\\\/uploads\\\/2025\\\/06\\\/Webdo-Tunisie_168377.jpg\",\"contentUrl\":\"https:\\\/\\\/www.webdo.tn\\\/fr\\\/wp-content\\\/uploads\\\/2025\\\/06\\\/Webdo-Tunisie_168377.jpg\",\"width\":301,\"height\":301,\"caption\":\"Webdo\"},\"image\":{\"@id\":\"https:\\\/\\\/www.webdo.tn\\\/fr\\\/#\\\/schema\\\/logo\\\/image\\\/\"},\"sameAs\":[\"https:\\\/\\\/www.facebook.com\\\/webdotn\",\"https:\\\/\\\/x.com\\\/webdo_tn\"],\"description\":\"Webdo est un m\u00e9dia num\u00e9rique tunisien fond\u00e9 en 2010, sp\u00e9cialis\u00e9 dans l\u2019actualit\u00e9 nationale et internationale, l\u2019\u00e9conomie, la soci\u00e9t\u00e9 et les analyses politiques. Le site s\u2019adresse \u00e0 un large public francophone et couvre l\u2019information tunisienne en temps r\u00e9el.\",\"email\":\"redac@webdo.tn\",\"legalName\":\"YNJ SARL\",\"foundingDate\":\"2010-09-06\",\"numberOfEmployees\":{\"@type\":\"QuantitativeValue\",\"minValue\":\"11\",\"maxValue\":\"50\"}},{\"@type\":\"Person\",\"@id\":\"https:\\\/\\\/www.webdo.tn\\\/fr\\\/#\\\/schema\\\/person\\\/9a9c6118d687c117df8ef3cc36a4d175\",\"name\":\"webdo.tn\",\"image\":{\"@type\":\"ImageObject\",\"inLanguage\":\"fr-FR\",\"@id\":\"https:\\\/\\\/secure.gravatar.com\\\/avatar\\\/7ce1f28c0c3bbac99ff550b85ef8e44a6950c6ee24514fb6a5489e51d06f0298?s=96&d=mm&r=g\",\"url\":\"https:\\\/\\\/secure.gravatar.com\\\/avatar\\\/7ce1f28c0c3bbac99ff550b85ef8e44a6950c6ee24514fb6a5489e51d06f0298?s=96&d=mm&r=g\",\"contentUrl\":\"https:\\\/\\\/secure.gravatar.com\\\/avatar\\\/7ce1f28c0c3bbac99ff550b85ef8e44a6950c6ee24514fb6a5489e51d06f0298?s=96&d=mm&r=g\",\"caption\":\"webdo.tn\"},\"url\":\"https:\\\/\\\/www.webdo.tn\\\/fr\\\/actualite\\\/author\\\/webdotn\\\/\"}]}<\/script>\n<!-- \/ Yoast SEO Premium plugin. -->","yoast_head_json":{"title":"Zaghouan : quand des agents de la Garde nationale sauvent leur coll\u00e8gue de la justice...","description":"Zaghouan : quand des agents de la Garde nationale sauvent leur coll\u00e8gue de la justice...","canonical":"https:\/\/www.webdo.tn\/fr\/actualite\/divers\/zaghouan-quand-des-agents-de-la-garde-nationale-sauvent-leur-collegue-de-la-justice\/178610\/","og_locale":"fr_FR","og_type":"article","og_title":"Zaghouan : quand des agents de la Garde nationale \"sauvent\" leur coll\u00e8gue de la justice...","og_description":"Zaghouan : quand des agents de la Garde nationale sauvent leur coll\u00e8gue de la justice...","og_url":"https:\/\/www.webdo.tn\/fr\/actualite\/divers\/zaghouan-quand-des-agents-de-la-garde-nationale-sauvent-leur-collegue-de-la-justice\/178610\/","og_site_name":"webdo","article_publisher":"https:\/\/www.facebook.com\/webdotn","article_published_time":"2011-05-31T12:53:00+00:00","author":"webdo.tn","twitter_card":"summary_large_image","twitter_creator":"@webdo_tn","twitter_site":"@webdo_tn","twitter_misc":{"\u00c9crit par":"webdo.tn","Dur\u00e9e de lecture estim\u00e9e":"1 minute"},"schema":{"@context":"https:\/\/schema.org","@graph":[{"@type":"NewsArticle","@id":"https:\/\/www.webdo.tn\/fr\/actualite\/divers\/zaghouan-quand-des-agents-de-la-garde-nationale-sauvent-leur-collegue-de-la-justice\/178610\/#article","isPartOf":{"@id":"https:\/\/www.webdo.tn\/fr\/actualite\/divers\/zaghouan-quand-des-agents-de-la-garde-nationale-sauvent-leur-collegue-de-la-justice\/178610\/"},"author":{"name":"webdo.tn","@id":"https:\/\/www.webdo.tn\/fr\/#\/schema\/person\/9a9c6118d687c117df8ef3cc36a4d175"},"headline":"Zaghouan : quand des agents de la Garde nationale \u00ab\u00a0sauvent\u00a0\u00bb leur coll\u00e8gue de la justice&#8230;","datePublished":"2011-05-31T12:53:00+00:00","mainEntityOfPage":{"@id":"https:\/\/www.webdo.tn\/fr\/actualite\/divers\/zaghouan-quand-des-agents-de-la-garde-nationale-sauvent-leur-collegue-de-la-justice\/178610\/"},"wordCount":196,"commentCount":0,"publisher":{"@id":"https:\/\/www.webdo.tn\/fr\/#organization"},"image":{"@id":"https:\/\/www.webdo.tn\/fr\/actualite\/divers\/zaghouan-quand-des-agents-de-la-garde-nationale-sauvent-leur-collegue-de-la-justice\/178610\/#primaryimage"},"thumbnailUrl":"https:\/\/www.webdo.tn\/fr\/wp-content\/uploads\/2025\/06\/FireShot-Capture-1063-webdo_default-53-750x375.jpg-750\u00d7375-www.webdo_.tn_.png","articleSection":["Divers"],"inLanguage":"fr-FR"},{"@type":"WebPage","@id":"https:\/\/www.webdo.tn\/fr\/actualite\/divers\/zaghouan-quand-des-agents-de-la-garde-nationale-sauvent-leur-collegue-de-la-justice\/178610\/","url":"https:\/\/www.webdo.tn\/fr\/actualite\/divers\/zaghouan-quand-des-agents-de-la-garde-nationale-sauvent-leur-collegue-de-la-justice\/178610\/","name":"Zaghouan : quand des agents de la Garde nationale sauvent leur coll\u00e8gue de la justice...","isPartOf":{"@id":"https:\/\/www.webdo.tn\/fr\/#website"},"primaryImageOfPage":{"@id":"https:\/\/www.webdo.tn\/fr\/actualite\/divers\/zaghouan-quand-des-agents-de-la-garde-nationale-sauvent-leur-collegue-de-la-justice\/178610\/#primaryimage"},"image":{"@id":"https:\/\/www.webdo.tn\/fr\/actualite\/divers\/zaghouan-quand-des-agents-de-la-garde-nationale-sauvent-leur-collegue-de-la-justice\/178610\/#primaryimage"},"thumbnailUrl":"https:\/\/www.webdo.tn\/fr\/wp-content\/uploads\/2025\/06\/FireShot-Capture-1063-webdo_default-53-750x375.jpg-750\u00d7375-www.webdo_.tn_.png","datePublished":"2011-05-31T12:53:00+00:00","description":"Zaghouan : quand des agents de la Garde nationale sauvent leur coll\u00e8gue de la justice...","breadcrumb":{"@id":"https:\/\/www.webdo.tn\/fr\/actualite\/divers\/zaghouan-quand-des-agents-de-la-garde-nationale-sauvent-leur-collegue-de-la-justice\/178610\/#breadcrumb"},"inLanguage":"fr-FR","potentialAction":[{"@type":"ReadAction","target":["https:\/\/www.webdo.tn\/fr\/actualite\/divers\/zaghouan-quand-des-agents-de-la-garde-nationale-sauvent-leur-collegue-de-la-justice\/178610\/"]}]},{"@type":"ImageObject","inLanguage":"fr-FR","@id":"https:\/\/www.webdo.tn\/fr\/actualite\/divers\/zaghouan-quand-des-agents-de-la-garde-nationale-sauvent-leur-collegue-de-la-justice\/178610\/#primaryimage","url":"https:\/\/www.webdo.tn\/fr\/wp-content\/uploads\/2025\/06\/FireShot-Capture-1063-webdo_default-53-750x375.jpg-750\u00d7375-www.webdo_.tn_.png","contentUrl":"https:\/\/www.webdo.tn\/fr\/wp-content\/uploads\/2025\/06\/FireShot-Capture-1063-webdo_default-53-750x375.jpg-750\u00d7375-www.webdo_.tn_.png","width":746,"height":371},{"@type":"BreadcrumbList","@id":"https:\/\/www.webdo.tn\/fr\/actualite\/divers\/zaghouan-quand-des-agents-de-la-garde-nationale-sauvent-leur-collegue-de-la-justice\/178610\/#breadcrumb","itemListElement":[{"@type":"ListItem","position":1,"name":"Accueil","item":"https:\/\/www.webdo.tn\/fr\/"},{"@type":"ListItem","position":2,"name":"Zaghouan : quand des agents de la Garde nationale \u00ab\u00a0sauvent\u00a0\u00bb leur coll\u00e8gue de la justice&#8230;"}]},{"@type":"WebSite","@id":"https:\/\/www.webdo.tn\/fr\/#website","url":"https:\/\/www.webdo.tn\/fr\/","name":"webdo","description":"Tunisie - News en Tunisie et \u00e0 l&#039;international sur Webdo.tn","publisher":{"@id":"https:\/\/www.webdo.tn\/fr\/#organization"},"potentialAction":[{"@type":"SearchAction","target":{"@type":"EntryPoint","urlTemplate":"https:\/\/www.webdo.tn\/fr\/?s={search_term_string}"},"query-input":{"@type":"PropertyValueSpecification","valueRequired":true,"valueName":"search_term_string"}}],"inLanguage":"fr-FR"},{"@type":"Organization","@id":"https:\/\/www.webdo.tn\/fr\/#organization","name":"Webdo","alternateName":"Webdo.tn","url":"https:\/\/www.webdo.tn\/fr\/","logo":{"@type":"ImageObject","inLanguage":"fr-FR","@id":"https:\/\/www.webdo.tn\/fr\/#\/schema\/logo\/image\/","url":"https:\/\/www.webdo.tn\/fr\/wp-content\/uploads\/2025\/06\/Webdo-Tunisie_168377.jpg","contentUrl":"https:\/\/www.webdo.tn\/fr\/wp-content\/uploads\/2025\/06\/Webdo-Tunisie_168377.jpg","width":301,"height":301,"caption":"Webdo"},"image":{"@id":"https:\/\/www.webdo.tn\/fr\/#\/schema\/logo\/image\/"},"sameAs":["https:\/\/www.facebook.com\/webdotn","https:\/\/x.com\/webdo_tn"],"description":"Webdo est un m\u00e9dia num\u00e9rique tunisien fond\u00e9 en 2010, sp\u00e9cialis\u00e9 dans l\u2019actualit\u00e9 nationale et internationale, l\u2019\u00e9conomie, la soci\u00e9t\u00e9 et les analyses politiques. Le site s\u2019adresse \u00e0 un large public francophone et couvre l\u2019information tunisienne en temps r\u00e9el.","email":"redac@webdo.tn","legalName":"YNJ SARL","foundingDate":"2010-09-06","numberOfEmployees":{"@type":"QuantitativeValue","minValue":"11","maxValue":"50"}},{"@type":"Person","@id":"https:\/\/www.webdo.tn\/fr\/#\/schema\/person\/9a9c6118d687c117df8ef3cc36a4d175","name":"webdo.tn","image":{"@type":"ImageObject","inLanguage":"fr-FR","@id":"https:\/\/secure.gravatar.com\/avatar\/7ce1f28c0c3bbac99ff550b85ef8e44a6950c6ee24514fb6a5489e51d06f0298?s=96&d=mm&r=g","url":"https:\/\/secure.gravatar.com\/avatar\/7ce1f28c0c3bbac99ff550b85ef8e44a6950c6ee24514fb6a5489e51d06f0298?s=96&d=mm&r=g","contentUrl":"https:\/\/secure.gravatar.com\/avatar\/7ce1f28c0c3bbac99ff550b85ef8e44a6950c6ee24514fb6a5489e51d06f0298?s=96&d=mm&r=g","caption":"webdo.tn"},"url":"https:\/\/www.webdo.tn\/fr\/actualite\/author\/webdotn\/"}]}},"_links":{"self":[{"href":"https:\/\/www.webdo.tn\/fr\/wp-json\/wp\/v2\/posts\/178610","targetHints":{"allow":["GET"]}}],"collection":[{"href":"https:\/\/www.webdo.tn\/fr\/wp-json\/wp\/v2\/posts"}],"about":[{"href":"https:\/\/www.webdo.tn\/fr\/wp-json\/wp\/v2\/types\/post"}],"author":[{"embeddable":true,"href":"https:\/\/www.webdo.tn\/fr\/wp-json\/wp\/v2\/users\/3222"}],"replies":[{"embeddable":true,"href":"https:\/\/www.webdo.tn\/fr\/wp-json\/wp\/v2\/comments?post=178610"}],"version-history":[{"count":0,"href":"https:\/\/www.webdo.tn\/fr\/wp-json\/wp\/v2\/posts\/178610\/revisions"}],"wp:featuredmedia":[{"embeddable":true,"href":"https:\/\/www.webdo.tn\/fr\/wp-json\/wp\/v2\/media\/376290"}],"wp:attachment":[{"href":"https:\/\/www.webdo.tn\/fr\/wp-json\/wp\/v2\/media?parent=178610"}],"wp:term":[{"taxonomy":"category","embeddable":true,"href":"https:\/\/www.webdo.tn\/fr\/wp-json\/wp\/v2\/categories?post=178610"},{"taxonomy":"post_tag","embeddable":true,"href":"https:\/\/www.webdo.tn\/fr\/wp-json\/wp\/v2\/tags?post=178610"}],"curies":[{"name":"wp","href":"https:\/\/api.w.org\/{rel}","templated":true}]}}