{"id":178608,"date":"2011-06-01T15:08:00","date_gmt":"2011-06-01T15:08:00","guid":{"rendered":"https:\/\/www.webdo.tn\/fr\/actualite\/blog\/la-famille-moubarak-jugee-a-partir-du-3-aout\/178608\/"},"modified":"2011-06-01T15:08:00","modified_gmt":"2011-06-01T15:08:00","slug":"la-famille-moubarak-jugee-a-partir-du-3-aout","status":"publish","type":"post","link":"https:\/\/www.webdo.tn\/fr\/actualite\/divers\/la-famille-moubarak-jugee-a-partir-du-3-aout\/178608\/","title":{"rendered":"La famille Moubarak jug\u00e9e \u00e0 partir du 3 ao\u00fbt"},"content":{"rendered":"<p>Accus\u00e9 d\u2019homicides et d\u2019enrichissement ill\u00e9gal, l\u2019ex-pr\u00e9sident \u00e9gyptien Hosni Moubarak (83 ans), actuellement en \u00ab\u00a0d\u00e9tention\u00a0\u00bb dans un h\u00f4pital de Charm el-Cheikh, sera jug\u00e9 cet \u00e9t\u00e9. Son proc\u00e8s, au cours duquel il devra r\u00e9pondre des accusations d\u2019homicides avec pr\u00e9m\u00e9ditation dans le cadre de la r\u00e9pression du mouvement de contestation qui a entra\u00een\u00e9 sa d\u00e9mission le 11 f\u00e9vrier, ainsi que d\u2019abus de pouvoir et d\u00e9tournement de fonds publics, doit d\u00e9buter le 3 ao\u00fbt au Caire.<\/p>\n<p>Selon l\u2019AFP, Hosni Moubarak, ainsi que ses fils Alaa et Gamal, et l&rsquo;homme d&rsquo;affaires Hussein Salem, doivent \u00eatre jug\u00e9s par le tribunal p\u00e9nal du nord du Caire, qui sera pr\u00e9sid\u00e9 par Ahmed Rifaat.<\/p>\n<p>L\u2019ancien ra\u00efs \u00e9gyptien est m\u00eame passible de la peine de mort pour les actes qui lui sont reproch\u00e9s.<br \/>\nIl s\u2019agit l\u00e0 d\u2019une premi\u00e8re dans le monde arabe alors que l\u2019ex-pr\u00e9sident tunisien Ben Ali, a pr\u00e9f\u00e9r\u00e9 lui, s\u2019enfuir vers l\u2019Arabie Saoudite.<\/p>\n<p>Pr\u00e8s de quatre mois apr\u00e8s sa destitution, Moubarak, doit d\u00e9sormais se pr\u00e9parer \u00e0 affronter la justice de son pays et se justifier pour sa gestion chaotique de la r\u00e9volution du 25 janvier ainsi que des meurtres des 846 \u00e9gyptiens tu\u00e9s pendant la r\u00e9volte.<\/p>\n<p>Le 28 mai dernier, il avait d\u00e9j\u00e0 \u00e9cop\u00e9 d\u2019une premi\u00e8re condamnation, avec deux autres anciens responsables \u00e9gyptiens, lui dictant de payer une amende de 540 millions de livres \u00e9gyptiennes (90 millions de dollars) pour avoir suspendu Internet et le r\u00e9seau de t\u00e9l\u00e9phonie mobile pendant les manifestations.<\/p>\n<p>Un v\u00e9ritable retour de manivelle lorsqu\u2019on voit que la semaine derni\u00e8re, le quotidien \u00e9gyptien ind\u00e9pendant Al-Chorouk avait affirm\u00e9 que Hosni Moubarak pr\u00e9parait une lettre dans laquelle il allait pr\u00e9senter des excuses aux Egyptiens et remettre ses avoirs \u00e0 l&rsquo;Etat dans l&rsquo;espoir d&rsquo;obtenir une amnistie. Mais L&rsquo;arm\u00e9e, qui dirige le pays depuis la d\u00e9mission de Moubarak, a d\u00e9menti avoir l&rsquo;intention de l&rsquo;amnistier.<\/p>\n","protected":false},"excerpt":{"rendered":"<p>La famille Moubarak jug\u00e9e \u00e0 partir du 3 ao\u00fbt<\/p>\n","protected":false},"author":3222,"featured_media":365921,"comment_status":"open","ping_status":"closed","sticky":false,"template":"","format":"standard","meta":{"footnotes":""},"categories":[2839],"tags":[],"class_list":["post-178608","post","type-post","status-publish","format-standard","has-post-thumbnail","hentry","category-divers"],"yoast_head":"<!-- This site is optimized with the Yoast SEO Premium plugin v27.4 (Yoast SEO v27.5) - https:\/\/yoast.com\/product\/yoast-seo-premium-wordpress\/ -->\n<title>La famille Moubarak jug\u00e9e \u00e0 partir du 3 ao\u00fbt<\/title>\n<meta name=\"description\" content=\"La famille Moubarak jug\u00e9e \u00e0 partir du 3 ao\u00fbt\" \/>\n<link rel=\"canonical\" href=\"https:\/\/www.webdo.tn\/fr\/actualite\/divers\/la-famille-moubarak-jugee-a-partir-du-3-aout\/178608\/\" \/>\n<meta property=\"og:locale\" content=\"fr_FR\" \/>\n<meta property=\"og:type\" content=\"article\" \/>\n<meta property=\"og:title\" content=\"La famille Moubarak jug\u00e9e \u00e0 partir du 3 ao\u00fbt\" \/>\n<meta property=\"og:description\" content=\"La famille Moubarak jug\u00e9e \u00e0 partir du 3 ao\u00fbt\" \/>\n<meta property=\"og:url\" content=\"https:\/\/www.webdo.tn\/fr\/actualite\/divers\/la-famille-moubarak-jugee-a-partir-du-3-aout\/178608\/\" \/>\n<meta property=\"og:site_name\" content=\"webdo\" \/>\n<meta property=\"article:publisher\" content=\"https:\/\/www.facebook.com\/webdotn\" \/>\n<meta property=\"article:published_time\" content=\"2011-06-01T15:08:00+00:00\" \/>\n<meta property=\"og:image\" content=\"https:\/\/www.webdo.tn\/fr\/wp-content\/uploads\/2011\/06\/moubarak-et-ses-fils-Alaa-et-Gamal-photo-english.alarabiya.net_.jpg\" \/>\n\t<meta property=\"og:image:width\" content=\"320\" \/>\n\t<meta property=\"og:image:height\" content=\"196\" \/>\n\t<meta property=\"og:image:type\" content=\"image\/jpeg\" \/>\n<meta name=\"author\" content=\"webdo.tn\" \/>\n<meta name=\"twitter:card\" content=\"summary_large_image\" \/>\n<meta name=\"twitter:creator\" content=\"@webdo_tn\" \/>\n<meta name=\"twitter:site\" content=\"@webdo_tn\" \/>\n<meta name=\"twitter:label1\" content=\"\u00c9crit par\" \/>\n\t<meta name=\"twitter:data1\" content=\"webdo.tn\" \/>\n\t<meta name=\"twitter:label2\" content=\"Dur\u00e9e de lecture estim\u00e9e\" \/>\n\t<meta name=\"twitter:data2\" content=\"2 minutes\" \/>\n<script type=\"application\/ld+json\" class=\"yoast-schema-graph\">{\"@context\":\"https:\\\/\\\/schema.org\",\"@graph\":[{\"@type\":\"NewsArticle\",\"@id\":\"https:\\\/\\\/www.webdo.tn\\\/fr\\\/actualite\\\/divers\\\/la-famille-moubarak-jugee-a-partir-du-3-aout\\\/178608\\\/#article\",\"isPartOf\":{\"@id\":\"https:\\\/\\\/www.webdo.tn\\\/fr\\\/actualite\\\/divers\\\/la-famille-moubarak-jugee-a-partir-du-3-aout\\\/178608\\\/\"},\"author\":{\"name\":\"webdo.tn\",\"@id\":\"https:\\\/\\\/www.webdo.tn\\\/fr\\\/#\\\/schema\\\/person\\\/9a9c6118d687c117df8ef3cc36a4d175\"},\"headline\":\"La famille Moubarak jug\u00e9e \u00e0 partir du 3 ao\u00fbt\",\"datePublished\":\"2011-06-01T15:08:00+00:00\",\"mainEntityOfPage\":{\"@id\":\"https:\\\/\\\/www.webdo.tn\\\/fr\\\/actualite\\\/divers\\\/la-famille-moubarak-jugee-a-partir-du-3-aout\\\/178608\\\/\"},\"wordCount\":361,\"commentCount\":0,\"publisher\":{\"@id\":\"https:\\\/\\\/www.webdo.tn\\\/fr\\\/#organization\"},\"image\":{\"@id\":\"https:\\\/\\\/www.webdo.tn\\\/fr\\\/actualite\\\/divers\\\/la-famille-moubarak-jugee-a-partir-du-3-aout\\\/178608\\\/#primaryimage\"},\"thumbnailUrl\":\"https:\\\/\\\/www.webdo.tn\\\/fr\\\/wp-content\\\/uploads\\\/2011\\\/06\\\/moubarak-et-ses-fils-Alaa-et-Gamal-photo-english.alarabiya.net_.jpg\",\"articleSection\":[\"Divers\"],\"inLanguage\":\"fr-FR\"},{\"@type\":\"WebPage\",\"@id\":\"https:\\\/\\\/www.webdo.tn\\\/fr\\\/actualite\\\/divers\\\/la-famille-moubarak-jugee-a-partir-du-3-aout\\\/178608\\\/\",\"url\":\"https:\\\/\\\/www.webdo.tn\\\/fr\\\/actualite\\\/divers\\\/la-famille-moubarak-jugee-a-partir-du-3-aout\\\/178608\\\/\",\"name\":\"La famille Moubarak jug\u00e9e \u00e0 partir du 3 ao\u00fbt\",\"isPartOf\":{\"@id\":\"https:\\\/\\\/www.webdo.tn\\\/fr\\\/#website\"},\"primaryImageOfPage\":{\"@id\":\"https:\\\/\\\/www.webdo.tn\\\/fr\\\/actualite\\\/divers\\\/la-famille-moubarak-jugee-a-partir-du-3-aout\\\/178608\\\/#primaryimage\"},\"image\":{\"@id\":\"https:\\\/\\\/www.webdo.tn\\\/fr\\\/actualite\\\/divers\\\/la-famille-moubarak-jugee-a-partir-du-3-aout\\\/178608\\\/#primaryimage\"},\"thumbnailUrl\":\"https:\\\/\\\/www.webdo.tn\\\/fr\\\/wp-content\\\/uploads\\\/2011\\\/06\\\/moubarak-et-ses-fils-Alaa-et-Gamal-photo-english.alarabiya.net_.jpg\",\"datePublished\":\"2011-06-01T15:08:00+00:00\",\"description\":\"La famille Moubarak jug\u00e9e \u00e0 partir du 3 ao\u00fbt\",\"breadcrumb\":{\"@id\":\"https:\\\/\\\/www.webdo.tn\\\/fr\\\/actualite\\\/divers\\\/la-famille-moubarak-jugee-a-partir-du-3-aout\\\/178608\\\/#breadcrumb\"},\"inLanguage\":\"fr-FR\",\"potentialAction\":[{\"@type\":\"ReadAction\",\"target\":[\"https:\\\/\\\/www.webdo.tn\\\/fr\\\/actualite\\\/divers\\\/la-famille-moubarak-jugee-a-partir-du-3-aout\\\/178608\\\/\"]}]},{\"@type\":\"ImageObject\",\"inLanguage\":\"fr-FR\",\"@id\":\"https:\\\/\\\/www.webdo.tn\\\/fr\\\/actualite\\\/divers\\\/la-famille-moubarak-jugee-a-partir-du-3-aout\\\/178608\\\/#primaryimage\",\"url\":\"https:\\\/\\\/www.webdo.tn\\\/fr\\\/wp-content\\\/uploads\\\/2011\\\/06\\\/moubarak-et-ses-fils-Alaa-et-Gamal-photo-english.alarabiya.net_.jpg\",\"contentUrl\":\"https:\\\/\\\/www.webdo.tn\\\/fr\\\/wp-content\\\/uploads\\\/2011\\\/06\\\/moubarak-et-ses-fils-Alaa-et-Gamal-photo-english.alarabiya.net_.jpg\",\"width\":320,\"height\":196,\"caption\":\"La famille Moubarak jug\u00e9e \u00e0 partir du 3 ao\u00fbt\"},{\"@type\":\"BreadcrumbList\",\"@id\":\"https:\\\/\\\/www.webdo.tn\\\/fr\\\/actualite\\\/divers\\\/la-famille-moubarak-jugee-a-partir-du-3-aout\\\/178608\\\/#breadcrumb\",\"itemListElement\":[{\"@type\":\"ListItem\",\"position\":1,\"name\":\"Accueil\",\"item\":\"https:\\\/\\\/www.webdo.tn\\\/fr\\\/\"},{\"@type\":\"ListItem\",\"position\":2,\"name\":\"La famille Moubarak jug\u00e9e \u00e0 partir du 3 ao\u00fbt\"}]},{\"@type\":\"WebSite\",\"@id\":\"https:\\\/\\\/www.webdo.tn\\\/fr\\\/#website\",\"url\":\"https:\\\/\\\/www.webdo.tn\\\/fr\\\/\",\"name\":\"webdo\",\"description\":\"Tunisie - News en Tunisie et \u00e0 l&#039;international sur Webdo.tn\",\"publisher\":{\"@id\":\"https:\\\/\\\/www.webdo.tn\\\/fr\\\/#organization\"},\"potentialAction\":[{\"@type\":\"SearchAction\",\"target\":{\"@type\":\"EntryPoint\",\"urlTemplate\":\"https:\\\/\\\/www.webdo.tn\\\/fr\\\/?s={search_term_string}\"},\"query-input\":{\"@type\":\"PropertyValueSpecification\",\"valueRequired\":true,\"valueName\":\"search_term_string\"}}],\"inLanguage\":\"fr-FR\"},{\"@type\":\"Organization\",\"@id\":\"https:\\\/\\\/www.webdo.tn\\\/fr\\\/#organization\",\"name\":\"Webdo\",\"alternateName\":\"Webdo.tn\",\"url\":\"https:\\\/\\\/www.webdo.tn\\\/fr\\\/\",\"logo\":{\"@type\":\"ImageObject\",\"inLanguage\":\"fr-FR\",\"@id\":\"https:\\\/\\\/www.webdo.tn\\\/fr\\\/#\\\/schema\\\/logo\\\/image\\\/\",\"url\":\"https:\\\/\\\/www.webdo.tn\\\/fr\\\/wp-content\\\/uploads\\\/2025\\\/06\\\/Webdo-Tunisie_168377.jpg\",\"contentUrl\":\"https:\\\/\\\/www.webdo.tn\\\/fr\\\/wp-content\\\/uploads\\\/2025\\\/06\\\/Webdo-Tunisie_168377.jpg\",\"width\":301,\"height\":301,\"caption\":\"Webdo\"},\"image\":{\"@id\":\"https:\\\/\\\/www.webdo.tn\\\/fr\\\/#\\\/schema\\\/logo\\\/image\\\/\"},\"sameAs\":[\"https:\\\/\\\/www.facebook.com\\\/webdotn\",\"https:\\\/\\\/x.com\\\/webdo_tn\"],\"description\":\"Webdo est un m\u00e9dia num\u00e9rique tunisien fond\u00e9 en 2010, sp\u00e9cialis\u00e9 dans l\u2019actualit\u00e9 nationale et internationale, l\u2019\u00e9conomie, la soci\u00e9t\u00e9 et les analyses politiques. Le site s\u2019adresse \u00e0 un large public francophone et couvre l\u2019information tunisienne en temps r\u00e9el.\",\"email\":\"redac@webdo.tn\",\"legalName\":\"YNJ SARL\",\"foundingDate\":\"2010-09-06\",\"numberOfEmployees\":{\"@type\":\"QuantitativeValue\",\"minValue\":\"11\",\"maxValue\":\"50\"}},{\"@type\":\"Person\",\"@id\":\"https:\\\/\\\/www.webdo.tn\\\/fr\\\/#\\\/schema\\\/person\\\/9a9c6118d687c117df8ef3cc36a4d175\",\"name\":\"webdo.tn\",\"image\":{\"@type\":\"ImageObject\",\"inLanguage\":\"fr-FR\",\"@id\":\"https:\\\/\\\/secure.gravatar.com\\\/avatar\\\/7ce1f28c0c3bbac99ff550b85ef8e44a6950c6ee24514fb6a5489e51d06f0298?s=96&d=mm&r=g\",\"url\":\"https:\\\/\\\/secure.gravatar.com\\\/avatar\\\/7ce1f28c0c3bbac99ff550b85ef8e44a6950c6ee24514fb6a5489e51d06f0298?s=96&d=mm&r=g\",\"contentUrl\":\"https:\\\/\\\/secure.gravatar.com\\\/avatar\\\/7ce1f28c0c3bbac99ff550b85ef8e44a6950c6ee24514fb6a5489e51d06f0298?s=96&d=mm&r=g\",\"caption\":\"webdo.tn\"},\"url\":\"https:\\\/\\\/www.webdo.tn\\\/fr\\\/actualite\\\/author\\\/webdotn\\\/\"}]}<\/script>\n<!-- \/ Yoast SEO Premium plugin. -->","yoast_head_json":{"title":"La famille Moubarak jug\u00e9e \u00e0 partir du 3 ao\u00fbt","description":"La famille Moubarak jug\u00e9e \u00e0 partir du 3 ao\u00fbt","canonical":"https:\/\/www.webdo.tn\/fr\/actualite\/divers\/la-famille-moubarak-jugee-a-partir-du-3-aout\/178608\/","og_locale":"fr_FR","og_type":"article","og_title":"La famille Moubarak jug\u00e9e \u00e0 partir du 3 ao\u00fbt","og_description":"La famille Moubarak jug\u00e9e \u00e0 partir du 3 ao\u00fbt","og_url":"https:\/\/www.webdo.tn\/fr\/actualite\/divers\/la-famille-moubarak-jugee-a-partir-du-3-aout\/178608\/","og_site_name":"webdo","article_publisher":"https:\/\/www.facebook.com\/webdotn","article_published_time":"2011-06-01T15:08:00+00:00","og_image":[{"width":320,"height":196,"url":"https:\/\/www.webdo.tn\/fr\/wp-content\/uploads\/2011\/06\/moubarak-et-ses-fils-Alaa-et-Gamal-photo-english.alarabiya.net_.jpg","type":"image\/jpeg"}],"author":"webdo.tn","twitter_card":"summary_large_image","twitter_creator":"@webdo_tn","twitter_site":"@webdo_tn","twitter_misc":{"\u00c9crit par":"webdo.tn","Dur\u00e9e de lecture estim\u00e9e":"2 minutes"},"schema":{"@context":"https:\/\/schema.org","@graph":[{"@type":"NewsArticle","@id":"https:\/\/www.webdo.tn\/fr\/actualite\/divers\/la-famille-moubarak-jugee-a-partir-du-3-aout\/178608\/#article","isPartOf":{"@id":"https:\/\/www.webdo.tn\/fr\/actualite\/divers\/la-famille-moubarak-jugee-a-partir-du-3-aout\/178608\/"},"author":{"name":"webdo.tn","@id":"https:\/\/www.webdo.tn\/fr\/#\/schema\/person\/9a9c6118d687c117df8ef3cc36a4d175"},"headline":"La famille Moubarak jug\u00e9e \u00e0 partir du 3 ao\u00fbt","datePublished":"2011-06-01T15:08:00+00:00","mainEntityOfPage":{"@id":"https:\/\/www.webdo.tn\/fr\/actualite\/divers\/la-famille-moubarak-jugee-a-partir-du-3-aout\/178608\/"},"wordCount":361,"commentCount":0,"publisher":{"@id":"https:\/\/www.webdo.tn\/fr\/#organization"},"image":{"@id":"https:\/\/www.webdo.tn\/fr\/actualite\/divers\/la-famille-moubarak-jugee-a-partir-du-3-aout\/178608\/#primaryimage"},"thumbnailUrl":"https:\/\/www.webdo.tn\/fr\/wp-content\/uploads\/2011\/06\/moubarak-et-ses-fils-Alaa-et-Gamal-photo-english.alarabiya.net_.jpg","articleSection":["Divers"],"inLanguage":"fr-FR"},{"@type":"WebPage","@id":"https:\/\/www.webdo.tn\/fr\/actualite\/divers\/la-famille-moubarak-jugee-a-partir-du-3-aout\/178608\/","url":"https:\/\/www.webdo.tn\/fr\/actualite\/divers\/la-famille-moubarak-jugee-a-partir-du-3-aout\/178608\/","name":"La famille Moubarak jug\u00e9e \u00e0 partir du 3 ao\u00fbt","isPartOf":{"@id":"https:\/\/www.webdo.tn\/fr\/#website"},"primaryImageOfPage":{"@id":"https:\/\/www.webdo.tn\/fr\/actualite\/divers\/la-famille-moubarak-jugee-a-partir-du-3-aout\/178608\/#primaryimage"},"image":{"@id":"https:\/\/www.webdo.tn\/fr\/actualite\/divers\/la-famille-moubarak-jugee-a-partir-du-3-aout\/178608\/#primaryimage"},"thumbnailUrl":"https:\/\/www.webdo.tn\/fr\/wp-content\/uploads\/2011\/06\/moubarak-et-ses-fils-Alaa-et-Gamal-photo-english.alarabiya.net_.jpg","datePublished":"2011-06-01T15:08:00+00:00","description":"La famille Moubarak jug\u00e9e \u00e0 partir du 3 ao\u00fbt","breadcrumb":{"@id":"https:\/\/www.webdo.tn\/fr\/actualite\/divers\/la-famille-moubarak-jugee-a-partir-du-3-aout\/178608\/#breadcrumb"},"inLanguage":"fr-FR","potentialAction":[{"@type":"ReadAction","target":["https:\/\/www.webdo.tn\/fr\/actualite\/divers\/la-famille-moubarak-jugee-a-partir-du-3-aout\/178608\/"]}]},{"@type":"ImageObject","inLanguage":"fr-FR","@id":"https:\/\/www.webdo.tn\/fr\/actualite\/divers\/la-famille-moubarak-jugee-a-partir-du-3-aout\/178608\/#primaryimage","url":"https:\/\/www.webdo.tn\/fr\/wp-content\/uploads\/2011\/06\/moubarak-et-ses-fils-Alaa-et-Gamal-photo-english.alarabiya.net_.jpg","contentUrl":"https:\/\/www.webdo.tn\/fr\/wp-content\/uploads\/2011\/06\/moubarak-et-ses-fils-Alaa-et-Gamal-photo-english.alarabiya.net_.jpg","width":320,"height":196,"caption":"La famille Moubarak jug\u00e9e \u00e0 partir du 3 ao\u00fbt"},{"@type":"BreadcrumbList","@id":"https:\/\/www.webdo.tn\/fr\/actualite\/divers\/la-famille-moubarak-jugee-a-partir-du-3-aout\/178608\/#breadcrumb","itemListElement":[{"@type":"ListItem","position":1,"name":"Accueil","item":"https:\/\/www.webdo.tn\/fr\/"},{"@type":"ListItem","position":2,"name":"La famille Moubarak jug\u00e9e \u00e0 partir du 3 ao\u00fbt"}]},{"@type":"WebSite","@id":"https:\/\/www.webdo.tn\/fr\/#website","url":"https:\/\/www.webdo.tn\/fr\/","name":"webdo","description":"Tunisie - News en Tunisie et \u00e0 l&#039;international sur Webdo.tn","publisher":{"@id":"https:\/\/www.webdo.tn\/fr\/#organization"},"potentialAction":[{"@type":"SearchAction","target":{"@type":"EntryPoint","urlTemplate":"https:\/\/www.webdo.tn\/fr\/?s={search_term_string}"},"query-input":{"@type":"PropertyValueSpecification","valueRequired":true,"valueName":"search_term_string"}}],"inLanguage":"fr-FR"},{"@type":"Organization","@id":"https:\/\/www.webdo.tn\/fr\/#organization","name":"Webdo","alternateName":"Webdo.tn","url":"https:\/\/www.webdo.tn\/fr\/","logo":{"@type":"ImageObject","inLanguage":"fr-FR","@id":"https:\/\/www.webdo.tn\/fr\/#\/schema\/logo\/image\/","url":"https:\/\/www.webdo.tn\/fr\/wp-content\/uploads\/2025\/06\/Webdo-Tunisie_168377.jpg","contentUrl":"https:\/\/www.webdo.tn\/fr\/wp-content\/uploads\/2025\/06\/Webdo-Tunisie_168377.jpg","width":301,"height":301,"caption":"Webdo"},"image":{"@id":"https:\/\/www.webdo.tn\/fr\/#\/schema\/logo\/image\/"},"sameAs":["https:\/\/www.facebook.com\/webdotn","https:\/\/x.com\/webdo_tn"],"description":"Webdo est un m\u00e9dia num\u00e9rique tunisien fond\u00e9 en 2010, sp\u00e9cialis\u00e9 dans l\u2019actualit\u00e9 nationale et internationale, l\u2019\u00e9conomie, la soci\u00e9t\u00e9 et les analyses politiques. Le site s\u2019adresse \u00e0 un large public francophone et couvre l\u2019information tunisienne en temps r\u00e9el.","email":"redac@webdo.tn","legalName":"YNJ SARL","foundingDate":"2010-09-06","numberOfEmployees":{"@type":"QuantitativeValue","minValue":"11","maxValue":"50"}},{"@type":"Person","@id":"https:\/\/www.webdo.tn\/fr\/#\/schema\/person\/9a9c6118d687c117df8ef3cc36a4d175","name":"webdo.tn","image":{"@type":"ImageObject","inLanguage":"fr-FR","@id":"https:\/\/secure.gravatar.com\/avatar\/7ce1f28c0c3bbac99ff550b85ef8e44a6950c6ee24514fb6a5489e51d06f0298?s=96&d=mm&r=g","url":"https:\/\/secure.gravatar.com\/avatar\/7ce1f28c0c3bbac99ff550b85ef8e44a6950c6ee24514fb6a5489e51d06f0298?s=96&d=mm&r=g","contentUrl":"https:\/\/secure.gravatar.com\/avatar\/7ce1f28c0c3bbac99ff550b85ef8e44a6950c6ee24514fb6a5489e51d06f0298?s=96&d=mm&r=g","caption":"webdo.tn"},"url":"https:\/\/www.webdo.tn\/fr\/actualite\/author\/webdotn\/"}]}},"_links":{"self":[{"href":"https:\/\/www.webdo.tn\/fr\/wp-json\/wp\/v2\/posts\/178608","targetHints":{"allow":["GET"]}}],"collection":[{"href":"https:\/\/www.webdo.tn\/fr\/wp-json\/wp\/v2\/posts"}],"about":[{"href":"https:\/\/www.webdo.tn\/fr\/wp-json\/wp\/v2\/types\/post"}],"author":[{"embeddable":true,"href":"https:\/\/www.webdo.tn\/fr\/wp-json\/wp\/v2\/users\/3222"}],"replies":[{"embeddable":true,"href":"https:\/\/www.webdo.tn\/fr\/wp-json\/wp\/v2\/comments?post=178608"}],"version-history":[{"count":0,"href":"https:\/\/www.webdo.tn\/fr\/wp-json\/wp\/v2\/posts\/178608\/revisions"}],"wp:featuredmedia":[{"embeddable":true,"href":"https:\/\/www.webdo.tn\/fr\/wp-json\/wp\/v2\/media\/365921"}],"wp:attachment":[{"href":"https:\/\/www.webdo.tn\/fr\/wp-json\/wp\/v2\/media?parent=178608"}],"wp:term":[{"taxonomy":"category","embeddable":true,"href":"https:\/\/www.webdo.tn\/fr\/wp-json\/wp\/v2\/categories?post=178608"},{"taxonomy":"post_tag","embeddable":true,"href":"https:\/\/www.webdo.tn\/fr\/wp-json\/wp\/v2\/tags?post=178608"}],"curies":[{"name":"wp","href":"https:\/\/api.w.org\/{rel}","templated":true}]}}