{"id":178606,"date":"2011-06-08T13:14:00","date_gmt":"2011-06-08T13:14:00","guid":{"rendered":"https:\/\/www.webdo.tn\/fr\/actualite\/blog\/palestine-nouveau-souffle-inspire-par-la-tunisie-et-legypte\/178606\/"},"modified":"2025-06-04T19:11:38","modified_gmt":"2025-06-04T19:11:38","slug":"palestine-nouveau-souffle-inspire-par-la-tunisie-et-legypte","status":"publish","type":"post","link":"https:\/\/www.webdo.tn\/fr\/actualite\/divers\/palestine-nouveau-souffle-inspire-par-la-tunisie-et-legypte\/178606\/","title":{"rendered":"Palestine : nouveau souffle inspir\u00e9 par la Tunisie et l\u2019\u00c9gypte"},"content":{"rendered":"<p>(Beyrouth, Liban) Apr\u00e8s le succ\u00e8s du 15 mai, la commission d&rsquo;organisation de la  marche du retour en Palestine avait annonc\u00e9 une deuxi\u00e8me action pour le 5  juin. La marche vers les fronti\u00e8res sud du Liban n&rsquo;a finalement pas eu lieu.<\/p>\n<p>Un activiste palestinien hautement impliqu\u00e9 dans l&rsquo;organisation, sous couvert d&rsquo;anonymat, a expliqu\u00e9 \u00e0 webdo les raisons de l&rsquo;annulation de  la manifestation et a expos\u00e9 la suite des actions.<\/p>\n<p>\u201cL&rsquo;Etat libanais et l&rsquo;arm\u00e9e ont d\u00e9clar\u00e9 la r\u00e9gion frontali\u00e8re zone militaire ferm\u00e9e. Personne ne peut y acc\u00e9der sans une autorisation pr\u00e9alable. Nous ne souhaitons pas affronter l&rsquo;arm\u00e9e libanaise qui est de notre c\u00f4t\u00e9 dans la luttre contre notre ennemi commun\u201d. Il a \u00e9galement expliqu\u00e9 qu&rsquo;il ne s&rsquo;agissait pas d&rsquo;une annulation mais d&rsquo;un simple report.<\/p>\n<p>La manifestation du 15 mai a, quant \u00e0 elle, \u00e9t\u00e9 en partie parrain\u00e9e par le Hezbollah, qui a garantit l\u2019obtention de l&rsquo;autorisation de manifester. L&rsquo;activiste a pr\u00e9cis\u00e9 que le parti de Hassan Nasrallah a \u201ccontribu\u00e9 au bon d\u00e9roulement de la marche en offrant nourriture et aide m\u00e9dicale. Le parti est pr\u00e9sent dans ces r\u00e9gions et a aid\u00e9\u201d.<\/p>\n<p>Pour cette fois, le Hezbollah n&rsquo;a pas \u00e9t\u00e9 de grand secours dans l\u2019obtention du permis de manifester, notamment en l&rsquo;absence d&rsquo;un gouvernement au Liban.<\/p>\n<p>A Beyrouth, on dit qu&rsquo;en cette situation politique instable, personne ne veut prendre en charge la responsabilit\u00e9 d&rsquo;une nouvelle action d&rsquo;envergure qui causerait encore des morts parmi les Palestiniens et qui pourrait aller jusqu&rsquo;\u00e0 d\u00e9clencher une nouvelle guerre.<\/p>\n<p>Mini manifestations dans les camps<br \/>\nD&rsquo;autre part, le 5 juin, plusieurs manifestations ont eu lieu, essentiellement, dans les camps palestiniens. Il s&rsquo;agissait surtout de rassemblements dans les camps palestiniens. <\/p>\n<p>Au camp Mar Elyas, \u00e0 Beyrouth, un artiste palestinien a expos\u00e9 des photos de villes palestiniennes, essentiellement la sienne, Jaffa, dans un d\u00e9cor d&rsquo;oranges, fruit qui a rendu sa ville c\u00e9l\u00e8bre.<\/p>\n<p>Seul un petit groupe d&rsquo;une vingtaine de personnes (17 Libanais et 3 Palestiniens) a pu atteindre les fronti\u00e8res. Assad Abou Rached, l&rsquo;un des 20 jeunes, racontant le voyage \u00e0 webdo, a affirm\u00e9 avoir travers\u00e9 27 points de contr\u00f4le de l&rsquo;arm\u00e9e. \u201cNous avions cach\u00e9 nos drapeaux et keffiehs. Nous disions que nous faisons un pique-nique\u201d. A l&rsquo;un des  derniers checkpoints, c&rsquo;est Samir Kintar, doyen des prisonniers palestiniens en Isra\u00ebl, qui est intervenu pour que le groupe puisse atteindre les fronti\u00e8res pour quelques minutes. Ils ont ensuite rebrouss\u00e9 chemin vers Sayda, sous escorte de l&rsquo;arm\u00e9e.<\/p>\n<p>\u201cIl y avait le m\u00eame d\u00e9ploiement des forces arm\u00e9e libanaises qu&rsquo;au 15 mai. Mais nous n&rsquo;\u00e9tions que 20 personnes cette fois, il y avait 300 soldats devant nous\u201d.<\/p>\n<p>Effet de la Tunisie<br \/>\nQuant \u00e0 l&rsquo;influence du printemps arabe sur la r\u00e9sistance palestinienne, l&rsquo;activiste palestinien a confirm\u00e9 qu&rsquo;elle s&rsquo;est dot\u00e9e d&rsquo;un nouvel esprit inspir\u00e9 des r\u00e9volutions arabes. \u201cIl est vrai que les r\u00e9volutions ont inspir\u00e9 les Palestiniens et surtout les jeunes et m\u00eame les tr\u00e8s jeunes\u201d, tout en pr\u00e9cisant : \u201cje ne vois que les r\u00e9volutions tunisienne et \u00e9gyptienne comme source d&rsquo;inspirations. Les autres ont d\u00e9vi\u00e9 du bon chemin.\u201d<\/p>\n<p>\u201cLes jeunes dans les camps ont suivi ce qui se passait en Tunisie o\u00f9 La jeunesse voulait vivre mieux. Les jeunes palestiniens se sont demand\u00e9 pourquoi ils ne bougent pas \u00e0 leur tour pour revendiquer leurs droits, d\u00e9j\u00e0 garantie par des d\u00e9cisions internationales depuis m\u00eame 1948. Leur droit est d&rsquo;autant plus juste\u201d<\/p>\n<p>L&rsquo;un des slogans principaux des manifestations en Tunisie \u00e9tait  \u201cTravail, libert\u00e9, dignit\u00e9 nationale\u201d. L&rsquo;activiste a mis l&rsquo;accent sur la dignit\u00e9. \u201cNous voulons la m\u00eame chose. Nous vivons dans des camps, \u00e0  l&rsquo;\u00e9tranger. C&rsquo;est pire qu&rsquo;en Tunisie et en \u00c9gypte. Nous voulons vivre  mieux certes, mais dans notre pays d&rsquo;abord\u201d.<\/p>\n","protected":false},"excerpt":{"rendered":"<p>Palestine : nouveau souffle inspir\u00e9 par la Tunisie et l\u2019\u00c9gypte<\/p>\n","protected":false},"author":3222,"featured_media":365338,"comment_status":"open","ping_status":"closed","sticky":false,"template":"","format":"standard","meta":{"footnotes":""},"categories":[2839],"tags":[],"class_list":["post-178606","post","type-post","status-publish","format-standard","has-post-thumbnail","hentry","category-divers"],"yoast_head":"<!-- This site is optimized with the Yoast SEO Premium plugin v27.4 (Yoast SEO v27.5) - https:\/\/yoast.com\/product\/yoast-seo-premium-wordpress\/ -->\n<title>Palestine : nouveau souffle inspir\u00e9 par la Tunisie et l\u2019\u00c9gypte<\/title>\n<meta name=\"description\" content=\"Palestine : nouveau souffle inspir\u00e9 par la Tunisie et l\u2019\u00c9gypte\" \/>\n<link rel=\"canonical\" href=\"https:\/\/www.webdo.tn\/fr\/actualite\/divers\/palestine-nouveau-souffle-inspire-par-la-tunisie-et-legypte\/178606\/\" \/>\n<meta property=\"og:locale\" content=\"fr_FR\" \/>\n<meta property=\"og:type\" content=\"article\" \/>\n<meta property=\"og:title\" content=\"Palestine : nouveau souffle inspir\u00e9 par la Tunisie et l\u2019\u00c9gypte\" \/>\n<meta property=\"og:description\" content=\"Palestine : nouveau souffle inspir\u00e9 par la Tunisie et l\u2019\u00c9gypte\" \/>\n<meta property=\"og:url\" content=\"https:\/\/www.webdo.tn\/fr\/actualite\/divers\/palestine-nouveau-souffle-inspire-par-la-tunisie-et-legypte\/178606\/\" \/>\n<meta property=\"og:site_name\" content=\"webdo\" \/>\n<meta property=\"article:publisher\" content=\"https:\/\/www.facebook.com\/webdotn\" \/>\n<meta property=\"article:published_time\" content=\"2011-06-08T13:14:00+00:00\" \/>\n<meta property=\"article:modified_time\" content=\"2025-06-04T19:11:38+00:00\" \/>\n<meta property=\"og:image\" content=\"https:\/\/www.webdo.tn\/fr\/wp-content\/uploads\/2011\/06\/palestine-libre-150x150-1.jpg\" \/>\n\t<meta property=\"og:image:width\" content=\"150\" \/>\n\t<meta property=\"og:image:height\" content=\"150\" \/>\n\t<meta property=\"og:image:type\" content=\"image\/jpeg\" \/>\n<meta name=\"author\" content=\"webdo.tn\" \/>\n<meta name=\"twitter:card\" content=\"summary_large_image\" \/>\n<meta name=\"twitter:creator\" content=\"@webdo_tn\" \/>\n<meta name=\"twitter:site\" content=\"@webdo_tn\" \/>\n<meta name=\"twitter:label1\" content=\"\u00c9crit par\" \/>\n\t<meta name=\"twitter:data1\" content=\"webdo.tn\" \/>\n\t<meta name=\"twitter:label2\" content=\"Dur\u00e9e de lecture estim\u00e9e\" \/>\n\t<meta name=\"twitter:data2\" content=\"3 minutes\" \/>\n<script type=\"application\/ld+json\" class=\"yoast-schema-graph\">{\"@context\":\"https:\\\/\\\/schema.org\",\"@graph\":[{\"@type\":\"NewsArticle\",\"@id\":\"https:\\\/\\\/www.webdo.tn\\\/fr\\\/actualite\\\/divers\\\/palestine-nouveau-souffle-inspire-par-la-tunisie-et-legypte\\\/178606\\\/#article\",\"isPartOf\":{\"@id\":\"https:\\\/\\\/www.webdo.tn\\\/fr\\\/actualite\\\/divers\\\/palestine-nouveau-souffle-inspire-par-la-tunisie-et-legypte\\\/178606\\\/\"},\"author\":{\"name\":\"webdo.tn\",\"@id\":\"https:\\\/\\\/www.webdo.tn\\\/fr\\\/#\\\/schema\\\/person\\\/9a9c6118d687c117df8ef3cc36a4d175\"},\"headline\":\"Palestine : nouveau souffle inspir\u00e9 par la Tunisie et l\u2019\u00c9gypte\",\"datePublished\":\"2011-06-08T13:14:00+00:00\",\"dateModified\":\"2025-06-04T19:11:38+00:00\",\"mainEntityOfPage\":{\"@id\":\"https:\\\/\\\/www.webdo.tn\\\/fr\\\/actualite\\\/divers\\\/palestine-nouveau-souffle-inspire-par-la-tunisie-et-legypte\\\/178606\\\/\"},\"wordCount\":675,\"commentCount\":0,\"publisher\":{\"@id\":\"https:\\\/\\\/www.webdo.tn\\\/fr\\\/#organization\"},\"image\":{\"@id\":\"https:\\\/\\\/www.webdo.tn\\\/fr\\\/actualite\\\/divers\\\/palestine-nouveau-souffle-inspire-par-la-tunisie-et-legypte\\\/178606\\\/#primaryimage\"},\"thumbnailUrl\":\"https:\\\/\\\/www.webdo.tn\\\/fr\\\/wp-content\\\/uploads\\\/2011\\\/06\\\/palestine-libre-150x150-1.jpg\",\"articleSection\":[\"Divers\"],\"inLanguage\":\"fr-FR\"},{\"@type\":\"WebPage\",\"@id\":\"https:\\\/\\\/www.webdo.tn\\\/fr\\\/actualite\\\/divers\\\/palestine-nouveau-souffle-inspire-par-la-tunisie-et-legypte\\\/178606\\\/\",\"url\":\"https:\\\/\\\/www.webdo.tn\\\/fr\\\/actualite\\\/divers\\\/palestine-nouveau-souffle-inspire-par-la-tunisie-et-legypte\\\/178606\\\/\",\"name\":\"Palestine : nouveau souffle inspir\u00e9 par la Tunisie et l\u2019\u00c9gypte\",\"isPartOf\":{\"@id\":\"https:\\\/\\\/www.webdo.tn\\\/fr\\\/#website\"},\"primaryImageOfPage\":{\"@id\":\"https:\\\/\\\/www.webdo.tn\\\/fr\\\/actualite\\\/divers\\\/palestine-nouveau-souffle-inspire-par-la-tunisie-et-legypte\\\/178606\\\/#primaryimage\"},\"image\":{\"@id\":\"https:\\\/\\\/www.webdo.tn\\\/fr\\\/actualite\\\/divers\\\/palestine-nouveau-souffle-inspire-par-la-tunisie-et-legypte\\\/178606\\\/#primaryimage\"},\"thumbnailUrl\":\"https:\\\/\\\/www.webdo.tn\\\/fr\\\/wp-content\\\/uploads\\\/2011\\\/06\\\/palestine-libre-150x150-1.jpg\",\"datePublished\":\"2011-06-08T13:14:00+00:00\",\"dateModified\":\"2025-06-04T19:11:38+00:00\",\"description\":\"Palestine : nouveau souffle inspir\u00e9 par la Tunisie et l\u2019\u00c9gypte\",\"breadcrumb\":{\"@id\":\"https:\\\/\\\/www.webdo.tn\\\/fr\\\/actualite\\\/divers\\\/palestine-nouveau-souffle-inspire-par-la-tunisie-et-legypte\\\/178606\\\/#breadcrumb\"},\"inLanguage\":\"fr-FR\",\"potentialAction\":[{\"@type\":\"ReadAction\",\"target\":[\"https:\\\/\\\/www.webdo.tn\\\/fr\\\/actualite\\\/divers\\\/palestine-nouveau-souffle-inspire-par-la-tunisie-et-legypte\\\/178606\\\/\"]}]},{\"@type\":\"ImageObject\",\"inLanguage\":\"fr-FR\",\"@id\":\"https:\\\/\\\/www.webdo.tn\\\/fr\\\/actualite\\\/divers\\\/palestine-nouveau-souffle-inspire-par-la-tunisie-et-legypte\\\/178606\\\/#primaryimage\",\"url\":\"https:\\\/\\\/www.webdo.tn\\\/fr\\\/wp-content\\\/uploads\\\/2011\\\/06\\\/palestine-libre-150x150-1.jpg\",\"contentUrl\":\"https:\\\/\\\/www.webdo.tn\\\/fr\\\/wp-content\\\/uploads\\\/2011\\\/06\\\/palestine-libre-150x150-1.jpg\",\"width\":150,\"height\":150,\"caption\":\"Palestine : nouveau souffle inspir\u00e9 par la Tunisie et l\u2019\u00c9gypte\"},{\"@type\":\"BreadcrumbList\",\"@id\":\"https:\\\/\\\/www.webdo.tn\\\/fr\\\/actualite\\\/divers\\\/palestine-nouveau-souffle-inspire-par-la-tunisie-et-legypte\\\/178606\\\/#breadcrumb\",\"itemListElement\":[{\"@type\":\"ListItem\",\"position\":1,\"name\":\"Accueil\",\"item\":\"https:\\\/\\\/www.webdo.tn\\\/fr\\\/\"},{\"@type\":\"ListItem\",\"position\":2,\"name\":\"Palestine : nouveau souffle inspir\u00e9 par la Tunisie et l\u2019\u00c9gypte\"}]},{\"@type\":\"WebSite\",\"@id\":\"https:\\\/\\\/www.webdo.tn\\\/fr\\\/#website\",\"url\":\"https:\\\/\\\/www.webdo.tn\\\/fr\\\/\",\"name\":\"webdo\",\"description\":\"Tunisie - News en Tunisie et \u00e0 l&#039;international sur Webdo.tn\",\"publisher\":{\"@id\":\"https:\\\/\\\/www.webdo.tn\\\/fr\\\/#organization\"},\"potentialAction\":[{\"@type\":\"SearchAction\",\"target\":{\"@type\":\"EntryPoint\",\"urlTemplate\":\"https:\\\/\\\/www.webdo.tn\\\/fr\\\/?s={search_term_string}\"},\"query-input\":{\"@type\":\"PropertyValueSpecification\",\"valueRequired\":true,\"valueName\":\"search_term_string\"}}],\"inLanguage\":\"fr-FR\"},{\"@type\":\"Organization\",\"@id\":\"https:\\\/\\\/www.webdo.tn\\\/fr\\\/#organization\",\"name\":\"Webdo\",\"alternateName\":\"Webdo.tn\",\"url\":\"https:\\\/\\\/www.webdo.tn\\\/fr\\\/\",\"logo\":{\"@type\":\"ImageObject\",\"inLanguage\":\"fr-FR\",\"@id\":\"https:\\\/\\\/www.webdo.tn\\\/fr\\\/#\\\/schema\\\/logo\\\/image\\\/\",\"url\":\"https:\\\/\\\/www.webdo.tn\\\/fr\\\/wp-content\\\/uploads\\\/2025\\\/06\\\/Webdo-Tunisie_168377.jpg\",\"contentUrl\":\"https:\\\/\\\/www.webdo.tn\\\/fr\\\/wp-content\\\/uploads\\\/2025\\\/06\\\/Webdo-Tunisie_168377.jpg\",\"width\":301,\"height\":301,\"caption\":\"Webdo\"},\"image\":{\"@id\":\"https:\\\/\\\/www.webdo.tn\\\/fr\\\/#\\\/schema\\\/logo\\\/image\\\/\"},\"sameAs\":[\"https:\\\/\\\/www.facebook.com\\\/webdotn\",\"https:\\\/\\\/x.com\\\/webdo_tn\"],\"description\":\"Webdo est un m\u00e9dia num\u00e9rique tunisien fond\u00e9 en 2010, sp\u00e9cialis\u00e9 dans l\u2019actualit\u00e9 nationale et internationale, l\u2019\u00e9conomie, la soci\u00e9t\u00e9 et les analyses politiques. Le site s\u2019adresse \u00e0 un large public francophone et couvre l\u2019information tunisienne en temps r\u00e9el.\",\"email\":\"redac@webdo.tn\",\"legalName\":\"YNJ SARL\",\"foundingDate\":\"2010-09-06\",\"numberOfEmployees\":{\"@type\":\"QuantitativeValue\",\"minValue\":\"11\",\"maxValue\":\"50\"}},{\"@type\":\"Person\",\"@id\":\"https:\\\/\\\/www.webdo.tn\\\/fr\\\/#\\\/schema\\\/person\\\/9a9c6118d687c117df8ef3cc36a4d175\",\"name\":\"webdo.tn\",\"image\":{\"@type\":\"ImageObject\",\"inLanguage\":\"fr-FR\",\"@id\":\"https:\\\/\\\/secure.gravatar.com\\\/avatar\\\/7ce1f28c0c3bbac99ff550b85ef8e44a6950c6ee24514fb6a5489e51d06f0298?s=96&d=mm&r=g\",\"url\":\"https:\\\/\\\/secure.gravatar.com\\\/avatar\\\/7ce1f28c0c3bbac99ff550b85ef8e44a6950c6ee24514fb6a5489e51d06f0298?s=96&d=mm&r=g\",\"contentUrl\":\"https:\\\/\\\/secure.gravatar.com\\\/avatar\\\/7ce1f28c0c3bbac99ff550b85ef8e44a6950c6ee24514fb6a5489e51d06f0298?s=96&d=mm&r=g\",\"caption\":\"webdo.tn\"},\"url\":\"https:\\\/\\\/www.webdo.tn\\\/fr\\\/actualite\\\/author\\\/webdotn\\\/\"}]}<\/script>\n<!-- \/ Yoast SEO Premium plugin. -->","yoast_head_json":{"title":"Palestine : nouveau souffle inspir\u00e9 par la Tunisie et l\u2019\u00c9gypte","description":"Palestine : nouveau souffle inspir\u00e9 par la Tunisie et l\u2019\u00c9gypte","canonical":"https:\/\/www.webdo.tn\/fr\/actualite\/divers\/palestine-nouveau-souffle-inspire-par-la-tunisie-et-legypte\/178606\/","og_locale":"fr_FR","og_type":"article","og_title":"Palestine : nouveau souffle inspir\u00e9 par la Tunisie et l\u2019\u00c9gypte","og_description":"Palestine : nouveau souffle inspir\u00e9 par la Tunisie et l\u2019\u00c9gypte","og_url":"https:\/\/www.webdo.tn\/fr\/actualite\/divers\/palestine-nouveau-souffle-inspire-par-la-tunisie-et-legypte\/178606\/","og_site_name":"webdo","article_publisher":"https:\/\/www.facebook.com\/webdotn","article_published_time":"2011-06-08T13:14:00+00:00","article_modified_time":"2025-06-04T19:11:38+00:00","og_image":[{"width":150,"height":150,"url":"https:\/\/www.webdo.tn\/fr\/wp-content\/uploads\/2011\/06\/palestine-libre-150x150-1.jpg","type":"image\/jpeg"}],"author":"webdo.tn","twitter_card":"summary_large_image","twitter_creator":"@webdo_tn","twitter_site":"@webdo_tn","twitter_misc":{"\u00c9crit par":"webdo.tn","Dur\u00e9e de lecture estim\u00e9e":"3 minutes"},"schema":{"@context":"https:\/\/schema.org","@graph":[{"@type":"NewsArticle","@id":"https:\/\/www.webdo.tn\/fr\/actualite\/divers\/palestine-nouveau-souffle-inspire-par-la-tunisie-et-legypte\/178606\/#article","isPartOf":{"@id":"https:\/\/www.webdo.tn\/fr\/actualite\/divers\/palestine-nouveau-souffle-inspire-par-la-tunisie-et-legypte\/178606\/"},"author":{"name":"webdo.tn","@id":"https:\/\/www.webdo.tn\/fr\/#\/schema\/person\/9a9c6118d687c117df8ef3cc36a4d175"},"headline":"Palestine : nouveau souffle inspir\u00e9 par la Tunisie et l\u2019\u00c9gypte","datePublished":"2011-06-08T13:14:00+00:00","dateModified":"2025-06-04T19:11:38+00:00","mainEntityOfPage":{"@id":"https:\/\/www.webdo.tn\/fr\/actualite\/divers\/palestine-nouveau-souffle-inspire-par-la-tunisie-et-legypte\/178606\/"},"wordCount":675,"commentCount":0,"publisher":{"@id":"https:\/\/www.webdo.tn\/fr\/#organization"},"image":{"@id":"https:\/\/www.webdo.tn\/fr\/actualite\/divers\/palestine-nouveau-souffle-inspire-par-la-tunisie-et-legypte\/178606\/#primaryimage"},"thumbnailUrl":"https:\/\/www.webdo.tn\/fr\/wp-content\/uploads\/2011\/06\/palestine-libre-150x150-1.jpg","articleSection":["Divers"],"inLanguage":"fr-FR"},{"@type":"WebPage","@id":"https:\/\/www.webdo.tn\/fr\/actualite\/divers\/palestine-nouveau-souffle-inspire-par-la-tunisie-et-legypte\/178606\/","url":"https:\/\/www.webdo.tn\/fr\/actualite\/divers\/palestine-nouveau-souffle-inspire-par-la-tunisie-et-legypte\/178606\/","name":"Palestine : nouveau souffle inspir\u00e9 par la Tunisie et l\u2019\u00c9gypte","isPartOf":{"@id":"https:\/\/www.webdo.tn\/fr\/#website"},"primaryImageOfPage":{"@id":"https:\/\/www.webdo.tn\/fr\/actualite\/divers\/palestine-nouveau-souffle-inspire-par-la-tunisie-et-legypte\/178606\/#primaryimage"},"image":{"@id":"https:\/\/www.webdo.tn\/fr\/actualite\/divers\/palestine-nouveau-souffle-inspire-par-la-tunisie-et-legypte\/178606\/#primaryimage"},"thumbnailUrl":"https:\/\/www.webdo.tn\/fr\/wp-content\/uploads\/2011\/06\/palestine-libre-150x150-1.jpg","datePublished":"2011-06-08T13:14:00+00:00","dateModified":"2025-06-04T19:11:38+00:00","description":"Palestine : nouveau souffle inspir\u00e9 par la Tunisie et l\u2019\u00c9gypte","breadcrumb":{"@id":"https:\/\/www.webdo.tn\/fr\/actualite\/divers\/palestine-nouveau-souffle-inspire-par-la-tunisie-et-legypte\/178606\/#breadcrumb"},"inLanguage":"fr-FR","potentialAction":[{"@type":"ReadAction","target":["https:\/\/www.webdo.tn\/fr\/actualite\/divers\/palestine-nouveau-souffle-inspire-par-la-tunisie-et-legypte\/178606\/"]}]},{"@type":"ImageObject","inLanguage":"fr-FR","@id":"https:\/\/www.webdo.tn\/fr\/actualite\/divers\/palestine-nouveau-souffle-inspire-par-la-tunisie-et-legypte\/178606\/#primaryimage","url":"https:\/\/www.webdo.tn\/fr\/wp-content\/uploads\/2011\/06\/palestine-libre-150x150-1.jpg","contentUrl":"https:\/\/www.webdo.tn\/fr\/wp-content\/uploads\/2011\/06\/palestine-libre-150x150-1.jpg","width":150,"height":150,"caption":"Palestine : nouveau souffle inspir\u00e9 par la Tunisie et l\u2019\u00c9gypte"},{"@type":"BreadcrumbList","@id":"https:\/\/www.webdo.tn\/fr\/actualite\/divers\/palestine-nouveau-souffle-inspire-par-la-tunisie-et-legypte\/178606\/#breadcrumb","itemListElement":[{"@type":"ListItem","position":1,"name":"Accueil","item":"https:\/\/www.webdo.tn\/fr\/"},{"@type":"ListItem","position":2,"name":"Palestine : nouveau souffle inspir\u00e9 par la Tunisie et l\u2019\u00c9gypte"}]},{"@type":"WebSite","@id":"https:\/\/www.webdo.tn\/fr\/#website","url":"https:\/\/www.webdo.tn\/fr\/","name":"webdo","description":"Tunisie - News en Tunisie et \u00e0 l&#039;international sur Webdo.tn","publisher":{"@id":"https:\/\/www.webdo.tn\/fr\/#organization"},"potentialAction":[{"@type":"SearchAction","target":{"@type":"EntryPoint","urlTemplate":"https:\/\/www.webdo.tn\/fr\/?s={search_term_string}"},"query-input":{"@type":"PropertyValueSpecification","valueRequired":true,"valueName":"search_term_string"}}],"inLanguage":"fr-FR"},{"@type":"Organization","@id":"https:\/\/www.webdo.tn\/fr\/#organization","name":"Webdo","alternateName":"Webdo.tn","url":"https:\/\/www.webdo.tn\/fr\/","logo":{"@type":"ImageObject","inLanguage":"fr-FR","@id":"https:\/\/www.webdo.tn\/fr\/#\/schema\/logo\/image\/","url":"https:\/\/www.webdo.tn\/fr\/wp-content\/uploads\/2025\/06\/Webdo-Tunisie_168377.jpg","contentUrl":"https:\/\/www.webdo.tn\/fr\/wp-content\/uploads\/2025\/06\/Webdo-Tunisie_168377.jpg","width":301,"height":301,"caption":"Webdo"},"image":{"@id":"https:\/\/www.webdo.tn\/fr\/#\/schema\/logo\/image\/"},"sameAs":["https:\/\/www.facebook.com\/webdotn","https:\/\/x.com\/webdo_tn"],"description":"Webdo est un m\u00e9dia num\u00e9rique tunisien fond\u00e9 en 2010, sp\u00e9cialis\u00e9 dans l\u2019actualit\u00e9 nationale et internationale, l\u2019\u00e9conomie, la soci\u00e9t\u00e9 et les analyses politiques. Le site s\u2019adresse \u00e0 un large public francophone et couvre l\u2019information tunisienne en temps r\u00e9el.","email":"redac@webdo.tn","legalName":"YNJ SARL","foundingDate":"2010-09-06","numberOfEmployees":{"@type":"QuantitativeValue","minValue":"11","maxValue":"50"}},{"@type":"Person","@id":"https:\/\/www.webdo.tn\/fr\/#\/schema\/person\/9a9c6118d687c117df8ef3cc36a4d175","name":"webdo.tn","image":{"@type":"ImageObject","inLanguage":"fr-FR","@id":"https:\/\/secure.gravatar.com\/avatar\/7ce1f28c0c3bbac99ff550b85ef8e44a6950c6ee24514fb6a5489e51d06f0298?s=96&d=mm&r=g","url":"https:\/\/secure.gravatar.com\/avatar\/7ce1f28c0c3bbac99ff550b85ef8e44a6950c6ee24514fb6a5489e51d06f0298?s=96&d=mm&r=g","contentUrl":"https:\/\/secure.gravatar.com\/avatar\/7ce1f28c0c3bbac99ff550b85ef8e44a6950c6ee24514fb6a5489e51d06f0298?s=96&d=mm&r=g","caption":"webdo.tn"},"url":"https:\/\/www.webdo.tn\/fr\/actualite\/author\/webdotn\/"}]}},"_links":{"self":[{"href":"https:\/\/www.webdo.tn\/fr\/wp-json\/wp\/v2\/posts\/178606","targetHints":{"allow":["GET"]}}],"collection":[{"href":"https:\/\/www.webdo.tn\/fr\/wp-json\/wp\/v2\/posts"}],"about":[{"href":"https:\/\/www.webdo.tn\/fr\/wp-json\/wp\/v2\/types\/post"}],"author":[{"embeddable":true,"href":"https:\/\/www.webdo.tn\/fr\/wp-json\/wp\/v2\/users\/3222"}],"replies":[{"embeddable":true,"href":"https:\/\/www.webdo.tn\/fr\/wp-json\/wp\/v2\/comments?post=178606"}],"version-history":[{"count":0,"href":"https:\/\/www.webdo.tn\/fr\/wp-json\/wp\/v2\/posts\/178606\/revisions"}],"wp:featuredmedia":[{"embeddable":true,"href":"https:\/\/www.webdo.tn\/fr\/wp-json\/wp\/v2\/media\/365338"}],"wp:attachment":[{"href":"https:\/\/www.webdo.tn\/fr\/wp-json\/wp\/v2\/media?parent=178606"}],"wp:term":[{"taxonomy":"category","embeddable":true,"href":"https:\/\/www.webdo.tn\/fr\/wp-json\/wp\/v2\/categories?post=178606"},{"taxonomy":"post_tag","embeddable":true,"href":"https:\/\/www.webdo.tn\/fr\/wp-json\/wp\/v2\/tags?post=178606"}],"curies":[{"name":"wp","href":"https:\/\/api.w.org\/{rel}","templated":true}]}}