{"id":178605,"date":"2011-06-08T15:29:00","date_gmt":"2011-06-08T15:29:00","guid":{"rendered":"https:\/\/www.webdo.tn\/fr\/actualite\/blog\/comment-les-palestiniens-malmenent-israel-sur-facebook\/178605\/"},"modified":"2025-06-04T19:11:41","modified_gmt":"2025-06-04T19:11:41","slug":"comment-les-palestiniens-malmenent-israel-sur-facebook","status":"publish","type":"post","link":"https:\/\/www.webdo.tn\/fr\/actualite\/divers\/comment-les-palestiniens-malmenent-israel-sur-facebook\/178605\/","title":{"rendered":"Comment les Palestiniens malm\u00e8nent Isra\u00ebl sur Facebook&#8230;"},"content":{"rendered":"<p>(Beyrouth, Liban) \u201cNous utilisons Facebook bien s\u00fbr, comme les Tunisiens. Nous savons aussi que l&rsquo;ennemi nous surveille de pr\u00e8s. Facebook, nous l&rsquo;avons adapt\u00e9 \u00e0 nos besoins\u201d, a d\u00e9clar\u00e9 Abou Omar, un activiste palestinien, dans une rencontre avec Webdo, dans l&rsquo;un des camps palestiniens au sud de la capitale libanaise.<\/p>\n<p>\u201cNous n&rsquo;avons pas besoin d&rsquo;Internet pour communiquer entre nous. Nous sommes entass\u00e9s par milliers sur quelques centaines de m\u00e8tres carr\u00e9s. Le mot se propage tr\u00e8s vite, de bouche \u00e0 oreille\u201d.<\/p>\n<p>Depuis les camps, les Palestiniens utilisent massivement Facebook mais l&rsquo;ont d\u00e9rout\u00e9, donc, de son utilit\u00e9 primaire : partager les informations.<\/p>\n<p>Webdo est entr\u00e9 en contact avec un autre activiste, souhaitant garder l&rsquo;anonymat. Il est pr\u00e9sent\u00e9 comme l&rsquo;auteur de la strat\u00e9gie utilis\u00e9e par les Palestiniens, lors des activit\u00e9s du 5 juin 2011. Une marche \u201cdu Retour en Palestine\u201d \u00e9tait organis\u00e9e ce jour-l\u00e0.<\/p>\n<p>\u201cL&rsquo;id\u00e9e \u00e9tait de cr\u00e9er plusieurs pages Facebook annon\u00e7ant plusieurs actions \u00e0 diff\u00e9rents points de la fronti\u00e8res sud du Liban\u201d a expliqu\u00e9 l&rsquo;activiste. Mais r\u00e9ellement, rien de tout cela n&rsquo;a eu lieu.  <\/p>\n<p>\u201cLe but est de faire d\u00e9ployer les forces arm\u00e9e ennemies tout au long de la fronti\u00e8res. \u00c7a leur cause des pertes par millions de dollars\u201d.<\/p>\n<p>L&rsquo;activiste a ajout\u00e9 qu&rsquo;\u00e0 la perte financi\u00e8re, s&rsquo;ajoutait l&rsquo;\u00e9norme stress au niveau des soldats isra\u00e9liens. \u201cIls nous attendent \u00e0 certains points. Que nous allons \u00e0 d&rsquo;autres points ou pas du tout, c&rsquo;est d\u00e9j\u00e0 une r\u00e9ussite !\u201d.<\/p>\n<p>Les Palestiniens semblent vouloir jouer la guerre des nerfs avec les Isra\u00e9liens. \u201cLes Palestiniens ont jou\u00e9 le jeu. Dans les commentaires sur ces vraies pages mais \u00e0 faux message, certains parlaient de ballons gonflables, de planeurs et autres techniques pour traverser la barri\u00e8re frontali\u00e8re\u201d.<\/p>\n<p>Les Palestiniens ont fait passer le mot entre eux, dans les camps, de ne pas croire aux informations propag\u00e9es sur Facebook. D&rsquo;apr\u00e8s l&rsquo;activiste, \u201cLes r\u00e9seaux sociaux sont d\u00e9j\u00e0 infiltr\u00e9s par l&rsquo;ennemi pour espionner et pour d\u00e9sinformer\u201d.<\/p>\n","protected":false},"excerpt":{"rendered":"<p>Comment les Palestiniens malm\u00e8nent Isra\u00ebl sur Facebook&#8230;<\/p>\n","protected":false},"author":3222,"featured_media":365341,"comment_status":"open","ping_status":"closed","sticky":false,"template":"","format":"standard","meta":{"footnotes":""},"categories":[2839],"tags":[],"class_list":["post-178605","post","type-post","status-publish","format-standard","has-post-thumbnail","hentry","category-divers"],"yoast_head":"<!-- This site is optimized with the Yoast SEO Premium plugin v27.4 (Yoast SEO v27.5) - https:\/\/yoast.com\/product\/yoast-seo-premium-wordpress\/ -->\n<title>Comment les Palestiniens malm\u00e8nent Isra\u00ebl sur Facebook...<\/title>\n<meta name=\"description\" content=\"Comment les Palestiniens malm\u00e8nent Isra\u00ebl sur Facebook...\" \/>\n<link rel=\"canonical\" href=\"https:\/\/www.webdo.tn\/fr\/actualite\/divers\/comment-les-palestiniens-malmenent-israel-sur-facebook\/178605\/\" \/>\n<meta property=\"og:locale\" content=\"fr_FR\" \/>\n<meta property=\"og:type\" content=\"article\" \/>\n<meta property=\"og:title\" content=\"Comment les Palestiniens malm\u00e8nent Isra\u00ebl sur Facebook...\" \/>\n<meta property=\"og:description\" content=\"Comment les Palestiniens malm\u00e8nent Isra\u00ebl sur Facebook...\" \/>\n<meta property=\"og:url\" content=\"https:\/\/www.webdo.tn\/fr\/actualite\/divers\/comment-les-palestiniens-malmenent-israel-sur-facebook\/178605\/\" \/>\n<meta property=\"og:site_name\" content=\"webdo\" \/>\n<meta property=\"article:publisher\" content=\"https:\/\/www.facebook.com\/webdotn\" \/>\n<meta property=\"article:published_time\" content=\"2011-06-08T15:29:00+00:00\" \/>\n<meta property=\"article:modified_time\" content=\"2025-06-04T19:11:41+00:00\" \/>\n<meta property=\"og:image\" content=\"https:\/\/www.webdo.tn\/fr\/wp-content\/uploads\/2011\/06\/Intifada1.jpg\" \/>\n\t<meta property=\"og:image:width\" content=\"200\" \/>\n\t<meta property=\"og:image:height\" content=\"233\" \/>\n\t<meta property=\"og:image:type\" content=\"image\/jpeg\" \/>\n<meta name=\"author\" content=\"webdo.tn\" \/>\n<meta name=\"twitter:card\" content=\"summary_large_image\" \/>\n<meta name=\"twitter:creator\" content=\"@webdo_tn\" \/>\n<meta name=\"twitter:site\" content=\"@webdo_tn\" \/>\n<meta name=\"twitter:label1\" content=\"\u00c9crit par\" \/>\n\t<meta name=\"twitter:data1\" content=\"webdo.tn\" \/>\n\t<meta name=\"twitter:label2\" content=\"Dur\u00e9e de lecture estim\u00e9e\" \/>\n\t<meta name=\"twitter:data2\" content=\"2 minutes\" \/>\n<script type=\"application\/ld+json\" class=\"yoast-schema-graph\">{\"@context\":\"https:\\\/\\\/schema.org\",\"@graph\":[{\"@type\":\"NewsArticle\",\"@id\":\"https:\\\/\\\/www.webdo.tn\\\/fr\\\/actualite\\\/divers\\\/comment-les-palestiniens-malmenent-israel-sur-facebook\\\/178605\\\/#article\",\"isPartOf\":{\"@id\":\"https:\\\/\\\/www.webdo.tn\\\/fr\\\/actualite\\\/divers\\\/comment-les-palestiniens-malmenent-israel-sur-facebook\\\/178605\\\/\"},\"author\":{\"name\":\"webdo.tn\",\"@id\":\"https:\\\/\\\/www.webdo.tn\\\/fr\\\/#\\\/schema\\\/person\\\/9a9c6118d687c117df8ef3cc36a4d175\"},\"headline\":\"Comment les Palestiniens malm\u00e8nent Isra\u00ebl sur Facebook&#8230;\",\"datePublished\":\"2011-06-08T15:29:00+00:00\",\"dateModified\":\"2025-06-04T19:11:41+00:00\",\"mainEntityOfPage\":{\"@id\":\"https:\\\/\\\/www.webdo.tn\\\/fr\\\/actualite\\\/divers\\\/comment-les-palestiniens-malmenent-israel-sur-facebook\\\/178605\\\/\"},\"wordCount\":365,\"commentCount\":0,\"publisher\":{\"@id\":\"https:\\\/\\\/www.webdo.tn\\\/fr\\\/#organization\"},\"image\":{\"@id\":\"https:\\\/\\\/www.webdo.tn\\\/fr\\\/actualite\\\/divers\\\/comment-les-palestiniens-malmenent-israel-sur-facebook\\\/178605\\\/#primaryimage\"},\"thumbnailUrl\":\"https:\\\/\\\/www.webdo.tn\\\/fr\\\/wp-content\\\/uploads\\\/2011\\\/06\\\/Intifada1.jpg\",\"articleSection\":[\"Divers\"],\"inLanguage\":\"fr-FR\"},{\"@type\":\"WebPage\",\"@id\":\"https:\\\/\\\/www.webdo.tn\\\/fr\\\/actualite\\\/divers\\\/comment-les-palestiniens-malmenent-israel-sur-facebook\\\/178605\\\/\",\"url\":\"https:\\\/\\\/www.webdo.tn\\\/fr\\\/actualite\\\/divers\\\/comment-les-palestiniens-malmenent-israel-sur-facebook\\\/178605\\\/\",\"name\":\"Comment les Palestiniens malm\u00e8nent Isra\u00ebl sur Facebook...\",\"isPartOf\":{\"@id\":\"https:\\\/\\\/www.webdo.tn\\\/fr\\\/#website\"},\"primaryImageOfPage\":{\"@id\":\"https:\\\/\\\/www.webdo.tn\\\/fr\\\/actualite\\\/divers\\\/comment-les-palestiniens-malmenent-israel-sur-facebook\\\/178605\\\/#primaryimage\"},\"image\":{\"@id\":\"https:\\\/\\\/www.webdo.tn\\\/fr\\\/actualite\\\/divers\\\/comment-les-palestiniens-malmenent-israel-sur-facebook\\\/178605\\\/#primaryimage\"},\"thumbnailUrl\":\"https:\\\/\\\/www.webdo.tn\\\/fr\\\/wp-content\\\/uploads\\\/2011\\\/06\\\/Intifada1.jpg\",\"datePublished\":\"2011-06-08T15:29:00+00:00\",\"dateModified\":\"2025-06-04T19:11:41+00:00\",\"description\":\"Comment les Palestiniens malm\u00e8nent Isra\u00ebl sur Facebook...\",\"breadcrumb\":{\"@id\":\"https:\\\/\\\/www.webdo.tn\\\/fr\\\/actualite\\\/divers\\\/comment-les-palestiniens-malmenent-israel-sur-facebook\\\/178605\\\/#breadcrumb\"},\"inLanguage\":\"fr-FR\",\"potentialAction\":[{\"@type\":\"ReadAction\",\"target\":[\"https:\\\/\\\/www.webdo.tn\\\/fr\\\/actualite\\\/divers\\\/comment-les-palestiniens-malmenent-israel-sur-facebook\\\/178605\\\/\"]}]},{\"@type\":\"ImageObject\",\"inLanguage\":\"fr-FR\",\"@id\":\"https:\\\/\\\/www.webdo.tn\\\/fr\\\/actualite\\\/divers\\\/comment-les-palestiniens-malmenent-israel-sur-facebook\\\/178605\\\/#primaryimage\",\"url\":\"https:\\\/\\\/www.webdo.tn\\\/fr\\\/wp-content\\\/uploads\\\/2011\\\/06\\\/Intifada1.jpg\",\"contentUrl\":\"https:\\\/\\\/www.webdo.tn\\\/fr\\\/wp-content\\\/uploads\\\/2011\\\/06\\\/Intifada1.jpg\",\"width\":200,\"height\":233,\"caption\":\"Comment les Palestiniens malm\u00e8nent Isra\u00ebl sur Facebook...\"},{\"@type\":\"BreadcrumbList\",\"@id\":\"https:\\\/\\\/www.webdo.tn\\\/fr\\\/actualite\\\/divers\\\/comment-les-palestiniens-malmenent-israel-sur-facebook\\\/178605\\\/#breadcrumb\",\"itemListElement\":[{\"@type\":\"ListItem\",\"position\":1,\"name\":\"Accueil\",\"item\":\"https:\\\/\\\/www.webdo.tn\\\/fr\\\/\"},{\"@type\":\"ListItem\",\"position\":2,\"name\":\"Comment les Palestiniens malm\u00e8nent Isra\u00ebl sur Facebook&#8230;\"}]},{\"@type\":\"WebSite\",\"@id\":\"https:\\\/\\\/www.webdo.tn\\\/fr\\\/#website\",\"url\":\"https:\\\/\\\/www.webdo.tn\\\/fr\\\/\",\"name\":\"webdo\",\"description\":\"Tunisie - News en Tunisie et \u00e0 l&#039;international sur Webdo.tn\",\"publisher\":{\"@id\":\"https:\\\/\\\/www.webdo.tn\\\/fr\\\/#organization\"},\"potentialAction\":[{\"@type\":\"SearchAction\",\"target\":{\"@type\":\"EntryPoint\",\"urlTemplate\":\"https:\\\/\\\/www.webdo.tn\\\/fr\\\/?s={search_term_string}\"},\"query-input\":{\"@type\":\"PropertyValueSpecification\",\"valueRequired\":true,\"valueName\":\"search_term_string\"}}],\"inLanguage\":\"fr-FR\"},{\"@type\":\"Organization\",\"@id\":\"https:\\\/\\\/www.webdo.tn\\\/fr\\\/#organization\",\"name\":\"Webdo\",\"alternateName\":\"Webdo.tn\",\"url\":\"https:\\\/\\\/www.webdo.tn\\\/fr\\\/\",\"logo\":{\"@type\":\"ImageObject\",\"inLanguage\":\"fr-FR\",\"@id\":\"https:\\\/\\\/www.webdo.tn\\\/fr\\\/#\\\/schema\\\/logo\\\/image\\\/\",\"url\":\"https:\\\/\\\/www.webdo.tn\\\/fr\\\/wp-content\\\/uploads\\\/2025\\\/06\\\/Webdo-Tunisie_168377.jpg\",\"contentUrl\":\"https:\\\/\\\/www.webdo.tn\\\/fr\\\/wp-content\\\/uploads\\\/2025\\\/06\\\/Webdo-Tunisie_168377.jpg\",\"width\":301,\"height\":301,\"caption\":\"Webdo\"},\"image\":{\"@id\":\"https:\\\/\\\/www.webdo.tn\\\/fr\\\/#\\\/schema\\\/logo\\\/image\\\/\"},\"sameAs\":[\"https:\\\/\\\/www.facebook.com\\\/webdotn\",\"https:\\\/\\\/x.com\\\/webdo_tn\"],\"description\":\"Webdo est un m\u00e9dia num\u00e9rique tunisien fond\u00e9 en 2010, sp\u00e9cialis\u00e9 dans l\u2019actualit\u00e9 nationale et internationale, l\u2019\u00e9conomie, la soci\u00e9t\u00e9 et les analyses politiques. Le site s\u2019adresse \u00e0 un large public francophone et couvre l\u2019information tunisienne en temps r\u00e9el.\",\"email\":\"redac@webdo.tn\",\"legalName\":\"YNJ SARL\",\"foundingDate\":\"2010-09-06\",\"numberOfEmployees\":{\"@type\":\"QuantitativeValue\",\"minValue\":\"11\",\"maxValue\":\"50\"}},{\"@type\":\"Person\",\"@id\":\"https:\\\/\\\/www.webdo.tn\\\/fr\\\/#\\\/schema\\\/person\\\/9a9c6118d687c117df8ef3cc36a4d175\",\"name\":\"webdo.tn\",\"image\":{\"@type\":\"ImageObject\",\"inLanguage\":\"fr-FR\",\"@id\":\"https:\\\/\\\/secure.gravatar.com\\\/avatar\\\/7ce1f28c0c3bbac99ff550b85ef8e44a6950c6ee24514fb6a5489e51d06f0298?s=96&d=mm&r=g\",\"url\":\"https:\\\/\\\/secure.gravatar.com\\\/avatar\\\/7ce1f28c0c3bbac99ff550b85ef8e44a6950c6ee24514fb6a5489e51d06f0298?s=96&d=mm&r=g\",\"contentUrl\":\"https:\\\/\\\/secure.gravatar.com\\\/avatar\\\/7ce1f28c0c3bbac99ff550b85ef8e44a6950c6ee24514fb6a5489e51d06f0298?s=96&d=mm&r=g\",\"caption\":\"webdo.tn\"},\"url\":\"https:\\\/\\\/www.webdo.tn\\\/fr\\\/actualite\\\/author\\\/webdotn\\\/\"}]}<\/script>\n<!-- \/ Yoast SEO Premium plugin. -->","yoast_head_json":{"title":"Comment les Palestiniens malm\u00e8nent Isra\u00ebl sur Facebook...","description":"Comment les Palestiniens malm\u00e8nent Isra\u00ebl sur Facebook...","canonical":"https:\/\/www.webdo.tn\/fr\/actualite\/divers\/comment-les-palestiniens-malmenent-israel-sur-facebook\/178605\/","og_locale":"fr_FR","og_type":"article","og_title":"Comment les Palestiniens malm\u00e8nent Isra\u00ebl sur Facebook...","og_description":"Comment les Palestiniens malm\u00e8nent Isra\u00ebl sur Facebook...","og_url":"https:\/\/www.webdo.tn\/fr\/actualite\/divers\/comment-les-palestiniens-malmenent-israel-sur-facebook\/178605\/","og_site_name":"webdo","article_publisher":"https:\/\/www.facebook.com\/webdotn","article_published_time":"2011-06-08T15:29:00+00:00","article_modified_time":"2025-06-04T19:11:41+00:00","og_image":[{"width":200,"height":233,"url":"https:\/\/www.webdo.tn\/fr\/wp-content\/uploads\/2011\/06\/Intifada1.jpg","type":"image\/jpeg"}],"author":"webdo.tn","twitter_card":"summary_large_image","twitter_creator":"@webdo_tn","twitter_site":"@webdo_tn","twitter_misc":{"\u00c9crit par":"webdo.tn","Dur\u00e9e de lecture estim\u00e9e":"2 minutes"},"schema":{"@context":"https:\/\/schema.org","@graph":[{"@type":"NewsArticle","@id":"https:\/\/www.webdo.tn\/fr\/actualite\/divers\/comment-les-palestiniens-malmenent-israel-sur-facebook\/178605\/#article","isPartOf":{"@id":"https:\/\/www.webdo.tn\/fr\/actualite\/divers\/comment-les-palestiniens-malmenent-israel-sur-facebook\/178605\/"},"author":{"name":"webdo.tn","@id":"https:\/\/www.webdo.tn\/fr\/#\/schema\/person\/9a9c6118d687c117df8ef3cc36a4d175"},"headline":"Comment les Palestiniens malm\u00e8nent Isra\u00ebl sur Facebook&#8230;","datePublished":"2011-06-08T15:29:00+00:00","dateModified":"2025-06-04T19:11:41+00:00","mainEntityOfPage":{"@id":"https:\/\/www.webdo.tn\/fr\/actualite\/divers\/comment-les-palestiniens-malmenent-israel-sur-facebook\/178605\/"},"wordCount":365,"commentCount":0,"publisher":{"@id":"https:\/\/www.webdo.tn\/fr\/#organization"},"image":{"@id":"https:\/\/www.webdo.tn\/fr\/actualite\/divers\/comment-les-palestiniens-malmenent-israel-sur-facebook\/178605\/#primaryimage"},"thumbnailUrl":"https:\/\/www.webdo.tn\/fr\/wp-content\/uploads\/2011\/06\/Intifada1.jpg","articleSection":["Divers"],"inLanguage":"fr-FR"},{"@type":"WebPage","@id":"https:\/\/www.webdo.tn\/fr\/actualite\/divers\/comment-les-palestiniens-malmenent-israel-sur-facebook\/178605\/","url":"https:\/\/www.webdo.tn\/fr\/actualite\/divers\/comment-les-palestiniens-malmenent-israel-sur-facebook\/178605\/","name":"Comment les Palestiniens malm\u00e8nent Isra\u00ebl sur Facebook...","isPartOf":{"@id":"https:\/\/www.webdo.tn\/fr\/#website"},"primaryImageOfPage":{"@id":"https:\/\/www.webdo.tn\/fr\/actualite\/divers\/comment-les-palestiniens-malmenent-israel-sur-facebook\/178605\/#primaryimage"},"image":{"@id":"https:\/\/www.webdo.tn\/fr\/actualite\/divers\/comment-les-palestiniens-malmenent-israel-sur-facebook\/178605\/#primaryimage"},"thumbnailUrl":"https:\/\/www.webdo.tn\/fr\/wp-content\/uploads\/2011\/06\/Intifada1.jpg","datePublished":"2011-06-08T15:29:00+00:00","dateModified":"2025-06-04T19:11:41+00:00","description":"Comment les Palestiniens malm\u00e8nent Isra\u00ebl sur Facebook...","breadcrumb":{"@id":"https:\/\/www.webdo.tn\/fr\/actualite\/divers\/comment-les-palestiniens-malmenent-israel-sur-facebook\/178605\/#breadcrumb"},"inLanguage":"fr-FR","potentialAction":[{"@type":"ReadAction","target":["https:\/\/www.webdo.tn\/fr\/actualite\/divers\/comment-les-palestiniens-malmenent-israel-sur-facebook\/178605\/"]}]},{"@type":"ImageObject","inLanguage":"fr-FR","@id":"https:\/\/www.webdo.tn\/fr\/actualite\/divers\/comment-les-palestiniens-malmenent-israel-sur-facebook\/178605\/#primaryimage","url":"https:\/\/www.webdo.tn\/fr\/wp-content\/uploads\/2011\/06\/Intifada1.jpg","contentUrl":"https:\/\/www.webdo.tn\/fr\/wp-content\/uploads\/2011\/06\/Intifada1.jpg","width":200,"height":233,"caption":"Comment les Palestiniens malm\u00e8nent Isra\u00ebl sur Facebook..."},{"@type":"BreadcrumbList","@id":"https:\/\/www.webdo.tn\/fr\/actualite\/divers\/comment-les-palestiniens-malmenent-israel-sur-facebook\/178605\/#breadcrumb","itemListElement":[{"@type":"ListItem","position":1,"name":"Accueil","item":"https:\/\/www.webdo.tn\/fr\/"},{"@type":"ListItem","position":2,"name":"Comment les Palestiniens malm\u00e8nent Isra\u00ebl sur Facebook&#8230;"}]},{"@type":"WebSite","@id":"https:\/\/www.webdo.tn\/fr\/#website","url":"https:\/\/www.webdo.tn\/fr\/","name":"webdo","description":"Tunisie - News en Tunisie et \u00e0 l&#039;international sur Webdo.tn","publisher":{"@id":"https:\/\/www.webdo.tn\/fr\/#organization"},"potentialAction":[{"@type":"SearchAction","target":{"@type":"EntryPoint","urlTemplate":"https:\/\/www.webdo.tn\/fr\/?s={search_term_string}"},"query-input":{"@type":"PropertyValueSpecification","valueRequired":true,"valueName":"search_term_string"}}],"inLanguage":"fr-FR"},{"@type":"Organization","@id":"https:\/\/www.webdo.tn\/fr\/#organization","name":"Webdo","alternateName":"Webdo.tn","url":"https:\/\/www.webdo.tn\/fr\/","logo":{"@type":"ImageObject","inLanguage":"fr-FR","@id":"https:\/\/www.webdo.tn\/fr\/#\/schema\/logo\/image\/","url":"https:\/\/www.webdo.tn\/fr\/wp-content\/uploads\/2025\/06\/Webdo-Tunisie_168377.jpg","contentUrl":"https:\/\/www.webdo.tn\/fr\/wp-content\/uploads\/2025\/06\/Webdo-Tunisie_168377.jpg","width":301,"height":301,"caption":"Webdo"},"image":{"@id":"https:\/\/www.webdo.tn\/fr\/#\/schema\/logo\/image\/"},"sameAs":["https:\/\/www.facebook.com\/webdotn","https:\/\/x.com\/webdo_tn"],"description":"Webdo est un m\u00e9dia num\u00e9rique tunisien fond\u00e9 en 2010, sp\u00e9cialis\u00e9 dans l\u2019actualit\u00e9 nationale et internationale, l\u2019\u00e9conomie, la soci\u00e9t\u00e9 et les analyses politiques. Le site s\u2019adresse \u00e0 un large public francophone et couvre l\u2019information tunisienne en temps r\u00e9el.","email":"redac@webdo.tn","legalName":"YNJ SARL","foundingDate":"2010-09-06","numberOfEmployees":{"@type":"QuantitativeValue","minValue":"11","maxValue":"50"}},{"@type":"Person","@id":"https:\/\/www.webdo.tn\/fr\/#\/schema\/person\/9a9c6118d687c117df8ef3cc36a4d175","name":"webdo.tn","image":{"@type":"ImageObject","inLanguage":"fr-FR","@id":"https:\/\/secure.gravatar.com\/avatar\/7ce1f28c0c3bbac99ff550b85ef8e44a6950c6ee24514fb6a5489e51d06f0298?s=96&d=mm&r=g","url":"https:\/\/secure.gravatar.com\/avatar\/7ce1f28c0c3bbac99ff550b85ef8e44a6950c6ee24514fb6a5489e51d06f0298?s=96&d=mm&r=g","contentUrl":"https:\/\/secure.gravatar.com\/avatar\/7ce1f28c0c3bbac99ff550b85ef8e44a6950c6ee24514fb6a5489e51d06f0298?s=96&d=mm&r=g","caption":"webdo.tn"},"url":"https:\/\/www.webdo.tn\/fr\/actualite\/author\/webdotn\/"}]}},"_links":{"self":[{"href":"https:\/\/www.webdo.tn\/fr\/wp-json\/wp\/v2\/posts\/178605","targetHints":{"allow":["GET"]}}],"collection":[{"href":"https:\/\/www.webdo.tn\/fr\/wp-json\/wp\/v2\/posts"}],"about":[{"href":"https:\/\/www.webdo.tn\/fr\/wp-json\/wp\/v2\/types\/post"}],"author":[{"embeddable":true,"href":"https:\/\/www.webdo.tn\/fr\/wp-json\/wp\/v2\/users\/3222"}],"replies":[{"embeddable":true,"href":"https:\/\/www.webdo.tn\/fr\/wp-json\/wp\/v2\/comments?post=178605"}],"version-history":[{"count":0,"href":"https:\/\/www.webdo.tn\/fr\/wp-json\/wp\/v2\/posts\/178605\/revisions"}],"wp:featuredmedia":[{"embeddable":true,"href":"https:\/\/www.webdo.tn\/fr\/wp-json\/wp\/v2\/media\/365341"}],"wp:attachment":[{"href":"https:\/\/www.webdo.tn\/fr\/wp-json\/wp\/v2\/media?parent=178605"}],"wp:term":[{"taxonomy":"category","embeddable":true,"href":"https:\/\/www.webdo.tn\/fr\/wp-json\/wp\/v2\/categories?post=178605"},{"taxonomy":"post_tag","embeddable":true,"href":"https:\/\/www.webdo.tn\/fr\/wp-json\/wp\/v2\/tags?post=178605"}],"curies":[{"name":"wp","href":"https:\/\/api.w.org\/{rel}","templated":true}]}}