{"id":178604,"date":"2011-06-12T22:42:00","date_gmt":"2011-06-12T22:42:00","guid":{"rendered":"https:\/\/www.webdo.tn\/fr\/actualite\/blog\/turquie-lakp-enchaine-un-troisieme-mandat-de-quoi-ravir-les-islamistes\/178604\/"},"modified":"2025-06-04T19:10:53","modified_gmt":"2025-06-04T19:10:53","slug":"turquie-lakp-enchaine-un-troisieme-mandat-de-quoi-ravir-les-islamistes","status":"publish","type":"post","link":"https:\/\/www.webdo.tn\/fr\/actualite\/divers\/turquie-lakp-enchaine-un-troisieme-mandat-de-quoi-ravir-les-islamistes\/178604\/","title":{"rendered":"Turquie: l&rsquo;AKP encha\u00eene un troisi\u00e8me mandat, de quoi ravir les islamistes?"},"content":{"rendered":"<p>L\u2019AKP (Parti de la justice et du d\u00e9veloppement), le parti au pouvoir en Turquie depuis 2002, vient de remporter, il y a quelques instants, les \u00e9lections l\u00e9gislatives avec 50,4% des voix et d&rsquo;assurer ainsi un troisi\u00e8me mandat cons\u00e9cutif.<\/p>\n<p>En Tunisie, on sait que l\u2019AKP est le mod\u00e8le que veut suivre le parti Ennahdha. Son pr\u00e9sident, Rached Ghannouchi, a maintes fois exprim\u00e9 son admiration pour ce mod\u00e8le turc. Il a m\u00eame avou\u00e9 son souhait de prendre exemple sur lui si Ennahdha remportait la majorit\u00e9 lors des prochaines \u00e9lections tunisiennes.<\/p>\n<p>Oui mais voil\u00e0, selon un expert du journal Le Monde sp\u00e9cialis\u00e9 dans la Turquie, l\u2019AKP n\u2019est pas un parti islamiste comme beaucoup le pensent. En effet, le parti d\u2019Erdogan n\u2019en est pas un vu qu\u2019il tol\u00e8re la la\u00efcit\u00e9 et qu\u2019il a toujours renonc\u00e9 \u00e0 appliquer la charia. Issu en 2001 de la scission du parti de la vertu, qui \u00e9tait pour sa part un parti islamiste, l\u2019AKP se qualifie comme un parti d\u00e9mocrate et conservateur. Il n&rsquo;est donc pas un parti islamiste au sens propre, classique. D\u2019ailleurs, l\u2019AKP a adopt\u00e9 d\u00e9s son ascension au pouvoir, le lib\u00e9ralisme \u00e9conomique, ce que les autres partis islamistes turcs refusent. Le correspondant du journal Le Monde pr\u00e9sente donc l&rsquo;AKP comme un parti \u00ab\u00a0post-islamiste\u00a0\u00bb.<\/p>\n<p>Depuis 2002, le premier ministre Erdogan a permis \u00e0 la Turquie d\u2019avoir un taux d\u2019inflation de 3,5%. Les livres scolaires et les soins y sont gratuits. En 2002, le salaire minimum \u00e9tait de 184 livres turques, aujourd\u2019hui il est \u00e0 626. La Turquie a d\u00e9pass\u00e9 sa crise financi\u00e8re et est d\u00e9sormais stable politiquement.<\/p>\n<p>Ces r\u00e9sultats tr\u00e8s flatteurs pour Erdogan donnent envie aux partis politiques des autres pays arabes, qui r\u00eavent de le prendre pour mod\u00e8le. Pour revenir donc \u00e0 Ennahdha, il serait int\u00e9ressant de voir si le parti de Ghannouchi compte se pr\u00e9senter comme un parti \u00ab\u00a0post-islamiste\u00a0\u00bb \u00e0 l&rsquo;instar de l&rsquo;AKP qu&rsquo;il essaye de suivre&#8230;<\/p>\n","protected":false},"excerpt":{"rendered":"<p>Turquie: l&rsquo;AKP encha\u00eene un troisi\u00e8me mandat, de quoi ravir les islamistes?<\/p>\n","protected":false},"author":3222,"featured_media":365306,"comment_status":"open","ping_status":"closed","sticky":false,"template":"","format":"standard","meta":{"footnotes":""},"categories":[2839],"tags":[],"class_list":["post-178604","post","type-post","status-publish","format-standard","has-post-thumbnail","hentry","category-divers"],"yoast_head":"<!-- This site is optimized with the Yoast SEO Premium plugin v27.4 (Yoast SEO v27.5) - https:\/\/yoast.com\/product\/yoast-seo-premium-wordpress\/ -->\n<title>Turquie: l&#039;AKP encha\u00eene un troisi\u00e8me mandat, de quoi ravir les islamistes?<\/title>\n<meta name=\"description\" content=\"Turquie: l&#039;AKP encha\u00eene un troisi\u00e8me mandat, de quoi ravir les islamistes?\" \/>\n<link rel=\"canonical\" href=\"https:\/\/www.webdo.tn\/fr\/actualite\/divers\/turquie-lakp-enchaine-un-troisieme-mandat-de-quoi-ravir-les-islamistes\/178604\/\" \/>\n<meta property=\"og:locale\" content=\"fr_FR\" \/>\n<meta property=\"og:type\" content=\"article\" \/>\n<meta property=\"og:title\" content=\"Turquie: l&#039;AKP encha\u00eene un troisi\u00e8me mandat, de quoi ravir les islamistes?\" \/>\n<meta property=\"og:description\" content=\"Turquie: l&#039;AKP encha\u00eene un troisi\u00e8me mandat, de quoi ravir les islamistes?\" \/>\n<meta property=\"og:url\" content=\"https:\/\/www.webdo.tn\/fr\/actualite\/divers\/turquie-lakp-enchaine-un-troisieme-mandat-de-quoi-ravir-les-islamistes\/178604\/\" \/>\n<meta property=\"og:site_name\" content=\"webdo\" \/>\n<meta property=\"article:publisher\" content=\"https:\/\/www.facebook.com\/webdotn\" \/>\n<meta property=\"article:published_time\" content=\"2011-06-12T22:42:00+00:00\" \/>\n<meta property=\"article:modified_time\" content=\"2025-06-04T19:10:53+00:00\" \/>\n<meta property=\"og:image\" content=\"https:\/\/www.webdo.tn\/fr\/wp-content\/uploads\/2011\/06\/Erdogan.jpg\" \/>\n\t<meta property=\"og:image:width\" content=\"344\" \/>\n\t<meta property=\"og:image:height\" content=\"257\" \/>\n\t<meta property=\"og:image:type\" content=\"image\/jpeg\" \/>\n<meta name=\"author\" content=\"webdo.tn\" \/>\n<meta name=\"twitter:card\" content=\"summary_large_image\" \/>\n<meta name=\"twitter:creator\" content=\"@webdo_tn\" \/>\n<meta name=\"twitter:site\" content=\"@webdo_tn\" \/>\n<meta name=\"twitter:label1\" content=\"\u00c9crit par\" \/>\n\t<meta name=\"twitter:data1\" content=\"webdo.tn\" \/>\n\t<meta name=\"twitter:label2\" content=\"Dur\u00e9e de lecture estim\u00e9e\" \/>\n\t<meta name=\"twitter:data2\" content=\"2 minutes\" \/>\n<script type=\"application\/ld+json\" class=\"yoast-schema-graph\">{\"@context\":\"https:\\\/\\\/schema.org\",\"@graph\":[{\"@type\":\"NewsArticle\",\"@id\":\"https:\\\/\\\/www.webdo.tn\\\/fr\\\/actualite\\\/divers\\\/turquie-lakp-enchaine-un-troisieme-mandat-de-quoi-ravir-les-islamistes\\\/178604\\\/#article\",\"isPartOf\":{\"@id\":\"https:\\\/\\\/www.webdo.tn\\\/fr\\\/actualite\\\/divers\\\/turquie-lakp-enchaine-un-troisieme-mandat-de-quoi-ravir-les-islamistes\\\/178604\\\/\"},\"author\":{\"name\":\"webdo.tn\",\"@id\":\"https:\\\/\\\/www.webdo.tn\\\/fr\\\/#\\\/schema\\\/person\\\/9a9c6118d687c117df8ef3cc36a4d175\"},\"headline\":\"Turquie: l&rsquo;AKP encha\u00eene un troisi\u00e8me mandat, de quoi ravir les islamistes?\",\"datePublished\":\"2011-06-12T22:42:00+00:00\",\"dateModified\":\"2025-06-04T19:10:53+00:00\",\"mainEntityOfPage\":{\"@id\":\"https:\\\/\\\/www.webdo.tn\\\/fr\\\/actualite\\\/divers\\\/turquie-lakp-enchaine-un-troisieme-mandat-de-quoi-ravir-les-islamistes\\\/178604\\\/\"},\"wordCount\":357,\"commentCount\":0,\"publisher\":{\"@id\":\"https:\\\/\\\/www.webdo.tn\\\/fr\\\/#organization\"},\"image\":{\"@id\":\"https:\\\/\\\/www.webdo.tn\\\/fr\\\/actualite\\\/divers\\\/turquie-lakp-enchaine-un-troisieme-mandat-de-quoi-ravir-les-islamistes\\\/178604\\\/#primaryimage\"},\"thumbnailUrl\":\"https:\\\/\\\/www.webdo.tn\\\/fr\\\/wp-content\\\/uploads\\\/2011\\\/06\\\/Erdogan.jpg\",\"articleSection\":[\"Divers\"],\"inLanguage\":\"fr-FR\"},{\"@type\":\"WebPage\",\"@id\":\"https:\\\/\\\/www.webdo.tn\\\/fr\\\/actualite\\\/divers\\\/turquie-lakp-enchaine-un-troisieme-mandat-de-quoi-ravir-les-islamistes\\\/178604\\\/\",\"url\":\"https:\\\/\\\/www.webdo.tn\\\/fr\\\/actualite\\\/divers\\\/turquie-lakp-enchaine-un-troisieme-mandat-de-quoi-ravir-les-islamistes\\\/178604\\\/\",\"name\":\"Turquie: l'AKP encha\u00eene un troisi\u00e8me mandat, de quoi ravir les islamistes?\",\"isPartOf\":{\"@id\":\"https:\\\/\\\/www.webdo.tn\\\/fr\\\/#website\"},\"primaryImageOfPage\":{\"@id\":\"https:\\\/\\\/www.webdo.tn\\\/fr\\\/actualite\\\/divers\\\/turquie-lakp-enchaine-un-troisieme-mandat-de-quoi-ravir-les-islamistes\\\/178604\\\/#primaryimage\"},\"image\":{\"@id\":\"https:\\\/\\\/www.webdo.tn\\\/fr\\\/actualite\\\/divers\\\/turquie-lakp-enchaine-un-troisieme-mandat-de-quoi-ravir-les-islamistes\\\/178604\\\/#primaryimage\"},\"thumbnailUrl\":\"https:\\\/\\\/www.webdo.tn\\\/fr\\\/wp-content\\\/uploads\\\/2011\\\/06\\\/Erdogan.jpg\",\"datePublished\":\"2011-06-12T22:42:00+00:00\",\"dateModified\":\"2025-06-04T19:10:53+00:00\",\"description\":\"Turquie: l'AKP encha\u00eene un troisi\u00e8me mandat, de quoi ravir les islamistes?\",\"breadcrumb\":{\"@id\":\"https:\\\/\\\/www.webdo.tn\\\/fr\\\/actualite\\\/divers\\\/turquie-lakp-enchaine-un-troisieme-mandat-de-quoi-ravir-les-islamistes\\\/178604\\\/#breadcrumb\"},\"inLanguage\":\"fr-FR\",\"potentialAction\":[{\"@type\":\"ReadAction\",\"target\":[\"https:\\\/\\\/www.webdo.tn\\\/fr\\\/actualite\\\/divers\\\/turquie-lakp-enchaine-un-troisieme-mandat-de-quoi-ravir-les-islamistes\\\/178604\\\/\"]}]},{\"@type\":\"ImageObject\",\"inLanguage\":\"fr-FR\",\"@id\":\"https:\\\/\\\/www.webdo.tn\\\/fr\\\/actualite\\\/divers\\\/turquie-lakp-enchaine-un-troisieme-mandat-de-quoi-ravir-les-islamistes\\\/178604\\\/#primaryimage\",\"url\":\"https:\\\/\\\/www.webdo.tn\\\/fr\\\/wp-content\\\/uploads\\\/2011\\\/06\\\/Erdogan.jpg\",\"contentUrl\":\"https:\\\/\\\/www.webdo.tn\\\/fr\\\/wp-content\\\/uploads\\\/2011\\\/06\\\/Erdogan.jpg\",\"width\":344,\"height\":257,\"caption\":\"Turquie: l'AKP encha\u00eene un troisi\u00e8me mandat, de quoi ravir les islamistes?\"},{\"@type\":\"BreadcrumbList\",\"@id\":\"https:\\\/\\\/www.webdo.tn\\\/fr\\\/actualite\\\/divers\\\/turquie-lakp-enchaine-un-troisieme-mandat-de-quoi-ravir-les-islamistes\\\/178604\\\/#breadcrumb\",\"itemListElement\":[{\"@type\":\"ListItem\",\"position\":1,\"name\":\"Accueil\",\"item\":\"https:\\\/\\\/www.webdo.tn\\\/fr\\\/\"},{\"@type\":\"ListItem\",\"position\":2,\"name\":\"Turquie: l&rsquo;AKP encha\u00eene un troisi\u00e8me mandat, de quoi ravir les islamistes?\"}]},{\"@type\":\"WebSite\",\"@id\":\"https:\\\/\\\/www.webdo.tn\\\/fr\\\/#website\",\"url\":\"https:\\\/\\\/www.webdo.tn\\\/fr\\\/\",\"name\":\"webdo\",\"description\":\"Tunisie - News en Tunisie et \u00e0 l&#039;international sur Webdo.tn\",\"publisher\":{\"@id\":\"https:\\\/\\\/www.webdo.tn\\\/fr\\\/#organization\"},\"potentialAction\":[{\"@type\":\"SearchAction\",\"target\":{\"@type\":\"EntryPoint\",\"urlTemplate\":\"https:\\\/\\\/www.webdo.tn\\\/fr\\\/?s={search_term_string}\"},\"query-input\":{\"@type\":\"PropertyValueSpecification\",\"valueRequired\":true,\"valueName\":\"search_term_string\"}}],\"inLanguage\":\"fr-FR\"},{\"@type\":\"Organization\",\"@id\":\"https:\\\/\\\/www.webdo.tn\\\/fr\\\/#organization\",\"name\":\"Webdo\",\"alternateName\":\"Webdo.tn\",\"url\":\"https:\\\/\\\/www.webdo.tn\\\/fr\\\/\",\"logo\":{\"@type\":\"ImageObject\",\"inLanguage\":\"fr-FR\",\"@id\":\"https:\\\/\\\/www.webdo.tn\\\/fr\\\/#\\\/schema\\\/logo\\\/image\\\/\",\"url\":\"https:\\\/\\\/www.webdo.tn\\\/fr\\\/wp-content\\\/uploads\\\/2025\\\/06\\\/Webdo-Tunisie_168377.jpg\",\"contentUrl\":\"https:\\\/\\\/www.webdo.tn\\\/fr\\\/wp-content\\\/uploads\\\/2025\\\/06\\\/Webdo-Tunisie_168377.jpg\",\"width\":301,\"height\":301,\"caption\":\"Webdo\"},\"image\":{\"@id\":\"https:\\\/\\\/www.webdo.tn\\\/fr\\\/#\\\/schema\\\/logo\\\/image\\\/\"},\"sameAs\":[\"https:\\\/\\\/www.facebook.com\\\/webdotn\",\"https:\\\/\\\/x.com\\\/webdo_tn\"],\"description\":\"Webdo est un m\u00e9dia num\u00e9rique tunisien fond\u00e9 en 2010, sp\u00e9cialis\u00e9 dans l\u2019actualit\u00e9 nationale et internationale, l\u2019\u00e9conomie, la soci\u00e9t\u00e9 et les analyses politiques. Le site s\u2019adresse \u00e0 un large public francophone et couvre l\u2019information tunisienne en temps r\u00e9el.\",\"email\":\"redac@webdo.tn\",\"legalName\":\"YNJ SARL\",\"foundingDate\":\"2010-09-06\",\"numberOfEmployees\":{\"@type\":\"QuantitativeValue\",\"minValue\":\"11\",\"maxValue\":\"50\"}},{\"@type\":\"Person\",\"@id\":\"https:\\\/\\\/www.webdo.tn\\\/fr\\\/#\\\/schema\\\/person\\\/9a9c6118d687c117df8ef3cc36a4d175\",\"name\":\"webdo.tn\",\"image\":{\"@type\":\"ImageObject\",\"inLanguage\":\"fr-FR\",\"@id\":\"https:\\\/\\\/secure.gravatar.com\\\/avatar\\\/7ce1f28c0c3bbac99ff550b85ef8e44a6950c6ee24514fb6a5489e51d06f0298?s=96&d=mm&r=g\",\"url\":\"https:\\\/\\\/secure.gravatar.com\\\/avatar\\\/7ce1f28c0c3bbac99ff550b85ef8e44a6950c6ee24514fb6a5489e51d06f0298?s=96&d=mm&r=g\",\"contentUrl\":\"https:\\\/\\\/secure.gravatar.com\\\/avatar\\\/7ce1f28c0c3bbac99ff550b85ef8e44a6950c6ee24514fb6a5489e51d06f0298?s=96&d=mm&r=g\",\"caption\":\"webdo.tn\"},\"url\":\"https:\\\/\\\/www.webdo.tn\\\/fr\\\/actualite\\\/author\\\/webdotn\\\/\"}]}<\/script>\n<!-- \/ Yoast SEO Premium plugin. -->","yoast_head_json":{"title":"Turquie: l'AKP encha\u00eene un troisi\u00e8me mandat, de quoi ravir les islamistes?","description":"Turquie: l'AKP encha\u00eene un troisi\u00e8me mandat, de quoi ravir les islamistes?","canonical":"https:\/\/www.webdo.tn\/fr\/actualite\/divers\/turquie-lakp-enchaine-un-troisieme-mandat-de-quoi-ravir-les-islamistes\/178604\/","og_locale":"fr_FR","og_type":"article","og_title":"Turquie: l'AKP encha\u00eene un troisi\u00e8me mandat, de quoi ravir les islamistes?","og_description":"Turquie: l'AKP encha\u00eene un troisi\u00e8me mandat, de quoi ravir les islamistes?","og_url":"https:\/\/www.webdo.tn\/fr\/actualite\/divers\/turquie-lakp-enchaine-un-troisieme-mandat-de-quoi-ravir-les-islamistes\/178604\/","og_site_name":"webdo","article_publisher":"https:\/\/www.facebook.com\/webdotn","article_published_time":"2011-06-12T22:42:00+00:00","article_modified_time":"2025-06-04T19:10:53+00:00","og_image":[{"width":344,"height":257,"url":"https:\/\/www.webdo.tn\/fr\/wp-content\/uploads\/2011\/06\/Erdogan.jpg","type":"image\/jpeg"}],"author":"webdo.tn","twitter_card":"summary_large_image","twitter_creator":"@webdo_tn","twitter_site":"@webdo_tn","twitter_misc":{"\u00c9crit par":"webdo.tn","Dur\u00e9e de lecture estim\u00e9e":"2 minutes"},"schema":{"@context":"https:\/\/schema.org","@graph":[{"@type":"NewsArticle","@id":"https:\/\/www.webdo.tn\/fr\/actualite\/divers\/turquie-lakp-enchaine-un-troisieme-mandat-de-quoi-ravir-les-islamistes\/178604\/#article","isPartOf":{"@id":"https:\/\/www.webdo.tn\/fr\/actualite\/divers\/turquie-lakp-enchaine-un-troisieme-mandat-de-quoi-ravir-les-islamistes\/178604\/"},"author":{"name":"webdo.tn","@id":"https:\/\/www.webdo.tn\/fr\/#\/schema\/person\/9a9c6118d687c117df8ef3cc36a4d175"},"headline":"Turquie: l&rsquo;AKP encha\u00eene un troisi\u00e8me mandat, de quoi ravir les islamistes?","datePublished":"2011-06-12T22:42:00+00:00","dateModified":"2025-06-04T19:10:53+00:00","mainEntityOfPage":{"@id":"https:\/\/www.webdo.tn\/fr\/actualite\/divers\/turquie-lakp-enchaine-un-troisieme-mandat-de-quoi-ravir-les-islamistes\/178604\/"},"wordCount":357,"commentCount":0,"publisher":{"@id":"https:\/\/www.webdo.tn\/fr\/#organization"},"image":{"@id":"https:\/\/www.webdo.tn\/fr\/actualite\/divers\/turquie-lakp-enchaine-un-troisieme-mandat-de-quoi-ravir-les-islamistes\/178604\/#primaryimage"},"thumbnailUrl":"https:\/\/www.webdo.tn\/fr\/wp-content\/uploads\/2011\/06\/Erdogan.jpg","articleSection":["Divers"],"inLanguage":"fr-FR"},{"@type":"WebPage","@id":"https:\/\/www.webdo.tn\/fr\/actualite\/divers\/turquie-lakp-enchaine-un-troisieme-mandat-de-quoi-ravir-les-islamistes\/178604\/","url":"https:\/\/www.webdo.tn\/fr\/actualite\/divers\/turquie-lakp-enchaine-un-troisieme-mandat-de-quoi-ravir-les-islamistes\/178604\/","name":"Turquie: l'AKP encha\u00eene un troisi\u00e8me mandat, de quoi ravir les islamistes?","isPartOf":{"@id":"https:\/\/www.webdo.tn\/fr\/#website"},"primaryImageOfPage":{"@id":"https:\/\/www.webdo.tn\/fr\/actualite\/divers\/turquie-lakp-enchaine-un-troisieme-mandat-de-quoi-ravir-les-islamistes\/178604\/#primaryimage"},"image":{"@id":"https:\/\/www.webdo.tn\/fr\/actualite\/divers\/turquie-lakp-enchaine-un-troisieme-mandat-de-quoi-ravir-les-islamistes\/178604\/#primaryimage"},"thumbnailUrl":"https:\/\/www.webdo.tn\/fr\/wp-content\/uploads\/2011\/06\/Erdogan.jpg","datePublished":"2011-06-12T22:42:00+00:00","dateModified":"2025-06-04T19:10:53+00:00","description":"Turquie: l'AKP encha\u00eene un troisi\u00e8me mandat, de quoi ravir les islamistes?","breadcrumb":{"@id":"https:\/\/www.webdo.tn\/fr\/actualite\/divers\/turquie-lakp-enchaine-un-troisieme-mandat-de-quoi-ravir-les-islamistes\/178604\/#breadcrumb"},"inLanguage":"fr-FR","potentialAction":[{"@type":"ReadAction","target":["https:\/\/www.webdo.tn\/fr\/actualite\/divers\/turquie-lakp-enchaine-un-troisieme-mandat-de-quoi-ravir-les-islamistes\/178604\/"]}]},{"@type":"ImageObject","inLanguage":"fr-FR","@id":"https:\/\/www.webdo.tn\/fr\/actualite\/divers\/turquie-lakp-enchaine-un-troisieme-mandat-de-quoi-ravir-les-islamistes\/178604\/#primaryimage","url":"https:\/\/www.webdo.tn\/fr\/wp-content\/uploads\/2011\/06\/Erdogan.jpg","contentUrl":"https:\/\/www.webdo.tn\/fr\/wp-content\/uploads\/2011\/06\/Erdogan.jpg","width":344,"height":257,"caption":"Turquie: l'AKP encha\u00eene un troisi\u00e8me mandat, de quoi ravir les islamistes?"},{"@type":"BreadcrumbList","@id":"https:\/\/www.webdo.tn\/fr\/actualite\/divers\/turquie-lakp-enchaine-un-troisieme-mandat-de-quoi-ravir-les-islamistes\/178604\/#breadcrumb","itemListElement":[{"@type":"ListItem","position":1,"name":"Accueil","item":"https:\/\/www.webdo.tn\/fr\/"},{"@type":"ListItem","position":2,"name":"Turquie: l&rsquo;AKP encha\u00eene un troisi\u00e8me mandat, de quoi ravir les islamistes?"}]},{"@type":"WebSite","@id":"https:\/\/www.webdo.tn\/fr\/#website","url":"https:\/\/www.webdo.tn\/fr\/","name":"webdo","description":"Tunisie - News en Tunisie et \u00e0 l&#039;international sur Webdo.tn","publisher":{"@id":"https:\/\/www.webdo.tn\/fr\/#organization"},"potentialAction":[{"@type":"SearchAction","target":{"@type":"EntryPoint","urlTemplate":"https:\/\/www.webdo.tn\/fr\/?s={search_term_string}"},"query-input":{"@type":"PropertyValueSpecification","valueRequired":true,"valueName":"search_term_string"}}],"inLanguage":"fr-FR"},{"@type":"Organization","@id":"https:\/\/www.webdo.tn\/fr\/#organization","name":"Webdo","alternateName":"Webdo.tn","url":"https:\/\/www.webdo.tn\/fr\/","logo":{"@type":"ImageObject","inLanguage":"fr-FR","@id":"https:\/\/www.webdo.tn\/fr\/#\/schema\/logo\/image\/","url":"https:\/\/www.webdo.tn\/fr\/wp-content\/uploads\/2025\/06\/Webdo-Tunisie_168377.jpg","contentUrl":"https:\/\/www.webdo.tn\/fr\/wp-content\/uploads\/2025\/06\/Webdo-Tunisie_168377.jpg","width":301,"height":301,"caption":"Webdo"},"image":{"@id":"https:\/\/www.webdo.tn\/fr\/#\/schema\/logo\/image\/"},"sameAs":["https:\/\/www.facebook.com\/webdotn","https:\/\/x.com\/webdo_tn"],"description":"Webdo est un m\u00e9dia num\u00e9rique tunisien fond\u00e9 en 2010, sp\u00e9cialis\u00e9 dans l\u2019actualit\u00e9 nationale et internationale, l\u2019\u00e9conomie, la soci\u00e9t\u00e9 et les analyses politiques. Le site s\u2019adresse \u00e0 un large public francophone et couvre l\u2019information tunisienne en temps r\u00e9el.","email":"redac@webdo.tn","legalName":"YNJ SARL","foundingDate":"2010-09-06","numberOfEmployees":{"@type":"QuantitativeValue","minValue":"11","maxValue":"50"}},{"@type":"Person","@id":"https:\/\/www.webdo.tn\/fr\/#\/schema\/person\/9a9c6118d687c117df8ef3cc36a4d175","name":"webdo.tn","image":{"@type":"ImageObject","inLanguage":"fr-FR","@id":"https:\/\/secure.gravatar.com\/avatar\/7ce1f28c0c3bbac99ff550b85ef8e44a6950c6ee24514fb6a5489e51d06f0298?s=96&d=mm&r=g","url":"https:\/\/secure.gravatar.com\/avatar\/7ce1f28c0c3bbac99ff550b85ef8e44a6950c6ee24514fb6a5489e51d06f0298?s=96&d=mm&r=g","contentUrl":"https:\/\/secure.gravatar.com\/avatar\/7ce1f28c0c3bbac99ff550b85ef8e44a6950c6ee24514fb6a5489e51d06f0298?s=96&d=mm&r=g","caption":"webdo.tn"},"url":"https:\/\/www.webdo.tn\/fr\/actualite\/author\/webdotn\/"}]}},"_links":{"self":[{"href":"https:\/\/www.webdo.tn\/fr\/wp-json\/wp\/v2\/posts\/178604","targetHints":{"allow":["GET"]}}],"collection":[{"href":"https:\/\/www.webdo.tn\/fr\/wp-json\/wp\/v2\/posts"}],"about":[{"href":"https:\/\/www.webdo.tn\/fr\/wp-json\/wp\/v2\/types\/post"}],"author":[{"embeddable":true,"href":"https:\/\/www.webdo.tn\/fr\/wp-json\/wp\/v2\/users\/3222"}],"replies":[{"embeddable":true,"href":"https:\/\/www.webdo.tn\/fr\/wp-json\/wp\/v2\/comments?post=178604"}],"version-history":[{"count":0,"href":"https:\/\/www.webdo.tn\/fr\/wp-json\/wp\/v2\/posts\/178604\/revisions"}],"wp:featuredmedia":[{"embeddable":true,"href":"https:\/\/www.webdo.tn\/fr\/wp-json\/wp\/v2\/media\/365306"}],"wp:attachment":[{"href":"https:\/\/www.webdo.tn\/fr\/wp-json\/wp\/v2\/media?parent=178604"}],"wp:term":[{"taxonomy":"category","embeddable":true,"href":"https:\/\/www.webdo.tn\/fr\/wp-json\/wp\/v2\/categories?post=178604"},{"taxonomy":"post_tag","embeddable":true,"href":"https:\/\/www.webdo.tn\/fr\/wp-json\/wp\/v2\/tags?post=178604"}],"curies":[{"name":"wp","href":"https:\/\/api.w.org\/{rel}","templated":true}]}}