{"id":178603,"date":"2011-06-13T17:26:00","date_gmt":"2011-06-13T17:26:00","guid":{"rendered":"https:\/\/www.webdo.tn\/fr\/actualite\/blog\/mark-zuckerberg-fiance-a-priscilla-chan\/178603\/"},"modified":"2025-06-04T19:11:04","modified_gmt":"2025-06-04T19:11:04","slug":"mark-zuckerberg-fiance-a-priscilla-chan","status":"publish","type":"post","link":"https:\/\/www.webdo.tn\/fr\/actualite\/divers\/mark-zuckerberg-fiance-a-priscilla-chan\/178603\/","title":{"rendered":"Mark Zuckerberg fianc\u00e9 \u00e0 Priscilla Chan?"},"content":{"rendered":"<p>Mark Zuckerberg, le jeune milliardaire de 26 ans (35e position sur la liste Forbes), va-t-il changer son statut sur sa page Facebook de \u00ab dans une relation avec \u00bb \u00e0 \u00ab engag\u00e9 \u00e0 Priscilla Chan \u00bb ?<\/p>\n<p>L&rsquo;information, qui pourrait paraitre futile de prime abord, vient de Bill Gates. Elle a par cons\u00e9quent pris de l\u2019envergure. C\u2019est lors d&rsquo;une interview dans le Daily Mail que l&rsquo;ancien PDG de Microsoft, Bill Gates, a laiss\u00e9 \u00e9chapper cette information encore non confirm\u00e9e.<\/p>\n<p>Dans l&rsquo;interview, \u00e9voquant les efforts philanthropiques du jeune Zuckerberg, Gates a dit : \u00a0\u00bb Sa fianc\u00e9e Priscilla a eu des id\u00e9es au sujet de l&rsquo;\u00e9ducation et lui (NDLR. Mark Zuckerberg) a donn\u00e9 de l&rsquo;argent \u00e0 Newark, New Jersey, et nous avons fait une co-subvention de sorte que certains de nos gens qui avaient une certaine expertise dans ce domaine pourraient lui venir en aide&#8230; \u00ab\u00a0.<\/p>\n<p>Il a suffit que Gates prononce le mot \u00ab fianc\u00e9e \u00bb pour que les tweets, les r\u00e9seaux, les journaux am\u00e9ricains (et au passage nous) essayent d\u2019en savoir plus sur cette relation.<\/p>\n<p>Business Insider a tent\u00e9 de v\u00e9rifier l\u2019information aupr\u00e8s du responsable de la communication de Mark. Mais la r\u00e9ponse officielle fut bien \u00e9videmment: \u00a0\u00bb si Mark est engag\u00e9, alors Bill Gates sait quelque chose que je ne sais pas \u00ab\u00a0.<\/p>\n<p>Mark et Priscilla Chan sont copain-copine depuis un certain temps d\u00e9j\u00e0. Leur relation a commenc\u00e9, en 2003, lorsqu&rsquo;ils \u00e9taient encore \u00e9tudiants \u00e0 Harvard. Il a d\u2019ailleurs fallu du temps avant que mark ne mentionne sur son wall qu&rsquo;il \u00e9tait en relation avec Chan. Alors finira-t-il par avouer ses fian\u00e7ailles ?<\/p>\n<p>Vous imaginez Mark Zuckerberg se marier ? Tous ceux qui ont des comptes Facebook (600 millions) devront \u00eatre invit\u00e9s au mariage. \u00c2pres tout c&rsquo;est gr\u00e2ce \u00e0 leurs pages FB que Mark est devenu parmi les 400 am\u00e9ricains les plus riches !<\/p>\n<p>C\u2019\u00e9tait donc notre histoire glamour, people et internet du moment.<\/p>\n","protected":false},"excerpt":{"rendered":"<p>Mark Zuckerberg fianc\u00e9 \u00e0 Priscilla Chan? <\/p>\n","protected":false},"author":3222,"featured_media":365312,"comment_status":"open","ping_status":"closed","sticky":false,"template":"","format":"standard","meta":{"footnotes":""},"categories":[2839],"tags":[],"class_list":["post-178603","post","type-post","status-publish","format-standard","has-post-thumbnail","hentry","category-divers"],"yoast_head":"<!-- This site is optimized with the Yoast SEO Premium plugin v27.4 (Yoast SEO v27.5) - https:\/\/yoast.com\/product\/yoast-seo-premium-wordpress\/ -->\n<title>Mark Zuckerberg fianc\u00e9 \u00e0 Priscilla Chan?<\/title>\n<meta name=\"description\" content=\"Mark Zuckerberg fianc\u00e9 \u00e0 Priscilla Chan?\" \/>\n<link rel=\"canonical\" href=\"https:\/\/www.webdo.tn\/fr\/actualite\/divers\/mark-zuckerberg-fiance-a-priscilla-chan\/178603\/\" \/>\n<meta property=\"og:locale\" content=\"fr_FR\" \/>\n<meta property=\"og:type\" content=\"article\" \/>\n<meta property=\"og:title\" content=\"Mark Zuckerberg fianc\u00e9 \u00e0 Priscilla Chan?\" \/>\n<meta property=\"og:description\" content=\"Mark Zuckerberg fianc\u00e9 \u00e0 Priscilla Chan?\" \/>\n<meta property=\"og:url\" content=\"https:\/\/www.webdo.tn\/fr\/actualite\/divers\/mark-zuckerberg-fiance-a-priscilla-chan\/178603\/\" \/>\n<meta property=\"og:site_name\" content=\"webdo\" \/>\n<meta property=\"article:publisher\" content=\"https:\/\/www.facebook.com\/webdotn\" \/>\n<meta property=\"article:published_time\" content=\"2011-06-13T17:26:00+00:00\" \/>\n<meta property=\"article:modified_time\" content=\"2025-06-04T19:11:04+00:00\" \/>\n<meta property=\"og:image\" content=\"https:\/\/www.webdo.tn\/fr\/wp-content\/uploads\/2011\/06\/Priscilla-Chan-et-Mark-Zuckerberg.jpg\" \/>\n\t<meta property=\"og:image:width\" content=\"280\" \/>\n\t<meta property=\"og:image:height\" content=\"210\" \/>\n\t<meta property=\"og:image:type\" content=\"image\/jpeg\" \/>\n<meta name=\"author\" content=\"webdo.tn\" \/>\n<meta name=\"twitter:card\" content=\"summary_large_image\" \/>\n<meta name=\"twitter:creator\" content=\"@webdo_tn\" \/>\n<meta name=\"twitter:site\" content=\"@webdo_tn\" \/>\n<meta name=\"twitter:label1\" content=\"\u00c9crit par\" \/>\n\t<meta name=\"twitter:data1\" content=\"webdo.tn\" \/>\n\t<meta name=\"twitter:label2\" content=\"Dur\u00e9e de lecture estim\u00e9e\" \/>\n\t<meta name=\"twitter:data2\" content=\"2 minutes\" \/>\n<script type=\"application\/ld+json\" class=\"yoast-schema-graph\">{\"@context\":\"https:\\\/\\\/schema.org\",\"@graph\":[{\"@type\":\"NewsArticle\",\"@id\":\"https:\\\/\\\/www.webdo.tn\\\/fr\\\/actualite\\\/divers\\\/mark-zuckerberg-fiance-a-priscilla-chan\\\/178603\\\/#article\",\"isPartOf\":{\"@id\":\"https:\\\/\\\/www.webdo.tn\\\/fr\\\/actualite\\\/divers\\\/mark-zuckerberg-fiance-a-priscilla-chan\\\/178603\\\/\"},\"author\":{\"name\":\"webdo.tn\",\"@id\":\"https:\\\/\\\/www.webdo.tn\\\/fr\\\/#\\\/schema\\\/person\\\/9a9c6118d687c117df8ef3cc36a4d175\"},\"headline\":\"Mark Zuckerberg fianc\u00e9 \u00e0 Priscilla Chan?\",\"datePublished\":\"2011-06-13T17:26:00+00:00\",\"dateModified\":\"2025-06-04T19:11:04+00:00\",\"mainEntityOfPage\":{\"@id\":\"https:\\\/\\\/www.webdo.tn\\\/fr\\\/actualite\\\/divers\\\/mark-zuckerberg-fiance-a-priscilla-chan\\\/178603\\\/\"},\"wordCount\":326,\"commentCount\":0,\"publisher\":{\"@id\":\"https:\\\/\\\/www.webdo.tn\\\/fr\\\/#organization\"},\"image\":{\"@id\":\"https:\\\/\\\/www.webdo.tn\\\/fr\\\/actualite\\\/divers\\\/mark-zuckerberg-fiance-a-priscilla-chan\\\/178603\\\/#primaryimage\"},\"thumbnailUrl\":\"https:\\\/\\\/www.webdo.tn\\\/fr\\\/wp-content\\\/uploads\\\/2011\\\/06\\\/Priscilla-Chan-et-Mark-Zuckerberg.jpg\",\"articleSection\":[\"Divers\"],\"inLanguage\":\"fr-FR\"},{\"@type\":\"WebPage\",\"@id\":\"https:\\\/\\\/www.webdo.tn\\\/fr\\\/actualite\\\/divers\\\/mark-zuckerberg-fiance-a-priscilla-chan\\\/178603\\\/\",\"url\":\"https:\\\/\\\/www.webdo.tn\\\/fr\\\/actualite\\\/divers\\\/mark-zuckerberg-fiance-a-priscilla-chan\\\/178603\\\/\",\"name\":\"Mark Zuckerberg fianc\u00e9 \u00e0 Priscilla Chan?\",\"isPartOf\":{\"@id\":\"https:\\\/\\\/www.webdo.tn\\\/fr\\\/#website\"},\"primaryImageOfPage\":{\"@id\":\"https:\\\/\\\/www.webdo.tn\\\/fr\\\/actualite\\\/divers\\\/mark-zuckerberg-fiance-a-priscilla-chan\\\/178603\\\/#primaryimage\"},\"image\":{\"@id\":\"https:\\\/\\\/www.webdo.tn\\\/fr\\\/actualite\\\/divers\\\/mark-zuckerberg-fiance-a-priscilla-chan\\\/178603\\\/#primaryimage\"},\"thumbnailUrl\":\"https:\\\/\\\/www.webdo.tn\\\/fr\\\/wp-content\\\/uploads\\\/2011\\\/06\\\/Priscilla-Chan-et-Mark-Zuckerberg.jpg\",\"datePublished\":\"2011-06-13T17:26:00+00:00\",\"dateModified\":\"2025-06-04T19:11:04+00:00\",\"description\":\"Mark Zuckerberg fianc\u00e9 \u00e0 Priscilla Chan?\",\"breadcrumb\":{\"@id\":\"https:\\\/\\\/www.webdo.tn\\\/fr\\\/actualite\\\/divers\\\/mark-zuckerberg-fiance-a-priscilla-chan\\\/178603\\\/#breadcrumb\"},\"inLanguage\":\"fr-FR\",\"potentialAction\":[{\"@type\":\"ReadAction\",\"target\":[\"https:\\\/\\\/www.webdo.tn\\\/fr\\\/actualite\\\/divers\\\/mark-zuckerberg-fiance-a-priscilla-chan\\\/178603\\\/\"]}]},{\"@type\":\"ImageObject\",\"inLanguage\":\"fr-FR\",\"@id\":\"https:\\\/\\\/www.webdo.tn\\\/fr\\\/actualite\\\/divers\\\/mark-zuckerberg-fiance-a-priscilla-chan\\\/178603\\\/#primaryimage\",\"url\":\"https:\\\/\\\/www.webdo.tn\\\/fr\\\/wp-content\\\/uploads\\\/2011\\\/06\\\/Priscilla-Chan-et-Mark-Zuckerberg.jpg\",\"contentUrl\":\"https:\\\/\\\/www.webdo.tn\\\/fr\\\/wp-content\\\/uploads\\\/2011\\\/06\\\/Priscilla-Chan-et-Mark-Zuckerberg.jpg\",\"width\":280,\"height\":210,\"caption\":\"Mark Zuckerberg fianc\u00e9 \u00e0 Priscilla Chan?\"},{\"@type\":\"BreadcrumbList\",\"@id\":\"https:\\\/\\\/www.webdo.tn\\\/fr\\\/actualite\\\/divers\\\/mark-zuckerberg-fiance-a-priscilla-chan\\\/178603\\\/#breadcrumb\",\"itemListElement\":[{\"@type\":\"ListItem\",\"position\":1,\"name\":\"Accueil\",\"item\":\"https:\\\/\\\/www.webdo.tn\\\/fr\\\/\"},{\"@type\":\"ListItem\",\"position\":2,\"name\":\"Mark Zuckerberg fianc\u00e9 \u00e0 Priscilla Chan?\"}]},{\"@type\":\"WebSite\",\"@id\":\"https:\\\/\\\/www.webdo.tn\\\/fr\\\/#website\",\"url\":\"https:\\\/\\\/www.webdo.tn\\\/fr\\\/\",\"name\":\"webdo\",\"description\":\"Tunisie - News en Tunisie et \u00e0 l&#039;international sur Webdo.tn\",\"publisher\":{\"@id\":\"https:\\\/\\\/www.webdo.tn\\\/fr\\\/#organization\"},\"potentialAction\":[{\"@type\":\"SearchAction\",\"target\":{\"@type\":\"EntryPoint\",\"urlTemplate\":\"https:\\\/\\\/www.webdo.tn\\\/fr\\\/?s={search_term_string}\"},\"query-input\":{\"@type\":\"PropertyValueSpecification\",\"valueRequired\":true,\"valueName\":\"search_term_string\"}}],\"inLanguage\":\"fr-FR\"},{\"@type\":\"Organization\",\"@id\":\"https:\\\/\\\/www.webdo.tn\\\/fr\\\/#organization\",\"name\":\"Webdo\",\"alternateName\":\"Webdo.tn\",\"url\":\"https:\\\/\\\/www.webdo.tn\\\/fr\\\/\",\"logo\":{\"@type\":\"ImageObject\",\"inLanguage\":\"fr-FR\",\"@id\":\"https:\\\/\\\/www.webdo.tn\\\/fr\\\/#\\\/schema\\\/logo\\\/image\\\/\",\"url\":\"https:\\\/\\\/www.webdo.tn\\\/fr\\\/wp-content\\\/uploads\\\/2025\\\/06\\\/Webdo-Tunisie_168377.jpg\",\"contentUrl\":\"https:\\\/\\\/www.webdo.tn\\\/fr\\\/wp-content\\\/uploads\\\/2025\\\/06\\\/Webdo-Tunisie_168377.jpg\",\"width\":301,\"height\":301,\"caption\":\"Webdo\"},\"image\":{\"@id\":\"https:\\\/\\\/www.webdo.tn\\\/fr\\\/#\\\/schema\\\/logo\\\/image\\\/\"},\"sameAs\":[\"https:\\\/\\\/www.facebook.com\\\/webdotn\",\"https:\\\/\\\/x.com\\\/webdo_tn\"],\"description\":\"Webdo est un m\u00e9dia num\u00e9rique tunisien fond\u00e9 en 2010, sp\u00e9cialis\u00e9 dans l\u2019actualit\u00e9 nationale et internationale, l\u2019\u00e9conomie, la soci\u00e9t\u00e9 et les analyses politiques. Le site s\u2019adresse \u00e0 un large public francophone et couvre l\u2019information tunisienne en temps r\u00e9el.\",\"email\":\"redac@webdo.tn\",\"legalName\":\"YNJ SARL\",\"foundingDate\":\"2010-09-06\",\"numberOfEmployees\":{\"@type\":\"QuantitativeValue\",\"minValue\":\"11\",\"maxValue\":\"50\"}},{\"@type\":\"Person\",\"@id\":\"https:\\\/\\\/www.webdo.tn\\\/fr\\\/#\\\/schema\\\/person\\\/9a9c6118d687c117df8ef3cc36a4d175\",\"name\":\"webdo.tn\",\"image\":{\"@type\":\"ImageObject\",\"inLanguage\":\"fr-FR\",\"@id\":\"https:\\\/\\\/secure.gravatar.com\\\/avatar\\\/7ce1f28c0c3bbac99ff550b85ef8e44a6950c6ee24514fb6a5489e51d06f0298?s=96&d=mm&r=g\",\"url\":\"https:\\\/\\\/secure.gravatar.com\\\/avatar\\\/7ce1f28c0c3bbac99ff550b85ef8e44a6950c6ee24514fb6a5489e51d06f0298?s=96&d=mm&r=g\",\"contentUrl\":\"https:\\\/\\\/secure.gravatar.com\\\/avatar\\\/7ce1f28c0c3bbac99ff550b85ef8e44a6950c6ee24514fb6a5489e51d06f0298?s=96&d=mm&r=g\",\"caption\":\"webdo.tn\"},\"url\":\"https:\\\/\\\/www.webdo.tn\\\/fr\\\/actualite\\\/author\\\/webdotn\\\/\"}]}<\/script>\n<!-- \/ Yoast SEO Premium plugin. -->","yoast_head_json":{"title":"Mark Zuckerberg fianc\u00e9 \u00e0 Priscilla Chan?","description":"Mark Zuckerberg fianc\u00e9 \u00e0 Priscilla Chan?","canonical":"https:\/\/www.webdo.tn\/fr\/actualite\/divers\/mark-zuckerberg-fiance-a-priscilla-chan\/178603\/","og_locale":"fr_FR","og_type":"article","og_title":"Mark Zuckerberg fianc\u00e9 \u00e0 Priscilla Chan?","og_description":"Mark Zuckerberg fianc\u00e9 \u00e0 Priscilla Chan?","og_url":"https:\/\/www.webdo.tn\/fr\/actualite\/divers\/mark-zuckerberg-fiance-a-priscilla-chan\/178603\/","og_site_name":"webdo","article_publisher":"https:\/\/www.facebook.com\/webdotn","article_published_time":"2011-06-13T17:26:00+00:00","article_modified_time":"2025-06-04T19:11:04+00:00","og_image":[{"width":280,"height":210,"url":"https:\/\/www.webdo.tn\/fr\/wp-content\/uploads\/2011\/06\/Priscilla-Chan-et-Mark-Zuckerberg.jpg","type":"image\/jpeg"}],"author":"webdo.tn","twitter_card":"summary_large_image","twitter_creator":"@webdo_tn","twitter_site":"@webdo_tn","twitter_misc":{"\u00c9crit par":"webdo.tn","Dur\u00e9e de lecture estim\u00e9e":"2 minutes"},"schema":{"@context":"https:\/\/schema.org","@graph":[{"@type":"NewsArticle","@id":"https:\/\/www.webdo.tn\/fr\/actualite\/divers\/mark-zuckerberg-fiance-a-priscilla-chan\/178603\/#article","isPartOf":{"@id":"https:\/\/www.webdo.tn\/fr\/actualite\/divers\/mark-zuckerberg-fiance-a-priscilla-chan\/178603\/"},"author":{"name":"webdo.tn","@id":"https:\/\/www.webdo.tn\/fr\/#\/schema\/person\/9a9c6118d687c117df8ef3cc36a4d175"},"headline":"Mark Zuckerberg fianc\u00e9 \u00e0 Priscilla Chan?","datePublished":"2011-06-13T17:26:00+00:00","dateModified":"2025-06-04T19:11:04+00:00","mainEntityOfPage":{"@id":"https:\/\/www.webdo.tn\/fr\/actualite\/divers\/mark-zuckerberg-fiance-a-priscilla-chan\/178603\/"},"wordCount":326,"commentCount":0,"publisher":{"@id":"https:\/\/www.webdo.tn\/fr\/#organization"},"image":{"@id":"https:\/\/www.webdo.tn\/fr\/actualite\/divers\/mark-zuckerberg-fiance-a-priscilla-chan\/178603\/#primaryimage"},"thumbnailUrl":"https:\/\/www.webdo.tn\/fr\/wp-content\/uploads\/2011\/06\/Priscilla-Chan-et-Mark-Zuckerberg.jpg","articleSection":["Divers"],"inLanguage":"fr-FR"},{"@type":"WebPage","@id":"https:\/\/www.webdo.tn\/fr\/actualite\/divers\/mark-zuckerberg-fiance-a-priscilla-chan\/178603\/","url":"https:\/\/www.webdo.tn\/fr\/actualite\/divers\/mark-zuckerberg-fiance-a-priscilla-chan\/178603\/","name":"Mark Zuckerberg fianc\u00e9 \u00e0 Priscilla Chan?","isPartOf":{"@id":"https:\/\/www.webdo.tn\/fr\/#website"},"primaryImageOfPage":{"@id":"https:\/\/www.webdo.tn\/fr\/actualite\/divers\/mark-zuckerberg-fiance-a-priscilla-chan\/178603\/#primaryimage"},"image":{"@id":"https:\/\/www.webdo.tn\/fr\/actualite\/divers\/mark-zuckerberg-fiance-a-priscilla-chan\/178603\/#primaryimage"},"thumbnailUrl":"https:\/\/www.webdo.tn\/fr\/wp-content\/uploads\/2011\/06\/Priscilla-Chan-et-Mark-Zuckerberg.jpg","datePublished":"2011-06-13T17:26:00+00:00","dateModified":"2025-06-04T19:11:04+00:00","description":"Mark Zuckerberg fianc\u00e9 \u00e0 Priscilla Chan?","breadcrumb":{"@id":"https:\/\/www.webdo.tn\/fr\/actualite\/divers\/mark-zuckerberg-fiance-a-priscilla-chan\/178603\/#breadcrumb"},"inLanguage":"fr-FR","potentialAction":[{"@type":"ReadAction","target":["https:\/\/www.webdo.tn\/fr\/actualite\/divers\/mark-zuckerberg-fiance-a-priscilla-chan\/178603\/"]}]},{"@type":"ImageObject","inLanguage":"fr-FR","@id":"https:\/\/www.webdo.tn\/fr\/actualite\/divers\/mark-zuckerberg-fiance-a-priscilla-chan\/178603\/#primaryimage","url":"https:\/\/www.webdo.tn\/fr\/wp-content\/uploads\/2011\/06\/Priscilla-Chan-et-Mark-Zuckerberg.jpg","contentUrl":"https:\/\/www.webdo.tn\/fr\/wp-content\/uploads\/2011\/06\/Priscilla-Chan-et-Mark-Zuckerberg.jpg","width":280,"height":210,"caption":"Mark Zuckerberg fianc\u00e9 \u00e0 Priscilla Chan?"},{"@type":"BreadcrumbList","@id":"https:\/\/www.webdo.tn\/fr\/actualite\/divers\/mark-zuckerberg-fiance-a-priscilla-chan\/178603\/#breadcrumb","itemListElement":[{"@type":"ListItem","position":1,"name":"Accueil","item":"https:\/\/www.webdo.tn\/fr\/"},{"@type":"ListItem","position":2,"name":"Mark Zuckerberg fianc\u00e9 \u00e0 Priscilla Chan?"}]},{"@type":"WebSite","@id":"https:\/\/www.webdo.tn\/fr\/#website","url":"https:\/\/www.webdo.tn\/fr\/","name":"webdo","description":"Tunisie - News en Tunisie et \u00e0 l&#039;international sur Webdo.tn","publisher":{"@id":"https:\/\/www.webdo.tn\/fr\/#organization"},"potentialAction":[{"@type":"SearchAction","target":{"@type":"EntryPoint","urlTemplate":"https:\/\/www.webdo.tn\/fr\/?s={search_term_string}"},"query-input":{"@type":"PropertyValueSpecification","valueRequired":true,"valueName":"search_term_string"}}],"inLanguage":"fr-FR"},{"@type":"Organization","@id":"https:\/\/www.webdo.tn\/fr\/#organization","name":"Webdo","alternateName":"Webdo.tn","url":"https:\/\/www.webdo.tn\/fr\/","logo":{"@type":"ImageObject","inLanguage":"fr-FR","@id":"https:\/\/www.webdo.tn\/fr\/#\/schema\/logo\/image\/","url":"https:\/\/www.webdo.tn\/fr\/wp-content\/uploads\/2025\/06\/Webdo-Tunisie_168377.jpg","contentUrl":"https:\/\/www.webdo.tn\/fr\/wp-content\/uploads\/2025\/06\/Webdo-Tunisie_168377.jpg","width":301,"height":301,"caption":"Webdo"},"image":{"@id":"https:\/\/www.webdo.tn\/fr\/#\/schema\/logo\/image\/"},"sameAs":["https:\/\/www.facebook.com\/webdotn","https:\/\/x.com\/webdo_tn"],"description":"Webdo est un m\u00e9dia num\u00e9rique tunisien fond\u00e9 en 2010, sp\u00e9cialis\u00e9 dans l\u2019actualit\u00e9 nationale et internationale, l\u2019\u00e9conomie, la soci\u00e9t\u00e9 et les analyses politiques. Le site s\u2019adresse \u00e0 un large public francophone et couvre l\u2019information tunisienne en temps r\u00e9el.","email":"redac@webdo.tn","legalName":"YNJ SARL","foundingDate":"2010-09-06","numberOfEmployees":{"@type":"QuantitativeValue","minValue":"11","maxValue":"50"}},{"@type":"Person","@id":"https:\/\/www.webdo.tn\/fr\/#\/schema\/person\/9a9c6118d687c117df8ef3cc36a4d175","name":"webdo.tn","image":{"@type":"ImageObject","inLanguage":"fr-FR","@id":"https:\/\/secure.gravatar.com\/avatar\/7ce1f28c0c3bbac99ff550b85ef8e44a6950c6ee24514fb6a5489e51d06f0298?s=96&d=mm&r=g","url":"https:\/\/secure.gravatar.com\/avatar\/7ce1f28c0c3bbac99ff550b85ef8e44a6950c6ee24514fb6a5489e51d06f0298?s=96&d=mm&r=g","contentUrl":"https:\/\/secure.gravatar.com\/avatar\/7ce1f28c0c3bbac99ff550b85ef8e44a6950c6ee24514fb6a5489e51d06f0298?s=96&d=mm&r=g","caption":"webdo.tn"},"url":"https:\/\/www.webdo.tn\/fr\/actualite\/author\/webdotn\/"}]}},"_links":{"self":[{"href":"https:\/\/www.webdo.tn\/fr\/wp-json\/wp\/v2\/posts\/178603","targetHints":{"allow":["GET"]}}],"collection":[{"href":"https:\/\/www.webdo.tn\/fr\/wp-json\/wp\/v2\/posts"}],"about":[{"href":"https:\/\/www.webdo.tn\/fr\/wp-json\/wp\/v2\/types\/post"}],"author":[{"embeddable":true,"href":"https:\/\/www.webdo.tn\/fr\/wp-json\/wp\/v2\/users\/3222"}],"replies":[{"embeddable":true,"href":"https:\/\/www.webdo.tn\/fr\/wp-json\/wp\/v2\/comments?post=178603"}],"version-history":[{"count":0,"href":"https:\/\/www.webdo.tn\/fr\/wp-json\/wp\/v2\/posts\/178603\/revisions"}],"wp:featuredmedia":[{"embeddable":true,"href":"https:\/\/www.webdo.tn\/fr\/wp-json\/wp\/v2\/media\/365312"}],"wp:attachment":[{"href":"https:\/\/www.webdo.tn\/fr\/wp-json\/wp\/v2\/media?parent=178603"}],"wp:term":[{"taxonomy":"category","embeddable":true,"href":"https:\/\/www.webdo.tn\/fr\/wp-json\/wp\/v2\/categories?post=178603"},{"taxonomy":"post_tag","embeddable":true,"href":"https:\/\/www.webdo.tn\/fr\/wp-json\/wp\/v2\/tags?post=178603"}],"curies":[{"name":"wp","href":"https:\/\/api.w.org\/{rel}","templated":true}]}}