{"id":178600,"date":"2011-06-21T13:49:00","date_gmt":"2011-06-21T13:49:00","guid":{"rendered":"https:\/\/www.webdo.tn\/fr\/actualite\/blog\/google-arabe-celebre-l-anniversaire-de-abdelhalim-hafez\/178600\/"},"modified":"2011-06-21T13:49:00","modified_gmt":"2011-06-21T13:49:00","slug":"google-arabe-celebre-l-anniversaire-de-abdelhalim-hafez","status":"publish","type":"post","link":"https:\/\/www.webdo.tn\/fr\/actualite\/divers\/google-arabe-celebre-l-anniversaire-de-abdelhalim-hafez\/178600\/","title":{"rendered":"Google \u00abArabe\u00bb c\u00e9l\u00e8bre l\u2019anniversaire de Abdelhalim Hafez"},"content":{"rendered":"<p>Le moteur de recherche Google f\u00eate aujourd\u2019hui le 82e anniversaire de la naissance de Abdelhalim Hafez par un doodle montrant dans un dessin, en noir et blanc, le chanteur sur sc\u00e8ne. Abdelhalim Hafez est consid\u00e9r\u00e9 comme l&rsquo;un des plus grands chanteurs qu&rsquo;a connu l&rsquo;\u00c9gypte, son pays natal, et le Monde arabe. Il a marqu\u00e9 les ann\u00e9es 1960 aussi bien par ses chansons que par ses films. Son influence est toujours tr\u00e8s pr\u00e9sente chez les nouveaux chanteurs.<\/p>\n<p>Google nous a habitu\u00e9s \u00e0 c\u00e9l\u00e9brer certains \u00e9v\u00e8nements avec un logo particulier, visible sur sa page une, nomm\u00e9 doodle. Le dernier doodle, pour le Monde arabe, c\u00e9l\u00e9brait Ibn Khaldoun, sociologue et historien, puisque la firme de Mountain View rend hommage \u00e0 chaque culture par son propre doodle. Le choix de Abdelhalim Hafez pour le Monde arabe n&rsquo;est-il pas une mani\u00e8re de nous rappeler que le printemps arabe est encore dans \u00abnos\u00bb c\u0153urs ?<\/p>\n<p>Pour le reste des Google, et des internautes \u00e0 travers le monde, \u00e0 l&rsquo;honneur le solstice, 21 juin, premier jour de l&rsquo;\u00e9t\u00e9 et plus long de l&rsquo;ann\u00e9e, oblige ! Pour le f\u00eater, Google a choisi deux doodles r\u00e9alis\u00e9s par l&rsquo;artiste plasticien japonais Takashi Murakami : un ensoleill\u00e9 pour h\u00e9misph\u00e8re nord et l&rsquo;autre en blanc pour h\u00e9misph\u00e8re sud.<\/p>\n<p>Enfin sans oublier que le 21 juin est aussi traditionnellement le jour de la F\u00eate de la musique&#8230; il aurait fallu peut \u00eatre un autre doodle, \u00e0 moins que Mountain View n&rsquo;est fait d&rsquo;une pierre deux coups avec celui de Abdelhalim Hafez&#8230;<\/p>\n","protected":false},"excerpt":{"rendered":"<p>Google \u00abArabe\u00bb c\u00e9l\u00e8bre l\u2019anniversaire de Abdelhalim Hafez <\/p>\n","protected":false},"author":3222,"featured_media":376636,"comment_status":"open","ping_status":"closed","sticky":false,"template":"","format":"standard","meta":{"footnotes":""},"categories":[2839],"tags":[],"class_list":["post-178600","post","type-post","status-publish","format-standard","has-post-thumbnail","hentry","category-divers"],"yoast_head":"<!-- This site is optimized with the Yoast SEO Premium plugin v27.4 (Yoast SEO v27.5) - https:\/\/yoast.com\/product\/yoast-seo-premium-wordpress\/ -->\n<title>Google \u00abArabe\u00bb c\u00e9l\u00e8bre l\u2019anniversaire de Abdelhalim Hafez<\/title>\n<meta name=\"description\" content=\"Google \u00abArabe\u00bb c\u00e9l\u00e8bre l\u2019anniversaire de Abdelhalim Hafez\" \/>\n<link rel=\"canonical\" href=\"https:\/\/www.webdo.tn\/fr\/actualite\/divers\/google-arabe-celebre-l-anniversaire-de-abdelhalim-hafez\/178600\/\" \/>\n<meta property=\"og:locale\" content=\"fr_FR\" \/>\n<meta property=\"og:type\" content=\"article\" \/>\n<meta property=\"og:title\" content=\"Google \u00abArabe\u00bb c\u00e9l\u00e8bre l\u2019anniversaire de Abdelhalim Hafez\" \/>\n<meta property=\"og:description\" content=\"Google \u00abArabe\u00bb c\u00e9l\u00e8bre l\u2019anniversaire de Abdelhalim Hafez\" \/>\n<meta property=\"og:url\" content=\"https:\/\/www.webdo.tn\/fr\/actualite\/divers\/google-arabe-celebre-l-anniversaire-de-abdelhalim-hafez\/178600\/\" \/>\n<meta property=\"og:site_name\" content=\"webdo\" \/>\n<meta property=\"article:publisher\" content=\"https:\/\/www.facebook.com\/webdotn\" \/>\n<meta property=\"article:published_time\" content=\"2011-06-21T13:49:00+00:00\" \/>\n<meta property=\"og:image\" content=\"https:\/\/www.webdo.tn\/fr\/wp-content\/uploads\/2011\/06\/Doodle-AbdelHalim-Hafez.jpg\" \/>\n\t<meta property=\"og:image:width\" content=\"400\" \/>\n\t<meta property=\"og:image:height\" content=\"146\" \/>\n\t<meta property=\"og:image:type\" content=\"image\/jpeg\" \/>\n<meta name=\"author\" content=\"webdo.tn\" \/>\n<meta name=\"twitter:card\" content=\"summary_large_image\" \/>\n<meta name=\"twitter:creator\" content=\"@webdo_tn\" \/>\n<meta name=\"twitter:site\" content=\"@webdo_tn\" \/>\n<meta name=\"twitter:label1\" content=\"\u00c9crit par\" \/>\n\t<meta name=\"twitter:data1\" content=\"webdo.tn\" \/>\n\t<meta name=\"twitter:label2\" content=\"Dur\u00e9e de lecture estim\u00e9e\" \/>\n\t<meta name=\"twitter:data2\" content=\"1 minute\" \/>\n<script type=\"application\/ld+json\" class=\"yoast-schema-graph\">{\"@context\":\"https:\\\/\\\/schema.org\",\"@graph\":[{\"@type\":\"NewsArticle\",\"@id\":\"https:\\\/\\\/www.webdo.tn\\\/fr\\\/actualite\\\/divers\\\/google-arabe-celebre-l-anniversaire-de-abdelhalim-hafez\\\/178600\\\/#article\",\"isPartOf\":{\"@id\":\"https:\\\/\\\/www.webdo.tn\\\/fr\\\/actualite\\\/divers\\\/google-arabe-celebre-l-anniversaire-de-abdelhalim-hafez\\\/178600\\\/\"},\"author\":{\"name\":\"webdo.tn\",\"@id\":\"https:\\\/\\\/www.webdo.tn\\\/fr\\\/#\\\/schema\\\/person\\\/9a9c6118d687c117df8ef3cc36a4d175\"},\"headline\":\"Google \u00abArabe\u00bb c\u00e9l\u00e8bre l\u2019anniversaire de Abdelhalim Hafez\",\"datePublished\":\"2011-06-21T13:49:00+00:00\",\"mainEntityOfPage\":{\"@id\":\"https:\\\/\\\/www.webdo.tn\\\/fr\\\/actualite\\\/divers\\\/google-arabe-celebre-l-anniversaire-de-abdelhalim-hafez\\\/178600\\\/\"},\"wordCount\":282,\"commentCount\":0,\"publisher\":{\"@id\":\"https:\\\/\\\/www.webdo.tn\\\/fr\\\/#organization\"},\"image\":{\"@id\":\"https:\\\/\\\/www.webdo.tn\\\/fr\\\/actualite\\\/divers\\\/google-arabe-celebre-l-anniversaire-de-abdelhalim-hafez\\\/178600\\\/#primaryimage\"},\"thumbnailUrl\":\"https:\\\/\\\/www.webdo.tn\\\/fr\\\/wp-content\\\/uploads\\\/2011\\\/06\\\/Doodle-AbdelHalim-Hafez.jpg\",\"articleSection\":[\"Divers\"],\"inLanguage\":\"fr-FR\"},{\"@type\":\"WebPage\",\"@id\":\"https:\\\/\\\/www.webdo.tn\\\/fr\\\/actualite\\\/divers\\\/google-arabe-celebre-l-anniversaire-de-abdelhalim-hafez\\\/178600\\\/\",\"url\":\"https:\\\/\\\/www.webdo.tn\\\/fr\\\/actualite\\\/divers\\\/google-arabe-celebre-l-anniversaire-de-abdelhalim-hafez\\\/178600\\\/\",\"name\":\"Google \u00abArabe\u00bb c\u00e9l\u00e8bre l\u2019anniversaire de Abdelhalim Hafez\",\"isPartOf\":{\"@id\":\"https:\\\/\\\/www.webdo.tn\\\/fr\\\/#website\"},\"primaryImageOfPage\":{\"@id\":\"https:\\\/\\\/www.webdo.tn\\\/fr\\\/actualite\\\/divers\\\/google-arabe-celebre-l-anniversaire-de-abdelhalim-hafez\\\/178600\\\/#primaryimage\"},\"image\":{\"@id\":\"https:\\\/\\\/www.webdo.tn\\\/fr\\\/actualite\\\/divers\\\/google-arabe-celebre-l-anniversaire-de-abdelhalim-hafez\\\/178600\\\/#primaryimage\"},\"thumbnailUrl\":\"https:\\\/\\\/www.webdo.tn\\\/fr\\\/wp-content\\\/uploads\\\/2011\\\/06\\\/Doodle-AbdelHalim-Hafez.jpg\",\"datePublished\":\"2011-06-21T13:49:00+00:00\",\"description\":\"Google \u00abArabe\u00bb c\u00e9l\u00e8bre l\u2019anniversaire de Abdelhalim Hafez\",\"breadcrumb\":{\"@id\":\"https:\\\/\\\/www.webdo.tn\\\/fr\\\/actualite\\\/divers\\\/google-arabe-celebre-l-anniversaire-de-abdelhalim-hafez\\\/178600\\\/#breadcrumb\"},\"inLanguage\":\"fr-FR\",\"potentialAction\":[{\"@type\":\"ReadAction\",\"target\":[\"https:\\\/\\\/www.webdo.tn\\\/fr\\\/actualite\\\/divers\\\/google-arabe-celebre-l-anniversaire-de-abdelhalim-hafez\\\/178600\\\/\"]}]},{\"@type\":\"ImageObject\",\"inLanguage\":\"fr-FR\",\"@id\":\"https:\\\/\\\/www.webdo.tn\\\/fr\\\/actualite\\\/divers\\\/google-arabe-celebre-l-anniversaire-de-abdelhalim-hafez\\\/178600\\\/#primaryimage\",\"url\":\"https:\\\/\\\/www.webdo.tn\\\/fr\\\/wp-content\\\/uploads\\\/2011\\\/06\\\/Doodle-AbdelHalim-Hafez.jpg\",\"contentUrl\":\"https:\\\/\\\/www.webdo.tn\\\/fr\\\/wp-content\\\/uploads\\\/2011\\\/06\\\/Doodle-AbdelHalim-Hafez.jpg\",\"width\":400,\"height\":146,\"caption\":\"Google \u00abArabe\u00bb c\u00e9l\u00e8bre l\u2019anniversaire de Abdelhalim Hafez\"},{\"@type\":\"BreadcrumbList\",\"@id\":\"https:\\\/\\\/www.webdo.tn\\\/fr\\\/actualite\\\/divers\\\/google-arabe-celebre-l-anniversaire-de-abdelhalim-hafez\\\/178600\\\/#breadcrumb\",\"itemListElement\":[{\"@type\":\"ListItem\",\"position\":1,\"name\":\"Accueil\",\"item\":\"https:\\\/\\\/www.webdo.tn\\\/fr\\\/\"},{\"@type\":\"ListItem\",\"position\":2,\"name\":\"Google \u00abArabe\u00bb c\u00e9l\u00e8bre l\u2019anniversaire de Abdelhalim Hafez\"}]},{\"@type\":\"WebSite\",\"@id\":\"https:\\\/\\\/www.webdo.tn\\\/fr\\\/#website\",\"url\":\"https:\\\/\\\/www.webdo.tn\\\/fr\\\/\",\"name\":\"webdo\",\"description\":\"Tunisie - News en Tunisie et \u00e0 l&#039;international sur Webdo.tn\",\"publisher\":{\"@id\":\"https:\\\/\\\/www.webdo.tn\\\/fr\\\/#organization\"},\"potentialAction\":[{\"@type\":\"SearchAction\",\"target\":{\"@type\":\"EntryPoint\",\"urlTemplate\":\"https:\\\/\\\/www.webdo.tn\\\/fr\\\/?s={search_term_string}\"},\"query-input\":{\"@type\":\"PropertyValueSpecification\",\"valueRequired\":true,\"valueName\":\"search_term_string\"}}],\"inLanguage\":\"fr-FR\"},{\"@type\":\"Organization\",\"@id\":\"https:\\\/\\\/www.webdo.tn\\\/fr\\\/#organization\",\"name\":\"Webdo\",\"alternateName\":\"Webdo.tn\",\"url\":\"https:\\\/\\\/www.webdo.tn\\\/fr\\\/\",\"logo\":{\"@type\":\"ImageObject\",\"inLanguage\":\"fr-FR\",\"@id\":\"https:\\\/\\\/www.webdo.tn\\\/fr\\\/#\\\/schema\\\/logo\\\/image\\\/\",\"url\":\"https:\\\/\\\/www.webdo.tn\\\/fr\\\/wp-content\\\/uploads\\\/2025\\\/06\\\/Webdo-Tunisie_168377.jpg\",\"contentUrl\":\"https:\\\/\\\/www.webdo.tn\\\/fr\\\/wp-content\\\/uploads\\\/2025\\\/06\\\/Webdo-Tunisie_168377.jpg\",\"width\":301,\"height\":301,\"caption\":\"Webdo\"},\"image\":{\"@id\":\"https:\\\/\\\/www.webdo.tn\\\/fr\\\/#\\\/schema\\\/logo\\\/image\\\/\"},\"sameAs\":[\"https:\\\/\\\/www.facebook.com\\\/webdotn\",\"https:\\\/\\\/x.com\\\/webdo_tn\"],\"description\":\"Webdo est un m\u00e9dia num\u00e9rique tunisien fond\u00e9 en 2010, sp\u00e9cialis\u00e9 dans l\u2019actualit\u00e9 nationale et internationale, l\u2019\u00e9conomie, la soci\u00e9t\u00e9 et les analyses politiques. Le site s\u2019adresse \u00e0 un large public francophone et couvre l\u2019information tunisienne en temps r\u00e9el.\",\"email\":\"redac@webdo.tn\",\"legalName\":\"YNJ SARL\",\"foundingDate\":\"2010-09-06\",\"numberOfEmployees\":{\"@type\":\"QuantitativeValue\",\"minValue\":\"11\",\"maxValue\":\"50\"}},{\"@type\":\"Person\",\"@id\":\"https:\\\/\\\/www.webdo.tn\\\/fr\\\/#\\\/schema\\\/person\\\/9a9c6118d687c117df8ef3cc36a4d175\",\"name\":\"webdo.tn\",\"image\":{\"@type\":\"ImageObject\",\"inLanguage\":\"fr-FR\",\"@id\":\"https:\\\/\\\/secure.gravatar.com\\\/avatar\\\/7ce1f28c0c3bbac99ff550b85ef8e44a6950c6ee24514fb6a5489e51d06f0298?s=96&d=mm&r=g\",\"url\":\"https:\\\/\\\/secure.gravatar.com\\\/avatar\\\/7ce1f28c0c3bbac99ff550b85ef8e44a6950c6ee24514fb6a5489e51d06f0298?s=96&d=mm&r=g\",\"contentUrl\":\"https:\\\/\\\/secure.gravatar.com\\\/avatar\\\/7ce1f28c0c3bbac99ff550b85ef8e44a6950c6ee24514fb6a5489e51d06f0298?s=96&d=mm&r=g\",\"caption\":\"webdo.tn\"},\"url\":\"https:\\\/\\\/www.webdo.tn\\\/fr\\\/actualite\\\/author\\\/webdotn\\\/\"}]}<\/script>\n<!-- \/ Yoast SEO Premium plugin. -->","yoast_head_json":{"title":"Google \u00abArabe\u00bb c\u00e9l\u00e8bre l\u2019anniversaire de Abdelhalim Hafez","description":"Google \u00abArabe\u00bb c\u00e9l\u00e8bre l\u2019anniversaire de Abdelhalim Hafez","canonical":"https:\/\/www.webdo.tn\/fr\/actualite\/divers\/google-arabe-celebre-l-anniversaire-de-abdelhalim-hafez\/178600\/","og_locale":"fr_FR","og_type":"article","og_title":"Google \u00abArabe\u00bb c\u00e9l\u00e8bre l\u2019anniversaire de Abdelhalim Hafez","og_description":"Google \u00abArabe\u00bb c\u00e9l\u00e8bre l\u2019anniversaire de Abdelhalim Hafez","og_url":"https:\/\/www.webdo.tn\/fr\/actualite\/divers\/google-arabe-celebre-l-anniversaire-de-abdelhalim-hafez\/178600\/","og_site_name":"webdo","article_publisher":"https:\/\/www.facebook.com\/webdotn","article_published_time":"2011-06-21T13:49:00+00:00","og_image":[{"width":400,"height":146,"url":"https:\/\/www.webdo.tn\/fr\/wp-content\/uploads\/2011\/06\/Doodle-AbdelHalim-Hafez.jpg","type":"image\/jpeg"}],"author":"webdo.tn","twitter_card":"summary_large_image","twitter_creator":"@webdo_tn","twitter_site":"@webdo_tn","twitter_misc":{"\u00c9crit par":"webdo.tn","Dur\u00e9e de lecture estim\u00e9e":"1 minute"},"schema":{"@context":"https:\/\/schema.org","@graph":[{"@type":"NewsArticle","@id":"https:\/\/www.webdo.tn\/fr\/actualite\/divers\/google-arabe-celebre-l-anniversaire-de-abdelhalim-hafez\/178600\/#article","isPartOf":{"@id":"https:\/\/www.webdo.tn\/fr\/actualite\/divers\/google-arabe-celebre-l-anniversaire-de-abdelhalim-hafez\/178600\/"},"author":{"name":"webdo.tn","@id":"https:\/\/www.webdo.tn\/fr\/#\/schema\/person\/9a9c6118d687c117df8ef3cc36a4d175"},"headline":"Google \u00abArabe\u00bb c\u00e9l\u00e8bre l\u2019anniversaire de Abdelhalim Hafez","datePublished":"2011-06-21T13:49:00+00:00","mainEntityOfPage":{"@id":"https:\/\/www.webdo.tn\/fr\/actualite\/divers\/google-arabe-celebre-l-anniversaire-de-abdelhalim-hafez\/178600\/"},"wordCount":282,"commentCount":0,"publisher":{"@id":"https:\/\/www.webdo.tn\/fr\/#organization"},"image":{"@id":"https:\/\/www.webdo.tn\/fr\/actualite\/divers\/google-arabe-celebre-l-anniversaire-de-abdelhalim-hafez\/178600\/#primaryimage"},"thumbnailUrl":"https:\/\/www.webdo.tn\/fr\/wp-content\/uploads\/2011\/06\/Doodle-AbdelHalim-Hafez.jpg","articleSection":["Divers"],"inLanguage":"fr-FR"},{"@type":"WebPage","@id":"https:\/\/www.webdo.tn\/fr\/actualite\/divers\/google-arabe-celebre-l-anniversaire-de-abdelhalim-hafez\/178600\/","url":"https:\/\/www.webdo.tn\/fr\/actualite\/divers\/google-arabe-celebre-l-anniversaire-de-abdelhalim-hafez\/178600\/","name":"Google \u00abArabe\u00bb c\u00e9l\u00e8bre l\u2019anniversaire de Abdelhalim Hafez","isPartOf":{"@id":"https:\/\/www.webdo.tn\/fr\/#website"},"primaryImageOfPage":{"@id":"https:\/\/www.webdo.tn\/fr\/actualite\/divers\/google-arabe-celebre-l-anniversaire-de-abdelhalim-hafez\/178600\/#primaryimage"},"image":{"@id":"https:\/\/www.webdo.tn\/fr\/actualite\/divers\/google-arabe-celebre-l-anniversaire-de-abdelhalim-hafez\/178600\/#primaryimage"},"thumbnailUrl":"https:\/\/www.webdo.tn\/fr\/wp-content\/uploads\/2011\/06\/Doodle-AbdelHalim-Hafez.jpg","datePublished":"2011-06-21T13:49:00+00:00","description":"Google \u00abArabe\u00bb c\u00e9l\u00e8bre l\u2019anniversaire de Abdelhalim Hafez","breadcrumb":{"@id":"https:\/\/www.webdo.tn\/fr\/actualite\/divers\/google-arabe-celebre-l-anniversaire-de-abdelhalim-hafez\/178600\/#breadcrumb"},"inLanguage":"fr-FR","potentialAction":[{"@type":"ReadAction","target":["https:\/\/www.webdo.tn\/fr\/actualite\/divers\/google-arabe-celebre-l-anniversaire-de-abdelhalim-hafez\/178600\/"]}]},{"@type":"ImageObject","inLanguage":"fr-FR","@id":"https:\/\/www.webdo.tn\/fr\/actualite\/divers\/google-arabe-celebre-l-anniversaire-de-abdelhalim-hafez\/178600\/#primaryimage","url":"https:\/\/www.webdo.tn\/fr\/wp-content\/uploads\/2011\/06\/Doodle-AbdelHalim-Hafez.jpg","contentUrl":"https:\/\/www.webdo.tn\/fr\/wp-content\/uploads\/2011\/06\/Doodle-AbdelHalim-Hafez.jpg","width":400,"height":146,"caption":"Google \u00abArabe\u00bb c\u00e9l\u00e8bre l\u2019anniversaire de Abdelhalim Hafez"},{"@type":"BreadcrumbList","@id":"https:\/\/www.webdo.tn\/fr\/actualite\/divers\/google-arabe-celebre-l-anniversaire-de-abdelhalim-hafez\/178600\/#breadcrumb","itemListElement":[{"@type":"ListItem","position":1,"name":"Accueil","item":"https:\/\/www.webdo.tn\/fr\/"},{"@type":"ListItem","position":2,"name":"Google \u00abArabe\u00bb c\u00e9l\u00e8bre l\u2019anniversaire de Abdelhalim Hafez"}]},{"@type":"WebSite","@id":"https:\/\/www.webdo.tn\/fr\/#website","url":"https:\/\/www.webdo.tn\/fr\/","name":"webdo","description":"Tunisie - News en Tunisie et \u00e0 l&#039;international sur Webdo.tn","publisher":{"@id":"https:\/\/www.webdo.tn\/fr\/#organization"},"potentialAction":[{"@type":"SearchAction","target":{"@type":"EntryPoint","urlTemplate":"https:\/\/www.webdo.tn\/fr\/?s={search_term_string}"},"query-input":{"@type":"PropertyValueSpecification","valueRequired":true,"valueName":"search_term_string"}}],"inLanguage":"fr-FR"},{"@type":"Organization","@id":"https:\/\/www.webdo.tn\/fr\/#organization","name":"Webdo","alternateName":"Webdo.tn","url":"https:\/\/www.webdo.tn\/fr\/","logo":{"@type":"ImageObject","inLanguage":"fr-FR","@id":"https:\/\/www.webdo.tn\/fr\/#\/schema\/logo\/image\/","url":"https:\/\/www.webdo.tn\/fr\/wp-content\/uploads\/2025\/06\/Webdo-Tunisie_168377.jpg","contentUrl":"https:\/\/www.webdo.tn\/fr\/wp-content\/uploads\/2025\/06\/Webdo-Tunisie_168377.jpg","width":301,"height":301,"caption":"Webdo"},"image":{"@id":"https:\/\/www.webdo.tn\/fr\/#\/schema\/logo\/image\/"},"sameAs":["https:\/\/www.facebook.com\/webdotn","https:\/\/x.com\/webdo_tn"],"description":"Webdo est un m\u00e9dia num\u00e9rique tunisien fond\u00e9 en 2010, sp\u00e9cialis\u00e9 dans l\u2019actualit\u00e9 nationale et internationale, l\u2019\u00e9conomie, la soci\u00e9t\u00e9 et les analyses politiques. Le site s\u2019adresse \u00e0 un large public francophone et couvre l\u2019information tunisienne en temps r\u00e9el.","email":"redac@webdo.tn","legalName":"YNJ SARL","foundingDate":"2010-09-06","numberOfEmployees":{"@type":"QuantitativeValue","minValue":"11","maxValue":"50"}},{"@type":"Person","@id":"https:\/\/www.webdo.tn\/fr\/#\/schema\/person\/9a9c6118d687c117df8ef3cc36a4d175","name":"webdo.tn","image":{"@type":"ImageObject","inLanguage":"fr-FR","@id":"https:\/\/secure.gravatar.com\/avatar\/7ce1f28c0c3bbac99ff550b85ef8e44a6950c6ee24514fb6a5489e51d06f0298?s=96&d=mm&r=g","url":"https:\/\/secure.gravatar.com\/avatar\/7ce1f28c0c3bbac99ff550b85ef8e44a6950c6ee24514fb6a5489e51d06f0298?s=96&d=mm&r=g","contentUrl":"https:\/\/secure.gravatar.com\/avatar\/7ce1f28c0c3bbac99ff550b85ef8e44a6950c6ee24514fb6a5489e51d06f0298?s=96&d=mm&r=g","caption":"webdo.tn"},"url":"https:\/\/www.webdo.tn\/fr\/actualite\/author\/webdotn\/"}]}},"_links":{"self":[{"href":"https:\/\/www.webdo.tn\/fr\/wp-json\/wp\/v2\/posts\/178600","targetHints":{"allow":["GET"]}}],"collection":[{"href":"https:\/\/www.webdo.tn\/fr\/wp-json\/wp\/v2\/posts"}],"about":[{"href":"https:\/\/www.webdo.tn\/fr\/wp-json\/wp\/v2\/types\/post"}],"author":[{"embeddable":true,"href":"https:\/\/www.webdo.tn\/fr\/wp-json\/wp\/v2\/users\/3222"}],"replies":[{"embeddable":true,"href":"https:\/\/www.webdo.tn\/fr\/wp-json\/wp\/v2\/comments?post=178600"}],"version-history":[{"count":0,"href":"https:\/\/www.webdo.tn\/fr\/wp-json\/wp\/v2\/posts\/178600\/revisions"}],"wp:featuredmedia":[{"embeddable":true,"href":"https:\/\/www.webdo.tn\/fr\/wp-json\/wp\/v2\/media\/376636"}],"wp:attachment":[{"href":"https:\/\/www.webdo.tn\/fr\/wp-json\/wp\/v2\/media?parent=178600"}],"wp:term":[{"taxonomy":"category","embeddable":true,"href":"https:\/\/www.webdo.tn\/fr\/wp-json\/wp\/v2\/categories?post=178600"},{"taxonomy":"post_tag","embeddable":true,"href":"https:\/\/www.webdo.tn\/fr\/wp-json\/wp\/v2\/tags?post=178600"}],"curies":[{"name":"wp","href":"https:\/\/api.w.org\/{rel}","templated":true}]}}