{"id":178599,"date":"2011-06-23T13:18:00","date_gmt":"2011-06-23T13:18:00","guid":{"rendered":"https:\/\/www.webdo.tn\/fr\/actualite\/blog\/mediterranee-les-exploitations-petrolieres-se-multiplient-la-pollution-aussi\/178599\/"},"modified":"2011-06-23T13:18:00","modified_gmt":"2011-06-23T13:18:00","slug":"mediterranee-les-exploitations-petrolieres-se-multiplient-la-pollution-aussi","status":"publish","type":"post","link":"https:\/\/www.webdo.tn\/fr\/actualite\/divers\/mediterranee-les-exploitations-petrolieres-se-multiplient-la-pollution-aussi\/178599\/","title":{"rendered":"M\u00e9diterran\u00e9e : les exploitations p\u00e9troli\u00e8res se multiplient, la pollution aussi !"},"content":{"rendered":"<p>Mercredi dernier, un s\u00e9nateur fran\u00e7ais, Roland Courteau, a pr\u00e9sent\u00e9 un rapport de l\u2019OPECST (office parlementaire d&rsquo;\u00e9valuation des choix scientifiques et techniques) sur la pollution en M\u00e9diterran\u00e9e. Et le moins qu\u2019on puisse dire est que la situation est alarmante. D\u2019autant plus alarmante que les forages p\u00e9troliers sont l\u00e9gion actuellement en M\u00e9diterran\u00e9e et ne cesseront de se multiplier, dans les ann\u00e9es venir, selon un consultant en g\u00e9ologie p\u00e9troli\u00e8re.<\/p>\n<p>Alors que, selon le Figaro, de nombreux forages sont en cours, la M\u00e9diterran\u00e9e compte environ 232 plateformes d\u2019exploitation d\u2019hydrocarbures dont un tiers pour le p\u00e9trole. La Tunisie vient en t\u00eate des pays qui accueillent le plus de plateformes ; 43 exactement ont pos\u00e9 pied au large de notre pays. Sans parler des nombreux forages qui sont en cours.<\/p>\n<p>L\u2019exploitation p\u00e9troli\u00e8re s\u2019installe donc \u00abconfortablement\u00bb en M\u00e9diterran\u00e9e b\u00e9n\u00e9ficiant des nouvelles techniques de forages qui permettent des exploitations \u00e0 plus de deux kilom\u00e8tres de profondeur. La M\u00e9diterran\u00e9e \u00e9tant une mer semi-ferm\u00e9e tr\u00e8s profonde, cet engouement s\u2019explique ais\u00e9ment.<\/p>\n<p>Mais pour le s\u00e9nateur fran\u00e7ais, l\u2019heure est \u00e0 l\u2019inqui\u00e9tude. Ce qui s\u2019est pass\u00e9 dans le golfe du Mexique, en avril 2010, est encore dans toutes les m\u00e9moires. Un incident avait eu lieu sur la plateforme \u00abDeepwater Horizon\u00bb, tuant 11 personnes et laissant \u00e9chapper plus de 4 millions de barils de brut. Cet incident n\u2019est malheureusement pas un cas isol\u00e9 et c\u2019est ce qui inqui\u00e8te Roland Courteau. L\u2019\u00e2ge de la plupart des plateformes est point\u00e9 du doigt tout comme les faiblesses de l\u2019encadrement juridique de l\u2019exploitation des plateformes. Sans parler du transport maritime de p\u00e9trole qui augmente exponentiellement depuis des dizaines d\u2019ann\u00e9es, d\u2019o\u00f9 un risque plus grand de mar\u00e9e noire, et des bateaux qui nettoient leurs cuves en pleine mer !<\/p>\n<p>La M\u00e9diterran\u00e9e souffre d\u00e9j\u00e0 d\u2019une accumulation de d\u00e9chets. La densit\u00e9 des macrod\u00e9chets y est de 40 pi\u00e8ces au km\u00b2. Les solutions ? Roland Courteau fait \u00e9tat dans son rapport d\u2019une dizaine de propositions principalement ax\u00e9es sur la recherche et la gouvernance. En plus d\u2019insister sur le fait que tous les pays de la M\u00e9diterran\u00e9e devraient s\u2019unir pour lutter contre la pollution, il propose la cr\u00e9ation d\u2019une agence de protection de l&rsquo;environnement et de protection du d\u00e9veloppement durable en M\u00e9diterran\u00e9e. Cette agence engloberait les dispositifs existants tels que la convention de Barcelone.<\/p>\n","protected":false},"excerpt":{"rendered":"<p>M\u00e9diterran\u00e9e : les exploitations p\u00e9troli\u00e8res se multiplient, la pollution aussi !<\/p>\n","protected":false},"author":3222,"featured_media":376290,"comment_status":"open","ping_status":"closed","sticky":false,"template":"","format":"standard","meta":{"footnotes":""},"categories":[2839],"tags":[],"class_list":["post-178599","post","type-post","status-publish","format-standard","has-post-thumbnail","hentry","category-divers"],"yoast_head":"<!-- This site is optimized with the Yoast SEO Premium plugin v27.4 (Yoast SEO v27.5) - https:\/\/yoast.com\/product\/yoast-seo-premium-wordpress\/ -->\n<title>M\u00e9diterran\u00e9e : les exploitations p\u00e9troli\u00e8res se multiplient, la pollution aussi !<\/title>\n<meta name=\"description\" content=\"M\u00e9diterran\u00e9e : les exploitations p\u00e9troli\u00e8res se multiplient, la pollution aussi !\" \/>\n<link rel=\"canonical\" href=\"https:\/\/www.webdo.tn\/fr\/actualite\/divers\/mediterranee-les-exploitations-petrolieres-se-multiplient-la-pollution-aussi\/178599\/\" \/>\n<meta property=\"og:locale\" content=\"fr_FR\" \/>\n<meta property=\"og:type\" content=\"article\" \/>\n<meta property=\"og:title\" content=\"M\u00e9diterran\u00e9e : les exploitations p\u00e9troli\u00e8res se multiplient, la pollution aussi !\" \/>\n<meta property=\"og:description\" content=\"M\u00e9diterran\u00e9e : les exploitations p\u00e9troli\u00e8res se multiplient, la pollution aussi !\" \/>\n<meta property=\"og:url\" content=\"https:\/\/www.webdo.tn\/fr\/actualite\/divers\/mediterranee-les-exploitations-petrolieres-se-multiplient-la-pollution-aussi\/178599\/\" \/>\n<meta property=\"og:site_name\" content=\"webdo\" \/>\n<meta property=\"article:publisher\" content=\"https:\/\/www.facebook.com\/webdotn\" \/>\n<meta property=\"article:published_time\" content=\"2011-06-23T13:18:00+00:00\" \/>\n<meta name=\"author\" content=\"webdo.tn\" \/>\n<meta name=\"twitter:card\" content=\"summary_large_image\" \/>\n<meta name=\"twitter:creator\" content=\"@webdo_tn\" \/>\n<meta name=\"twitter:site\" content=\"@webdo_tn\" \/>\n<meta name=\"twitter:label1\" content=\"\u00c9crit par\" \/>\n\t<meta name=\"twitter:data1\" content=\"webdo.tn\" \/>\n\t<meta name=\"twitter:label2\" content=\"Dur\u00e9e de lecture estim\u00e9e\" \/>\n\t<meta name=\"twitter:data2\" content=\"2 minutes\" \/>\n<script type=\"application\/ld+json\" class=\"yoast-schema-graph\">{\"@context\":\"https:\\\/\\\/schema.org\",\"@graph\":[{\"@type\":\"NewsArticle\",\"@id\":\"https:\\\/\\\/www.webdo.tn\\\/fr\\\/actualite\\\/divers\\\/mediterranee-les-exploitations-petrolieres-se-multiplient-la-pollution-aussi\\\/178599\\\/#article\",\"isPartOf\":{\"@id\":\"https:\\\/\\\/www.webdo.tn\\\/fr\\\/actualite\\\/divers\\\/mediterranee-les-exploitations-petrolieres-se-multiplient-la-pollution-aussi\\\/178599\\\/\"},\"author\":{\"name\":\"webdo.tn\",\"@id\":\"https:\\\/\\\/www.webdo.tn\\\/fr\\\/#\\\/schema\\\/person\\\/9a9c6118d687c117df8ef3cc36a4d175\"},\"headline\":\"M\u00e9diterran\u00e9e : les exploitations p\u00e9troli\u00e8res se multiplient, la pollution aussi !\",\"datePublished\":\"2011-06-23T13:18:00+00:00\",\"mainEntityOfPage\":{\"@id\":\"https:\\\/\\\/www.webdo.tn\\\/fr\\\/actualite\\\/divers\\\/mediterranee-les-exploitations-petrolieres-se-multiplient-la-pollution-aussi\\\/178599\\\/\"},\"wordCount\":448,\"commentCount\":0,\"publisher\":{\"@id\":\"https:\\\/\\\/www.webdo.tn\\\/fr\\\/#organization\"},\"image\":{\"@id\":\"https:\\\/\\\/www.webdo.tn\\\/fr\\\/actualite\\\/divers\\\/mediterranee-les-exploitations-petrolieres-se-multiplient-la-pollution-aussi\\\/178599\\\/#primaryimage\"},\"thumbnailUrl\":\"https:\\\/\\\/www.webdo.tn\\\/fr\\\/wp-content\\\/uploads\\\/2025\\\/06\\\/FireShot-Capture-1063-webdo_default-53-750x375.jpg-750\u00d7375-www.webdo_.tn_.png\",\"articleSection\":[\"Divers\"],\"inLanguage\":\"fr-FR\"},{\"@type\":\"WebPage\",\"@id\":\"https:\\\/\\\/www.webdo.tn\\\/fr\\\/actualite\\\/divers\\\/mediterranee-les-exploitations-petrolieres-se-multiplient-la-pollution-aussi\\\/178599\\\/\",\"url\":\"https:\\\/\\\/www.webdo.tn\\\/fr\\\/actualite\\\/divers\\\/mediterranee-les-exploitations-petrolieres-se-multiplient-la-pollution-aussi\\\/178599\\\/\",\"name\":\"M\u00e9diterran\u00e9e : les exploitations p\u00e9troli\u00e8res se multiplient, la pollution aussi !\",\"isPartOf\":{\"@id\":\"https:\\\/\\\/www.webdo.tn\\\/fr\\\/#website\"},\"primaryImageOfPage\":{\"@id\":\"https:\\\/\\\/www.webdo.tn\\\/fr\\\/actualite\\\/divers\\\/mediterranee-les-exploitations-petrolieres-se-multiplient-la-pollution-aussi\\\/178599\\\/#primaryimage\"},\"image\":{\"@id\":\"https:\\\/\\\/www.webdo.tn\\\/fr\\\/actualite\\\/divers\\\/mediterranee-les-exploitations-petrolieres-se-multiplient-la-pollution-aussi\\\/178599\\\/#primaryimage\"},\"thumbnailUrl\":\"https:\\\/\\\/www.webdo.tn\\\/fr\\\/wp-content\\\/uploads\\\/2025\\\/06\\\/FireShot-Capture-1063-webdo_default-53-750x375.jpg-750\u00d7375-www.webdo_.tn_.png\",\"datePublished\":\"2011-06-23T13:18:00+00:00\",\"description\":\"M\u00e9diterran\u00e9e : les exploitations p\u00e9troli\u00e8res se multiplient, la pollution aussi !\",\"breadcrumb\":{\"@id\":\"https:\\\/\\\/www.webdo.tn\\\/fr\\\/actualite\\\/divers\\\/mediterranee-les-exploitations-petrolieres-se-multiplient-la-pollution-aussi\\\/178599\\\/#breadcrumb\"},\"inLanguage\":\"fr-FR\",\"potentialAction\":[{\"@type\":\"ReadAction\",\"target\":[\"https:\\\/\\\/www.webdo.tn\\\/fr\\\/actualite\\\/divers\\\/mediterranee-les-exploitations-petrolieres-se-multiplient-la-pollution-aussi\\\/178599\\\/\"]}]},{\"@type\":\"ImageObject\",\"inLanguage\":\"fr-FR\",\"@id\":\"https:\\\/\\\/www.webdo.tn\\\/fr\\\/actualite\\\/divers\\\/mediterranee-les-exploitations-petrolieres-se-multiplient-la-pollution-aussi\\\/178599\\\/#primaryimage\",\"url\":\"https:\\\/\\\/www.webdo.tn\\\/fr\\\/wp-content\\\/uploads\\\/2025\\\/06\\\/FireShot-Capture-1063-webdo_default-53-750x375.jpg-750\u00d7375-www.webdo_.tn_.png\",\"contentUrl\":\"https:\\\/\\\/www.webdo.tn\\\/fr\\\/wp-content\\\/uploads\\\/2025\\\/06\\\/FireShot-Capture-1063-webdo_default-53-750x375.jpg-750\u00d7375-www.webdo_.tn_.png\",\"width\":746,\"height\":371},{\"@type\":\"BreadcrumbList\",\"@id\":\"https:\\\/\\\/www.webdo.tn\\\/fr\\\/actualite\\\/divers\\\/mediterranee-les-exploitations-petrolieres-se-multiplient-la-pollution-aussi\\\/178599\\\/#breadcrumb\",\"itemListElement\":[{\"@type\":\"ListItem\",\"position\":1,\"name\":\"Accueil\",\"item\":\"https:\\\/\\\/www.webdo.tn\\\/fr\\\/\"},{\"@type\":\"ListItem\",\"position\":2,\"name\":\"M\u00e9diterran\u00e9e : les exploitations p\u00e9troli\u00e8res se multiplient, la pollution aussi !\"}]},{\"@type\":\"WebSite\",\"@id\":\"https:\\\/\\\/www.webdo.tn\\\/fr\\\/#website\",\"url\":\"https:\\\/\\\/www.webdo.tn\\\/fr\\\/\",\"name\":\"webdo\",\"description\":\"Tunisie - News en Tunisie et \u00e0 l&#039;international sur Webdo.tn\",\"publisher\":{\"@id\":\"https:\\\/\\\/www.webdo.tn\\\/fr\\\/#organization\"},\"potentialAction\":[{\"@type\":\"SearchAction\",\"target\":{\"@type\":\"EntryPoint\",\"urlTemplate\":\"https:\\\/\\\/www.webdo.tn\\\/fr\\\/?s={search_term_string}\"},\"query-input\":{\"@type\":\"PropertyValueSpecification\",\"valueRequired\":true,\"valueName\":\"search_term_string\"}}],\"inLanguage\":\"fr-FR\"},{\"@type\":\"Organization\",\"@id\":\"https:\\\/\\\/www.webdo.tn\\\/fr\\\/#organization\",\"name\":\"Webdo\",\"alternateName\":\"Webdo.tn\",\"url\":\"https:\\\/\\\/www.webdo.tn\\\/fr\\\/\",\"logo\":{\"@type\":\"ImageObject\",\"inLanguage\":\"fr-FR\",\"@id\":\"https:\\\/\\\/www.webdo.tn\\\/fr\\\/#\\\/schema\\\/logo\\\/image\\\/\",\"url\":\"https:\\\/\\\/www.webdo.tn\\\/fr\\\/wp-content\\\/uploads\\\/2025\\\/06\\\/Webdo-Tunisie_168377.jpg\",\"contentUrl\":\"https:\\\/\\\/www.webdo.tn\\\/fr\\\/wp-content\\\/uploads\\\/2025\\\/06\\\/Webdo-Tunisie_168377.jpg\",\"width\":301,\"height\":301,\"caption\":\"Webdo\"},\"image\":{\"@id\":\"https:\\\/\\\/www.webdo.tn\\\/fr\\\/#\\\/schema\\\/logo\\\/image\\\/\"},\"sameAs\":[\"https:\\\/\\\/www.facebook.com\\\/webdotn\",\"https:\\\/\\\/x.com\\\/webdo_tn\"],\"description\":\"Webdo est un m\u00e9dia num\u00e9rique tunisien fond\u00e9 en 2010, sp\u00e9cialis\u00e9 dans l\u2019actualit\u00e9 nationale et internationale, l\u2019\u00e9conomie, la soci\u00e9t\u00e9 et les analyses politiques. Le site s\u2019adresse \u00e0 un large public francophone et couvre l\u2019information tunisienne en temps r\u00e9el.\",\"email\":\"redac@webdo.tn\",\"legalName\":\"YNJ SARL\",\"foundingDate\":\"2010-09-06\",\"numberOfEmployees\":{\"@type\":\"QuantitativeValue\",\"minValue\":\"11\",\"maxValue\":\"50\"}},{\"@type\":\"Person\",\"@id\":\"https:\\\/\\\/www.webdo.tn\\\/fr\\\/#\\\/schema\\\/person\\\/9a9c6118d687c117df8ef3cc36a4d175\",\"name\":\"webdo.tn\",\"image\":{\"@type\":\"ImageObject\",\"inLanguage\":\"fr-FR\",\"@id\":\"https:\\\/\\\/secure.gravatar.com\\\/avatar\\\/7ce1f28c0c3bbac99ff550b85ef8e44a6950c6ee24514fb6a5489e51d06f0298?s=96&d=mm&r=g\",\"url\":\"https:\\\/\\\/secure.gravatar.com\\\/avatar\\\/7ce1f28c0c3bbac99ff550b85ef8e44a6950c6ee24514fb6a5489e51d06f0298?s=96&d=mm&r=g\",\"contentUrl\":\"https:\\\/\\\/secure.gravatar.com\\\/avatar\\\/7ce1f28c0c3bbac99ff550b85ef8e44a6950c6ee24514fb6a5489e51d06f0298?s=96&d=mm&r=g\",\"caption\":\"webdo.tn\"},\"url\":\"https:\\\/\\\/www.webdo.tn\\\/fr\\\/actualite\\\/author\\\/webdotn\\\/\"}]}<\/script>\n<!-- \/ Yoast SEO Premium plugin. -->","yoast_head_json":{"title":"M\u00e9diterran\u00e9e : les exploitations p\u00e9troli\u00e8res se multiplient, la pollution aussi !","description":"M\u00e9diterran\u00e9e : les exploitations p\u00e9troli\u00e8res se multiplient, la pollution aussi !","canonical":"https:\/\/www.webdo.tn\/fr\/actualite\/divers\/mediterranee-les-exploitations-petrolieres-se-multiplient-la-pollution-aussi\/178599\/","og_locale":"fr_FR","og_type":"article","og_title":"M\u00e9diterran\u00e9e : les exploitations p\u00e9troli\u00e8res se multiplient, la pollution aussi !","og_description":"M\u00e9diterran\u00e9e : les exploitations p\u00e9troli\u00e8res se multiplient, la pollution aussi !","og_url":"https:\/\/www.webdo.tn\/fr\/actualite\/divers\/mediterranee-les-exploitations-petrolieres-se-multiplient-la-pollution-aussi\/178599\/","og_site_name":"webdo","article_publisher":"https:\/\/www.facebook.com\/webdotn","article_published_time":"2011-06-23T13:18:00+00:00","author":"webdo.tn","twitter_card":"summary_large_image","twitter_creator":"@webdo_tn","twitter_site":"@webdo_tn","twitter_misc":{"\u00c9crit par":"webdo.tn","Dur\u00e9e de lecture estim\u00e9e":"2 minutes"},"schema":{"@context":"https:\/\/schema.org","@graph":[{"@type":"NewsArticle","@id":"https:\/\/www.webdo.tn\/fr\/actualite\/divers\/mediterranee-les-exploitations-petrolieres-se-multiplient-la-pollution-aussi\/178599\/#article","isPartOf":{"@id":"https:\/\/www.webdo.tn\/fr\/actualite\/divers\/mediterranee-les-exploitations-petrolieres-se-multiplient-la-pollution-aussi\/178599\/"},"author":{"name":"webdo.tn","@id":"https:\/\/www.webdo.tn\/fr\/#\/schema\/person\/9a9c6118d687c117df8ef3cc36a4d175"},"headline":"M\u00e9diterran\u00e9e : les exploitations p\u00e9troli\u00e8res se multiplient, la pollution aussi !","datePublished":"2011-06-23T13:18:00+00:00","mainEntityOfPage":{"@id":"https:\/\/www.webdo.tn\/fr\/actualite\/divers\/mediterranee-les-exploitations-petrolieres-se-multiplient-la-pollution-aussi\/178599\/"},"wordCount":448,"commentCount":0,"publisher":{"@id":"https:\/\/www.webdo.tn\/fr\/#organization"},"image":{"@id":"https:\/\/www.webdo.tn\/fr\/actualite\/divers\/mediterranee-les-exploitations-petrolieres-se-multiplient-la-pollution-aussi\/178599\/#primaryimage"},"thumbnailUrl":"https:\/\/www.webdo.tn\/fr\/wp-content\/uploads\/2025\/06\/FireShot-Capture-1063-webdo_default-53-750x375.jpg-750\u00d7375-www.webdo_.tn_.png","articleSection":["Divers"],"inLanguage":"fr-FR"},{"@type":"WebPage","@id":"https:\/\/www.webdo.tn\/fr\/actualite\/divers\/mediterranee-les-exploitations-petrolieres-se-multiplient-la-pollution-aussi\/178599\/","url":"https:\/\/www.webdo.tn\/fr\/actualite\/divers\/mediterranee-les-exploitations-petrolieres-se-multiplient-la-pollution-aussi\/178599\/","name":"M\u00e9diterran\u00e9e : les exploitations p\u00e9troli\u00e8res se multiplient, la pollution aussi !","isPartOf":{"@id":"https:\/\/www.webdo.tn\/fr\/#website"},"primaryImageOfPage":{"@id":"https:\/\/www.webdo.tn\/fr\/actualite\/divers\/mediterranee-les-exploitations-petrolieres-se-multiplient-la-pollution-aussi\/178599\/#primaryimage"},"image":{"@id":"https:\/\/www.webdo.tn\/fr\/actualite\/divers\/mediterranee-les-exploitations-petrolieres-se-multiplient-la-pollution-aussi\/178599\/#primaryimage"},"thumbnailUrl":"https:\/\/www.webdo.tn\/fr\/wp-content\/uploads\/2025\/06\/FireShot-Capture-1063-webdo_default-53-750x375.jpg-750\u00d7375-www.webdo_.tn_.png","datePublished":"2011-06-23T13:18:00+00:00","description":"M\u00e9diterran\u00e9e : les exploitations p\u00e9troli\u00e8res se multiplient, la pollution aussi !","breadcrumb":{"@id":"https:\/\/www.webdo.tn\/fr\/actualite\/divers\/mediterranee-les-exploitations-petrolieres-se-multiplient-la-pollution-aussi\/178599\/#breadcrumb"},"inLanguage":"fr-FR","potentialAction":[{"@type":"ReadAction","target":["https:\/\/www.webdo.tn\/fr\/actualite\/divers\/mediterranee-les-exploitations-petrolieres-se-multiplient-la-pollution-aussi\/178599\/"]}]},{"@type":"ImageObject","inLanguage":"fr-FR","@id":"https:\/\/www.webdo.tn\/fr\/actualite\/divers\/mediterranee-les-exploitations-petrolieres-se-multiplient-la-pollution-aussi\/178599\/#primaryimage","url":"https:\/\/www.webdo.tn\/fr\/wp-content\/uploads\/2025\/06\/FireShot-Capture-1063-webdo_default-53-750x375.jpg-750\u00d7375-www.webdo_.tn_.png","contentUrl":"https:\/\/www.webdo.tn\/fr\/wp-content\/uploads\/2025\/06\/FireShot-Capture-1063-webdo_default-53-750x375.jpg-750\u00d7375-www.webdo_.tn_.png","width":746,"height":371},{"@type":"BreadcrumbList","@id":"https:\/\/www.webdo.tn\/fr\/actualite\/divers\/mediterranee-les-exploitations-petrolieres-se-multiplient-la-pollution-aussi\/178599\/#breadcrumb","itemListElement":[{"@type":"ListItem","position":1,"name":"Accueil","item":"https:\/\/www.webdo.tn\/fr\/"},{"@type":"ListItem","position":2,"name":"M\u00e9diterran\u00e9e : les exploitations p\u00e9troli\u00e8res se multiplient, la pollution aussi !"}]},{"@type":"WebSite","@id":"https:\/\/www.webdo.tn\/fr\/#website","url":"https:\/\/www.webdo.tn\/fr\/","name":"webdo","description":"Tunisie - News en Tunisie et \u00e0 l&#039;international sur Webdo.tn","publisher":{"@id":"https:\/\/www.webdo.tn\/fr\/#organization"},"potentialAction":[{"@type":"SearchAction","target":{"@type":"EntryPoint","urlTemplate":"https:\/\/www.webdo.tn\/fr\/?s={search_term_string}"},"query-input":{"@type":"PropertyValueSpecification","valueRequired":true,"valueName":"search_term_string"}}],"inLanguage":"fr-FR"},{"@type":"Organization","@id":"https:\/\/www.webdo.tn\/fr\/#organization","name":"Webdo","alternateName":"Webdo.tn","url":"https:\/\/www.webdo.tn\/fr\/","logo":{"@type":"ImageObject","inLanguage":"fr-FR","@id":"https:\/\/www.webdo.tn\/fr\/#\/schema\/logo\/image\/","url":"https:\/\/www.webdo.tn\/fr\/wp-content\/uploads\/2025\/06\/Webdo-Tunisie_168377.jpg","contentUrl":"https:\/\/www.webdo.tn\/fr\/wp-content\/uploads\/2025\/06\/Webdo-Tunisie_168377.jpg","width":301,"height":301,"caption":"Webdo"},"image":{"@id":"https:\/\/www.webdo.tn\/fr\/#\/schema\/logo\/image\/"},"sameAs":["https:\/\/www.facebook.com\/webdotn","https:\/\/x.com\/webdo_tn"],"description":"Webdo est un m\u00e9dia num\u00e9rique tunisien fond\u00e9 en 2010, sp\u00e9cialis\u00e9 dans l\u2019actualit\u00e9 nationale et internationale, l\u2019\u00e9conomie, la soci\u00e9t\u00e9 et les analyses politiques. Le site s\u2019adresse \u00e0 un large public francophone et couvre l\u2019information tunisienne en temps r\u00e9el.","email":"redac@webdo.tn","legalName":"YNJ SARL","foundingDate":"2010-09-06","numberOfEmployees":{"@type":"QuantitativeValue","minValue":"11","maxValue":"50"}},{"@type":"Person","@id":"https:\/\/www.webdo.tn\/fr\/#\/schema\/person\/9a9c6118d687c117df8ef3cc36a4d175","name":"webdo.tn","image":{"@type":"ImageObject","inLanguage":"fr-FR","@id":"https:\/\/secure.gravatar.com\/avatar\/7ce1f28c0c3bbac99ff550b85ef8e44a6950c6ee24514fb6a5489e51d06f0298?s=96&d=mm&r=g","url":"https:\/\/secure.gravatar.com\/avatar\/7ce1f28c0c3bbac99ff550b85ef8e44a6950c6ee24514fb6a5489e51d06f0298?s=96&d=mm&r=g","contentUrl":"https:\/\/secure.gravatar.com\/avatar\/7ce1f28c0c3bbac99ff550b85ef8e44a6950c6ee24514fb6a5489e51d06f0298?s=96&d=mm&r=g","caption":"webdo.tn"},"url":"https:\/\/www.webdo.tn\/fr\/actualite\/author\/webdotn\/"}]}},"_links":{"self":[{"href":"https:\/\/www.webdo.tn\/fr\/wp-json\/wp\/v2\/posts\/178599","targetHints":{"allow":["GET"]}}],"collection":[{"href":"https:\/\/www.webdo.tn\/fr\/wp-json\/wp\/v2\/posts"}],"about":[{"href":"https:\/\/www.webdo.tn\/fr\/wp-json\/wp\/v2\/types\/post"}],"author":[{"embeddable":true,"href":"https:\/\/www.webdo.tn\/fr\/wp-json\/wp\/v2\/users\/3222"}],"replies":[{"embeddable":true,"href":"https:\/\/www.webdo.tn\/fr\/wp-json\/wp\/v2\/comments?post=178599"}],"version-history":[{"count":0,"href":"https:\/\/www.webdo.tn\/fr\/wp-json\/wp\/v2\/posts\/178599\/revisions"}],"wp:featuredmedia":[{"embeddable":true,"href":"https:\/\/www.webdo.tn\/fr\/wp-json\/wp\/v2\/media\/376290"}],"wp:attachment":[{"href":"https:\/\/www.webdo.tn\/fr\/wp-json\/wp\/v2\/media?parent=178599"}],"wp:term":[{"taxonomy":"category","embeddable":true,"href":"https:\/\/www.webdo.tn\/fr\/wp-json\/wp\/v2\/categories?post=178599"},{"taxonomy":"post_tag","embeddable":true,"href":"https:\/\/www.webdo.tn\/fr\/wp-json\/wp\/v2\/tags?post=178599"}],"curies":[{"name":"wp","href":"https:\/\/api.w.org\/{rel}","templated":true}]}}