{"id":178596,"date":"2011-07-13T11:59:00","date_gmt":"2011-07-13T11:59:00","guid":{"rendered":"https:\/\/www.webdo.tn\/fr\/actualite\/blog\/rumeur-hatem-trabelsi-et-oussama-sallami-arretes-pour-detention-de-drogue\/178596\/"},"modified":"2011-07-13T11:59:00","modified_gmt":"2011-07-13T11:59:00","slug":"rumeur-hatem-trabelsi-et-oussama-sallami-arretes-pour-detention-de-drogue","status":"publish","type":"post","link":"https:\/\/www.webdo.tn\/fr\/actualite\/divers\/rumeur-hatem-trabelsi-et-oussama-sallami-arretes-pour-detention-de-drogue\/178596\/","title":{"rendered":"Rumeur\u00a0: Hatem Trabelsi et Oussama Sallami arr\u00eat\u00e9s pour d\u00e9tention de drogue ?"},"content":{"rendered":"<p>Apr\u00e8s l&rsquo;\u00e9pisode de l&rsquo;arrestation de Abderrahmene Ba\u00e2boura \u00e0 Gafsa pour une histoire de drogue, un nouvel \u00e9pisode du m\u00eame type se serait d\u00e9roul\u00e9 ce matin tr\u00e8s t\u00f4t.<\/p>\n<p>En effet, deux ex-internationaux auraient \u00e9t\u00e9 arr\u00eat\u00e9s pour d\u00e9tention de drogue. Il s&rsquo;agirait, comme l\u2019annonce Jawhara FM de l&rsquo;ex-joueur du CSS et de l&rsquo;Ajax\u00a0Amsterdam, Hatem Trabelsi ainsi que d\u2019un joueur \u00e9voluant actuellement dans un club de la capitale. Le joueur en question serait Oussama Sallami, le num\u00e9ro 10 du Club Africain.<\/p>\n<p>Les deux joueurs auraient \u00e9t\u00e9 interpell\u00e9s et seraient en d\u00e9tention en attendant les r\u00e9sultats des contr\u00f4les d&rsquo;usage pour savoir s&rsquo;ils ont consomm\u00e9 ou non de la drogue.<\/p>\n<p>Rappelons, toutefois qu&rsquo;en 2009, Oussama Sallami a d\u00e9menti des infos semblables et qu&rsquo;il aurait \u00e9t\u00e9 arr\u00eat\u00e9 pour un accident de circulation et non pour d\u00e9tention de drogue.<\/p>\n","protected":false},"excerpt":{"rendered":"<p>Rumeur\u00a0: Hatem Trabelsi et Oussama Sallami arr\u00eat\u00e9s pour d\u00e9tention de drogue ? <\/p>\n","protected":false},"author":3222,"featured_media":365265,"comment_status":"open","ping_status":"closed","sticky":false,"template":"","format":"standard","meta":{"footnotes":""},"categories":[2839],"tags":[],"class_list":["post-178596","post","type-post","status-publish","format-standard","has-post-thumbnail","hentry","category-divers"],"yoast_head":"<!-- This site is optimized with the Yoast SEO Premium plugin v27.4 (Yoast SEO v27.5) - https:\/\/yoast.com\/product\/yoast-seo-premium-wordpress\/ -->\n<title>Rumeur\u00a0: Hatem Trabelsi et Oussama Sallami arr\u00eat\u00e9s pour d\u00e9tention de drogue ?<\/title>\n<meta name=\"description\" content=\"Rumeur\u00a0: Hatem Trabelsi et Oussama Sallami arr\u00eat\u00e9s pour d\u00e9tention de drogue ?\" \/>\n<link rel=\"canonical\" href=\"https:\/\/www.webdo.tn\/fr\/actualite\/divers\/rumeur-hatem-trabelsi-et-oussama-sallami-arretes-pour-detention-de-drogue\/178596\/\" \/>\n<meta property=\"og:locale\" content=\"fr_FR\" \/>\n<meta property=\"og:type\" content=\"article\" \/>\n<meta property=\"og:title\" content=\"Rumeur\u00a0: Hatem Trabelsi et Oussama Sallami arr\u00eat\u00e9s pour d\u00e9tention de drogue ?\" \/>\n<meta property=\"og:description\" content=\"Rumeur\u00a0: Hatem Trabelsi et Oussama Sallami arr\u00eat\u00e9s pour d\u00e9tention de drogue ?\" \/>\n<meta property=\"og:url\" content=\"https:\/\/www.webdo.tn\/fr\/actualite\/divers\/rumeur-hatem-trabelsi-et-oussama-sallami-arretes-pour-detention-de-drogue\/178596\/\" \/>\n<meta property=\"og:site_name\" content=\"webdo\" \/>\n<meta property=\"article:publisher\" content=\"https:\/\/www.facebook.com\/webdotn\" \/>\n<meta property=\"article:published_time\" content=\"2011-07-13T11:59:00+00:00\" \/>\n<meta property=\"og:image\" content=\"https:\/\/www.webdo.tn\/fr\/wp-content\/uploads\/2011\/07\/Hatem-Trabelsi-et-Oussama-Sallami.jpg\" \/>\n\t<meta property=\"og:image:width\" content=\"293\" \/>\n\t<meta property=\"og:image:height\" content=\"144\" \/>\n\t<meta property=\"og:image:type\" content=\"image\/jpeg\" \/>\n<meta name=\"author\" content=\"webdo.tn\" \/>\n<meta name=\"twitter:card\" content=\"summary_large_image\" \/>\n<meta name=\"twitter:creator\" content=\"@webdo_tn\" \/>\n<meta name=\"twitter:site\" content=\"@webdo_tn\" \/>\n<meta name=\"twitter:label1\" content=\"\u00c9crit par\" \/>\n\t<meta name=\"twitter:data1\" content=\"webdo.tn\" \/>\n\t<meta name=\"twitter:label2\" content=\"Dur\u00e9e de lecture estim\u00e9e\" \/>\n\t<meta name=\"twitter:data2\" content=\"1 minute\" \/>\n<script type=\"application\/ld+json\" class=\"yoast-schema-graph\">{\"@context\":\"https:\\\/\\\/schema.org\",\"@graph\":[{\"@type\":\"NewsArticle\",\"@id\":\"https:\\\/\\\/www.webdo.tn\\\/fr\\\/actualite\\\/divers\\\/rumeur-hatem-trabelsi-et-oussama-sallami-arretes-pour-detention-de-drogue\\\/178596\\\/#article\",\"isPartOf\":{\"@id\":\"https:\\\/\\\/www.webdo.tn\\\/fr\\\/actualite\\\/divers\\\/rumeur-hatem-trabelsi-et-oussama-sallami-arretes-pour-detention-de-drogue\\\/178596\\\/\"},\"author\":{\"name\":\"webdo.tn\",\"@id\":\"https:\\\/\\\/www.webdo.tn\\\/fr\\\/#\\\/schema\\\/person\\\/9a9c6118d687c117df8ef3cc36a4d175\"},\"headline\":\"Rumeur\u00a0: Hatem Trabelsi et Oussama Sallami arr\u00eat\u00e9s pour d\u00e9tention de drogue ?\",\"datePublished\":\"2011-07-13T11:59:00+00:00\",\"mainEntityOfPage\":{\"@id\":\"https:\\\/\\\/www.webdo.tn\\\/fr\\\/actualite\\\/divers\\\/rumeur-hatem-trabelsi-et-oussama-sallami-arretes-pour-detention-de-drogue\\\/178596\\\/\"},\"wordCount\":172,\"commentCount\":0,\"publisher\":{\"@id\":\"https:\\\/\\\/www.webdo.tn\\\/fr\\\/#organization\"},\"image\":{\"@id\":\"https:\\\/\\\/www.webdo.tn\\\/fr\\\/actualite\\\/divers\\\/rumeur-hatem-trabelsi-et-oussama-sallami-arretes-pour-detention-de-drogue\\\/178596\\\/#primaryimage\"},\"thumbnailUrl\":\"https:\\\/\\\/www.webdo.tn\\\/fr\\\/wp-content\\\/uploads\\\/2011\\\/07\\\/Hatem-Trabelsi-et-Oussama-Sallami.jpg\",\"articleSection\":[\"Divers\"],\"inLanguage\":\"fr-FR\"},{\"@type\":\"WebPage\",\"@id\":\"https:\\\/\\\/www.webdo.tn\\\/fr\\\/actualite\\\/divers\\\/rumeur-hatem-trabelsi-et-oussama-sallami-arretes-pour-detention-de-drogue\\\/178596\\\/\",\"url\":\"https:\\\/\\\/www.webdo.tn\\\/fr\\\/actualite\\\/divers\\\/rumeur-hatem-trabelsi-et-oussama-sallami-arretes-pour-detention-de-drogue\\\/178596\\\/\",\"name\":\"Rumeur\u00a0: Hatem Trabelsi et Oussama Sallami arr\u00eat\u00e9s pour d\u00e9tention de drogue ?\",\"isPartOf\":{\"@id\":\"https:\\\/\\\/www.webdo.tn\\\/fr\\\/#website\"},\"primaryImageOfPage\":{\"@id\":\"https:\\\/\\\/www.webdo.tn\\\/fr\\\/actualite\\\/divers\\\/rumeur-hatem-trabelsi-et-oussama-sallami-arretes-pour-detention-de-drogue\\\/178596\\\/#primaryimage\"},\"image\":{\"@id\":\"https:\\\/\\\/www.webdo.tn\\\/fr\\\/actualite\\\/divers\\\/rumeur-hatem-trabelsi-et-oussama-sallami-arretes-pour-detention-de-drogue\\\/178596\\\/#primaryimage\"},\"thumbnailUrl\":\"https:\\\/\\\/www.webdo.tn\\\/fr\\\/wp-content\\\/uploads\\\/2011\\\/07\\\/Hatem-Trabelsi-et-Oussama-Sallami.jpg\",\"datePublished\":\"2011-07-13T11:59:00+00:00\",\"description\":\"Rumeur\u00a0: Hatem Trabelsi et Oussama Sallami arr\u00eat\u00e9s pour d\u00e9tention de drogue ?\",\"breadcrumb\":{\"@id\":\"https:\\\/\\\/www.webdo.tn\\\/fr\\\/actualite\\\/divers\\\/rumeur-hatem-trabelsi-et-oussama-sallami-arretes-pour-detention-de-drogue\\\/178596\\\/#breadcrumb\"},\"inLanguage\":\"fr-FR\",\"potentialAction\":[{\"@type\":\"ReadAction\",\"target\":[\"https:\\\/\\\/www.webdo.tn\\\/fr\\\/actualite\\\/divers\\\/rumeur-hatem-trabelsi-et-oussama-sallami-arretes-pour-detention-de-drogue\\\/178596\\\/\"]}]},{\"@type\":\"ImageObject\",\"inLanguage\":\"fr-FR\",\"@id\":\"https:\\\/\\\/www.webdo.tn\\\/fr\\\/actualite\\\/divers\\\/rumeur-hatem-trabelsi-et-oussama-sallami-arretes-pour-detention-de-drogue\\\/178596\\\/#primaryimage\",\"url\":\"https:\\\/\\\/www.webdo.tn\\\/fr\\\/wp-content\\\/uploads\\\/2011\\\/07\\\/Hatem-Trabelsi-et-Oussama-Sallami.jpg\",\"contentUrl\":\"https:\\\/\\\/www.webdo.tn\\\/fr\\\/wp-content\\\/uploads\\\/2011\\\/07\\\/Hatem-Trabelsi-et-Oussama-Sallami.jpg\",\"width\":293,\"height\":144,\"caption\":\"Rumeur\u00a0: Hatem Trabelsi et Oussama Sallami arr\u00eat\u00e9s pour d\u00e9tention de drogue ?\"},{\"@type\":\"BreadcrumbList\",\"@id\":\"https:\\\/\\\/www.webdo.tn\\\/fr\\\/actualite\\\/divers\\\/rumeur-hatem-trabelsi-et-oussama-sallami-arretes-pour-detention-de-drogue\\\/178596\\\/#breadcrumb\",\"itemListElement\":[{\"@type\":\"ListItem\",\"position\":1,\"name\":\"Accueil\",\"item\":\"https:\\\/\\\/www.webdo.tn\\\/fr\\\/\"},{\"@type\":\"ListItem\",\"position\":2,\"name\":\"Rumeur\u00a0: Hatem Trabelsi et Oussama Sallami arr\u00eat\u00e9s pour d\u00e9tention de drogue ?\"}]},{\"@type\":\"WebSite\",\"@id\":\"https:\\\/\\\/www.webdo.tn\\\/fr\\\/#website\",\"url\":\"https:\\\/\\\/www.webdo.tn\\\/fr\\\/\",\"name\":\"webdo\",\"description\":\"Tunisie - News en Tunisie et \u00e0 l&#039;international sur Webdo.tn\",\"publisher\":{\"@id\":\"https:\\\/\\\/www.webdo.tn\\\/fr\\\/#organization\"},\"potentialAction\":[{\"@type\":\"SearchAction\",\"target\":{\"@type\":\"EntryPoint\",\"urlTemplate\":\"https:\\\/\\\/www.webdo.tn\\\/fr\\\/?s={search_term_string}\"},\"query-input\":{\"@type\":\"PropertyValueSpecification\",\"valueRequired\":true,\"valueName\":\"search_term_string\"}}],\"inLanguage\":\"fr-FR\"},{\"@type\":\"Organization\",\"@id\":\"https:\\\/\\\/www.webdo.tn\\\/fr\\\/#organization\",\"name\":\"Webdo\",\"alternateName\":\"Webdo.tn\",\"url\":\"https:\\\/\\\/www.webdo.tn\\\/fr\\\/\",\"logo\":{\"@type\":\"ImageObject\",\"inLanguage\":\"fr-FR\",\"@id\":\"https:\\\/\\\/www.webdo.tn\\\/fr\\\/#\\\/schema\\\/logo\\\/image\\\/\",\"url\":\"https:\\\/\\\/www.webdo.tn\\\/fr\\\/wp-content\\\/uploads\\\/2025\\\/06\\\/Webdo-Tunisie_168377.jpg\",\"contentUrl\":\"https:\\\/\\\/www.webdo.tn\\\/fr\\\/wp-content\\\/uploads\\\/2025\\\/06\\\/Webdo-Tunisie_168377.jpg\",\"width\":301,\"height\":301,\"caption\":\"Webdo\"},\"image\":{\"@id\":\"https:\\\/\\\/www.webdo.tn\\\/fr\\\/#\\\/schema\\\/logo\\\/image\\\/\"},\"sameAs\":[\"https:\\\/\\\/www.facebook.com\\\/webdotn\",\"https:\\\/\\\/x.com\\\/webdo_tn\"],\"description\":\"Webdo est un m\u00e9dia num\u00e9rique tunisien fond\u00e9 en 2010, sp\u00e9cialis\u00e9 dans l\u2019actualit\u00e9 nationale et internationale, l\u2019\u00e9conomie, la soci\u00e9t\u00e9 et les analyses politiques. Le site s\u2019adresse \u00e0 un large public francophone et couvre l\u2019information tunisienne en temps r\u00e9el.\",\"email\":\"redac@webdo.tn\",\"legalName\":\"YNJ SARL\",\"foundingDate\":\"2010-09-06\",\"numberOfEmployees\":{\"@type\":\"QuantitativeValue\",\"minValue\":\"11\",\"maxValue\":\"50\"}},{\"@type\":\"Person\",\"@id\":\"https:\\\/\\\/www.webdo.tn\\\/fr\\\/#\\\/schema\\\/person\\\/9a9c6118d687c117df8ef3cc36a4d175\",\"name\":\"webdo.tn\",\"image\":{\"@type\":\"ImageObject\",\"inLanguage\":\"fr-FR\",\"@id\":\"https:\\\/\\\/secure.gravatar.com\\\/avatar\\\/7ce1f28c0c3bbac99ff550b85ef8e44a6950c6ee24514fb6a5489e51d06f0298?s=96&d=mm&r=g\",\"url\":\"https:\\\/\\\/secure.gravatar.com\\\/avatar\\\/7ce1f28c0c3bbac99ff550b85ef8e44a6950c6ee24514fb6a5489e51d06f0298?s=96&d=mm&r=g\",\"contentUrl\":\"https:\\\/\\\/secure.gravatar.com\\\/avatar\\\/7ce1f28c0c3bbac99ff550b85ef8e44a6950c6ee24514fb6a5489e51d06f0298?s=96&d=mm&r=g\",\"caption\":\"webdo.tn\"},\"url\":\"https:\\\/\\\/www.webdo.tn\\\/fr\\\/actualite\\\/author\\\/webdotn\\\/\"}]}<\/script>\n<!-- \/ Yoast SEO Premium plugin. -->","yoast_head_json":{"title":"Rumeur\u00a0: Hatem Trabelsi et Oussama Sallami arr\u00eat\u00e9s pour d\u00e9tention de drogue ?","description":"Rumeur\u00a0: Hatem Trabelsi et Oussama Sallami arr\u00eat\u00e9s pour d\u00e9tention de drogue ?","canonical":"https:\/\/www.webdo.tn\/fr\/actualite\/divers\/rumeur-hatem-trabelsi-et-oussama-sallami-arretes-pour-detention-de-drogue\/178596\/","og_locale":"fr_FR","og_type":"article","og_title":"Rumeur\u00a0: Hatem Trabelsi et Oussama Sallami arr\u00eat\u00e9s pour d\u00e9tention de drogue ?","og_description":"Rumeur\u00a0: Hatem Trabelsi et Oussama Sallami arr\u00eat\u00e9s pour d\u00e9tention de drogue ?","og_url":"https:\/\/www.webdo.tn\/fr\/actualite\/divers\/rumeur-hatem-trabelsi-et-oussama-sallami-arretes-pour-detention-de-drogue\/178596\/","og_site_name":"webdo","article_publisher":"https:\/\/www.facebook.com\/webdotn","article_published_time":"2011-07-13T11:59:00+00:00","og_image":[{"width":293,"height":144,"url":"https:\/\/www.webdo.tn\/fr\/wp-content\/uploads\/2011\/07\/Hatem-Trabelsi-et-Oussama-Sallami.jpg","type":"image\/jpeg"}],"author":"webdo.tn","twitter_card":"summary_large_image","twitter_creator":"@webdo_tn","twitter_site":"@webdo_tn","twitter_misc":{"\u00c9crit par":"webdo.tn","Dur\u00e9e de lecture estim\u00e9e":"1 minute"},"schema":{"@context":"https:\/\/schema.org","@graph":[{"@type":"NewsArticle","@id":"https:\/\/www.webdo.tn\/fr\/actualite\/divers\/rumeur-hatem-trabelsi-et-oussama-sallami-arretes-pour-detention-de-drogue\/178596\/#article","isPartOf":{"@id":"https:\/\/www.webdo.tn\/fr\/actualite\/divers\/rumeur-hatem-trabelsi-et-oussama-sallami-arretes-pour-detention-de-drogue\/178596\/"},"author":{"name":"webdo.tn","@id":"https:\/\/www.webdo.tn\/fr\/#\/schema\/person\/9a9c6118d687c117df8ef3cc36a4d175"},"headline":"Rumeur\u00a0: Hatem Trabelsi et Oussama Sallami arr\u00eat\u00e9s pour d\u00e9tention de drogue ?","datePublished":"2011-07-13T11:59:00+00:00","mainEntityOfPage":{"@id":"https:\/\/www.webdo.tn\/fr\/actualite\/divers\/rumeur-hatem-trabelsi-et-oussama-sallami-arretes-pour-detention-de-drogue\/178596\/"},"wordCount":172,"commentCount":0,"publisher":{"@id":"https:\/\/www.webdo.tn\/fr\/#organization"},"image":{"@id":"https:\/\/www.webdo.tn\/fr\/actualite\/divers\/rumeur-hatem-trabelsi-et-oussama-sallami-arretes-pour-detention-de-drogue\/178596\/#primaryimage"},"thumbnailUrl":"https:\/\/www.webdo.tn\/fr\/wp-content\/uploads\/2011\/07\/Hatem-Trabelsi-et-Oussama-Sallami.jpg","articleSection":["Divers"],"inLanguage":"fr-FR"},{"@type":"WebPage","@id":"https:\/\/www.webdo.tn\/fr\/actualite\/divers\/rumeur-hatem-trabelsi-et-oussama-sallami-arretes-pour-detention-de-drogue\/178596\/","url":"https:\/\/www.webdo.tn\/fr\/actualite\/divers\/rumeur-hatem-trabelsi-et-oussama-sallami-arretes-pour-detention-de-drogue\/178596\/","name":"Rumeur\u00a0: Hatem Trabelsi et Oussama Sallami arr\u00eat\u00e9s pour d\u00e9tention de drogue ?","isPartOf":{"@id":"https:\/\/www.webdo.tn\/fr\/#website"},"primaryImageOfPage":{"@id":"https:\/\/www.webdo.tn\/fr\/actualite\/divers\/rumeur-hatem-trabelsi-et-oussama-sallami-arretes-pour-detention-de-drogue\/178596\/#primaryimage"},"image":{"@id":"https:\/\/www.webdo.tn\/fr\/actualite\/divers\/rumeur-hatem-trabelsi-et-oussama-sallami-arretes-pour-detention-de-drogue\/178596\/#primaryimage"},"thumbnailUrl":"https:\/\/www.webdo.tn\/fr\/wp-content\/uploads\/2011\/07\/Hatem-Trabelsi-et-Oussama-Sallami.jpg","datePublished":"2011-07-13T11:59:00+00:00","description":"Rumeur\u00a0: Hatem Trabelsi et Oussama Sallami arr\u00eat\u00e9s pour d\u00e9tention de drogue ?","breadcrumb":{"@id":"https:\/\/www.webdo.tn\/fr\/actualite\/divers\/rumeur-hatem-trabelsi-et-oussama-sallami-arretes-pour-detention-de-drogue\/178596\/#breadcrumb"},"inLanguage":"fr-FR","potentialAction":[{"@type":"ReadAction","target":["https:\/\/www.webdo.tn\/fr\/actualite\/divers\/rumeur-hatem-trabelsi-et-oussama-sallami-arretes-pour-detention-de-drogue\/178596\/"]}]},{"@type":"ImageObject","inLanguage":"fr-FR","@id":"https:\/\/www.webdo.tn\/fr\/actualite\/divers\/rumeur-hatem-trabelsi-et-oussama-sallami-arretes-pour-detention-de-drogue\/178596\/#primaryimage","url":"https:\/\/www.webdo.tn\/fr\/wp-content\/uploads\/2011\/07\/Hatem-Trabelsi-et-Oussama-Sallami.jpg","contentUrl":"https:\/\/www.webdo.tn\/fr\/wp-content\/uploads\/2011\/07\/Hatem-Trabelsi-et-Oussama-Sallami.jpg","width":293,"height":144,"caption":"Rumeur\u00a0: Hatem Trabelsi et Oussama Sallami arr\u00eat\u00e9s pour d\u00e9tention de drogue ?"},{"@type":"BreadcrumbList","@id":"https:\/\/www.webdo.tn\/fr\/actualite\/divers\/rumeur-hatem-trabelsi-et-oussama-sallami-arretes-pour-detention-de-drogue\/178596\/#breadcrumb","itemListElement":[{"@type":"ListItem","position":1,"name":"Accueil","item":"https:\/\/www.webdo.tn\/fr\/"},{"@type":"ListItem","position":2,"name":"Rumeur\u00a0: Hatem Trabelsi et Oussama Sallami arr\u00eat\u00e9s pour d\u00e9tention de drogue ?"}]},{"@type":"WebSite","@id":"https:\/\/www.webdo.tn\/fr\/#website","url":"https:\/\/www.webdo.tn\/fr\/","name":"webdo","description":"Tunisie - News en Tunisie et \u00e0 l&#039;international sur Webdo.tn","publisher":{"@id":"https:\/\/www.webdo.tn\/fr\/#organization"},"potentialAction":[{"@type":"SearchAction","target":{"@type":"EntryPoint","urlTemplate":"https:\/\/www.webdo.tn\/fr\/?s={search_term_string}"},"query-input":{"@type":"PropertyValueSpecification","valueRequired":true,"valueName":"search_term_string"}}],"inLanguage":"fr-FR"},{"@type":"Organization","@id":"https:\/\/www.webdo.tn\/fr\/#organization","name":"Webdo","alternateName":"Webdo.tn","url":"https:\/\/www.webdo.tn\/fr\/","logo":{"@type":"ImageObject","inLanguage":"fr-FR","@id":"https:\/\/www.webdo.tn\/fr\/#\/schema\/logo\/image\/","url":"https:\/\/www.webdo.tn\/fr\/wp-content\/uploads\/2025\/06\/Webdo-Tunisie_168377.jpg","contentUrl":"https:\/\/www.webdo.tn\/fr\/wp-content\/uploads\/2025\/06\/Webdo-Tunisie_168377.jpg","width":301,"height":301,"caption":"Webdo"},"image":{"@id":"https:\/\/www.webdo.tn\/fr\/#\/schema\/logo\/image\/"},"sameAs":["https:\/\/www.facebook.com\/webdotn","https:\/\/x.com\/webdo_tn"],"description":"Webdo est un m\u00e9dia num\u00e9rique tunisien fond\u00e9 en 2010, sp\u00e9cialis\u00e9 dans l\u2019actualit\u00e9 nationale et internationale, l\u2019\u00e9conomie, la soci\u00e9t\u00e9 et les analyses politiques. Le site s\u2019adresse \u00e0 un large public francophone et couvre l\u2019information tunisienne en temps r\u00e9el.","email":"redac@webdo.tn","legalName":"YNJ SARL","foundingDate":"2010-09-06","numberOfEmployees":{"@type":"QuantitativeValue","minValue":"11","maxValue":"50"}},{"@type":"Person","@id":"https:\/\/www.webdo.tn\/fr\/#\/schema\/person\/9a9c6118d687c117df8ef3cc36a4d175","name":"webdo.tn","image":{"@type":"ImageObject","inLanguage":"fr-FR","@id":"https:\/\/secure.gravatar.com\/avatar\/7ce1f28c0c3bbac99ff550b85ef8e44a6950c6ee24514fb6a5489e51d06f0298?s=96&d=mm&r=g","url":"https:\/\/secure.gravatar.com\/avatar\/7ce1f28c0c3bbac99ff550b85ef8e44a6950c6ee24514fb6a5489e51d06f0298?s=96&d=mm&r=g","contentUrl":"https:\/\/secure.gravatar.com\/avatar\/7ce1f28c0c3bbac99ff550b85ef8e44a6950c6ee24514fb6a5489e51d06f0298?s=96&d=mm&r=g","caption":"webdo.tn"},"url":"https:\/\/www.webdo.tn\/fr\/actualite\/author\/webdotn\/"}]}},"_links":{"self":[{"href":"https:\/\/www.webdo.tn\/fr\/wp-json\/wp\/v2\/posts\/178596","targetHints":{"allow":["GET"]}}],"collection":[{"href":"https:\/\/www.webdo.tn\/fr\/wp-json\/wp\/v2\/posts"}],"about":[{"href":"https:\/\/www.webdo.tn\/fr\/wp-json\/wp\/v2\/types\/post"}],"author":[{"embeddable":true,"href":"https:\/\/www.webdo.tn\/fr\/wp-json\/wp\/v2\/users\/3222"}],"replies":[{"embeddable":true,"href":"https:\/\/www.webdo.tn\/fr\/wp-json\/wp\/v2\/comments?post=178596"}],"version-history":[{"count":0,"href":"https:\/\/www.webdo.tn\/fr\/wp-json\/wp\/v2\/posts\/178596\/revisions"}],"wp:featuredmedia":[{"embeddable":true,"href":"https:\/\/www.webdo.tn\/fr\/wp-json\/wp\/v2\/media\/365265"}],"wp:attachment":[{"href":"https:\/\/www.webdo.tn\/fr\/wp-json\/wp\/v2\/media?parent=178596"}],"wp:term":[{"taxonomy":"category","embeddable":true,"href":"https:\/\/www.webdo.tn\/fr\/wp-json\/wp\/v2\/categories?post=178596"},{"taxonomy":"post_tag","embeddable":true,"href":"https:\/\/www.webdo.tn\/fr\/wp-json\/wp\/v2\/tags?post=178596"}],"curies":[{"name":"wp","href":"https:\/\/api.w.org\/{rel}","templated":true}]}}