{"id":178595,"date":"2011-07-13T15:29:00","date_gmt":"2011-07-13T15:29:00","guid":{"rendered":"https:\/\/www.webdo.tn\/fr\/actualite\/blog\/apres-sallami-et-trabelsi-cest-au-tour-de-zied-jaziri-detre-arrete\/178595\/"},"modified":"2011-07-13T15:29:00","modified_gmt":"2011-07-13T15:29:00","slug":"apres-sallami-et-trabelsi-cest-au-tour-de-zied-jaziri-detre-arrete","status":"publish","type":"post","link":"https:\/\/www.webdo.tn\/fr\/actualite\/divers\/apres-sallami-et-trabelsi-cest-au-tour-de-zied-jaziri-detre-arrete\/178595\/","title":{"rendered":"Apr\u00e8s Sallami et Trabelsi, c&rsquo;est au tour de Zied Jaziri d&rsquo;\u00eatre arr\u00eat\u00e9"},"content":{"rendered":"<p>Depuis ce matin, les m\u00e9dias se relayent l&rsquo;information sur l&rsquo;arrestation de Hatem Trabelsi et d&rsquo;Oussama Sallami pour une affaire de d\u00e9tention de drogue. D\u2019apr\u00e8s Mosaique FM, l&rsquo;arrestation pourrait impliquer plusieurs personnalit\u00e9s et joueurs.<\/p>\n<p>Et c&rsquo;est ainsi que nous venons d&rsquo;apprendre, du site\u00a0Attounsia.com, que l&rsquo;ex-international et actuel responsable de la cellule de recrutement de l&rsquo;ESS, Zied Jaziri, vient d&rsquo;\u00eatre arr\u00eat\u00e9.<\/p>\n<p>L&rsquo;enqu\u00eate suit son cours pendant ce temps les joueurs sont d\u00e9tenu en attendant les r\u00e9sultats des contr\u00f4les d&rsquo;usage pour savoir s&rsquo;ils ont consomm\u00e9 ou non de la drogue.<\/p>\n","protected":false},"excerpt":{"rendered":"<p>Apr\u00e8s Sallami et Trabelsi, c&rsquo;est au tour de Zied Jaziri d&rsquo;\u00eatre arr\u00eat\u00e9 <\/p>\n","protected":false},"author":3222,"featured_media":376579,"comment_status":"open","ping_status":"closed","sticky":false,"template":"","format":"standard","meta":{"footnotes":""},"categories":[2839],"tags":[],"class_list":["post-178595","post","type-post","status-publish","format-standard","has-post-thumbnail","hentry","category-divers"],"yoast_head":"<!-- This site is optimized with the Yoast SEO Premium plugin v27.4 (Yoast SEO v27.5) - https:\/\/yoast.com\/product\/yoast-seo-premium-wordpress\/ -->\n<title>Apr\u00e8s Sallami et Trabelsi, c&#039;est au tour de Zied Jaziri d&#039;\u00eatre arr\u00eat\u00e9<\/title>\n<meta name=\"description\" content=\"Apr\u00e8s Sallami et Trabelsi, c&#039;est au tour de Zied Jaziri d&#039;\u00eatre arr\u00eat\u00e9\" \/>\n<link rel=\"canonical\" href=\"https:\/\/www.webdo.tn\/fr\/actualite\/divers\/apres-sallami-et-trabelsi-cest-au-tour-de-zied-jaziri-detre-arrete\/178595\/\" \/>\n<meta property=\"og:locale\" content=\"fr_FR\" \/>\n<meta property=\"og:type\" content=\"article\" \/>\n<meta property=\"og:title\" content=\"Apr\u00e8s Sallami et Trabelsi, c&#039;est au tour de Zied Jaziri d&#039;\u00eatre arr\u00eat\u00e9\" \/>\n<meta property=\"og:description\" content=\"Apr\u00e8s Sallami et Trabelsi, c&#039;est au tour de Zied Jaziri d&#039;\u00eatre arr\u00eat\u00e9\" \/>\n<meta property=\"og:url\" content=\"https:\/\/www.webdo.tn\/fr\/actualite\/divers\/apres-sallami-et-trabelsi-cest-au-tour-de-zied-jaziri-detre-arrete\/178595\/\" \/>\n<meta property=\"og:site_name\" content=\"webdo\" \/>\n<meta property=\"article:publisher\" content=\"https:\/\/www.facebook.com\/webdotn\" \/>\n<meta property=\"article:published_time\" content=\"2011-07-13T15:29:00+00:00\" \/>\n<meta property=\"og:image\" content=\"https:\/\/www.webdo.tn\/fr\/wp-content\/uploads\/2011\/07\/Zied-Jaziri.jpg\" \/>\n\t<meta property=\"og:image:width\" content=\"200\" \/>\n\t<meta property=\"og:image:height\" content=\"301\" \/>\n\t<meta property=\"og:image:type\" content=\"image\/jpeg\" \/>\n<meta name=\"author\" content=\"webdo.tn\" \/>\n<meta name=\"twitter:card\" content=\"summary_large_image\" \/>\n<meta name=\"twitter:creator\" content=\"@webdo_tn\" \/>\n<meta name=\"twitter:site\" content=\"@webdo_tn\" \/>\n<meta name=\"twitter:label1\" content=\"\u00c9crit par\" \/>\n\t<meta name=\"twitter:data1\" content=\"webdo.tn\" \/>\n\t<meta name=\"twitter:label2\" content=\"Dur\u00e9e de lecture estim\u00e9e\" \/>\n\t<meta name=\"twitter:data2\" content=\"1 minute\" \/>\n<script type=\"application\/ld+json\" class=\"yoast-schema-graph\">{\"@context\":\"https:\\\/\\\/schema.org\",\"@graph\":[{\"@type\":\"NewsArticle\",\"@id\":\"https:\\\/\\\/www.webdo.tn\\\/fr\\\/actualite\\\/divers\\\/apres-sallami-et-trabelsi-cest-au-tour-de-zied-jaziri-detre-arrete\\\/178595\\\/#article\",\"isPartOf\":{\"@id\":\"https:\\\/\\\/www.webdo.tn\\\/fr\\\/actualite\\\/divers\\\/apres-sallami-et-trabelsi-cest-au-tour-de-zied-jaziri-detre-arrete\\\/178595\\\/\"},\"author\":{\"name\":\"webdo.tn\",\"@id\":\"https:\\\/\\\/www.webdo.tn\\\/fr\\\/#\\\/schema\\\/person\\\/9a9c6118d687c117df8ef3cc36a4d175\"},\"headline\":\"Apr\u00e8s Sallami et Trabelsi, c&rsquo;est au tour de Zied Jaziri d&rsquo;\u00eatre arr\u00eat\u00e9\",\"datePublished\":\"2011-07-13T15:29:00+00:00\",\"mainEntityOfPage\":{\"@id\":\"https:\\\/\\\/www.webdo.tn\\\/fr\\\/actualite\\\/divers\\\/apres-sallami-et-trabelsi-cest-au-tour-de-zied-jaziri-detre-arrete\\\/178595\\\/\"},\"wordCount\":127,\"commentCount\":0,\"publisher\":{\"@id\":\"https:\\\/\\\/www.webdo.tn\\\/fr\\\/#organization\"},\"image\":{\"@id\":\"https:\\\/\\\/www.webdo.tn\\\/fr\\\/actualite\\\/divers\\\/apres-sallami-et-trabelsi-cest-au-tour-de-zied-jaziri-detre-arrete\\\/178595\\\/#primaryimage\"},\"thumbnailUrl\":\"https:\\\/\\\/www.webdo.tn\\\/fr\\\/wp-content\\\/uploads\\\/2011\\\/07\\\/Zied-Jaziri.jpg\",\"articleSection\":[\"Divers\"],\"inLanguage\":\"fr-FR\"},{\"@type\":\"WebPage\",\"@id\":\"https:\\\/\\\/www.webdo.tn\\\/fr\\\/actualite\\\/divers\\\/apres-sallami-et-trabelsi-cest-au-tour-de-zied-jaziri-detre-arrete\\\/178595\\\/\",\"url\":\"https:\\\/\\\/www.webdo.tn\\\/fr\\\/actualite\\\/divers\\\/apres-sallami-et-trabelsi-cest-au-tour-de-zied-jaziri-detre-arrete\\\/178595\\\/\",\"name\":\"Apr\u00e8s Sallami et Trabelsi, c'est au tour de Zied Jaziri d'\u00eatre arr\u00eat\u00e9\",\"isPartOf\":{\"@id\":\"https:\\\/\\\/www.webdo.tn\\\/fr\\\/#website\"},\"primaryImageOfPage\":{\"@id\":\"https:\\\/\\\/www.webdo.tn\\\/fr\\\/actualite\\\/divers\\\/apres-sallami-et-trabelsi-cest-au-tour-de-zied-jaziri-detre-arrete\\\/178595\\\/#primaryimage\"},\"image\":{\"@id\":\"https:\\\/\\\/www.webdo.tn\\\/fr\\\/actualite\\\/divers\\\/apres-sallami-et-trabelsi-cest-au-tour-de-zied-jaziri-detre-arrete\\\/178595\\\/#primaryimage\"},\"thumbnailUrl\":\"https:\\\/\\\/www.webdo.tn\\\/fr\\\/wp-content\\\/uploads\\\/2011\\\/07\\\/Zied-Jaziri.jpg\",\"datePublished\":\"2011-07-13T15:29:00+00:00\",\"description\":\"Apr\u00e8s Sallami et Trabelsi, c'est au tour de Zied Jaziri d'\u00eatre arr\u00eat\u00e9\",\"breadcrumb\":{\"@id\":\"https:\\\/\\\/www.webdo.tn\\\/fr\\\/actualite\\\/divers\\\/apres-sallami-et-trabelsi-cest-au-tour-de-zied-jaziri-detre-arrete\\\/178595\\\/#breadcrumb\"},\"inLanguage\":\"fr-FR\",\"potentialAction\":[{\"@type\":\"ReadAction\",\"target\":[\"https:\\\/\\\/www.webdo.tn\\\/fr\\\/actualite\\\/divers\\\/apres-sallami-et-trabelsi-cest-au-tour-de-zied-jaziri-detre-arrete\\\/178595\\\/\"]}]},{\"@type\":\"ImageObject\",\"inLanguage\":\"fr-FR\",\"@id\":\"https:\\\/\\\/www.webdo.tn\\\/fr\\\/actualite\\\/divers\\\/apres-sallami-et-trabelsi-cest-au-tour-de-zied-jaziri-detre-arrete\\\/178595\\\/#primaryimage\",\"url\":\"https:\\\/\\\/www.webdo.tn\\\/fr\\\/wp-content\\\/uploads\\\/2011\\\/07\\\/Zied-Jaziri.jpg\",\"contentUrl\":\"https:\\\/\\\/www.webdo.tn\\\/fr\\\/wp-content\\\/uploads\\\/2011\\\/07\\\/Zied-Jaziri.jpg\",\"width\":200,\"height\":301,\"caption\":\"Apr\u00e8s Sallami et Trabelsi, c'est au tour de Zied Jaziri d'\u00eatre arr\u00eat\u00e9\"},{\"@type\":\"BreadcrumbList\",\"@id\":\"https:\\\/\\\/www.webdo.tn\\\/fr\\\/actualite\\\/divers\\\/apres-sallami-et-trabelsi-cest-au-tour-de-zied-jaziri-detre-arrete\\\/178595\\\/#breadcrumb\",\"itemListElement\":[{\"@type\":\"ListItem\",\"position\":1,\"name\":\"Accueil\",\"item\":\"https:\\\/\\\/www.webdo.tn\\\/fr\\\/\"},{\"@type\":\"ListItem\",\"position\":2,\"name\":\"Apr\u00e8s Sallami et Trabelsi, c&rsquo;est au tour de Zied Jaziri d&rsquo;\u00eatre arr\u00eat\u00e9\"}]},{\"@type\":\"WebSite\",\"@id\":\"https:\\\/\\\/www.webdo.tn\\\/fr\\\/#website\",\"url\":\"https:\\\/\\\/www.webdo.tn\\\/fr\\\/\",\"name\":\"webdo\",\"description\":\"Tunisie - News en Tunisie et \u00e0 l&#039;international sur Webdo.tn\",\"publisher\":{\"@id\":\"https:\\\/\\\/www.webdo.tn\\\/fr\\\/#organization\"},\"potentialAction\":[{\"@type\":\"SearchAction\",\"target\":{\"@type\":\"EntryPoint\",\"urlTemplate\":\"https:\\\/\\\/www.webdo.tn\\\/fr\\\/?s={search_term_string}\"},\"query-input\":{\"@type\":\"PropertyValueSpecification\",\"valueRequired\":true,\"valueName\":\"search_term_string\"}}],\"inLanguage\":\"fr-FR\"},{\"@type\":\"Organization\",\"@id\":\"https:\\\/\\\/www.webdo.tn\\\/fr\\\/#organization\",\"name\":\"Webdo\",\"alternateName\":\"Webdo.tn\",\"url\":\"https:\\\/\\\/www.webdo.tn\\\/fr\\\/\",\"logo\":{\"@type\":\"ImageObject\",\"inLanguage\":\"fr-FR\",\"@id\":\"https:\\\/\\\/www.webdo.tn\\\/fr\\\/#\\\/schema\\\/logo\\\/image\\\/\",\"url\":\"https:\\\/\\\/www.webdo.tn\\\/fr\\\/wp-content\\\/uploads\\\/2025\\\/06\\\/Webdo-Tunisie_168377.jpg\",\"contentUrl\":\"https:\\\/\\\/www.webdo.tn\\\/fr\\\/wp-content\\\/uploads\\\/2025\\\/06\\\/Webdo-Tunisie_168377.jpg\",\"width\":301,\"height\":301,\"caption\":\"Webdo\"},\"image\":{\"@id\":\"https:\\\/\\\/www.webdo.tn\\\/fr\\\/#\\\/schema\\\/logo\\\/image\\\/\"},\"sameAs\":[\"https:\\\/\\\/www.facebook.com\\\/webdotn\",\"https:\\\/\\\/x.com\\\/webdo_tn\"],\"description\":\"Webdo est un m\u00e9dia num\u00e9rique tunisien fond\u00e9 en 2010, sp\u00e9cialis\u00e9 dans l\u2019actualit\u00e9 nationale et internationale, l\u2019\u00e9conomie, la soci\u00e9t\u00e9 et les analyses politiques. Le site s\u2019adresse \u00e0 un large public francophone et couvre l\u2019information tunisienne en temps r\u00e9el.\",\"email\":\"redac@webdo.tn\",\"legalName\":\"YNJ SARL\",\"foundingDate\":\"2010-09-06\",\"numberOfEmployees\":{\"@type\":\"QuantitativeValue\",\"minValue\":\"11\",\"maxValue\":\"50\"}},{\"@type\":\"Person\",\"@id\":\"https:\\\/\\\/www.webdo.tn\\\/fr\\\/#\\\/schema\\\/person\\\/9a9c6118d687c117df8ef3cc36a4d175\",\"name\":\"webdo.tn\",\"image\":{\"@type\":\"ImageObject\",\"inLanguage\":\"fr-FR\",\"@id\":\"https:\\\/\\\/secure.gravatar.com\\\/avatar\\\/7ce1f28c0c3bbac99ff550b85ef8e44a6950c6ee24514fb6a5489e51d06f0298?s=96&d=mm&r=g\",\"url\":\"https:\\\/\\\/secure.gravatar.com\\\/avatar\\\/7ce1f28c0c3bbac99ff550b85ef8e44a6950c6ee24514fb6a5489e51d06f0298?s=96&d=mm&r=g\",\"contentUrl\":\"https:\\\/\\\/secure.gravatar.com\\\/avatar\\\/7ce1f28c0c3bbac99ff550b85ef8e44a6950c6ee24514fb6a5489e51d06f0298?s=96&d=mm&r=g\",\"caption\":\"webdo.tn\"},\"url\":\"https:\\\/\\\/www.webdo.tn\\\/fr\\\/actualite\\\/author\\\/webdotn\\\/\"}]}<\/script>\n<!-- \/ Yoast SEO Premium plugin. -->","yoast_head_json":{"title":"Apr\u00e8s Sallami et Trabelsi, c'est au tour de Zied Jaziri d'\u00eatre arr\u00eat\u00e9","description":"Apr\u00e8s Sallami et Trabelsi, c'est au tour de Zied Jaziri d'\u00eatre arr\u00eat\u00e9","canonical":"https:\/\/www.webdo.tn\/fr\/actualite\/divers\/apres-sallami-et-trabelsi-cest-au-tour-de-zied-jaziri-detre-arrete\/178595\/","og_locale":"fr_FR","og_type":"article","og_title":"Apr\u00e8s Sallami et Trabelsi, c'est au tour de Zied Jaziri d'\u00eatre arr\u00eat\u00e9","og_description":"Apr\u00e8s Sallami et Trabelsi, c'est au tour de Zied Jaziri d'\u00eatre arr\u00eat\u00e9","og_url":"https:\/\/www.webdo.tn\/fr\/actualite\/divers\/apres-sallami-et-trabelsi-cest-au-tour-de-zied-jaziri-detre-arrete\/178595\/","og_site_name":"webdo","article_publisher":"https:\/\/www.facebook.com\/webdotn","article_published_time":"2011-07-13T15:29:00+00:00","og_image":[{"width":200,"height":301,"url":"https:\/\/www.webdo.tn\/fr\/wp-content\/uploads\/2011\/07\/Zied-Jaziri.jpg","type":"image\/jpeg"}],"author":"webdo.tn","twitter_card":"summary_large_image","twitter_creator":"@webdo_tn","twitter_site":"@webdo_tn","twitter_misc":{"\u00c9crit par":"webdo.tn","Dur\u00e9e de lecture estim\u00e9e":"1 minute"},"schema":{"@context":"https:\/\/schema.org","@graph":[{"@type":"NewsArticle","@id":"https:\/\/www.webdo.tn\/fr\/actualite\/divers\/apres-sallami-et-trabelsi-cest-au-tour-de-zied-jaziri-detre-arrete\/178595\/#article","isPartOf":{"@id":"https:\/\/www.webdo.tn\/fr\/actualite\/divers\/apres-sallami-et-trabelsi-cest-au-tour-de-zied-jaziri-detre-arrete\/178595\/"},"author":{"name":"webdo.tn","@id":"https:\/\/www.webdo.tn\/fr\/#\/schema\/person\/9a9c6118d687c117df8ef3cc36a4d175"},"headline":"Apr\u00e8s Sallami et Trabelsi, c&rsquo;est au tour de Zied Jaziri d&rsquo;\u00eatre arr\u00eat\u00e9","datePublished":"2011-07-13T15:29:00+00:00","mainEntityOfPage":{"@id":"https:\/\/www.webdo.tn\/fr\/actualite\/divers\/apres-sallami-et-trabelsi-cest-au-tour-de-zied-jaziri-detre-arrete\/178595\/"},"wordCount":127,"commentCount":0,"publisher":{"@id":"https:\/\/www.webdo.tn\/fr\/#organization"},"image":{"@id":"https:\/\/www.webdo.tn\/fr\/actualite\/divers\/apres-sallami-et-trabelsi-cest-au-tour-de-zied-jaziri-detre-arrete\/178595\/#primaryimage"},"thumbnailUrl":"https:\/\/www.webdo.tn\/fr\/wp-content\/uploads\/2011\/07\/Zied-Jaziri.jpg","articleSection":["Divers"],"inLanguage":"fr-FR"},{"@type":"WebPage","@id":"https:\/\/www.webdo.tn\/fr\/actualite\/divers\/apres-sallami-et-trabelsi-cest-au-tour-de-zied-jaziri-detre-arrete\/178595\/","url":"https:\/\/www.webdo.tn\/fr\/actualite\/divers\/apres-sallami-et-trabelsi-cest-au-tour-de-zied-jaziri-detre-arrete\/178595\/","name":"Apr\u00e8s Sallami et Trabelsi, c'est au tour de Zied Jaziri d'\u00eatre arr\u00eat\u00e9","isPartOf":{"@id":"https:\/\/www.webdo.tn\/fr\/#website"},"primaryImageOfPage":{"@id":"https:\/\/www.webdo.tn\/fr\/actualite\/divers\/apres-sallami-et-trabelsi-cest-au-tour-de-zied-jaziri-detre-arrete\/178595\/#primaryimage"},"image":{"@id":"https:\/\/www.webdo.tn\/fr\/actualite\/divers\/apres-sallami-et-trabelsi-cest-au-tour-de-zied-jaziri-detre-arrete\/178595\/#primaryimage"},"thumbnailUrl":"https:\/\/www.webdo.tn\/fr\/wp-content\/uploads\/2011\/07\/Zied-Jaziri.jpg","datePublished":"2011-07-13T15:29:00+00:00","description":"Apr\u00e8s Sallami et Trabelsi, c'est au tour de Zied Jaziri d'\u00eatre arr\u00eat\u00e9","breadcrumb":{"@id":"https:\/\/www.webdo.tn\/fr\/actualite\/divers\/apres-sallami-et-trabelsi-cest-au-tour-de-zied-jaziri-detre-arrete\/178595\/#breadcrumb"},"inLanguage":"fr-FR","potentialAction":[{"@type":"ReadAction","target":["https:\/\/www.webdo.tn\/fr\/actualite\/divers\/apres-sallami-et-trabelsi-cest-au-tour-de-zied-jaziri-detre-arrete\/178595\/"]}]},{"@type":"ImageObject","inLanguage":"fr-FR","@id":"https:\/\/www.webdo.tn\/fr\/actualite\/divers\/apres-sallami-et-trabelsi-cest-au-tour-de-zied-jaziri-detre-arrete\/178595\/#primaryimage","url":"https:\/\/www.webdo.tn\/fr\/wp-content\/uploads\/2011\/07\/Zied-Jaziri.jpg","contentUrl":"https:\/\/www.webdo.tn\/fr\/wp-content\/uploads\/2011\/07\/Zied-Jaziri.jpg","width":200,"height":301,"caption":"Apr\u00e8s Sallami et Trabelsi, c'est au tour de Zied Jaziri d'\u00eatre arr\u00eat\u00e9"},{"@type":"BreadcrumbList","@id":"https:\/\/www.webdo.tn\/fr\/actualite\/divers\/apres-sallami-et-trabelsi-cest-au-tour-de-zied-jaziri-detre-arrete\/178595\/#breadcrumb","itemListElement":[{"@type":"ListItem","position":1,"name":"Accueil","item":"https:\/\/www.webdo.tn\/fr\/"},{"@type":"ListItem","position":2,"name":"Apr\u00e8s Sallami et Trabelsi, c&rsquo;est au tour de Zied Jaziri d&rsquo;\u00eatre arr\u00eat\u00e9"}]},{"@type":"WebSite","@id":"https:\/\/www.webdo.tn\/fr\/#website","url":"https:\/\/www.webdo.tn\/fr\/","name":"webdo","description":"Tunisie - News en Tunisie et \u00e0 l&#039;international sur Webdo.tn","publisher":{"@id":"https:\/\/www.webdo.tn\/fr\/#organization"},"potentialAction":[{"@type":"SearchAction","target":{"@type":"EntryPoint","urlTemplate":"https:\/\/www.webdo.tn\/fr\/?s={search_term_string}"},"query-input":{"@type":"PropertyValueSpecification","valueRequired":true,"valueName":"search_term_string"}}],"inLanguage":"fr-FR"},{"@type":"Organization","@id":"https:\/\/www.webdo.tn\/fr\/#organization","name":"Webdo","alternateName":"Webdo.tn","url":"https:\/\/www.webdo.tn\/fr\/","logo":{"@type":"ImageObject","inLanguage":"fr-FR","@id":"https:\/\/www.webdo.tn\/fr\/#\/schema\/logo\/image\/","url":"https:\/\/www.webdo.tn\/fr\/wp-content\/uploads\/2025\/06\/Webdo-Tunisie_168377.jpg","contentUrl":"https:\/\/www.webdo.tn\/fr\/wp-content\/uploads\/2025\/06\/Webdo-Tunisie_168377.jpg","width":301,"height":301,"caption":"Webdo"},"image":{"@id":"https:\/\/www.webdo.tn\/fr\/#\/schema\/logo\/image\/"},"sameAs":["https:\/\/www.facebook.com\/webdotn","https:\/\/x.com\/webdo_tn"],"description":"Webdo est un m\u00e9dia num\u00e9rique tunisien fond\u00e9 en 2010, sp\u00e9cialis\u00e9 dans l\u2019actualit\u00e9 nationale et internationale, l\u2019\u00e9conomie, la soci\u00e9t\u00e9 et les analyses politiques. Le site s\u2019adresse \u00e0 un large public francophone et couvre l\u2019information tunisienne en temps r\u00e9el.","email":"redac@webdo.tn","legalName":"YNJ SARL","foundingDate":"2010-09-06","numberOfEmployees":{"@type":"QuantitativeValue","minValue":"11","maxValue":"50"}},{"@type":"Person","@id":"https:\/\/www.webdo.tn\/fr\/#\/schema\/person\/9a9c6118d687c117df8ef3cc36a4d175","name":"webdo.tn","image":{"@type":"ImageObject","inLanguage":"fr-FR","@id":"https:\/\/secure.gravatar.com\/avatar\/7ce1f28c0c3bbac99ff550b85ef8e44a6950c6ee24514fb6a5489e51d06f0298?s=96&d=mm&r=g","url":"https:\/\/secure.gravatar.com\/avatar\/7ce1f28c0c3bbac99ff550b85ef8e44a6950c6ee24514fb6a5489e51d06f0298?s=96&d=mm&r=g","contentUrl":"https:\/\/secure.gravatar.com\/avatar\/7ce1f28c0c3bbac99ff550b85ef8e44a6950c6ee24514fb6a5489e51d06f0298?s=96&d=mm&r=g","caption":"webdo.tn"},"url":"https:\/\/www.webdo.tn\/fr\/actualite\/author\/webdotn\/"}]}},"_links":{"self":[{"href":"https:\/\/www.webdo.tn\/fr\/wp-json\/wp\/v2\/posts\/178595","targetHints":{"allow":["GET"]}}],"collection":[{"href":"https:\/\/www.webdo.tn\/fr\/wp-json\/wp\/v2\/posts"}],"about":[{"href":"https:\/\/www.webdo.tn\/fr\/wp-json\/wp\/v2\/types\/post"}],"author":[{"embeddable":true,"href":"https:\/\/www.webdo.tn\/fr\/wp-json\/wp\/v2\/users\/3222"}],"replies":[{"embeddable":true,"href":"https:\/\/www.webdo.tn\/fr\/wp-json\/wp\/v2\/comments?post=178595"}],"version-history":[{"count":0,"href":"https:\/\/www.webdo.tn\/fr\/wp-json\/wp\/v2\/posts\/178595\/revisions"}],"wp:featuredmedia":[{"embeddable":true,"href":"https:\/\/www.webdo.tn\/fr\/wp-json\/wp\/v2\/media\/376579"}],"wp:attachment":[{"href":"https:\/\/www.webdo.tn\/fr\/wp-json\/wp\/v2\/media?parent=178595"}],"wp:term":[{"taxonomy":"category","embeddable":true,"href":"https:\/\/www.webdo.tn\/fr\/wp-json\/wp\/v2\/categories?post=178595"},{"taxonomy":"post_tag","embeddable":true,"href":"https:\/\/www.webdo.tn\/fr\/wp-json\/wp\/v2\/tags?post=178595"}],"curies":[{"name":"wp","href":"https:\/\/api.w.org\/{rel}","templated":true}]}}