{"id":178590,"date":"2011-08-13T14:54:00","date_gmt":"2011-08-13T14:54:00","guid":{"rendered":"https:\/\/www.webdo.tn\/fr\/actualite\/blog\/une-francaise-sattaque-a-un-hotel-a-djerba\/178590\/"},"modified":"2011-08-13T14:54:00","modified_gmt":"2011-08-13T14:54:00","slug":"une-francaise-sattaque-a-un-hotel-a-djerba","status":"publish","type":"post","link":"https:\/\/www.webdo.tn\/fr\/actualite\/divers\/une-francaise-sattaque-a-un-hotel-a-djerba\/178590\/","title":{"rendered":"Une Fran\u00e7aise s&rsquo;attaque \u00e0 un h\u00f4tel \u00e0 Djerba !"},"content":{"rendered":"<p>Cette histoire rapport\u00e9e par le site d&rsquo;un journal de Champagne Ardennes Picardie, \u00abL\u2019union\u00bb, sous le titre de \u00abVacances de cauchemar en Tunisie\u00bb, pourrait, d\u2019apr\u00e8s la version du c\u00f4t\u00e9 de la \u00abvictime\u00bb, mettre un frein au tourisme chez nous. D\u2019ailleurs, la touriste, \u00e0 qui cette \u00abm\u00e9saventure\u00bb est arriv\u00e9e, a d\u00e9cid\u00e9 de \u00abd\u00e9poser plainte aupr\u00e8s du procureur de la R\u00e9publique (NDLR fran\u00e7aise) pour \u00ab\u00a0d\u00e9nonciation calomnieuse, diffamation non publique, tentative d&rsquo;extorsion en bande organis\u00e9e, harc\u00e8lement moral, d\u00e9p\u00f4t de plainte abusive et coups et blessures\u00a0\u00bb\u00bb<\/p>\n<p>Une Fran\u00e7aise d\u2019origine maghr\u00e9bine \u00e9tait avec son mari et ses deux enfants en vacances \u00e0 Djerba et plus pr\u00e9cis\u00e9ment \u00e0 l&rsquo;h\u00f4tel\u00a0Palm Beach Coralia. Et d\u2019apr\u00e8s ses dires, elle aurait \u00e9t\u00e9 agress\u00e9e, le 03 ao\u00fbt dernier, par le directeur de l\u2019h\u00f4tel et d\u2019autres personnes qui \u00e9taient en train de fouiller sa chambre.<\/p>\n<p>Face \u00ab\u00e0 cette fouille ill\u00e9gale\u00bb, la Fran\u00e7aise aurait refus\u00e9 de coop\u00e9rer. Voici ce qui s\u2019est pass\u00e9 d\u2019apr\u00e8s ses dires et rapport\u00e9\u00a0par la m\u00eame source\u00a0:\u00a0\u00abLe directeur m&rsquo;a alors attrap\u00e9 le bras droit et m&rsquo;a pr\u00e9cipit\u00e9 la t\u00eate la premi\u00e8re contre l&rsquo;un des murs de la chambre. J&rsquo;\u00e9tais choqu\u00e9e, mais lucide. J&rsquo;ai quand m\u00eame continu\u00e9 \u00e0 lui demander la raison de cette irruption dans ma chambre. Il ne r\u00e9pondait toujours pas\u00bb. Cette femme aurait exig\u00e9 la venue de la police, mais elle n\u2019eut pour tout r\u00e9ponse du directeur : \u00abY a plus de police, c&rsquo;est l&rsquo;arm\u00e9e maintenant !\u00bb. Elle n\u2019a d\u00fb son salut qu\u2019\u00e0 l\u2019arriv\u00e9e de son \u00e9poux.<br \/>\nIl \u00e9tait reproch\u00e9 \u00e0 cette femme d\u2019avoir vol\u00e9 le sac \u00e0 main d\u2019une r\u00e9ceptionniste de l\u2019h\u00f4tel. D\u2019autre part, on aurait retrouv\u00e9 dans la chambre de cette famille \u00ab5 kilos de croissants, 120 draps, des gobelets, des pailles, des serviettes, du papier toilette\u00bb.<\/p>\n<p>De retour en France et toujours sous m\u00e9dicaments, souffrant de bleus au bras et \u00abd&rsquo;un \u00e9tat de stress post-traumatologique n\u00e9cessitant une prise en charge m\u00e9dicale et psychologique\u00bb, cette femme a d\u00e9cid\u00e9 de ne pas rester \u00e0 rien faire et de demander r\u00e9paration.<\/p>\n<p>Nous avons contact\u00e9 la direction de l\u2019h\u00f4tel en question pour avoir sa version des faits. Le 03 ao\u00fbt dernier,\u00a0le directeur, Khaled Souli, a demand\u00e9, suite \u00e0 un signalement du gouvernant g\u00e9n\u00e9ral, au\u00a0responsable Loisirs\u00a0H\u00f4tel-Club Nouvelles Fronti\u00e8res,\u00a0Benjamin Laloux,\u00a0de venir avec lui \u00e0 la chambre 347\u00a0o\u00f9 logeait la cliente. Les deux hommes, accompagn\u00e9s du responsable s\u00e9curit\u00e9, d\u2019un chasseur et de deux r\u00e9ceptionnistes, auraient constat\u00e9 un tas cons\u00e9quent de linge de chambre (serviettes et draps) dans la chambre, devant une cliente \u00absortie de la chambre en furie\u00bb et commen\u00e7ant \u00e0 s&rsquo;\u00e9nerver contre le directeur d&rsquo;h\u00f4tel.<\/p>\n<p>Averti le d\u00e9l\u00e9gu\u00e9 g\u00e9n\u00e9ral de Nouvelles Fronti\u00e8res est venu sur place pour constater la situation mais \u00e9galement la disparition d\u2019un sac \u00e0 main appartenant \u00e0 une r\u00e9ceptionniste.\u00a0D\u2019autre part,\u00a0les voisins de cette touriste l\u2019auraient soup\u00e7onn\u00e9e d\u2019avoir vol\u00e9 les raquettes de tennis de leurs enfants et auraient d\u00e9pos\u00e9 une r\u00e9clamation.<\/p>\n<p>Le 05 ao\u00fbt, la police est arriv\u00e9e suite \u00e0 la plainte de la r\u00e9ceptionniste\u00a0et aurait constat\u00e9 que la cliente \u00e9tait agressive et vulgaire. D\u2019autre part, et toujours selon la version de l\u2019h\u00f4tel, cette cliente n\u2019a pas arr\u00eat\u00e9 de harceler le personnel de la r\u00e9ception et du bar avec des propos racistes.<\/p>\n<p>Apparemment, la cliente aurait un probl\u00e8me de cleptomanie (vol d\u2019objet de mani\u00e8re compulsive), puisque d\u2019apr\u00e8s le t\u00e9moignage d\u2019un conducteur de cal\u00e8che, cette Fran\u00e7aise lui a fait chaque jour des \u00abcadeaux\u00bb. Ainsi 80 % des objets vol\u00e9s par la cliente \u00e9taient entre ses mains.<\/p>\n<p>Cette histoire fait office de fait divers, certes, mais elle peut faire mauvaise publicit\u00e9 \u00e0 notre tourisme m\u00eame si la direction de l\u2019h\u00f4tel n\u2019est pas en tort.<\/p>\n","protected":false},"excerpt":{"rendered":"<p>Une Fran\u00e7aise s&rsquo;attaque \u00e0 un h\u00f4tel \u00e0 Djerba ! <\/p>\n","protected":false},"author":3222,"featured_media":376640,"comment_status":"open","ping_status":"closed","sticky":false,"template":"","format":"standard","meta":{"footnotes":""},"categories":[2839],"tags":[],"class_list":["post-178590","post","type-post","status-publish","format-standard","has-post-thumbnail","hentry","category-divers"],"yoast_head":"<!-- This site is optimized with the Yoast SEO Premium plugin v27.4 (Yoast SEO v27.5) - https:\/\/yoast.com\/product\/yoast-seo-premium-wordpress\/ -->\n<title>Une Fran\u00e7aise s&#039;attaque \u00e0 un h\u00f4tel \u00e0 Djerba !<\/title>\n<meta name=\"description\" content=\"Une Fran\u00e7aise s&#039;attaque \u00e0 un h\u00f4tel \u00e0 Djerba !\" \/>\n<link rel=\"canonical\" href=\"https:\/\/www.webdo.tn\/fr\/actualite\/divers\/une-francaise-sattaque-a-un-hotel-a-djerba\/178590\/\" \/>\n<meta property=\"og:locale\" content=\"fr_FR\" \/>\n<meta property=\"og:type\" content=\"article\" \/>\n<meta property=\"og:title\" content=\"Une Fran\u00e7aise s&#039;attaque \u00e0 un h\u00f4tel \u00e0 Djerba !\" \/>\n<meta property=\"og:description\" content=\"Une Fran\u00e7aise s&#039;attaque \u00e0 un h\u00f4tel \u00e0 Djerba !\" \/>\n<meta property=\"og:url\" content=\"https:\/\/www.webdo.tn\/fr\/actualite\/divers\/une-francaise-sattaque-a-un-hotel-a-djerba\/178590\/\" \/>\n<meta property=\"og:site_name\" content=\"webdo\" \/>\n<meta property=\"article:publisher\" content=\"https:\/\/www.facebook.com\/webdotn\" \/>\n<meta property=\"article:published_time\" content=\"2011-08-13T14:54:00+00:00\" \/>\n<meta property=\"og:image\" content=\"https:\/\/www.webdo.tn\/fr\/wp-content\/uploads\/2011\/08\/Rachida-avec-sa-famille-photo-lunion.presse.fr_.jpg\" \/>\n\t<meta property=\"og:image:width\" content=\"240\" \/>\n\t<meta property=\"og:image:height\" content=\"180\" \/>\n\t<meta property=\"og:image:type\" content=\"image\/jpeg\" \/>\n<meta name=\"author\" content=\"webdo.tn\" \/>\n<meta name=\"twitter:card\" content=\"summary_large_image\" \/>\n<meta name=\"twitter:creator\" content=\"@webdo_tn\" \/>\n<meta name=\"twitter:site\" content=\"@webdo_tn\" \/>\n<meta name=\"twitter:label1\" content=\"\u00c9crit par\" \/>\n\t<meta name=\"twitter:data1\" content=\"webdo.tn\" \/>\n\t<meta name=\"twitter:label2\" content=\"Dur\u00e9e de lecture estim\u00e9e\" \/>\n\t<meta name=\"twitter:data2\" content=\"3 minutes\" \/>\n<script type=\"application\/ld+json\" class=\"yoast-schema-graph\">{\"@context\":\"https:\\\/\\\/schema.org\",\"@graph\":[{\"@type\":\"NewsArticle\",\"@id\":\"https:\\\/\\\/www.webdo.tn\\\/fr\\\/actualite\\\/divers\\\/une-francaise-sattaque-a-un-hotel-a-djerba\\\/178590\\\/#article\",\"isPartOf\":{\"@id\":\"https:\\\/\\\/www.webdo.tn\\\/fr\\\/actualite\\\/divers\\\/une-francaise-sattaque-a-un-hotel-a-djerba\\\/178590\\\/\"},\"author\":{\"name\":\"webdo.tn\",\"@id\":\"https:\\\/\\\/www.webdo.tn\\\/fr\\\/#\\\/schema\\\/person\\\/9a9c6118d687c117df8ef3cc36a4d175\"},\"headline\":\"Une Fran\u00e7aise s&rsquo;attaque \u00e0 un h\u00f4tel \u00e0 Djerba !\",\"datePublished\":\"2011-08-13T14:54:00+00:00\",\"mainEntityOfPage\":{\"@id\":\"https:\\\/\\\/www.webdo.tn\\\/fr\\\/actualite\\\/divers\\\/une-francaise-sattaque-a-un-hotel-a-djerba\\\/178590\\\/\"},\"wordCount\":703,\"commentCount\":0,\"publisher\":{\"@id\":\"https:\\\/\\\/www.webdo.tn\\\/fr\\\/#organization\"},\"image\":{\"@id\":\"https:\\\/\\\/www.webdo.tn\\\/fr\\\/actualite\\\/divers\\\/une-francaise-sattaque-a-un-hotel-a-djerba\\\/178590\\\/#primaryimage\"},\"thumbnailUrl\":\"https:\\\/\\\/www.webdo.tn\\\/fr\\\/wp-content\\\/uploads\\\/2011\\\/08\\\/Rachida-avec-sa-famille-photo-lunion.presse.fr_.jpg\",\"articleSection\":[\"Divers\"],\"inLanguage\":\"fr-FR\"},{\"@type\":\"WebPage\",\"@id\":\"https:\\\/\\\/www.webdo.tn\\\/fr\\\/actualite\\\/divers\\\/une-francaise-sattaque-a-un-hotel-a-djerba\\\/178590\\\/\",\"url\":\"https:\\\/\\\/www.webdo.tn\\\/fr\\\/actualite\\\/divers\\\/une-francaise-sattaque-a-un-hotel-a-djerba\\\/178590\\\/\",\"name\":\"Une Fran\u00e7aise s'attaque \u00e0 un h\u00f4tel \u00e0 Djerba !\",\"isPartOf\":{\"@id\":\"https:\\\/\\\/www.webdo.tn\\\/fr\\\/#website\"},\"primaryImageOfPage\":{\"@id\":\"https:\\\/\\\/www.webdo.tn\\\/fr\\\/actualite\\\/divers\\\/une-francaise-sattaque-a-un-hotel-a-djerba\\\/178590\\\/#primaryimage\"},\"image\":{\"@id\":\"https:\\\/\\\/www.webdo.tn\\\/fr\\\/actualite\\\/divers\\\/une-francaise-sattaque-a-un-hotel-a-djerba\\\/178590\\\/#primaryimage\"},\"thumbnailUrl\":\"https:\\\/\\\/www.webdo.tn\\\/fr\\\/wp-content\\\/uploads\\\/2011\\\/08\\\/Rachida-avec-sa-famille-photo-lunion.presse.fr_.jpg\",\"datePublished\":\"2011-08-13T14:54:00+00:00\",\"description\":\"Une Fran\u00e7aise s'attaque \u00e0 un h\u00f4tel \u00e0 Djerba !\",\"breadcrumb\":{\"@id\":\"https:\\\/\\\/www.webdo.tn\\\/fr\\\/actualite\\\/divers\\\/une-francaise-sattaque-a-un-hotel-a-djerba\\\/178590\\\/#breadcrumb\"},\"inLanguage\":\"fr-FR\",\"potentialAction\":[{\"@type\":\"ReadAction\",\"target\":[\"https:\\\/\\\/www.webdo.tn\\\/fr\\\/actualite\\\/divers\\\/une-francaise-sattaque-a-un-hotel-a-djerba\\\/178590\\\/\"]}]},{\"@type\":\"ImageObject\",\"inLanguage\":\"fr-FR\",\"@id\":\"https:\\\/\\\/www.webdo.tn\\\/fr\\\/actualite\\\/divers\\\/une-francaise-sattaque-a-un-hotel-a-djerba\\\/178590\\\/#primaryimage\",\"url\":\"https:\\\/\\\/www.webdo.tn\\\/fr\\\/wp-content\\\/uploads\\\/2011\\\/08\\\/Rachida-avec-sa-famille-photo-lunion.presse.fr_.jpg\",\"contentUrl\":\"https:\\\/\\\/www.webdo.tn\\\/fr\\\/wp-content\\\/uploads\\\/2011\\\/08\\\/Rachida-avec-sa-famille-photo-lunion.presse.fr_.jpg\",\"width\":240,\"height\":180,\"caption\":\"Une Fran\u00e7aise s'attaque \u00e0 un h\u00f4tel \u00e0 Djerba !\"},{\"@type\":\"BreadcrumbList\",\"@id\":\"https:\\\/\\\/www.webdo.tn\\\/fr\\\/actualite\\\/divers\\\/une-francaise-sattaque-a-un-hotel-a-djerba\\\/178590\\\/#breadcrumb\",\"itemListElement\":[{\"@type\":\"ListItem\",\"position\":1,\"name\":\"Accueil\",\"item\":\"https:\\\/\\\/www.webdo.tn\\\/fr\\\/\"},{\"@type\":\"ListItem\",\"position\":2,\"name\":\"Une Fran\u00e7aise s&rsquo;attaque \u00e0 un h\u00f4tel \u00e0 Djerba !\"}]},{\"@type\":\"WebSite\",\"@id\":\"https:\\\/\\\/www.webdo.tn\\\/fr\\\/#website\",\"url\":\"https:\\\/\\\/www.webdo.tn\\\/fr\\\/\",\"name\":\"webdo\",\"description\":\"Tunisie - News en Tunisie et \u00e0 l&#039;international sur Webdo.tn\",\"publisher\":{\"@id\":\"https:\\\/\\\/www.webdo.tn\\\/fr\\\/#organization\"},\"potentialAction\":[{\"@type\":\"SearchAction\",\"target\":{\"@type\":\"EntryPoint\",\"urlTemplate\":\"https:\\\/\\\/www.webdo.tn\\\/fr\\\/?s={search_term_string}\"},\"query-input\":{\"@type\":\"PropertyValueSpecification\",\"valueRequired\":true,\"valueName\":\"search_term_string\"}}],\"inLanguage\":\"fr-FR\"},{\"@type\":\"Organization\",\"@id\":\"https:\\\/\\\/www.webdo.tn\\\/fr\\\/#organization\",\"name\":\"Webdo\",\"alternateName\":\"Webdo.tn\",\"url\":\"https:\\\/\\\/www.webdo.tn\\\/fr\\\/\",\"logo\":{\"@type\":\"ImageObject\",\"inLanguage\":\"fr-FR\",\"@id\":\"https:\\\/\\\/www.webdo.tn\\\/fr\\\/#\\\/schema\\\/logo\\\/image\\\/\",\"url\":\"https:\\\/\\\/www.webdo.tn\\\/fr\\\/wp-content\\\/uploads\\\/2025\\\/06\\\/Webdo-Tunisie_168377.jpg\",\"contentUrl\":\"https:\\\/\\\/www.webdo.tn\\\/fr\\\/wp-content\\\/uploads\\\/2025\\\/06\\\/Webdo-Tunisie_168377.jpg\",\"width\":301,\"height\":301,\"caption\":\"Webdo\"},\"image\":{\"@id\":\"https:\\\/\\\/www.webdo.tn\\\/fr\\\/#\\\/schema\\\/logo\\\/image\\\/\"},\"sameAs\":[\"https:\\\/\\\/www.facebook.com\\\/webdotn\",\"https:\\\/\\\/x.com\\\/webdo_tn\"],\"description\":\"Webdo est un m\u00e9dia num\u00e9rique tunisien fond\u00e9 en 2010, sp\u00e9cialis\u00e9 dans l\u2019actualit\u00e9 nationale et internationale, l\u2019\u00e9conomie, la soci\u00e9t\u00e9 et les analyses politiques. Le site s\u2019adresse \u00e0 un large public francophone et couvre l\u2019information tunisienne en temps r\u00e9el.\",\"email\":\"redac@webdo.tn\",\"legalName\":\"YNJ SARL\",\"foundingDate\":\"2010-09-06\",\"numberOfEmployees\":{\"@type\":\"QuantitativeValue\",\"minValue\":\"11\",\"maxValue\":\"50\"}},{\"@type\":\"Person\",\"@id\":\"https:\\\/\\\/www.webdo.tn\\\/fr\\\/#\\\/schema\\\/person\\\/9a9c6118d687c117df8ef3cc36a4d175\",\"name\":\"webdo.tn\",\"image\":{\"@type\":\"ImageObject\",\"inLanguage\":\"fr-FR\",\"@id\":\"https:\\\/\\\/secure.gravatar.com\\\/avatar\\\/7ce1f28c0c3bbac99ff550b85ef8e44a6950c6ee24514fb6a5489e51d06f0298?s=96&d=mm&r=g\",\"url\":\"https:\\\/\\\/secure.gravatar.com\\\/avatar\\\/7ce1f28c0c3bbac99ff550b85ef8e44a6950c6ee24514fb6a5489e51d06f0298?s=96&d=mm&r=g\",\"contentUrl\":\"https:\\\/\\\/secure.gravatar.com\\\/avatar\\\/7ce1f28c0c3bbac99ff550b85ef8e44a6950c6ee24514fb6a5489e51d06f0298?s=96&d=mm&r=g\",\"caption\":\"webdo.tn\"},\"url\":\"https:\\\/\\\/www.webdo.tn\\\/fr\\\/actualite\\\/author\\\/webdotn\\\/\"}]}<\/script>\n<!-- \/ Yoast SEO Premium plugin. -->","yoast_head_json":{"title":"Une Fran\u00e7aise s'attaque \u00e0 un h\u00f4tel \u00e0 Djerba !","description":"Une Fran\u00e7aise s'attaque \u00e0 un h\u00f4tel \u00e0 Djerba !","canonical":"https:\/\/www.webdo.tn\/fr\/actualite\/divers\/une-francaise-sattaque-a-un-hotel-a-djerba\/178590\/","og_locale":"fr_FR","og_type":"article","og_title":"Une Fran\u00e7aise s'attaque \u00e0 un h\u00f4tel \u00e0 Djerba !","og_description":"Une Fran\u00e7aise s'attaque \u00e0 un h\u00f4tel \u00e0 Djerba !","og_url":"https:\/\/www.webdo.tn\/fr\/actualite\/divers\/une-francaise-sattaque-a-un-hotel-a-djerba\/178590\/","og_site_name":"webdo","article_publisher":"https:\/\/www.facebook.com\/webdotn","article_published_time":"2011-08-13T14:54:00+00:00","og_image":[{"width":240,"height":180,"url":"https:\/\/www.webdo.tn\/fr\/wp-content\/uploads\/2011\/08\/Rachida-avec-sa-famille-photo-lunion.presse.fr_.jpg","type":"image\/jpeg"}],"author":"webdo.tn","twitter_card":"summary_large_image","twitter_creator":"@webdo_tn","twitter_site":"@webdo_tn","twitter_misc":{"\u00c9crit par":"webdo.tn","Dur\u00e9e de lecture estim\u00e9e":"3 minutes"},"schema":{"@context":"https:\/\/schema.org","@graph":[{"@type":"NewsArticle","@id":"https:\/\/www.webdo.tn\/fr\/actualite\/divers\/une-francaise-sattaque-a-un-hotel-a-djerba\/178590\/#article","isPartOf":{"@id":"https:\/\/www.webdo.tn\/fr\/actualite\/divers\/une-francaise-sattaque-a-un-hotel-a-djerba\/178590\/"},"author":{"name":"webdo.tn","@id":"https:\/\/www.webdo.tn\/fr\/#\/schema\/person\/9a9c6118d687c117df8ef3cc36a4d175"},"headline":"Une Fran\u00e7aise s&rsquo;attaque \u00e0 un h\u00f4tel \u00e0 Djerba !","datePublished":"2011-08-13T14:54:00+00:00","mainEntityOfPage":{"@id":"https:\/\/www.webdo.tn\/fr\/actualite\/divers\/une-francaise-sattaque-a-un-hotel-a-djerba\/178590\/"},"wordCount":703,"commentCount":0,"publisher":{"@id":"https:\/\/www.webdo.tn\/fr\/#organization"},"image":{"@id":"https:\/\/www.webdo.tn\/fr\/actualite\/divers\/une-francaise-sattaque-a-un-hotel-a-djerba\/178590\/#primaryimage"},"thumbnailUrl":"https:\/\/www.webdo.tn\/fr\/wp-content\/uploads\/2011\/08\/Rachida-avec-sa-famille-photo-lunion.presse.fr_.jpg","articleSection":["Divers"],"inLanguage":"fr-FR"},{"@type":"WebPage","@id":"https:\/\/www.webdo.tn\/fr\/actualite\/divers\/une-francaise-sattaque-a-un-hotel-a-djerba\/178590\/","url":"https:\/\/www.webdo.tn\/fr\/actualite\/divers\/une-francaise-sattaque-a-un-hotel-a-djerba\/178590\/","name":"Une Fran\u00e7aise s'attaque \u00e0 un h\u00f4tel \u00e0 Djerba !","isPartOf":{"@id":"https:\/\/www.webdo.tn\/fr\/#website"},"primaryImageOfPage":{"@id":"https:\/\/www.webdo.tn\/fr\/actualite\/divers\/une-francaise-sattaque-a-un-hotel-a-djerba\/178590\/#primaryimage"},"image":{"@id":"https:\/\/www.webdo.tn\/fr\/actualite\/divers\/une-francaise-sattaque-a-un-hotel-a-djerba\/178590\/#primaryimage"},"thumbnailUrl":"https:\/\/www.webdo.tn\/fr\/wp-content\/uploads\/2011\/08\/Rachida-avec-sa-famille-photo-lunion.presse.fr_.jpg","datePublished":"2011-08-13T14:54:00+00:00","description":"Une Fran\u00e7aise s'attaque \u00e0 un h\u00f4tel \u00e0 Djerba !","breadcrumb":{"@id":"https:\/\/www.webdo.tn\/fr\/actualite\/divers\/une-francaise-sattaque-a-un-hotel-a-djerba\/178590\/#breadcrumb"},"inLanguage":"fr-FR","potentialAction":[{"@type":"ReadAction","target":["https:\/\/www.webdo.tn\/fr\/actualite\/divers\/une-francaise-sattaque-a-un-hotel-a-djerba\/178590\/"]}]},{"@type":"ImageObject","inLanguage":"fr-FR","@id":"https:\/\/www.webdo.tn\/fr\/actualite\/divers\/une-francaise-sattaque-a-un-hotel-a-djerba\/178590\/#primaryimage","url":"https:\/\/www.webdo.tn\/fr\/wp-content\/uploads\/2011\/08\/Rachida-avec-sa-famille-photo-lunion.presse.fr_.jpg","contentUrl":"https:\/\/www.webdo.tn\/fr\/wp-content\/uploads\/2011\/08\/Rachida-avec-sa-famille-photo-lunion.presse.fr_.jpg","width":240,"height":180,"caption":"Une Fran\u00e7aise s'attaque \u00e0 un h\u00f4tel \u00e0 Djerba !"},{"@type":"BreadcrumbList","@id":"https:\/\/www.webdo.tn\/fr\/actualite\/divers\/une-francaise-sattaque-a-un-hotel-a-djerba\/178590\/#breadcrumb","itemListElement":[{"@type":"ListItem","position":1,"name":"Accueil","item":"https:\/\/www.webdo.tn\/fr\/"},{"@type":"ListItem","position":2,"name":"Une Fran\u00e7aise s&rsquo;attaque \u00e0 un h\u00f4tel \u00e0 Djerba !"}]},{"@type":"WebSite","@id":"https:\/\/www.webdo.tn\/fr\/#website","url":"https:\/\/www.webdo.tn\/fr\/","name":"webdo","description":"Tunisie - News en Tunisie et \u00e0 l&#039;international sur Webdo.tn","publisher":{"@id":"https:\/\/www.webdo.tn\/fr\/#organization"},"potentialAction":[{"@type":"SearchAction","target":{"@type":"EntryPoint","urlTemplate":"https:\/\/www.webdo.tn\/fr\/?s={search_term_string}"},"query-input":{"@type":"PropertyValueSpecification","valueRequired":true,"valueName":"search_term_string"}}],"inLanguage":"fr-FR"},{"@type":"Organization","@id":"https:\/\/www.webdo.tn\/fr\/#organization","name":"Webdo","alternateName":"Webdo.tn","url":"https:\/\/www.webdo.tn\/fr\/","logo":{"@type":"ImageObject","inLanguage":"fr-FR","@id":"https:\/\/www.webdo.tn\/fr\/#\/schema\/logo\/image\/","url":"https:\/\/www.webdo.tn\/fr\/wp-content\/uploads\/2025\/06\/Webdo-Tunisie_168377.jpg","contentUrl":"https:\/\/www.webdo.tn\/fr\/wp-content\/uploads\/2025\/06\/Webdo-Tunisie_168377.jpg","width":301,"height":301,"caption":"Webdo"},"image":{"@id":"https:\/\/www.webdo.tn\/fr\/#\/schema\/logo\/image\/"},"sameAs":["https:\/\/www.facebook.com\/webdotn","https:\/\/x.com\/webdo_tn"],"description":"Webdo est un m\u00e9dia num\u00e9rique tunisien fond\u00e9 en 2010, sp\u00e9cialis\u00e9 dans l\u2019actualit\u00e9 nationale et internationale, l\u2019\u00e9conomie, la soci\u00e9t\u00e9 et les analyses politiques. Le site s\u2019adresse \u00e0 un large public francophone et couvre l\u2019information tunisienne en temps r\u00e9el.","email":"redac@webdo.tn","legalName":"YNJ SARL","foundingDate":"2010-09-06","numberOfEmployees":{"@type":"QuantitativeValue","minValue":"11","maxValue":"50"}},{"@type":"Person","@id":"https:\/\/www.webdo.tn\/fr\/#\/schema\/person\/9a9c6118d687c117df8ef3cc36a4d175","name":"webdo.tn","image":{"@type":"ImageObject","inLanguage":"fr-FR","@id":"https:\/\/secure.gravatar.com\/avatar\/7ce1f28c0c3bbac99ff550b85ef8e44a6950c6ee24514fb6a5489e51d06f0298?s=96&d=mm&r=g","url":"https:\/\/secure.gravatar.com\/avatar\/7ce1f28c0c3bbac99ff550b85ef8e44a6950c6ee24514fb6a5489e51d06f0298?s=96&d=mm&r=g","contentUrl":"https:\/\/secure.gravatar.com\/avatar\/7ce1f28c0c3bbac99ff550b85ef8e44a6950c6ee24514fb6a5489e51d06f0298?s=96&d=mm&r=g","caption":"webdo.tn"},"url":"https:\/\/www.webdo.tn\/fr\/actualite\/author\/webdotn\/"}]}},"_links":{"self":[{"href":"https:\/\/www.webdo.tn\/fr\/wp-json\/wp\/v2\/posts\/178590","targetHints":{"allow":["GET"]}}],"collection":[{"href":"https:\/\/www.webdo.tn\/fr\/wp-json\/wp\/v2\/posts"}],"about":[{"href":"https:\/\/www.webdo.tn\/fr\/wp-json\/wp\/v2\/types\/post"}],"author":[{"embeddable":true,"href":"https:\/\/www.webdo.tn\/fr\/wp-json\/wp\/v2\/users\/3222"}],"replies":[{"embeddable":true,"href":"https:\/\/www.webdo.tn\/fr\/wp-json\/wp\/v2\/comments?post=178590"}],"version-history":[{"count":0,"href":"https:\/\/www.webdo.tn\/fr\/wp-json\/wp\/v2\/posts\/178590\/revisions"}],"wp:featuredmedia":[{"embeddable":true,"href":"https:\/\/www.webdo.tn\/fr\/wp-json\/wp\/v2\/media\/376640"}],"wp:attachment":[{"href":"https:\/\/www.webdo.tn\/fr\/wp-json\/wp\/v2\/media?parent=178590"}],"wp:term":[{"taxonomy":"category","embeddable":true,"href":"https:\/\/www.webdo.tn\/fr\/wp-json\/wp\/v2\/categories?post=178590"},{"taxonomy":"post_tag","embeddable":true,"href":"https:\/\/www.webdo.tn\/fr\/wp-json\/wp\/v2\/tags?post=178590"}],"curies":[{"name":"wp","href":"https:\/\/api.w.org\/{rel}","templated":true}]}}