{"id":178585,"date":"2011-09-05T11:50:00","date_gmt":"2011-09-05T11:50:00","guid":{"rendered":"https:\/\/www.webdo.tn\/fr\/actualite\/blog\/chronique-d-une-tempete-annoncee-par-le-quotidien-dalgerie\/178585\/"},"modified":"2011-09-05T11:50:00","modified_gmt":"2011-09-05T11:50:00","slug":"chronique-d-une-tempete-annoncee-par-le-quotidien-dalgerie","status":"publish","type":"post","link":"https:\/\/www.webdo.tn\/fr\/actualite\/divers\/chronique-d-une-tempete-annoncee-par-le-quotidien-dalgerie\/178585\/","title":{"rendered":"Chronique d\u2019une temp\u00eate annonc\u00e9e par \u00abLe Quotidien d&rsquo;Alg\u00e9rie\u00bb"},"content":{"rendered":"<p>Apr\u00e8s la Tunisie, l&rsquo;Egypte et la Libye, beaucoup avaient pens\u00e9 que l&rsquo;Alg\u00e9rie \u00e9tait la prochaine escale de la temp\u00eate R\u00e9volution. Mais que dalle !, mis \u00e0 part quelques manifestations passag\u00e8res au d\u00e9but du mois de f\u00e9vrier.<\/p>\n<p>Pourtant\u2026 Dans son \u00e9dition de samedi dernier, le \u00abQuotidien d&rsquo;Alg\u00e9rie\u00bb a publi\u00e9 un article dont le titre veut tout dire : \u00ab\u00a0La temp\u00eate arrive \u00e0 grands pas\u00a0\u00bb. La temp\u00eate c\u2019est \u00e9videmment la r\u00e9volution.<\/p>\n<p>Selon ce journal alg\u00e9rien, le r\u00e9gime du pays a d\u00e9j\u00e0 perdu tout cr\u00e9dit et cr\u00e9dibilit\u00e9 aupr\u00e8s de la communaut\u00e9 internationale, et ce, suite \u00e0 la position alg\u00e9rienne sur le conflit libyen. L&rsquo;image du pays est quasiment ternie dans l&rsquo;opinion internationale comme le prouvent les d\u00e9clarations d&rsquo;Alain Jupp\u00e9, le ministre fran\u00e7ais des affaires \u00e9trang\u00e8res. Ce dernier a mis en avant l\u2019\u00a0\u00bbattitude ambigu\u00eb\u00a0\u00bb des autorit\u00e9s alg\u00e9riennes pendant la crise libyenne et notamment le fait que celles-ci ne reconnaissent pas le  Conseil national de transition.<\/p>\n<p>Le gouvernement de Bouteflika sait donc qu&rsquo;\u00e0 la premi\u00e8re contestation s\u00e9rieuse dans les rues alg\u00e9riennes, tout s&rsquo;encha\u00eenera \u00e0 une vitesse folle.<\/p>\n<p>D&rsquo;autre part, les m\u00e9dias pro-Bouteflika ont d\u00e9sormais lanc\u00e9 une guerre contre la cha\u00eene qatarie Al Jazeera comme la montre la Une du journal Ennahar \u00ab\u00a0Le peuple veut la chute d&rsquo;Al Jazeera\u00a0\u00bb. Ces m\u00e9dias expliquent clairement que la cha\u00eene est la source des probl\u00e8mes en Alg\u00e9rie et que c&rsquo;est elle qui dirige le pays depuis des dizaines d&rsquo;ann\u00e9es. On se rappelle aussi de l&rsquo;attaque subie par la page officielle d&rsquo;Al Jazeera sur Facebook avec un flot de messages \u00e9norme sur tous les liens de la page dont un avec 30 mille commentaires, en une heure de temps.<\/p>\n<p>De plus, le cryptage de la cha\u00eene d&rsquo;information a commenc\u00e9 par petites touches de 5 \u00e0 20 minutes, histoire d&rsquo;\u00e9viter une condamnation internationale.<\/p>\n<p>Le quotidien a termin\u00e9 son article en comparant l&rsquo;Alg\u00e9rie \u00e0 un commissariat de police g\u00e9r\u00e9 par des officiers de la manipulation, de la diversion et de la r\u00e9pression.<\/p>\n","protected":false},"excerpt":{"rendered":"<p>Chronique d\u2019une temp\u00eate annonc\u00e9e par \u00abLe Quotidien d&rsquo;Alg\u00e9rie\u00bb <\/p>\n","protected":false},"author":3222,"featured_media":376290,"comment_status":"open","ping_status":"closed","sticky":false,"template":"","format":"standard","meta":{"footnotes":""},"categories":[2839],"tags":[],"class_list":["post-178585","post","type-post","status-publish","format-standard","has-post-thumbnail","hentry","category-divers"],"yoast_head":"<!-- This site is optimized with the Yoast SEO Premium plugin v27.4 (Yoast SEO v27.5) - https:\/\/yoast.com\/product\/yoast-seo-premium-wordpress\/ -->\n<title>Chronique d\u2019une temp\u00eate annonc\u00e9e par \u00abLe Quotidien d&#039;Alg\u00e9rie\u00bb<\/title>\n<meta name=\"description\" content=\"Chronique d\u2019une temp\u00eate annonc\u00e9e par \u00abLe Quotidien d&#039;Alg\u00e9rie\u00bb\" \/>\n<link rel=\"canonical\" href=\"https:\/\/www.webdo.tn\/fr\/actualite\/divers\/chronique-d-une-tempete-annoncee-par-le-quotidien-dalgerie\/178585\/\" \/>\n<meta property=\"og:locale\" content=\"fr_FR\" \/>\n<meta property=\"og:type\" content=\"article\" \/>\n<meta property=\"og:title\" content=\"Chronique d\u2019une temp\u00eate annonc\u00e9e par \u00abLe Quotidien d&#039;Alg\u00e9rie\u00bb\" \/>\n<meta property=\"og:description\" content=\"Chronique d\u2019une temp\u00eate annonc\u00e9e par \u00abLe Quotidien d&#039;Alg\u00e9rie\u00bb\" \/>\n<meta property=\"og:url\" content=\"https:\/\/www.webdo.tn\/fr\/actualite\/divers\/chronique-d-une-tempete-annoncee-par-le-quotidien-dalgerie\/178585\/\" \/>\n<meta property=\"og:site_name\" content=\"webdo\" \/>\n<meta property=\"article:publisher\" content=\"https:\/\/www.facebook.com\/webdotn\" \/>\n<meta property=\"article:published_time\" content=\"2011-09-05T11:50:00+00:00\" \/>\n<meta name=\"author\" content=\"webdo.tn\" \/>\n<meta name=\"twitter:card\" content=\"summary_large_image\" \/>\n<meta name=\"twitter:creator\" content=\"@webdo_tn\" \/>\n<meta name=\"twitter:site\" content=\"@webdo_tn\" \/>\n<meta name=\"twitter:label1\" content=\"\u00c9crit par\" \/>\n\t<meta name=\"twitter:data1\" content=\"webdo.tn\" \/>\n\t<meta name=\"twitter:label2\" content=\"Dur\u00e9e de lecture estim\u00e9e\" \/>\n\t<meta name=\"twitter:data2\" content=\"2 minutes\" \/>\n<script type=\"application\/ld+json\" class=\"yoast-schema-graph\">{\"@context\":\"https:\\\/\\\/schema.org\",\"@graph\":[{\"@type\":\"NewsArticle\",\"@id\":\"https:\\\/\\\/www.webdo.tn\\\/fr\\\/actualite\\\/divers\\\/chronique-d-une-tempete-annoncee-par-le-quotidien-dalgerie\\\/178585\\\/#article\",\"isPartOf\":{\"@id\":\"https:\\\/\\\/www.webdo.tn\\\/fr\\\/actualite\\\/divers\\\/chronique-d-une-tempete-annoncee-par-le-quotidien-dalgerie\\\/178585\\\/\"},\"author\":{\"name\":\"webdo.tn\",\"@id\":\"https:\\\/\\\/www.webdo.tn\\\/fr\\\/#\\\/schema\\\/person\\\/9a9c6118d687c117df8ef3cc36a4d175\"},\"headline\":\"Chronique d\u2019une temp\u00eate annonc\u00e9e par \u00abLe Quotidien d&rsquo;Alg\u00e9rie\u00bb\",\"datePublished\":\"2011-09-05T11:50:00+00:00\",\"mainEntityOfPage\":{\"@id\":\"https:\\\/\\\/www.webdo.tn\\\/fr\\\/actualite\\\/divers\\\/chronique-d-une-tempete-annoncee-par-le-quotidien-dalgerie\\\/178585\\\/\"},\"wordCount\":378,\"commentCount\":0,\"publisher\":{\"@id\":\"https:\\\/\\\/www.webdo.tn\\\/fr\\\/#organization\"},\"image\":{\"@id\":\"https:\\\/\\\/www.webdo.tn\\\/fr\\\/actualite\\\/divers\\\/chronique-d-une-tempete-annoncee-par-le-quotidien-dalgerie\\\/178585\\\/#primaryimage\"},\"thumbnailUrl\":\"https:\\\/\\\/www.webdo.tn\\\/fr\\\/wp-content\\\/uploads\\\/2025\\\/06\\\/FireShot-Capture-1063-webdo_default-53-750x375.jpg-750\u00d7375-www.webdo_.tn_.png\",\"articleSection\":[\"Divers\"],\"inLanguage\":\"fr-FR\"},{\"@type\":\"WebPage\",\"@id\":\"https:\\\/\\\/www.webdo.tn\\\/fr\\\/actualite\\\/divers\\\/chronique-d-une-tempete-annoncee-par-le-quotidien-dalgerie\\\/178585\\\/\",\"url\":\"https:\\\/\\\/www.webdo.tn\\\/fr\\\/actualite\\\/divers\\\/chronique-d-une-tempete-annoncee-par-le-quotidien-dalgerie\\\/178585\\\/\",\"name\":\"Chronique d\u2019une temp\u00eate annonc\u00e9e par \u00abLe Quotidien d'Alg\u00e9rie\u00bb\",\"isPartOf\":{\"@id\":\"https:\\\/\\\/www.webdo.tn\\\/fr\\\/#website\"},\"primaryImageOfPage\":{\"@id\":\"https:\\\/\\\/www.webdo.tn\\\/fr\\\/actualite\\\/divers\\\/chronique-d-une-tempete-annoncee-par-le-quotidien-dalgerie\\\/178585\\\/#primaryimage\"},\"image\":{\"@id\":\"https:\\\/\\\/www.webdo.tn\\\/fr\\\/actualite\\\/divers\\\/chronique-d-une-tempete-annoncee-par-le-quotidien-dalgerie\\\/178585\\\/#primaryimage\"},\"thumbnailUrl\":\"https:\\\/\\\/www.webdo.tn\\\/fr\\\/wp-content\\\/uploads\\\/2025\\\/06\\\/FireShot-Capture-1063-webdo_default-53-750x375.jpg-750\u00d7375-www.webdo_.tn_.png\",\"datePublished\":\"2011-09-05T11:50:00+00:00\",\"description\":\"Chronique d\u2019une temp\u00eate annonc\u00e9e par \u00abLe Quotidien d'Alg\u00e9rie\u00bb\",\"breadcrumb\":{\"@id\":\"https:\\\/\\\/www.webdo.tn\\\/fr\\\/actualite\\\/divers\\\/chronique-d-une-tempete-annoncee-par-le-quotidien-dalgerie\\\/178585\\\/#breadcrumb\"},\"inLanguage\":\"fr-FR\",\"potentialAction\":[{\"@type\":\"ReadAction\",\"target\":[\"https:\\\/\\\/www.webdo.tn\\\/fr\\\/actualite\\\/divers\\\/chronique-d-une-tempete-annoncee-par-le-quotidien-dalgerie\\\/178585\\\/\"]}]},{\"@type\":\"ImageObject\",\"inLanguage\":\"fr-FR\",\"@id\":\"https:\\\/\\\/www.webdo.tn\\\/fr\\\/actualite\\\/divers\\\/chronique-d-une-tempete-annoncee-par-le-quotidien-dalgerie\\\/178585\\\/#primaryimage\",\"url\":\"https:\\\/\\\/www.webdo.tn\\\/fr\\\/wp-content\\\/uploads\\\/2025\\\/06\\\/FireShot-Capture-1063-webdo_default-53-750x375.jpg-750\u00d7375-www.webdo_.tn_.png\",\"contentUrl\":\"https:\\\/\\\/www.webdo.tn\\\/fr\\\/wp-content\\\/uploads\\\/2025\\\/06\\\/FireShot-Capture-1063-webdo_default-53-750x375.jpg-750\u00d7375-www.webdo_.tn_.png\",\"width\":746,\"height\":371},{\"@type\":\"BreadcrumbList\",\"@id\":\"https:\\\/\\\/www.webdo.tn\\\/fr\\\/actualite\\\/divers\\\/chronique-d-une-tempete-annoncee-par-le-quotidien-dalgerie\\\/178585\\\/#breadcrumb\",\"itemListElement\":[{\"@type\":\"ListItem\",\"position\":1,\"name\":\"Accueil\",\"item\":\"https:\\\/\\\/www.webdo.tn\\\/fr\\\/\"},{\"@type\":\"ListItem\",\"position\":2,\"name\":\"Chronique d\u2019une temp\u00eate annonc\u00e9e par \u00abLe Quotidien d&rsquo;Alg\u00e9rie\u00bb\"}]},{\"@type\":\"WebSite\",\"@id\":\"https:\\\/\\\/www.webdo.tn\\\/fr\\\/#website\",\"url\":\"https:\\\/\\\/www.webdo.tn\\\/fr\\\/\",\"name\":\"webdo\",\"description\":\"Tunisie - News en Tunisie et \u00e0 l&#039;international sur Webdo.tn\",\"publisher\":{\"@id\":\"https:\\\/\\\/www.webdo.tn\\\/fr\\\/#organization\"},\"potentialAction\":[{\"@type\":\"SearchAction\",\"target\":{\"@type\":\"EntryPoint\",\"urlTemplate\":\"https:\\\/\\\/www.webdo.tn\\\/fr\\\/?s={search_term_string}\"},\"query-input\":{\"@type\":\"PropertyValueSpecification\",\"valueRequired\":true,\"valueName\":\"search_term_string\"}}],\"inLanguage\":\"fr-FR\"},{\"@type\":\"Organization\",\"@id\":\"https:\\\/\\\/www.webdo.tn\\\/fr\\\/#organization\",\"name\":\"Webdo\",\"alternateName\":\"Webdo.tn\",\"url\":\"https:\\\/\\\/www.webdo.tn\\\/fr\\\/\",\"logo\":{\"@type\":\"ImageObject\",\"inLanguage\":\"fr-FR\",\"@id\":\"https:\\\/\\\/www.webdo.tn\\\/fr\\\/#\\\/schema\\\/logo\\\/image\\\/\",\"url\":\"https:\\\/\\\/www.webdo.tn\\\/fr\\\/wp-content\\\/uploads\\\/2025\\\/06\\\/Webdo-Tunisie_168377.jpg\",\"contentUrl\":\"https:\\\/\\\/www.webdo.tn\\\/fr\\\/wp-content\\\/uploads\\\/2025\\\/06\\\/Webdo-Tunisie_168377.jpg\",\"width\":301,\"height\":301,\"caption\":\"Webdo\"},\"image\":{\"@id\":\"https:\\\/\\\/www.webdo.tn\\\/fr\\\/#\\\/schema\\\/logo\\\/image\\\/\"},\"sameAs\":[\"https:\\\/\\\/www.facebook.com\\\/webdotn\",\"https:\\\/\\\/x.com\\\/webdo_tn\"],\"description\":\"Webdo est un m\u00e9dia num\u00e9rique tunisien fond\u00e9 en 2010, sp\u00e9cialis\u00e9 dans l\u2019actualit\u00e9 nationale et internationale, l\u2019\u00e9conomie, la soci\u00e9t\u00e9 et les analyses politiques. Le site s\u2019adresse \u00e0 un large public francophone et couvre l\u2019information tunisienne en temps r\u00e9el.\",\"email\":\"redac@webdo.tn\",\"legalName\":\"YNJ SARL\",\"foundingDate\":\"2010-09-06\",\"numberOfEmployees\":{\"@type\":\"QuantitativeValue\",\"minValue\":\"11\",\"maxValue\":\"50\"}},{\"@type\":\"Person\",\"@id\":\"https:\\\/\\\/www.webdo.tn\\\/fr\\\/#\\\/schema\\\/person\\\/9a9c6118d687c117df8ef3cc36a4d175\",\"name\":\"webdo.tn\",\"image\":{\"@type\":\"ImageObject\",\"inLanguage\":\"fr-FR\",\"@id\":\"https:\\\/\\\/secure.gravatar.com\\\/avatar\\\/7ce1f28c0c3bbac99ff550b85ef8e44a6950c6ee24514fb6a5489e51d06f0298?s=96&d=mm&r=g\",\"url\":\"https:\\\/\\\/secure.gravatar.com\\\/avatar\\\/7ce1f28c0c3bbac99ff550b85ef8e44a6950c6ee24514fb6a5489e51d06f0298?s=96&d=mm&r=g\",\"contentUrl\":\"https:\\\/\\\/secure.gravatar.com\\\/avatar\\\/7ce1f28c0c3bbac99ff550b85ef8e44a6950c6ee24514fb6a5489e51d06f0298?s=96&d=mm&r=g\",\"caption\":\"webdo.tn\"},\"url\":\"https:\\\/\\\/www.webdo.tn\\\/fr\\\/actualite\\\/author\\\/webdotn\\\/\"}]}<\/script>\n<!-- \/ Yoast SEO Premium plugin. -->","yoast_head_json":{"title":"Chronique d\u2019une temp\u00eate annonc\u00e9e par \u00abLe Quotidien d'Alg\u00e9rie\u00bb","description":"Chronique d\u2019une temp\u00eate annonc\u00e9e par \u00abLe Quotidien d'Alg\u00e9rie\u00bb","canonical":"https:\/\/www.webdo.tn\/fr\/actualite\/divers\/chronique-d-une-tempete-annoncee-par-le-quotidien-dalgerie\/178585\/","og_locale":"fr_FR","og_type":"article","og_title":"Chronique d\u2019une temp\u00eate annonc\u00e9e par \u00abLe Quotidien d'Alg\u00e9rie\u00bb","og_description":"Chronique d\u2019une temp\u00eate annonc\u00e9e par \u00abLe Quotidien d'Alg\u00e9rie\u00bb","og_url":"https:\/\/www.webdo.tn\/fr\/actualite\/divers\/chronique-d-une-tempete-annoncee-par-le-quotidien-dalgerie\/178585\/","og_site_name":"webdo","article_publisher":"https:\/\/www.facebook.com\/webdotn","article_published_time":"2011-09-05T11:50:00+00:00","author":"webdo.tn","twitter_card":"summary_large_image","twitter_creator":"@webdo_tn","twitter_site":"@webdo_tn","twitter_misc":{"\u00c9crit par":"webdo.tn","Dur\u00e9e de lecture estim\u00e9e":"2 minutes"},"schema":{"@context":"https:\/\/schema.org","@graph":[{"@type":"NewsArticle","@id":"https:\/\/www.webdo.tn\/fr\/actualite\/divers\/chronique-d-une-tempete-annoncee-par-le-quotidien-dalgerie\/178585\/#article","isPartOf":{"@id":"https:\/\/www.webdo.tn\/fr\/actualite\/divers\/chronique-d-une-tempete-annoncee-par-le-quotidien-dalgerie\/178585\/"},"author":{"name":"webdo.tn","@id":"https:\/\/www.webdo.tn\/fr\/#\/schema\/person\/9a9c6118d687c117df8ef3cc36a4d175"},"headline":"Chronique d\u2019une temp\u00eate annonc\u00e9e par \u00abLe Quotidien d&rsquo;Alg\u00e9rie\u00bb","datePublished":"2011-09-05T11:50:00+00:00","mainEntityOfPage":{"@id":"https:\/\/www.webdo.tn\/fr\/actualite\/divers\/chronique-d-une-tempete-annoncee-par-le-quotidien-dalgerie\/178585\/"},"wordCount":378,"commentCount":0,"publisher":{"@id":"https:\/\/www.webdo.tn\/fr\/#organization"},"image":{"@id":"https:\/\/www.webdo.tn\/fr\/actualite\/divers\/chronique-d-une-tempete-annoncee-par-le-quotidien-dalgerie\/178585\/#primaryimage"},"thumbnailUrl":"https:\/\/www.webdo.tn\/fr\/wp-content\/uploads\/2025\/06\/FireShot-Capture-1063-webdo_default-53-750x375.jpg-750\u00d7375-www.webdo_.tn_.png","articleSection":["Divers"],"inLanguage":"fr-FR"},{"@type":"WebPage","@id":"https:\/\/www.webdo.tn\/fr\/actualite\/divers\/chronique-d-une-tempete-annoncee-par-le-quotidien-dalgerie\/178585\/","url":"https:\/\/www.webdo.tn\/fr\/actualite\/divers\/chronique-d-une-tempete-annoncee-par-le-quotidien-dalgerie\/178585\/","name":"Chronique d\u2019une temp\u00eate annonc\u00e9e par \u00abLe Quotidien d'Alg\u00e9rie\u00bb","isPartOf":{"@id":"https:\/\/www.webdo.tn\/fr\/#website"},"primaryImageOfPage":{"@id":"https:\/\/www.webdo.tn\/fr\/actualite\/divers\/chronique-d-une-tempete-annoncee-par-le-quotidien-dalgerie\/178585\/#primaryimage"},"image":{"@id":"https:\/\/www.webdo.tn\/fr\/actualite\/divers\/chronique-d-une-tempete-annoncee-par-le-quotidien-dalgerie\/178585\/#primaryimage"},"thumbnailUrl":"https:\/\/www.webdo.tn\/fr\/wp-content\/uploads\/2025\/06\/FireShot-Capture-1063-webdo_default-53-750x375.jpg-750\u00d7375-www.webdo_.tn_.png","datePublished":"2011-09-05T11:50:00+00:00","description":"Chronique d\u2019une temp\u00eate annonc\u00e9e par \u00abLe Quotidien d'Alg\u00e9rie\u00bb","breadcrumb":{"@id":"https:\/\/www.webdo.tn\/fr\/actualite\/divers\/chronique-d-une-tempete-annoncee-par-le-quotidien-dalgerie\/178585\/#breadcrumb"},"inLanguage":"fr-FR","potentialAction":[{"@type":"ReadAction","target":["https:\/\/www.webdo.tn\/fr\/actualite\/divers\/chronique-d-une-tempete-annoncee-par-le-quotidien-dalgerie\/178585\/"]}]},{"@type":"ImageObject","inLanguage":"fr-FR","@id":"https:\/\/www.webdo.tn\/fr\/actualite\/divers\/chronique-d-une-tempete-annoncee-par-le-quotidien-dalgerie\/178585\/#primaryimage","url":"https:\/\/www.webdo.tn\/fr\/wp-content\/uploads\/2025\/06\/FireShot-Capture-1063-webdo_default-53-750x375.jpg-750\u00d7375-www.webdo_.tn_.png","contentUrl":"https:\/\/www.webdo.tn\/fr\/wp-content\/uploads\/2025\/06\/FireShot-Capture-1063-webdo_default-53-750x375.jpg-750\u00d7375-www.webdo_.tn_.png","width":746,"height":371},{"@type":"BreadcrumbList","@id":"https:\/\/www.webdo.tn\/fr\/actualite\/divers\/chronique-d-une-tempete-annoncee-par-le-quotidien-dalgerie\/178585\/#breadcrumb","itemListElement":[{"@type":"ListItem","position":1,"name":"Accueil","item":"https:\/\/www.webdo.tn\/fr\/"},{"@type":"ListItem","position":2,"name":"Chronique d\u2019une temp\u00eate annonc\u00e9e par \u00abLe Quotidien d&rsquo;Alg\u00e9rie\u00bb"}]},{"@type":"WebSite","@id":"https:\/\/www.webdo.tn\/fr\/#website","url":"https:\/\/www.webdo.tn\/fr\/","name":"webdo","description":"Tunisie - News en Tunisie et \u00e0 l&#039;international sur Webdo.tn","publisher":{"@id":"https:\/\/www.webdo.tn\/fr\/#organization"},"potentialAction":[{"@type":"SearchAction","target":{"@type":"EntryPoint","urlTemplate":"https:\/\/www.webdo.tn\/fr\/?s={search_term_string}"},"query-input":{"@type":"PropertyValueSpecification","valueRequired":true,"valueName":"search_term_string"}}],"inLanguage":"fr-FR"},{"@type":"Organization","@id":"https:\/\/www.webdo.tn\/fr\/#organization","name":"Webdo","alternateName":"Webdo.tn","url":"https:\/\/www.webdo.tn\/fr\/","logo":{"@type":"ImageObject","inLanguage":"fr-FR","@id":"https:\/\/www.webdo.tn\/fr\/#\/schema\/logo\/image\/","url":"https:\/\/www.webdo.tn\/fr\/wp-content\/uploads\/2025\/06\/Webdo-Tunisie_168377.jpg","contentUrl":"https:\/\/www.webdo.tn\/fr\/wp-content\/uploads\/2025\/06\/Webdo-Tunisie_168377.jpg","width":301,"height":301,"caption":"Webdo"},"image":{"@id":"https:\/\/www.webdo.tn\/fr\/#\/schema\/logo\/image\/"},"sameAs":["https:\/\/www.facebook.com\/webdotn","https:\/\/x.com\/webdo_tn"],"description":"Webdo est un m\u00e9dia num\u00e9rique tunisien fond\u00e9 en 2010, sp\u00e9cialis\u00e9 dans l\u2019actualit\u00e9 nationale et internationale, l\u2019\u00e9conomie, la soci\u00e9t\u00e9 et les analyses politiques. Le site s\u2019adresse \u00e0 un large public francophone et couvre l\u2019information tunisienne en temps r\u00e9el.","email":"redac@webdo.tn","legalName":"YNJ SARL","foundingDate":"2010-09-06","numberOfEmployees":{"@type":"QuantitativeValue","minValue":"11","maxValue":"50"}},{"@type":"Person","@id":"https:\/\/www.webdo.tn\/fr\/#\/schema\/person\/9a9c6118d687c117df8ef3cc36a4d175","name":"webdo.tn","image":{"@type":"ImageObject","inLanguage":"fr-FR","@id":"https:\/\/secure.gravatar.com\/avatar\/7ce1f28c0c3bbac99ff550b85ef8e44a6950c6ee24514fb6a5489e51d06f0298?s=96&d=mm&r=g","url":"https:\/\/secure.gravatar.com\/avatar\/7ce1f28c0c3bbac99ff550b85ef8e44a6950c6ee24514fb6a5489e51d06f0298?s=96&d=mm&r=g","contentUrl":"https:\/\/secure.gravatar.com\/avatar\/7ce1f28c0c3bbac99ff550b85ef8e44a6950c6ee24514fb6a5489e51d06f0298?s=96&d=mm&r=g","caption":"webdo.tn"},"url":"https:\/\/www.webdo.tn\/fr\/actualite\/author\/webdotn\/"}]}},"_links":{"self":[{"href":"https:\/\/www.webdo.tn\/fr\/wp-json\/wp\/v2\/posts\/178585","targetHints":{"allow":["GET"]}}],"collection":[{"href":"https:\/\/www.webdo.tn\/fr\/wp-json\/wp\/v2\/posts"}],"about":[{"href":"https:\/\/www.webdo.tn\/fr\/wp-json\/wp\/v2\/types\/post"}],"author":[{"embeddable":true,"href":"https:\/\/www.webdo.tn\/fr\/wp-json\/wp\/v2\/users\/3222"}],"replies":[{"embeddable":true,"href":"https:\/\/www.webdo.tn\/fr\/wp-json\/wp\/v2\/comments?post=178585"}],"version-history":[{"count":0,"href":"https:\/\/www.webdo.tn\/fr\/wp-json\/wp\/v2\/posts\/178585\/revisions"}],"wp:featuredmedia":[{"embeddable":true,"href":"https:\/\/www.webdo.tn\/fr\/wp-json\/wp\/v2\/media\/376290"}],"wp:attachment":[{"href":"https:\/\/www.webdo.tn\/fr\/wp-json\/wp\/v2\/media?parent=178585"}],"wp:term":[{"taxonomy":"category","embeddable":true,"href":"https:\/\/www.webdo.tn\/fr\/wp-json\/wp\/v2\/categories?post=178585"},{"taxonomy":"post_tag","embeddable":true,"href":"https:\/\/www.webdo.tn\/fr\/wp-json\/wp\/v2\/tags?post=178585"}],"curies":[{"name":"wp","href":"https:\/\/api.w.org\/{rel}","templated":true}]}}