{"id":178583,"date":"2011-09-15T20:23:00","date_gmt":"2011-09-15T20:23:00","guid":{"rendered":"https:\/\/www.webdo.tn\/fr\/actualite\/blog\/boris-bond-la-risee-des-journaux-francais\/178583\/"},"modified":"2025-06-04T19:06:41","modified_gmt":"2025-06-04T19:06:41","slug":"boris-bond-la-risee-des-journaux-francais","status":"publish","type":"post","link":"https:\/\/www.webdo.tn\/fr\/actualite\/divers\/boris-bond-la-risee-des-journaux-francais\/178583\/","title":{"rendered":"Boris\u2026 Bond, la ris\u00e9e des journaux fran\u00e7ais !"},"content":{"rendered":"<p>Depuis son arriv\u00e9e en Tunisie, quelques jours apr\u00e8s le 14 janvier, l&rsquo;ambassadeur fran\u00e7ais Boris Boillon ne cesse de faire parler de lui, et pas en bien.<\/p>\n<p>Ainsi, cette semaine, Boris Boillon a fait la une de Tunivision avec un titre-choc : \u00ab\u00a0Le James Bond de la diplomatie\u00a0\u00bb. Sous ce titre, l&rsquo;ambassadeur pose \u00e0 la mani\u00e8re de l&rsquo;espion 007. Suffisant pour que les m\u00e9dias fran\u00e7ais (L&rsquo;express, Le Monde, Lib\u00e9ration, Rue89, etc.) se d\u00e9cha\u00eenent sur cette nouvelle m\u00e9thode de communication de l&rsquo;ambassadeur fran\u00e7ais. \u00ab\u00a0L&rsquo;ambassadeur Boris Boillon se voit en James Bond de la diplomatie\u00a0\u00bb ou \u00ab\u00a0Il s&rsquo;appelle Boillon, Boris Boillon\u201d, peut-on lire sur Le Monde et Slate Afrique.<\/p>\n<p>En effet, ce n&rsquo;est pas tous les jours qu&rsquo;un homme politique se prend pour James Bond, et de surcro\u00eet dans un pays \u00e9tranger. Rappelons tout de m\u00eame que James Bond est un\u2026 espion !<\/p>\n<p>Au-del\u00e0 de cette Une, Boris Boillon se montre assez complaisant avec\u2026 lui-m\u00eame au cours de l&rsquo;interview. Se d\u00e9crivant comme un homme courageux et franc, il se dit \u00ab\u00a0conscient de vivre en Tunisie une p\u00e9riode exceptionnelle dans l&rsquo;Histoire\u00a0\u00bb de notre pays. De plus, il se d\u00e9clare convaincu que \u00ab\u00a0la France doit continuer \u00e0 jouer un r\u00f4le essentiel pour renforcer les relations entre l&rsquo;Europe et la Rive-Sud de la M\u00e9diterran\u00e9e\u00a0\u00bb. Sa mission consiste donc \u00e0 \u00ab\u00a0faire en sorte que la France accompagne au mieux le peuple tunisien, dans cette phase historique de transition d\u00e9mocratique\u00a0\u00bb.<\/p>\n","protected":false},"excerpt":{"rendered":"<p>Boris\u2026 Bond, la ris\u00e9e des journaux fran\u00e7ais !<\/p>\n","protected":false},"author":3222,"featured_media":365137,"comment_status":"open","ping_status":"closed","sticky":false,"template":"","format":"standard","meta":{"footnotes":""},"categories":[2839],"tags":[],"class_list":["post-178583","post","type-post","status-publish","format-standard","has-post-thumbnail","hentry","category-divers"],"yoast_head":"<!-- This site is optimized with the Yoast SEO Premium plugin v27.4 (Yoast SEO v27.5) - https:\/\/yoast.com\/product\/yoast-seo-premium-wordpress\/ -->\n<title>Boris\u2026 Bond, la ris\u00e9e des journaux fran\u00e7ais !<\/title>\n<meta name=\"description\" content=\"Boris\u2026 Bond, la ris\u00e9e des journaux fran\u00e7ais !\" \/>\n<link rel=\"canonical\" href=\"https:\/\/www.webdo.tn\/fr\/actualite\/divers\/boris-bond-la-risee-des-journaux-francais\/178583\/\" \/>\n<meta property=\"og:locale\" content=\"fr_FR\" \/>\n<meta property=\"og:type\" content=\"article\" \/>\n<meta property=\"og:title\" content=\"Boris\u2026 Bond, la ris\u00e9e des journaux fran\u00e7ais !\" \/>\n<meta property=\"og:description\" content=\"Boris\u2026 Bond, la ris\u00e9e des journaux fran\u00e7ais !\" \/>\n<meta property=\"og:url\" content=\"https:\/\/www.webdo.tn\/fr\/actualite\/divers\/boris-bond-la-risee-des-journaux-francais\/178583\/\" \/>\n<meta property=\"og:site_name\" content=\"webdo\" \/>\n<meta property=\"article:publisher\" content=\"https:\/\/www.facebook.com\/webdotn\" \/>\n<meta property=\"article:published_time\" content=\"2011-09-15T20:23:00+00:00\" \/>\n<meta property=\"article:modified_time\" content=\"2025-06-04T19:06:41+00:00\" \/>\n<meta property=\"og:image\" content=\"https:\/\/www.webdo.tn\/fr\/wp-content\/uploads\/2011\/09\/Boris-Boillon-a-fait-la-une-de-Tunivision.jpg\" \/>\n\t<meta property=\"og:image:width\" content=\"272\" \/>\n\t<meta property=\"og:image:height\" content=\"242\" \/>\n\t<meta property=\"og:image:type\" content=\"image\/jpeg\" \/>\n<meta name=\"author\" content=\"webdo.tn\" \/>\n<meta name=\"twitter:card\" content=\"summary_large_image\" \/>\n<meta name=\"twitter:creator\" content=\"@webdo_tn\" \/>\n<meta name=\"twitter:site\" content=\"@webdo_tn\" \/>\n<meta name=\"twitter:label1\" content=\"\u00c9crit par\" \/>\n\t<meta name=\"twitter:data1\" content=\"webdo.tn\" \/>\n\t<meta name=\"twitter:label2\" content=\"Dur\u00e9e de lecture estim\u00e9e\" \/>\n\t<meta name=\"twitter:data2\" content=\"1 minute\" \/>\n<script type=\"application\/ld+json\" class=\"yoast-schema-graph\">{\"@context\":\"https:\\\/\\\/schema.org\",\"@graph\":[{\"@type\":\"NewsArticle\",\"@id\":\"https:\\\/\\\/www.webdo.tn\\\/fr\\\/actualite\\\/divers\\\/boris-bond-la-risee-des-journaux-francais\\\/178583\\\/#article\",\"isPartOf\":{\"@id\":\"https:\\\/\\\/www.webdo.tn\\\/fr\\\/actualite\\\/divers\\\/boris-bond-la-risee-des-journaux-francais\\\/178583\\\/\"},\"author\":{\"name\":\"webdo.tn\",\"@id\":\"https:\\\/\\\/www.webdo.tn\\\/fr\\\/#\\\/schema\\\/person\\\/9a9c6118d687c117df8ef3cc36a4d175\"},\"headline\":\"Boris\u2026 Bond, la ris\u00e9e des journaux fran\u00e7ais !\",\"datePublished\":\"2011-09-15T20:23:00+00:00\",\"dateModified\":\"2025-06-04T19:06:41+00:00\",\"mainEntityOfPage\":{\"@id\":\"https:\\\/\\\/www.webdo.tn\\\/fr\\\/actualite\\\/divers\\\/boris-bond-la-risee-des-journaux-francais\\\/178583\\\/\"},\"wordCount\":267,\"commentCount\":0,\"publisher\":{\"@id\":\"https:\\\/\\\/www.webdo.tn\\\/fr\\\/#organization\"},\"image\":{\"@id\":\"https:\\\/\\\/www.webdo.tn\\\/fr\\\/actualite\\\/divers\\\/boris-bond-la-risee-des-journaux-francais\\\/178583\\\/#primaryimage\"},\"thumbnailUrl\":\"https:\\\/\\\/www.webdo.tn\\\/fr\\\/wp-content\\\/uploads\\\/2011\\\/09\\\/Boris-Boillon-a-fait-la-une-de-Tunivision.jpg\",\"articleSection\":[\"Divers\"],\"inLanguage\":\"fr-FR\"},{\"@type\":\"WebPage\",\"@id\":\"https:\\\/\\\/www.webdo.tn\\\/fr\\\/actualite\\\/divers\\\/boris-bond-la-risee-des-journaux-francais\\\/178583\\\/\",\"url\":\"https:\\\/\\\/www.webdo.tn\\\/fr\\\/actualite\\\/divers\\\/boris-bond-la-risee-des-journaux-francais\\\/178583\\\/\",\"name\":\"Boris\u2026 Bond, la ris\u00e9e des journaux fran\u00e7ais !\",\"isPartOf\":{\"@id\":\"https:\\\/\\\/www.webdo.tn\\\/fr\\\/#website\"},\"primaryImageOfPage\":{\"@id\":\"https:\\\/\\\/www.webdo.tn\\\/fr\\\/actualite\\\/divers\\\/boris-bond-la-risee-des-journaux-francais\\\/178583\\\/#primaryimage\"},\"image\":{\"@id\":\"https:\\\/\\\/www.webdo.tn\\\/fr\\\/actualite\\\/divers\\\/boris-bond-la-risee-des-journaux-francais\\\/178583\\\/#primaryimage\"},\"thumbnailUrl\":\"https:\\\/\\\/www.webdo.tn\\\/fr\\\/wp-content\\\/uploads\\\/2011\\\/09\\\/Boris-Boillon-a-fait-la-une-de-Tunivision.jpg\",\"datePublished\":\"2011-09-15T20:23:00+00:00\",\"dateModified\":\"2025-06-04T19:06:41+00:00\",\"description\":\"Boris\u2026 Bond, la ris\u00e9e des journaux fran\u00e7ais !\",\"breadcrumb\":{\"@id\":\"https:\\\/\\\/www.webdo.tn\\\/fr\\\/actualite\\\/divers\\\/boris-bond-la-risee-des-journaux-francais\\\/178583\\\/#breadcrumb\"},\"inLanguage\":\"fr-FR\",\"potentialAction\":[{\"@type\":\"ReadAction\",\"target\":[\"https:\\\/\\\/www.webdo.tn\\\/fr\\\/actualite\\\/divers\\\/boris-bond-la-risee-des-journaux-francais\\\/178583\\\/\"]}]},{\"@type\":\"ImageObject\",\"inLanguage\":\"fr-FR\",\"@id\":\"https:\\\/\\\/www.webdo.tn\\\/fr\\\/actualite\\\/divers\\\/boris-bond-la-risee-des-journaux-francais\\\/178583\\\/#primaryimage\",\"url\":\"https:\\\/\\\/www.webdo.tn\\\/fr\\\/wp-content\\\/uploads\\\/2011\\\/09\\\/Boris-Boillon-a-fait-la-une-de-Tunivision.jpg\",\"contentUrl\":\"https:\\\/\\\/www.webdo.tn\\\/fr\\\/wp-content\\\/uploads\\\/2011\\\/09\\\/Boris-Boillon-a-fait-la-une-de-Tunivision.jpg\",\"width\":272,\"height\":242,\"caption\":\"Boris\u2026 Bond, la ris\u00e9e des journaux fran\u00e7ais !\"},{\"@type\":\"BreadcrumbList\",\"@id\":\"https:\\\/\\\/www.webdo.tn\\\/fr\\\/actualite\\\/divers\\\/boris-bond-la-risee-des-journaux-francais\\\/178583\\\/#breadcrumb\",\"itemListElement\":[{\"@type\":\"ListItem\",\"position\":1,\"name\":\"Accueil\",\"item\":\"https:\\\/\\\/www.webdo.tn\\\/fr\\\/\"},{\"@type\":\"ListItem\",\"position\":2,\"name\":\"Boris\u2026 Bond, la ris\u00e9e des journaux fran\u00e7ais !\"}]},{\"@type\":\"WebSite\",\"@id\":\"https:\\\/\\\/www.webdo.tn\\\/fr\\\/#website\",\"url\":\"https:\\\/\\\/www.webdo.tn\\\/fr\\\/\",\"name\":\"webdo\",\"description\":\"Tunisie - News en Tunisie et \u00e0 l&#039;international sur Webdo.tn\",\"publisher\":{\"@id\":\"https:\\\/\\\/www.webdo.tn\\\/fr\\\/#organization\"},\"potentialAction\":[{\"@type\":\"SearchAction\",\"target\":{\"@type\":\"EntryPoint\",\"urlTemplate\":\"https:\\\/\\\/www.webdo.tn\\\/fr\\\/?s={search_term_string}\"},\"query-input\":{\"@type\":\"PropertyValueSpecification\",\"valueRequired\":true,\"valueName\":\"search_term_string\"}}],\"inLanguage\":\"fr-FR\"},{\"@type\":\"Organization\",\"@id\":\"https:\\\/\\\/www.webdo.tn\\\/fr\\\/#organization\",\"name\":\"Webdo\",\"alternateName\":\"Webdo.tn\",\"url\":\"https:\\\/\\\/www.webdo.tn\\\/fr\\\/\",\"logo\":{\"@type\":\"ImageObject\",\"inLanguage\":\"fr-FR\",\"@id\":\"https:\\\/\\\/www.webdo.tn\\\/fr\\\/#\\\/schema\\\/logo\\\/image\\\/\",\"url\":\"https:\\\/\\\/www.webdo.tn\\\/fr\\\/wp-content\\\/uploads\\\/2025\\\/06\\\/Webdo-Tunisie_168377.jpg\",\"contentUrl\":\"https:\\\/\\\/www.webdo.tn\\\/fr\\\/wp-content\\\/uploads\\\/2025\\\/06\\\/Webdo-Tunisie_168377.jpg\",\"width\":301,\"height\":301,\"caption\":\"Webdo\"},\"image\":{\"@id\":\"https:\\\/\\\/www.webdo.tn\\\/fr\\\/#\\\/schema\\\/logo\\\/image\\\/\"},\"sameAs\":[\"https:\\\/\\\/www.facebook.com\\\/webdotn\",\"https:\\\/\\\/x.com\\\/webdo_tn\"],\"description\":\"Webdo est un m\u00e9dia num\u00e9rique tunisien fond\u00e9 en 2010, sp\u00e9cialis\u00e9 dans l\u2019actualit\u00e9 nationale et internationale, l\u2019\u00e9conomie, la soci\u00e9t\u00e9 et les analyses politiques. Le site s\u2019adresse \u00e0 un large public francophone et couvre l\u2019information tunisienne en temps r\u00e9el.\",\"email\":\"redac@webdo.tn\",\"legalName\":\"YNJ SARL\",\"foundingDate\":\"2010-09-06\",\"numberOfEmployees\":{\"@type\":\"QuantitativeValue\",\"minValue\":\"11\",\"maxValue\":\"50\"}},{\"@type\":\"Person\",\"@id\":\"https:\\\/\\\/www.webdo.tn\\\/fr\\\/#\\\/schema\\\/person\\\/9a9c6118d687c117df8ef3cc36a4d175\",\"name\":\"webdo.tn\",\"image\":{\"@type\":\"ImageObject\",\"inLanguage\":\"fr-FR\",\"@id\":\"https:\\\/\\\/secure.gravatar.com\\\/avatar\\\/7ce1f28c0c3bbac99ff550b85ef8e44a6950c6ee24514fb6a5489e51d06f0298?s=96&d=mm&r=g\",\"url\":\"https:\\\/\\\/secure.gravatar.com\\\/avatar\\\/7ce1f28c0c3bbac99ff550b85ef8e44a6950c6ee24514fb6a5489e51d06f0298?s=96&d=mm&r=g\",\"contentUrl\":\"https:\\\/\\\/secure.gravatar.com\\\/avatar\\\/7ce1f28c0c3bbac99ff550b85ef8e44a6950c6ee24514fb6a5489e51d06f0298?s=96&d=mm&r=g\",\"caption\":\"webdo.tn\"},\"url\":\"https:\\\/\\\/www.webdo.tn\\\/fr\\\/actualite\\\/author\\\/webdotn\\\/\"}]}<\/script>\n<!-- \/ Yoast SEO Premium plugin. -->","yoast_head_json":{"title":"Boris\u2026 Bond, la ris\u00e9e des journaux fran\u00e7ais !","description":"Boris\u2026 Bond, la ris\u00e9e des journaux fran\u00e7ais !","canonical":"https:\/\/www.webdo.tn\/fr\/actualite\/divers\/boris-bond-la-risee-des-journaux-francais\/178583\/","og_locale":"fr_FR","og_type":"article","og_title":"Boris\u2026 Bond, la ris\u00e9e des journaux fran\u00e7ais !","og_description":"Boris\u2026 Bond, la ris\u00e9e des journaux fran\u00e7ais !","og_url":"https:\/\/www.webdo.tn\/fr\/actualite\/divers\/boris-bond-la-risee-des-journaux-francais\/178583\/","og_site_name":"webdo","article_publisher":"https:\/\/www.facebook.com\/webdotn","article_published_time":"2011-09-15T20:23:00+00:00","article_modified_time":"2025-06-04T19:06:41+00:00","og_image":[{"width":272,"height":242,"url":"https:\/\/www.webdo.tn\/fr\/wp-content\/uploads\/2011\/09\/Boris-Boillon-a-fait-la-une-de-Tunivision.jpg","type":"image\/jpeg"}],"author":"webdo.tn","twitter_card":"summary_large_image","twitter_creator":"@webdo_tn","twitter_site":"@webdo_tn","twitter_misc":{"\u00c9crit par":"webdo.tn","Dur\u00e9e de lecture estim\u00e9e":"1 minute"},"schema":{"@context":"https:\/\/schema.org","@graph":[{"@type":"NewsArticle","@id":"https:\/\/www.webdo.tn\/fr\/actualite\/divers\/boris-bond-la-risee-des-journaux-francais\/178583\/#article","isPartOf":{"@id":"https:\/\/www.webdo.tn\/fr\/actualite\/divers\/boris-bond-la-risee-des-journaux-francais\/178583\/"},"author":{"name":"webdo.tn","@id":"https:\/\/www.webdo.tn\/fr\/#\/schema\/person\/9a9c6118d687c117df8ef3cc36a4d175"},"headline":"Boris\u2026 Bond, la ris\u00e9e des journaux fran\u00e7ais !","datePublished":"2011-09-15T20:23:00+00:00","dateModified":"2025-06-04T19:06:41+00:00","mainEntityOfPage":{"@id":"https:\/\/www.webdo.tn\/fr\/actualite\/divers\/boris-bond-la-risee-des-journaux-francais\/178583\/"},"wordCount":267,"commentCount":0,"publisher":{"@id":"https:\/\/www.webdo.tn\/fr\/#organization"},"image":{"@id":"https:\/\/www.webdo.tn\/fr\/actualite\/divers\/boris-bond-la-risee-des-journaux-francais\/178583\/#primaryimage"},"thumbnailUrl":"https:\/\/www.webdo.tn\/fr\/wp-content\/uploads\/2011\/09\/Boris-Boillon-a-fait-la-une-de-Tunivision.jpg","articleSection":["Divers"],"inLanguage":"fr-FR"},{"@type":"WebPage","@id":"https:\/\/www.webdo.tn\/fr\/actualite\/divers\/boris-bond-la-risee-des-journaux-francais\/178583\/","url":"https:\/\/www.webdo.tn\/fr\/actualite\/divers\/boris-bond-la-risee-des-journaux-francais\/178583\/","name":"Boris\u2026 Bond, la ris\u00e9e des journaux fran\u00e7ais !","isPartOf":{"@id":"https:\/\/www.webdo.tn\/fr\/#website"},"primaryImageOfPage":{"@id":"https:\/\/www.webdo.tn\/fr\/actualite\/divers\/boris-bond-la-risee-des-journaux-francais\/178583\/#primaryimage"},"image":{"@id":"https:\/\/www.webdo.tn\/fr\/actualite\/divers\/boris-bond-la-risee-des-journaux-francais\/178583\/#primaryimage"},"thumbnailUrl":"https:\/\/www.webdo.tn\/fr\/wp-content\/uploads\/2011\/09\/Boris-Boillon-a-fait-la-une-de-Tunivision.jpg","datePublished":"2011-09-15T20:23:00+00:00","dateModified":"2025-06-04T19:06:41+00:00","description":"Boris\u2026 Bond, la ris\u00e9e des journaux fran\u00e7ais !","breadcrumb":{"@id":"https:\/\/www.webdo.tn\/fr\/actualite\/divers\/boris-bond-la-risee-des-journaux-francais\/178583\/#breadcrumb"},"inLanguage":"fr-FR","potentialAction":[{"@type":"ReadAction","target":["https:\/\/www.webdo.tn\/fr\/actualite\/divers\/boris-bond-la-risee-des-journaux-francais\/178583\/"]}]},{"@type":"ImageObject","inLanguage":"fr-FR","@id":"https:\/\/www.webdo.tn\/fr\/actualite\/divers\/boris-bond-la-risee-des-journaux-francais\/178583\/#primaryimage","url":"https:\/\/www.webdo.tn\/fr\/wp-content\/uploads\/2011\/09\/Boris-Boillon-a-fait-la-une-de-Tunivision.jpg","contentUrl":"https:\/\/www.webdo.tn\/fr\/wp-content\/uploads\/2011\/09\/Boris-Boillon-a-fait-la-une-de-Tunivision.jpg","width":272,"height":242,"caption":"Boris\u2026 Bond, la ris\u00e9e des journaux fran\u00e7ais !"},{"@type":"BreadcrumbList","@id":"https:\/\/www.webdo.tn\/fr\/actualite\/divers\/boris-bond-la-risee-des-journaux-francais\/178583\/#breadcrumb","itemListElement":[{"@type":"ListItem","position":1,"name":"Accueil","item":"https:\/\/www.webdo.tn\/fr\/"},{"@type":"ListItem","position":2,"name":"Boris\u2026 Bond, la ris\u00e9e des journaux fran\u00e7ais !"}]},{"@type":"WebSite","@id":"https:\/\/www.webdo.tn\/fr\/#website","url":"https:\/\/www.webdo.tn\/fr\/","name":"webdo","description":"Tunisie - News en Tunisie et \u00e0 l&#039;international sur Webdo.tn","publisher":{"@id":"https:\/\/www.webdo.tn\/fr\/#organization"},"potentialAction":[{"@type":"SearchAction","target":{"@type":"EntryPoint","urlTemplate":"https:\/\/www.webdo.tn\/fr\/?s={search_term_string}"},"query-input":{"@type":"PropertyValueSpecification","valueRequired":true,"valueName":"search_term_string"}}],"inLanguage":"fr-FR"},{"@type":"Organization","@id":"https:\/\/www.webdo.tn\/fr\/#organization","name":"Webdo","alternateName":"Webdo.tn","url":"https:\/\/www.webdo.tn\/fr\/","logo":{"@type":"ImageObject","inLanguage":"fr-FR","@id":"https:\/\/www.webdo.tn\/fr\/#\/schema\/logo\/image\/","url":"https:\/\/www.webdo.tn\/fr\/wp-content\/uploads\/2025\/06\/Webdo-Tunisie_168377.jpg","contentUrl":"https:\/\/www.webdo.tn\/fr\/wp-content\/uploads\/2025\/06\/Webdo-Tunisie_168377.jpg","width":301,"height":301,"caption":"Webdo"},"image":{"@id":"https:\/\/www.webdo.tn\/fr\/#\/schema\/logo\/image\/"},"sameAs":["https:\/\/www.facebook.com\/webdotn","https:\/\/x.com\/webdo_tn"],"description":"Webdo est un m\u00e9dia num\u00e9rique tunisien fond\u00e9 en 2010, sp\u00e9cialis\u00e9 dans l\u2019actualit\u00e9 nationale et internationale, l\u2019\u00e9conomie, la soci\u00e9t\u00e9 et les analyses politiques. Le site s\u2019adresse \u00e0 un large public francophone et couvre l\u2019information tunisienne en temps r\u00e9el.","email":"redac@webdo.tn","legalName":"YNJ SARL","foundingDate":"2010-09-06","numberOfEmployees":{"@type":"QuantitativeValue","minValue":"11","maxValue":"50"}},{"@type":"Person","@id":"https:\/\/www.webdo.tn\/fr\/#\/schema\/person\/9a9c6118d687c117df8ef3cc36a4d175","name":"webdo.tn","image":{"@type":"ImageObject","inLanguage":"fr-FR","@id":"https:\/\/secure.gravatar.com\/avatar\/7ce1f28c0c3bbac99ff550b85ef8e44a6950c6ee24514fb6a5489e51d06f0298?s=96&d=mm&r=g","url":"https:\/\/secure.gravatar.com\/avatar\/7ce1f28c0c3bbac99ff550b85ef8e44a6950c6ee24514fb6a5489e51d06f0298?s=96&d=mm&r=g","contentUrl":"https:\/\/secure.gravatar.com\/avatar\/7ce1f28c0c3bbac99ff550b85ef8e44a6950c6ee24514fb6a5489e51d06f0298?s=96&d=mm&r=g","caption":"webdo.tn"},"url":"https:\/\/www.webdo.tn\/fr\/actualite\/author\/webdotn\/"}]}},"_links":{"self":[{"href":"https:\/\/www.webdo.tn\/fr\/wp-json\/wp\/v2\/posts\/178583","targetHints":{"allow":["GET"]}}],"collection":[{"href":"https:\/\/www.webdo.tn\/fr\/wp-json\/wp\/v2\/posts"}],"about":[{"href":"https:\/\/www.webdo.tn\/fr\/wp-json\/wp\/v2\/types\/post"}],"author":[{"embeddable":true,"href":"https:\/\/www.webdo.tn\/fr\/wp-json\/wp\/v2\/users\/3222"}],"replies":[{"embeddable":true,"href":"https:\/\/www.webdo.tn\/fr\/wp-json\/wp\/v2\/comments?post=178583"}],"version-history":[{"count":0,"href":"https:\/\/www.webdo.tn\/fr\/wp-json\/wp\/v2\/posts\/178583\/revisions"}],"wp:featuredmedia":[{"embeddable":true,"href":"https:\/\/www.webdo.tn\/fr\/wp-json\/wp\/v2\/media\/365137"}],"wp:attachment":[{"href":"https:\/\/www.webdo.tn\/fr\/wp-json\/wp\/v2\/media?parent=178583"}],"wp:term":[{"taxonomy":"category","embeddable":true,"href":"https:\/\/www.webdo.tn\/fr\/wp-json\/wp\/v2\/categories?post=178583"},{"taxonomy":"post_tag","embeddable":true,"href":"https:\/\/www.webdo.tn\/fr\/wp-json\/wp\/v2\/tags?post=178583"}],"curies":[{"name":"wp","href":"https:\/\/api.w.org\/{rel}","templated":true}]}}