{"id":178582,"date":"2011-09-29T13:15:00","date_gmt":"2011-09-29T13:15:00","guid":{"rendered":"https:\/\/www.webdo.tn\/fr\/blog\/le-vol-d-equipements-electriques-pour-trains-cree-100-emplois\/178582\/"},"modified":"2011-09-29T13:15:00","modified_gmt":"2011-09-29T13:15:00","slug":"le-vol-d-equipements-electriques-pour-trains-cree-100-emplois","status":"publish","type":"post","link":"https:\/\/www.webdo.tn\/fr\/actualite\/divers\/le-vol-d-equipements-electriques-pour-trains-cree-100-emplois\/178582\/","title":{"rendered":"Le vol d\u2019\u00e9quipements \u00e9lectriques pour trains cr\u00e9e 100\u2026 emplois !"},"content":{"rendered":"<p>La mise en marche des nouveaux trains reliant Tunis \u00e0 Borj Cedria, pr\u00e9vue pour le 15 septembre dernier, a \u00e9t\u00e9 diff\u00e9r\u00e9e \u00e0 une date ult\u00e9rieure pour cause de vol d\u2019\u00e9quipements et mat\u00e9riels n\u00e9cessaires pour le fonctionnement de ces trains.<\/p>\n<p>En effet, 25 unit\u00e9s \u00e9lectriques, d\u2019une valeur de 5 mille dinars chacune utilis\u00e9es pour les feux de circulation, ont \u00e9t\u00e9 d\u00e9rob\u00e9es de leur emplacement, ainsi qu\u2019une dizaine de kilom\u00e8tres de c\u00e2bles et de fils m\u00e9talliques.<\/p>\n<p>Ce vol a incit\u00e9 la soci\u00e9t\u00e9 qui a install\u00e9 ces mat\u00e9riels a engag\u00e9 100 gardiens pour surveiller les lignes et emp\u00eacher tout vol, rapporte l&rsquo;hebdomadaire Al-Akhbar.<\/p>\n<p>Il est \u00e0 rappeler que la ligne Tunis-Borj Cedria s\u2019\u00e9tant sur 23,2 kilom\u00e8tres et supporte 200 voyages quotidiens et 25 millions de voyageurs par an. Par ces nouveaux trains, la SNCFT souhaite am\u00e9liorer de 26 % la qualit\u00e9 de service en permettant un voyage toutes les 37 minutes au lieu de 48 minutes. Ces nouveaux trains, roulant \u00e0 110 km\/h, se composent de huit wagons pouvant transporter 1700 voyageurs.<\/p>\n","protected":false},"excerpt":{"rendered":"<p>Le vol d\u2019\u00e9quipements \u00e9lectriques pour trains cr\u00e9e 100\u2026 emplois !<\/p>\n","protected":false},"author":3222,"featured_media":334010,"comment_status":"open","ping_status":"closed","sticky":false,"template":"","format":"standard","meta":{"footnotes":""},"categories":[2839],"tags":[2600],"class_list":["post-178582","post","type-post","status-publish","format-standard","has-post-thumbnail","hentry","category-divers","tag-guerre"],"yoast_head":"<!-- This site is optimized with the Yoast SEO Premium plugin v27.4 (Yoast SEO v27.5) - https:\/\/yoast.com\/product\/yoast-seo-premium-wordpress\/ -->\n<title>Le vol d\u2019\u00e9quipements \u00e9lectriques pour trains cr\u00e9e 100\u2026 emplois !<\/title>\n<meta name=\"description\" content=\"Le vol d\u2019\u00e9quipements \u00e9lectriques pour trains cr\u00e9e 100\u2026 emplois !\" \/>\n<link rel=\"canonical\" href=\"https:\/\/www.webdo.tn\/fr\/actualite\/divers\/le-vol-d-equipements-electriques-pour-trains-cree-100-emplois\/178582\/\" \/>\n<meta property=\"og:locale\" content=\"fr_FR\" \/>\n<meta property=\"og:type\" content=\"article\" \/>\n<meta property=\"og:title\" content=\"Le vol d\u2019\u00e9quipements \u00e9lectriques pour trains cr\u00e9e 100\u2026 emplois !\" \/>\n<meta property=\"og:description\" content=\"Le vol d\u2019\u00e9quipements \u00e9lectriques pour trains cr\u00e9e 100\u2026 emplois !\" \/>\n<meta property=\"og:url\" content=\"https:\/\/www.webdo.tn\/fr\/actualite\/divers\/le-vol-d-equipements-electriques-pour-trains-cree-100-emplois\/178582\/\" \/>\n<meta property=\"og:site_name\" content=\"webdo\" \/>\n<meta property=\"article:publisher\" content=\"https:\/\/www.facebook.com\/webdotn\" \/>\n<meta property=\"article:published_time\" content=\"2011-09-29T13:15:00+00:00\" \/>\n<meta property=\"og:image\" content=\"https:\/\/www.webdo.tn\/fr\/wp-content\/uploads\/2011\/09\/Train-electrique-photo-tunitweets.com_.jpg\" \/>\n\t<meta property=\"og:image:width\" content=\"360\" \/>\n\t<meta property=\"og:image:height\" content=\"270\" \/>\n\t<meta property=\"og:image:type\" content=\"image\/jpeg\" \/>\n<meta name=\"author\" content=\"webdo.tn\" \/>\n<meta name=\"twitter:card\" content=\"summary_large_image\" \/>\n<meta name=\"twitter:creator\" content=\"@webdo_tn\" \/>\n<meta name=\"twitter:site\" content=\"@webdo_tn\" \/>\n<meta name=\"twitter:label1\" content=\"\u00c9crit par\" \/>\n\t<meta name=\"twitter:data1\" content=\"webdo.tn\" \/>\n\t<meta name=\"twitter:label2\" content=\"Dur\u00e9e de lecture estim\u00e9e\" \/>\n\t<meta name=\"twitter:data2\" content=\"1 minute\" \/>\n<script type=\"application\/ld+json\" class=\"yoast-schema-graph\">{\"@context\":\"https:\\\/\\\/schema.org\",\"@graph\":[{\"@type\":\"NewsArticle\",\"@id\":\"https:\\\/\\\/www.webdo.tn\\\/fr\\\/actualite\\\/divers\\\/le-vol-d-equipements-electriques-pour-trains-cree-100-emplois\\\/178582\\\/#article\",\"isPartOf\":{\"@id\":\"https:\\\/\\\/www.webdo.tn\\\/fr\\\/actualite\\\/divers\\\/le-vol-d-equipements-electriques-pour-trains-cree-100-emplois\\\/178582\\\/\"},\"author\":{\"name\":\"webdo.tn\",\"@id\":\"https:\\\/\\\/www.webdo.tn\\\/fr\\\/#\\\/schema\\\/person\\\/9a9c6118d687c117df8ef3cc36a4d175\"},\"headline\":\"Le vol d\u2019\u00e9quipements \u00e9lectriques pour trains cr\u00e9e 100\u2026 emplois !\",\"datePublished\":\"2011-09-29T13:15:00+00:00\",\"mainEntityOfPage\":{\"@id\":\"https:\\\/\\\/www.webdo.tn\\\/fr\\\/actualite\\\/divers\\\/le-vol-d-equipements-electriques-pour-trains-cree-100-emplois\\\/178582\\\/\"},\"wordCount\":186,\"commentCount\":0,\"publisher\":{\"@id\":\"https:\\\/\\\/www.webdo.tn\\\/fr\\\/#organization\"},\"image\":{\"@id\":\"https:\\\/\\\/www.webdo.tn\\\/fr\\\/actualite\\\/divers\\\/le-vol-d-equipements-electriques-pour-trains-cree-100-emplois\\\/178582\\\/#primaryimage\"},\"thumbnailUrl\":\"https:\\\/\\\/www.webdo.tn\\\/fr\\\/wp-content\\\/uploads\\\/2011\\\/09\\\/Train-electrique-photo-tunitweets.com_.jpg\",\"keywords\":[\"guerre\"],\"articleSection\":[\"Divers\"],\"inLanguage\":\"fr-FR\"},{\"@type\":\"WebPage\",\"@id\":\"https:\\\/\\\/www.webdo.tn\\\/fr\\\/actualite\\\/divers\\\/le-vol-d-equipements-electriques-pour-trains-cree-100-emplois\\\/178582\\\/\",\"url\":\"https:\\\/\\\/www.webdo.tn\\\/fr\\\/actualite\\\/divers\\\/le-vol-d-equipements-electriques-pour-trains-cree-100-emplois\\\/178582\\\/\",\"name\":\"Le vol d\u2019\u00e9quipements \u00e9lectriques pour trains cr\u00e9e 100\u2026 emplois !\",\"isPartOf\":{\"@id\":\"https:\\\/\\\/www.webdo.tn\\\/fr\\\/#website\"},\"primaryImageOfPage\":{\"@id\":\"https:\\\/\\\/www.webdo.tn\\\/fr\\\/actualite\\\/divers\\\/le-vol-d-equipements-electriques-pour-trains-cree-100-emplois\\\/178582\\\/#primaryimage\"},\"image\":{\"@id\":\"https:\\\/\\\/www.webdo.tn\\\/fr\\\/actualite\\\/divers\\\/le-vol-d-equipements-electriques-pour-trains-cree-100-emplois\\\/178582\\\/#primaryimage\"},\"thumbnailUrl\":\"https:\\\/\\\/www.webdo.tn\\\/fr\\\/wp-content\\\/uploads\\\/2011\\\/09\\\/Train-electrique-photo-tunitweets.com_.jpg\",\"datePublished\":\"2011-09-29T13:15:00+00:00\",\"description\":\"Le vol d\u2019\u00e9quipements \u00e9lectriques pour trains cr\u00e9e 100\u2026 emplois !\",\"breadcrumb\":{\"@id\":\"https:\\\/\\\/www.webdo.tn\\\/fr\\\/actualite\\\/divers\\\/le-vol-d-equipements-electriques-pour-trains-cree-100-emplois\\\/178582\\\/#breadcrumb\"},\"inLanguage\":\"fr-FR\",\"potentialAction\":[{\"@type\":\"ReadAction\",\"target\":[\"https:\\\/\\\/www.webdo.tn\\\/fr\\\/actualite\\\/divers\\\/le-vol-d-equipements-electriques-pour-trains-cree-100-emplois\\\/178582\\\/\"]}]},{\"@type\":\"ImageObject\",\"inLanguage\":\"fr-FR\",\"@id\":\"https:\\\/\\\/www.webdo.tn\\\/fr\\\/actualite\\\/divers\\\/le-vol-d-equipements-electriques-pour-trains-cree-100-emplois\\\/178582\\\/#primaryimage\",\"url\":\"https:\\\/\\\/www.webdo.tn\\\/fr\\\/wp-content\\\/uploads\\\/2011\\\/09\\\/Train-electrique-photo-tunitweets.com_.jpg\",\"contentUrl\":\"https:\\\/\\\/www.webdo.tn\\\/fr\\\/wp-content\\\/uploads\\\/2011\\\/09\\\/Train-electrique-photo-tunitweets.com_.jpg\",\"width\":360,\"height\":270,\"caption\":\"Le vol d\u2019\u00e9quipements \u00e9lectriques pour trains cr\u00e9e 100\u2026 emplois !\"},{\"@type\":\"BreadcrumbList\",\"@id\":\"https:\\\/\\\/www.webdo.tn\\\/fr\\\/actualite\\\/divers\\\/le-vol-d-equipements-electriques-pour-trains-cree-100-emplois\\\/178582\\\/#breadcrumb\",\"itemListElement\":[{\"@type\":\"ListItem\",\"position\":1,\"name\":\"Accueil\",\"item\":\"https:\\\/\\\/www.webdo.tn\\\/fr\\\/\"},{\"@type\":\"ListItem\",\"position\":2,\"name\":\"Le vol d\u2019\u00e9quipements \u00e9lectriques pour trains cr\u00e9e 100\u2026 emplois !\"}]},{\"@type\":\"WebSite\",\"@id\":\"https:\\\/\\\/www.webdo.tn\\\/fr\\\/#website\",\"url\":\"https:\\\/\\\/www.webdo.tn\\\/fr\\\/\",\"name\":\"webdo\",\"description\":\"Tunisie - News en Tunisie et \u00e0 l&#039;international sur Webdo.tn\",\"publisher\":{\"@id\":\"https:\\\/\\\/www.webdo.tn\\\/fr\\\/#organization\"},\"potentialAction\":[{\"@type\":\"SearchAction\",\"target\":{\"@type\":\"EntryPoint\",\"urlTemplate\":\"https:\\\/\\\/www.webdo.tn\\\/fr\\\/?s={search_term_string}\"},\"query-input\":{\"@type\":\"PropertyValueSpecification\",\"valueRequired\":true,\"valueName\":\"search_term_string\"}}],\"inLanguage\":\"fr-FR\"},{\"@type\":\"Organization\",\"@id\":\"https:\\\/\\\/www.webdo.tn\\\/fr\\\/#organization\",\"name\":\"Webdo\",\"alternateName\":\"Webdo.tn\",\"url\":\"https:\\\/\\\/www.webdo.tn\\\/fr\\\/\",\"logo\":{\"@type\":\"ImageObject\",\"inLanguage\":\"fr-FR\",\"@id\":\"https:\\\/\\\/www.webdo.tn\\\/fr\\\/#\\\/schema\\\/logo\\\/image\\\/\",\"url\":\"https:\\\/\\\/www.webdo.tn\\\/fr\\\/wp-content\\\/uploads\\\/2025\\\/06\\\/Webdo-Tunisie_168377.jpg\",\"contentUrl\":\"https:\\\/\\\/www.webdo.tn\\\/fr\\\/wp-content\\\/uploads\\\/2025\\\/06\\\/Webdo-Tunisie_168377.jpg\",\"width\":301,\"height\":301,\"caption\":\"Webdo\"},\"image\":{\"@id\":\"https:\\\/\\\/www.webdo.tn\\\/fr\\\/#\\\/schema\\\/logo\\\/image\\\/\"},\"sameAs\":[\"https:\\\/\\\/www.facebook.com\\\/webdotn\",\"https:\\\/\\\/x.com\\\/webdo_tn\"],\"description\":\"Webdo est un m\u00e9dia num\u00e9rique tunisien fond\u00e9 en 2010, sp\u00e9cialis\u00e9 dans l\u2019actualit\u00e9 nationale et internationale, l\u2019\u00e9conomie, la soci\u00e9t\u00e9 et les analyses politiques. Le site s\u2019adresse \u00e0 un large public francophone et couvre l\u2019information tunisienne en temps r\u00e9el.\",\"email\":\"redac@webdo.tn\",\"legalName\":\"YNJ SARL\",\"foundingDate\":\"2010-09-06\",\"numberOfEmployees\":{\"@type\":\"QuantitativeValue\",\"minValue\":\"11\",\"maxValue\":\"50\"}},{\"@type\":\"Person\",\"@id\":\"https:\\\/\\\/www.webdo.tn\\\/fr\\\/#\\\/schema\\\/person\\\/9a9c6118d687c117df8ef3cc36a4d175\",\"name\":\"webdo.tn\",\"image\":{\"@type\":\"ImageObject\",\"inLanguage\":\"fr-FR\",\"@id\":\"https:\\\/\\\/secure.gravatar.com\\\/avatar\\\/7ce1f28c0c3bbac99ff550b85ef8e44a6950c6ee24514fb6a5489e51d06f0298?s=96&d=mm&r=g\",\"url\":\"https:\\\/\\\/secure.gravatar.com\\\/avatar\\\/7ce1f28c0c3bbac99ff550b85ef8e44a6950c6ee24514fb6a5489e51d06f0298?s=96&d=mm&r=g\",\"contentUrl\":\"https:\\\/\\\/secure.gravatar.com\\\/avatar\\\/7ce1f28c0c3bbac99ff550b85ef8e44a6950c6ee24514fb6a5489e51d06f0298?s=96&d=mm&r=g\",\"caption\":\"webdo.tn\"},\"url\":\"https:\\\/\\\/www.webdo.tn\\\/fr\\\/actualite\\\/author\\\/webdotn\\\/\"}]}<\/script>\n<!-- \/ Yoast SEO Premium plugin. -->","yoast_head_json":{"title":"Le vol d\u2019\u00e9quipements \u00e9lectriques pour trains cr\u00e9e 100\u2026 emplois !","description":"Le vol d\u2019\u00e9quipements \u00e9lectriques pour trains cr\u00e9e 100\u2026 emplois !","canonical":"https:\/\/www.webdo.tn\/fr\/actualite\/divers\/le-vol-d-equipements-electriques-pour-trains-cree-100-emplois\/178582\/","og_locale":"fr_FR","og_type":"article","og_title":"Le vol d\u2019\u00e9quipements \u00e9lectriques pour trains cr\u00e9e 100\u2026 emplois !","og_description":"Le vol d\u2019\u00e9quipements \u00e9lectriques pour trains cr\u00e9e 100\u2026 emplois !","og_url":"https:\/\/www.webdo.tn\/fr\/actualite\/divers\/le-vol-d-equipements-electriques-pour-trains-cree-100-emplois\/178582\/","og_site_name":"webdo","article_publisher":"https:\/\/www.facebook.com\/webdotn","article_published_time":"2011-09-29T13:15:00+00:00","og_image":[{"width":360,"height":270,"url":"https:\/\/www.webdo.tn\/fr\/wp-content\/uploads\/2011\/09\/Train-electrique-photo-tunitweets.com_.jpg","type":"image\/jpeg"}],"author":"webdo.tn","twitter_card":"summary_large_image","twitter_creator":"@webdo_tn","twitter_site":"@webdo_tn","twitter_misc":{"\u00c9crit par":"webdo.tn","Dur\u00e9e de lecture estim\u00e9e":"1 minute"},"schema":{"@context":"https:\/\/schema.org","@graph":[{"@type":"NewsArticle","@id":"https:\/\/www.webdo.tn\/fr\/actualite\/divers\/le-vol-d-equipements-electriques-pour-trains-cree-100-emplois\/178582\/#article","isPartOf":{"@id":"https:\/\/www.webdo.tn\/fr\/actualite\/divers\/le-vol-d-equipements-electriques-pour-trains-cree-100-emplois\/178582\/"},"author":{"name":"webdo.tn","@id":"https:\/\/www.webdo.tn\/fr\/#\/schema\/person\/9a9c6118d687c117df8ef3cc36a4d175"},"headline":"Le vol d\u2019\u00e9quipements \u00e9lectriques pour trains cr\u00e9e 100\u2026 emplois !","datePublished":"2011-09-29T13:15:00+00:00","mainEntityOfPage":{"@id":"https:\/\/www.webdo.tn\/fr\/actualite\/divers\/le-vol-d-equipements-electriques-pour-trains-cree-100-emplois\/178582\/"},"wordCount":186,"commentCount":0,"publisher":{"@id":"https:\/\/www.webdo.tn\/fr\/#organization"},"image":{"@id":"https:\/\/www.webdo.tn\/fr\/actualite\/divers\/le-vol-d-equipements-electriques-pour-trains-cree-100-emplois\/178582\/#primaryimage"},"thumbnailUrl":"https:\/\/www.webdo.tn\/fr\/wp-content\/uploads\/2011\/09\/Train-electrique-photo-tunitweets.com_.jpg","keywords":["guerre"],"articleSection":["Divers"],"inLanguage":"fr-FR"},{"@type":"WebPage","@id":"https:\/\/www.webdo.tn\/fr\/actualite\/divers\/le-vol-d-equipements-electriques-pour-trains-cree-100-emplois\/178582\/","url":"https:\/\/www.webdo.tn\/fr\/actualite\/divers\/le-vol-d-equipements-electriques-pour-trains-cree-100-emplois\/178582\/","name":"Le vol d\u2019\u00e9quipements \u00e9lectriques pour trains cr\u00e9e 100\u2026 emplois !","isPartOf":{"@id":"https:\/\/www.webdo.tn\/fr\/#website"},"primaryImageOfPage":{"@id":"https:\/\/www.webdo.tn\/fr\/actualite\/divers\/le-vol-d-equipements-electriques-pour-trains-cree-100-emplois\/178582\/#primaryimage"},"image":{"@id":"https:\/\/www.webdo.tn\/fr\/actualite\/divers\/le-vol-d-equipements-electriques-pour-trains-cree-100-emplois\/178582\/#primaryimage"},"thumbnailUrl":"https:\/\/www.webdo.tn\/fr\/wp-content\/uploads\/2011\/09\/Train-electrique-photo-tunitweets.com_.jpg","datePublished":"2011-09-29T13:15:00+00:00","description":"Le vol d\u2019\u00e9quipements \u00e9lectriques pour trains cr\u00e9e 100\u2026 emplois !","breadcrumb":{"@id":"https:\/\/www.webdo.tn\/fr\/actualite\/divers\/le-vol-d-equipements-electriques-pour-trains-cree-100-emplois\/178582\/#breadcrumb"},"inLanguage":"fr-FR","potentialAction":[{"@type":"ReadAction","target":["https:\/\/www.webdo.tn\/fr\/actualite\/divers\/le-vol-d-equipements-electriques-pour-trains-cree-100-emplois\/178582\/"]}]},{"@type":"ImageObject","inLanguage":"fr-FR","@id":"https:\/\/www.webdo.tn\/fr\/actualite\/divers\/le-vol-d-equipements-electriques-pour-trains-cree-100-emplois\/178582\/#primaryimage","url":"https:\/\/www.webdo.tn\/fr\/wp-content\/uploads\/2011\/09\/Train-electrique-photo-tunitweets.com_.jpg","contentUrl":"https:\/\/www.webdo.tn\/fr\/wp-content\/uploads\/2011\/09\/Train-electrique-photo-tunitweets.com_.jpg","width":360,"height":270,"caption":"Le vol d\u2019\u00e9quipements \u00e9lectriques pour trains cr\u00e9e 100\u2026 emplois !"},{"@type":"BreadcrumbList","@id":"https:\/\/www.webdo.tn\/fr\/actualite\/divers\/le-vol-d-equipements-electriques-pour-trains-cree-100-emplois\/178582\/#breadcrumb","itemListElement":[{"@type":"ListItem","position":1,"name":"Accueil","item":"https:\/\/www.webdo.tn\/fr\/"},{"@type":"ListItem","position":2,"name":"Le vol d\u2019\u00e9quipements \u00e9lectriques pour trains cr\u00e9e 100\u2026 emplois !"}]},{"@type":"WebSite","@id":"https:\/\/www.webdo.tn\/fr\/#website","url":"https:\/\/www.webdo.tn\/fr\/","name":"webdo","description":"Tunisie - News en Tunisie et \u00e0 l&#039;international sur Webdo.tn","publisher":{"@id":"https:\/\/www.webdo.tn\/fr\/#organization"},"potentialAction":[{"@type":"SearchAction","target":{"@type":"EntryPoint","urlTemplate":"https:\/\/www.webdo.tn\/fr\/?s={search_term_string}"},"query-input":{"@type":"PropertyValueSpecification","valueRequired":true,"valueName":"search_term_string"}}],"inLanguage":"fr-FR"},{"@type":"Organization","@id":"https:\/\/www.webdo.tn\/fr\/#organization","name":"Webdo","alternateName":"Webdo.tn","url":"https:\/\/www.webdo.tn\/fr\/","logo":{"@type":"ImageObject","inLanguage":"fr-FR","@id":"https:\/\/www.webdo.tn\/fr\/#\/schema\/logo\/image\/","url":"https:\/\/www.webdo.tn\/fr\/wp-content\/uploads\/2025\/06\/Webdo-Tunisie_168377.jpg","contentUrl":"https:\/\/www.webdo.tn\/fr\/wp-content\/uploads\/2025\/06\/Webdo-Tunisie_168377.jpg","width":301,"height":301,"caption":"Webdo"},"image":{"@id":"https:\/\/www.webdo.tn\/fr\/#\/schema\/logo\/image\/"},"sameAs":["https:\/\/www.facebook.com\/webdotn","https:\/\/x.com\/webdo_tn"],"description":"Webdo est un m\u00e9dia num\u00e9rique tunisien fond\u00e9 en 2010, sp\u00e9cialis\u00e9 dans l\u2019actualit\u00e9 nationale et internationale, l\u2019\u00e9conomie, la soci\u00e9t\u00e9 et les analyses politiques. Le site s\u2019adresse \u00e0 un large public francophone et couvre l\u2019information tunisienne en temps r\u00e9el.","email":"redac@webdo.tn","legalName":"YNJ SARL","foundingDate":"2010-09-06","numberOfEmployees":{"@type":"QuantitativeValue","minValue":"11","maxValue":"50"}},{"@type":"Person","@id":"https:\/\/www.webdo.tn\/fr\/#\/schema\/person\/9a9c6118d687c117df8ef3cc36a4d175","name":"webdo.tn","image":{"@type":"ImageObject","inLanguage":"fr-FR","@id":"https:\/\/secure.gravatar.com\/avatar\/7ce1f28c0c3bbac99ff550b85ef8e44a6950c6ee24514fb6a5489e51d06f0298?s=96&d=mm&r=g","url":"https:\/\/secure.gravatar.com\/avatar\/7ce1f28c0c3bbac99ff550b85ef8e44a6950c6ee24514fb6a5489e51d06f0298?s=96&d=mm&r=g","contentUrl":"https:\/\/secure.gravatar.com\/avatar\/7ce1f28c0c3bbac99ff550b85ef8e44a6950c6ee24514fb6a5489e51d06f0298?s=96&d=mm&r=g","caption":"webdo.tn"},"url":"https:\/\/www.webdo.tn\/fr\/actualite\/author\/webdotn\/"}]}},"_links":{"self":[{"href":"https:\/\/www.webdo.tn\/fr\/wp-json\/wp\/v2\/posts\/178582","targetHints":{"allow":["GET"]}}],"collection":[{"href":"https:\/\/www.webdo.tn\/fr\/wp-json\/wp\/v2\/posts"}],"about":[{"href":"https:\/\/www.webdo.tn\/fr\/wp-json\/wp\/v2\/types\/post"}],"author":[{"embeddable":true,"href":"https:\/\/www.webdo.tn\/fr\/wp-json\/wp\/v2\/users\/3222"}],"replies":[{"embeddable":true,"href":"https:\/\/www.webdo.tn\/fr\/wp-json\/wp\/v2\/comments?post=178582"}],"version-history":[{"count":0,"href":"https:\/\/www.webdo.tn\/fr\/wp-json\/wp\/v2\/posts\/178582\/revisions"}],"wp:featuredmedia":[{"embeddable":true,"href":"https:\/\/www.webdo.tn\/fr\/wp-json\/wp\/v2\/media\/334010"}],"wp:attachment":[{"href":"https:\/\/www.webdo.tn\/fr\/wp-json\/wp\/v2\/media?parent=178582"}],"wp:term":[{"taxonomy":"category","embeddable":true,"href":"https:\/\/www.webdo.tn\/fr\/wp-json\/wp\/v2\/categories?post=178582"},{"taxonomy":"post_tag","embeddable":true,"href":"https:\/\/www.webdo.tn\/fr\/wp-json\/wp\/v2\/tags?post=178582"}],"curies":[{"name":"wp","href":"https:\/\/api.w.org\/{rel}","templated":true}]}}