{"id":178581,"date":"2011-10-13T17:24:00","date_gmt":"2011-10-13T17:24:00","guid":{"rendered":"https:\/\/www.webdo.tn\/fr\/blog\/koweit-un-tribunal-condamne-a-mort-un-membre-de-la-famille-regnante\/178581\/"},"modified":"2011-10-13T17:24:00","modified_gmt":"2011-10-13T17:24:00","slug":"koweit-un-tribunal-condamne-a-mort-un-membre-de-la-famille-regnante","status":"publish","type":"post","link":"https:\/\/www.webdo.tn\/fr\/actualite\/divers\/koweit-un-tribunal-condamne-a-mort-un-membre-de-la-famille-regnante\/178581\/","title":{"rendered":"Kowe\u00eft : un tribunal condamne \u00e0 mort un membre de la famille r\u00e9gnante !"},"content":{"rendered":"<p>On a d\u00e9j\u00e0 vu des princes arabes tuer ou d\u00e9tr\u00f4ner leurs p\u00e8res et souverains. On a d\u00e9j\u00e0 vu des princes tuer, dont le mutisme m\u00e9diatique, des hommes du peuple ou leurs serviteurs.<\/p>\n<p>Et dans un cas comme dans l&rsquo;autre, c&rsquo;est l&rsquo;impunit\u00e9 qui a toujours prim\u00e9 soit pour des raisons politiques soit pour des raisons s\u00e9gr\u00e9gationnistes, les familles r\u00e9gnantes se consid\u00e9rant sup\u00e9rieures \u00e0 tous ceux qui peuplent leurs royaumes.<\/p>\n<p>Mais ce qui vient de se passer au Kowe\u00eft peut \u00eatre interpr\u00e9t\u00e9 comme une premi\u00e8re du genre. D&rsquo;abord, le crime en soi est assez in\u00e9dit : le Cheikh Fay\u00e7al Abdallah Al-Sabah a tu\u00e9 par balle en juin 2010 son neveu cheikh Bassel Salem Al-Sabah suite \u00e0 une dispute au sujet de responsabilit\u00e9s au sein d\u2019un club sportif, rapporte l&rsquo;AFP. Il vient d\u2019\u00eatre reconnu coupable par un tribunal et condamn\u00e9 \u00ab\u00a0cons\u00e9quemment\u00a0\u00bb \u00e0 mort. Toutefois, ce jugement devra faire l&rsquo;objet d&rsquo;un appel, puis d&rsquo;une cassation avant d\u2019\u00e9chouer chez l\u2019\u00c9mir qui \u00e0 pouvoir de r\u00e9futer le jugement.<\/p>\n<p>Naturellement, on s\u2019\u00e9tonne qu&rsquo;une telle affaire soit \u00e9bruit\u00e9e et pass\u00e9e en justice, les \u00e9mirats nous ayant habitu\u00e9s \u00e0 plus de \u00ab\u00a0catimini\u00a0\u00bb. Mais il semble que le s\u00e9isme populaire en Tunisie, \u00c9gypte, Libye et ailleurs ont donn\u00e9 \u00e0 r\u00e9fl\u00e9chir aux monarques et \u00e0 leurs entourages quant \u00e0 la mani\u00e8re de g\u00e9rer leurs frasques et les m\u00e9faits qui en d\u00e9coulent.<\/p>\n<p>C&rsquo;est pour cela que certains pensent que si un tel jugement a \u00e9t\u00e9 prononc\u00e9 et m\u00e9diatis\u00e9 c&rsquo;est parce que les monarchies arabes cultivent la phobie du \u00ab\u00a0printemps arabe\u00a0\u00bb.<\/p>\n","protected":false},"excerpt":{"rendered":"<p>Kowe\u00eft : un tribunal condamne \u00e0 mort un membre de la famille r\u00e9gnante !<\/p>\n","protected":false},"author":3222,"featured_media":333976,"comment_status":"open","ping_status":"closed","sticky":false,"template":"","format":"standard","meta":{"footnotes":""},"categories":[2839],"tags":[2600],"class_list":["post-178581","post","type-post","status-publish","format-standard","has-post-thumbnail","hentry","category-divers","tag-guerre"],"yoast_head":"<!-- This site is optimized with the Yoast SEO Premium plugin v27.5 (Yoast SEO v27.5) - https:\/\/yoast.com\/product\/yoast-seo-premium-wordpress\/ -->\n<title>Kowe\u00eft : un tribunal condamne \u00e0 mort un membre de la famille r\u00e9gnante !<\/title>\n<meta name=\"description\" content=\"Kowe\u00eft : un tribunal condamne \u00e0 mort un membre de la famille r\u00e9gnante !\" \/>\n<link rel=\"canonical\" href=\"https:\/\/www.webdo.tn\/fr\/actualite\/divers\/koweit-un-tribunal-condamne-a-mort-un-membre-de-la-famille-regnante\/178581\/\" \/>\n<meta property=\"og:locale\" content=\"fr_FR\" \/>\n<meta property=\"og:type\" content=\"article\" \/>\n<meta property=\"og:title\" content=\"Kowe\u00eft : un tribunal condamne \u00e0 mort un membre de la famille r\u00e9gnante !\" \/>\n<meta property=\"og:description\" content=\"Kowe\u00eft : un tribunal condamne \u00e0 mort un membre de la famille r\u00e9gnante !\" \/>\n<meta property=\"og:url\" content=\"https:\/\/www.webdo.tn\/fr\/actualite\/divers\/koweit-un-tribunal-condamne-a-mort-un-membre-de-la-famille-regnante\/178581\/\" \/>\n<meta property=\"og:site_name\" content=\"webdo\" \/>\n<meta property=\"article:publisher\" content=\"https:\/\/www.facebook.com\/webdotn\" \/>\n<meta property=\"article:published_time\" content=\"2011-10-13T17:24:00+00:00\" \/>\n<meta property=\"og:image\" content=\"https:\/\/www.webdo.tn\/fr\/wp-content\/uploads\/2011\/10\/Cheikh-Bassel-Salem-Al-Sabah-photo-khaleejtimes.com_.jpg\" \/>\n\t<meta property=\"og:image:width\" content=\"250\" \/>\n\t<meta property=\"og:image:height\" content=\"173\" \/>\n\t<meta property=\"og:image:type\" content=\"image\/jpeg\" \/>\n<meta name=\"author\" content=\"webdo.tn\" \/>\n<meta name=\"twitter:card\" content=\"summary_large_image\" \/>\n<meta name=\"twitter:creator\" content=\"@webdo_tn\" \/>\n<meta name=\"twitter:site\" content=\"@webdo_tn\" \/>\n<meta name=\"twitter:label1\" content=\"\u00c9crit par\" \/>\n\t<meta name=\"twitter:data1\" content=\"webdo.tn\" \/>\n\t<meta name=\"twitter:label2\" content=\"Dur\u00e9e de lecture estim\u00e9e\" \/>\n\t<meta name=\"twitter:data2\" content=\"1 minute\" \/>\n<script type=\"application\/ld+json\" class=\"yoast-schema-graph\">{\"@context\":\"https:\\\/\\\/schema.org\",\"@graph\":[{\"@type\":\"NewsArticle\",\"@id\":\"https:\\\/\\\/www.webdo.tn\\\/fr\\\/actualite\\\/divers\\\/koweit-un-tribunal-condamne-a-mort-un-membre-de-la-famille-regnante\\\/178581\\\/#article\",\"isPartOf\":{\"@id\":\"https:\\\/\\\/www.webdo.tn\\\/fr\\\/actualite\\\/divers\\\/koweit-un-tribunal-condamne-a-mort-un-membre-de-la-famille-regnante\\\/178581\\\/\"},\"author\":{\"name\":\"webdo.tn\",\"@id\":\"https:\\\/\\\/www.webdo.tn\\\/fr\\\/#\\\/schema\\\/person\\\/9a9c6118d687c117df8ef3cc36a4d175\"},\"headline\":\"Kowe\u00eft : un tribunal condamne \u00e0 mort un membre de la famille r\u00e9gnante !\",\"datePublished\":\"2011-10-13T17:24:00+00:00\",\"mainEntityOfPage\":{\"@id\":\"https:\\\/\\\/www.webdo.tn\\\/fr\\\/actualite\\\/divers\\\/koweit-un-tribunal-condamne-a-mort-un-membre-de-la-famille-regnante\\\/178581\\\/\"},\"wordCount\":297,\"commentCount\":0,\"publisher\":{\"@id\":\"https:\\\/\\\/www.webdo.tn\\\/fr\\\/#organization\"},\"image\":{\"@id\":\"https:\\\/\\\/www.webdo.tn\\\/fr\\\/actualite\\\/divers\\\/koweit-un-tribunal-condamne-a-mort-un-membre-de-la-famille-regnante\\\/178581\\\/#primaryimage\"},\"thumbnailUrl\":\"https:\\\/\\\/www.webdo.tn\\\/fr\\\/wp-content\\\/uploads\\\/2011\\\/10\\\/Cheikh-Bassel-Salem-Al-Sabah-photo-khaleejtimes.com_.jpg\",\"keywords\":[\"guerre\"],\"articleSection\":[\"Divers\"],\"inLanguage\":\"fr-FR\"},{\"@type\":\"WebPage\",\"@id\":\"https:\\\/\\\/www.webdo.tn\\\/fr\\\/actualite\\\/divers\\\/koweit-un-tribunal-condamne-a-mort-un-membre-de-la-famille-regnante\\\/178581\\\/\",\"url\":\"https:\\\/\\\/www.webdo.tn\\\/fr\\\/actualite\\\/divers\\\/koweit-un-tribunal-condamne-a-mort-un-membre-de-la-famille-regnante\\\/178581\\\/\",\"name\":\"Kowe\u00eft : un tribunal condamne \u00e0 mort un membre de la famille r\u00e9gnante !\",\"isPartOf\":{\"@id\":\"https:\\\/\\\/www.webdo.tn\\\/fr\\\/#website\"},\"primaryImageOfPage\":{\"@id\":\"https:\\\/\\\/www.webdo.tn\\\/fr\\\/actualite\\\/divers\\\/koweit-un-tribunal-condamne-a-mort-un-membre-de-la-famille-regnante\\\/178581\\\/#primaryimage\"},\"image\":{\"@id\":\"https:\\\/\\\/www.webdo.tn\\\/fr\\\/actualite\\\/divers\\\/koweit-un-tribunal-condamne-a-mort-un-membre-de-la-famille-regnante\\\/178581\\\/#primaryimage\"},\"thumbnailUrl\":\"https:\\\/\\\/www.webdo.tn\\\/fr\\\/wp-content\\\/uploads\\\/2011\\\/10\\\/Cheikh-Bassel-Salem-Al-Sabah-photo-khaleejtimes.com_.jpg\",\"datePublished\":\"2011-10-13T17:24:00+00:00\",\"description\":\"Kowe\u00eft : un tribunal condamne \u00e0 mort un membre de la famille r\u00e9gnante !\",\"breadcrumb\":{\"@id\":\"https:\\\/\\\/www.webdo.tn\\\/fr\\\/actualite\\\/divers\\\/koweit-un-tribunal-condamne-a-mort-un-membre-de-la-famille-regnante\\\/178581\\\/#breadcrumb\"},\"inLanguage\":\"fr-FR\",\"potentialAction\":[{\"@type\":\"ReadAction\",\"target\":[\"https:\\\/\\\/www.webdo.tn\\\/fr\\\/actualite\\\/divers\\\/koweit-un-tribunal-condamne-a-mort-un-membre-de-la-famille-regnante\\\/178581\\\/\"]}]},{\"@type\":\"ImageObject\",\"inLanguage\":\"fr-FR\",\"@id\":\"https:\\\/\\\/www.webdo.tn\\\/fr\\\/actualite\\\/divers\\\/koweit-un-tribunal-condamne-a-mort-un-membre-de-la-famille-regnante\\\/178581\\\/#primaryimage\",\"url\":\"https:\\\/\\\/www.webdo.tn\\\/fr\\\/wp-content\\\/uploads\\\/2011\\\/10\\\/Cheikh-Bassel-Salem-Al-Sabah-photo-khaleejtimes.com_.jpg\",\"contentUrl\":\"https:\\\/\\\/www.webdo.tn\\\/fr\\\/wp-content\\\/uploads\\\/2011\\\/10\\\/Cheikh-Bassel-Salem-Al-Sabah-photo-khaleejtimes.com_.jpg\",\"width\":250,\"height\":173,\"caption\":\"Kowe\u00eft : un tribunal condamne \u00e0 mort un membre de la famille r\u00e9gnante !\"},{\"@type\":\"BreadcrumbList\",\"@id\":\"https:\\\/\\\/www.webdo.tn\\\/fr\\\/actualite\\\/divers\\\/koweit-un-tribunal-condamne-a-mort-un-membre-de-la-famille-regnante\\\/178581\\\/#breadcrumb\",\"itemListElement\":[{\"@type\":\"ListItem\",\"position\":1,\"name\":\"Accueil\",\"item\":\"https:\\\/\\\/www.webdo.tn\\\/fr\\\/\"},{\"@type\":\"ListItem\",\"position\":2,\"name\":\"Kowe\u00eft : un tribunal condamne \u00e0 mort un membre de la famille r\u00e9gnante !\"}]},{\"@type\":\"WebSite\",\"@id\":\"https:\\\/\\\/www.webdo.tn\\\/fr\\\/#website\",\"url\":\"https:\\\/\\\/www.webdo.tn\\\/fr\\\/\",\"name\":\"webdo\",\"description\":\"Tunisie - News en Tunisie et \u00e0 l&#039;international sur Webdo.tn\",\"publisher\":{\"@id\":\"https:\\\/\\\/www.webdo.tn\\\/fr\\\/#organization\"},\"potentialAction\":[{\"@type\":\"SearchAction\",\"target\":{\"@type\":\"EntryPoint\",\"urlTemplate\":\"https:\\\/\\\/www.webdo.tn\\\/fr\\\/?s={search_term_string}\"},\"query-input\":{\"@type\":\"PropertyValueSpecification\",\"valueRequired\":true,\"valueName\":\"search_term_string\"}}],\"inLanguage\":\"fr-FR\"},{\"@type\":\"Organization\",\"@id\":\"https:\\\/\\\/www.webdo.tn\\\/fr\\\/#organization\",\"name\":\"Webdo\",\"alternateName\":\"Webdo.tn\",\"url\":\"https:\\\/\\\/www.webdo.tn\\\/fr\\\/\",\"logo\":{\"@type\":\"ImageObject\",\"inLanguage\":\"fr-FR\",\"@id\":\"https:\\\/\\\/www.webdo.tn\\\/fr\\\/#\\\/schema\\\/logo\\\/image\\\/\",\"url\":\"https:\\\/\\\/www.webdo.tn\\\/fr\\\/wp-content\\\/uploads\\\/2025\\\/06\\\/Webdo-Tunisie_168377.jpg\",\"contentUrl\":\"https:\\\/\\\/www.webdo.tn\\\/fr\\\/wp-content\\\/uploads\\\/2025\\\/06\\\/Webdo-Tunisie_168377.jpg\",\"width\":301,\"height\":301,\"caption\":\"Webdo\"},\"image\":{\"@id\":\"https:\\\/\\\/www.webdo.tn\\\/fr\\\/#\\\/schema\\\/logo\\\/image\\\/\"},\"sameAs\":[\"https:\\\/\\\/www.facebook.com\\\/webdotn\",\"https:\\\/\\\/x.com\\\/webdo_tn\"],\"description\":\"Webdo est un m\u00e9dia num\u00e9rique tunisien fond\u00e9 en 2010, sp\u00e9cialis\u00e9 dans l\u2019actualit\u00e9 nationale et internationale, l\u2019\u00e9conomie, la soci\u00e9t\u00e9 et les analyses politiques. Le site s\u2019adresse \u00e0 un large public francophone et couvre l\u2019information tunisienne en temps r\u00e9el.\",\"email\":\"redac@webdo.tn\",\"legalName\":\"YNJ SARL\",\"foundingDate\":\"2010-09-06\",\"numberOfEmployees\":{\"@type\":\"QuantitativeValue\",\"minValue\":\"11\",\"maxValue\":\"50\"}},{\"@type\":\"Person\",\"@id\":\"https:\\\/\\\/www.webdo.tn\\\/fr\\\/#\\\/schema\\\/person\\\/9a9c6118d687c117df8ef3cc36a4d175\",\"name\":\"webdo.tn\",\"image\":{\"@type\":\"ImageObject\",\"inLanguage\":\"fr-FR\",\"@id\":\"https:\\\/\\\/secure.gravatar.com\\\/avatar\\\/7ce1f28c0c3bbac99ff550b85ef8e44a6950c6ee24514fb6a5489e51d06f0298?s=96&d=mm&r=g\",\"url\":\"https:\\\/\\\/secure.gravatar.com\\\/avatar\\\/7ce1f28c0c3bbac99ff550b85ef8e44a6950c6ee24514fb6a5489e51d06f0298?s=96&d=mm&r=g\",\"contentUrl\":\"https:\\\/\\\/secure.gravatar.com\\\/avatar\\\/7ce1f28c0c3bbac99ff550b85ef8e44a6950c6ee24514fb6a5489e51d06f0298?s=96&d=mm&r=g\",\"caption\":\"webdo.tn\"},\"url\":\"https:\\\/\\\/www.webdo.tn\\\/fr\\\/actualite\\\/author\\\/webdotn\\\/\"}]}<\/script>\n<!-- \/ Yoast SEO Premium plugin. -->","yoast_head_json":{"title":"Kowe\u00eft : un tribunal condamne \u00e0 mort un membre de la famille r\u00e9gnante !","description":"Kowe\u00eft : un tribunal condamne \u00e0 mort un membre de la famille r\u00e9gnante !","canonical":"https:\/\/www.webdo.tn\/fr\/actualite\/divers\/koweit-un-tribunal-condamne-a-mort-un-membre-de-la-famille-regnante\/178581\/","og_locale":"fr_FR","og_type":"article","og_title":"Kowe\u00eft : un tribunal condamne \u00e0 mort un membre de la famille r\u00e9gnante !","og_description":"Kowe\u00eft : un tribunal condamne \u00e0 mort un membre de la famille r\u00e9gnante !","og_url":"https:\/\/www.webdo.tn\/fr\/actualite\/divers\/koweit-un-tribunal-condamne-a-mort-un-membre-de-la-famille-regnante\/178581\/","og_site_name":"webdo","article_publisher":"https:\/\/www.facebook.com\/webdotn","article_published_time":"2011-10-13T17:24:00+00:00","og_image":[{"width":250,"height":173,"url":"https:\/\/www.webdo.tn\/fr\/wp-content\/uploads\/2011\/10\/Cheikh-Bassel-Salem-Al-Sabah-photo-khaleejtimes.com_.jpg","type":"image\/jpeg"}],"author":"webdo.tn","twitter_card":"summary_large_image","twitter_creator":"@webdo_tn","twitter_site":"@webdo_tn","twitter_misc":{"\u00c9crit par":"webdo.tn","Dur\u00e9e de lecture estim\u00e9e":"1 minute"},"schema":{"@context":"https:\/\/schema.org","@graph":[{"@type":"NewsArticle","@id":"https:\/\/www.webdo.tn\/fr\/actualite\/divers\/koweit-un-tribunal-condamne-a-mort-un-membre-de-la-famille-regnante\/178581\/#article","isPartOf":{"@id":"https:\/\/www.webdo.tn\/fr\/actualite\/divers\/koweit-un-tribunal-condamne-a-mort-un-membre-de-la-famille-regnante\/178581\/"},"author":{"name":"webdo.tn","@id":"https:\/\/www.webdo.tn\/fr\/#\/schema\/person\/9a9c6118d687c117df8ef3cc36a4d175"},"headline":"Kowe\u00eft : un tribunal condamne \u00e0 mort un membre de la famille r\u00e9gnante !","datePublished":"2011-10-13T17:24:00+00:00","mainEntityOfPage":{"@id":"https:\/\/www.webdo.tn\/fr\/actualite\/divers\/koweit-un-tribunal-condamne-a-mort-un-membre-de-la-famille-regnante\/178581\/"},"wordCount":297,"commentCount":0,"publisher":{"@id":"https:\/\/www.webdo.tn\/fr\/#organization"},"image":{"@id":"https:\/\/www.webdo.tn\/fr\/actualite\/divers\/koweit-un-tribunal-condamne-a-mort-un-membre-de-la-famille-regnante\/178581\/#primaryimage"},"thumbnailUrl":"https:\/\/www.webdo.tn\/fr\/wp-content\/uploads\/2011\/10\/Cheikh-Bassel-Salem-Al-Sabah-photo-khaleejtimes.com_.jpg","keywords":["guerre"],"articleSection":["Divers"],"inLanguage":"fr-FR"},{"@type":"WebPage","@id":"https:\/\/www.webdo.tn\/fr\/actualite\/divers\/koweit-un-tribunal-condamne-a-mort-un-membre-de-la-famille-regnante\/178581\/","url":"https:\/\/www.webdo.tn\/fr\/actualite\/divers\/koweit-un-tribunal-condamne-a-mort-un-membre-de-la-famille-regnante\/178581\/","name":"Kowe\u00eft : un tribunal condamne \u00e0 mort un membre de la famille r\u00e9gnante !","isPartOf":{"@id":"https:\/\/www.webdo.tn\/fr\/#website"},"primaryImageOfPage":{"@id":"https:\/\/www.webdo.tn\/fr\/actualite\/divers\/koweit-un-tribunal-condamne-a-mort-un-membre-de-la-famille-regnante\/178581\/#primaryimage"},"image":{"@id":"https:\/\/www.webdo.tn\/fr\/actualite\/divers\/koweit-un-tribunal-condamne-a-mort-un-membre-de-la-famille-regnante\/178581\/#primaryimage"},"thumbnailUrl":"https:\/\/www.webdo.tn\/fr\/wp-content\/uploads\/2011\/10\/Cheikh-Bassel-Salem-Al-Sabah-photo-khaleejtimes.com_.jpg","datePublished":"2011-10-13T17:24:00+00:00","description":"Kowe\u00eft : un tribunal condamne \u00e0 mort un membre de la famille r\u00e9gnante !","breadcrumb":{"@id":"https:\/\/www.webdo.tn\/fr\/actualite\/divers\/koweit-un-tribunal-condamne-a-mort-un-membre-de-la-famille-regnante\/178581\/#breadcrumb"},"inLanguage":"fr-FR","potentialAction":[{"@type":"ReadAction","target":["https:\/\/www.webdo.tn\/fr\/actualite\/divers\/koweit-un-tribunal-condamne-a-mort-un-membre-de-la-famille-regnante\/178581\/"]}]},{"@type":"ImageObject","inLanguage":"fr-FR","@id":"https:\/\/www.webdo.tn\/fr\/actualite\/divers\/koweit-un-tribunal-condamne-a-mort-un-membre-de-la-famille-regnante\/178581\/#primaryimage","url":"https:\/\/www.webdo.tn\/fr\/wp-content\/uploads\/2011\/10\/Cheikh-Bassel-Salem-Al-Sabah-photo-khaleejtimes.com_.jpg","contentUrl":"https:\/\/www.webdo.tn\/fr\/wp-content\/uploads\/2011\/10\/Cheikh-Bassel-Salem-Al-Sabah-photo-khaleejtimes.com_.jpg","width":250,"height":173,"caption":"Kowe\u00eft : un tribunal condamne \u00e0 mort un membre de la famille r\u00e9gnante !"},{"@type":"BreadcrumbList","@id":"https:\/\/www.webdo.tn\/fr\/actualite\/divers\/koweit-un-tribunal-condamne-a-mort-un-membre-de-la-famille-regnante\/178581\/#breadcrumb","itemListElement":[{"@type":"ListItem","position":1,"name":"Accueil","item":"https:\/\/www.webdo.tn\/fr\/"},{"@type":"ListItem","position":2,"name":"Kowe\u00eft : un tribunal condamne \u00e0 mort un membre de la famille r\u00e9gnante !"}]},{"@type":"WebSite","@id":"https:\/\/www.webdo.tn\/fr\/#website","url":"https:\/\/www.webdo.tn\/fr\/","name":"webdo","description":"Tunisie - News en Tunisie et \u00e0 l&#039;international sur Webdo.tn","publisher":{"@id":"https:\/\/www.webdo.tn\/fr\/#organization"},"potentialAction":[{"@type":"SearchAction","target":{"@type":"EntryPoint","urlTemplate":"https:\/\/www.webdo.tn\/fr\/?s={search_term_string}"},"query-input":{"@type":"PropertyValueSpecification","valueRequired":true,"valueName":"search_term_string"}}],"inLanguage":"fr-FR"},{"@type":"Organization","@id":"https:\/\/www.webdo.tn\/fr\/#organization","name":"Webdo","alternateName":"Webdo.tn","url":"https:\/\/www.webdo.tn\/fr\/","logo":{"@type":"ImageObject","inLanguage":"fr-FR","@id":"https:\/\/www.webdo.tn\/fr\/#\/schema\/logo\/image\/","url":"https:\/\/www.webdo.tn\/fr\/wp-content\/uploads\/2025\/06\/Webdo-Tunisie_168377.jpg","contentUrl":"https:\/\/www.webdo.tn\/fr\/wp-content\/uploads\/2025\/06\/Webdo-Tunisie_168377.jpg","width":301,"height":301,"caption":"Webdo"},"image":{"@id":"https:\/\/www.webdo.tn\/fr\/#\/schema\/logo\/image\/"},"sameAs":["https:\/\/www.facebook.com\/webdotn","https:\/\/x.com\/webdo_tn"],"description":"Webdo est un m\u00e9dia num\u00e9rique tunisien fond\u00e9 en 2010, sp\u00e9cialis\u00e9 dans l\u2019actualit\u00e9 nationale et internationale, l\u2019\u00e9conomie, la soci\u00e9t\u00e9 et les analyses politiques. Le site s\u2019adresse \u00e0 un large public francophone et couvre l\u2019information tunisienne en temps r\u00e9el.","email":"redac@webdo.tn","legalName":"YNJ SARL","foundingDate":"2010-09-06","numberOfEmployees":{"@type":"QuantitativeValue","minValue":"11","maxValue":"50"}},{"@type":"Person","@id":"https:\/\/www.webdo.tn\/fr\/#\/schema\/person\/9a9c6118d687c117df8ef3cc36a4d175","name":"webdo.tn","image":{"@type":"ImageObject","inLanguage":"fr-FR","@id":"https:\/\/secure.gravatar.com\/avatar\/7ce1f28c0c3bbac99ff550b85ef8e44a6950c6ee24514fb6a5489e51d06f0298?s=96&d=mm&r=g","url":"https:\/\/secure.gravatar.com\/avatar\/7ce1f28c0c3bbac99ff550b85ef8e44a6950c6ee24514fb6a5489e51d06f0298?s=96&d=mm&r=g","contentUrl":"https:\/\/secure.gravatar.com\/avatar\/7ce1f28c0c3bbac99ff550b85ef8e44a6950c6ee24514fb6a5489e51d06f0298?s=96&d=mm&r=g","caption":"webdo.tn"},"url":"https:\/\/www.webdo.tn\/fr\/actualite\/author\/webdotn\/"}]}},"_links":{"self":[{"href":"https:\/\/www.webdo.tn\/fr\/wp-json\/wp\/v2\/posts\/178581","targetHints":{"allow":["GET"]}}],"collection":[{"href":"https:\/\/www.webdo.tn\/fr\/wp-json\/wp\/v2\/posts"}],"about":[{"href":"https:\/\/www.webdo.tn\/fr\/wp-json\/wp\/v2\/types\/post"}],"author":[{"embeddable":true,"href":"https:\/\/www.webdo.tn\/fr\/wp-json\/wp\/v2\/users\/3222"}],"replies":[{"embeddable":true,"href":"https:\/\/www.webdo.tn\/fr\/wp-json\/wp\/v2\/comments?post=178581"}],"version-history":[{"count":0,"href":"https:\/\/www.webdo.tn\/fr\/wp-json\/wp\/v2\/posts\/178581\/revisions"}],"wp:featuredmedia":[{"embeddable":true,"href":"https:\/\/www.webdo.tn\/fr\/wp-json\/wp\/v2\/media\/333976"}],"wp:attachment":[{"href":"https:\/\/www.webdo.tn\/fr\/wp-json\/wp\/v2\/media?parent=178581"}],"wp:term":[{"taxonomy":"category","embeddable":true,"href":"https:\/\/www.webdo.tn\/fr\/wp-json\/wp\/v2\/categories?post=178581"},{"taxonomy":"post_tag","embeddable":true,"href":"https:\/\/www.webdo.tn\/fr\/wp-json\/wp\/v2\/tags?post=178581"}],"curies":[{"name":"wp","href":"https:\/\/api.w.org\/{rel}","templated":true}]}}