{"id":178580,"date":"2011-10-21T16:43:00","date_gmt":"2011-10-21T16:43:00","guid":{"rendered":"https:\/\/www.webdo.tn\/fr\/blog\/gifle-dans-un-bureau-de-vote-a-montreal-a-cause-du-niqab\/178580\/"},"modified":"2011-10-21T16:43:00","modified_gmt":"2011-10-21T16:43:00","slug":"gifle-dans-un-bureau-de-vote-a-montreal-a-cause-du-niqab","status":"publish","type":"post","link":"https:\/\/www.webdo.tn\/fr\/actualite\/divers\/gifle-dans-un-bureau-de-vote-a-montreal-a-cause-du-niqab\/178580\/","title":{"rendered":"Gifl\u00e9 dans un bureau de vote \u00e0 Montr\u00e9al \u00e0 cause du niqab"},"content":{"rendered":"<p>Trois femmes en niqab se sont pr\u00e9sent\u00e9es, hier apr\u00e8s-midi, au bureau de vote \u00a0\u00bb Centre Familial\u00a0\u00bb dans le quartier C\u00f4te-des-Neiges \u00e0 Montr\u00e9al pour exercer leur droit \u00e9lectoral. Leur tour venu, elles ont proc\u00e9d\u00e9 \u00e0 toutes les \u00e9tapes, y compris celle de l&rsquo;identification visuelle du votant, bien s\u00fbr, et cela, en se d\u00e9couvrant le visage.<\/p>\n<p>Jusqu&rsquo;ici rien d&rsquo;anormal puisque ces trois citoyennes ont pu voter dans les meilleures conditions possible. Sauf qu&rsquo;une personne, visiblement g\u00ean\u00e9e par la tenue des deux femmes, n&rsquo;a pas h\u00e9sit\u00e9 \u00e0 demander \u00e0 l&rsquo;une d&rsquo;elles si son niqab cachait une femme ou un homme.<\/p>\n<p>Se sentant offusqu\u00e9e, la femme en question jugea la remarque impromptue. Elle aurait m\u00eame b\u00e9n\u00e9fici\u00e9 du soutien de certains pr\u00e9sents qui s\u2019en sont pris verbalement \u00e0 l&rsquo;int\u00e9ress\u00e9.<\/p>\n<p>Un peu plus tard, un homme est arriv\u00e9 au bureau de vote, cherchant \u00e0 conna\u00eetre l&rsquo;identit\u00e9 de l\u2019individu \u00e0 l&rsquo;origine de l&rsquo;incident.<\/p>\n<p>Ce dernier, encore pr\u00e9sent, f\u00fbt reconnu par l&rsquo;homme qui le gifla sans lui laisser le temps d&rsquo;ouvrir la bouche l\u2019abandonnant groggy.<\/p>\n<p>Apr\u00e8s avoir repris ses esprits, il demanda la liste des gens qui venaient de voter afin d&rsquo;identifier son agresseur et porter plainte contre lui, mais cela lui f\u00fbt refus\u00e9.<\/p>\n","protected":false},"excerpt":{"rendered":"<p>Gifl\u00e9 dans un bureau de vote \u00e0 Montr\u00e9al \u00e0 cause du niqab<\/p>\n","protected":false},"author":3222,"featured_media":333969,"comment_status":"open","ping_status":"closed","sticky":false,"template":"","format":"standard","meta":{"footnotes":""},"categories":[2839],"tags":[2600],"class_list":["post-178580","post","type-post","status-publish","format-standard","has-post-thumbnail","hentry","category-divers","tag-guerre"],"yoast_head":"<!-- This site is optimized with the Yoast SEO Premium plugin v27.5 (Yoast SEO v27.5) - https:\/\/yoast.com\/product\/yoast-seo-premium-wordpress\/ -->\n<title>Gifl\u00e9 dans un bureau de vote \u00e0 Montr\u00e9al \u00e0 cause du niqab<\/title>\n<meta name=\"description\" content=\"Gifl\u00e9 dans un bureau de vote \u00e0 Montr\u00e9al \u00e0 cause du niqab\" \/>\n<link rel=\"canonical\" href=\"https:\/\/www.webdo.tn\/fr\/actualite\/divers\/gifle-dans-un-bureau-de-vote-a-montreal-a-cause-du-niqab\/178580\/\" \/>\n<meta property=\"og:locale\" content=\"fr_FR\" \/>\n<meta property=\"og:type\" content=\"article\" \/>\n<meta property=\"og:title\" content=\"Gifl\u00e9 dans un bureau de vote \u00e0 Montr\u00e9al \u00e0 cause du niqab\" \/>\n<meta property=\"og:description\" content=\"Gifl\u00e9 dans un bureau de vote \u00e0 Montr\u00e9al \u00e0 cause du niqab\" \/>\n<meta property=\"og:url\" content=\"https:\/\/www.webdo.tn\/fr\/actualite\/divers\/gifle-dans-un-bureau-de-vote-a-montreal-a-cause-du-niqab\/178580\/\" \/>\n<meta property=\"og:site_name\" content=\"webdo\" \/>\n<meta property=\"article:publisher\" content=\"https:\/\/www.facebook.com\/webdotn\" \/>\n<meta property=\"article:published_time\" content=\"2011-10-21T16:43:00+00:00\" \/>\n<meta property=\"og:image\" content=\"https:\/\/www.webdo.tn\/fr\/wp-content\/uploads\/2011\/10\/Niqab-photo-Marcello-Casal-Jr-ABr.jpg\" \/>\n\t<meta property=\"og:image:width\" content=\"243\" \/>\n\t<meta property=\"og:image:height\" content=\"187\" \/>\n\t<meta property=\"og:image:type\" content=\"image\/jpeg\" \/>\n<meta name=\"author\" content=\"webdo.tn\" \/>\n<meta name=\"twitter:card\" content=\"summary_large_image\" \/>\n<meta name=\"twitter:creator\" content=\"@webdo_tn\" \/>\n<meta name=\"twitter:site\" content=\"@webdo_tn\" \/>\n<meta name=\"twitter:label1\" content=\"\u00c9crit par\" \/>\n\t<meta name=\"twitter:data1\" content=\"webdo.tn\" \/>\n\t<meta name=\"twitter:label2\" content=\"Dur\u00e9e de lecture estim\u00e9e\" \/>\n\t<meta name=\"twitter:data2\" content=\"1 minute\" \/>\n<script type=\"application\/ld+json\" class=\"yoast-schema-graph\">{\"@context\":\"https:\\\/\\\/schema.org\",\"@graph\":[{\"@type\":\"NewsArticle\",\"@id\":\"https:\\\/\\\/www.webdo.tn\\\/fr\\\/actualite\\\/divers\\\/gifle-dans-un-bureau-de-vote-a-montreal-a-cause-du-niqab\\\/178580\\\/#article\",\"isPartOf\":{\"@id\":\"https:\\\/\\\/www.webdo.tn\\\/fr\\\/actualite\\\/divers\\\/gifle-dans-un-bureau-de-vote-a-montreal-a-cause-du-niqab\\\/178580\\\/\"},\"author\":{\"name\":\"webdo.tn\",\"@id\":\"https:\\\/\\\/www.webdo.tn\\\/fr\\\/#\\\/schema\\\/person\\\/9a9c6118d687c117df8ef3cc36a4d175\"},\"headline\":\"Gifl\u00e9 dans un bureau de vote \u00e0 Montr\u00e9al \u00e0 cause du niqab\",\"datePublished\":\"2011-10-21T16:43:00+00:00\",\"mainEntityOfPage\":{\"@id\":\"https:\\\/\\\/www.webdo.tn\\\/fr\\\/actualite\\\/divers\\\/gifle-dans-un-bureau-de-vote-a-montreal-a-cause-du-niqab\\\/178580\\\/\"},\"wordCount\":238,\"commentCount\":0,\"publisher\":{\"@id\":\"https:\\\/\\\/www.webdo.tn\\\/fr\\\/#organization\"},\"image\":{\"@id\":\"https:\\\/\\\/www.webdo.tn\\\/fr\\\/actualite\\\/divers\\\/gifle-dans-un-bureau-de-vote-a-montreal-a-cause-du-niqab\\\/178580\\\/#primaryimage\"},\"thumbnailUrl\":\"https:\\\/\\\/www.webdo.tn\\\/fr\\\/wp-content\\\/uploads\\\/2011\\\/10\\\/Niqab-photo-Marcello-Casal-Jr-ABr.jpg\",\"keywords\":[\"guerre\"],\"articleSection\":[\"Divers\"],\"inLanguage\":\"fr-FR\"},{\"@type\":\"WebPage\",\"@id\":\"https:\\\/\\\/www.webdo.tn\\\/fr\\\/actualite\\\/divers\\\/gifle-dans-un-bureau-de-vote-a-montreal-a-cause-du-niqab\\\/178580\\\/\",\"url\":\"https:\\\/\\\/www.webdo.tn\\\/fr\\\/actualite\\\/divers\\\/gifle-dans-un-bureau-de-vote-a-montreal-a-cause-du-niqab\\\/178580\\\/\",\"name\":\"Gifl\u00e9 dans un bureau de vote \u00e0 Montr\u00e9al \u00e0 cause du niqab\",\"isPartOf\":{\"@id\":\"https:\\\/\\\/www.webdo.tn\\\/fr\\\/#website\"},\"primaryImageOfPage\":{\"@id\":\"https:\\\/\\\/www.webdo.tn\\\/fr\\\/actualite\\\/divers\\\/gifle-dans-un-bureau-de-vote-a-montreal-a-cause-du-niqab\\\/178580\\\/#primaryimage\"},\"image\":{\"@id\":\"https:\\\/\\\/www.webdo.tn\\\/fr\\\/actualite\\\/divers\\\/gifle-dans-un-bureau-de-vote-a-montreal-a-cause-du-niqab\\\/178580\\\/#primaryimage\"},\"thumbnailUrl\":\"https:\\\/\\\/www.webdo.tn\\\/fr\\\/wp-content\\\/uploads\\\/2011\\\/10\\\/Niqab-photo-Marcello-Casal-Jr-ABr.jpg\",\"datePublished\":\"2011-10-21T16:43:00+00:00\",\"description\":\"Gifl\u00e9 dans un bureau de vote \u00e0 Montr\u00e9al \u00e0 cause du niqab\",\"breadcrumb\":{\"@id\":\"https:\\\/\\\/www.webdo.tn\\\/fr\\\/actualite\\\/divers\\\/gifle-dans-un-bureau-de-vote-a-montreal-a-cause-du-niqab\\\/178580\\\/#breadcrumb\"},\"inLanguage\":\"fr-FR\",\"potentialAction\":[{\"@type\":\"ReadAction\",\"target\":[\"https:\\\/\\\/www.webdo.tn\\\/fr\\\/actualite\\\/divers\\\/gifle-dans-un-bureau-de-vote-a-montreal-a-cause-du-niqab\\\/178580\\\/\"]}]},{\"@type\":\"ImageObject\",\"inLanguage\":\"fr-FR\",\"@id\":\"https:\\\/\\\/www.webdo.tn\\\/fr\\\/actualite\\\/divers\\\/gifle-dans-un-bureau-de-vote-a-montreal-a-cause-du-niqab\\\/178580\\\/#primaryimage\",\"url\":\"https:\\\/\\\/www.webdo.tn\\\/fr\\\/wp-content\\\/uploads\\\/2011\\\/10\\\/Niqab-photo-Marcello-Casal-Jr-ABr.jpg\",\"contentUrl\":\"https:\\\/\\\/www.webdo.tn\\\/fr\\\/wp-content\\\/uploads\\\/2011\\\/10\\\/Niqab-photo-Marcello-Casal-Jr-ABr.jpg\",\"width\":243,\"height\":187,\"caption\":\"Gifl\u00e9 dans un bureau de vote \u00e0 Montr\u00e9al \u00e0 cause du niqab\"},{\"@type\":\"BreadcrumbList\",\"@id\":\"https:\\\/\\\/www.webdo.tn\\\/fr\\\/actualite\\\/divers\\\/gifle-dans-un-bureau-de-vote-a-montreal-a-cause-du-niqab\\\/178580\\\/#breadcrumb\",\"itemListElement\":[{\"@type\":\"ListItem\",\"position\":1,\"name\":\"Accueil\",\"item\":\"https:\\\/\\\/www.webdo.tn\\\/fr\\\/\"},{\"@type\":\"ListItem\",\"position\":2,\"name\":\"Gifl\u00e9 dans un bureau de vote \u00e0 Montr\u00e9al \u00e0 cause du niqab\"}]},{\"@type\":\"WebSite\",\"@id\":\"https:\\\/\\\/www.webdo.tn\\\/fr\\\/#website\",\"url\":\"https:\\\/\\\/www.webdo.tn\\\/fr\\\/\",\"name\":\"webdo\",\"description\":\"Tunisie - News en Tunisie et \u00e0 l&#039;international sur Webdo.tn\",\"publisher\":{\"@id\":\"https:\\\/\\\/www.webdo.tn\\\/fr\\\/#organization\"},\"potentialAction\":[{\"@type\":\"SearchAction\",\"target\":{\"@type\":\"EntryPoint\",\"urlTemplate\":\"https:\\\/\\\/www.webdo.tn\\\/fr\\\/?s={search_term_string}\"},\"query-input\":{\"@type\":\"PropertyValueSpecification\",\"valueRequired\":true,\"valueName\":\"search_term_string\"}}],\"inLanguage\":\"fr-FR\"},{\"@type\":\"Organization\",\"@id\":\"https:\\\/\\\/www.webdo.tn\\\/fr\\\/#organization\",\"name\":\"Webdo\",\"alternateName\":\"Webdo.tn\",\"url\":\"https:\\\/\\\/www.webdo.tn\\\/fr\\\/\",\"logo\":{\"@type\":\"ImageObject\",\"inLanguage\":\"fr-FR\",\"@id\":\"https:\\\/\\\/www.webdo.tn\\\/fr\\\/#\\\/schema\\\/logo\\\/image\\\/\",\"url\":\"https:\\\/\\\/www.webdo.tn\\\/fr\\\/wp-content\\\/uploads\\\/2025\\\/06\\\/Webdo-Tunisie_168377.jpg\",\"contentUrl\":\"https:\\\/\\\/www.webdo.tn\\\/fr\\\/wp-content\\\/uploads\\\/2025\\\/06\\\/Webdo-Tunisie_168377.jpg\",\"width\":301,\"height\":301,\"caption\":\"Webdo\"},\"image\":{\"@id\":\"https:\\\/\\\/www.webdo.tn\\\/fr\\\/#\\\/schema\\\/logo\\\/image\\\/\"},\"sameAs\":[\"https:\\\/\\\/www.facebook.com\\\/webdotn\",\"https:\\\/\\\/x.com\\\/webdo_tn\"],\"description\":\"Webdo est un m\u00e9dia num\u00e9rique tunisien fond\u00e9 en 2010, sp\u00e9cialis\u00e9 dans l\u2019actualit\u00e9 nationale et internationale, l\u2019\u00e9conomie, la soci\u00e9t\u00e9 et les analyses politiques. Le site s\u2019adresse \u00e0 un large public francophone et couvre l\u2019information tunisienne en temps r\u00e9el.\",\"email\":\"redac@webdo.tn\",\"legalName\":\"YNJ SARL\",\"foundingDate\":\"2010-09-06\",\"numberOfEmployees\":{\"@type\":\"QuantitativeValue\",\"minValue\":\"11\",\"maxValue\":\"50\"}},{\"@type\":\"Person\",\"@id\":\"https:\\\/\\\/www.webdo.tn\\\/fr\\\/#\\\/schema\\\/person\\\/9a9c6118d687c117df8ef3cc36a4d175\",\"name\":\"webdo.tn\",\"image\":{\"@type\":\"ImageObject\",\"inLanguage\":\"fr-FR\",\"@id\":\"https:\\\/\\\/secure.gravatar.com\\\/avatar\\\/7ce1f28c0c3bbac99ff550b85ef8e44a6950c6ee24514fb6a5489e51d06f0298?s=96&d=mm&r=g\",\"url\":\"https:\\\/\\\/secure.gravatar.com\\\/avatar\\\/7ce1f28c0c3bbac99ff550b85ef8e44a6950c6ee24514fb6a5489e51d06f0298?s=96&d=mm&r=g\",\"contentUrl\":\"https:\\\/\\\/secure.gravatar.com\\\/avatar\\\/7ce1f28c0c3bbac99ff550b85ef8e44a6950c6ee24514fb6a5489e51d06f0298?s=96&d=mm&r=g\",\"caption\":\"webdo.tn\"},\"url\":\"https:\\\/\\\/www.webdo.tn\\\/fr\\\/actualite\\\/author\\\/webdotn\\\/\"}]}<\/script>\n<!-- \/ Yoast SEO Premium plugin. -->","yoast_head_json":{"title":"Gifl\u00e9 dans un bureau de vote \u00e0 Montr\u00e9al \u00e0 cause du niqab","description":"Gifl\u00e9 dans un bureau de vote \u00e0 Montr\u00e9al \u00e0 cause du niqab","canonical":"https:\/\/www.webdo.tn\/fr\/actualite\/divers\/gifle-dans-un-bureau-de-vote-a-montreal-a-cause-du-niqab\/178580\/","og_locale":"fr_FR","og_type":"article","og_title":"Gifl\u00e9 dans un bureau de vote \u00e0 Montr\u00e9al \u00e0 cause du niqab","og_description":"Gifl\u00e9 dans un bureau de vote \u00e0 Montr\u00e9al \u00e0 cause du niqab","og_url":"https:\/\/www.webdo.tn\/fr\/actualite\/divers\/gifle-dans-un-bureau-de-vote-a-montreal-a-cause-du-niqab\/178580\/","og_site_name":"webdo","article_publisher":"https:\/\/www.facebook.com\/webdotn","article_published_time":"2011-10-21T16:43:00+00:00","og_image":[{"width":243,"height":187,"url":"https:\/\/www.webdo.tn\/fr\/wp-content\/uploads\/2011\/10\/Niqab-photo-Marcello-Casal-Jr-ABr.jpg","type":"image\/jpeg"}],"author":"webdo.tn","twitter_card":"summary_large_image","twitter_creator":"@webdo_tn","twitter_site":"@webdo_tn","twitter_misc":{"\u00c9crit par":"webdo.tn","Dur\u00e9e de lecture estim\u00e9e":"1 minute"},"schema":{"@context":"https:\/\/schema.org","@graph":[{"@type":"NewsArticle","@id":"https:\/\/www.webdo.tn\/fr\/actualite\/divers\/gifle-dans-un-bureau-de-vote-a-montreal-a-cause-du-niqab\/178580\/#article","isPartOf":{"@id":"https:\/\/www.webdo.tn\/fr\/actualite\/divers\/gifle-dans-un-bureau-de-vote-a-montreal-a-cause-du-niqab\/178580\/"},"author":{"name":"webdo.tn","@id":"https:\/\/www.webdo.tn\/fr\/#\/schema\/person\/9a9c6118d687c117df8ef3cc36a4d175"},"headline":"Gifl\u00e9 dans un bureau de vote \u00e0 Montr\u00e9al \u00e0 cause du niqab","datePublished":"2011-10-21T16:43:00+00:00","mainEntityOfPage":{"@id":"https:\/\/www.webdo.tn\/fr\/actualite\/divers\/gifle-dans-un-bureau-de-vote-a-montreal-a-cause-du-niqab\/178580\/"},"wordCount":238,"commentCount":0,"publisher":{"@id":"https:\/\/www.webdo.tn\/fr\/#organization"},"image":{"@id":"https:\/\/www.webdo.tn\/fr\/actualite\/divers\/gifle-dans-un-bureau-de-vote-a-montreal-a-cause-du-niqab\/178580\/#primaryimage"},"thumbnailUrl":"https:\/\/www.webdo.tn\/fr\/wp-content\/uploads\/2011\/10\/Niqab-photo-Marcello-Casal-Jr-ABr.jpg","keywords":["guerre"],"articleSection":["Divers"],"inLanguage":"fr-FR"},{"@type":"WebPage","@id":"https:\/\/www.webdo.tn\/fr\/actualite\/divers\/gifle-dans-un-bureau-de-vote-a-montreal-a-cause-du-niqab\/178580\/","url":"https:\/\/www.webdo.tn\/fr\/actualite\/divers\/gifle-dans-un-bureau-de-vote-a-montreal-a-cause-du-niqab\/178580\/","name":"Gifl\u00e9 dans un bureau de vote \u00e0 Montr\u00e9al \u00e0 cause du niqab","isPartOf":{"@id":"https:\/\/www.webdo.tn\/fr\/#website"},"primaryImageOfPage":{"@id":"https:\/\/www.webdo.tn\/fr\/actualite\/divers\/gifle-dans-un-bureau-de-vote-a-montreal-a-cause-du-niqab\/178580\/#primaryimage"},"image":{"@id":"https:\/\/www.webdo.tn\/fr\/actualite\/divers\/gifle-dans-un-bureau-de-vote-a-montreal-a-cause-du-niqab\/178580\/#primaryimage"},"thumbnailUrl":"https:\/\/www.webdo.tn\/fr\/wp-content\/uploads\/2011\/10\/Niqab-photo-Marcello-Casal-Jr-ABr.jpg","datePublished":"2011-10-21T16:43:00+00:00","description":"Gifl\u00e9 dans un bureau de vote \u00e0 Montr\u00e9al \u00e0 cause du niqab","breadcrumb":{"@id":"https:\/\/www.webdo.tn\/fr\/actualite\/divers\/gifle-dans-un-bureau-de-vote-a-montreal-a-cause-du-niqab\/178580\/#breadcrumb"},"inLanguage":"fr-FR","potentialAction":[{"@type":"ReadAction","target":["https:\/\/www.webdo.tn\/fr\/actualite\/divers\/gifle-dans-un-bureau-de-vote-a-montreal-a-cause-du-niqab\/178580\/"]}]},{"@type":"ImageObject","inLanguage":"fr-FR","@id":"https:\/\/www.webdo.tn\/fr\/actualite\/divers\/gifle-dans-un-bureau-de-vote-a-montreal-a-cause-du-niqab\/178580\/#primaryimage","url":"https:\/\/www.webdo.tn\/fr\/wp-content\/uploads\/2011\/10\/Niqab-photo-Marcello-Casal-Jr-ABr.jpg","contentUrl":"https:\/\/www.webdo.tn\/fr\/wp-content\/uploads\/2011\/10\/Niqab-photo-Marcello-Casal-Jr-ABr.jpg","width":243,"height":187,"caption":"Gifl\u00e9 dans un bureau de vote \u00e0 Montr\u00e9al \u00e0 cause du niqab"},{"@type":"BreadcrumbList","@id":"https:\/\/www.webdo.tn\/fr\/actualite\/divers\/gifle-dans-un-bureau-de-vote-a-montreal-a-cause-du-niqab\/178580\/#breadcrumb","itemListElement":[{"@type":"ListItem","position":1,"name":"Accueil","item":"https:\/\/www.webdo.tn\/fr\/"},{"@type":"ListItem","position":2,"name":"Gifl\u00e9 dans un bureau de vote \u00e0 Montr\u00e9al \u00e0 cause du niqab"}]},{"@type":"WebSite","@id":"https:\/\/www.webdo.tn\/fr\/#website","url":"https:\/\/www.webdo.tn\/fr\/","name":"webdo","description":"Tunisie - News en Tunisie et \u00e0 l&#039;international sur Webdo.tn","publisher":{"@id":"https:\/\/www.webdo.tn\/fr\/#organization"},"potentialAction":[{"@type":"SearchAction","target":{"@type":"EntryPoint","urlTemplate":"https:\/\/www.webdo.tn\/fr\/?s={search_term_string}"},"query-input":{"@type":"PropertyValueSpecification","valueRequired":true,"valueName":"search_term_string"}}],"inLanguage":"fr-FR"},{"@type":"Organization","@id":"https:\/\/www.webdo.tn\/fr\/#organization","name":"Webdo","alternateName":"Webdo.tn","url":"https:\/\/www.webdo.tn\/fr\/","logo":{"@type":"ImageObject","inLanguage":"fr-FR","@id":"https:\/\/www.webdo.tn\/fr\/#\/schema\/logo\/image\/","url":"https:\/\/www.webdo.tn\/fr\/wp-content\/uploads\/2025\/06\/Webdo-Tunisie_168377.jpg","contentUrl":"https:\/\/www.webdo.tn\/fr\/wp-content\/uploads\/2025\/06\/Webdo-Tunisie_168377.jpg","width":301,"height":301,"caption":"Webdo"},"image":{"@id":"https:\/\/www.webdo.tn\/fr\/#\/schema\/logo\/image\/"},"sameAs":["https:\/\/www.facebook.com\/webdotn","https:\/\/x.com\/webdo_tn"],"description":"Webdo est un m\u00e9dia num\u00e9rique tunisien fond\u00e9 en 2010, sp\u00e9cialis\u00e9 dans l\u2019actualit\u00e9 nationale et internationale, l\u2019\u00e9conomie, la soci\u00e9t\u00e9 et les analyses politiques. Le site s\u2019adresse \u00e0 un large public francophone et couvre l\u2019information tunisienne en temps r\u00e9el.","email":"redac@webdo.tn","legalName":"YNJ SARL","foundingDate":"2010-09-06","numberOfEmployees":{"@type":"QuantitativeValue","minValue":"11","maxValue":"50"}},{"@type":"Person","@id":"https:\/\/www.webdo.tn\/fr\/#\/schema\/person\/9a9c6118d687c117df8ef3cc36a4d175","name":"webdo.tn","image":{"@type":"ImageObject","inLanguage":"fr-FR","@id":"https:\/\/secure.gravatar.com\/avatar\/7ce1f28c0c3bbac99ff550b85ef8e44a6950c6ee24514fb6a5489e51d06f0298?s=96&d=mm&r=g","url":"https:\/\/secure.gravatar.com\/avatar\/7ce1f28c0c3bbac99ff550b85ef8e44a6950c6ee24514fb6a5489e51d06f0298?s=96&d=mm&r=g","contentUrl":"https:\/\/secure.gravatar.com\/avatar\/7ce1f28c0c3bbac99ff550b85ef8e44a6950c6ee24514fb6a5489e51d06f0298?s=96&d=mm&r=g","caption":"webdo.tn"},"url":"https:\/\/www.webdo.tn\/fr\/actualite\/author\/webdotn\/"}]}},"_links":{"self":[{"href":"https:\/\/www.webdo.tn\/fr\/wp-json\/wp\/v2\/posts\/178580","targetHints":{"allow":["GET"]}}],"collection":[{"href":"https:\/\/www.webdo.tn\/fr\/wp-json\/wp\/v2\/posts"}],"about":[{"href":"https:\/\/www.webdo.tn\/fr\/wp-json\/wp\/v2\/types\/post"}],"author":[{"embeddable":true,"href":"https:\/\/www.webdo.tn\/fr\/wp-json\/wp\/v2\/users\/3222"}],"replies":[{"embeddable":true,"href":"https:\/\/www.webdo.tn\/fr\/wp-json\/wp\/v2\/comments?post=178580"}],"version-history":[{"count":0,"href":"https:\/\/www.webdo.tn\/fr\/wp-json\/wp\/v2\/posts\/178580\/revisions"}],"wp:featuredmedia":[{"embeddable":true,"href":"https:\/\/www.webdo.tn\/fr\/wp-json\/wp\/v2\/media\/333969"}],"wp:attachment":[{"href":"https:\/\/www.webdo.tn\/fr\/wp-json\/wp\/v2\/media?parent=178580"}],"wp:term":[{"taxonomy":"category","embeddable":true,"href":"https:\/\/www.webdo.tn\/fr\/wp-json\/wp\/v2\/categories?post=178580"},{"taxonomy":"post_tag","embeddable":true,"href":"https:\/\/www.webdo.tn\/fr\/wp-json\/wp\/v2\/tags?post=178580"}],"curies":[{"name":"wp","href":"https:\/\/api.w.org\/{rel}","templated":true}]}}