{"id":178579,"date":"2011-11-02T10:12:00","date_gmt":"2011-11-02T10:12:00","guid":{"rendered":"https:\/\/www.webdo.tn\/fr\/blog\/charlie-hebdo-se-fait-incendier-et-pirater\/178579\/"},"modified":"2025-06-04T19:05:10","modified_gmt":"2025-06-04T19:05:10","slug":"charlie-hebdo-se-fait-incendier-et-pirater","status":"publish","type":"post","link":"https:\/\/www.webdo.tn\/fr\/actualite\/divers\/charlie-hebdo-se-fait-incendier-et-pirater\/178579\/","title":{"rendered":"Charlie Hebdo se fait\u2026 incendier et pirater !"},"content":{"rendered":"<p>Il fallait s\u2019y attendre. Le si\u00e8ge de Charlie Hebdo, l\u2019hebdomadaire satirique fran\u00e7ais qui a sorti un num\u00e9ro baptis\u00e9 \u00abCharia Hebdo\u00bb avec \u00abMahomet r\u00e9dacteur en chef\u00bb (voir notre article : Charlie veut charrier avec son \u00abCharia Hebdo\u00bb, avec Mahomet comme r\u00e9dacteur en chef\u2026), a \u00e9t\u00e9 la cible d\u2019une attaque au cocktail Molotov qui a provoqu\u00e9 un incendie d\u00e9truisant le mat\u00e9riel du journal. Ce qu\u2019a rapport\u00e9 l\u2019AFP.<\/p>\n<p>D\u2019autre part, le site Internet de l\u2019hebdo a \u00e9t\u00e9 pirat\u00e9, apparemment par des Turcs puisque la premi\u00e8re chose \u00e0 s\u2019afficher sur la page d\u2019accueil \u00e9tait un message en anglais et en\u2026 turc, titr\u00e9 \u00abPour l\u2019Islam\u00bb et d\u00e9non\u00e7ant l\u2019utilisation de l\u2019image du proph\u00e8te. Par la suite, une photo de la Kaaba \u00e0 La Mecque, avec la phrase \u00abNo god but Allah\u00bb (\u00abPas d&rsquo;autre Dieu qu&rsquo;Allah\u00bb) apparaissait. D&rsquo;autre part, selon le site korben.info, une des pages pirat\u00e9es d\u00e9voile la signature des hackers turcs : Cyber Warrior.<\/p>\n<p>Malgr\u00e9 ces repr\u00e9sailles, le num\u00e9ro \u00abCharia hebdo\u00bb, dont la Une avait \u00e9t\u00e9 mise sur le Net d\u00e8s lundi et avait soulev\u00e9 de nombreux commentaires indign\u00e9s, devait \u00eatre distribu\u00e9 dans les kiosques, puisque d\u2019apr\u00e8s un chroniqueur de l\u2019hebdomadaire, le journal \u00abn\u2019est pas contre les musulmans (mais) un journal pour dire que l&rsquo;on peut rire de tout. C&rsquo;est la meilleure preuve de la libert\u00e9 et de la d\u00e9mocratie\u00bb. Ceci pourrait amener \u00e0 d\u2019autres incidents.<\/p>\n<p>Quant aux politiques fran\u00e7ais, ils ont d\u00e9nonc\u00e9 cet acte que certains consid\u00e8rent comme un attentat, rappelant que la France est \u00abun Etat la\u00efc\u00bb et qu\u2019il ne faut pas \u00abconfondre une poign\u00e9e d&rsquo;imb\u00e9ciles, d&rsquo;abrutis (&#8230;) avec la masse de nos compatriotes musulmans qui pratiquent leur foi en toute tranquillit\u00e9\u00bb.<\/p>\n","protected":false},"excerpt":{"rendered":"<p>Charlie Hebdo se fait\u2026 incendier et pirater ! <\/p>\n","protected":false},"author":3222,"featured_media":374622,"comment_status":"open","ping_status":"closed","sticky":false,"template":"","format":"standard","meta":{"footnotes":""},"categories":[2839],"tags":[],"class_list":["post-178579","post","type-post","status-publish","format-standard","has-post-thumbnail","hentry","category-divers"],"yoast_head":"<!-- This site is optimized with the Yoast SEO Premium plugin v27.5 (Yoast SEO v27.5) - https:\/\/yoast.com\/product\/yoast-seo-premium-wordpress\/ -->\n<title>Charlie Hebdo se fait\u2026 incendier et pirater !<\/title>\n<meta name=\"description\" content=\"Charlie Hebdo se fait\u2026 incendier et pirater !\" \/>\n<link rel=\"canonical\" href=\"https:\/\/www.webdo.tn\/fr\/actualite\/divers\/charlie-hebdo-se-fait-incendier-et-pirater\/178579\/\" \/>\n<meta property=\"og:locale\" content=\"fr_FR\" \/>\n<meta property=\"og:type\" content=\"article\" \/>\n<meta property=\"og:title\" content=\"Charlie Hebdo se fait\u2026 incendier et pirater !\" \/>\n<meta property=\"og:description\" content=\"Charlie Hebdo se fait\u2026 incendier et pirater !\" \/>\n<meta property=\"og:url\" content=\"https:\/\/www.webdo.tn\/fr\/actualite\/divers\/charlie-hebdo-se-fait-incendier-et-pirater\/178579\/\" \/>\n<meta property=\"og:site_name\" content=\"webdo\" \/>\n<meta property=\"article:publisher\" content=\"https:\/\/www.facebook.com\/webdotn\" \/>\n<meta property=\"article:published_time\" content=\"2011-11-02T10:12:00+00:00\" \/>\n<meta property=\"article:modified_time\" content=\"2025-06-04T19:05:10+00:00\" \/>\n<meta name=\"author\" content=\"webdo.tn\" \/>\n<meta name=\"twitter:card\" content=\"summary_large_image\" \/>\n<meta name=\"twitter:creator\" content=\"@webdo_tn\" \/>\n<meta name=\"twitter:site\" content=\"@webdo_tn\" \/>\n<meta name=\"twitter:label1\" content=\"\u00c9crit par\" \/>\n\t<meta name=\"twitter:data1\" content=\"webdo.tn\" \/>\n\t<meta name=\"twitter:label2\" content=\"Dur\u00e9e de lecture estim\u00e9e\" \/>\n\t<meta name=\"twitter:data2\" content=\"2 minutes\" \/>\n<script type=\"application\/ld+json\" class=\"yoast-schema-graph\">{\"@context\":\"https:\\\/\\\/schema.org\",\"@graph\":[{\"@type\":\"NewsArticle\",\"@id\":\"https:\\\/\\\/www.webdo.tn\\\/fr\\\/actualite\\\/divers\\\/charlie-hebdo-se-fait-incendier-et-pirater\\\/178579\\\/#article\",\"isPartOf\":{\"@id\":\"https:\\\/\\\/www.webdo.tn\\\/fr\\\/actualite\\\/divers\\\/charlie-hebdo-se-fait-incendier-et-pirater\\\/178579\\\/\"},\"author\":{\"name\":\"webdo.tn\",\"@id\":\"https:\\\/\\\/www.webdo.tn\\\/fr\\\/#\\\/schema\\\/person\\\/9a9c6118d687c117df8ef3cc36a4d175\"},\"headline\":\"Charlie Hebdo se fait\u2026 incendier et pirater !\",\"datePublished\":\"2011-11-02T10:12:00+00:00\",\"dateModified\":\"2025-06-04T19:05:10+00:00\",\"mainEntityOfPage\":{\"@id\":\"https:\\\/\\\/www.webdo.tn\\\/fr\\\/actualite\\\/divers\\\/charlie-hebdo-se-fait-incendier-et-pirater\\\/178579\\\/\"},\"wordCount\":320,\"commentCount\":0,\"publisher\":{\"@id\":\"https:\\\/\\\/www.webdo.tn\\\/fr\\\/#organization\"},\"image\":{\"@id\":\"https:\\\/\\\/www.webdo.tn\\\/fr\\\/actualite\\\/divers\\\/charlie-hebdo-se-fait-incendier-et-pirater\\\/178579\\\/#primaryimage\"},\"thumbnailUrl\":\"https:\\\/\\\/www.webdo.tn\\\/fr\\\/wp-content\\\/uploads\\\/2025\\\/06\\\/Charlie-Hebdo-un-numero-baptise-Charia-Hebdo-photo-liberation.fr__178579.jpg\",\"articleSection\":[\"Divers\"],\"inLanguage\":\"fr-FR\"},{\"@type\":\"WebPage\",\"@id\":\"https:\\\/\\\/www.webdo.tn\\\/fr\\\/actualite\\\/divers\\\/charlie-hebdo-se-fait-incendier-et-pirater\\\/178579\\\/\",\"url\":\"https:\\\/\\\/www.webdo.tn\\\/fr\\\/actualite\\\/divers\\\/charlie-hebdo-se-fait-incendier-et-pirater\\\/178579\\\/\",\"name\":\"Charlie Hebdo se fait\u2026 incendier et pirater !\",\"isPartOf\":{\"@id\":\"https:\\\/\\\/www.webdo.tn\\\/fr\\\/#website\"},\"primaryImageOfPage\":{\"@id\":\"https:\\\/\\\/www.webdo.tn\\\/fr\\\/actualite\\\/divers\\\/charlie-hebdo-se-fait-incendier-et-pirater\\\/178579\\\/#primaryimage\"},\"image\":{\"@id\":\"https:\\\/\\\/www.webdo.tn\\\/fr\\\/actualite\\\/divers\\\/charlie-hebdo-se-fait-incendier-et-pirater\\\/178579\\\/#primaryimage\"},\"thumbnailUrl\":\"https:\\\/\\\/www.webdo.tn\\\/fr\\\/wp-content\\\/uploads\\\/2025\\\/06\\\/Charlie-Hebdo-un-numero-baptise-Charia-Hebdo-photo-liberation.fr__178579.jpg\",\"datePublished\":\"2011-11-02T10:12:00+00:00\",\"dateModified\":\"2025-06-04T19:05:10+00:00\",\"description\":\"Charlie Hebdo se fait\u2026 incendier et pirater !\",\"breadcrumb\":{\"@id\":\"https:\\\/\\\/www.webdo.tn\\\/fr\\\/actualite\\\/divers\\\/charlie-hebdo-se-fait-incendier-et-pirater\\\/178579\\\/#breadcrumb\"},\"inLanguage\":\"fr-FR\",\"potentialAction\":[{\"@type\":\"ReadAction\",\"target\":[\"https:\\\/\\\/www.webdo.tn\\\/fr\\\/actualite\\\/divers\\\/charlie-hebdo-se-fait-incendier-et-pirater\\\/178579\\\/\"]}]},{\"@type\":\"ImageObject\",\"inLanguage\":\"fr-FR\",\"@id\":\"https:\\\/\\\/www.webdo.tn\\\/fr\\\/actualite\\\/divers\\\/charlie-hebdo-se-fait-incendier-et-pirater\\\/178579\\\/#primaryimage\",\"url\":\"https:\\\/\\\/www.webdo.tn\\\/fr\\\/wp-content\\\/uploads\\\/2025\\\/06\\\/Charlie-Hebdo-un-numero-baptise-Charia-Hebdo-photo-liberation.fr__178579.jpg\",\"contentUrl\":\"https:\\\/\\\/www.webdo.tn\\\/fr\\\/wp-content\\\/uploads\\\/2025\\\/06\\\/Charlie-Hebdo-un-numero-baptise-Charia-Hebdo-photo-liberation.fr__178579.jpg\",\"width\":460,\"height\":260,\"caption\":\"Charlie Hebdo se fait\u2026 incendier et pirater !\"},{\"@type\":\"BreadcrumbList\",\"@id\":\"https:\\\/\\\/www.webdo.tn\\\/fr\\\/actualite\\\/divers\\\/charlie-hebdo-se-fait-incendier-et-pirater\\\/178579\\\/#breadcrumb\",\"itemListElement\":[{\"@type\":\"ListItem\",\"position\":1,\"name\":\"Accueil\",\"item\":\"https:\\\/\\\/www.webdo.tn\\\/fr\\\/\"},{\"@type\":\"ListItem\",\"position\":2,\"name\":\"Charlie Hebdo se fait\u2026 incendier et pirater !\"}]},{\"@type\":\"WebSite\",\"@id\":\"https:\\\/\\\/www.webdo.tn\\\/fr\\\/#website\",\"url\":\"https:\\\/\\\/www.webdo.tn\\\/fr\\\/\",\"name\":\"webdo\",\"description\":\"Tunisie - News en Tunisie et \u00e0 l&#039;international sur Webdo.tn\",\"publisher\":{\"@id\":\"https:\\\/\\\/www.webdo.tn\\\/fr\\\/#organization\"},\"potentialAction\":[{\"@type\":\"SearchAction\",\"target\":{\"@type\":\"EntryPoint\",\"urlTemplate\":\"https:\\\/\\\/www.webdo.tn\\\/fr\\\/?s={search_term_string}\"},\"query-input\":{\"@type\":\"PropertyValueSpecification\",\"valueRequired\":true,\"valueName\":\"search_term_string\"}}],\"inLanguage\":\"fr-FR\"},{\"@type\":\"Organization\",\"@id\":\"https:\\\/\\\/www.webdo.tn\\\/fr\\\/#organization\",\"name\":\"Webdo\",\"alternateName\":\"Webdo.tn\",\"url\":\"https:\\\/\\\/www.webdo.tn\\\/fr\\\/\",\"logo\":{\"@type\":\"ImageObject\",\"inLanguage\":\"fr-FR\",\"@id\":\"https:\\\/\\\/www.webdo.tn\\\/fr\\\/#\\\/schema\\\/logo\\\/image\\\/\",\"url\":\"https:\\\/\\\/www.webdo.tn\\\/fr\\\/wp-content\\\/uploads\\\/2025\\\/06\\\/Webdo-Tunisie_168377.jpg\",\"contentUrl\":\"https:\\\/\\\/www.webdo.tn\\\/fr\\\/wp-content\\\/uploads\\\/2025\\\/06\\\/Webdo-Tunisie_168377.jpg\",\"width\":301,\"height\":301,\"caption\":\"Webdo\"},\"image\":{\"@id\":\"https:\\\/\\\/www.webdo.tn\\\/fr\\\/#\\\/schema\\\/logo\\\/image\\\/\"},\"sameAs\":[\"https:\\\/\\\/www.facebook.com\\\/webdotn\",\"https:\\\/\\\/x.com\\\/webdo_tn\"],\"description\":\"Webdo est un m\u00e9dia num\u00e9rique tunisien fond\u00e9 en 2010, sp\u00e9cialis\u00e9 dans l\u2019actualit\u00e9 nationale et internationale, l\u2019\u00e9conomie, la soci\u00e9t\u00e9 et les analyses politiques. Le site s\u2019adresse \u00e0 un large public francophone et couvre l\u2019information tunisienne en temps r\u00e9el.\",\"email\":\"redac@webdo.tn\",\"legalName\":\"YNJ SARL\",\"foundingDate\":\"2010-09-06\",\"numberOfEmployees\":{\"@type\":\"QuantitativeValue\",\"minValue\":\"11\",\"maxValue\":\"50\"}},{\"@type\":\"Person\",\"@id\":\"https:\\\/\\\/www.webdo.tn\\\/fr\\\/#\\\/schema\\\/person\\\/9a9c6118d687c117df8ef3cc36a4d175\",\"name\":\"webdo.tn\",\"image\":{\"@type\":\"ImageObject\",\"inLanguage\":\"fr-FR\",\"@id\":\"https:\\\/\\\/secure.gravatar.com\\\/avatar\\\/7ce1f28c0c3bbac99ff550b85ef8e44a6950c6ee24514fb6a5489e51d06f0298?s=96&d=mm&r=g\",\"url\":\"https:\\\/\\\/secure.gravatar.com\\\/avatar\\\/7ce1f28c0c3bbac99ff550b85ef8e44a6950c6ee24514fb6a5489e51d06f0298?s=96&d=mm&r=g\",\"contentUrl\":\"https:\\\/\\\/secure.gravatar.com\\\/avatar\\\/7ce1f28c0c3bbac99ff550b85ef8e44a6950c6ee24514fb6a5489e51d06f0298?s=96&d=mm&r=g\",\"caption\":\"webdo.tn\"},\"url\":\"https:\\\/\\\/www.webdo.tn\\\/fr\\\/actualite\\\/author\\\/webdotn\\\/\"}]}<\/script>\n<!-- \/ Yoast SEO Premium plugin. -->","yoast_head_json":{"title":"Charlie Hebdo se fait\u2026 incendier et pirater !","description":"Charlie Hebdo se fait\u2026 incendier et pirater !","canonical":"https:\/\/www.webdo.tn\/fr\/actualite\/divers\/charlie-hebdo-se-fait-incendier-et-pirater\/178579\/","og_locale":"fr_FR","og_type":"article","og_title":"Charlie Hebdo se fait\u2026 incendier et pirater !","og_description":"Charlie Hebdo se fait\u2026 incendier et pirater !","og_url":"https:\/\/www.webdo.tn\/fr\/actualite\/divers\/charlie-hebdo-se-fait-incendier-et-pirater\/178579\/","og_site_name":"webdo","article_publisher":"https:\/\/www.facebook.com\/webdotn","article_published_time":"2011-11-02T10:12:00+00:00","article_modified_time":"2025-06-04T19:05:10+00:00","author":"webdo.tn","twitter_card":"summary_large_image","twitter_creator":"@webdo_tn","twitter_site":"@webdo_tn","twitter_misc":{"\u00c9crit par":"webdo.tn","Dur\u00e9e de lecture estim\u00e9e":"2 minutes"},"schema":{"@context":"https:\/\/schema.org","@graph":[{"@type":"NewsArticle","@id":"https:\/\/www.webdo.tn\/fr\/actualite\/divers\/charlie-hebdo-se-fait-incendier-et-pirater\/178579\/#article","isPartOf":{"@id":"https:\/\/www.webdo.tn\/fr\/actualite\/divers\/charlie-hebdo-se-fait-incendier-et-pirater\/178579\/"},"author":{"name":"webdo.tn","@id":"https:\/\/www.webdo.tn\/fr\/#\/schema\/person\/9a9c6118d687c117df8ef3cc36a4d175"},"headline":"Charlie Hebdo se fait\u2026 incendier et pirater !","datePublished":"2011-11-02T10:12:00+00:00","dateModified":"2025-06-04T19:05:10+00:00","mainEntityOfPage":{"@id":"https:\/\/www.webdo.tn\/fr\/actualite\/divers\/charlie-hebdo-se-fait-incendier-et-pirater\/178579\/"},"wordCount":320,"commentCount":0,"publisher":{"@id":"https:\/\/www.webdo.tn\/fr\/#organization"},"image":{"@id":"https:\/\/www.webdo.tn\/fr\/actualite\/divers\/charlie-hebdo-se-fait-incendier-et-pirater\/178579\/#primaryimage"},"thumbnailUrl":"https:\/\/www.webdo.tn\/fr\/wp-content\/uploads\/2025\/06\/Charlie-Hebdo-un-numero-baptise-Charia-Hebdo-photo-liberation.fr__178579.jpg","articleSection":["Divers"],"inLanguage":"fr-FR"},{"@type":"WebPage","@id":"https:\/\/www.webdo.tn\/fr\/actualite\/divers\/charlie-hebdo-se-fait-incendier-et-pirater\/178579\/","url":"https:\/\/www.webdo.tn\/fr\/actualite\/divers\/charlie-hebdo-se-fait-incendier-et-pirater\/178579\/","name":"Charlie Hebdo se fait\u2026 incendier et pirater !","isPartOf":{"@id":"https:\/\/www.webdo.tn\/fr\/#website"},"primaryImageOfPage":{"@id":"https:\/\/www.webdo.tn\/fr\/actualite\/divers\/charlie-hebdo-se-fait-incendier-et-pirater\/178579\/#primaryimage"},"image":{"@id":"https:\/\/www.webdo.tn\/fr\/actualite\/divers\/charlie-hebdo-se-fait-incendier-et-pirater\/178579\/#primaryimage"},"thumbnailUrl":"https:\/\/www.webdo.tn\/fr\/wp-content\/uploads\/2025\/06\/Charlie-Hebdo-un-numero-baptise-Charia-Hebdo-photo-liberation.fr__178579.jpg","datePublished":"2011-11-02T10:12:00+00:00","dateModified":"2025-06-04T19:05:10+00:00","description":"Charlie Hebdo se fait\u2026 incendier et pirater !","breadcrumb":{"@id":"https:\/\/www.webdo.tn\/fr\/actualite\/divers\/charlie-hebdo-se-fait-incendier-et-pirater\/178579\/#breadcrumb"},"inLanguage":"fr-FR","potentialAction":[{"@type":"ReadAction","target":["https:\/\/www.webdo.tn\/fr\/actualite\/divers\/charlie-hebdo-se-fait-incendier-et-pirater\/178579\/"]}]},{"@type":"ImageObject","inLanguage":"fr-FR","@id":"https:\/\/www.webdo.tn\/fr\/actualite\/divers\/charlie-hebdo-se-fait-incendier-et-pirater\/178579\/#primaryimage","url":"https:\/\/www.webdo.tn\/fr\/wp-content\/uploads\/2025\/06\/Charlie-Hebdo-un-numero-baptise-Charia-Hebdo-photo-liberation.fr__178579.jpg","contentUrl":"https:\/\/www.webdo.tn\/fr\/wp-content\/uploads\/2025\/06\/Charlie-Hebdo-un-numero-baptise-Charia-Hebdo-photo-liberation.fr__178579.jpg","width":460,"height":260,"caption":"Charlie Hebdo se fait\u2026 incendier et pirater !"},{"@type":"BreadcrumbList","@id":"https:\/\/www.webdo.tn\/fr\/actualite\/divers\/charlie-hebdo-se-fait-incendier-et-pirater\/178579\/#breadcrumb","itemListElement":[{"@type":"ListItem","position":1,"name":"Accueil","item":"https:\/\/www.webdo.tn\/fr\/"},{"@type":"ListItem","position":2,"name":"Charlie Hebdo se fait\u2026 incendier et pirater !"}]},{"@type":"WebSite","@id":"https:\/\/www.webdo.tn\/fr\/#website","url":"https:\/\/www.webdo.tn\/fr\/","name":"webdo","description":"Tunisie - News en Tunisie et \u00e0 l&#039;international sur Webdo.tn","publisher":{"@id":"https:\/\/www.webdo.tn\/fr\/#organization"},"potentialAction":[{"@type":"SearchAction","target":{"@type":"EntryPoint","urlTemplate":"https:\/\/www.webdo.tn\/fr\/?s={search_term_string}"},"query-input":{"@type":"PropertyValueSpecification","valueRequired":true,"valueName":"search_term_string"}}],"inLanguage":"fr-FR"},{"@type":"Organization","@id":"https:\/\/www.webdo.tn\/fr\/#organization","name":"Webdo","alternateName":"Webdo.tn","url":"https:\/\/www.webdo.tn\/fr\/","logo":{"@type":"ImageObject","inLanguage":"fr-FR","@id":"https:\/\/www.webdo.tn\/fr\/#\/schema\/logo\/image\/","url":"https:\/\/www.webdo.tn\/fr\/wp-content\/uploads\/2025\/06\/Webdo-Tunisie_168377.jpg","contentUrl":"https:\/\/www.webdo.tn\/fr\/wp-content\/uploads\/2025\/06\/Webdo-Tunisie_168377.jpg","width":301,"height":301,"caption":"Webdo"},"image":{"@id":"https:\/\/www.webdo.tn\/fr\/#\/schema\/logo\/image\/"},"sameAs":["https:\/\/www.facebook.com\/webdotn","https:\/\/x.com\/webdo_tn"],"description":"Webdo est un m\u00e9dia num\u00e9rique tunisien fond\u00e9 en 2010, sp\u00e9cialis\u00e9 dans l\u2019actualit\u00e9 nationale et internationale, l\u2019\u00e9conomie, la soci\u00e9t\u00e9 et les analyses politiques. Le site s\u2019adresse \u00e0 un large public francophone et couvre l\u2019information tunisienne en temps r\u00e9el.","email":"redac@webdo.tn","legalName":"YNJ SARL","foundingDate":"2010-09-06","numberOfEmployees":{"@type":"QuantitativeValue","minValue":"11","maxValue":"50"}},{"@type":"Person","@id":"https:\/\/www.webdo.tn\/fr\/#\/schema\/person\/9a9c6118d687c117df8ef3cc36a4d175","name":"webdo.tn","image":{"@type":"ImageObject","inLanguage":"fr-FR","@id":"https:\/\/secure.gravatar.com\/avatar\/7ce1f28c0c3bbac99ff550b85ef8e44a6950c6ee24514fb6a5489e51d06f0298?s=96&d=mm&r=g","url":"https:\/\/secure.gravatar.com\/avatar\/7ce1f28c0c3bbac99ff550b85ef8e44a6950c6ee24514fb6a5489e51d06f0298?s=96&d=mm&r=g","contentUrl":"https:\/\/secure.gravatar.com\/avatar\/7ce1f28c0c3bbac99ff550b85ef8e44a6950c6ee24514fb6a5489e51d06f0298?s=96&d=mm&r=g","caption":"webdo.tn"},"url":"https:\/\/www.webdo.tn\/fr\/actualite\/author\/webdotn\/"}]}},"_links":{"self":[{"href":"https:\/\/www.webdo.tn\/fr\/wp-json\/wp\/v2\/posts\/178579","targetHints":{"allow":["GET"]}}],"collection":[{"href":"https:\/\/www.webdo.tn\/fr\/wp-json\/wp\/v2\/posts"}],"about":[{"href":"https:\/\/www.webdo.tn\/fr\/wp-json\/wp\/v2\/types\/post"}],"author":[{"embeddable":true,"href":"https:\/\/www.webdo.tn\/fr\/wp-json\/wp\/v2\/users\/3222"}],"replies":[{"embeddable":true,"href":"https:\/\/www.webdo.tn\/fr\/wp-json\/wp\/v2\/comments?post=178579"}],"version-history":[{"count":0,"href":"https:\/\/www.webdo.tn\/fr\/wp-json\/wp\/v2\/posts\/178579\/revisions"}],"wp:featuredmedia":[{"embeddable":true,"href":"https:\/\/www.webdo.tn\/fr\/wp-json\/wp\/v2\/media\/374622"}],"wp:attachment":[{"href":"https:\/\/www.webdo.tn\/fr\/wp-json\/wp\/v2\/media?parent=178579"}],"wp:term":[{"taxonomy":"category","embeddable":true,"href":"https:\/\/www.webdo.tn\/fr\/wp-json\/wp\/v2\/categories?post=178579"},{"taxonomy":"post_tag","embeddable":true,"href":"https:\/\/www.webdo.tn\/fr\/wp-json\/wp\/v2\/tags?post=178579"}],"curies":[{"name":"wp","href":"https:\/\/api.w.org\/{rel}","templated":true}]}}