{"id":178578,"date":"2011-11-02T10:38:00","date_gmt":"2011-11-02T10:38:00","guid":{"rendered":"https:\/\/www.webdo.tn\/fr\/blog\/amnesty-international-demande-la-remise-de-seif-el-islam-a-la-cpi\/178578\/"},"modified":"2025-06-04T19:05:16","modified_gmt":"2025-06-04T19:05:16","slug":"amnesty-international-demande-la-remise-de-seif-el-islam-a-la-cpi","status":"publish","type":"post","link":"https:\/\/www.webdo.tn\/fr\/actualite\/divers\/amnesty-international-demande-la-remise-de-seif-el-islam-a-la-cpi\/178578\/","title":{"rendered":"Amnesty International demande la remise de Seif El Islam \u00e0 la CPI"},"content":{"rendered":"<p>Amnesty International a demand\u00e9 aux nouvelles autorit\u00e9s libyennes de remettre le fils de Mouammar Gueddafi, Seif El Islam, et l\u2019ancien chef des services de renseignements, Abdullah Senoussi, \u00e0 la Cour p\u00e9nale Internationale dans le cas o\u00f9 ils sont arr\u00eat\u00e9s.\u00a0 \u00ab\u00a0Il faut leur permettre de se rendre \u00e0 la Cour p\u00e9nale internationale (CPI) pour r\u00e9pondre d\u2019accusations de crimes contre l\u2019humanit\u00e9\u00a0\u00bb pr\u00e9cise le communiqu\u00e9 d\u2019Amnesty International. \u00ab\u00a0Si les informations selon lesquelles Sa\u00eff al\u00a0Islam Kadhafi et Abdullah al\u00a0Senoussi souhaitent se rendre de leur plein gr\u00e9 \u00e0 la Cour p\u00e9nale internationale sont exactes, ils doivent \u00eatre autoris\u00e9s \u00e0 le faire, et il importe de garantir leur s\u00e9curit\u00e9 et leurs droits\u00a0\u00bb, a indiqu\u00e9 Marek Marczynski, membre de l\u2019\u00e9quipe d\u2019Amnesty International pour la justice internationale. <\/p>\n<p>Il a ajout\u00e9 que \u00ab\u00a0le Conseil national de transition (CNT) et les gouvernements voisins de la Libye doivent garantir qu&rsquo;ils seront d\u00e9tenus en s\u00e9curit\u00e9 et rapidement transf\u00e9r\u00e9s \u00e0 La Haye afin d\u2019\u00eatre entendus, qu\u2019ils se rendent volontairement ou qu\u2019ils soient arr\u00eat\u00e9s puis transf\u00e9r\u00e9s.\u00a0<\/p>\n<p>Que ces hommes soient jug\u00e9s par la CPI permettrait de garantir que les victimes obtiennent justice, v\u00e9rit\u00e9 et r\u00e9parations pour les crimes contre l&rsquo;humanit\u00e9 qu\u2019ils sont accus\u00e9s d\u2019avoir commis contre le peuple libyen \u2013\u00a0une justice qui serait compromise si l\u2019homicide ill\u00e9gal du colonel Mouammar Kadhafi est confirm\u00e9.\u00a0\u00bb a poursuivi le responsable d\u2019Amnesty International.<\/p>\n","protected":false},"excerpt":{"rendered":"<p>Amnesty International demande la remise de Seif El Islam \u00e0 la CPI <\/p>\n","protected":false},"author":3222,"featured_media":333946,"comment_status":"open","ping_status":"closed","sticky":false,"template":"","format":"standard","meta":{"footnotes":""},"categories":[2839],"tags":[],"class_list":["post-178578","post","type-post","status-publish","format-standard","has-post-thumbnail","hentry","category-divers"],"yoast_head":"<!-- This site is optimized with the Yoast SEO Premium plugin v27.5 (Yoast SEO v27.5) - https:\/\/yoast.com\/product\/yoast-seo-premium-wordpress\/ -->\n<title>Amnesty International demande la remise de Seif El Islam \u00e0 la CPI<\/title>\n<meta name=\"description\" content=\"Amnesty International demande la remise de Seif El Islam \u00e0 la CPI\" \/>\n<link rel=\"canonical\" href=\"https:\/\/www.webdo.tn\/fr\/actualite\/divers\/amnesty-international-demande-la-remise-de-seif-el-islam-a-la-cpi\/178578\/\" \/>\n<meta property=\"og:locale\" content=\"fr_FR\" \/>\n<meta property=\"og:type\" content=\"article\" \/>\n<meta property=\"og:title\" content=\"Amnesty International demande la remise de Seif El Islam \u00e0 la CPI\" \/>\n<meta property=\"og:description\" content=\"Amnesty International demande la remise de Seif El Islam \u00e0 la CPI\" \/>\n<meta property=\"og:url\" content=\"https:\/\/www.webdo.tn\/fr\/actualite\/divers\/amnesty-international-demande-la-remise-de-seif-el-islam-a-la-cpi\/178578\/\" \/>\n<meta property=\"og:site_name\" content=\"webdo\" \/>\n<meta property=\"article:publisher\" content=\"https:\/\/www.facebook.com\/webdotn\" \/>\n<meta property=\"article:published_time\" content=\"2011-11-02T10:38:00+00:00\" \/>\n<meta property=\"article:modified_time\" content=\"2025-06-04T19:05:16+00:00\" \/>\n<meta property=\"og:image\" content=\"https:\/\/www.webdo.tn\/fr\/wp-content\/uploads\/2011\/11\/Seif-El-Islam-photo-parismatch.com_.jpg\" \/>\n\t<meta property=\"og:image:width\" content=\"267\" \/>\n\t<meta property=\"og:image:height\" content=\"272\" \/>\n\t<meta property=\"og:image:type\" content=\"image\/jpeg\" \/>\n<meta name=\"author\" content=\"webdo.tn\" \/>\n<meta name=\"twitter:card\" content=\"summary_large_image\" \/>\n<meta name=\"twitter:creator\" content=\"@webdo_tn\" \/>\n<meta name=\"twitter:site\" content=\"@webdo_tn\" \/>\n<meta name=\"twitter:label1\" content=\"\u00c9crit par\" \/>\n\t<meta name=\"twitter:data1\" content=\"webdo.tn\" \/>\n\t<meta name=\"twitter:label2\" content=\"Dur\u00e9e de lecture estim\u00e9e\" \/>\n\t<meta name=\"twitter:data2\" content=\"1 minute\" \/>\n<script type=\"application\/ld+json\" class=\"yoast-schema-graph\">{\"@context\":\"https:\\\/\\\/schema.org\",\"@graph\":[{\"@type\":\"NewsArticle\",\"@id\":\"https:\\\/\\\/www.webdo.tn\\\/fr\\\/actualite\\\/divers\\\/amnesty-international-demande-la-remise-de-seif-el-islam-a-la-cpi\\\/178578\\\/#article\",\"isPartOf\":{\"@id\":\"https:\\\/\\\/www.webdo.tn\\\/fr\\\/actualite\\\/divers\\\/amnesty-international-demande-la-remise-de-seif-el-islam-a-la-cpi\\\/178578\\\/\"},\"author\":{\"name\":\"webdo.tn\",\"@id\":\"https:\\\/\\\/www.webdo.tn\\\/fr\\\/#\\\/schema\\\/person\\\/9a9c6118d687c117df8ef3cc36a4d175\"},\"headline\":\"Amnesty International demande la remise de Seif El Islam \u00e0 la CPI\",\"datePublished\":\"2011-11-02T10:38:00+00:00\",\"dateModified\":\"2025-06-04T19:05:16+00:00\",\"mainEntityOfPage\":{\"@id\":\"https:\\\/\\\/www.webdo.tn\\\/fr\\\/actualite\\\/divers\\\/amnesty-international-demande-la-remise-de-seif-el-islam-a-la-cpi\\\/178578\\\/\"},\"wordCount\":262,\"commentCount\":0,\"publisher\":{\"@id\":\"https:\\\/\\\/www.webdo.tn\\\/fr\\\/#organization\"},\"image\":{\"@id\":\"https:\\\/\\\/www.webdo.tn\\\/fr\\\/actualite\\\/divers\\\/amnesty-international-demande-la-remise-de-seif-el-islam-a-la-cpi\\\/178578\\\/#primaryimage\"},\"thumbnailUrl\":\"https:\\\/\\\/www.webdo.tn\\\/fr\\\/wp-content\\\/uploads\\\/2011\\\/11\\\/Seif-El-Islam-photo-parismatch.com_.jpg\",\"articleSection\":[\"Divers\"],\"inLanguage\":\"fr-FR\"},{\"@type\":\"WebPage\",\"@id\":\"https:\\\/\\\/www.webdo.tn\\\/fr\\\/actualite\\\/divers\\\/amnesty-international-demande-la-remise-de-seif-el-islam-a-la-cpi\\\/178578\\\/\",\"url\":\"https:\\\/\\\/www.webdo.tn\\\/fr\\\/actualite\\\/divers\\\/amnesty-international-demande-la-remise-de-seif-el-islam-a-la-cpi\\\/178578\\\/\",\"name\":\"Amnesty International demande la remise de Seif El Islam \u00e0 la CPI\",\"isPartOf\":{\"@id\":\"https:\\\/\\\/www.webdo.tn\\\/fr\\\/#website\"},\"primaryImageOfPage\":{\"@id\":\"https:\\\/\\\/www.webdo.tn\\\/fr\\\/actualite\\\/divers\\\/amnesty-international-demande-la-remise-de-seif-el-islam-a-la-cpi\\\/178578\\\/#primaryimage\"},\"image\":{\"@id\":\"https:\\\/\\\/www.webdo.tn\\\/fr\\\/actualite\\\/divers\\\/amnesty-international-demande-la-remise-de-seif-el-islam-a-la-cpi\\\/178578\\\/#primaryimage\"},\"thumbnailUrl\":\"https:\\\/\\\/www.webdo.tn\\\/fr\\\/wp-content\\\/uploads\\\/2011\\\/11\\\/Seif-El-Islam-photo-parismatch.com_.jpg\",\"datePublished\":\"2011-11-02T10:38:00+00:00\",\"dateModified\":\"2025-06-04T19:05:16+00:00\",\"description\":\"Amnesty International demande la remise de Seif El Islam \u00e0 la CPI\",\"breadcrumb\":{\"@id\":\"https:\\\/\\\/www.webdo.tn\\\/fr\\\/actualite\\\/divers\\\/amnesty-international-demande-la-remise-de-seif-el-islam-a-la-cpi\\\/178578\\\/#breadcrumb\"},\"inLanguage\":\"fr-FR\",\"potentialAction\":[{\"@type\":\"ReadAction\",\"target\":[\"https:\\\/\\\/www.webdo.tn\\\/fr\\\/actualite\\\/divers\\\/amnesty-international-demande-la-remise-de-seif-el-islam-a-la-cpi\\\/178578\\\/\"]}]},{\"@type\":\"ImageObject\",\"inLanguage\":\"fr-FR\",\"@id\":\"https:\\\/\\\/www.webdo.tn\\\/fr\\\/actualite\\\/divers\\\/amnesty-international-demande-la-remise-de-seif-el-islam-a-la-cpi\\\/178578\\\/#primaryimage\",\"url\":\"https:\\\/\\\/www.webdo.tn\\\/fr\\\/wp-content\\\/uploads\\\/2011\\\/11\\\/Seif-El-Islam-photo-parismatch.com_.jpg\",\"contentUrl\":\"https:\\\/\\\/www.webdo.tn\\\/fr\\\/wp-content\\\/uploads\\\/2011\\\/11\\\/Seif-El-Islam-photo-parismatch.com_.jpg\",\"width\":267,\"height\":272,\"caption\":\"Amnesty International demande la remise de Seif El Islam \u00e0 la CPI\"},{\"@type\":\"BreadcrumbList\",\"@id\":\"https:\\\/\\\/www.webdo.tn\\\/fr\\\/actualite\\\/divers\\\/amnesty-international-demande-la-remise-de-seif-el-islam-a-la-cpi\\\/178578\\\/#breadcrumb\",\"itemListElement\":[{\"@type\":\"ListItem\",\"position\":1,\"name\":\"Accueil\",\"item\":\"https:\\\/\\\/www.webdo.tn\\\/fr\\\/\"},{\"@type\":\"ListItem\",\"position\":2,\"name\":\"Amnesty International demande la remise de Seif El Islam \u00e0 la CPI\"}]},{\"@type\":\"WebSite\",\"@id\":\"https:\\\/\\\/www.webdo.tn\\\/fr\\\/#website\",\"url\":\"https:\\\/\\\/www.webdo.tn\\\/fr\\\/\",\"name\":\"webdo\",\"description\":\"Tunisie - News en Tunisie et \u00e0 l&#039;international sur Webdo.tn\",\"publisher\":{\"@id\":\"https:\\\/\\\/www.webdo.tn\\\/fr\\\/#organization\"},\"potentialAction\":[{\"@type\":\"SearchAction\",\"target\":{\"@type\":\"EntryPoint\",\"urlTemplate\":\"https:\\\/\\\/www.webdo.tn\\\/fr\\\/?s={search_term_string}\"},\"query-input\":{\"@type\":\"PropertyValueSpecification\",\"valueRequired\":true,\"valueName\":\"search_term_string\"}}],\"inLanguage\":\"fr-FR\"},{\"@type\":\"Organization\",\"@id\":\"https:\\\/\\\/www.webdo.tn\\\/fr\\\/#organization\",\"name\":\"Webdo\",\"alternateName\":\"Webdo.tn\",\"url\":\"https:\\\/\\\/www.webdo.tn\\\/fr\\\/\",\"logo\":{\"@type\":\"ImageObject\",\"inLanguage\":\"fr-FR\",\"@id\":\"https:\\\/\\\/www.webdo.tn\\\/fr\\\/#\\\/schema\\\/logo\\\/image\\\/\",\"url\":\"https:\\\/\\\/www.webdo.tn\\\/fr\\\/wp-content\\\/uploads\\\/2025\\\/06\\\/Webdo-Tunisie_168377.jpg\",\"contentUrl\":\"https:\\\/\\\/www.webdo.tn\\\/fr\\\/wp-content\\\/uploads\\\/2025\\\/06\\\/Webdo-Tunisie_168377.jpg\",\"width\":301,\"height\":301,\"caption\":\"Webdo\"},\"image\":{\"@id\":\"https:\\\/\\\/www.webdo.tn\\\/fr\\\/#\\\/schema\\\/logo\\\/image\\\/\"},\"sameAs\":[\"https:\\\/\\\/www.facebook.com\\\/webdotn\",\"https:\\\/\\\/x.com\\\/webdo_tn\"],\"description\":\"Webdo est un m\u00e9dia num\u00e9rique tunisien fond\u00e9 en 2010, sp\u00e9cialis\u00e9 dans l\u2019actualit\u00e9 nationale et internationale, l\u2019\u00e9conomie, la soci\u00e9t\u00e9 et les analyses politiques. Le site s\u2019adresse \u00e0 un large public francophone et couvre l\u2019information tunisienne en temps r\u00e9el.\",\"email\":\"redac@webdo.tn\",\"legalName\":\"YNJ SARL\",\"foundingDate\":\"2010-09-06\",\"numberOfEmployees\":{\"@type\":\"QuantitativeValue\",\"minValue\":\"11\",\"maxValue\":\"50\"}},{\"@type\":\"Person\",\"@id\":\"https:\\\/\\\/www.webdo.tn\\\/fr\\\/#\\\/schema\\\/person\\\/9a9c6118d687c117df8ef3cc36a4d175\",\"name\":\"webdo.tn\",\"image\":{\"@type\":\"ImageObject\",\"inLanguage\":\"fr-FR\",\"@id\":\"https:\\\/\\\/secure.gravatar.com\\\/avatar\\\/7ce1f28c0c3bbac99ff550b85ef8e44a6950c6ee24514fb6a5489e51d06f0298?s=96&d=mm&r=g\",\"url\":\"https:\\\/\\\/secure.gravatar.com\\\/avatar\\\/7ce1f28c0c3bbac99ff550b85ef8e44a6950c6ee24514fb6a5489e51d06f0298?s=96&d=mm&r=g\",\"contentUrl\":\"https:\\\/\\\/secure.gravatar.com\\\/avatar\\\/7ce1f28c0c3bbac99ff550b85ef8e44a6950c6ee24514fb6a5489e51d06f0298?s=96&d=mm&r=g\",\"caption\":\"webdo.tn\"},\"url\":\"https:\\\/\\\/www.webdo.tn\\\/fr\\\/actualite\\\/author\\\/webdotn\\\/\"}]}<\/script>\n<!-- \/ Yoast SEO Premium plugin. -->","yoast_head_json":{"title":"Amnesty International demande la remise de Seif El Islam \u00e0 la CPI","description":"Amnesty International demande la remise de Seif El Islam \u00e0 la CPI","canonical":"https:\/\/www.webdo.tn\/fr\/actualite\/divers\/amnesty-international-demande-la-remise-de-seif-el-islam-a-la-cpi\/178578\/","og_locale":"fr_FR","og_type":"article","og_title":"Amnesty International demande la remise de Seif El Islam \u00e0 la CPI","og_description":"Amnesty International demande la remise de Seif El Islam \u00e0 la CPI","og_url":"https:\/\/www.webdo.tn\/fr\/actualite\/divers\/amnesty-international-demande-la-remise-de-seif-el-islam-a-la-cpi\/178578\/","og_site_name":"webdo","article_publisher":"https:\/\/www.facebook.com\/webdotn","article_published_time":"2011-11-02T10:38:00+00:00","article_modified_time":"2025-06-04T19:05:16+00:00","og_image":[{"width":267,"height":272,"url":"https:\/\/www.webdo.tn\/fr\/wp-content\/uploads\/2011\/11\/Seif-El-Islam-photo-parismatch.com_.jpg","type":"image\/jpeg"}],"author":"webdo.tn","twitter_card":"summary_large_image","twitter_creator":"@webdo_tn","twitter_site":"@webdo_tn","twitter_misc":{"\u00c9crit par":"webdo.tn","Dur\u00e9e de lecture estim\u00e9e":"1 minute"},"schema":{"@context":"https:\/\/schema.org","@graph":[{"@type":"NewsArticle","@id":"https:\/\/www.webdo.tn\/fr\/actualite\/divers\/amnesty-international-demande-la-remise-de-seif-el-islam-a-la-cpi\/178578\/#article","isPartOf":{"@id":"https:\/\/www.webdo.tn\/fr\/actualite\/divers\/amnesty-international-demande-la-remise-de-seif-el-islam-a-la-cpi\/178578\/"},"author":{"name":"webdo.tn","@id":"https:\/\/www.webdo.tn\/fr\/#\/schema\/person\/9a9c6118d687c117df8ef3cc36a4d175"},"headline":"Amnesty International demande la remise de Seif El Islam \u00e0 la CPI","datePublished":"2011-11-02T10:38:00+00:00","dateModified":"2025-06-04T19:05:16+00:00","mainEntityOfPage":{"@id":"https:\/\/www.webdo.tn\/fr\/actualite\/divers\/amnesty-international-demande-la-remise-de-seif-el-islam-a-la-cpi\/178578\/"},"wordCount":262,"commentCount":0,"publisher":{"@id":"https:\/\/www.webdo.tn\/fr\/#organization"},"image":{"@id":"https:\/\/www.webdo.tn\/fr\/actualite\/divers\/amnesty-international-demande-la-remise-de-seif-el-islam-a-la-cpi\/178578\/#primaryimage"},"thumbnailUrl":"https:\/\/www.webdo.tn\/fr\/wp-content\/uploads\/2011\/11\/Seif-El-Islam-photo-parismatch.com_.jpg","articleSection":["Divers"],"inLanguage":"fr-FR"},{"@type":"WebPage","@id":"https:\/\/www.webdo.tn\/fr\/actualite\/divers\/amnesty-international-demande-la-remise-de-seif-el-islam-a-la-cpi\/178578\/","url":"https:\/\/www.webdo.tn\/fr\/actualite\/divers\/amnesty-international-demande-la-remise-de-seif-el-islam-a-la-cpi\/178578\/","name":"Amnesty International demande la remise de Seif El Islam \u00e0 la CPI","isPartOf":{"@id":"https:\/\/www.webdo.tn\/fr\/#website"},"primaryImageOfPage":{"@id":"https:\/\/www.webdo.tn\/fr\/actualite\/divers\/amnesty-international-demande-la-remise-de-seif-el-islam-a-la-cpi\/178578\/#primaryimage"},"image":{"@id":"https:\/\/www.webdo.tn\/fr\/actualite\/divers\/amnesty-international-demande-la-remise-de-seif-el-islam-a-la-cpi\/178578\/#primaryimage"},"thumbnailUrl":"https:\/\/www.webdo.tn\/fr\/wp-content\/uploads\/2011\/11\/Seif-El-Islam-photo-parismatch.com_.jpg","datePublished":"2011-11-02T10:38:00+00:00","dateModified":"2025-06-04T19:05:16+00:00","description":"Amnesty International demande la remise de Seif El Islam \u00e0 la CPI","breadcrumb":{"@id":"https:\/\/www.webdo.tn\/fr\/actualite\/divers\/amnesty-international-demande-la-remise-de-seif-el-islam-a-la-cpi\/178578\/#breadcrumb"},"inLanguage":"fr-FR","potentialAction":[{"@type":"ReadAction","target":["https:\/\/www.webdo.tn\/fr\/actualite\/divers\/amnesty-international-demande-la-remise-de-seif-el-islam-a-la-cpi\/178578\/"]}]},{"@type":"ImageObject","inLanguage":"fr-FR","@id":"https:\/\/www.webdo.tn\/fr\/actualite\/divers\/amnesty-international-demande-la-remise-de-seif-el-islam-a-la-cpi\/178578\/#primaryimage","url":"https:\/\/www.webdo.tn\/fr\/wp-content\/uploads\/2011\/11\/Seif-El-Islam-photo-parismatch.com_.jpg","contentUrl":"https:\/\/www.webdo.tn\/fr\/wp-content\/uploads\/2011\/11\/Seif-El-Islam-photo-parismatch.com_.jpg","width":267,"height":272,"caption":"Amnesty International demande la remise de Seif El Islam \u00e0 la CPI"},{"@type":"BreadcrumbList","@id":"https:\/\/www.webdo.tn\/fr\/actualite\/divers\/amnesty-international-demande-la-remise-de-seif-el-islam-a-la-cpi\/178578\/#breadcrumb","itemListElement":[{"@type":"ListItem","position":1,"name":"Accueil","item":"https:\/\/www.webdo.tn\/fr\/"},{"@type":"ListItem","position":2,"name":"Amnesty International demande la remise de Seif El Islam \u00e0 la CPI"}]},{"@type":"WebSite","@id":"https:\/\/www.webdo.tn\/fr\/#website","url":"https:\/\/www.webdo.tn\/fr\/","name":"webdo","description":"Tunisie - News en Tunisie et \u00e0 l&#039;international sur Webdo.tn","publisher":{"@id":"https:\/\/www.webdo.tn\/fr\/#organization"},"potentialAction":[{"@type":"SearchAction","target":{"@type":"EntryPoint","urlTemplate":"https:\/\/www.webdo.tn\/fr\/?s={search_term_string}"},"query-input":{"@type":"PropertyValueSpecification","valueRequired":true,"valueName":"search_term_string"}}],"inLanguage":"fr-FR"},{"@type":"Organization","@id":"https:\/\/www.webdo.tn\/fr\/#organization","name":"Webdo","alternateName":"Webdo.tn","url":"https:\/\/www.webdo.tn\/fr\/","logo":{"@type":"ImageObject","inLanguage":"fr-FR","@id":"https:\/\/www.webdo.tn\/fr\/#\/schema\/logo\/image\/","url":"https:\/\/www.webdo.tn\/fr\/wp-content\/uploads\/2025\/06\/Webdo-Tunisie_168377.jpg","contentUrl":"https:\/\/www.webdo.tn\/fr\/wp-content\/uploads\/2025\/06\/Webdo-Tunisie_168377.jpg","width":301,"height":301,"caption":"Webdo"},"image":{"@id":"https:\/\/www.webdo.tn\/fr\/#\/schema\/logo\/image\/"},"sameAs":["https:\/\/www.facebook.com\/webdotn","https:\/\/x.com\/webdo_tn"],"description":"Webdo est un m\u00e9dia num\u00e9rique tunisien fond\u00e9 en 2010, sp\u00e9cialis\u00e9 dans l\u2019actualit\u00e9 nationale et internationale, l\u2019\u00e9conomie, la soci\u00e9t\u00e9 et les analyses politiques. Le site s\u2019adresse \u00e0 un large public francophone et couvre l\u2019information tunisienne en temps r\u00e9el.","email":"redac@webdo.tn","legalName":"YNJ SARL","foundingDate":"2010-09-06","numberOfEmployees":{"@type":"QuantitativeValue","minValue":"11","maxValue":"50"}},{"@type":"Person","@id":"https:\/\/www.webdo.tn\/fr\/#\/schema\/person\/9a9c6118d687c117df8ef3cc36a4d175","name":"webdo.tn","image":{"@type":"ImageObject","inLanguage":"fr-FR","@id":"https:\/\/secure.gravatar.com\/avatar\/7ce1f28c0c3bbac99ff550b85ef8e44a6950c6ee24514fb6a5489e51d06f0298?s=96&d=mm&r=g","url":"https:\/\/secure.gravatar.com\/avatar\/7ce1f28c0c3bbac99ff550b85ef8e44a6950c6ee24514fb6a5489e51d06f0298?s=96&d=mm&r=g","contentUrl":"https:\/\/secure.gravatar.com\/avatar\/7ce1f28c0c3bbac99ff550b85ef8e44a6950c6ee24514fb6a5489e51d06f0298?s=96&d=mm&r=g","caption":"webdo.tn"},"url":"https:\/\/www.webdo.tn\/fr\/actualite\/author\/webdotn\/"}]}},"_links":{"self":[{"href":"https:\/\/www.webdo.tn\/fr\/wp-json\/wp\/v2\/posts\/178578","targetHints":{"allow":["GET"]}}],"collection":[{"href":"https:\/\/www.webdo.tn\/fr\/wp-json\/wp\/v2\/posts"}],"about":[{"href":"https:\/\/www.webdo.tn\/fr\/wp-json\/wp\/v2\/types\/post"}],"author":[{"embeddable":true,"href":"https:\/\/www.webdo.tn\/fr\/wp-json\/wp\/v2\/users\/3222"}],"replies":[{"embeddable":true,"href":"https:\/\/www.webdo.tn\/fr\/wp-json\/wp\/v2\/comments?post=178578"}],"version-history":[{"count":0,"href":"https:\/\/www.webdo.tn\/fr\/wp-json\/wp\/v2\/posts\/178578\/revisions"}],"wp:featuredmedia":[{"embeddable":true,"href":"https:\/\/www.webdo.tn\/fr\/wp-json\/wp\/v2\/media\/333946"}],"wp:attachment":[{"href":"https:\/\/www.webdo.tn\/fr\/wp-json\/wp\/v2\/media?parent=178578"}],"wp:term":[{"taxonomy":"category","embeddable":true,"href":"https:\/\/www.webdo.tn\/fr\/wp-json\/wp\/v2\/categories?post=178578"},{"taxonomy":"post_tag","embeddable":true,"href":"https:\/\/www.webdo.tn\/fr\/wp-json\/wp\/v2\/tags?post=178578"}],"curies":[{"name":"wp","href":"https:\/\/api.w.org\/{rel}","templated":true}]}}