{"id":178577,"date":"2011-11-07T13:29:00","date_gmt":"2011-11-07T13:29:00","guid":{"rendered":"https:\/\/www.webdo.tn\/fr\/blog\/une-pensee-a-ceux-qui-sont-nes-un-7-novembre\/178577\/"},"modified":"2011-11-07T13:29:00","modified_gmt":"2011-11-07T13:29:00","slug":"une-pensee-a-ceux-qui-sont-nes-un-7-novembre","status":"publish","type":"post","link":"https:\/\/www.webdo.tn\/fr\/actualite\/divers\/une-pensee-a-ceux-qui-sont-nes-un-7-novembre\/178577\/","title":{"rendered":"Une pens\u00e9e \u00e0 ceux qui sont n\u00e9s un\u2026 7 novembre"},"content":{"rendered":"<p>Avant, il n\u2019\u00e9tait pas de bon go\u00fbt d\u2019\u00eatre n\u00e9 un 7 novembre ou de s\u2019\u00eatre mari\u00e9 \u00e0 cette date. Celle-ci \u00e9tait l\u2019apanage de Ben Ali et de son parti. Pendant 23 ans, ceux qui voulaient f\u00eater leur anniversaire ou un \u00e9v\u00e9nement personnel le 7 novembre ne le faisaient pas ou tr\u00e8s peu par peur d\u2019\u00eatre montr\u00e9 du doigt ou par \u00abhonte\u00bb, car le faire aurait pu \u00eatre consid\u00e9r\u00e9 comme des festivit\u00e9s pro-Ben Ali. De plus, chez certains, c\u2019\u00e9tait plus psychologique qu\u2019autre chose : associer leur anniversaire \u00e0 un jour aussi \u00abn\u00e9faste\u00bb n\u2019\u00e9tait pas pour leur convenir et ils pr\u00e9f\u00e9raient taire leur date de naissance. On peut tr\u00e8s bien imaginer le \u00abcalvaire\u00bb de ceux qui sont n\u00e9s un 7 novembre.<\/p>\n<p>Apr\u00e8s la r\u00e9volution et la fuite de Ben Ali, certains respirent. Aujourd\u2019hui, m\u00eame si le souvenir de Ben Ali est encore omnipr\u00e9sent (\u00e7a, il ne faut pas se leurrer), il n\u2019en reste pas moins qu\u2019on peut f\u00eater un anniversaire sans en avoir honte ou sans \u00eatre consid\u00e9r\u00e9 comme un membre de l\u2019ex-parti unique. Un bon g\u00e2teau d\u2019anniversaire et ce qui va avec un 7 novembre ne peuvent plus faire de mal \u00e0 personne\u2026<\/p>\n<p>C\u2019\u00e9tait une pens\u00e9e \u00e0 tous ceux qui sont n\u00e9s un 7 novembre et qui peuvent, dor\u00e9navant, le f\u00eater en paix !<\/p>\n","protected":false},"excerpt":{"rendered":"<p>Une pens\u00e9e \u00e0 ceux qui sont n\u00e9s un\u2026 7 novembre<\/p>\n","protected":false},"author":3222,"featured_media":333951,"comment_status":"open","ping_status":"closed","sticky":false,"template":"","format":"standard","meta":{"footnotes":""},"categories":[2839],"tags":[2600],"class_list":["post-178577","post","type-post","status-publish","format-standard","has-post-thumbnail","hentry","category-divers","tag-guerre"],"yoast_head":"<!-- This site is optimized with the Yoast SEO Premium plugin v27.5 (Yoast SEO v27.5) - https:\/\/yoast.com\/product\/yoast-seo-premium-wordpress\/ -->\n<title>Une pens\u00e9e \u00e0 ceux qui sont n\u00e9s un\u2026 7 novembre<\/title>\n<meta name=\"description\" content=\"Une pens\u00e9e \u00e0 ceux qui sont n\u00e9s un\u2026 7 novembre\" \/>\n<link rel=\"canonical\" href=\"https:\/\/www.webdo.tn\/fr\/actualite\/divers\/une-pensee-a-ceux-qui-sont-nes-un-7-novembre\/178577\/\" \/>\n<meta property=\"og:locale\" content=\"fr_FR\" \/>\n<meta property=\"og:type\" content=\"article\" \/>\n<meta property=\"og:title\" content=\"Une pens\u00e9e \u00e0 ceux qui sont n\u00e9s un\u2026 7 novembre\" \/>\n<meta property=\"og:description\" content=\"Une pens\u00e9e \u00e0 ceux qui sont n\u00e9s un\u2026 7 novembre\" \/>\n<meta property=\"og:url\" content=\"https:\/\/www.webdo.tn\/fr\/actualite\/divers\/une-pensee-a-ceux-qui-sont-nes-un-7-novembre\/178577\/\" \/>\n<meta property=\"og:site_name\" content=\"webdo\" \/>\n<meta property=\"article:publisher\" content=\"https:\/\/www.facebook.com\/webdotn\" \/>\n<meta property=\"article:published_time\" content=\"2011-11-07T13:29:00+00:00\" \/>\n<meta property=\"og:image\" content=\"https:\/\/www.webdo.tn\/fr\/wp-content\/uploads\/2011\/11\/Carte-postale-anniversaire-photo-gratuite-carte.com_.jpg\" \/>\n\t<meta property=\"og:image:width\" content=\"235\" \/>\n\t<meta property=\"og:image:height\" content=\"338\" \/>\n\t<meta property=\"og:image:type\" content=\"image\/jpeg\" \/>\n<meta name=\"author\" content=\"webdo.tn\" \/>\n<meta name=\"twitter:card\" content=\"summary_large_image\" \/>\n<meta name=\"twitter:creator\" content=\"@webdo_tn\" \/>\n<meta name=\"twitter:site\" content=\"@webdo_tn\" \/>\n<meta name=\"twitter:label1\" content=\"\u00c9crit par\" \/>\n\t<meta name=\"twitter:data1\" content=\"webdo.tn\" \/>\n\t<meta name=\"twitter:label2\" content=\"Dur\u00e9e de lecture estim\u00e9e\" \/>\n\t<meta name=\"twitter:data2\" content=\"1 minute\" \/>\n<script type=\"application\/ld+json\" class=\"yoast-schema-graph\">{\"@context\":\"https:\\\/\\\/schema.org\",\"@graph\":[{\"@type\":\"NewsArticle\",\"@id\":\"https:\\\/\\\/www.webdo.tn\\\/fr\\\/actualite\\\/divers\\\/une-pensee-a-ceux-qui-sont-nes-un-7-novembre\\\/178577\\\/#article\",\"isPartOf\":{\"@id\":\"https:\\\/\\\/www.webdo.tn\\\/fr\\\/actualite\\\/divers\\\/une-pensee-a-ceux-qui-sont-nes-un-7-novembre\\\/178577\\\/\"},\"author\":{\"name\":\"webdo.tn\",\"@id\":\"https:\\\/\\\/www.webdo.tn\\\/fr\\\/#\\\/schema\\\/person\\\/9a9c6118d687c117df8ef3cc36a4d175\"},\"headline\":\"Une pens\u00e9e \u00e0 ceux qui sont n\u00e9s un\u2026 7 novembre\",\"datePublished\":\"2011-11-07T13:29:00+00:00\",\"mainEntityOfPage\":{\"@id\":\"https:\\\/\\\/www.webdo.tn\\\/fr\\\/actualite\\\/divers\\\/une-pensee-a-ceux-qui-sont-nes-un-7-novembre\\\/178577\\\/\"},\"wordCount\":247,\"commentCount\":0,\"publisher\":{\"@id\":\"https:\\\/\\\/www.webdo.tn\\\/fr\\\/#organization\"},\"image\":{\"@id\":\"https:\\\/\\\/www.webdo.tn\\\/fr\\\/actualite\\\/divers\\\/une-pensee-a-ceux-qui-sont-nes-un-7-novembre\\\/178577\\\/#primaryimage\"},\"thumbnailUrl\":\"https:\\\/\\\/www.webdo.tn\\\/fr\\\/wp-content\\\/uploads\\\/2011\\\/11\\\/Carte-postale-anniversaire-photo-gratuite-carte.com_.jpg\",\"keywords\":[\"guerre\"],\"articleSection\":[\"Divers\"],\"inLanguage\":\"fr-FR\"},{\"@type\":\"WebPage\",\"@id\":\"https:\\\/\\\/www.webdo.tn\\\/fr\\\/actualite\\\/divers\\\/une-pensee-a-ceux-qui-sont-nes-un-7-novembre\\\/178577\\\/\",\"url\":\"https:\\\/\\\/www.webdo.tn\\\/fr\\\/actualite\\\/divers\\\/une-pensee-a-ceux-qui-sont-nes-un-7-novembre\\\/178577\\\/\",\"name\":\"Une pens\u00e9e \u00e0 ceux qui sont n\u00e9s un\u2026 7 novembre\",\"isPartOf\":{\"@id\":\"https:\\\/\\\/www.webdo.tn\\\/fr\\\/#website\"},\"primaryImageOfPage\":{\"@id\":\"https:\\\/\\\/www.webdo.tn\\\/fr\\\/actualite\\\/divers\\\/une-pensee-a-ceux-qui-sont-nes-un-7-novembre\\\/178577\\\/#primaryimage\"},\"image\":{\"@id\":\"https:\\\/\\\/www.webdo.tn\\\/fr\\\/actualite\\\/divers\\\/une-pensee-a-ceux-qui-sont-nes-un-7-novembre\\\/178577\\\/#primaryimage\"},\"thumbnailUrl\":\"https:\\\/\\\/www.webdo.tn\\\/fr\\\/wp-content\\\/uploads\\\/2011\\\/11\\\/Carte-postale-anniversaire-photo-gratuite-carte.com_.jpg\",\"datePublished\":\"2011-11-07T13:29:00+00:00\",\"description\":\"Une pens\u00e9e \u00e0 ceux qui sont n\u00e9s un\u2026 7 novembre\",\"breadcrumb\":{\"@id\":\"https:\\\/\\\/www.webdo.tn\\\/fr\\\/actualite\\\/divers\\\/une-pensee-a-ceux-qui-sont-nes-un-7-novembre\\\/178577\\\/#breadcrumb\"},\"inLanguage\":\"fr-FR\",\"potentialAction\":[{\"@type\":\"ReadAction\",\"target\":[\"https:\\\/\\\/www.webdo.tn\\\/fr\\\/actualite\\\/divers\\\/une-pensee-a-ceux-qui-sont-nes-un-7-novembre\\\/178577\\\/\"]}]},{\"@type\":\"ImageObject\",\"inLanguage\":\"fr-FR\",\"@id\":\"https:\\\/\\\/www.webdo.tn\\\/fr\\\/actualite\\\/divers\\\/une-pensee-a-ceux-qui-sont-nes-un-7-novembre\\\/178577\\\/#primaryimage\",\"url\":\"https:\\\/\\\/www.webdo.tn\\\/fr\\\/wp-content\\\/uploads\\\/2011\\\/11\\\/Carte-postale-anniversaire-photo-gratuite-carte.com_.jpg\",\"contentUrl\":\"https:\\\/\\\/www.webdo.tn\\\/fr\\\/wp-content\\\/uploads\\\/2011\\\/11\\\/Carte-postale-anniversaire-photo-gratuite-carte.com_.jpg\",\"width\":235,\"height\":338,\"caption\":\"Une pens\u00e9e \u00e0 ceux qui sont n\u00e9s un\u2026 7 novembre\"},{\"@type\":\"BreadcrumbList\",\"@id\":\"https:\\\/\\\/www.webdo.tn\\\/fr\\\/actualite\\\/divers\\\/une-pensee-a-ceux-qui-sont-nes-un-7-novembre\\\/178577\\\/#breadcrumb\",\"itemListElement\":[{\"@type\":\"ListItem\",\"position\":1,\"name\":\"Accueil\",\"item\":\"https:\\\/\\\/www.webdo.tn\\\/fr\\\/\"},{\"@type\":\"ListItem\",\"position\":2,\"name\":\"Une pens\u00e9e \u00e0 ceux qui sont n\u00e9s un\u2026 7 novembre\"}]},{\"@type\":\"WebSite\",\"@id\":\"https:\\\/\\\/www.webdo.tn\\\/fr\\\/#website\",\"url\":\"https:\\\/\\\/www.webdo.tn\\\/fr\\\/\",\"name\":\"webdo\",\"description\":\"Tunisie - News en Tunisie et \u00e0 l&#039;international sur Webdo.tn\",\"publisher\":{\"@id\":\"https:\\\/\\\/www.webdo.tn\\\/fr\\\/#organization\"},\"potentialAction\":[{\"@type\":\"SearchAction\",\"target\":{\"@type\":\"EntryPoint\",\"urlTemplate\":\"https:\\\/\\\/www.webdo.tn\\\/fr\\\/?s={search_term_string}\"},\"query-input\":{\"@type\":\"PropertyValueSpecification\",\"valueRequired\":true,\"valueName\":\"search_term_string\"}}],\"inLanguage\":\"fr-FR\"},{\"@type\":\"Organization\",\"@id\":\"https:\\\/\\\/www.webdo.tn\\\/fr\\\/#organization\",\"name\":\"Webdo\",\"alternateName\":\"Webdo.tn\",\"url\":\"https:\\\/\\\/www.webdo.tn\\\/fr\\\/\",\"logo\":{\"@type\":\"ImageObject\",\"inLanguage\":\"fr-FR\",\"@id\":\"https:\\\/\\\/www.webdo.tn\\\/fr\\\/#\\\/schema\\\/logo\\\/image\\\/\",\"url\":\"https:\\\/\\\/www.webdo.tn\\\/fr\\\/wp-content\\\/uploads\\\/2025\\\/06\\\/Webdo-Tunisie_168377.jpg\",\"contentUrl\":\"https:\\\/\\\/www.webdo.tn\\\/fr\\\/wp-content\\\/uploads\\\/2025\\\/06\\\/Webdo-Tunisie_168377.jpg\",\"width\":301,\"height\":301,\"caption\":\"Webdo\"},\"image\":{\"@id\":\"https:\\\/\\\/www.webdo.tn\\\/fr\\\/#\\\/schema\\\/logo\\\/image\\\/\"},\"sameAs\":[\"https:\\\/\\\/www.facebook.com\\\/webdotn\",\"https:\\\/\\\/x.com\\\/webdo_tn\"],\"description\":\"Webdo est un m\u00e9dia num\u00e9rique tunisien fond\u00e9 en 2010, sp\u00e9cialis\u00e9 dans l\u2019actualit\u00e9 nationale et internationale, l\u2019\u00e9conomie, la soci\u00e9t\u00e9 et les analyses politiques. Le site s\u2019adresse \u00e0 un large public francophone et couvre l\u2019information tunisienne en temps r\u00e9el.\",\"email\":\"redac@webdo.tn\",\"legalName\":\"YNJ SARL\",\"foundingDate\":\"2010-09-06\",\"numberOfEmployees\":{\"@type\":\"QuantitativeValue\",\"minValue\":\"11\",\"maxValue\":\"50\"}},{\"@type\":\"Person\",\"@id\":\"https:\\\/\\\/www.webdo.tn\\\/fr\\\/#\\\/schema\\\/person\\\/9a9c6118d687c117df8ef3cc36a4d175\",\"name\":\"webdo.tn\",\"image\":{\"@type\":\"ImageObject\",\"inLanguage\":\"fr-FR\",\"@id\":\"https:\\\/\\\/secure.gravatar.com\\\/avatar\\\/7ce1f28c0c3bbac99ff550b85ef8e44a6950c6ee24514fb6a5489e51d06f0298?s=96&d=mm&r=g\",\"url\":\"https:\\\/\\\/secure.gravatar.com\\\/avatar\\\/7ce1f28c0c3bbac99ff550b85ef8e44a6950c6ee24514fb6a5489e51d06f0298?s=96&d=mm&r=g\",\"contentUrl\":\"https:\\\/\\\/secure.gravatar.com\\\/avatar\\\/7ce1f28c0c3bbac99ff550b85ef8e44a6950c6ee24514fb6a5489e51d06f0298?s=96&d=mm&r=g\",\"caption\":\"webdo.tn\"},\"url\":\"https:\\\/\\\/www.webdo.tn\\\/fr\\\/actualite\\\/author\\\/webdotn\\\/\"}]}<\/script>\n<!-- \/ Yoast SEO Premium plugin. -->","yoast_head_json":{"title":"Une pens\u00e9e \u00e0 ceux qui sont n\u00e9s un\u2026 7 novembre","description":"Une pens\u00e9e \u00e0 ceux qui sont n\u00e9s un\u2026 7 novembre","canonical":"https:\/\/www.webdo.tn\/fr\/actualite\/divers\/une-pensee-a-ceux-qui-sont-nes-un-7-novembre\/178577\/","og_locale":"fr_FR","og_type":"article","og_title":"Une pens\u00e9e \u00e0 ceux qui sont n\u00e9s un\u2026 7 novembre","og_description":"Une pens\u00e9e \u00e0 ceux qui sont n\u00e9s un\u2026 7 novembre","og_url":"https:\/\/www.webdo.tn\/fr\/actualite\/divers\/une-pensee-a-ceux-qui-sont-nes-un-7-novembre\/178577\/","og_site_name":"webdo","article_publisher":"https:\/\/www.facebook.com\/webdotn","article_published_time":"2011-11-07T13:29:00+00:00","og_image":[{"width":235,"height":338,"url":"https:\/\/www.webdo.tn\/fr\/wp-content\/uploads\/2011\/11\/Carte-postale-anniversaire-photo-gratuite-carte.com_.jpg","type":"image\/jpeg"}],"author":"webdo.tn","twitter_card":"summary_large_image","twitter_creator":"@webdo_tn","twitter_site":"@webdo_tn","twitter_misc":{"\u00c9crit par":"webdo.tn","Dur\u00e9e de lecture estim\u00e9e":"1 minute"},"schema":{"@context":"https:\/\/schema.org","@graph":[{"@type":"NewsArticle","@id":"https:\/\/www.webdo.tn\/fr\/actualite\/divers\/une-pensee-a-ceux-qui-sont-nes-un-7-novembre\/178577\/#article","isPartOf":{"@id":"https:\/\/www.webdo.tn\/fr\/actualite\/divers\/une-pensee-a-ceux-qui-sont-nes-un-7-novembre\/178577\/"},"author":{"name":"webdo.tn","@id":"https:\/\/www.webdo.tn\/fr\/#\/schema\/person\/9a9c6118d687c117df8ef3cc36a4d175"},"headline":"Une pens\u00e9e \u00e0 ceux qui sont n\u00e9s un\u2026 7 novembre","datePublished":"2011-11-07T13:29:00+00:00","mainEntityOfPage":{"@id":"https:\/\/www.webdo.tn\/fr\/actualite\/divers\/une-pensee-a-ceux-qui-sont-nes-un-7-novembre\/178577\/"},"wordCount":247,"commentCount":0,"publisher":{"@id":"https:\/\/www.webdo.tn\/fr\/#organization"},"image":{"@id":"https:\/\/www.webdo.tn\/fr\/actualite\/divers\/une-pensee-a-ceux-qui-sont-nes-un-7-novembre\/178577\/#primaryimage"},"thumbnailUrl":"https:\/\/www.webdo.tn\/fr\/wp-content\/uploads\/2011\/11\/Carte-postale-anniversaire-photo-gratuite-carte.com_.jpg","keywords":["guerre"],"articleSection":["Divers"],"inLanguage":"fr-FR"},{"@type":"WebPage","@id":"https:\/\/www.webdo.tn\/fr\/actualite\/divers\/une-pensee-a-ceux-qui-sont-nes-un-7-novembre\/178577\/","url":"https:\/\/www.webdo.tn\/fr\/actualite\/divers\/une-pensee-a-ceux-qui-sont-nes-un-7-novembre\/178577\/","name":"Une pens\u00e9e \u00e0 ceux qui sont n\u00e9s un\u2026 7 novembre","isPartOf":{"@id":"https:\/\/www.webdo.tn\/fr\/#website"},"primaryImageOfPage":{"@id":"https:\/\/www.webdo.tn\/fr\/actualite\/divers\/une-pensee-a-ceux-qui-sont-nes-un-7-novembre\/178577\/#primaryimage"},"image":{"@id":"https:\/\/www.webdo.tn\/fr\/actualite\/divers\/une-pensee-a-ceux-qui-sont-nes-un-7-novembre\/178577\/#primaryimage"},"thumbnailUrl":"https:\/\/www.webdo.tn\/fr\/wp-content\/uploads\/2011\/11\/Carte-postale-anniversaire-photo-gratuite-carte.com_.jpg","datePublished":"2011-11-07T13:29:00+00:00","description":"Une pens\u00e9e \u00e0 ceux qui sont n\u00e9s un\u2026 7 novembre","breadcrumb":{"@id":"https:\/\/www.webdo.tn\/fr\/actualite\/divers\/une-pensee-a-ceux-qui-sont-nes-un-7-novembre\/178577\/#breadcrumb"},"inLanguage":"fr-FR","potentialAction":[{"@type":"ReadAction","target":["https:\/\/www.webdo.tn\/fr\/actualite\/divers\/une-pensee-a-ceux-qui-sont-nes-un-7-novembre\/178577\/"]}]},{"@type":"ImageObject","inLanguage":"fr-FR","@id":"https:\/\/www.webdo.tn\/fr\/actualite\/divers\/une-pensee-a-ceux-qui-sont-nes-un-7-novembre\/178577\/#primaryimage","url":"https:\/\/www.webdo.tn\/fr\/wp-content\/uploads\/2011\/11\/Carte-postale-anniversaire-photo-gratuite-carte.com_.jpg","contentUrl":"https:\/\/www.webdo.tn\/fr\/wp-content\/uploads\/2011\/11\/Carte-postale-anniversaire-photo-gratuite-carte.com_.jpg","width":235,"height":338,"caption":"Une pens\u00e9e \u00e0 ceux qui sont n\u00e9s un\u2026 7 novembre"},{"@type":"BreadcrumbList","@id":"https:\/\/www.webdo.tn\/fr\/actualite\/divers\/une-pensee-a-ceux-qui-sont-nes-un-7-novembre\/178577\/#breadcrumb","itemListElement":[{"@type":"ListItem","position":1,"name":"Accueil","item":"https:\/\/www.webdo.tn\/fr\/"},{"@type":"ListItem","position":2,"name":"Une pens\u00e9e \u00e0 ceux qui sont n\u00e9s un\u2026 7 novembre"}]},{"@type":"WebSite","@id":"https:\/\/www.webdo.tn\/fr\/#website","url":"https:\/\/www.webdo.tn\/fr\/","name":"webdo","description":"Tunisie - News en Tunisie et \u00e0 l&#039;international sur Webdo.tn","publisher":{"@id":"https:\/\/www.webdo.tn\/fr\/#organization"},"potentialAction":[{"@type":"SearchAction","target":{"@type":"EntryPoint","urlTemplate":"https:\/\/www.webdo.tn\/fr\/?s={search_term_string}"},"query-input":{"@type":"PropertyValueSpecification","valueRequired":true,"valueName":"search_term_string"}}],"inLanguage":"fr-FR"},{"@type":"Organization","@id":"https:\/\/www.webdo.tn\/fr\/#organization","name":"Webdo","alternateName":"Webdo.tn","url":"https:\/\/www.webdo.tn\/fr\/","logo":{"@type":"ImageObject","inLanguage":"fr-FR","@id":"https:\/\/www.webdo.tn\/fr\/#\/schema\/logo\/image\/","url":"https:\/\/www.webdo.tn\/fr\/wp-content\/uploads\/2025\/06\/Webdo-Tunisie_168377.jpg","contentUrl":"https:\/\/www.webdo.tn\/fr\/wp-content\/uploads\/2025\/06\/Webdo-Tunisie_168377.jpg","width":301,"height":301,"caption":"Webdo"},"image":{"@id":"https:\/\/www.webdo.tn\/fr\/#\/schema\/logo\/image\/"},"sameAs":["https:\/\/www.facebook.com\/webdotn","https:\/\/x.com\/webdo_tn"],"description":"Webdo est un m\u00e9dia num\u00e9rique tunisien fond\u00e9 en 2010, sp\u00e9cialis\u00e9 dans l\u2019actualit\u00e9 nationale et internationale, l\u2019\u00e9conomie, la soci\u00e9t\u00e9 et les analyses politiques. Le site s\u2019adresse \u00e0 un large public francophone et couvre l\u2019information tunisienne en temps r\u00e9el.","email":"redac@webdo.tn","legalName":"YNJ SARL","foundingDate":"2010-09-06","numberOfEmployees":{"@type":"QuantitativeValue","minValue":"11","maxValue":"50"}},{"@type":"Person","@id":"https:\/\/www.webdo.tn\/fr\/#\/schema\/person\/9a9c6118d687c117df8ef3cc36a4d175","name":"webdo.tn","image":{"@type":"ImageObject","inLanguage":"fr-FR","@id":"https:\/\/secure.gravatar.com\/avatar\/7ce1f28c0c3bbac99ff550b85ef8e44a6950c6ee24514fb6a5489e51d06f0298?s=96&d=mm&r=g","url":"https:\/\/secure.gravatar.com\/avatar\/7ce1f28c0c3bbac99ff550b85ef8e44a6950c6ee24514fb6a5489e51d06f0298?s=96&d=mm&r=g","contentUrl":"https:\/\/secure.gravatar.com\/avatar\/7ce1f28c0c3bbac99ff550b85ef8e44a6950c6ee24514fb6a5489e51d06f0298?s=96&d=mm&r=g","caption":"webdo.tn"},"url":"https:\/\/www.webdo.tn\/fr\/actualite\/author\/webdotn\/"}]}},"_links":{"self":[{"href":"https:\/\/www.webdo.tn\/fr\/wp-json\/wp\/v2\/posts\/178577","targetHints":{"allow":["GET"]}}],"collection":[{"href":"https:\/\/www.webdo.tn\/fr\/wp-json\/wp\/v2\/posts"}],"about":[{"href":"https:\/\/www.webdo.tn\/fr\/wp-json\/wp\/v2\/types\/post"}],"author":[{"embeddable":true,"href":"https:\/\/www.webdo.tn\/fr\/wp-json\/wp\/v2\/users\/3222"}],"replies":[{"embeddable":true,"href":"https:\/\/www.webdo.tn\/fr\/wp-json\/wp\/v2\/comments?post=178577"}],"version-history":[{"count":0,"href":"https:\/\/www.webdo.tn\/fr\/wp-json\/wp\/v2\/posts\/178577\/revisions"}],"wp:featuredmedia":[{"embeddable":true,"href":"https:\/\/www.webdo.tn\/fr\/wp-json\/wp\/v2\/media\/333951"}],"wp:attachment":[{"href":"https:\/\/www.webdo.tn\/fr\/wp-json\/wp\/v2\/media?parent=178577"}],"wp:term":[{"taxonomy":"category","embeddable":true,"href":"https:\/\/www.webdo.tn\/fr\/wp-json\/wp\/v2\/categories?post=178577"},{"taxonomy":"post_tag","embeddable":true,"href":"https:\/\/www.webdo.tn\/fr\/wp-json\/wp\/v2\/tags?post=178577"}],"curies":[{"name":"wp","href":"https:\/\/api.w.org\/{rel}","templated":true}]}}