{"id":178573,"date":"2011-11-20T10:07:00","date_gmt":"2011-11-20T10:07:00","guid":{"rendered":"https:\/\/www.webdo.tn\/fr\/blog\/damas-le-parti-baas-sous-les-roquettes-ou-quand-letau-se-resserre-autour-dal-assad\/178573\/"},"modified":"2011-11-20T10:07:00","modified_gmt":"2011-11-20T10:07:00","slug":"damas-le-parti-baas-sous-les-roquettes-ou-quand-letau-se-resserre-autour-dal-assad","status":"publish","type":"post","link":"https:\/\/www.webdo.tn\/fr\/actualite\/divers\/damas-le-parti-baas-sous-les-roquettes-ou-quand-letau-se-resserre-autour-dal-assad\/178573\/","title":{"rendered":"Damas: le parti Baas sous les roquettes ou quand l&rsquo;\u00e9tau se resserre autour d&rsquo;Al Assad"},"content":{"rendered":"<p>Damas a \u00e9t\u00e9 ce matin, pour la premi\u00e8re fois depuis le d\u00e9but de la r\u00e9volution en Syrie, le th\u00e9\u00e2tre d&rsquo;une attaque des adversaires au r\u00e9gime, rapporte Reuters.<\/p>\n<p>Les opposants demandent le d\u00e9part du pr\u00e9sident Bachar al Assad, qui r\u00e9p\u00e8te dans un entretien diffus\u00e9 samedi soir qu&rsquo;il ne c\u00e8dera pas aux pressions internationales, alors que l&rsquo;ultimatum fix\u00e9 par la Ligue arabe a expir\u00e9.<\/p>\n<p>Au moins deux roquettes ont \u00e9t\u00e9 tir\u00e9es \u00e0 l&rsquo;aube sur l&rsquo;un des si\u00e8ges du parti \u2018Baas\u2019 au pouvoir depuis 1963 en Syrie, ont rapport\u00e9 des habitants.<\/p>\n<p>L&rsquo;Arm\u00e9e syrienne libre, compos\u00e9e de d\u00e9serteurs et bas\u00e9e en Syrie, a revendiqu\u00e9 l&rsquo;attaque. \u00ab\u00a0La place o\u00f9 est situ\u00e9 le si\u00e8ge local du parti \u2018Baas\u2019 a \u00e9t\u00e9 boucl\u00e9e par la police. Mais j&rsquo;ai vu de la fum\u00e9e s&rsquo;\u00e9lever du b\u00e2timent et des camions de pompiers\u00a0\u00bb, a dit, \u00e0 la m\u00eame source, un des t\u00e9moins qui a requis l&rsquo;anonymat.<\/p>\n","protected":false},"excerpt":{"rendered":"<p>Damas: le parti Baas sous les roquettes ou quand l&rsquo;\u00e9tau se resserre autour d&rsquo;Al Assad<\/p>\n","protected":false},"author":3222,"featured_media":333924,"comment_status":"open","ping_status":"closed","sticky":false,"template":"","format":"standard","meta":{"footnotes":""},"categories":[2839],"tags":[2600],"class_list":["post-178573","post","type-post","status-publish","format-standard","has-post-thumbnail","hentry","category-divers","tag-guerre"],"yoast_head":"<!-- This site is optimized with the Yoast SEO Premium plugin v27.5 (Yoast SEO v27.5) - https:\/\/yoast.com\/product\/yoast-seo-premium-wordpress\/ -->\n<title>Damas: le parti Baas sous les roquettes ou quand l&#039;\u00e9tau se resserre autour d&#039;Al Assad<\/title>\n<meta name=\"description\" content=\"Damas: le parti Baas sous les roquettes ou quand l&#039;\u00e9tau se resserre autour d&#039;Al Assad\" \/>\n<link rel=\"canonical\" href=\"https:\/\/www.webdo.tn\/fr\/actualite\/divers\/damas-le-parti-baas-sous-les-roquettes-ou-quand-letau-se-resserre-autour-dal-assad\/178573\/\" \/>\n<meta property=\"og:locale\" content=\"fr_FR\" \/>\n<meta property=\"og:type\" content=\"article\" \/>\n<meta property=\"og:title\" content=\"Damas: le parti Baas sous les roquettes ou quand l&#039;\u00e9tau se resserre autour d&#039;Al Assad\" \/>\n<meta property=\"og:description\" content=\"Damas: le parti Baas sous les roquettes ou quand l&#039;\u00e9tau se resserre autour d&#039;Al Assad\" \/>\n<meta property=\"og:url\" content=\"https:\/\/www.webdo.tn\/fr\/actualite\/divers\/damas-le-parti-baas-sous-les-roquettes-ou-quand-letau-se-resserre-autour-dal-assad\/178573\/\" \/>\n<meta property=\"og:site_name\" content=\"webdo\" \/>\n<meta property=\"article:publisher\" content=\"https:\/\/www.facebook.com\/webdotn\" \/>\n<meta property=\"article:published_time\" content=\"2011-11-20T10:07:00+00:00\" \/>\n<meta property=\"og:image\" content=\"https:\/\/www.webdo.tn\/fr\/wp-content\/uploads\/2011\/11\/Bachar-Al-Assad.jpg\" \/>\n\t<meta property=\"og:image:width\" content=\"179\" \/>\n\t<meta property=\"og:image:height\" content=\"233\" \/>\n\t<meta property=\"og:image:type\" content=\"image\/jpeg\" \/>\n<meta name=\"author\" content=\"webdo.tn\" \/>\n<meta name=\"twitter:card\" content=\"summary_large_image\" \/>\n<meta name=\"twitter:creator\" content=\"@webdo_tn\" \/>\n<meta name=\"twitter:site\" content=\"@webdo_tn\" \/>\n<meta name=\"twitter:label1\" content=\"\u00c9crit par\" \/>\n\t<meta name=\"twitter:data1\" content=\"webdo.tn\" \/>\n\t<meta name=\"twitter:label2\" content=\"Dur\u00e9e de lecture estim\u00e9e\" \/>\n\t<meta name=\"twitter:data2\" content=\"1 minute\" \/>\n<script type=\"application\/ld+json\" class=\"yoast-schema-graph\">{\"@context\":\"https:\\\/\\\/schema.org\",\"@graph\":[{\"@type\":\"NewsArticle\",\"@id\":\"https:\\\/\\\/www.webdo.tn\\\/fr\\\/actualite\\\/divers\\\/damas-le-parti-baas-sous-les-roquettes-ou-quand-letau-se-resserre-autour-dal-assad\\\/178573\\\/#article\",\"isPartOf\":{\"@id\":\"https:\\\/\\\/www.webdo.tn\\\/fr\\\/actualite\\\/divers\\\/damas-le-parti-baas-sous-les-roquettes-ou-quand-letau-se-resserre-autour-dal-assad\\\/178573\\\/\"},\"author\":{\"name\":\"webdo.tn\",\"@id\":\"https:\\\/\\\/www.webdo.tn\\\/fr\\\/#\\\/schema\\\/person\\\/9a9c6118d687c117df8ef3cc36a4d175\"},\"headline\":\"Damas: le parti Baas sous les roquettes ou quand l&rsquo;\u00e9tau se resserre autour d&rsquo;Al Assad\",\"datePublished\":\"2011-11-20T10:07:00+00:00\",\"mainEntityOfPage\":{\"@id\":\"https:\\\/\\\/www.webdo.tn\\\/fr\\\/actualite\\\/divers\\\/damas-le-parti-baas-sous-les-roquettes-ou-quand-letau-se-resserre-autour-dal-assad\\\/178573\\\/\"},\"wordCount\":191,\"commentCount\":0,\"publisher\":{\"@id\":\"https:\\\/\\\/www.webdo.tn\\\/fr\\\/#organization\"},\"image\":{\"@id\":\"https:\\\/\\\/www.webdo.tn\\\/fr\\\/actualite\\\/divers\\\/damas-le-parti-baas-sous-les-roquettes-ou-quand-letau-se-resserre-autour-dal-assad\\\/178573\\\/#primaryimage\"},\"thumbnailUrl\":\"https:\\\/\\\/www.webdo.tn\\\/fr\\\/wp-content\\\/uploads\\\/2011\\\/11\\\/Bachar-Al-Assad.jpg\",\"keywords\":[\"guerre\"],\"articleSection\":[\"Divers\"],\"inLanguage\":\"fr-FR\"},{\"@type\":\"WebPage\",\"@id\":\"https:\\\/\\\/www.webdo.tn\\\/fr\\\/actualite\\\/divers\\\/damas-le-parti-baas-sous-les-roquettes-ou-quand-letau-se-resserre-autour-dal-assad\\\/178573\\\/\",\"url\":\"https:\\\/\\\/www.webdo.tn\\\/fr\\\/actualite\\\/divers\\\/damas-le-parti-baas-sous-les-roquettes-ou-quand-letau-se-resserre-autour-dal-assad\\\/178573\\\/\",\"name\":\"Damas: le parti Baas sous les roquettes ou quand l'\u00e9tau se resserre autour d'Al Assad\",\"isPartOf\":{\"@id\":\"https:\\\/\\\/www.webdo.tn\\\/fr\\\/#website\"},\"primaryImageOfPage\":{\"@id\":\"https:\\\/\\\/www.webdo.tn\\\/fr\\\/actualite\\\/divers\\\/damas-le-parti-baas-sous-les-roquettes-ou-quand-letau-se-resserre-autour-dal-assad\\\/178573\\\/#primaryimage\"},\"image\":{\"@id\":\"https:\\\/\\\/www.webdo.tn\\\/fr\\\/actualite\\\/divers\\\/damas-le-parti-baas-sous-les-roquettes-ou-quand-letau-se-resserre-autour-dal-assad\\\/178573\\\/#primaryimage\"},\"thumbnailUrl\":\"https:\\\/\\\/www.webdo.tn\\\/fr\\\/wp-content\\\/uploads\\\/2011\\\/11\\\/Bachar-Al-Assad.jpg\",\"datePublished\":\"2011-11-20T10:07:00+00:00\",\"description\":\"Damas: le parti Baas sous les roquettes ou quand l'\u00e9tau se resserre autour d'Al Assad\",\"breadcrumb\":{\"@id\":\"https:\\\/\\\/www.webdo.tn\\\/fr\\\/actualite\\\/divers\\\/damas-le-parti-baas-sous-les-roquettes-ou-quand-letau-se-resserre-autour-dal-assad\\\/178573\\\/#breadcrumb\"},\"inLanguage\":\"fr-FR\",\"potentialAction\":[{\"@type\":\"ReadAction\",\"target\":[\"https:\\\/\\\/www.webdo.tn\\\/fr\\\/actualite\\\/divers\\\/damas-le-parti-baas-sous-les-roquettes-ou-quand-letau-se-resserre-autour-dal-assad\\\/178573\\\/\"]}]},{\"@type\":\"ImageObject\",\"inLanguage\":\"fr-FR\",\"@id\":\"https:\\\/\\\/www.webdo.tn\\\/fr\\\/actualite\\\/divers\\\/damas-le-parti-baas-sous-les-roquettes-ou-quand-letau-se-resserre-autour-dal-assad\\\/178573\\\/#primaryimage\",\"url\":\"https:\\\/\\\/www.webdo.tn\\\/fr\\\/wp-content\\\/uploads\\\/2011\\\/11\\\/Bachar-Al-Assad.jpg\",\"contentUrl\":\"https:\\\/\\\/www.webdo.tn\\\/fr\\\/wp-content\\\/uploads\\\/2011\\\/11\\\/Bachar-Al-Assad.jpg\",\"width\":179,\"height\":233,\"caption\":\"Damas: le parti Baas sous les roquettes ou quand l'\u00e9tau se resserre autour d'Al Assad\"},{\"@type\":\"BreadcrumbList\",\"@id\":\"https:\\\/\\\/www.webdo.tn\\\/fr\\\/actualite\\\/divers\\\/damas-le-parti-baas-sous-les-roquettes-ou-quand-letau-se-resserre-autour-dal-assad\\\/178573\\\/#breadcrumb\",\"itemListElement\":[{\"@type\":\"ListItem\",\"position\":1,\"name\":\"Accueil\",\"item\":\"https:\\\/\\\/www.webdo.tn\\\/fr\\\/\"},{\"@type\":\"ListItem\",\"position\":2,\"name\":\"Damas: le parti Baas sous les roquettes ou quand l&rsquo;\u00e9tau se resserre autour d&rsquo;Al Assad\"}]},{\"@type\":\"WebSite\",\"@id\":\"https:\\\/\\\/www.webdo.tn\\\/fr\\\/#website\",\"url\":\"https:\\\/\\\/www.webdo.tn\\\/fr\\\/\",\"name\":\"webdo\",\"description\":\"Tunisie - News en Tunisie et \u00e0 l&#039;international sur Webdo.tn\",\"publisher\":{\"@id\":\"https:\\\/\\\/www.webdo.tn\\\/fr\\\/#organization\"},\"potentialAction\":[{\"@type\":\"SearchAction\",\"target\":{\"@type\":\"EntryPoint\",\"urlTemplate\":\"https:\\\/\\\/www.webdo.tn\\\/fr\\\/?s={search_term_string}\"},\"query-input\":{\"@type\":\"PropertyValueSpecification\",\"valueRequired\":true,\"valueName\":\"search_term_string\"}}],\"inLanguage\":\"fr-FR\"},{\"@type\":\"Organization\",\"@id\":\"https:\\\/\\\/www.webdo.tn\\\/fr\\\/#organization\",\"name\":\"Webdo\",\"alternateName\":\"Webdo.tn\",\"url\":\"https:\\\/\\\/www.webdo.tn\\\/fr\\\/\",\"logo\":{\"@type\":\"ImageObject\",\"inLanguage\":\"fr-FR\",\"@id\":\"https:\\\/\\\/www.webdo.tn\\\/fr\\\/#\\\/schema\\\/logo\\\/image\\\/\",\"url\":\"https:\\\/\\\/www.webdo.tn\\\/fr\\\/wp-content\\\/uploads\\\/2025\\\/06\\\/Webdo-Tunisie_168377.jpg\",\"contentUrl\":\"https:\\\/\\\/www.webdo.tn\\\/fr\\\/wp-content\\\/uploads\\\/2025\\\/06\\\/Webdo-Tunisie_168377.jpg\",\"width\":301,\"height\":301,\"caption\":\"Webdo\"},\"image\":{\"@id\":\"https:\\\/\\\/www.webdo.tn\\\/fr\\\/#\\\/schema\\\/logo\\\/image\\\/\"},\"sameAs\":[\"https:\\\/\\\/www.facebook.com\\\/webdotn\",\"https:\\\/\\\/x.com\\\/webdo_tn\"],\"description\":\"Webdo est un m\u00e9dia num\u00e9rique tunisien fond\u00e9 en 2010, sp\u00e9cialis\u00e9 dans l\u2019actualit\u00e9 nationale et internationale, l\u2019\u00e9conomie, la soci\u00e9t\u00e9 et les analyses politiques. Le site s\u2019adresse \u00e0 un large public francophone et couvre l\u2019information tunisienne en temps r\u00e9el.\",\"email\":\"redac@webdo.tn\",\"legalName\":\"YNJ SARL\",\"foundingDate\":\"2010-09-06\",\"numberOfEmployees\":{\"@type\":\"QuantitativeValue\",\"minValue\":\"11\",\"maxValue\":\"50\"}},{\"@type\":\"Person\",\"@id\":\"https:\\\/\\\/www.webdo.tn\\\/fr\\\/#\\\/schema\\\/person\\\/9a9c6118d687c117df8ef3cc36a4d175\",\"name\":\"webdo.tn\",\"image\":{\"@type\":\"ImageObject\",\"inLanguage\":\"fr-FR\",\"@id\":\"https:\\\/\\\/secure.gravatar.com\\\/avatar\\\/7ce1f28c0c3bbac99ff550b85ef8e44a6950c6ee24514fb6a5489e51d06f0298?s=96&d=mm&r=g\",\"url\":\"https:\\\/\\\/secure.gravatar.com\\\/avatar\\\/7ce1f28c0c3bbac99ff550b85ef8e44a6950c6ee24514fb6a5489e51d06f0298?s=96&d=mm&r=g\",\"contentUrl\":\"https:\\\/\\\/secure.gravatar.com\\\/avatar\\\/7ce1f28c0c3bbac99ff550b85ef8e44a6950c6ee24514fb6a5489e51d06f0298?s=96&d=mm&r=g\",\"caption\":\"webdo.tn\"},\"url\":\"https:\\\/\\\/www.webdo.tn\\\/fr\\\/actualite\\\/author\\\/webdotn\\\/\"}]}<\/script>\n<!-- \/ Yoast SEO Premium plugin. -->","yoast_head_json":{"title":"Damas: le parti Baas sous les roquettes ou quand l'\u00e9tau se resserre autour d'Al Assad","description":"Damas: le parti Baas sous les roquettes ou quand l'\u00e9tau se resserre autour d'Al Assad","canonical":"https:\/\/www.webdo.tn\/fr\/actualite\/divers\/damas-le-parti-baas-sous-les-roquettes-ou-quand-letau-se-resserre-autour-dal-assad\/178573\/","og_locale":"fr_FR","og_type":"article","og_title":"Damas: le parti Baas sous les roquettes ou quand l'\u00e9tau se resserre autour d'Al Assad","og_description":"Damas: le parti Baas sous les roquettes ou quand l'\u00e9tau se resserre autour d'Al Assad","og_url":"https:\/\/www.webdo.tn\/fr\/actualite\/divers\/damas-le-parti-baas-sous-les-roquettes-ou-quand-letau-se-resserre-autour-dal-assad\/178573\/","og_site_name":"webdo","article_publisher":"https:\/\/www.facebook.com\/webdotn","article_published_time":"2011-11-20T10:07:00+00:00","og_image":[{"width":179,"height":233,"url":"https:\/\/www.webdo.tn\/fr\/wp-content\/uploads\/2011\/11\/Bachar-Al-Assad.jpg","type":"image\/jpeg"}],"author":"webdo.tn","twitter_card":"summary_large_image","twitter_creator":"@webdo_tn","twitter_site":"@webdo_tn","twitter_misc":{"\u00c9crit par":"webdo.tn","Dur\u00e9e de lecture estim\u00e9e":"1 minute"},"schema":{"@context":"https:\/\/schema.org","@graph":[{"@type":"NewsArticle","@id":"https:\/\/www.webdo.tn\/fr\/actualite\/divers\/damas-le-parti-baas-sous-les-roquettes-ou-quand-letau-se-resserre-autour-dal-assad\/178573\/#article","isPartOf":{"@id":"https:\/\/www.webdo.tn\/fr\/actualite\/divers\/damas-le-parti-baas-sous-les-roquettes-ou-quand-letau-se-resserre-autour-dal-assad\/178573\/"},"author":{"name":"webdo.tn","@id":"https:\/\/www.webdo.tn\/fr\/#\/schema\/person\/9a9c6118d687c117df8ef3cc36a4d175"},"headline":"Damas: le parti Baas sous les roquettes ou quand l&rsquo;\u00e9tau se resserre autour d&rsquo;Al Assad","datePublished":"2011-11-20T10:07:00+00:00","mainEntityOfPage":{"@id":"https:\/\/www.webdo.tn\/fr\/actualite\/divers\/damas-le-parti-baas-sous-les-roquettes-ou-quand-letau-se-resserre-autour-dal-assad\/178573\/"},"wordCount":191,"commentCount":0,"publisher":{"@id":"https:\/\/www.webdo.tn\/fr\/#organization"},"image":{"@id":"https:\/\/www.webdo.tn\/fr\/actualite\/divers\/damas-le-parti-baas-sous-les-roquettes-ou-quand-letau-se-resserre-autour-dal-assad\/178573\/#primaryimage"},"thumbnailUrl":"https:\/\/www.webdo.tn\/fr\/wp-content\/uploads\/2011\/11\/Bachar-Al-Assad.jpg","keywords":["guerre"],"articleSection":["Divers"],"inLanguage":"fr-FR"},{"@type":"WebPage","@id":"https:\/\/www.webdo.tn\/fr\/actualite\/divers\/damas-le-parti-baas-sous-les-roquettes-ou-quand-letau-se-resserre-autour-dal-assad\/178573\/","url":"https:\/\/www.webdo.tn\/fr\/actualite\/divers\/damas-le-parti-baas-sous-les-roquettes-ou-quand-letau-se-resserre-autour-dal-assad\/178573\/","name":"Damas: le parti Baas sous les roquettes ou quand l'\u00e9tau se resserre autour d'Al Assad","isPartOf":{"@id":"https:\/\/www.webdo.tn\/fr\/#website"},"primaryImageOfPage":{"@id":"https:\/\/www.webdo.tn\/fr\/actualite\/divers\/damas-le-parti-baas-sous-les-roquettes-ou-quand-letau-se-resserre-autour-dal-assad\/178573\/#primaryimage"},"image":{"@id":"https:\/\/www.webdo.tn\/fr\/actualite\/divers\/damas-le-parti-baas-sous-les-roquettes-ou-quand-letau-se-resserre-autour-dal-assad\/178573\/#primaryimage"},"thumbnailUrl":"https:\/\/www.webdo.tn\/fr\/wp-content\/uploads\/2011\/11\/Bachar-Al-Assad.jpg","datePublished":"2011-11-20T10:07:00+00:00","description":"Damas: le parti Baas sous les roquettes ou quand l'\u00e9tau se resserre autour d'Al Assad","breadcrumb":{"@id":"https:\/\/www.webdo.tn\/fr\/actualite\/divers\/damas-le-parti-baas-sous-les-roquettes-ou-quand-letau-se-resserre-autour-dal-assad\/178573\/#breadcrumb"},"inLanguage":"fr-FR","potentialAction":[{"@type":"ReadAction","target":["https:\/\/www.webdo.tn\/fr\/actualite\/divers\/damas-le-parti-baas-sous-les-roquettes-ou-quand-letau-se-resserre-autour-dal-assad\/178573\/"]}]},{"@type":"ImageObject","inLanguage":"fr-FR","@id":"https:\/\/www.webdo.tn\/fr\/actualite\/divers\/damas-le-parti-baas-sous-les-roquettes-ou-quand-letau-se-resserre-autour-dal-assad\/178573\/#primaryimage","url":"https:\/\/www.webdo.tn\/fr\/wp-content\/uploads\/2011\/11\/Bachar-Al-Assad.jpg","contentUrl":"https:\/\/www.webdo.tn\/fr\/wp-content\/uploads\/2011\/11\/Bachar-Al-Assad.jpg","width":179,"height":233,"caption":"Damas: le parti Baas sous les roquettes ou quand l'\u00e9tau se resserre autour d'Al Assad"},{"@type":"BreadcrumbList","@id":"https:\/\/www.webdo.tn\/fr\/actualite\/divers\/damas-le-parti-baas-sous-les-roquettes-ou-quand-letau-se-resserre-autour-dal-assad\/178573\/#breadcrumb","itemListElement":[{"@type":"ListItem","position":1,"name":"Accueil","item":"https:\/\/www.webdo.tn\/fr\/"},{"@type":"ListItem","position":2,"name":"Damas: le parti Baas sous les roquettes ou quand l&rsquo;\u00e9tau se resserre autour d&rsquo;Al Assad"}]},{"@type":"WebSite","@id":"https:\/\/www.webdo.tn\/fr\/#website","url":"https:\/\/www.webdo.tn\/fr\/","name":"webdo","description":"Tunisie - News en Tunisie et \u00e0 l&#039;international sur Webdo.tn","publisher":{"@id":"https:\/\/www.webdo.tn\/fr\/#organization"},"potentialAction":[{"@type":"SearchAction","target":{"@type":"EntryPoint","urlTemplate":"https:\/\/www.webdo.tn\/fr\/?s={search_term_string}"},"query-input":{"@type":"PropertyValueSpecification","valueRequired":true,"valueName":"search_term_string"}}],"inLanguage":"fr-FR"},{"@type":"Organization","@id":"https:\/\/www.webdo.tn\/fr\/#organization","name":"Webdo","alternateName":"Webdo.tn","url":"https:\/\/www.webdo.tn\/fr\/","logo":{"@type":"ImageObject","inLanguage":"fr-FR","@id":"https:\/\/www.webdo.tn\/fr\/#\/schema\/logo\/image\/","url":"https:\/\/www.webdo.tn\/fr\/wp-content\/uploads\/2025\/06\/Webdo-Tunisie_168377.jpg","contentUrl":"https:\/\/www.webdo.tn\/fr\/wp-content\/uploads\/2025\/06\/Webdo-Tunisie_168377.jpg","width":301,"height":301,"caption":"Webdo"},"image":{"@id":"https:\/\/www.webdo.tn\/fr\/#\/schema\/logo\/image\/"},"sameAs":["https:\/\/www.facebook.com\/webdotn","https:\/\/x.com\/webdo_tn"],"description":"Webdo est un m\u00e9dia num\u00e9rique tunisien fond\u00e9 en 2010, sp\u00e9cialis\u00e9 dans l\u2019actualit\u00e9 nationale et internationale, l\u2019\u00e9conomie, la soci\u00e9t\u00e9 et les analyses politiques. Le site s\u2019adresse \u00e0 un large public francophone et couvre l\u2019information tunisienne en temps r\u00e9el.","email":"redac@webdo.tn","legalName":"YNJ SARL","foundingDate":"2010-09-06","numberOfEmployees":{"@type":"QuantitativeValue","minValue":"11","maxValue":"50"}},{"@type":"Person","@id":"https:\/\/www.webdo.tn\/fr\/#\/schema\/person\/9a9c6118d687c117df8ef3cc36a4d175","name":"webdo.tn","image":{"@type":"ImageObject","inLanguage":"fr-FR","@id":"https:\/\/secure.gravatar.com\/avatar\/7ce1f28c0c3bbac99ff550b85ef8e44a6950c6ee24514fb6a5489e51d06f0298?s=96&d=mm&r=g","url":"https:\/\/secure.gravatar.com\/avatar\/7ce1f28c0c3bbac99ff550b85ef8e44a6950c6ee24514fb6a5489e51d06f0298?s=96&d=mm&r=g","contentUrl":"https:\/\/secure.gravatar.com\/avatar\/7ce1f28c0c3bbac99ff550b85ef8e44a6950c6ee24514fb6a5489e51d06f0298?s=96&d=mm&r=g","caption":"webdo.tn"},"url":"https:\/\/www.webdo.tn\/fr\/actualite\/author\/webdotn\/"}]}},"_links":{"self":[{"href":"https:\/\/www.webdo.tn\/fr\/wp-json\/wp\/v2\/posts\/178573","targetHints":{"allow":["GET"]}}],"collection":[{"href":"https:\/\/www.webdo.tn\/fr\/wp-json\/wp\/v2\/posts"}],"about":[{"href":"https:\/\/www.webdo.tn\/fr\/wp-json\/wp\/v2\/types\/post"}],"author":[{"embeddable":true,"href":"https:\/\/www.webdo.tn\/fr\/wp-json\/wp\/v2\/users\/3222"}],"replies":[{"embeddable":true,"href":"https:\/\/www.webdo.tn\/fr\/wp-json\/wp\/v2\/comments?post=178573"}],"version-history":[{"count":0,"href":"https:\/\/www.webdo.tn\/fr\/wp-json\/wp\/v2\/posts\/178573\/revisions"}],"wp:featuredmedia":[{"embeddable":true,"href":"https:\/\/www.webdo.tn\/fr\/wp-json\/wp\/v2\/media\/333924"}],"wp:attachment":[{"href":"https:\/\/www.webdo.tn\/fr\/wp-json\/wp\/v2\/media?parent=178573"}],"wp:term":[{"taxonomy":"category","embeddable":true,"href":"https:\/\/www.webdo.tn\/fr\/wp-json\/wp\/v2\/categories?post=178573"},{"taxonomy":"post_tag","embeddable":true,"href":"https:\/\/www.webdo.tn\/fr\/wp-json\/wp\/v2\/tags?post=178573"}],"curies":[{"name":"wp","href":"https:\/\/api.w.org\/{rel}","templated":true}]}}