{"id":178572,"date":"2011-11-23T18:47:00","date_gmt":"2011-11-23T18:47:00","guid":{"rendered":"https:\/\/www.webdo.tn\/fr\/blog\/le-bout-du-tunnel-pour-le-yemen-salah-signe\/178572\/"},"modified":"2025-06-04T19:03:54","modified_gmt":"2025-06-04T19:03:54","slug":"le-bout-du-tunnel-pour-le-yemen-salah-signe","status":"publish","type":"post","link":"https:\/\/www.webdo.tn\/fr\/actualite\/divers\/le-bout-du-tunnel-pour-le-yemen-salah-signe\/178572\/","title":{"rendered":"Le bout du tunnel pour le Y\u00e9men ? Salah signe&#8230;"},"content":{"rendered":"<p>Le pr\u00e9sident y\u00e9m\u00e9nite, Ali Abdallah Salah, a sign\u00e9 cet apr\u00e8s-midi l&rsquo;accord de transfert du pouvoir pr\u00e9par\u00e9 par le Conseil de coop\u00e9ration du Golfe (CCG). Il devrait ensuite se rendra \u00e0 New York pour y subir des soins m\u00e9dicaux, a affirm\u00e9 le secr\u00e9taire g\u00e9n\u00e9ral de l&rsquo;ONU.<\/p>\n<p>Ban Ki-Moon a aussi indiqu\u00e9 que le pr\u00e9sident Salah avait exprim\u00e9 ces projets lors d&rsquo;une conversation t\u00e9l\u00e9phonique hier, mardi. \u00ab\u00a0Hier (mardi) j&rsquo;ai appel\u00e9 le pr\u00e9sident Saleh et l&rsquo;ai fortement encourag\u00e9 \u00e0 signer l&rsquo;accord bas\u00e9 sur l&rsquo;initiative du CCG. Il m&rsquo;a dit qu&rsquo;il le ferait imm\u00e9diatement et m&rsquo;a demand\u00e9 que la mission de l&rsquo;ONU apporte le soutien n\u00e9cessaire et reste sur place\u00a0\u00bb, a dit le chef de l&rsquo;ONU devant des journalistes. \u00ab\u00a0Je lui ai dit que les Nations unies n&rsquo;\u00e9pargneraient aucun effort et, en tant que secr\u00e9taire g\u00e9n\u00e9ral des Nations unies, je ferai de mon mieux pour mobiliser les ressources n\u00e9cessaires et le soutien pour que la paix et la stabilit\u00e9 et l&rsquo;ordre d\u00e9mocratique soient restaur\u00e9s au Y\u00e9men&#8230; Il m&rsquo;a dit clairement qu&rsquo;il rendra tous les pouvoirs, mais je comprends l&rsquo;accord qui pr\u00e9voit qu&rsquo;il demeure encore pr\u00e9sident\u00a0\u00bb, a indiqu\u00e9 Ban Ki-Moon.<\/p>\n<p>Rappelons que Salah qui doit remettre le pouvoir pour une p\u00e9riode d&rsquo;int\u00e9rim \u00e0 son vice-pr\u00e9sident, Abd Rabbo Mansour Hadi, avait refus\u00e9 jusqu&rsquo;\u00e0 pr\u00e9sent de signer le plan de sortie de crise, acceptant puis se r\u00e9tractant \u00e0 la derni\u00e8re minute \u00e0 plusieurs reprises.<\/p>\n<p>Le pr\u00e9sident y\u00e9m\u00e9nite est arriv\u00e9 aujourd\u2019hui \u00e0 Ryad, ce matin, dans le but de signer l&rsquo;accord. Un \u00e9missaire de l&rsquo;ONU avait annonc\u00e9 mardi la finalisation d&rsquo;un pacte entre le pouvoir et l&rsquo;opposition sur un plan de sortie de crise, conform\u00e9ment \u00e0 une initiative des monarchies arabes du Golfe.<\/p>\n<p>Le pr\u00e9sident y\u00e9m\u00e9nite est le premier Chef d\u2019Etat arabe \u2018d\u00e9chu\u2019 suite \u00e0 un accord n\u00e9goci\u00e9.<\/p>\n","protected":false},"excerpt":{"rendered":"<p>Le bout du tunnel pour le Y\u00e9men ? Salah signe&#8230;<\/p>\n","protected":false},"author":3222,"featured_media":333909,"comment_status":"open","ping_status":"closed","sticky":false,"template":"","format":"standard","meta":{"footnotes":""},"categories":[2839],"tags":[],"class_list":["post-178572","post","type-post","status-publish","format-standard","has-post-thumbnail","hentry","category-divers"],"yoast_head":"<!-- This site is optimized with the Yoast SEO Premium plugin v27.5 (Yoast SEO v27.5) - https:\/\/yoast.com\/product\/yoast-seo-premium-wordpress\/ -->\n<title>Le bout du tunnel pour le Y\u00e9men ? Salah signe...<\/title>\n<meta name=\"description\" content=\"Le bout du tunnel pour le Y\u00e9men ? Salah signe...\" \/>\n<link rel=\"canonical\" href=\"https:\/\/www.webdo.tn\/fr\/actualite\/divers\/le-bout-du-tunnel-pour-le-yemen-salah-signe\/178572\/\" \/>\n<meta property=\"og:locale\" content=\"fr_FR\" \/>\n<meta property=\"og:type\" content=\"article\" \/>\n<meta property=\"og:title\" content=\"Le bout du tunnel pour le Y\u00e9men ? Salah signe...\" \/>\n<meta property=\"og:description\" content=\"Le bout du tunnel pour le Y\u00e9men ? Salah signe...\" \/>\n<meta property=\"og:url\" content=\"https:\/\/www.webdo.tn\/fr\/actualite\/divers\/le-bout-du-tunnel-pour-le-yemen-salah-signe\/178572\/\" \/>\n<meta property=\"og:site_name\" content=\"webdo\" \/>\n<meta property=\"article:publisher\" content=\"https:\/\/www.facebook.com\/webdotn\" \/>\n<meta property=\"article:published_time\" content=\"2011-11-23T18:47:00+00:00\" \/>\n<meta property=\"article:modified_time\" content=\"2025-06-04T19:03:54+00:00\" \/>\n<meta property=\"og:image\" content=\"https:\/\/www.webdo.tn\/fr\/wp-content\/uploads\/2011\/11\/Ali-Salah-signe-laccord-NouvelObs.com_-150x150-1.jpg\" \/>\n\t<meta property=\"og:image:width\" content=\"150\" \/>\n\t<meta property=\"og:image:height\" content=\"150\" \/>\n\t<meta property=\"og:image:type\" content=\"image\/jpeg\" \/>\n<meta name=\"author\" content=\"webdo.tn\" \/>\n<meta name=\"twitter:card\" content=\"summary_large_image\" \/>\n<meta name=\"twitter:creator\" content=\"@webdo_tn\" \/>\n<meta name=\"twitter:site\" content=\"@webdo_tn\" \/>\n<meta name=\"twitter:label1\" content=\"\u00c9crit par\" \/>\n\t<meta name=\"twitter:data1\" content=\"webdo.tn\" \/>\n\t<meta name=\"twitter:label2\" content=\"Dur\u00e9e de lecture estim\u00e9e\" \/>\n\t<meta name=\"twitter:data2\" content=\"2 minutes\" \/>\n<script type=\"application\/ld+json\" class=\"yoast-schema-graph\">{\"@context\":\"https:\\\/\\\/schema.org\",\"@graph\":[{\"@type\":\"NewsArticle\",\"@id\":\"https:\\\/\\\/www.webdo.tn\\\/fr\\\/actualite\\\/divers\\\/le-bout-du-tunnel-pour-le-yemen-salah-signe\\\/178572\\\/#article\",\"isPartOf\":{\"@id\":\"https:\\\/\\\/www.webdo.tn\\\/fr\\\/actualite\\\/divers\\\/le-bout-du-tunnel-pour-le-yemen-salah-signe\\\/178572\\\/\"},\"author\":{\"name\":\"webdo.tn\",\"@id\":\"https:\\\/\\\/www.webdo.tn\\\/fr\\\/#\\\/schema\\\/person\\\/9a9c6118d687c117df8ef3cc36a4d175\"},\"headline\":\"Le bout du tunnel pour le Y\u00e9men ? Salah signe&#8230;\",\"datePublished\":\"2011-11-23T18:47:00+00:00\",\"dateModified\":\"2025-06-04T19:03:54+00:00\",\"mainEntityOfPage\":{\"@id\":\"https:\\\/\\\/www.webdo.tn\\\/fr\\\/actualite\\\/divers\\\/le-bout-du-tunnel-pour-le-yemen-salah-signe\\\/178572\\\/\"},\"wordCount\":357,\"commentCount\":0,\"publisher\":{\"@id\":\"https:\\\/\\\/www.webdo.tn\\\/fr\\\/#organization\"},\"image\":{\"@id\":\"https:\\\/\\\/www.webdo.tn\\\/fr\\\/actualite\\\/divers\\\/le-bout-du-tunnel-pour-le-yemen-salah-signe\\\/178572\\\/#primaryimage\"},\"thumbnailUrl\":\"https:\\\/\\\/www.webdo.tn\\\/fr\\\/wp-content\\\/uploads\\\/2011\\\/11\\\/Ali-Salah-signe-laccord-NouvelObs.com_-150x150-1.jpg\",\"articleSection\":[\"Divers\"],\"inLanguage\":\"fr-FR\"},{\"@type\":\"WebPage\",\"@id\":\"https:\\\/\\\/www.webdo.tn\\\/fr\\\/actualite\\\/divers\\\/le-bout-du-tunnel-pour-le-yemen-salah-signe\\\/178572\\\/\",\"url\":\"https:\\\/\\\/www.webdo.tn\\\/fr\\\/actualite\\\/divers\\\/le-bout-du-tunnel-pour-le-yemen-salah-signe\\\/178572\\\/\",\"name\":\"Le bout du tunnel pour le Y\u00e9men ? Salah signe...\",\"isPartOf\":{\"@id\":\"https:\\\/\\\/www.webdo.tn\\\/fr\\\/#website\"},\"primaryImageOfPage\":{\"@id\":\"https:\\\/\\\/www.webdo.tn\\\/fr\\\/actualite\\\/divers\\\/le-bout-du-tunnel-pour-le-yemen-salah-signe\\\/178572\\\/#primaryimage\"},\"image\":{\"@id\":\"https:\\\/\\\/www.webdo.tn\\\/fr\\\/actualite\\\/divers\\\/le-bout-du-tunnel-pour-le-yemen-salah-signe\\\/178572\\\/#primaryimage\"},\"thumbnailUrl\":\"https:\\\/\\\/www.webdo.tn\\\/fr\\\/wp-content\\\/uploads\\\/2011\\\/11\\\/Ali-Salah-signe-laccord-NouvelObs.com_-150x150-1.jpg\",\"datePublished\":\"2011-11-23T18:47:00+00:00\",\"dateModified\":\"2025-06-04T19:03:54+00:00\",\"description\":\"Le bout du tunnel pour le Y\u00e9men ? Salah signe...\",\"breadcrumb\":{\"@id\":\"https:\\\/\\\/www.webdo.tn\\\/fr\\\/actualite\\\/divers\\\/le-bout-du-tunnel-pour-le-yemen-salah-signe\\\/178572\\\/#breadcrumb\"},\"inLanguage\":\"fr-FR\",\"potentialAction\":[{\"@type\":\"ReadAction\",\"target\":[\"https:\\\/\\\/www.webdo.tn\\\/fr\\\/actualite\\\/divers\\\/le-bout-du-tunnel-pour-le-yemen-salah-signe\\\/178572\\\/\"]}]},{\"@type\":\"ImageObject\",\"inLanguage\":\"fr-FR\",\"@id\":\"https:\\\/\\\/www.webdo.tn\\\/fr\\\/actualite\\\/divers\\\/le-bout-du-tunnel-pour-le-yemen-salah-signe\\\/178572\\\/#primaryimage\",\"url\":\"https:\\\/\\\/www.webdo.tn\\\/fr\\\/wp-content\\\/uploads\\\/2011\\\/11\\\/Ali-Salah-signe-laccord-NouvelObs.com_-150x150-1.jpg\",\"contentUrl\":\"https:\\\/\\\/www.webdo.tn\\\/fr\\\/wp-content\\\/uploads\\\/2011\\\/11\\\/Ali-Salah-signe-laccord-NouvelObs.com_-150x150-1.jpg\",\"width\":150,\"height\":150,\"caption\":\"Le bout du tunnel pour le Y\u00e9men ? Salah signe...\"},{\"@type\":\"BreadcrumbList\",\"@id\":\"https:\\\/\\\/www.webdo.tn\\\/fr\\\/actualite\\\/divers\\\/le-bout-du-tunnel-pour-le-yemen-salah-signe\\\/178572\\\/#breadcrumb\",\"itemListElement\":[{\"@type\":\"ListItem\",\"position\":1,\"name\":\"Accueil\",\"item\":\"https:\\\/\\\/www.webdo.tn\\\/fr\\\/\"},{\"@type\":\"ListItem\",\"position\":2,\"name\":\"Le bout du tunnel pour le Y\u00e9men ? Salah signe&#8230;\"}]},{\"@type\":\"WebSite\",\"@id\":\"https:\\\/\\\/www.webdo.tn\\\/fr\\\/#website\",\"url\":\"https:\\\/\\\/www.webdo.tn\\\/fr\\\/\",\"name\":\"webdo\",\"description\":\"Tunisie - News en Tunisie et \u00e0 l&#039;international sur Webdo.tn\",\"publisher\":{\"@id\":\"https:\\\/\\\/www.webdo.tn\\\/fr\\\/#organization\"},\"potentialAction\":[{\"@type\":\"SearchAction\",\"target\":{\"@type\":\"EntryPoint\",\"urlTemplate\":\"https:\\\/\\\/www.webdo.tn\\\/fr\\\/?s={search_term_string}\"},\"query-input\":{\"@type\":\"PropertyValueSpecification\",\"valueRequired\":true,\"valueName\":\"search_term_string\"}}],\"inLanguage\":\"fr-FR\"},{\"@type\":\"Organization\",\"@id\":\"https:\\\/\\\/www.webdo.tn\\\/fr\\\/#organization\",\"name\":\"Webdo\",\"alternateName\":\"Webdo.tn\",\"url\":\"https:\\\/\\\/www.webdo.tn\\\/fr\\\/\",\"logo\":{\"@type\":\"ImageObject\",\"inLanguage\":\"fr-FR\",\"@id\":\"https:\\\/\\\/www.webdo.tn\\\/fr\\\/#\\\/schema\\\/logo\\\/image\\\/\",\"url\":\"https:\\\/\\\/www.webdo.tn\\\/fr\\\/wp-content\\\/uploads\\\/2025\\\/06\\\/Webdo-Tunisie_168377.jpg\",\"contentUrl\":\"https:\\\/\\\/www.webdo.tn\\\/fr\\\/wp-content\\\/uploads\\\/2025\\\/06\\\/Webdo-Tunisie_168377.jpg\",\"width\":301,\"height\":301,\"caption\":\"Webdo\"},\"image\":{\"@id\":\"https:\\\/\\\/www.webdo.tn\\\/fr\\\/#\\\/schema\\\/logo\\\/image\\\/\"},\"sameAs\":[\"https:\\\/\\\/www.facebook.com\\\/webdotn\",\"https:\\\/\\\/x.com\\\/webdo_tn\"],\"description\":\"Webdo est un m\u00e9dia num\u00e9rique tunisien fond\u00e9 en 2010, sp\u00e9cialis\u00e9 dans l\u2019actualit\u00e9 nationale et internationale, l\u2019\u00e9conomie, la soci\u00e9t\u00e9 et les analyses politiques. Le site s\u2019adresse \u00e0 un large public francophone et couvre l\u2019information tunisienne en temps r\u00e9el.\",\"email\":\"redac@webdo.tn\",\"legalName\":\"YNJ SARL\",\"foundingDate\":\"2010-09-06\",\"numberOfEmployees\":{\"@type\":\"QuantitativeValue\",\"minValue\":\"11\",\"maxValue\":\"50\"}},{\"@type\":\"Person\",\"@id\":\"https:\\\/\\\/www.webdo.tn\\\/fr\\\/#\\\/schema\\\/person\\\/9a9c6118d687c117df8ef3cc36a4d175\",\"name\":\"webdo.tn\",\"image\":{\"@type\":\"ImageObject\",\"inLanguage\":\"fr-FR\",\"@id\":\"https:\\\/\\\/secure.gravatar.com\\\/avatar\\\/7ce1f28c0c3bbac99ff550b85ef8e44a6950c6ee24514fb6a5489e51d06f0298?s=96&d=mm&r=g\",\"url\":\"https:\\\/\\\/secure.gravatar.com\\\/avatar\\\/7ce1f28c0c3bbac99ff550b85ef8e44a6950c6ee24514fb6a5489e51d06f0298?s=96&d=mm&r=g\",\"contentUrl\":\"https:\\\/\\\/secure.gravatar.com\\\/avatar\\\/7ce1f28c0c3bbac99ff550b85ef8e44a6950c6ee24514fb6a5489e51d06f0298?s=96&d=mm&r=g\",\"caption\":\"webdo.tn\"},\"url\":\"https:\\\/\\\/www.webdo.tn\\\/fr\\\/actualite\\\/author\\\/webdotn\\\/\"}]}<\/script>\n<!-- \/ Yoast SEO Premium plugin. -->","yoast_head_json":{"title":"Le bout du tunnel pour le Y\u00e9men ? Salah signe...","description":"Le bout du tunnel pour le Y\u00e9men ? Salah signe...","canonical":"https:\/\/www.webdo.tn\/fr\/actualite\/divers\/le-bout-du-tunnel-pour-le-yemen-salah-signe\/178572\/","og_locale":"fr_FR","og_type":"article","og_title":"Le bout du tunnel pour le Y\u00e9men ? Salah signe...","og_description":"Le bout du tunnel pour le Y\u00e9men ? Salah signe...","og_url":"https:\/\/www.webdo.tn\/fr\/actualite\/divers\/le-bout-du-tunnel-pour-le-yemen-salah-signe\/178572\/","og_site_name":"webdo","article_publisher":"https:\/\/www.facebook.com\/webdotn","article_published_time":"2011-11-23T18:47:00+00:00","article_modified_time":"2025-06-04T19:03:54+00:00","og_image":[{"width":150,"height":150,"url":"https:\/\/www.webdo.tn\/fr\/wp-content\/uploads\/2011\/11\/Ali-Salah-signe-laccord-NouvelObs.com_-150x150-1.jpg","type":"image\/jpeg"}],"author":"webdo.tn","twitter_card":"summary_large_image","twitter_creator":"@webdo_tn","twitter_site":"@webdo_tn","twitter_misc":{"\u00c9crit par":"webdo.tn","Dur\u00e9e de lecture estim\u00e9e":"2 minutes"},"schema":{"@context":"https:\/\/schema.org","@graph":[{"@type":"NewsArticle","@id":"https:\/\/www.webdo.tn\/fr\/actualite\/divers\/le-bout-du-tunnel-pour-le-yemen-salah-signe\/178572\/#article","isPartOf":{"@id":"https:\/\/www.webdo.tn\/fr\/actualite\/divers\/le-bout-du-tunnel-pour-le-yemen-salah-signe\/178572\/"},"author":{"name":"webdo.tn","@id":"https:\/\/www.webdo.tn\/fr\/#\/schema\/person\/9a9c6118d687c117df8ef3cc36a4d175"},"headline":"Le bout du tunnel pour le Y\u00e9men ? Salah signe&#8230;","datePublished":"2011-11-23T18:47:00+00:00","dateModified":"2025-06-04T19:03:54+00:00","mainEntityOfPage":{"@id":"https:\/\/www.webdo.tn\/fr\/actualite\/divers\/le-bout-du-tunnel-pour-le-yemen-salah-signe\/178572\/"},"wordCount":357,"commentCount":0,"publisher":{"@id":"https:\/\/www.webdo.tn\/fr\/#organization"},"image":{"@id":"https:\/\/www.webdo.tn\/fr\/actualite\/divers\/le-bout-du-tunnel-pour-le-yemen-salah-signe\/178572\/#primaryimage"},"thumbnailUrl":"https:\/\/www.webdo.tn\/fr\/wp-content\/uploads\/2011\/11\/Ali-Salah-signe-laccord-NouvelObs.com_-150x150-1.jpg","articleSection":["Divers"],"inLanguage":"fr-FR"},{"@type":"WebPage","@id":"https:\/\/www.webdo.tn\/fr\/actualite\/divers\/le-bout-du-tunnel-pour-le-yemen-salah-signe\/178572\/","url":"https:\/\/www.webdo.tn\/fr\/actualite\/divers\/le-bout-du-tunnel-pour-le-yemen-salah-signe\/178572\/","name":"Le bout du tunnel pour le Y\u00e9men ? Salah signe...","isPartOf":{"@id":"https:\/\/www.webdo.tn\/fr\/#website"},"primaryImageOfPage":{"@id":"https:\/\/www.webdo.tn\/fr\/actualite\/divers\/le-bout-du-tunnel-pour-le-yemen-salah-signe\/178572\/#primaryimage"},"image":{"@id":"https:\/\/www.webdo.tn\/fr\/actualite\/divers\/le-bout-du-tunnel-pour-le-yemen-salah-signe\/178572\/#primaryimage"},"thumbnailUrl":"https:\/\/www.webdo.tn\/fr\/wp-content\/uploads\/2011\/11\/Ali-Salah-signe-laccord-NouvelObs.com_-150x150-1.jpg","datePublished":"2011-11-23T18:47:00+00:00","dateModified":"2025-06-04T19:03:54+00:00","description":"Le bout du tunnel pour le Y\u00e9men ? Salah signe...","breadcrumb":{"@id":"https:\/\/www.webdo.tn\/fr\/actualite\/divers\/le-bout-du-tunnel-pour-le-yemen-salah-signe\/178572\/#breadcrumb"},"inLanguage":"fr-FR","potentialAction":[{"@type":"ReadAction","target":["https:\/\/www.webdo.tn\/fr\/actualite\/divers\/le-bout-du-tunnel-pour-le-yemen-salah-signe\/178572\/"]}]},{"@type":"ImageObject","inLanguage":"fr-FR","@id":"https:\/\/www.webdo.tn\/fr\/actualite\/divers\/le-bout-du-tunnel-pour-le-yemen-salah-signe\/178572\/#primaryimage","url":"https:\/\/www.webdo.tn\/fr\/wp-content\/uploads\/2011\/11\/Ali-Salah-signe-laccord-NouvelObs.com_-150x150-1.jpg","contentUrl":"https:\/\/www.webdo.tn\/fr\/wp-content\/uploads\/2011\/11\/Ali-Salah-signe-laccord-NouvelObs.com_-150x150-1.jpg","width":150,"height":150,"caption":"Le bout du tunnel pour le Y\u00e9men ? Salah signe..."},{"@type":"BreadcrumbList","@id":"https:\/\/www.webdo.tn\/fr\/actualite\/divers\/le-bout-du-tunnel-pour-le-yemen-salah-signe\/178572\/#breadcrumb","itemListElement":[{"@type":"ListItem","position":1,"name":"Accueil","item":"https:\/\/www.webdo.tn\/fr\/"},{"@type":"ListItem","position":2,"name":"Le bout du tunnel pour le Y\u00e9men ? Salah signe&#8230;"}]},{"@type":"WebSite","@id":"https:\/\/www.webdo.tn\/fr\/#website","url":"https:\/\/www.webdo.tn\/fr\/","name":"webdo","description":"Tunisie - News en Tunisie et \u00e0 l&#039;international sur Webdo.tn","publisher":{"@id":"https:\/\/www.webdo.tn\/fr\/#organization"},"potentialAction":[{"@type":"SearchAction","target":{"@type":"EntryPoint","urlTemplate":"https:\/\/www.webdo.tn\/fr\/?s={search_term_string}"},"query-input":{"@type":"PropertyValueSpecification","valueRequired":true,"valueName":"search_term_string"}}],"inLanguage":"fr-FR"},{"@type":"Organization","@id":"https:\/\/www.webdo.tn\/fr\/#organization","name":"Webdo","alternateName":"Webdo.tn","url":"https:\/\/www.webdo.tn\/fr\/","logo":{"@type":"ImageObject","inLanguage":"fr-FR","@id":"https:\/\/www.webdo.tn\/fr\/#\/schema\/logo\/image\/","url":"https:\/\/www.webdo.tn\/fr\/wp-content\/uploads\/2025\/06\/Webdo-Tunisie_168377.jpg","contentUrl":"https:\/\/www.webdo.tn\/fr\/wp-content\/uploads\/2025\/06\/Webdo-Tunisie_168377.jpg","width":301,"height":301,"caption":"Webdo"},"image":{"@id":"https:\/\/www.webdo.tn\/fr\/#\/schema\/logo\/image\/"},"sameAs":["https:\/\/www.facebook.com\/webdotn","https:\/\/x.com\/webdo_tn"],"description":"Webdo est un m\u00e9dia num\u00e9rique tunisien fond\u00e9 en 2010, sp\u00e9cialis\u00e9 dans l\u2019actualit\u00e9 nationale et internationale, l\u2019\u00e9conomie, la soci\u00e9t\u00e9 et les analyses politiques. Le site s\u2019adresse \u00e0 un large public francophone et couvre l\u2019information tunisienne en temps r\u00e9el.","email":"redac@webdo.tn","legalName":"YNJ SARL","foundingDate":"2010-09-06","numberOfEmployees":{"@type":"QuantitativeValue","minValue":"11","maxValue":"50"}},{"@type":"Person","@id":"https:\/\/www.webdo.tn\/fr\/#\/schema\/person\/9a9c6118d687c117df8ef3cc36a4d175","name":"webdo.tn","image":{"@type":"ImageObject","inLanguage":"fr-FR","@id":"https:\/\/secure.gravatar.com\/avatar\/7ce1f28c0c3bbac99ff550b85ef8e44a6950c6ee24514fb6a5489e51d06f0298?s=96&d=mm&r=g","url":"https:\/\/secure.gravatar.com\/avatar\/7ce1f28c0c3bbac99ff550b85ef8e44a6950c6ee24514fb6a5489e51d06f0298?s=96&d=mm&r=g","contentUrl":"https:\/\/secure.gravatar.com\/avatar\/7ce1f28c0c3bbac99ff550b85ef8e44a6950c6ee24514fb6a5489e51d06f0298?s=96&d=mm&r=g","caption":"webdo.tn"},"url":"https:\/\/www.webdo.tn\/fr\/actualite\/author\/webdotn\/"}]}},"_links":{"self":[{"href":"https:\/\/www.webdo.tn\/fr\/wp-json\/wp\/v2\/posts\/178572","targetHints":{"allow":["GET"]}}],"collection":[{"href":"https:\/\/www.webdo.tn\/fr\/wp-json\/wp\/v2\/posts"}],"about":[{"href":"https:\/\/www.webdo.tn\/fr\/wp-json\/wp\/v2\/types\/post"}],"author":[{"embeddable":true,"href":"https:\/\/www.webdo.tn\/fr\/wp-json\/wp\/v2\/users\/3222"}],"replies":[{"embeddable":true,"href":"https:\/\/www.webdo.tn\/fr\/wp-json\/wp\/v2\/comments?post=178572"}],"version-history":[{"count":0,"href":"https:\/\/www.webdo.tn\/fr\/wp-json\/wp\/v2\/posts\/178572\/revisions"}],"wp:featuredmedia":[{"embeddable":true,"href":"https:\/\/www.webdo.tn\/fr\/wp-json\/wp\/v2\/media\/333909"}],"wp:attachment":[{"href":"https:\/\/www.webdo.tn\/fr\/wp-json\/wp\/v2\/media?parent=178572"}],"wp:term":[{"taxonomy":"category","embeddable":true,"href":"https:\/\/www.webdo.tn\/fr\/wp-json\/wp\/v2\/categories?post=178572"},{"taxonomy":"post_tag","embeddable":true,"href":"https:\/\/www.webdo.tn\/fr\/wp-json\/wp\/v2\/tags?post=178572"}],"curies":[{"name":"wp","href":"https:\/\/api.w.org\/{rel}","templated":true}]}}