{"id":178570,"date":"2011-11-24T17:39:00","date_gmt":"2011-11-24T17:39:00","guid":{"rendered":"https:\/\/www.webdo.tn\/fr\/blog\/deja-une-policiere-en-voile-a-quand-des-policiers-barbus\/178570\/"},"modified":"2011-11-24T17:39:00","modified_gmt":"2011-11-24T17:39:00","slug":"deja-une-policiere-en-voile-a-quand-des-policiers-barbus","status":"publish","type":"post","link":"https:\/\/www.webdo.tn\/fr\/actualite\/divers\/deja-une-policiere-en-voile-a-quand-des-policiers-barbus\/178570\/","title":{"rendered":"D\u00e9j\u00e0 une polici\u00e8re en voile, \u00e0 quand des policiers barbus ?"},"content":{"rendered":"<p>Cela a fait le buzz depuis hier soir sur les r\u00e9seaux sociaux ! Une polici\u00e8re, agente de la circulation, a \u00e9t\u00e9 vue sur l\u2019avenue Habib Bourguiba de Tunis portant un voile gris-bleu sous son k\u00e9pi ! Les opinions sont partag\u00e9es \u00e0 propos d&rsquo;une telle tenue. Les uns y voient une reconnaissance de la tenue islamique au sein du service de l&rsquo;ordre, d&rsquo;autres une islamisation acc\u00e9l\u00e9r\u00e9e du pays qui, paradoxalement, commence dans les structures officielles.<\/p>\n<p>Une source au minist\u00e8re de l\u2019Int\u00e9rieur nous a d\u00e9clar\u00e9 : \u00abNous ne sommes pas contre tant que cela ne d\u00e9range personne ni son travail. Cette polici\u00e8re a fait la demande et nous lui avons accord\u00e9 l\u2019autorisation, car \u00e7a fait partie des libert\u00e9s individuelles\u00bb.<\/p>\n<p>La m\u00eame source ajoute qu&rsquo;elle attend un communiqu\u00e9 officiel et qu&rsquo;elle craint des retomb\u00e9s sur la masse du travail en ce sens que les pr\u00e9tendues au voile se feraient plus nombreuses.<\/p>\n<p>Dans le m\u00eame ordre d&rsquo;id\u00e9e, si le minist\u00e8re de l\u2019Int\u00e9rieur tol\u00e8re le voile, il devrait n\u2019y avoir aucun probl\u00e8me \u00e0 ce que les policiers laissent pousser leurs barbes autant qu&rsquo;ils veulent et le minist\u00e8re ne doit en aucun cas les en emp\u00eacher !<\/p>\n","protected":false},"excerpt":{"rendered":"<p>D\u00e9j\u00e0 une polici\u00e8re en voile, \u00e0 quand des policiers barbus ?<\/p>\n","protected":false},"author":3222,"featured_media":374615,"comment_status":"open","ping_status":"closed","sticky":false,"template":"","format":"standard","meta":{"footnotes":""},"categories":[2839],"tags":[2600],"class_list":["post-178570","post","type-post","status-publish","format-standard","has-post-thumbnail","hentry","category-divers","tag-guerre"],"yoast_head":"<!-- This site is optimized with the Yoast SEO Premium plugin v27.5 (Yoast SEO v27.5) - https:\/\/yoast.com\/product\/yoast-seo-premium-wordpress\/ -->\n<title>D\u00e9j\u00e0 une polici\u00e8re en voile, \u00e0 quand des policiers barbus ?<\/title>\n<meta name=\"description\" content=\"D\u00e9j\u00e0 une polici\u00e8re en voile, \u00e0 quand des policiers barbus ?\" \/>\n<link rel=\"canonical\" href=\"https:\/\/www.webdo.tn\/fr\/actualite\/divers\/deja-une-policiere-en-voile-a-quand-des-policiers-barbus\/178570\/\" \/>\n<meta property=\"og:locale\" content=\"fr_FR\" \/>\n<meta property=\"og:type\" content=\"article\" \/>\n<meta property=\"og:title\" content=\"D\u00e9j\u00e0 une polici\u00e8re en voile, \u00e0 quand des policiers barbus ?\" \/>\n<meta property=\"og:description\" content=\"D\u00e9j\u00e0 une polici\u00e8re en voile, \u00e0 quand des policiers barbus ?\" \/>\n<meta property=\"og:url\" content=\"https:\/\/www.webdo.tn\/fr\/actualite\/divers\/deja-une-policiere-en-voile-a-quand-des-policiers-barbus\/178570\/\" \/>\n<meta property=\"og:site_name\" content=\"webdo\" \/>\n<meta property=\"article:publisher\" content=\"https:\/\/www.facebook.com\/webdotn\" \/>\n<meta property=\"article:published_time\" content=\"2011-11-24T17:39:00+00:00\" \/>\n<meta property=\"og:image\" content=\"https:\/\/www.webdo.tn\/fr\/wp-content\/uploads\/2025\/06\/une-policiere-en-voile-vue-sur-lavenue-Habib-Bourguiba-_178570.jpg\" \/>\n\t<meta property=\"og:image:width\" content=\"240\" \/>\n\t<meta property=\"og:image:height\" content=\"320\" \/>\n\t<meta property=\"og:image:type\" content=\"image\/jpeg\" \/>\n<meta name=\"author\" content=\"webdo.tn\" \/>\n<meta name=\"twitter:card\" content=\"summary_large_image\" \/>\n<meta name=\"twitter:creator\" content=\"@webdo_tn\" \/>\n<meta name=\"twitter:site\" content=\"@webdo_tn\" \/>\n<meta name=\"twitter:label1\" content=\"\u00c9crit par\" \/>\n\t<meta name=\"twitter:data1\" content=\"webdo.tn\" \/>\n\t<meta name=\"twitter:label2\" content=\"Dur\u00e9e de lecture estim\u00e9e\" \/>\n\t<meta name=\"twitter:data2\" content=\"1 minute\" \/>\n<script type=\"application\/ld+json\" class=\"yoast-schema-graph\">{\"@context\":\"https:\\\/\\\/schema.org\",\"@graph\":[{\"@type\":\"NewsArticle\",\"@id\":\"https:\\\/\\\/www.webdo.tn\\\/fr\\\/actualite\\\/divers\\\/deja-une-policiere-en-voile-a-quand-des-policiers-barbus\\\/178570\\\/#article\",\"isPartOf\":{\"@id\":\"https:\\\/\\\/www.webdo.tn\\\/fr\\\/actualite\\\/divers\\\/deja-une-policiere-en-voile-a-quand-des-policiers-barbus\\\/178570\\\/\"},\"author\":{\"name\":\"webdo.tn\",\"@id\":\"https:\\\/\\\/www.webdo.tn\\\/fr\\\/#\\\/schema\\\/person\\\/9a9c6118d687c117df8ef3cc36a4d175\"},\"headline\":\"D\u00e9j\u00e0 une polici\u00e8re en voile, \u00e0 quand des policiers barbus ?\",\"datePublished\":\"2011-11-24T17:39:00+00:00\",\"mainEntityOfPage\":{\"@id\":\"https:\\\/\\\/www.webdo.tn\\\/fr\\\/actualite\\\/divers\\\/deja-une-policiere-en-voile-a-quand-des-policiers-barbus\\\/178570\\\/\"},\"wordCount\":232,\"commentCount\":0,\"publisher\":{\"@id\":\"https:\\\/\\\/www.webdo.tn\\\/fr\\\/#organization\"},\"image\":{\"@id\":\"https:\\\/\\\/www.webdo.tn\\\/fr\\\/actualite\\\/divers\\\/deja-une-policiere-en-voile-a-quand-des-policiers-barbus\\\/178570\\\/#primaryimage\"},\"thumbnailUrl\":\"https:\\\/\\\/www.webdo.tn\\\/fr\\\/wp-content\\\/uploads\\\/2025\\\/06\\\/une-policiere-en-voile-vue-sur-lavenue-Habib-Bourguiba-_178570.jpg\",\"keywords\":[\"guerre\"],\"articleSection\":[\"Divers\"],\"inLanguage\":\"fr-FR\"},{\"@type\":\"WebPage\",\"@id\":\"https:\\\/\\\/www.webdo.tn\\\/fr\\\/actualite\\\/divers\\\/deja-une-policiere-en-voile-a-quand-des-policiers-barbus\\\/178570\\\/\",\"url\":\"https:\\\/\\\/www.webdo.tn\\\/fr\\\/actualite\\\/divers\\\/deja-une-policiere-en-voile-a-quand-des-policiers-barbus\\\/178570\\\/\",\"name\":\"D\u00e9j\u00e0 une polici\u00e8re en voile, \u00e0 quand des policiers barbus ?\",\"isPartOf\":{\"@id\":\"https:\\\/\\\/www.webdo.tn\\\/fr\\\/#website\"},\"primaryImageOfPage\":{\"@id\":\"https:\\\/\\\/www.webdo.tn\\\/fr\\\/actualite\\\/divers\\\/deja-une-policiere-en-voile-a-quand-des-policiers-barbus\\\/178570\\\/#primaryimage\"},\"image\":{\"@id\":\"https:\\\/\\\/www.webdo.tn\\\/fr\\\/actualite\\\/divers\\\/deja-une-policiere-en-voile-a-quand-des-policiers-barbus\\\/178570\\\/#primaryimage\"},\"thumbnailUrl\":\"https:\\\/\\\/www.webdo.tn\\\/fr\\\/wp-content\\\/uploads\\\/2025\\\/06\\\/une-policiere-en-voile-vue-sur-lavenue-Habib-Bourguiba-_178570.jpg\",\"datePublished\":\"2011-11-24T17:39:00+00:00\",\"description\":\"D\u00e9j\u00e0 une polici\u00e8re en voile, \u00e0 quand des policiers barbus ?\",\"breadcrumb\":{\"@id\":\"https:\\\/\\\/www.webdo.tn\\\/fr\\\/actualite\\\/divers\\\/deja-une-policiere-en-voile-a-quand-des-policiers-barbus\\\/178570\\\/#breadcrumb\"},\"inLanguage\":\"fr-FR\",\"potentialAction\":[{\"@type\":\"ReadAction\",\"target\":[\"https:\\\/\\\/www.webdo.tn\\\/fr\\\/actualite\\\/divers\\\/deja-une-policiere-en-voile-a-quand-des-policiers-barbus\\\/178570\\\/\"]}]},{\"@type\":\"ImageObject\",\"inLanguage\":\"fr-FR\",\"@id\":\"https:\\\/\\\/www.webdo.tn\\\/fr\\\/actualite\\\/divers\\\/deja-une-policiere-en-voile-a-quand-des-policiers-barbus\\\/178570\\\/#primaryimage\",\"url\":\"https:\\\/\\\/www.webdo.tn\\\/fr\\\/wp-content\\\/uploads\\\/2025\\\/06\\\/une-policiere-en-voile-vue-sur-lavenue-Habib-Bourguiba-_178570.jpg\",\"contentUrl\":\"https:\\\/\\\/www.webdo.tn\\\/fr\\\/wp-content\\\/uploads\\\/2025\\\/06\\\/une-policiere-en-voile-vue-sur-lavenue-Habib-Bourguiba-_178570.jpg\",\"width\":240,\"height\":320,\"caption\":\"D\u00e9j\u00e0 une polici\u00e8re en voile, \u00e0 quand des policiers barbus ?\"},{\"@type\":\"BreadcrumbList\",\"@id\":\"https:\\\/\\\/www.webdo.tn\\\/fr\\\/actualite\\\/divers\\\/deja-une-policiere-en-voile-a-quand-des-policiers-barbus\\\/178570\\\/#breadcrumb\",\"itemListElement\":[{\"@type\":\"ListItem\",\"position\":1,\"name\":\"Accueil\",\"item\":\"https:\\\/\\\/www.webdo.tn\\\/fr\\\/\"},{\"@type\":\"ListItem\",\"position\":2,\"name\":\"D\u00e9j\u00e0 une polici\u00e8re en voile, \u00e0 quand des policiers barbus ?\"}]},{\"@type\":\"WebSite\",\"@id\":\"https:\\\/\\\/www.webdo.tn\\\/fr\\\/#website\",\"url\":\"https:\\\/\\\/www.webdo.tn\\\/fr\\\/\",\"name\":\"webdo\",\"description\":\"Tunisie - News en Tunisie et \u00e0 l&#039;international sur Webdo.tn\",\"publisher\":{\"@id\":\"https:\\\/\\\/www.webdo.tn\\\/fr\\\/#organization\"},\"potentialAction\":[{\"@type\":\"SearchAction\",\"target\":{\"@type\":\"EntryPoint\",\"urlTemplate\":\"https:\\\/\\\/www.webdo.tn\\\/fr\\\/?s={search_term_string}\"},\"query-input\":{\"@type\":\"PropertyValueSpecification\",\"valueRequired\":true,\"valueName\":\"search_term_string\"}}],\"inLanguage\":\"fr-FR\"},{\"@type\":\"Organization\",\"@id\":\"https:\\\/\\\/www.webdo.tn\\\/fr\\\/#organization\",\"name\":\"Webdo\",\"alternateName\":\"Webdo.tn\",\"url\":\"https:\\\/\\\/www.webdo.tn\\\/fr\\\/\",\"logo\":{\"@type\":\"ImageObject\",\"inLanguage\":\"fr-FR\",\"@id\":\"https:\\\/\\\/www.webdo.tn\\\/fr\\\/#\\\/schema\\\/logo\\\/image\\\/\",\"url\":\"https:\\\/\\\/www.webdo.tn\\\/fr\\\/wp-content\\\/uploads\\\/2025\\\/06\\\/Webdo-Tunisie_168377.jpg\",\"contentUrl\":\"https:\\\/\\\/www.webdo.tn\\\/fr\\\/wp-content\\\/uploads\\\/2025\\\/06\\\/Webdo-Tunisie_168377.jpg\",\"width\":301,\"height\":301,\"caption\":\"Webdo\"},\"image\":{\"@id\":\"https:\\\/\\\/www.webdo.tn\\\/fr\\\/#\\\/schema\\\/logo\\\/image\\\/\"},\"sameAs\":[\"https:\\\/\\\/www.facebook.com\\\/webdotn\",\"https:\\\/\\\/x.com\\\/webdo_tn\"],\"description\":\"Webdo est un m\u00e9dia num\u00e9rique tunisien fond\u00e9 en 2010, sp\u00e9cialis\u00e9 dans l\u2019actualit\u00e9 nationale et internationale, l\u2019\u00e9conomie, la soci\u00e9t\u00e9 et les analyses politiques. Le site s\u2019adresse \u00e0 un large public francophone et couvre l\u2019information tunisienne en temps r\u00e9el.\",\"email\":\"redac@webdo.tn\",\"legalName\":\"YNJ SARL\",\"foundingDate\":\"2010-09-06\",\"numberOfEmployees\":{\"@type\":\"QuantitativeValue\",\"minValue\":\"11\",\"maxValue\":\"50\"}},{\"@type\":\"Person\",\"@id\":\"https:\\\/\\\/www.webdo.tn\\\/fr\\\/#\\\/schema\\\/person\\\/9a9c6118d687c117df8ef3cc36a4d175\",\"name\":\"webdo.tn\",\"image\":{\"@type\":\"ImageObject\",\"inLanguage\":\"fr-FR\",\"@id\":\"https:\\\/\\\/secure.gravatar.com\\\/avatar\\\/7ce1f28c0c3bbac99ff550b85ef8e44a6950c6ee24514fb6a5489e51d06f0298?s=96&d=mm&r=g\",\"url\":\"https:\\\/\\\/secure.gravatar.com\\\/avatar\\\/7ce1f28c0c3bbac99ff550b85ef8e44a6950c6ee24514fb6a5489e51d06f0298?s=96&d=mm&r=g\",\"contentUrl\":\"https:\\\/\\\/secure.gravatar.com\\\/avatar\\\/7ce1f28c0c3bbac99ff550b85ef8e44a6950c6ee24514fb6a5489e51d06f0298?s=96&d=mm&r=g\",\"caption\":\"webdo.tn\"},\"url\":\"https:\\\/\\\/www.webdo.tn\\\/fr\\\/actualite\\\/author\\\/webdotn\\\/\"}]}<\/script>\n<!-- \/ Yoast SEO Premium plugin. -->","yoast_head_json":{"title":"D\u00e9j\u00e0 une polici\u00e8re en voile, \u00e0 quand des policiers barbus ?","description":"D\u00e9j\u00e0 une polici\u00e8re en voile, \u00e0 quand des policiers barbus ?","canonical":"https:\/\/www.webdo.tn\/fr\/actualite\/divers\/deja-une-policiere-en-voile-a-quand-des-policiers-barbus\/178570\/","og_locale":"fr_FR","og_type":"article","og_title":"D\u00e9j\u00e0 une polici\u00e8re en voile, \u00e0 quand des policiers barbus ?","og_description":"D\u00e9j\u00e0 une polici\u00e8re en voile, \u00e0 quand des policiers barbus ?","og_url":"https:\/\/www.webdo.tn\/fr\/actualite\/divers\/deja-une-policiere-en-voile-a-quand-des-policiers-barbus\/178570\/","og_site_name":"webdo","article_publisher":"https:\/\/www.facebook.com\/webdotn","article_published_time":"2011-11-24T17:39:00+00:00","og_image":[{"width":240,"height":320,"url":"https:\/\/www.webdo.tn\/fr\/wp-content\/uploads\/2025\/06\/une-policiere-en-voile-vue-sur-lavenue-Habib-Bourguiba-_178570.jpg","type":"image\/jpeg"}],"author":"webdo.tn","twitter_card":"summary_large_image","twitter_creator":"@webdo_tn","twitter_site":"@webdo_tn","twitter_misc":{"\u00c9crit par":"webdo.tn","Dur\u00e9e de lecture estim\u00e9e":"1 minute"},"schema":{"@context":"https:\/\/schema.org","@graph":[{"@type":"NewsArticle","@id":"https:\/\/www.webdo.tn\/fr\/actualite\/divers\/deja-une-policiere-en-voile-a-quand-des-policiers-barbus\/178570\/#article","isPartOf":{"@id":"https:\/\/www.webdo.tn\/fr\/actualite\/divers\/deja-une-policiere-en-voile-a-quand-des-policiers-barbus\/178570\/"},"author":{"name":"webdo.tn","@id":"https:\/\/www.webdo.tn\/fr\/#\/schema\/person\/9a9c6118d687c117df8ef3cc36a4d175"},"headline":"D\u00e9j\u00e0 une polici\u00e8re en voile, \u00e0 quand des policiers barbus ?","datePublished":"2011-11-24T17:39:00+00:00","mainEntityOfPage":{"@id":"https:\/\/www.webdo.tn\/fr\/actualite\/divers\/deja-une-policiere-en-voile-a-quand-des-policiers-barbus\/178570\/"},"wordCount":232,"commentCount":0,"publisher":{"@id":"https:\/\/www.webdo.tn\/fr\/#organization"},"image":{"@id":"https:\/\/www.webdo.tn\/fr\/actualite\/divers\/deja-une-policiere-en-voile-a-quand-des-policiers-barbus\/178570\/#primaryimage"},"thumbnailUrl":"https:\/\/www.webdo.tn\/fr\/wp-content\/uploads\/2025\/06\/une-policiere-en-voile-vue-sur-lavenue-Habib-Bourguiba-_178570.jpg","keywords":["guerre"],"articleSection":["Divers"],"inLanguage":"fr-FR"},{"@type":"WebPage","@id":"https:\/\/www.webdo.tn\/fr\/actualite\/divers\/deja-une-policiere-en-voile-a-quand-des-policiers-barbus\/178570\/","url":"https:\/\/www.webdo.tn\/fr\/actualite\/divers\/deja-une-policiere-en-voile-a-quand-des-policiers-barbus\/178570\/","name":"D\u00e9j\u00e0 une polici\u00e8re en voile, \u00e0 quand des policiers barbus ?","isPartOf":{"@id":"https:\/\/www.webdo.tn\/fr\/#website"},"primaryImageOfPage":{"@id":"https:\/\/www.webdo.tn\/fr\/actualite\/divers\/deja-une-policiere-en-voile-a-quand-des-policiers-barbus\/178570\/#primaryimage"},"image":{"@id":"https:\/\/www.webdo.tn\/fr\/actualite\/divers\/deja-une-policiere-en-voile-a-quand-des-policiers-barbus\/178570\/#primaryimage"},"thumbnailUrl":"https:\/\/www.webdo.tn\/fr\/wp-content\/uploads\/2025\/06\/une-policiere-en-voile-vue-sur-lavenue-Habib-Bourguiba-_178570.jpg","datePublished":"2011-11-24T17:39:00+00:00","description":"D\u00e9j\u00e0 une polici\u00e8re en voile, \u00e0 quand des policiers barbus ?","breadcrumb":{"@id":"https:\/\/www.webdo.tn\/fr\/actualite\/divers\/deja-une-policiere-en-voile-a-quand-des-policiers-barbus\/178570\/#breadcrumb"},"inLanguage":"fr-FR","potentialAction":[{"@type":"ReadAction","target":["https:\/\/www.webdo.tn\/fr\/actualite\/divers\/deja-une-policiere-en-voile-a-quand-des-policiers-barbus\/178570\/"]}]},{"@type":"ImageObject","inLanguage":"fr-FR","@id":"https:\/\/www.webdo.tn\/fr\/actualite\/divers\/deja-une-policiere-en-voile-a-quand-des-policiers-barbus\/178570\/#primaryimage","url":"https:\/\/www.webdo.tn\/fr\/wp-content\/uploads\/2025\/06\/une-policiere-en-voile-vue-sur-lavenue-Habib-Bourguiba-_178570.jpg","contentUrl":"https:\/\/www.webdo.tn\/fr\/wp-content\/uploads\/2025\/06\/une-policiere-en-voile-vue-sur-lavenue-Habib-Bourguiba-_178570.jpg","width":240,"height":320,"caption":"D\u00e9j\u00e0 une polici\u00e8re en voile, \u00e0 quand des policiers barbus ?"},{"@type":"BreadcrumbList","@id":"https:\/\/www.webdo.tn\/fr\/actualite\/divers\/deja-une-policiere-en-voile-a-quand-des-policiers-barbus\/178570\/#breadcrumb","itemListElement":[{"@type":"ListItem","position":1,"name":"Accueil","item":"https:\/\/www.webdo.tn\/fr\/"},{"@type":"ListItem","position":2,"name":"D\u00e9j\u00e0 une polici\u00e8re en voile, \u00e0 quand des policiers barbus ?"}]},{"@type":"WebSite","@id":"https:\/\/www.webdo.tn\/fr\/#website","url":"https:\/\/www.webdo.tn\/fr\/","name":"webdo","description":"Tunisie - News en Tunisie et \u00e0 l&#039;international sur Webdo.tn","publisher":{"@id":"https:\/\/www.webdo.tn\/fr\/#organization"},"potentialAction":[{"@type":"SearchAction","target":{"@type":"EntryPoint","urlTemplate":"https:\/\/www.webdo.tn\/fr\/?s={search_term_string}"},"query-input":{"@type":"PropertyValueSpecification","valueRequired":true,"valueName":"search_term_string"}}],"inLanguage":"fr-FR"},{"@type":"Organization","@id":"https:\/\/www.webdo.tn\/fr\/#organization","name":"Webdo","alternateName":"Webdo.tn","url":"https:\/\/www.webdo.tn\/fr\/","logo":{"@type":"ImageObject","inLanguage":"fr-FR","@id":"https:\/\/www.webdo.tn\/fr\/#\/schema\/logo\/image\/","url":"https:\/\/www.webdo.tn\/fr\/wp-content\/uploads\/2025\/06\/Webdo-Tunisie_168377.jpg","contentUrl":"https:\/\/www.webdo.tn\/fr\/wp-content\/uploads\/2025\/06\/Webdo-Tunisie_168377.jpg","width":301,"height":301,"caption":"Webdo"},"image":{"@id":"https:\/\/www.webdo.tn\/fr\/#\/schema\/logo\/image\/"},"sameAs":["https:\/\/www.facebook.com\/webdotn","https:\/\/x.com\/webdo_tn"],"description":"Webdo est un m\u00e9dia num\u00e9rique tunisien fond\u00e9 en 2010, sp\u00e9cialis\u00e9 dans l\u2019actualit\u00e9 nationale et internationale, l\u2019\u00e9conomie, la soci\u00e9t\u00e9 et les analyses politiques. Le site s\u2019adresse \u00e0 un large public francophone et couvre l\u2019information tunisienne en temps r\u00e9el.","email":"redac@webdo.tn","legalName":"YNJ SARL","foundingDate":"2010-09-06","numberOfEmployees":{"@type":"QuantitativeValue","minValue":"11","maxValue":"50"}},{"@type":"Person","@id":"https:\/\/www.webdo.tn\/fr\/#\/schema\/person\/9a9c6118d687c117df8ef3cc36a4d175","name":"webdo.tn","image":{"@type":"ImageObject","inLanguage":"fr-FR","@id":"https:\/\/secure.gravatar.com\/avatar\/7ce1f28c0c3bbac99ff550b85ef8e44a6950c6ee24514fb6a5489e51d06f0298?s=96&d=mm&r=g","url":"https:\/\/secure.gravatar.com\/avatar\/7ce1f28c0c3bbac99ff550b85ef8e44a6950c6ee24514fb6a5489e51d06f0298?s=96&d=mm&r=g","contentUrl":"https:\/\/secure.gravatar.com\/avatar\/7ce1f28c0c3bbac99ff550b85ef8e44a6950c6ee24514fb6a5489e51d06f0298?s=96&d=mm&r=g","caption":"webdo.tn"},"url":"https:\/\/www.webdo.tn\/fr\/actualite\/author\/webdotn\/"}]}},"_links":{"self":[{"href":"https:\/\/www.webdo.tn\/fr\/wp-json\/wp\/v2\/posts\/178570","targetHints":{"allow":["GET"]}}],"collection":[{"href":"https:\/\/www.webdo.tn\/fr\/wp-json\/wp\/v2\/posts"}],"about":[{"href":"https:\/\/www.webdo.tn\/fr\/wp-json\/wp\/v2\/types\/post"}],"author":[{"embeddable":true,"href":"https:\/\/www.webdo.tn\/fr\/wp-json\/wp\/v2\/users\/3222"}],"replies":[{"embeddable":true,"href":"https:\/\/www.webdo.tn\/fr\/wp-json\/wp\/v2\/comments?post=178570"}],"version-history":[{"count":0,"href":"https:\/\/www.webdo.tn\/fr\/wp-json\/wp\/v2\/posts\/178570\/revisions"}],"wp:featuredmedia":[{"embeddable":true,"href":"https:\/\/www.webdo.tn\/fr\/wp-json\/wp\/v2\/media\/374615"}],"wp:attachment":[{"href":"https:\/\/www.webdo.tn\/fr\/wp-json\/wp\/v2\/media?parent=178570"}],"wp:term":[{"taxonomy":"category","embeddable":true,"href":"https:\/\/www.webdo.tn\/fr\/wp-json\/wp\/v2\/categories?post=178570"},{"taxonomy":"post_tag","embeddable":true,"href":"https:\/\/www.webdo.tn\/fr\/wp-json\/wp\/v2\/tags?post=178570"}],"curies":[{"name":"wp","href":"https:\/\/api.w.org\/{rel}","templated":true}]}}