{"id":178567,"date":"2011-12-05T21:44:00","date_gmt":"2011-12-05T21:44:00","guid":{"rendered":"https:\/\/www.webdo.tn\/fr\/blog\/l-assassin-d-un-ex-cadre-du-rdc-ecope-de-20-ans-de-prison\/178567\/"},"modified":"2025-06-04T19:03:38","modified_gmt":"2025-06-04T19:03:38","slug":"l-assassin-d-un-ex-cadre-du-rdc-ecope-de-20-ans-de-prison","status":"publish","type":"post","link":"https:\/\/www.webdo.tn\/fr\/actualite\/divers\/l-assassin-d-un-ex-cadre-du-rdc-ecope-de-20-ans-de-prison\/178567\/","title":{"rendered":"Vienne : l\u2019assassin d\u2019un ex-cadre du RCD \u00e9cope de 20 ans de prison !"},"content":{"rendered":"<p>C\u2019est le titre choisi par le journal \u00e9lectronique autrichien, \u2018Wienerzeitung\u2019, qui a pr\u00e9f\u00e9r\u00e9 ne pas d\u00e9voiler les noms complets des acteurs dans cette affaire.<\/p>\n<p>L\u2019histoire remonte \u00e0 quelques ann\u00e9es. Lorsqu\u2019un certain Ahmed K. (38 ans) vivant \u00e0 Vienne et travaillant dans une soci\u00e9t\u00e9 de s\u00e9curit\u00e9, commen\u00e7a \u00e0 avoir des probl\u00e8mes avec son \u2018ami\u2019, un ex-haut cadre du RCD du nom de Mohamed T. (69 ans) \u00e0 cause d\u2019un terrain sis en Tunisie. Selon le journal, la victime, install\u00e9e \u00e0 Vienne, avait cr\u00e9\u00e9 une association proche des Ben Ali. La relation entre les deux hommes s\u2019est gravement d\u00e9t\u00e9rior\u00e9e au point d\u2019en venir, \u00e0 plusieurs reprises, aux mains. Jusqu\u2019au jour o\u00f9, Ahmed, au paroxysme de sa col\u00e8re, d\u00e9cida de se venger. L\u2019assassinat a eu lieu le 28 janvier devant la maison de cet ex-RCdiste. Le coupable avait-il attendu le temps opportun, soit apr\u00e8s le 14 janvier, pour se venger de sa victime ? Selon le procureur, Eva Maria Stagni, il n\u2019existe pas de raison politique derri\u00e8re ce meurtre. Il s\u2019agit plut\u00f4t d\u2019un diff\u00e9rend purement financier entre les deux hommes.<\/p>\n<p>Selon les m\u00eames sources, la victime, Mohamed, est rest\u00e9e une semaine sous haute surveillance avant de succomber \u00e0 ses blessures, apr\u00e8s avoir re\u00e7u des coups de marteau sur la t\u00eate, le jour du crime. R\u00e9sultat: fracture du cr\u00e2ne et un traumatisme c\u00e9r\u00e9bral.<\/p>\n<p>Cet apr\u00e8s-midi, le coupable a \u00e9t\u00e9 d\u00e9f\u00e9r\u00e9 devant la cour p\u00e9nale de Vienne qui vient d\u2019annoncer son verdict: vingt ans de prison. Une fois le jugement prononc\u00e9, la victime a interjet\u00e9 appel.<\/p>\n","protected":false},"excerpt":{"rendered":"<p>Vienne : l\u2019assassin d\u2019un ex-cadre du RCD \u00e9cope de 20 ans de prison ! <\/p>\n","protected":false},"author":3222,"featured_media":374596,"comment_status":"open","ping_status":"closed","sticky":false,"template":"","format":"standard","meta":{"footnotes":""},"categories":[2839],"tags":[],"class_list":["post-178567","post","type-post","status-publish","format-standard","has-post-thumbnail","hentry","category-divers"],"yoast_head":"<!-- This site is optimized with the Yoast SEO Premium plugin v27.5 (Yoast SEO v27.5) - https:\/\/yoast.com\/product\/yoast-seo-premium-wordpress\/ -->\n<title>Vienne : l\u2019assassin d\u2019un ex-cadre du RCD \u00e9cope de 20 ans de prison !<\/title>\n<meta name=\"description\" content=\"Vienne : l\u2019assassin d\u2019un ex-cadre du RCD \u00e9cope de 20 ans de prison !\" \/>\n<link rel=\"canonical\" href=\"https:\/\/www.webdo.tn\/fr\/actualite\/divers\/l-assassin-d-un-ex-cadre-du-rdc-ecope-de-20-ans-de-prison\/178567\/\" \/>\n<meta property=\"og:locale\" content=\"fr_FR\" \/>\n<meta property=\"og:type\" content=\"article\" \/>\n<meta property=\"og:title\" content=\"Vienne : l\u2019assassin d\u2019un ex-cadre du RCD \u00e9cope de 20 ans de prison !\" \/>\n<meta property=\"og:description\" content=\"Vienne : l\u2019assassin d\u2019un ex-cadre du RCD \u00e9cope de 20 ans de prison !\" \/>\n<meta property=\"og:url\" content=\"https:\/\/www.webdo.tn\/fr\/actualite\/divers\/l-assassin-d-un-ex-cadre-du-rdc-ecope-de-20-ans-de-prison\/178567\/\" \/>\n<meta property=\"og:site_name\" content=\"webdo\" \/>\n<meta property=\"article:publisher\" content=\"https:\/\/www.facebook.com\/webdotn\" \/>\n<meta property=\"article:published_time\" content=\"2011-12-05T21:44:00+00:00\" \/>\n<meta property=\"article:modified_time\" content=\"2025-06-04T19:03:38+00:00\" \/>\n<meta name=\"author\" content=\"webdo.tn\" \/>\n<meta name=\"twitter:card\" content=\"summary_large_image\" \/>\n<meta name=\"twitter:creator\" content=\"@webdo_tn\" \/>\n<meta name=\"twitter:site\" content=\"@webdo_tn\" \/>\n<meta name=\"twitter:label1\" content=\"\u00c9crit par\" \/>\n\t<meta name=\"twitter:data1\" content=\"webdo.tn\" \/>\n\t<meta name=\"twitter:label2\" content=\"Dur\u00e9e de lecture estim\u00e9e\" \/>\n\t<meta name=\"twitter:data2\" content=\"1 minute\" \/>\n<script type=\"application\/ld+json\" class=\"yoast-schema-graph\">{\"@context\":\"https:\\\/\\\/schema.org\",\"@graph\":[{\"@type\":\"NewsArticle\",\"@id\":\"https:\\\/\\\/www.webdo.tn\\\/fr\\\/actualite\\\/divers\\\/l-assassin-d-un-ex-cadre-du-rdc-ecope-de-20-ans-de-prison\\\/178567\\\/#article\",\"isPartOf\":{\"@id\":\"https:\\\/\\\/www.webdo.tn\\\/fr\\\/actualite\\\/divers\\\/l-assassin-d-un-ex-cadre-du-rdc-ecope-de-20-ans-de-prison\\\/178567\\\/\"},\"author\":{\"name\":\"webdo.tn\",\"@id\":\"https:\\\/\\\/www.webdo.tn\\\/fr\\\/#\\\/schema\\\/person\\\/9a9c6118d687c117df8ef3cc36a4d175\"},\"headline\":\"Vienne : l\u2019assassin d\u2019un ex-cadre du RCD \u00e9cope de 20 ans de prison !\",\"datePublished\":\"2011-12-05T21:44:00+00:00\",\"dateModified\":\"2025-06-04T19:03:38+00:00\",\"mainEntityOfPage\":{\"@id\":\"https:\\\/\\\/www.webdo.tn\\\/fr\\\/actualite\\\/divers\\\/l-assassin-d-un-ex-cadre-du-rdc-ecope-de-20-ans-de-prison\\\/178567\\\/\"},\"wordCount\":295,\"commentCount\":0,\"publisher\":{\"@id\":\"https:\\\/\\\/www.webdo.tn\\\/fr\\\/#organization\"},\"image\":{\"@id\":\"https:\\\/\\\/www.webdo.tn\\\/fr\\\/actualite\\\/divers\\\/l-assassin-d-un-ex-cadre-du-rdc-ecope-de-20-ans-de-prison\\\/178567\\\/#primaryimage\"},\"thumbnailUrl\":\"https:\\\/\\\/www.webdo.tn\\\/fr\\\/wp-content\\\/uploads\\\/2025\\\/06\\\/Agresse-a-coups-de-marteau-photo-lepost.fr__178567.jpg\",\"articleSection\":[\"Divers\"],\"inLanguage\":\"fr-FR\"},{\"@type\":\"WebPage\",\"@id\":\"https:\\\/\\\/www.webdo.tn\\\/fr\\\/actualite\\\/divers\\\/l-assassin-d-un-ex-cadre-du-rdc-ecope-de-20-ans-de-prison\\\/178567\\\/\",\"url\":\"https:\\\/\\\/www.webdo.tn\\\/fr\\\/actualite\\\/divers\\\/l-assassin-d-un-ex-cadre-du-rdc-ecope-de-20-ans-de-prison\\\/178567\\\/\",\"name\":\"Vienne : l\u2019assassin d\u2019un ex-cadre du RCD \u00e9cope de 20 ans de prison !\",\"isPartOf\":{\"@id\":\"https:\\\/\\\/www.webdo.tn\\\/fr\\\/#website\"},\"primaryImageOfPage\":{\"@id\":\"https:\\\/\\\/www.webdo.tn\\\/fr\\\/actualite\\\/divers\\\/l-assassin-d-un-ex-cadre-du-rdc-ecope-de-20-ans-de-prison\\\/178567\\\/#primaryimage\"},\"image\":{\"@id\":\"https:\\\/\\\/www.webdo.tn\\\/fr\\\/actualite\\\/divers\\\/l-assassin-d-un-ex-cadre-du-rdc-ecope-de-20-ans-de-prison\\\/178567\\\/#primaryimage\"},\"thumbnailUrl\":\"https:\\\/\\\/www.webdo.tn\\\/fr\\\/wp-content\\\/uploads\\\/2025\\\/06\\\/Agresse-a-coups-de-marteau-photo-lepost.fr__178567.jpg\",\"datePublished\":\"2011-12-05T21:44:00+00:00\",\"dateModified\":\"2025-06-04T19:03:38+00:00\",\"description\":\"Vienne : l\u2019assassin d\u2019un ex-cadre du RCD \u00e9cope de 20 ans de prison !\",\"breadcrumb\":{\"@id\":\"https:\\\/\\\/www.webdo.tn\\\/fr\\\/actualite\\\/divers\\\/l-assassin-d-un-ex-cadre-du-rdc-ecope-de-20-ans-de-prison\\\/178567\\\/#breadcrumb\"},\"inLanguage\":\"fr-FR\",\"potentialAction\":[{\"@type\":\"ReadAction\",\"target\":[\"https:\\\/\\\/www.webdo.tn\\\/fr\\\/actualite\\\/divers\\\/l-assassin-d-un-ex-cadre-du-rdc-ecope-de-20-ans-de-prison\\\/178567\\\/\"]}]},{\"@type\":\"ImageObject\",\"inLanguage\":\"fr-FR\",\"@id\":\"https:\\\/\\\/www.webdo.tn\\\/fr\\\/actualite\\\/divers\\\/l-assassin-d-un-ex-cadre-du-rdc-ecope-de-20-ans-de-prison\\\/178567\\\/#primaryimage\",\"url\":\"https:\\\/\\\/www.webdo.tn\\\/fr\\\/wp-content\\\/uploads\\\/2025\\\/06\\\/Agresse-a-coups-de-marteau-photo-lepost.fr__178567.jpg\",\"contentUrl\":\"https:\\\/\\\/www.webdo.tn\\\/fr\\\/wp-content\\\/uploads\\\/2025\\\/06\\\/Agresse-a-coups-de-marteau-photo-lepost.fr__178567.jpg\",\"width\":203,\"height\":168,\"caption\":\"Vienne : l\u2019assassin d\u2019un ex-cadre du RCD \u00e9cope de 20 ans de prison !\"},{\"@type\":\"BreadcrumbList\",\"@id\":\"https:\\\/\\\/www.webdo.tn\\\/fr\\\/actualite\\\/divers\\\/l-assassin-d-un-ex-cadre-du-rdc-ecope-de-20-ans-de-prison\\\/178567\\\/#breadcrumb\",\"itemListElement\":[{\"@type\":\"ListItem\",\"position\":1,\"name\":\"Accueil\",\"item\":\"https:\\\/\\\/www.webdo.tn\\\/fr\\\/\"},{\"@type\":\"ListItem\",\"position\":2,\"name\":\"Vienne : l\u2019assassin d\u2019un ex-cadre du RCD \u00e9cope de 20 ans de prison !\"}]},{\"@type\":\"WebSite\",\"@id\":\"https:\\\/\\\/www.webdo.tn\\\/fr\\\/#website\",\"url\":\"https:\\\/\\\/www.webdo.tn\\\/fr\\\/\",\"name\":\"webdo\",\"description\":\"Tunisie - News en Tunisie et \u00e0 l&#039;international sur Webdo.tn\",\"publisher\":{\"@id\":\"https:\\\/\\\/www.webdo.tn\\\/fr\\\/#organization\"},\"potentialAction\":[{\"@type\":\"SearchAction\",\"target\":{\"@type\":\"EntryPoint\",\"urlTemplate\":\"https:\\\/\\\/www.webdo.tn\\\/fr\\\/?s={search_term_string}\"},\"query-input\":{\"@type\":\"PropertyValueSpecification\",\"valueRequired\":true,\"valueName\":\"search_term_string\"}}],\"inLanguage\":\"fr-FR\"},{\"@type\":\"Organization\",\"@id\":\"https:\\\/\\\/www.webdo.tn\\\/fr\\\/#organization\",\"name\":\"Webdo\",\"alternateName\":\"Webdo.tn\",\"url\":\"https:\\\/\\\/www.webdo.tn\\\/fr\\\/\",\"logo\":{\"@type\":\"ImageObject\",\"inLanguage\":\"fr-FR\",\"@id\":\"https:\\\/\\\/www.webdo.tn\\\/fr\\\/#\\\/schema\\\/logo\\\/image\\\/\",\"url\":\"https:\\\/\\\/www.webdo.tn\\\/fr\\\/wp-content\\\/uploads\\\/2025\\\/06\\\/Webdo-Tunisie_168377.jpg\",\"contentUrl\":\"https:\\\/\\\/www.webdo.tn\\\/fr\\\/wp-content\\\/uploads\\\/2025\\\/06\\\/Webdo-Tunisie_168377.jpg\",\"width\":301,\"height\":301,\"caption\":\"Webdo\"},\"image\":{\"@id\":\"https:\\\/\\\/www.webdo.tn\\\/fr\\\/#\\\/schema\\\/logo\\\/image\\\/\"},\"sameAs\":[\"https:\\\/\\\/www.facebook.com\\\/webdotn\",\"https:\\\/\\\/x.com\\\/webdo_tn\"],\"description\":\"Webdo est un m\u00e9dia num\u00e9rique tunisien fond\u00e9 en 2010, sp\u00e9cialis\u00e9 dans l\u2019actualit\u00e9 nationale et internationale, l\u2019\u00e9conomie, la soci\u00e9t\u00e9 et les analyses politiques. Le site s\u2019adresse \u00e0 un large public francophone et couvre l\u2019information tunisienne en temps r\u00e9el.\",\"email\":\"redac@webdo.tn\",\"legalName\":\"YNJ SARL\",\"foundingDate\":\"2010-09-06\",\"numberOfEmployees\":{\"@type\":\"QuantitativeValue\",\"minValue\":\"11\",\"maxValue\":\"50\"}},{\"@type\":\"Person\",\"@id\":\"https:\\\/\\\/www.webdo.tn\\\/fr\\\/#\\\/schema\\\/person\\\/9a9c6118d687c117df8ef3cc36a4d175\",\"name\":\"webdo.tn\",\"image\":{\"@type\":\"ImageObject\",\"inLanguage\":\"fr-FR\",\"@id\":\"https:\\\/\\\/secure.gravatar.com\\\/avatar\\\/7ce1f28c0c3bbac99ff550b85ef8e44a6950c6ee24514fb6a5489e51d06f0298?s=96&d=mm&r=g\",\"url\":\"https:\\\/\\\/secure.gravatar.com\\\/avatar\\\/7ce1f28c0c3bbac99ff550b85ef8e44a6950c6ee24514fb6a5489e51d06f0298?s=96&d=mm&r=g\",\"contentUrl\":\"https:\\\/\\\/secure.gravatar.com\\\/avatar\\\/7ce1f28c0c3bbac99ff550b85ef8e44a6950c6ee24514fb6a5489e51d06f0298?s=96&d=mm&r=g\",\"caption\":\"webdo.tn\"},\"url\":\"https:\\\/\\\/www.webdo.tn\\\/fr\\\/actualite\\\/author\\\/webdotn\\\/\"}]}<\/script>\n<!-- \/ Yoast SEO Premium plugin. -->","yoast_head_json":{"title":"Vienne : l\u2019assassin d\u2019un ex-cadre du RCD \u00e9cope de 20 ans de prison !","description":"Vienne : l\u2019assassin d\u2019un ex-cadre du RCD \u00e9cope de 20 ans de prison !","canonical":"https:\/\/www.webdo.tn\/fr\/actualite\/divers\/l-assassin-d-un-ex-cadre-du-rdc-ecope-de-20-ans-de-prison\/178567\/","og_locale":"fr_FR","og_type":"article","og_title":"Vienne : l\u2019assassin d\u2019un ex-cadre du RCD \u00e9cope de 20 ans de prison !","og_description":"Vienne : l\u2019assassin d\u2019un ex-cadre du RCD \u00e9cope de 20 ans de prison !","og_url":"https:\/\/www.webdo.tn\/fr\/actualite\/divers\/l-assassin-d-un-ex-cadre-du-rdc-ecope-de-20-ans-de-prison\/178567\/","og_site_name":"webdo","article_publisher":"https:\/\/www.facebook.com\/webdotn","article_published_time":"2011-12-05T21:44:00+00:00","article_modified_time":"2025-06-04T19:03:38+00:00","author":"webdo.tn","twitter_card":"summary_large_image","twitter_creator":"@webdo_tn","twitter_site":"@webdo_tn","twitter_misc":{"\u00c9crit par":"webdo.tn","Dur\u00e9e de lecture estim\u00e9e":"1 minute"},"schema":{"@context":"https:\/\/schema.org","@graph":[{"@type":"NewsArticle","@id":"https:\/\/www.webdo.tn\/fr\/actualite\/divers\/l-assassin-d-un-ex-cadre-du-rdc-ecope-de-20-ans-de-prison\/178567\/#article","isPartOf":{"@id":"https:\/\/www.webdo.tn\/fr\/actualite\/divers\/l-assassin-d-un-ex-cadre-du-rdc-ecope-de-20-ans-de-prison\/178567\/"},"author":{"name":"webdo.tn","@id":"https:\/\/www.webdo.tn\/fr\/#\/schema\/person\/9a9c6118d687c117df8ef3cc36a4d175"},"headline":"Vienne : l\u2019assassin d\u2019un ex-cadre du RCD \u00e9cope de 20 ans de prison !","datePublished":"2011-12-05T21:44:00+00:00","dateModified":"2025-06-04T19:03:38+00:00","mainEntityOfPage":{"@id":"https:\/\/www.webdo.tn\/fr\/actualite\/divers\/l-assassin-d-un-ex-cadre-du-rdc-ecope-de-20-ans-de-prison\/178567\/"},"wordCount":295,"commentCount":0,"publisher":{"@id":"https:\/\/www.webdo.tn\/fr\/#organization"},"image":{"@id":"https:\/\/www.webdo.tn\/fr\/actualite\/divers\/l-assassin-d-un-ex-cadre-du-rdc-ecope-de-20-ans-de-prison\/178567\/#primaryimage"},"thumbnailUrl":"https:\/\/www.webdo.tn\/fr\/wp-content\/uploads\/2025\/06\/Agresse-a-coups-de-marteau-photo-lepost.fr__178567.jpg","articleSection":["Divers"],"inLanguage":"fr-FR"},{"@type":"WebPage","@id":"https:\/\/www.webdo.tn\/fr\/actualite\/divers\/l-assassin-d-un-ex-cadre-du-rdc-ecope-de-20-ans-de-prison\/178567\/","url":"https:\/\/www.webdo.tn\/fr\/actualite\/divers\/l-assassin-d-un-ex-cadre-du-rdc-ecope-de-20-ans-de-prison\/178567\/","name":"Vienne : l\u2019assassin d\u2019un ex-cadre du RCD \u00e9cope de 20 ans de prison !","isPartOf":{"@id":"https:\/\/www.webdo.tn\/fr\/#website"},"primaryImageOfPage":{"@id":"https:\/\/www.webdo.tn\/fr\/actualite\/divers\/l-assassin-d-un-ex-cadre-du-rdc-ecope-de-20-ans-de-prison\/178567\/#primaryimage"},"image":{"@id":"https:\/\/www.webdo.tn\/fr\/actualite\/divers\/l-assassin-d-un-ex-cadre-du-rdc-ecope-de-20-ans-de-prison\/178567\/#primaryimage"},"thumbnailUrl":"https:\/\/www.webdo.tn\/fr\/wp-content\/uploads\/2025\/06\/Agresse-a-coups-de-marteau-photo-lepost.fr__178567.jpg","datePublished":"2011-12-05T21:44:00+00:00","dateModified":"2025-06-04T19:03:38+00:00","description":"Vienne : l\u2019assassin d\u2019un ex-cadre du RCD \u00e9cope de 20 ans de prison !","breadcrumb":{"@id":"https:\/\/www.webdo.tn\/fr\/actualite\/divers\/l-assassin-d-un-ex-cadre-du-rdc-ecope-de-20-ans-de-prison\/178567\/#breadcrumb"},"inLanguage":"fr-FR","potentialAction":[{"@type":"ReadAction","target":["https:\/\/www.webdo.tn\/fr\/actualite\/divers\/l-assassin-d-un-ex-cadre-du-rdc-ecope-de-20-ans-de-prison\/178567\/"]}]},{"@type":"ImageObject","inLanguage":"fr-FR","@id":"https:\/\/www.webdo.tn\/fr\/actualite\/divers\/l-assassin-d-un-ex-cadre-du-rdc-ecope-de-20-ans-de-prison\/178567\/#primaryimage","url":"https:\/\/www.webdo.tn\/fr\/wp-content\/uploads\/2025\/06\/Agresse-a-coups-de-marteau-photo-lepost.fr__178567.jpg","contentUrl":"https:\/\/www.webdo.tn\/fr\/wp-content\/uploads\/2025\/06\/Agresse-a-coups-de-marteau-photo-lepost.fr__178567.jpg","width":203,"height":168,"caption":"Vienne : l\u2019assassin d\u2019un ex-cadre du RCD \u00e9cope de 20 ans de prison !"},{"@type":"BreadcrumbList","@id":"https:\/\/www.webdo.tn\/fr\/actualite\/divers\/l-assassin-d-un-ex-cadre-du-rdc-ecope-de-20-ans-de-prison\/178567\/#breadcrumb","itemListElement":[{"@type":"ListItem","position":1,"name":"Accueil","item":"https:\/\/www.webdo.tn\/fr\/"},{"@type":"ListItem","position":2,"name":"Vienne : l\u2019assassin d\u2019un ex-cadre du RCD \u00e9cope de 20 ans de prison !"}]},{"@type":"WebSite","@id":"https:\/\/www.webdo.tn\/fr\/#website","url":"https:\/\/www.webdo.tn\/fr\/","name":"webdo","description":"Tunisie - News en Tunisie et \u00e0 l&#039;international sur Webdo.tn","publisher":{"@id":"https:\/\/www.webdo.tn\/fr\/#organization"},"potentialAction":[{"@type":"SearchAction","target":{"@type":"EntryPoint","urlTemplate":"https:\/\/www.webdo.tn\/fr\/?s={search_term_string}"},"query-input":{"@type":"PropertyValueSpecification","valueRequired":true,"valueName":"search_term_string"}}],"inLanguage":"fr-FR"},{"@type":"Organization","@id":"https:\/\/www.webdo.tn\/fr\/#organization","name":"Webdo","alternateName":"Webdo.tn","url":"https:\/\/www.webdo.tn\/fr\/","logo":{"@type":"ImageObject","inLanguage":"fr-FR","@id":"https:\/\/www.webdo.tn\/fr\/#\/schema\/logo\/image\/","url":"https:\/\/www.webdo.tn\/fr\/wp-content\/uploads\/2025\/06\/Webdo-Tunisie_168377.jpg","contentUrl":"https:\/\/www.webdo.tn\/fr\/wp-content\/uploads\/2025\/06\/Webdo-Tunisie_168377.jpg","width":301,"height":301,"caption":"Webdo"},"image":{"@id":"https:\/\/www.webdo.tn\/fr\/#\/schema\/logo\/image\/"},"sameAs":["https:\/\/www.facebook.com\/webdotn","https:\/\/x.com\/webdo_tn"],"description":"Webdo est un m\u00e9dia num\u00e9rique tunisien fond\u00e9 en 2010, sp\u00e9cialis\u00e9 dans l\u2019actualit\u00e9 nationale et internationale, l\u2019\u00e9conomie, la soci\u00e9t\u00e9 et les analyses politiques. Le site s\u2019adresse \u00e0 un large public francophone et couvre l\u2019information tunisienne en temps r\u00e9el.","email":"redac@webdo.tn","legalName":"YNJ SARL","foundingDate":"2010-09-06","numberOfEmployees":{"@type":"QuantitativeValue","minValue":"11","maxValue":"50"}},{"@type":"Person","@id":"https:\/\/www.webdo.tn\/fr\/#\/schema\/person\/9a9c6118d687c117df8ef3cc36a4d175","name":"webdo.tn","image":{"@type":"ImageObject","inLanguage":"fr-FR","@id":"https:\/\/secure.gravatar.com\/avatar\/7ce1f28c0c3bbac99ff550b85ef8e44a6950c6ee24514fb6a5489e51d06f0298?s=96&d=mm&r=g","url":"https:\/\/secure.gravatar.com\/avatar\/7ce1f28c0c3bbac99ff550b85ef8e44a6950c6ee24514fb6a5489e51d06f0298?s=96&d=mm&r=g","contentUrl":"https:\/\/secure.gravatar.com\/avatar\/7ce1f28c0c3bbac99ff550b85ef8e44a6950c6ee24514fb6a5489e51d06f0298?s=96&d=mm&r=g","caption":"webdo.tn"},"url":"https:\/\/www.webdo.tn\/fr\/actualite\/author\/webdotn\/"}]}},"_links":{"self":[{"href":"https:\/\/www.webdo.tn\/fr\/wp-json\/wp\/v2\/posts\/178567","targetHints":{"allow":["GET"]}}],"collection":[{"href":"https:\/\/www.webdo.tn\/fr\/wp-json\/wp\/v2\/posts"}],"about":[{"href":"https:\/\/www.webdo.tn\/fr\/wp-json\/wp\/v2\/types\/post"}],"author":[{"embeddable":true,"href":"https:\/\/www.webdo.tn\/fr\/wp-json\/wp\/v2\/users\/3222"}],"replies":[{"embeddable":true,"href":"https:\/\/www.webdo.tn\/fr\/wp-json\/wp\/v2\/comments?post=178567"}],"version-history":[{"count":0,"href":"https:\/\/www.webdo.tn\/fr\/wp-json\/wp\/v2\/posts\/178567\/revisions"}],"wp:featuredmedia":[{"embeddable":true,"href":"https:\/\/www.webdo.tn\/fr\/wp-json\/wp\/v2\/media\/374596"}],"wp:attachment":[{"href":"https:\/\/www.webdo.tn\/fr\/wp-json\/wp\/v2\/media?parent=178567"}],"wp:term":[{"taxonomy":"category","embeddable":true,"href":"https:\/\/www.webdo.tn\/fr\/wp-json\/wp\/v2\/categories?post=178567"},{"taxonomy":"post_tag","embeddable":true,"href":"https:\/\/www.webdo.tn\/fr\/wp-json\/wp\/v2\/tags?post=178567"}],"curies":[{"name":"wp","href":"https:\/\/api.w.org\/{rel}","templated":true}]}}