{"id":178566,"date":"2011-12-13T15:11:00","date_gmt":"2011-12-13T15:11:00","guid":{"rendered":"https:\/\/www.webdo.tn\/fr\/actualite\/blog\/arabie-saoudite-la-femme-decapitee-pour-sorcellerie-netait-pas-leila-ben-ali\/178566\/"},"modified":"2011-12-13T15:11:00","modified_gmt":"2011-12-13T15:11:00","slug":"arabie-saoudite-la-femme-decapitee-pour-sorcellerie-netait-pas-leila-ben-ali","status":"publish","type":"post","link":"https:\/\/www.webdo.tn\/fr\/actualite\/divers\/arabie-saoudite-la-femme-decapitee-pour-sorcellerie-netait-pas-leila-ben-ali\/178566\/","title":{"rendered":"Arabie Saoudite: la femme d\u00e9capit\u00e9e pour sorcellerie n&rsquo;\u00e9tait pas Leila Ben Ali !"},"content":{"rendered":"<p>L\u2019information a fait le tour du monde, diffus\u00e9e d\u2019ailleurs par les autorit\u00e9s saoudiennes, celle de la femme qui a \u00e9t\u00e9 ex\u00e9cut\u00e9e hier par d\u00e9capitation, s\u2019agissant cependant d\u2019une femme d\u2019un pays arabe install\u00e9e depuis un certain temps dans le royaume. D\u2019ailleurs, malgr\u00e9 les efforts d\u2019Amnesty International qui ne cesse de d\u00e9noncer ces pratiques le nombre des ex\u00e9cutions en Arabie reste toujours important, puisqu\u2019on compte 41 ex\u00e9cutions au cours des deux derni\u00e8res ann\u00e9es, alors qu\u2019il se chiffrait \u00e0 102 (en 2008) et 67 (en 2009).<\/p>\n<p>La femme ex\u00e9cut\u00e9e hier \u00e9tait accus\u00e9e de sorcellerie, crime passible en Arabie Saoudite de la peine capitale, tout comme le viol, le vol \u00e0 main arm\u00e9e, l\u2019apostasie, etc. Reste \u00e0 savoir si les autorit\u00e9s saoudiennes ont-elles connaissance qu\u2019ils h\u00e9bergent chez eux, d\u00e9sormais, une des plus c\u00e9l\u00e8bres adeptes de la magie noire, une maniaque r\u00e9alisatrice de ces pratiques. Sont-ils conscients que Leila Trabelsi Ben Ali compte parmi les fervents disciples de la magie noire ?<\/p>\n<p>Une chose est s\u00fbre, cependant, l\u2019ex-sinistre premi\u00e8re dame ne ch\u00f4mera pas longtemps, avant de retrouver ses pleines pl\u00e9nitudes, ayant d\u00e9montr\u00e9 par un pass\u00e9 r\u00e9cent qu\u2019elle a plus d\u2019un tour, de magie cela s\u2019entend, dans son sac. Ce n\u2019est qu\u2019\u00e0 ce moment que ses h\u00f4tes apprendront \u00e0 leurs d\u00e9pens son immense talent dans les sortil\u00e8ges de tout genre\u2026<\/p>\n<p>Au-del\u00e0 du c\u00f4t\u00e9 inhumain, c&rsquo;\u00e9tait notre clin d&rsquo;oeil au pays qui se dit vertueux, mais qui prot\u00e8ge les \u00ab\u00a0vraies sorci\u00e8res\u00a0\u00bb.<\/p>\n","protected":false},"excerpt":{"rendered":"<p>Arabie Saoudite: la femme d\u00e9capit\u00e9e pour sorcellerie n&rsquo;\u00e9tait pas Leila Ben Ali ! <\/p>\n","protected":false},"author":3222,"featured_media":364999,"comment_status":"open","ping_status":"closed","sticky":false,"template":"","format":"standard","meta":{"footnotes":""},"categories":[2839],"tags":[],"class_list":["post-178566","post","type-post","status-publish","format-standard","has-post-thumbnail","hentry","category-divers"],"yoast_head":"<!-- This site is optimized with the Yoast SEO Premium plugin v27.5 (Yoast SEO v27.5) - https:\/\/yoast.com\/product\/yoast-seo-premium-wordpress\/ -->\n<title>Arabie Saoudite: la femme d\u00e9capit\u00e9e pour sorcellerie n&#039;\u00e9tait pas Leila Ben Ali !<\/title>\n<meta name=\"description\" content=\"Arabie Saoudite: la femme d\u00e9capit\u00e9e pour sorcellerie n&#039;\u00e9tait pas Leila Ben Ali !\" \/>\n<link rel=\"canonical\" href=\"https:\/\/www.webdo.tn\/fr\/actualite\/divers\/arabie-saoudite-la-femme-decapitee-pour-sorcellerie-netait-pas-leila-ben-ali\/178566\/\" \/>\n<meta property=\"og:locale\" content=\"fr_FR\" \/>\n<meta property=\"og:type\" content=\"article\" \/>\n<meta property=\"og:title\" content=\"Arabie Saoudite: la femme d\u00e9capit\u00e9e pour sorcellerie n&#039;\u00e9tait pas Leila Ben Ali !\" \/>\n<meta property=\"og:description\" content=\"Arabie Saoudite: la femme d\u00e9capit\u00e9e pour sorcellerie n&#039;\u00e9tait pas Leila Ben Ali !\" \/>\n<meta property=\"og:url\" content=\"https:\/\/www.webdo.tn\/fr\/actualite\/divers\/arabie-saoudite-la-femme-decapitee-pour-sorcellerie-netait-pas-leila-ben-ali\/178566\/\" \/>\n<meta property=\"og:site_name\" content=\"webdo\" \/>\n<meta property=\"article:publisher\" content=\"https:\/\/www.facebook.com\/webdotn\" \/>\n<meta property=\"article:published_time\" content=\"2011-12-13T15:11:00+00:00\" \/>\n<meta property=\"og:image\" content=\"https:\/\/www.webdo.tn\/fr\/wp-content\/uploads\/2011\/12\/Leila-Ben-Ali-photo-bakchich.info_.jpg\" \/>\n\t<meta property=\"og:image:width\" content=\"249\" \/>\n\t<meta property=\"og:image:height\" content=\"229\" \/>\n\t<meta property=\"og:image:type\" content=\"image\/jpeg\" \/>\n<meta name=\"author\" content=\"webdo.tn\" \/>\n<meta name=\"twitter:card\" content=\"summary_large_image\" \/>\n<meta name=\"twitter:creator\" content=\"@webdo_tn\" \/>\n<meta name=\"twitter:site\" content=\"@webdo_tn\" \/>\n<meta name=\"twitter:label1\" content=\"\u00c9crit par\" \/>\n\t<meta name=\"twitter:data1\" content=\"webdo.tn\" \/>\n\t<meta name=\"twitter:label2\" content=\"Dur\u00e9e de lecture estim\u00e9e\" \/>\n\t<meta name=\"twitter:data2\" content=\"1 minute\" \/>\n<script type=\"application\/ld+json\" class=\"yoast-schema-graph\">{\"@context\":\"https:\\\/\\\/schema.org\",\"@graph\":[{\"@type\":\"NewsArticle\",\"@id\":\"https:\\\/\\\/www.webdo.tn\\\/fr\\\/actualite\\\/divers\\\/arabie-saoudite-la-femme-decapitee-pour-sorcellerie-netait-pas-leila-ben-ali\\\/178566\\\/#article\",\"isPartOf\":{\"@id\":\"https:\\\/\\\/www.webdo.tn\\\/fr\\\/actualite\\\/divers\\\/arabie-saoudite-la-femme-decapitee-pour-sorcellerie-netait-pas-leila-ben-ali\\\/178566\\\/\"},\"author\":{\"name\":\"webdo.tn\",\"@id\":\"https:\\\/\\\/www.webdo.tn\\\/fr\\\/#\\\/schema\\\/person\\\/9a9c6118d687c117df8ef3cc36a4d175\"},\"headline\":\"Arabie Saoudite: la femme d\u00e9capit\u00e9e pour sorcellerie n&rsquo;\u00e9tait pas Leila Ben Ali !\",\"datePublished\":\"2011-12-13T15:11:00+00:00\",\"mainEntityOfPage\":{\"@id\":\"https:\\\/\\\/www.webdo.tn\\\/fr\\\/actualite\\\/divers\\\/arabie-saoudite-la-femme-decapitee-pour-sorcellerie-netait-pas-leila-ben-ali\\\/178566\\\/\"},\"wordCount\":290,\"commentCount\":0,\"publisher\":{\"@id\":\"https:\\\/\\\/www.webdo.tn\\\/fr\\\/#organization\"},\"image\":{\"@id\":\"https:\\\/\\\/www.webdo.tn\\\/fr\\\/actualite\\\/divers\\\/arabie-saoudite-la-femme-decapitee-pour-sorcellerie-netait-pas-leila-ben-ali\\\/178566\\\/#primaryimage\"},\"thumbnailUrl\":\"https:\\\/\\\/www.webdo.tn\\\/fr\\\/wp-content\\\/uploads\\\/2011\\\/12\\\/Leila-Ben-Ali-photo-bakchich.info_.jpg\",\"articleSection\":[\"Divers\"],\"inLanguage\":\"fr-FR\"},{\"@type\":\"WebPage\",\"@id\":\"https:\\\/\\\/www.webdo.tn\\\/fr\\\/actualite\\\/divers\\\/arabie-saoudite-la-femme-decapitee-pour-sorcellerie-netait-pas-leila-ben-ali\\\/178566\\\/\",\"url\":\"https:\\\/\\\/www.webdo.tn\\\/fr\\\/actualite\\\/divers\\\/arabie-saoudite-la-femme-decapitee-pour-sorcellerie-netait-pas-leila-ben-ali\\\/178566\\\/\",\"name\":\"Arabie Saoudite: la femme d\u00e9capit\u00e9e pour sorcellerie n'\u00e9tait pas Leila Ben Ali !\",\"isPartOf\":{\"@id\":\"https:\\\/\\\/www.webdo.tn\\\/fr\\\/#website\"},\"primaryImageOfPage\":{\"@id\":\"https:\\\/\\\/www.webdo.tn\\\/fr\\\/actualite\\\/divers\\\/arabie-saoudite-la-femme-decapitee-pour-sorcellerie-netait-pas-leila-ben-ali\\\/178566\\\/#primaryimage\"},\"image\":{\"@id\":\"https:\\\/\\\/www.webdo.tn\\\/fr\\\/actualite\\\/divers\\\/arabie-saoudite-la-femme-decapitee-pour-sorcellerie-netait-pas-leila-ben-ali\\\/178566\\\/#primaryimage\"},\"thumbnailUrl\":\"https:\\\/\\\/www.webdo.tn\\\/fr\\\/wp-content\\\/uploads\\\/2011\\\/12\\\/Leila-Ben-Ali-photo-bakchich.info_.jpg\",\"datePublished\":\"2011-12-13T15:11:00+00:00\",\"description\":\"Arabie Saoudite: la femme d\u00e9capit\u00e9e pour sorcellerie n'\u00e9tait pas Leila Ben Ali !\",\"breadcrumb\":{\"@id\":\"https:\\\/\\\/www.webdo.tn\\\/fr\\\/actualite\\\/divers\\\/arabie-saoudite-la-femme-decapitee-pour-sorcellerie-netait-pas-leila-ben-ali\\\/178566\\\/#breadcrumb\"},\"inLanguage\":\"fr-FR\",\"potentialAction\":[{\"@type\":\"ReadAction\",\"target\":[\"https:\\\/\\\/www.webdo.tn\\\/fr\\\/actualite\\\/divers\\\/arabie-saoudite-la-femme-decapitee-pour-sorcellerie-netait-pas-leila-ben-ali\\\/178566\\\/\"]}]},{\"@type\":\"ImageObject\",\"inLanguage\":\"fr-FR\",\"@id\":\"https:\\\/\\\/www.webdo.tn\\\/fr\\\/actualite\\\/divers\\\/arabie-saoudite-la-femme-decapitee-pour-sorcellerie-netait-pas-leila-ben-ali\\\/178566\\\/#primaryimage\",\"url\":\"https:\\\/\\\/www.webdo.tn\\\/fr\\\/wp-content\\\/uploads\\\/2011\\\/12\\\/Leila-Ben-Ali-photo-bakchich.info_.jpg\",\"contentUrl\":\"https:\\\/\\\/www.webdo.tn\\\/fr\\\/wp-content\\\/uploads\\\/2011\\\/12\\\/Leila-Ben-Ali-photo-bakchich.info_.jpg\",\"width\":249,\"height\":229,\"caption\":\"Arabie Saoudite: la femme d\u00e9capit\u00e9e pour sorcellerie n'\u00e9tait pas Leila Ben Ali !\"},{\"@type\":\"BreadcrumbList\",\"@id\":\"https:\\\/\\\/www.webdo.tn\\\/fr\\\/actualite\\\/divers\\\/arabie-saoudite-la-femme-decapitee-pour-sorcellerie-netait-pas-leila-ben-ali\\\/178566\\\/#breadcrumb\",\"itemListElement\":[{\"@type\":\"ListItem\",\"position\":1,\"name\":\"Accueil\",\"item\":\"https:\\\/\\\/www.webdo.tn\\\/fr\\\/\"},{\"@type\":\"ListItem\",\"position\":2,\"name\":\"Arabie Saoudite: la femme d\u00e9capit\u00e9e pour sorcellerie n&rsquo;\u00e9tait pas Leila Ben Ali !\"}]},{\"@type\":\"WebSite\",\"@id\":\"https:\\\/\\\/www.webdo.tn\\\/fr\\\/#website\",\"url\":\"https:\\\/\\\/www.webdo.tn\\\/fr\\\/\",\"name\":\"webdo\",\"description\":\"Tunisie - News en Tunisie et \u00e0 l&#039;international sur Webdo.tn\",\"publisher\":{\"@id\":\"https:\\\/\\\/www.webdo.tn\\\/fr\\\/#organization\"},\"potentialAction\":[{\"@type\":\"SearchAction\",\"target\":{\"@type\":\"EntryPoint\",\"urlTemplate\":\"https:\\\/\\\/www.webdo.tn\\\/fr\\\/?s={search_term_string}\"},\"query-input\":{\"@type\":\"PropertyValueSpecification\",\"valueRequired\":true,\"valueName\":\"search_term_string\"}}],\"inLanguage\":\"fr-FR\"},{\"@type\":\"Organization\",\"@id\":\"https:\\\/\\\/www.webdo.tn\\\/fr\\\/#organization\",\"name\":\"Webdo\",\"alternateName\":\"Webdo.tn\",\"url\":\"https:\\\/\\\/www.webdo.tn\\\/fr\\\/\",\"logo\":{\"@type\":\"ImageObject\",\"inLanguage\":\"fr-FR\",\"@id\":\"https:\\\/\\\/www.webdo.tn\\\/fr\\\/#\\\/schema\\\/logo\\\/image\\\/\",\"url\":\"https:\\\/\\\/www.webdo.tn\\\/fr\\\/wp-content\\\/uploads\\\/2025\\\/06\\\/Webdo-Tunisie_168377.jpg\",\"contentUrl\":\"https:\\\/\\\/www.webdo.tn\\\/fr\\\/wp-content\\\/uploads\\\/2025\\\/06\\\/Webdo-Tunisie_168377.jpg\",\"width\":301,\"height\":301,\"caption\":\"Webdo\"},\"image\":{\"@id\":\"https:\\\/\\\/www.webdo.tn\\\/fr\\\/#\\\/schema\\\/logo\\\/image\\\/\"},\"sameAs\":[\"https:\\\/\\\/www.facebook.com\\\/webdotn\",\"https:\\\/\\\/x.com\\\/webdo_tn\"],\"description\":\"Webdo est un m\u00e9dia num\u00e9rique tunisien fond\u00e9 en 2010, sp\u00e9cialis\u00e9 dans l\u2019actualit\u00e9 nationale et internationale, l\u2019\u00e9conomie, la soci\u00e9t\u00e9 et les analyses politiques. Le site s\u2019adresse \u00e0 un large public francophone et couvre l\u2019information tunisienne en temps r\u00e9el.\",\"email\":\"redac@webdo.tn\",\"legalName\":\"YNJ SARL\",\"foundingDate\":\"2010-09-06\",\"numberOfEmployees\":{\"@type\":\"QuantitativeValue\",\"minValue\":\"11\",\"maxValue\":\"50\"}},{\"@type\":\"Person\",\"@id\":\"https:\\\/\\\/www.webdo.tn\\\/fr\\\/#\\\/schema\\\/person\\\/9a9c6118d687c117df8ef3cc36a4d175\",\"name\":\"webdo.tn\",\"image\":{\"@type\":\"ImageObject\",\"inLanguage\":\"fr-FR\",\"@id\":\"https:\\\/\\\/secure.gravatar.com\\\/avatar\\\/7ce1f28c0c3bbac99ff550b85ef8e44a6950c6ee24514fb6a5489e51d06f0298?s=96&d=mm&r=g\",\"url\":\"https:\\\/\\\/secure.gravatar.com\\\/avatar\\\/7ce1f28c0c3bbac99ff550b85ef8e44a6950c6ee24514fb6a5489e51d06f0298?s=96&d=mm&r=g\",\"contentUrl\":\"https:\\\/\\\/secure.gravatar.com\\\/avatar\\\/7ce1f28c0c3bbac99ff550b85ef8e44a6950c6ee24514fb6a5489e51d06f0298?s=96&d=mm&r=g\",\"caption\":\"webdo.tn\"},\"url\":\"https:\\\/\\\/www.webdo.tn\\\/fr\\\/actualite\\\/author\\\/webdotn\\\/\"}]}<\/script>\n<!-- \/ Yoast SEO Premium plugin. -->","yoast_head_json":{"title":"Arabie Saoudite: la femme d\u00e9capit\u00e9e pour sorcellerie n'\u00e9tait pas Leila Ben Ali !","description":"Arabie Saoudite: la femme d\u00e9capit\u00e9e pour sorcellerie n'\u00e9tait pas Leila Ben Ali !","canonical":"https:\/\/www.webdo.tn\/fr\/actualite\/divers\/arabie-saoudite-la-femme-decapitee-pour-sorcellerie-netait-pas-leila-ben-ali\/178566\/","og_locale":"fr_FR","og_type":"article","og_title":"Arabie Saoudite: la femme d\u00e9capit\u00e9e pour sorcellerie n'\u00e9tait pas Leila Ben Ali !","og_description":"Arabie Saoudite: la femme d\u00e9capit\u00e9e pour sorcellerie n'\u00e9tait pas Leila Ben Ali !","og_url":"https:\/\/www.webdo.tn\/fr\/actualite\/divers\/arabie-saoudite-la-femme-decapitee-pour-sorcellerie-netait-pas-leila-ben-ali\/178566\/","og_site_name":"webdo","article_publisher":"https:\/\/www.facebook.com\/webdotn","article_published_time":"2011-12-13T15:11:00+00:00","og_image":[{"width":249,"height":229,"url":"https:\/\/www.webdo.tn\/fr\/wp-content\/uploads\/2011\/12\/Leila-Ben-Ali-photo-bakchich.info_.jpg","type":"image\/jpeg"}],"author":"webdo.tn","twitter_card":"summary_large_image","twitter_creator":"@webdo_tn","twitter_site":"@webdo_tn","twitter_misc":{"\u00c9crit par":"webdo.tn","Dur\u00e9e de lecture estim\u00e9e":"1 minute"},"schema":{"@context":"https:\/\/schema.org","@graph":[{"@type":"NewsArticle","@id":"https:\/\/www.webdo.tn\/fr\/actualite\/divers\/arabie-saoudite-la-femme-decapitee-pour-sorcellerie-netait-pas-leila-ben-ali\/178566\/#article","isPartOf":{"@id":"https:\/\/www.webdo.tn\/fr\/actualite\/divers\/arabie-saoudite-la-femme-decapitee-pour-sorcellerie-netait-pas-leila-ben-ali\/178566\/"},"author":{"name":"webdo.tn","@id":"https:\/\/www.webdo.tn\/fr\/#\/schema\/person\/9a9c6118d687c117df8ef3cc36a4d175"},"headline":"Arabie Saoudite: la femme d\u00e9capit\u00e9e pour sorcellerie n&rsquo;\u00e9tait pas Leila Ben Ali !","datePublished":"2011-12-13T15:11:00+00:00","mainEntityOfPage":{"@id":"https:\/\/www.webdo.tn\/fr\/actualite\/divers\/arabie-saoudite-la-femme-decapitee-pour-sorcellerie-netait-pas-leila-ben-ali\/178566\/"},"wordCount":290,"commentCount":0,"publisher":{"@id":"https:\/\/www.webdo.tn\/fr\/#organization"},"image":{"@id":"https:\/\/www.webdo.tn\/fr\/actualite\/divers\/arabie-saoudite-la-femme-decapitee-pour-sorcellerie-netait-pas-leila-ben-ali\/178566\/#primaryimage"},"thumbnailUrl":"https:\/\/www.webdo.tn\/fr\/wp-content\/uploads\/2011\/12\/Leila-Ben-Ali-photo-bakchich.info_.jpg","articleSection":["Divers"],"inLanguage":"fr-FR"},{"@type":"WebPage","@id":"https:\/\/www.webdo.tn\/fr\/actualite\/divers\/arabie-saoudite-la-femme-decapitee-pour-sorcellerie-netait-pas-leila-ben-ali\/178566\/","url":"https:\/\/www.webdo.tn\/fr\/actualite\/divers\/arabie-saoudite-la-femme-decapitee-pour-sorcellerie-netait-pas-leila-ben-ali\/178566\/","name":"Arabie Saoudite: la femme d\u00e9capit\u00e9e pour sorcellerie n'\u00e9tait pas Leila Ben Ali !","isPartOf":{"@id":"https:\/\/www.webdo.tn\/fr\/#website"},"primaryImageOfPage":{"@id":"https:\/\/www.webdo.tn\/fr\/actualite\/divers\/arabie-saoudite-la-femme-decapitee-pour-sorcellerie-netait-pas-leila-ben-ali\/178566\/#primaryimage"},"image":{"@id":"https:\/\/www.webdo.tn\/fr\/actualite\/divers\/arabie-saoudite-la-femme-decapitee-pour-sorcellerie-netait-pas-leila-ben-ali\/178566\/#primaryimage"},"thumbnailUrl":"https:\/\/www.webdo.tn\/fr\/wp-content\/uploads\/2011\/12\/Leila-Ben-Ali-photo-bakchich.info_.jpg","datePublished":"2011-12-13T15:11:00+00:00","description":"Arabie Saoudite: la femme d\u00e9capit\u00e9e pour sorcellerie n'\u00e9tait pas Leila Ben Ali !","breadcrumb":{"@id":"https:\/\/www.webdo.tn\/fr\/actualite\/divers\/arabie-saoudite-la-femme-decapitee-pour-sorcellerie-netait-pas-leila-ben-ali\/178566\/#breadcrumb"},"inLanguage":"fr-FR","potentialAction":[{"@type":"ReadAction","target":["https:\/\/www.webdo.tn\/fr\/actualite\/divers\/arabie-saoudite-la-femme-decapitee-pour-sorcellerie-netait-pas-leila-ben-ali\/178566\/"]}]},{"@type":"ImageObject","inLanguage":"fr-FR","@id":"https:\/\/www.webdo.tn\/fr\/actualite\/divers\/arabie-saoudite-la-femme-decapitee-pour-sorcellerie-netait-pas-leila-ben-ali\/178566\/#primaryimage","url":"https:\/\/www.webdo.tn\/fr\/wp-content\/uploads\/2011\/12\/Leila-Ben-Ali-photo-bakchich.info_.jpg","contentUrl":"https:\/\/www.webdo.tn\/fr\/wp-content\/uploads\/2011\/12\/Leila-Ben-Ali-photo-bakchich.info_.jpg","width":249,"height":229,"caption":"Arabie Saoudite: la femme d\u00e9capit\u00e9e pour sorcellerie n'\u00e9tait pas Leila Ben Ali !"},{"@type":"BreadcrumbList","@id":"https:\/\/www.webdo.tn\/fr\/actualite\/divers\/arabie-saoudite-la-femme-decapitee-pour-sorcellerie-netait-pas-leila-ben-ali\/178566\/#breadcrumb","itemListElement":[{"@type":"ListItem","position":1,"name":"Accueil","item":"https:\/\/www.webdo.tn\/fr\/"},{"@type":"ListItem","position":2,"name":"Arabie Saoudite: la femme d\u00e9capit\u00e9e pour sorcellerie n&rsquo;\u00e9tait pas Leila Ben Ali !"}]},{"@type":"WebSite","@id":"https:\/\/www.webdo.tn\/fr\/#website","url":"https:\/\/www.webdo.tn\/fr\/","name":"webdo","description":"Tunisie - News en Tunisie et \u00e0 l&#039;international sur Webdo.tn","publisher":{"@id":"https:\/\/www.webdo.tn\/fr\/#organization"},"potentialAction":[{"@type":"SearchAction","target":{"@type":"EntryPoint","urlTemplate":"https:\/\/www.webdo.tn\/fr\/?s={search_term_string}"},"query-input":{"@type":"PropertyValueSpecification","valueRequired":true,"valueName":"search_term_string"}}],"inLanguage":"fr-FR"},{"@type":"Organization","@id":"https:\/\/www.webdo.tn\/fr\/#organization","name":"Webdo","alternateName":"Webdo.tn","url":"https:\/\/www.webdo.tn\/fr\/","logo":{"@type":"ImageObject","inLanguage":"fr-FR","@id":"https:\/\/www.webdo.tn\/fr\/#\/schema\/logo\/image\/","url":"https:\/\/www.webdo.tn\/fr\/wp-content\/uploads\/2025\/06\/Webdo-Tunisie_168377.jpg","contentUrl":"https:\/\/www.webdo.tn\/fr\/wp-content\/uploads\/2025\/06\/Webdo-Tunisie_168377.jpg","width":301,"height":301,"caption":"Webdo"},"image":{"@id":"https:\/\/www.webdo.tn\/fr\/#\/schema\/logo\/image\/"},"sameAs":["https:\/\/www.facebook.com\/webdotn","https:\/\/x.com\/webdo_tn"],"description":"Webdo est un m\u00e9dia num\u00e9rique tunisien fond\u00e9 en 2010, sp\u00e9cialis\u00e9 dans l\u2019actualit\u00e9 nationale et internationale, l\u2019\u00e9conomie, la soci\u00e9t\u00e9 et les analyses politiques. Le site s\u2019adresse \u00e0 un large public francophone et couvre l\u2019information tunisienne en temps r\u00e9el.","email":"redac@webdo.tn","legalName":"YNJ SARL","foundingDate":"2010-09-06","numberOfEmployees":{"@type":"QuantitativeValue","minValue":"11","maxValue":"50"}},{"@type":"Person","@id":"https:\/\/www.webdo.tn\/fr\/#\/schema\/person\/9a9c6118d687c117df8ef3cc36a4d175","name":"webdo.tn","image":{"@type":"ImageObject","inLanguage":"fr-FR","@id":"https:\/\/secure.gravatar.com\/avatar\/7ce1f28c0c3bbac99ff550b85ef8e44a6950c6ee24514fb6a5489e51d06f0298?s=96&d=mm&r=g","url":"https:\/\/secure.gravatar.com\/avatar\/7ce1f28c0c3bbac99ff550b85ef8e44a6950c6ee24514fb6a5489e51d06f0298?s=96&d=mm&r=g","contentUrl":"https:\/\/secure.gravatar.com\/avatar\/7ce1f28c0c3bbac99ff550b85ef8e44a6950c6ee24514fb6a5489e51d06f0298?s=96&d=mm&r=g","caption":"webdo.tn"},"url":"https:\/\/www.webdo.tn\/fr\/actualite\/author\/webdotn\/"}]}},"_links":{"self":[{"href":"https:\/\/www.webdo.tn\/fr\/wp-json\/wp\/v2\/posts\/178566","targetHints":{"allow":["GET"]}}],"collection":[{"href":"https:\/\/www.webdo.tn\/fr\/wp-json\/wp\/v2\/posts"}],"about":[{"href":"https:\/\/www.webdo.tn\/fr\/wp-json\/wp\/v2\/types\/post"}],"author":[{"embeddable":true,"href":"https:\/\/www.webdo.tn\/fr\/wp-json\/wp\/v2\/users\/3222"}],"replies":[{"embeddable":true,"href":"https:\/\/www.webdo.tn\/fr\/wp-json\/wp\/v2\/comments?post=178566"}],"version-history":[{"count":0,"href":"https:\/\/www.webdo.tn\/fr\/wp-json\/wp\/v2\/posts\/178566\/revisions"}],"wp:featuredmedia":[{"embeddable":true,"href":"https:\/\/www.webdo.tn\/fr\/wp-json\/wp\/v2\/media\/364999"}],"wp:attachment":[{"href":"https:\/\/www.webdo.tn\/fr\/wp-json\/wp\/v2\/media?parent=178566"}],"wp:term":[{"taxonomy":"category","embeddable":true,"href":"https:\/\/www.webdo.tn\/fr\/wp-json\/wp\/v2\/categories?post=178566"},{"taxonomy":"post_tag","embeddable":true,"href":"https:\/\/www.webdo.tn\/fr\/wp-json\/wp\/v2\/tags?post=178566"}],"curies":[{"name":"wp","href":"https:\/\/api.w.org\/{rel}","templated":true}]}}