{"id":178564,"date":"2011-12-26T20:51:00","date_gmt":"2011-12-26T20:51:00","guid":{"rendered":"https:\/\/www.webdo.tn\/fr\/blog\/des-islamophobes-rendent-hommage-aux-algeriens-tues-durant-la-guerre\/178564\/"},"modified":"2025-06-04T19:02:28","modified_gmt":"2025-06-04T19:02:28","slug":"des-islamophobes-rendent-hommage-aux-algeriens-tues-durant-la-guerre","status":"publish","type":"post","link":"https:\/\/www.webdo.tn\/fr\/actualite\/divers\/des-islamophobes-rendent-hommage-aux-algeriens-tues-durant-la-guerre\/178564\/","title":{"rendered":"Des islamophobes \u00ab\u00a0rendent hommage\u00a0\u00bb aux Alg\u00e9riens tu\u00e9s durant la guerre !"},"content":{"rendered":"<p>C\u2019est la deuxi\u00e8me fois que cela arrive apr\u00e8s le 10 septembre dernier dans le cimeti\u00e8re de Carcassonne (sud de la France).<\/p>\n<p>D\u2019apr\u00e8s le journal \u00e9lectronique du Figaro, des croix gamm\u00e9es et des inscriptions racistes ont \u00e9t\u00e9 d\u00e9couvertes aujourd&rsquo;hui sur une trentaine de tombes d&rsquo;anciens combattants musulmans, en l\u2019occurrence des soldats alg\u00e9riens mots \u2018pour\u2019 la France lors de la Premi\u00e8re Guerre mondiale.<\/p>\n<p>Sur les pierres tombales portant un croissant et une \u00e9toile, on a \u00e9crit \u00ab\u00a0la France aux Fran\u00e7ais, les Arabes dehors\u00a0\u00bb, \u00ab\u00a0les Arabes, d\u00e9gagez\u00a0\u00bb ou encore \u00ab\u00a0sales Arabes\u00a0\u00bb et \u00ab\u00a0sales juifs\u00a0\u00bb, selon Abdallah Zekri, vice-pr\u00e9sident du Conseil r\u00e9gional du culte musulman (CRCM).<\/p>\n<p>Les actes islamophobes (agressions, insultes verbales, incendies visant des lieux de culte ou profanations) ont augment\u00e9 de 34% en 2011. Au cours du seul mois de novembre, souligne Mr. Zekri, six incendies ont vis\u00e9 des mosqu\u00e9es et 135 plaintes pour des actes islamophobes ont \u00e9t\u00e9 d\u00e9pos\u00e9es cette ann\u00e9e.<\/p>\n<p>Les inscriptions ont aussit\u00f4t \u00e9t\u00e9 effac\u00e9es par les services municipaux de la ville, apr\u00e8s que la police scientifique eut proc\u00e9d\u00e9 aux relev\u00e9s d&rsquo;usage. Voil\u00e0 comment on combat l\u2019islamophobie en France (et on ose encore prononcer ce mot), ceci nous rappelle la fa\u00e7on dont se moquait l\u2019humoriste, franco-marocain,  Gad El Maleh, des mesures \u00ab draconiennes \u00bb que la France a prises pour combattre le terrorisme : c\u2019est avec du scotch.<\/p>\n<p>Cette fois-ci en passant les rouleaux de peintres sur les tombes des Alg\u00e9riens tu\u00e9s pour une cause qu\u2019ils n\u2019ont jamais d\u00e9fendue et un pays qui n\u2019a jamais \u00e9t\u00e9 le leur. Bien s\u00fbr, au moment o\u00f9 la Turquie remue le couteau du g\u00e9nocide alg\u00e9rien dans la plaie des relations tendues entre le pays du Bosphore et celui  de Voltaire, il est de l\u2019int\u00e9r\u00eat des Tricolores de gommer tout le pass\u00e9 noir des descendants de Robespierre.<\/p>\n","protected":false},"excerpt":{"rendered":"<p>Des islamophobes  rendent hommage  aux Alg\u00e9riens tu\u00e9s durant la guerre !<\/p>\n","protected":false},"author":3222,"featured_media":374571,"comment_status":"open","ping_status":"closed","sticky":false,"template":"","format":"standard","meta":{"footnotes":""},"categories":[2839],"tags":[],"class_list":["post-178564","post","type-post","status-publish","format-standard","has-post-thumbnail","hentry","category-divers"],"yoast_head":"<!-- This site is optimized with the Yoast SEO Premium plugin v27.5 (Yoast SEO v27.5) - https:\/\/yoast.com\/product\/yoast-seo-premium-wordpress\/ -->\n<title>Des islamophobes rendent hommage aux Alg\u00e9riens tu\u00e9s durant la guerre !<\/title>\n<meta name=\"description\" content=\"Des islamophobes rendent hommage aux Alg\u00e9riens tu\u00e9s durant la guerre !\" \/>\n<link rel=\"canonical\" href=\"https:\/\/www.webdo.tn\/fr\/actualite\/divers\/des-islamophobes-rendent-hommage-aux-algeriens-tues-durant-la-guerre\/178564\/\" \/>\n<meta property=\"og:locale\" content=\"fr_FR\" \/>\n<meta property=\"og:type\" content=\"article\" \/>\n<meta property=\"og:title\" content=\"Des islamophobes &quot;rendent hommage&quot; aux Alg\u00e9riens tu\u00e9s durant la guerre !\" \/>\n<meta property=\"og:description\" content=\"Des islamophobes rendent hommage aux Alg\u00e9riens tu\u00e9s durant la guerre !\" \/>\n<meta property=\"og:url\" content=\"https:\/\/www.webdo.tn\/fr\/actualite\/divers\/des-islamophobes-rendent-hommage-aux-algeriens-tues-durant-la-guerre\/178564\/\" \/>\n<meta property=\"og:site_name\" content=\"webdo\" \/>\n<meta property=\"article:publisher\" content=\"https:\/\/www.facebook.com\/webdotn\" \/>\n<meta property=\"article:published_time\" content=\"2011-12-26T20:51:00+00:00\" \/>\n<meta property=\"article:modified_time\" content=\"2025-06-04T19:02:28+00:00\" \/>\n<meta name=\"author\" content=\"webdo.tn\" \/>\n<meta name=\"twitter:card\" content=\"summary_large_image\" \/>\n<meta name=\"twitter:creator\" content=\"@webdo_tn\" \/>\n<meta name=\"twitter:site\" content=\"@webdo_tn\" \/>\n<meta name=\"twitter:label1\" content=\"\u00c9crit par\" \/>\n\t<meta name=\"twitter:data1\" content=\"webdo.tn\" \/>\n\t<meta name=\"twitter:label2\" content=\"Dur\u00e9e de lecture estim\u00e9e\" \/>\n\t<meta name=\"twitter:data2\" content=\"2 minutes\" \/>\n<script type=\"application\/ld+json\" class=\"yoast-schema-graph\">{\"@context\":\"https:\\\/\\\/schema.org\",\"@graph\":[{\"@type\":\"NewsArticle\",\"@id\":\"https:\\\/\\\/www.webdo.tn\\\/fr\\\/actualite\\\/divers\\\/des-islamophobes-rendent-hommage-aux-algeriens-tues-durant-la-guerre\\\/178564\\\/#article\",\"isPartOf\":{\"@id\":\"https:\\\/\\\/www.webdo.tn\\\/fr\\\/actualite\\\/divers\\\/des-islamophobes-rendent-hommage-aux-algeriens-tues-durant-la-guerre\\\/178564\\\/\"},\"author\":{\"name\":\"webdo.tn\",\"@id\":\"https:\\\/\\\/www.webdo.tn\\\/fr\\\/#\\\/schema\\\/person\\\/9a9c6118d687c117df8ef3cc36a4d175\"},\"headline\":\"Des islamophobes \u00ab\u00a0rendent hommage\u00a0\u00bb aux Alg\u00e9riens tu\u00e9s durant la guerre !\",\"datePublished\":\"2011-12-26T20:51:00+00:00\",\"dateModified\":\"2025-06-04T19:02:28+00:00\",\"mainEntityOfPage\":{\"@id\":\"https:\\\/\\\/www.webdo.tn\\\/fr\\\/actualite\\\/divers\\\/des-islamophobes-rendent-hommage-aux-algeriens-tues-durant-la-guerre\\\/178564\\\/\"},\"wordCount\":341,\"commentCount\":0,\"publisher\":{\"@id\":\"https:\\\/\\\/www.webdo.tn\\\/fr\\\/#organization\"},\"image\":{\"@id\":\"https:\\\/\\\/www.webdo.tn\\\/fr\\\/actualite\\\/divers\\\/des-islamophobes-rendent-hommage-aux-algeriens-tues-durant-la-guerre\\\/178564\\\/#primaryimage\"},\"thumbnailUrl\":\"https:\\\/\\\/www.webdo.tn\\\/fr\\\/wp-content\\\/uploads\\\/2025\\\/06\\\/Inscriptions-racistes-et-nazies-sur-les-tombes-de-soldats-musulmans-morts-pour-la-France-pendant-la-Premiere-Guerre-mondiale-photo-atlasinfo.fr__178564.jpg\",\"articleSection\":[\"Divers\"],\"inLanguage\":\"fr-FR\"},{\"@type\":\"WebPage\",\"@id\":\"https:\\\/\\\/www.webdo.tn\\\/fr\\\/actualite\\\/divers\\\/des-islamophobes-rendent-hommage-aux-algeriens-tues-durant-la-guerre\\\/178564\\\/\",\"url\":\"https:\\\/\\\/www.webdo.tn\\\/fr\\\/actualite\\\/divers\\\/des-islamophobes-rendent-hommage-aux-algeriens-tues-durant-la-guerre\\\/178564\\\/\",\"name\":\"Des islamophobes rendent hommage aux Alg\u00e9riens tu\u00e9s durant la guerre !\",\"isPartOf\":{\"@id\":\"https:\\\/\\\/www.webdo.tn\\\/fr\\\/#website\"},\"primaryImageOfPage\":{\"@id\":\"https:\\\/\\\/www.webdo.tn\\\/fr\\\/actualite\\\/divers\\\/des-islamophobes-rendent-hommage-aux-algeriens-tues-durant-la-guerre\\\/178564\\\/#primaryimage\"},\"image\":{\"@id\":\"https:\\\/\\\/www.webdo.tn\\\/fr\\\/actualite\\\/divers\\\/des-islamophobes-rendent-hommage-aux-algeriens-tues-durant-la-guerre\\\/178564\\\/#primaryimage\"},\"thumbnailUrl\":\"https:\\\/\\\/www.webdo.tn\\\/fr\\\/wp-content\\\/uploads\\\/2025\\\/06\\\/Inscriptions-racistes-et-nazies-sur-les-tombes-de-soldats-musulmans-morts-pour-la-France-pendant-la-Premiere-Guerre-mondiale-photo-atlasinfo.fr__178564.jpg\",\"datePublished\":\"2011-12-26T20:51:00+00:00\",\"dateModified\":\"2025-06-04T19:02:28+00:00\",\"description\":\"Des islamophobes rendent hommage aux Alg\u00e9riens tu\u00e9s durant la guerre !\",\"breadcrumb\":{\"@id\":\"https:\\\/\\\/www.webdo.tn\\\/fr\\\/actualite\\\/divers\\\/des-islamophobes-rendent-hommage-aux-algeriens-tues-durant-la-guerre\\\/178564\\\/#breadcrumb\"},\"inLanguage\":\"fr-FR\",\"potentialAction\":[{\"@type\":\"ReadAction\",\"target\":[\"https:\\\/\\\/www.webdo.tn\\\/fr\\\/actualite\\\/divers\\\/des-islamophobes-rendent-hommage-aux-algeriens-tues-durant-la-guerre\\\/178564\\\/\"]}]},{\"@type\":\"ImageObject\",\"inLanguage\":\"fr-FR\",\"@id\":\"https:\\\/\\\/www.webdo.tn\\\/fr\\\/actualite\\\/divers\\\/des-islamophobes-rendent-hommage-aux-algeriens-tues-durant-la-guerre\\\/178564\\\/#primaryimage\",\"url\":\"https:\\\/\\\/www.webdo.tn\\\/fr\\\/wp-content\\\/uploads\\\/2025\\\/06\\\/Inscriptions-racistes-et-nazies-sur-les-tombes-de-soldats-musulmans-morts-pour-la-France-pendant-la-Premiere-Guerre-mondiale-photo-atlasinfo.fr__178564.jpg\",\"contentUrl\":\"https:\\\/\\\/www.webdo.tn\\\/fr\\\/wp-content\\\/uploads\\\/2025\\\/06\\\/Inscriptions-racistes-et-nazies-sur-les-tombes-de-soldats-musulmans-morts-pour-la-France-pendant-la-Premiere-Guerre-mondiale-photo-atlasinfo.fr__178564.jpg\",\"width\":276,\"height\":184,\"caption\":\"Des islamophobes \\\"rendent hommage\\\" aux Alg\u00e9riens tu\u00e9s durant la guerre !\"},{\"@type\":\"BreadcrumbList\",\"@id\":\"https:\\\/\\\/www.webdo.tn\\\/fr\\\/actualite\\\/divers\\\/des-islamophobes-rendent-hommage-aux-algeriens-tues-durant-la-guerre\\\/178564\\\/#breadcrumb\",\"itemListElement\":[{\"@type\":\"ListItem\",\"position\":1,\"name\":\"Accueil\",\"item\":\"https:\\\/\\\/www.webdo.tn\\\/fr\\\/\"},{\"@type\":\"ListItem\",\"position\":2,\"name\":\"Des islamophobes \u00ab\u00a0rendent hommage\u00a0\u00bb aux Alg\u00e9riens tu\u00e9s durant la guerre !\"}]},{\"@type\":\"WebSite\",\"@id\":\"https:\\\/\\\/www.webdo.tn\\\/fr\\\/#website\",\"url\":\"https:\\\/\\\/www.webdo.tn\\\/fr\\\/\",\"name\":\"webdo\",\"description\":\"Tunisie - News en Tunisie et \u00e0 l&#039;international sur Webdo.tn\",\"publisher\":{\"@id\":\"https:\\\/\\\/www.webdo.tn\\\/fr\\\/#organization\"},\"potentialAction\":[{\"@type\":\"SearchAction\",\"target\":{\"@type\":\"EntryPoint\",\"urlTemplate\":\"https:\\\/\\\/www.webdo.tn\\\/fr\\\/?s={search_term_string}\"},\"query-input\":{\"@type\":\"PropertyValueSpecification\",\"valueRequired\":true,\"valueName\":\"search_term_string\"}}],\"inLanguage\":\"fr-FR\"},{\"@type\":\"Organization\",\"@id\":\"https:\\\/\\\/www.webdo.tn\\\/fr\\\/#organization\",\"name\":\"Webdo\",\"alternateName\":\"Webdo.tn\",\"url\":\"https:\\\/\\\/www.webdo.tn\\\/fr\\\/\",\"logo\":{\"@type\":\"ImageObject\",\"inLanguage\":\"fr-FR\",\"@id\":\"https:\\\/\\\/www.webdo.tn\\\/fr\\\/#\\\/schema\\\/logo\\\/image\\\/\",\"url\":\"https:\\\/\\\/www.webdo.tn\\\/fr\\\/wp-content\\\/uploads\\\/2025\\\/06\\\/Webdo-Tunisie_168377.jpg\",\"contentUrl\":\"https:\\\/\\\/www.webdo.tn\\\/fr\\\/wp-content\\\/uploads\\\/2025\\\/06\\\/Webdo-Tunisie_168377.jpg\",\"width\":301,\"height\":301,\"caption\":\"Webdo\"},\"image\":{\"@id\":\"https:\\\/\\\/www.webdo.tn\\\/fr\\\/#\\\/schema\\\/logo\\\/image\\\/\"},\"sameAs\":[\"https:\\\/\\\/www.facebook.com\\\/webdotn\",\"https:\\\/\\\/x.com\\\/webdo_tn\"],\"description\":\"Webdo est un m\u00e9dia num\u00e9rique tunisien fond\u00e9 en 2010, sp\u00e9cialis\u00e9 dans l\u2019actualit\u00e9 nationale et internationale, l\u2019\u00e9conomie, la soci\u00e9t\u00e9 et les analyses politiques. Le site s\u2019adresse \u00e0 un large public francophone et couvre l\u2019information tunisienne en temps r\u00e9el.\",\"email\":\"redac@webdo.tn\",\"legalName\":\"YNJ SARL\",\"foundingDate\":\"2010-09-06\",\"numberOfEmployees\":{\"@type\":\"QuantitativeValue\",\"minValue\":\"11\",\"maxValue\":\"50\"}},{\"@type\":\"Person\",\"@id\":\"https:\\\/\\\/www.webdo.tn\\\/fr\\\/#\\\/schema\\\/person\\\/9a9c6118d687c117df8ef3cc36a4d175\",\"name\":\"webdo.tn\",\"image\":{\"@type\":\"ImageObject\",\"inLanguage\":\"fr-FR\",\"@id\":\"https:\\\/\\\/secure.gravatar.com\\\/avatar\\\/7ce1f28c0c3bbac99ff550b85ef8e44a6950c6ee24514fb6a5489e51d06f0298?s=96&d=mm&r=g\",\"url\":\"https:\\\/\\\/secure.gravatar.com\\\/avatar\\\/7ce1f28c0c3bbac99ff550b85ef8e44a6950c6ee24514fb6a5489e51d06f0298?s=96&d=mm&r=g\",\"contentUrl\":\"https:\\\/\\\/secure.gravatar.com\\\/avatar\\\/7ce1f28c0c3bbac99ff550b85ef8e44a6950c6ee24514fb6a5489e51d06f0298?s=96&d=mm&r=g\",\"caption\":\"webdo.tn\"},\"url\":\"https:\\\/\\\/www.webdo.tn\\\/fr\\\/actualite\\\/author\\\/webdotn\\\/\"}]}<\/script>\n<!-- \/ Yoast SEO Premium plugin. -->","yoast_head_json":{"title":"Des islamophobes rendent hommage aux Alg\u00e9riens tu\u00e9s durant la guerre !","description":"Des islamophobes rendent hommage aux Alg\u00e9riens tu\u00e9s durant la guerre !","canonical":"https:\/\/www.webdo.tn\/fr\/actualite\/divers\/des-islamophobes-rendent-hommage-aux-algeriens-tues-durant-la-guerre\/178564\/","og_locale":"fr_FR","og_type":"article","og_title":"Des islamophobes \"rendent hommage\" aux Alg\u00e9riens tu\u00e9s durant la guerre !","og_description":"Des islamophobes rendent hommage aux Alg\u00e9riens tu\u00e9s durant la guerre !","og_url":"https:\/\/www.webdo.tn\/fr\/actualite\/divers\/des-islamophobes-rendent-hommage-aux-algeriens-tues-durant-la-guerre\/178564\/","og_site_name":"webdo","article_publisher":"https:\/\/www.facebook.com\/webdotn","article_published_time":"2011-12-26T20:51:00+00:00","article_modified_time":"2025-06-04T19:02:28+00:00","author":"webdo.tn","twitter_card":"summary_large_image","twitter_creator":"@webdo_tn","twitter_site":"@webdo_tn","twitter_misc":{"\u00c9crit par":"webdo.tn","Dur\u00e9e de lecture estim\u00e9e":"2 minutes"},"schema":{"@context":"https:\/\/schema.org","@graph":[{"@type":"NewsArticle","@id":"https:\/\/www.webdo.tn\/fr\/actualite\/divers\/des-islamophobes-rendent-hommage-aux-algeriens-tues-durant-la-guerre\/178564\/#article","isPartOf":{"@id":"https:\/\/www.webdo.tn\/fr\/actualite\/divers\/des-islamophobes-rendent-hommage-aux-algeriens-tues-durant-la-guerre\/178564\/"},"author":{"name":"webdo.tn","@id":"https:\/\/www.webdo.tn\/fr\/#\/schema\/person\/9a9c6118d687c117df8ef3cc36a4d175"},"headline":"Des islamophobes \u00ab\u00a0rendent hommage\u00a0\u00bb aux Alg\u00e9riens tu\u00e9s durant la guerre !","datePublished":"2011-12-26T20:51:00+00:00","dateModified":"2025-06-04T19:02:28+00:00","mainEntityOfPage":{"@id":"https:\/\/www.webdo.tn\/fr\/actualite\/divers\/des-islamophobes-rendent-hommage-aux-algeriens-tues-durant-la-guerre\/178564\/"},"wordCount":341,"commentCount":0,"publisher":{"@id":"https:\/\/www.webdo.tn\/fr\/#organization"},"image":{"@id":"https:\/\/www.webdo.tn\/fr\/actualite\/divers\/des-islamophobes-rendent-hommage-aux-algeriens-tues-durant-la-guerre\/178564\/#primaryimage"},"thumbnailUrl":"https:\/\/www.webdo.tn\/fr\/wp-content\/uploads\/2025\/06\/Inscriptions-racistes-et-nazies-sur-les-tombes-de-soldats-musulmans-morts-pour-la-France-pendant-la-Premiere-Guerre-mondiale-photo-atlasinfo.fr__178564.jpg","articleSection":["Divers"],"inLanguage":"fr-FR"},{"@type":"WebPage","@id":"https:\/\/www.webdo.tn\/fr\/actualite\/divers\/des-islamophobes-rendent-hommage-aux-algeriens-tues-durant-la-guerre\/178564\/","url":"https:\/\/www.webdo.tn\/fr\/actualite\/divers\/des-islamophobes-rendent-hommage-aux-algeriens-tues-durant-la-guerre\/178564\/","name":"Des islamophobes rendent hommage aux Alg\u00e9riens tu\u00e9s durant la guerre !","isPartOf":{"@id":"https:\/\/www.webdo.tn\/fr\/#website"},"primaryImageOfPage":{"@id":"https:\/\/www.webdo.tn\/fr\/actualite\/divers\/des-islamophobes-rendent-hommage-aux-algeriens-tues-durant-la-guerre\/178564\/#primaryimage"},"image":{"@id":"https:\/\/www.webdo.tn\/fr\/actualite\/divers\/des-islamophobes-rendent-hommage-aux-algeriens-tues-durant-la-guerre\/178564\/#primaryimage"},"thumbnailUrl":"https:\/\/www.webdo.tn\/fr\/wp-content\/uploads\/2025\/06\/Inscriptions-racistes-et-nazies-sur-les-tombes-de-soldats-musulmans-morts-pour-la-France-pendant-la-Premiere-Guerre-mondiale-photo-atlasinfo.fr__178564.jpg","datePublished":"2011-12-26T20:51:00+00:00","dateModified":"2025-06-04T19:02:28+00:00","description":"Des islamophobes rendent hommage aux Alg\u00e9riens tu\u00e9s durant la guerre !","breadcrumb":{"@id":"https:\/\/www.webdo.tn\/fr\/actualite\/divers\/des-islamophobes-rendent-hommage-aux-algeriens-tues-durant-la-guerre\/178564\/#breadcrumb"},"inLanguage":"fr-FR","potentialAction":[{"@type":"ReadAction","target":["https:\/\/www.webdo.tn\/fr\/actualite\/divers\/des-islamophobes-rendent-hommage-aux-algeriens-tues-durant-la-guerre\/178564\/"]}]},{"@type":"ImageObject","inLanguage":"fr-FR","@id":"https:\/\/www.webdo.tn\/fr\/actualite\/divers\/des-islamophobes-rendent-hommage-aux-algeriens-tues-durant-la-guerre\/178564\/#primaryimage","url":"https:\/\/www.webdo.tn\/fr\/wp-content\/uploads\/2025\/06\/Inscriptions-racistes-et-nazies-sur-les-tombes-de-soldats-musulmans-morts-pour-la-France-pendant-la-Premiere-Guerre-mondiale-photo-atlasinfo.fr__178564.jpg","contentUrl":"https:\/\/www.webdo.tn\/fr\/wp-content\/uploads\/2025\/06\/Inscriptions-racistes-et-nazies-sur-les-tombes-de-soldats-musulmans-morts-pour-la-France-pendant-la-Premiere-Guerre-mondiale-photo-atlasinfo.fr__178564.jpg","width":276,"height":184,"caption":"Des islamophobes \"rendent hommage\" aux Alg\u00e9riens tu\u00e9s durant la guerre !"},{"@type":"BreadcrumbList","@id":"https:\/\/www.webdo.tn\/fr\/actualite\/divers\/des-islamophobes-rendent-hommage-aux-algeriens-tues-durant-la-guerre\/178564\/#breadcrumb","itemListElement":[{"@type":"ListItem","position":1,"name":"Accueil","item":"https:\/\/www.webdo.tn\/fr\/"},{"@type":"ListItem","position":2,"name":"Des islamophobes \u00ab\u00a0rendent hommage\u00a0\u00bb aux Alg\u00e9riens tu\u00e9s durant la guerre !"}]},{"@type":"WebSite","@id":"https:\/\/www.webdo.tn\/fr\/#website","url":"https:\/\/www.webdo.tn\/fr\/","name":"webdo","description":"Tunisie - News en Tunisie et \u00e0 l&#039;international sur Webdo.tn","publisher":{"@id":"https:\/\/www.webdo.tn\/fr\/#organization"},"potentialAction":[{"@type":"SearchAction","target":{"@type":"EntryPoint","urlTemplate":"https:\/\/www.webdo.tn\/fr\/?s={search_term_string}"},"query-input":{"@type":"PropertyValueSpecification","valueRequired":true,"valueName":"search_term_string"}}],"inLanguage":"fr-FR"},{"@type":"Organization","@id":"https:\/\/www.webdo.tn\/fr\/#organization","name":"Webdo","alternateName":"Webdo.tn","url":"https:\/\/www.webdo.tn\/fr\/","logo":{"@type":"ImageObject","inLanguage":"fr-FR","@id":"https:\/\/www.webdo.tn\/fr\/#\/schema\/logo\/image\/","url":"https:\/\/www.webdo.tn\/fr\/wp-content\/uploads\/2025\/06\/Webdo-Tunisie_168377.jpg","contentUrl":"https:\/\/www.webdo.tn\/fr\/wp-content\/uploads\/2025\/06\/Webdo-Tunisie_168377.jpg","width":301,"height":301,"caption":"Webdo"},"image":{"@id":"https:\/\/www.webdo.tn\/fr\/#\/schema\/logo\/image\/"},"sameAs":["https:\/\/www.facebook.com\/webdotn","https:\/\/x.com\/webdo_tn"],"description":"Webdo est un m\u00e9dia num\u00e9rique tunisien fond\u00e9 en 2010, sp\u00e9cialis\u00e9 dans l\u2019actualit\u00e9 nationale et internationale, l\u2019\u00e9conomie, la soci\u00e9t\u00e9 et les analyses politiques. Le site s\u2019adresse \u00e0 un large public francophone et couvre l\u2019information tunisienne en temps r\u00e9el.","email":"redac@webdo.tn","legalName":"YNJ SARL","foundingDate":"2010-09-06","numberOfEmployees":{"@type":"QuantitativeValue","minValue":"11","maxValue":"50"}},{"@type":"Person","@id":"https:\/\/www.webdo.tn\/fr\/#\/schema\/person\/9a9c6118d687c117df8ef3cc36a4d175","name":"webdo.tn","image":{"@type":"ImageObject","inLanguage":"fr-FR","@id":"https:\/\/secure.gravatar.com\/avatar\/7ce1f28c0c3bbac99ff550b85ef8e44a6950c6ee24514fb6a5489e51d06f0298?s=96&d=mm&r=g","url":"https:\/\/secure.gravatar.com\/avatar\/7ce1f28c0c3bbac99ff550b85ef8e44a6950c6ee24514fb6a5489e51d06f0298?s=96&d=mm&r=g","contentUrl":"https:\/\/secure.gravatar.com\/avatar\/7ce1f28c0c3bbac99ff550b85ef8e44a6950c6ee24514fb6a5489e51d06f0298?s=96&d=mm&r=g","caption":"webdo.tn"},"url":"https:\/\/www.webdo.tn\/fr\/actualite\/author\/webdotn\/"}]}},"_links":{"self":[{"href":"https:\/\/www.webdo.tn\/fr\/wp-json\/wp\/v2\/posts\/178564","targetHints":{"allow":["GET"]}}],"collection":[{"href":"https:\/\/www.webdo.tn\/fr\/wp-json\/wp\/v2\/posts"}],"about":[{"href":"https:\/\/www.webdo.tn\/fr\/wp-json\/wp\/v2\/types\/post"}],"author":[{"embeddable":true,"href":"https:\/\/www.webdo.tn\/fr\/wp-json\/wp\/v2\/users\/3222"}],"replies":[{"embeddable":true,"href":"https:\/\/www.webdo.tn\/fr\/wp-json\/wp\/v2\/comments?post=178564"}],"version-history":[{"count":0,"href":"https:\/\/www.webdo.tn\/fr\/wp-json\/wp\/v2\/posts\/178564\/revisions"}],"wp:featuredmedia":[{"embeddable":true,"href":"https:\/\/www.webdo.tn\/fr\/wp-json\/wp\/v2\/media\/374571"}],"wp:attachment":[{"href":"https:\/\/www.webdo.tn\/fr\/wp-json\/wp\/v2\/media?parent=178564"}],"wp:term":[{"taxonomy":"category","embeddable":true,"href":"https:\/\/www.webdo.tn\/fr\/wp-json\/wp\/v2\/categories?post=178564"},{"taxonomy":"post_tag","embeddable":true,"href":"https:\/\/www.webdo.tn\/fr\/wp-json\/wp\/v2\/tags?post=178564"}],"curies":[{"name":"wp","href":"https:\/\/api.w.org\/{rel}","templated":true}]}}