{"id":178563,"date":"2011-12-27T16:06:00","date_gmt":"2011-12-27T16:06:00","guid":{"rendered":"https:\/\/www.webdo.tn\/fr\/blog\/kidnapping-dun-bebe-par-une-femme-et-devinez-quoi-elle-est-voilee\/178563\/"},"modified":"2025-06-04T19:02:29","modified_gmt":"2025-06-04T19:02:29","slug":"kidnapping-dun-bebe-par-une-femme-et-devinez-quoi-elle-est-voilee","status":"publish","type":"post","link":"https:\/\/www.webdo.tn\/fr\/actualite\/divers\/kidnapping-dun-bebe-par-une-femme-et-devinez-quoi-elle-est-voilee\/178563\/","title":{"rendered":"(M\u00e0J)Kidnapping d&rsquo;un b\u00e9b\u00e9 par une femme. Et devinez quoi ? Elle est voil\u00e9e !!"},"content":{"rendered":"<p>(M\u00e0J): Le b\u00e9b\u00e9, Lina, a \u00e9t\u00e9 retrouv\u00e9e hier soir, mercredi 28 d\u00e9cembre 2011 vers 23 h 30, saine et sauve, informe Hichem Meddeb, le porte-parole du minist\u00e8re de l&rsquo;Int\u00e9rieur. La femme qui l&rsquo;a kidnapp\u00e9 soufre de troubles psychologiques suite \u00e0 la perte de son enfant. D\u00e9nonc\u00e9e par le mari de sa s\u0153ur, le b\u00e9b\u00e9 a \u00e9t\u00e9 retrouv\u00e9 \u00e0 la Marsa dans la r\u00e9gion de Bhar Lazreg.<\/p>\n<p>_________________________________________________<\/p>\n<p>Kidnapping d&rsquo;un b\u00e9b\u00e9 par une femme. Et devinez quoi ? Elle est voil\u00e9e !! <\/p>\n<p>Comme si une femme voil\u00e9e ne peut pas commettre un tel acte. Pourtant c&rsquo;est le buzz d&rsquo;aujourd&rsquo;hui !<\/p>\n<p>Aujourd&rsquo;hui, l&rsquo;h\u00f4pital d&rsquo;enfants de Bab S\u00e2adoun a \u00e9t\u00e9 le th\u00e9\u00e2tre d&rsquo;un kidnapping : celui d&rsquo;une petite fille, \u00e2g\u00e9e d&rsquo;\u00e0 peine 40 jours, hospitalis\u00e9e depuis dimanche dernier.<\/p>\n<p>Selon Hichem Meddeb, le porte-parole du minist\u00e8re de l&rsquo;Int\u00e9rieur interrog\u00e9 par Mosa\u00efque FM, la susepecte est une femme, d&rsquo;une quarantaine d&rsquo;ann\u00e9es, portant un foulard marron, et qui s&rsquo;est pr\u00e9sent\u00e9 comme \u00e9tant la tante du petit b\u00e9b\u00e9.<\/p>\n<p>Cette information a \u00e9t\u00e9 reprise diff\u00e9remment d&rsquo;un m\u00e9dia \u00e0 un autre. Certains ont titr\u00e9 que la suspecte \u00e9tait voil\u00e9e, d&rsquo;autres qu&rsquo;elle portait un Niqab ! Comme si le fait que l&rsquo;auteure de ce crime soit voil\u00e9e transformait cet acte en une chose encore plus abominable.<\/p>\n<p>Le kidnapping des b\u00e9b\u00e9s ou de nouveaux-n\u00e9s est un crime perp\u00e9tr\u00e9 assez souvent suite \u00e0 un probl\u00e8me psychologique qui pousse certaines femmes d&rsquo;un certain \u00e2ge, ne pouvant avoir d&rsquo;enfants, \u00e0 le faire.<\/p>\n<p>Pour certains, le foulard port\u00e9 par la femme en question serait surtout utilis\u00e9 pour mieux camoufler son identit\u00e9 et afin que d\u2019\u00e9ventuels t\u00e9moins ne la reconnaissent pas.<\/p>\n<p>Cette femme est, actuellement, recherch\u00e9e, notamment aux alentours de Bab Sa\u00e2doun.<\/p>\n","protected":false},"excerpt":{"rendered":"<p>(M\u00e0J)Kidnapping d&rsquo;un b\u00e9b\u00e9 par une femme. Et devinez quoi ? Elle est voil\u00e9e !! <\/p>\n","protected":false},"author":3222,"featured_media":374572,"comment_status":"open","ping_status":"closed","sticky":false,"template":"","format":"standard","meta":{"footnotes":""},"categories":[2839],"tags":[],"class_list":["post-178563","post","type-post","status-publish","format-standard","has-post-thumbnail","hentry","category-divers"],"yoast_head":"<!-- This site is optimized with the Yoast SEO Premium plugin v27.5 (Yoast SEO v27.5) - https:\/\/yoast.com\/product\/yoast-seo-premium-wordpress\/ -->\n<title>(M\u00e0J)Kidnapping d&#039;un b\u00e9b\u00e9 par une femme. Et devinez quoi ? Elle est voil\u00e9e !!<\/title>\n<meta name=\"description\" content=\"(M\u00e0J)Kidnapping d&#039;un b\u00e9b\u00e9 par une femme. Et devinez quoi ? Elle est voil\u00e9e !!\" \/>\n<link rel=\"canonical\" href=\"https:\/\/www.webdo.tn\/fr\/actualite\/divers\/kidnapping-dun-bebe-par-une-femme-et-devinez-quoi-elle-est-voilee\/178563\/\" \/>\n<meta property=\"og:locale\" content=\"fr_FR\" \/>\n<meta property=\"og:type\" content=\"article\" \/>\n<meta property=\"og:title\" content=\"(M\u00e0J)Kidnapping d&#039;un b\u00e9b\u00e9 par une femme. Et devinez quoi ? Elle est voil\u00e9e !!\" \/>\n<meta property=\"og:description\" content=\"(M\u00e0J)Kidnapping d&#039;un b\u00e9b\u00e9 par une femme. Et devinez quoi ? Elle est voil\u00e9e !!\" \/>\n<meta property=\"og:url\" content=\"https:\/\/www.webdo.tn\/fr\/actualite\/divers\/kidnapping-dun-bebe-par-une-femme-et-devinez-quoi-elle-est-voilee\/178563\/\" \/>\n<meta property=\"og:site_name\" content=\"webdo\" \/>\n<meta property=\"article:publisher\" content=\"https:\/\/www.facebook.com\/webdotn\" \/>\n<meta property=\"article:published_time\" content=\"2011-12-27T16:06:00+00:00\" \/>\n<meta property=\"article:modified_time\" content=\"2025-06-04T19:02:29+00:00\" \/>\n<meta name=\"author\" content=\"webdo.tn\" \/>\n<meta name=\"twitter:card\" content=\"summary_large_image\" \/>\n<meta name=\"twitter:creator\" content=\"@webdo_tn\" \/>\n<meta name=\"twitter:site\" content=\"@webdo_tn\" \/>\n<meta name=\"twitter:label1\" content=\"\u00c9crit par\" \/>\n\t<meta name=\"twitter:data1\" content=\"webdo.tn\" \/>\n\t<meta name=\"twitter:label2\" content=\"Dur\u00e9e de lecture estim\u00e9e\" \/>\n\t<meta name=\"twitter:data2\" content=\"1 minute\" \/>\n<script type=\"application\/ld+json\" class=\"yoast-schema-graph\">{\"@context\":\"https:\\\/\\\/schema.org\",\"@graph\":[{\"@type\":\"NewsArticle\",\"@id\":\"https:\\\/\\\/www.webdo.tn\\\/fr\\\/actualite\\\/divers\\\/kidnapping-dun-bebe-par-une-femme-et-devinez-quoi-elle-est-voilee\\\/178563\\\/#article\",\"isPartOf\":{\"@id\":\"https:\\\/\\\/www.webdo.tn\\\/fr\\\/actualite\\\/divers\\\/kidnapping-dun-bebe-par-une-femme-et-devinez-quoi-elle-est-voilee\\\/178563\\\/\"},\"author\":{\"name\":\"webdo.tn\",\"@id\":\"https:\\\/\\\/www.webdo.tn\\\/fr\\\/#\\\/schema\\\/person\\\/9a9c6118d687c117df8ef3cc36a4d175\"},\"headline\":\"(M\u00e0J)Kidnapping d&rsquo;un b\u00e9b\u00e9 par une femme. Et devinez quoi ? Elle est voil\u00e9e !!\",\"datePublished\":\"2011-12-27T16:06:00+00:00\",\"dateModified\":\"2025-06-04T19:02:29+00:00\",\"mainEntityOfPage\":{\"@id\":\"https:\\\/\\\/www.webdo.tn\\\/fr\\\/actualite\\\/divers\\\/kidnapping-dun-bebe-par-une-femme-et-devinez-quoi-elle-est-voilee\\\/178563\\\/\"},\"wordCount\":336,\"commentCount\":0,\"publisher\":{\"@id\":\"https:\\\/\\\/www.webdo.tn\\\/fr\\\/#organization\"},\"image\":{\"@id\":\"https:\\\/\\\/www.webdo.tn\\\/fr\\\/actualite\\\/divers\\\/kidnapping-dun-bebe-par-une-femme-et-devinez-quoi-elle-est-voilee\\\/178563\\\/#primaryimage\"},\"thumbnailUrl\":\"https:\\\/\\\/www.webdo.tn\\\/fr\\\/wp-content\\\/uploads\\\/2025\\\/06\\\/Nouveau-ne-photo-20minutes.fr__178563.jpg\",\"articleSection\":[\"Divers\"],\"inLanguage\":\"fr-FR\"},{\"@type\":\"WebPage\",\"@id\":\"https:\\\/\\\/www.webdo.tn\\\/fr\\\/actualite\\\/divers\\\/kidnapping-dun-bebe-par-une-femme-et-devinez-quoi-elle-est-voilee\\\/178563\\\/\",\"url\":\"https:\\\/\\\/www.webdo.tn\\\/fr\\\/actualite\\\/divers\\\/kidnapping-dun-bebe-par-une-femme-et-devinez-quoi-elle-est-voilee\\\/178563\\\/\",\"name\":\"(M\u00e0J)Kidnapping d'un b\u00e9b\u00e9 par une femme. Et devinez quoi ? Elle est voil\u00e9e !!\",\"isPartOf\":{\"@id\":\"https:\\\/\\\/www.webdo.tn\\\/fr\\\/#website\"},\"primaryImageOfPage\":{\"@id\":\"https:\\\/\\\/www.webdo.tn\\\/fr\\\/actualite\\\/divers\\\/kidnapping-dun-bebe-par-une-femme-et-devinez-quoi-elle-est-voilee\\\/178563\\\/#primaryimage\"},\"image\":{\"@id\":\"https:\\\/\\\/www.webdo.tn\\\/fr\\\/actualite\\\/divers\\\/kidnapping-dun-bebe-par-une-femme-et-devinez-quoi-elle-est-voilee\\\/178563\\\/#primaryimage\"},\"thumbnailUrl\":\"https:\\\/\\\/www.webdo.tn\\\/fr\\\/wp-content\\\/uploads\\\/2025\\\/06\\\/Nouveau-ne-photo-20minutes.fr__178563.jpg\",\"datePublished\":\"2011-12-27T16:06:00+00:00\",\"dateModified\":\"2025-06-04T19:02:29+00:00\",\"description\":\"(M\u00e0J)Kidnapping d'un b\u00e9b\u00e9 par une femme. Et devinez quoi ? Elle est voil\u00e9e !!\",\"breadcrumb\":{\"@id\":\"https:\\\/\\\/www.webdo.tn\\\/fr\\\/actualite\\\/divers\\\/kidnapping-dun-bebe-par-une-femme-et-devinez-quoi-elle-est-voilee\\\/178563\\\/#breadcrumb\"},\"inLanguage\":\"fr-FR\",\"potentialAction\":[{\"@type\":\"ReadAction\",\"target\":[\"https:\\\/\\\/www.webdo.tn\\\/fr\\\/actualite\\\/divers\\\/kidnapping-dun-bebe-par-une-femme-et-devinez-quoi-elle-est-voilee\\\/178563\\\/\"]}]},{\"@type\":\"ImageObject\",\"inLanguage\":\"fr-FR\",\"@id\":\"https:\\\/\\\/www.webdo.tn\\\/fr\\\/actualite\\\/divers\\\/kidnapping-dun-bebe-par-une-femme-et-devinez-quoi-elle-est-voilee\\\/178563\\\/#primaryimage\",\"url\":\"https:\\\/\\\/www.webdo.tn\\\/fr\\\/wp-content\\\/uploads\\\/2025\\\/06\\\/Nouveau-ne-photo-20minutes.fr__178563.jpg\",\"contentUrl\":\"https:\\\/\\\/www.webdo.tn\\\/fr\\\/wp-content\\\/uploads\\\/2025\\\/06\\\/Nouveau-ne-photo-20minutes.fr__178563.jpg\",\"width\":227,\"height\":154,\"caption\":\"(M\u00e0J)Kidnapping d'un b\u00e9b\u00e9 par une femme. Et devinez quoi ? Elle est voil\u00e9e !!\"},{\"@type\":\"BreadcrumbList\",\"@id\":\"https:\\\/\\\/www.webdo.tn\\\/fr\\\/actualite\\\/divers\\\/kidnapping-dun-bebe-par-une-femme-et-devinez-quoi-elle-est-voilee\\\/178563\\\/#breadcrumb\",\"itemListElement\":[{\"@type\":\"ListItem\",\"position\":1,\"name\":\"Accueil\",\"item\":\"https:\\\/\\\/www.webdo.tn\\\/fr\\\/\"},{\"@type\":\"ListItem\",\"position\":2,\"name\":\"(M\u00e0J)Kidnapping d&rsquo;un b\u00e9b\u00e9 par une femme. Et devinez quoi ? Elle est voil\u00e9e !!\"}]},{\"@type\":\"WebSite\",\"@id\":\"https:\\\/\\\/www.webdo.tn\\\/fr\\\/#website\",\"url\":\"https:\\\/\\\/www.webdo.tn\\\/fr\\\/\",\"name\":\"webdo\",\"description\":\"Tunisie - News en Tunisie et \u00e0 l&#039;international sur Webdo.tn\",\"publisher\":{\"@id\":\"https:\\\/\\\/www.webdo.tn\\\/fr\\\/#organization\"},\"potentialAction\":[{\"@type\":\"SearchAction\",\"target\":{\"@type\":\"EntryPoint\",\"urlTemplate\":\"https:\\\/\\\/www.webdo.tn\\\/fr\\\/?s={search_term_string}\"},\"query-input\":{\"@type\":\"PropertyValueSpecification\",\"valueRequired\":true,\"valueName\":\"search_term_string\"}}],\"inLanguage\":\"fr-FR\"},{\"@type\":\"Organization\",\"@id\":\"https:\\\/\\\/www.webdo.tn\\\/fr\\\/#organization\",\"name\":\"Webdo\",\"alternateName\":\"Webdo.tn\",\"url\":\"https:\\\/\\\/www.webdo.tn\\\/fr\\\/\",\"logo\":{\"@type\":\"ImageObject\",\"inLanguage\":\"fr-FR\",\"@id\":\"https:\\\/\\\/www.webdo.tn\\\/fr\\\/#\\\/schema\\\/logo\\\/image\\\/\",\"url\":\"https:\\\/\\\/www.webdo.tn\\\/fr\\\/wp-content\\\/uploads\\\/2025\\\/06\\\/Webdo-Tunisie_168377.jpg\",\"contentUrl\":\"https:\\\/\\\/www.webdo.tn\\\/fr\\\/wp-content\\\/uploads\\\/2025\\\/06\\\/Webdo-Tunisie_168377.jpg\",\"width\":301,\"height\":301,\"caption\":\"Webdo\"},\"image\":{\"@id\":\"https:\\\/\\\/www.webdo.tn\\\/fr\\\/#\\\/schema\\\/logo\\\/image\\\/\"},\"sameAs\":[\"https:\\\/\\\/www.facebook.com\\\/webdotn\",\"https:\\\/\\\/x.com\\\/webdo_tn\"],\"description\":\"Webdo est un m\u00e9dia num\u00e9rique tunisien fond\u00e9 en 2010, sp\u00e9cialis\u00e9 dans l\u2019actualit\u00e9 nationale et internationale, l\u2019\u00e9conomie, la soci\u00e9t\u00e9 et les analyses politiques. Le site s\u2019adresse \u00e0 un large public francophone et couvre l\u2019information tunisienne en temps r\u00e9el.\",\"email\":\"redac@webdo.tn\",\"legalName\":\"YNJ SARL\",\"foundingDate\":\"2010-09-06\",\"numberOfEmployees\":{\"@type\":\"QuantitativeValue\",\"minValue\":\"11\",\"maxValue\":\"50\"}},{\"@type\":\"Person\",\"@id\":\"https:\\\/\\\/www.webdo.tn\\\/fr\\\/#\\\/schema\\\/person\\\/9a9c6118d687c117df8ef3cc36a4d175\",\"name\":\"webdo.tn\",\"image\":{\"@type\":\"ImageObject\",\"inLanguage\":\"fr-FR\",\"@id\":\"https:\\\/\\\/secure.gravatar.com\\\/avatar\\\/7ce1f28c0c3bbac99ff550b85ef8e44a6950c6ee24514fb6a5489e51d06f0298?s=96&d=mm&r=g\",\"url\":\"https:\\\/\\\/secure.gravatar.com\\\/avatar\\\/7ce1f28c0c3bbac99ff550b85ef8e44a6950c6ee24514fb6a5489e51d06f0298?s=96&d=mm&r=g\",\"contentUrl\":\"https:\\\/\\\/secure.gravatar.com\\\/avatar\\\/7ce1f28c0c3bbac99ff550b85ef8e44a6950c6ee24514fb6a5489e51d06f0298?s=96&d=mm&r=g\",\"caption\":\"webdo.tn\"},\"url\":\"https:\\\/\\\/www.webdo.tn\\\/fr\\\/actualite\\\/author\\\/webdotn\\\/\"}]}<\/script>\n<!-- \/ Yoast SEO Premium plugin. -->","yoast_head_json":{"title":"(M\u00e0J)Kidnapping d'un b\u00e9b\u00e9 par une femme. Et devinez quoi ? Elle est voil\u00e9e !!","description":"(M\u00e0J)Kidnapping d'un b\u00e9b\u00e9 par une femme. Et devinez quoi ? Elle est voil\u00e9e !!","canonical":"https:\/\/www.webdo.tn\/fr\/actualite\/divers\/kidnapping-dun-bebe-par-une-femme-et-devinez-quoi-elle-est-voilee\/178563\/","og_locale":"fr_FR","og_type":"article","og_title":"(M\u00e0J)Kidnapping d'un b\u00e9b\u00e9 par une femme. Et devinez quoi ? Elle est voil\u00e9e !!","og_description":"(M\u00e0J)Kidnapping d'un b\u00e9b\u00e9 par une femme. Et devinez quoi ? Elle est voil\u00e9e !!","og_url":"https:\/\/www.webdo.tn\/fr\/actualite\/divers\/kidnapping-dun-bebe-par-une-femme-et-devinez-quoi-elle-est-voilee\/178563\/","og_site_name":"webdo","article_publisher":"https:\/\/www.facebook.com\/webdotn","article_published_time":"2011-12-27T16:06:00+00:00","article_modified_time":"2025-06-04T19:02:29+00:00","author":"webdo.tn","twitter_card":"summary_large_image","twitter_creator":"@webdo_tn","twitter_site":"@webdo_tn","twitter_misc":{"\u00c9crit par":"webdo.tn","Dur\u00e9e de lecture estim\u00e9e":"1 minute"},"schema":{"@context":"https:\/\/schema.org","@graph":[{"@type":"NewsArticle","@id":"https:\/\/www.webdo.tn\/fr\/actualite\/divers\/kidnapping-dun-bebe-par-une-femme-et-devinez-quoi-elle-est-voilee\/178563\/#article","isPartOf":{"@id":"https:\/\/www.webdo.tn\/fr\/actualite\/divers\/kidnapping-dun-bebe-par-une-femme-et-devinez-quoi-elle-est-voilee\/178563\/"},"author":{"name":"webdo.tn","@id":"https:\/\/www.webdo.tn\/fr\/#\/schema\/person\/9a9c6118d687c117df8ef3cc36a4d175"},"headline":"(M\u00e0J)Kidnapping d&rsquo;un b\u00e9b\u00e9 par une femme. Et devinez quoi ? Elle est voil\u00e9e !!","datePublished":"2011-12-27T16:06:00+00:00","dateModified":"2025-06-04T19:02:29+00:00","mainEntityOfPage":{"@id":"https:\/\/www.webdo.tn\/fr\/actualite\/divers\/kidnapping-dun-bebe-par-une-femme-et-devinez-quoi-elle-est-voilee\/178563\/"},"wordCount":336,"commentCount":0,"publisher":{"@id":"https:\/\/www.webdo.tn\/fr\/#organization"},"image":{"@id":"https:\/\/www.webdo.tn\/fr\/actualite\/divers\/kidnapping-dun-bebe-par-une-femme-et-devinez-quoi-elle-est-voilee\/178563\/#primaryimage"},"thumbnailUrl":"https:\/\/www.webdo.tn\/fr\/wp-content\/uploads\/2025\/06\/Nouveau-ne-photo-20minutes.fr__178563.jpg","articleSection":["Divers"],"inLanguage":"fr-FR"},{"@type":"WebPage","@id":"https:\/\/www.webdo.tn\/fr\/actualite\/divers\/kidnapping-dun-bebe-par-une-femme-et-devinez-quoi-elle-est-voilee\/178563\/","url":"https:\/\/www.webdo.tn\/fr\/actualite\/divers\/kidnapping-dun-bebe-par-une-femme-et-devinez-quoi-elle-est-voilee\/178563\/","name":"(M\u00e0J)Kidnapping d'un b\u00e9b\u00e9 par une femme. Et devinez quoi ? Elle est voil\u00e9e !!","isPartOf":{"@id":"https:\/\/www.webdo.tn\/fr\/#website"},"primaryImageOfPage":{"@id":"https:\/\/www.webdo.tn\/fr\/actualite\/divers\/kidnapping-dun-bebe-par-une-femme-et-devinez-quoi-elle-est-voilee\/178563\/#primaryimage"},"image":{"@id":"https:\/\/www.webdo.tn\/fr\/actualite\/divers\/kidnapping-dun-bebe-par-une-femme-et-devinez-quoi-elle-est-voilee\/178563\/#primaryimage"},"thumbnailUrl":"https:\/\/www.webdo.tn\/fr\/wp-content\/uploads\/2025\/06\/Nouveau-ne-photo-20minutes.fr__178563.jpg","datePublished":"2011-12-27T16:06:00+00:00","dateModified":"2025-06-04T19:02:29+00:00","description":"(M\u00e0J)Kidnapping d'un b\u00e9b\u00e9 par une femme. Et devinez quoi ? Elle est voil\u00e9e !!","breadcrumb":{"@id":"https:\/\/www.webdo.tn\/fr\/actualite\/divers\/kidnapping-dun-bebe-par-une-femme-et-devinez-quoi-elle-est-voilee\/178563\/#breadcrumb"},"inLanguage":"fr-FR","potentialAction":[{"@type":"ReadAction","target":["https:\/\/www.webdo.tn\/fr\/actualite\/divers\/kidnapping-dun-bebe-par-une-femme-et-devinez-quoi-elle-est-voilee\/178563\/"]}]},{"@type":"ImageObject","inLanguage":"fr-FR","@id":"https:\/\/www.webdo.tn\/fr\/actualite\/divers\/kidnapping-dun-bebe-par-une-femme-et-devinez-quoi-elle-est-voilee\/178563\/#primaryimage","url":"https:\/\/www.webdo.tn\/fr\/wp-content\/uploads\/2025\/06\/Nouveau-ne-photo-20minutes.fr__178563.jpg","contentUrl":"https:\/\/www.webdo.tn\/fr\/wp-content\/uploads\/2025\/06\/Nouveau-ne-photo-20minutes.fr__178563.jpg","width":227,"height":154,"caption":"(M\u00e0J)Kidnapping d'un b\u00e9b\u00e9 par une femme. Et devinez quoi ? Elle est voil\u00e9e !!"},{"@type":"BreadcrumbList","@id":"https:\/\/www.webdo.tn\/fr\/actualite\/divers\/kidnapping-dun-bebe-par-une-femme-et-devinez-quoi-elle-est-voilee\/178563\/#breadcrumb","itemListElement":[{"@type":"ListItem","position":1,"name":"Accueil","item":"https:\/\/www.webdo.tn\/fr\/"},{"@type":"ListItem","position":2,"name":"(M\u00e0J)Kidnapping d&rsquo;un b\u00e9b\u00e9 par une femme. Et devinez quoi ? Elle est voil\u00e9e !!"}]},{"@type":"WebSite","@id":"https:\/\/www.webdo.tn\/fr\/#website","url":"https:\/\/www.webdo.tn\/fr\/","name":"webdo","description":"Tunisie - News en Tunisie et \u00e0 l&#039;international sur Webdo.tn","publisher":{"@id":"https:\/\/www.webdo.tn\/fr\/#organization"},"potentialAction":[{"@type":"SearchAction","target":{"@type":"EntryPoint","urlTemplate":"https:\/\/www.webdo.tn\/fr\/?s={search_term_string}"},"query-input":{"@type":"PropertyValueSpecification","valueRequired":true,"valueName":"search_term_string"}}],"inLanguage":"fr-FR"},{"@type":"Organization","@id":"https:\/\/www.webdo.tn\/fr\/#organization","name":"Webdo","alternateName":"Webdo.tn","url":"https:\/\/www.webdo.tn\/fr\/","logo":{"@type":"ImageObject","inLanguage":"fr-FR","@id":"https:\/\/www.webdo.tn\/fr\/#\/schema\/logo\/image\/","url":"https:\/\/www.webdo.tn\/fr\/wp-content\/uploads\/2025\/06\/Webdo-Tunisie_168377.jpg","contentUrl":"https:\/\/www.webdo.tn\/fr\/wp-content\/uploads\/2025\/06\/Webdo-Tunisie_168377.jpg","width":301,"height":301,"caption":"Webdo"},"image":{"@id":"https:\/\/www.webdo.tn\/fr\/#\/schema\/logo\/image\/"},"sameAs":["https:\/\/www.facebook.com\/webdotn","https:\/\/x.com\/webdo_tn"],"description":"Webdo est un m\u00e9dia num\u00e9rique tunisien fond\u00e9 en 2010, sp\u00e9cialis\u00e9 dans l\u2019actualit\u00e9 nationale et internationale, l\u2019\u00e9conomie, la soci\u00e9t\u00e9 et les analyses politiques. Le site s\u2019adresse \u00e0 un large public francophone et couvre l\u2019information tunisienne en temps r\u00e9el.","email":"redac@webdo.tn","legalName":"YNJ SARL","foundingDate":"2010-09-06","numberOfEmployees":{"@type":"QuantitativeValue","minValue":"11","maxValue":"50"}},{"@type":"Person","@id":"https:\/\/www.webdo.tn\/fr\/#\/schema\/person\/9a9c6118d687c117df8ef3cc36a4d175","name":"webdo.tn","image":{"@type":"ImageObject","inLanguage":"fr-FR","@id":"https:\/\/secure.gravatar.com\/avatar\/7ce1f28c0c3bbac99ff550b85ef8e44a6950c6ee24514fb6a5489e51d06f0298?s=96&d=mm&r=g","url":"https:\/\/secure.gravatar.com\/avatar\/7ce1f28c0c3bbac99ff550b85ef8e44a6950c6ee24514fb6a5489e51d06f0298?s=96&d=mm&r=g","contentUrl":"https:\/\/secure.gravatar.com\/avatar\/7ce1f28c0c3bbac99ff550b85ef8e44a6950c6ee24514fb6a5489e51d06f0298?s=96&d=mm&r=g","caption":"webdo.tn"},"url":"https:\/\/www.webdo.tn\/fr\/actualite\/author\/webdotn\/"}]}},"_links":{"self":[{"href":"https:\/\/www.webdo.tn\/fr\/wp-json\/wp\/v2\/posts\/178563","targetHints":{"allow":["GET"]}}],"collection":[{"href":"https:\/\/www.webdo.tn\/fr\/wp-json\/wp\/v2\/posts"}],"about":[{"href":"https:\/\/www.webdo.tn\/fr\/wp-json\/wp\/v2\/types\/post"}],"author":[{"embeddable":true,"href":"https:\/\/www.webdo.tn\/fr\/wp-json\/wp\/v2\/users\/3222"}],"replies":[{"embeddable":true,"href":"https:\/\/www.webdo.tn\/fr\/wp-json\/wp\/v2\/comments?post=178563"}],"version-history":[{"count":0,"href":"https:\/\/www.webdo.tn\/fr\/wp-json\/wp\/v2\/posts\/178563\/revisions"}],"wp:featuredmedia":[{"embeddable":true,"href":"https:\/\/www.webdo.tn\/fr\/wp-json\/wp\/v2\/media\/374572"}],"wp:attachment":[{"href":"https:\/\/www.webdo.tn\/fr\/wp-json\/wp\/v2\/media?parent=178563"}],"wp:term":[{"taxonomy":"category","embeddable":true,"href":"https:\/\/www.webdo.tn\/fr\/wp-json\/wp\/v2\/categories?post=178563"},{"taxonomy":"post_tag","embeddable":true,"href":"https:\/\/www.webdo.tn\/fr\/wp-json\/wp\/v2\/tags?post=178563"}],"curies":[{"name":"wp","href":"https:\/\/api.w.org\/{rel}","templated":true}]}}