{"id":178562,"date":"2012-01-03T14:33:00","date_gmt":"2012-01-03T14:33:00","guid":{"rendered":"https:\/\/www.webdo.tn\/fr\/blog\/photos-sakher-et-nesrine-el-materi-au-reveillon-2012-c-est-show-pour-eux-a-la-cigale-de-doha\/178562\/"},"modified":"2012-01-03T14:33:00","modified_gmt":"2012-01-03T14:33:00","slug":"photos-sakher-et-nesrine-el-materi-au-reveillon-2012-c-est-show-pour-eux-a-la-cigale-de-doha","status":"publish","type":"post","link":"https:\/\/www.webdo.tn\/fr\/actualite\/divers\/photos-sakher-et-nesrine-el-materi-au-reveillon-2012-c-est-show-pour-eux-a-la-cigale-de-doha\/178562\/","title":{"rendered":"Photos Sakher et Nesrine El Materi au r\u00e9veillon 2012: c\u2019est \u00abshow\u00bb pour eux \u00e0 \u00abLa Cigale\u00bb de Doha !"},"content":{"rendered":"<p>Pendant que les Tunisiens gal\u00e8rent pour avoir des bombonnes de gaz, c\u2019est tout \u00abshow\u00bb pour Sakher El Materi et son \u00e9pouse Nesrine, fille de Ben Ali, et ce, preuve \u00e0 l\u2019appui. Actuellement des photos font un v\u00e9ritable buzz sur le Net. Elles montent le duo en train de s\u2019amuser et m\u00eame de danser (pour Nesrine) lors de la fameuse soir\u00e9e r\u00e9veillon 2012.<\/p>\n<p>C\u2019est gr\u00e2ce \u00e0 Ali Gargouri, connu par ses articles d\u2019opinion sur Nawaat, que ces photos ont pu circuler sur le web. Lui-m\u00eame les a re\u00e7ues d\u2019une amie pr\u00e9sente. Les photos ont \u00e9t\u00e9 compar\u00e9es \u00e0 celles prises lors du r\u00e9veillon \u00e0 \u00abLa Cigale Hotel\u00bb de Doha (Qatar), o\u00f9 la soir\u00e9e VIP battait son plein avec des \u00abstars\u00bb comme Nancy Ajram.<\/p>\n","protected":false},"excerpt":{"rendered":"<p>Photos Sakher et Nesrine El Materi au r\u00e9veillon 2012: c\u2019est \u00abshow\u00bb pour eux \u00e0 \u00abLa Cigale\u00bb de Doha !<\/p>\n","protected":false},"author":3222,"featured_media":374564,"comment_status":"open","ping_status":"closed","sticky":false,"template":"","format":"standard","meta":{"footnotes":""},"categories":[2839],"tags":[2600],"class_list":["post-178562","post","type-post","status-publish","format-standard","has-post-thumbnail","hentry","category-divers","tag-guerre"],"yoast_head":"<!-- This site is optimized with the Yoast SEO Premium plugin v27.5 (Yoast SEO v27.5) - https:\/\/yoast.com\/product\/yoast-seo-premium-wordpress\/ -->\n<title>Photos Sakher et Nesrine El Materi au r\u00e9veillon 2012: c\u2019est \u00abshow\u00bb pour eux \u00e0 \u00abLa Cigale\u00bb de Doha !<\/title>\n<meta name=\"description\" content=\"Photos Sakher et Nesrine El Materi au r\u00e9veillon 2012: c\u2019est \u00abshow\u00bb pour eux \u00e0 \u00abLa Cigale\u00bb de Doha !\" \/>\n<link rel=\"canonical\" href=\"https:\/\/www.webdo.tn\/fr\/actualite\/divers\/photos-sakher-et-nesrine-el-materi-au-reveillon-2012-c-est-show-pour-eux-a-la-cigale-de-doha\/178562\/\" \/>\n<meta property=\"og:locale\" content=\"fr_FR\" \/>\n<meta property=\"og:type\" content=\"article\" \/>\n<meta property=\"og:title\" content=\"Photos Sakher et Nesrine El Materi au r\u00e9veillon 2012: c\u2019est \u00abshow\u00bb pour eux \u00e0 \u00abLa Cigale\u00bb de Doha !\" \/>\n<meta property=\"og:description\" content=\"Photos Sakher et Nesrine El Materi au r\u00e9veillon 2012: c\u2019est \u00abshow\u00bb pour eux \u00e0 \u00abLa Cigale\u00bb de Doha !\" \/>\n<meta property=\"og:url\" content=\"https:\/\/www.webdo.tn\/fr\/actualite\/divers\/photos-sakher-et-nesrine-el-materi-au-reveillon-2012-c-est-show-pour-eux-a-la-cigale-de-doha\/178562\/\" \/>\n<meta property=\"og:site_name\" content=\"webdo\" \/>\n<meta property=\"article:publisher\" content=\"https:\/\/www.facebook.com\/webdotn\" \/>\n<meta property=\"article:published_time\" content=\"2012-01-03T14:33:00+00:00\" \/>\n<meta property=\"og:image\" content=\"https:\/\/www.webdo.tn\/fr\/wp-content\/uploads\/2025\/06\/Nesrine-Ben-Ali-soiree-reveillon-2012-La-Cigale-hotel-Doha-photo-FB-Ali-Gargouri_178562.jpg\" \/>\n\t<meta property=\"og:image:width\" content=\"480\" \/>\n\t<meta property=\"og:image:height\" content=\"319\" \/>\n\t<meta property=\"og:image:type\" content=\"image\/jpeg\" \/>\n<meta name=\"author\" content=\"webdo.tn\" \/>\n<meta name=\"twitter:card\" content=\"summary_large_image\" \/>\n<meta name=\"twitter:creator\" content=\"@webdo_tn\" \/>\n<meta name=\"twitter:site\" content=\"@webdo_tn\" \/>\n<meta name=\"twitter:label1\" content=\"\u00c9crit par\" \/>\n\t<meta name=\"twitter:data1\" content=\"webdo.tn\" \/>\n\t<meta name=\"twitter:label2\" content=\"Dur\u00e9e de lecture estim\u00e9e\" \/>\n\t<meta name=\"twitter:data2\" content=\"1 minute\" \/>\n<script type=\"application\/ld+json\" class=\"yoast-schema-graph\">{\"@context\":\"https:\\\/\\\/schema.org\",\"@graph\":[{\"@type\":\"NewsArticle\",\"@id\":\"https:\\\/\\\/www.webdo.tn\\\/fr\\\/actualite\\\/divers\\\/photos-sakher-et-nesrine-el-materi-au-reveillon-2012-c-est-show-pour-eux-a-la-cigale-de-doha\\\/178562\\\/#article\",\"isPartOf\":{\"@id\":\"https:\\\/\\\/www.webdo.tn\\\/fr\\\/actualite\\\/divers\\\/photos-sakher-et-nesrine-el-materi-au-reveillon-2012-c-est-show-pour-eux-a-la-cigale-de-doha\\\/178562\\\/\"},\"author\":{\"name\":\"webdo.tn\",\"@id\":\"https:\\\/\\\/www.webdo.tn\\\/fr\\\/#\\\/schema\\\/person\\\/9a9c6118d687c117df8ef3cc36a4d175\"},\"headline\":\"Photos Sakher et Nesrine El Materi au r\u00e9veillon 2012: c\u2019est \u00abshow\u00bb pour eux \u00e0 \u00abLa Cigale\u00bb de Doha !\",\"datePublished\":\"2012-01-03T14:33:00+00:00\",\"mainEntityOfPage\":{\"@id\":\"https:\\\/\\\/www.webdo.tn\\\/fr\\\/actualite\\\/divers\\\/photos-sakher-et-nesrine-el-materi-au-reveillon-2012-c-est-show-pour-eux-a-la-cigale-de-doha\\\/178562\\\/\"},\"wordCount\":152,\"commentCount\":0,\"publisher\":{\"@id\":\"https:\\\/\\\/www.webdo.tn\\\/fr\\\/#organization\"},\"image\":{\"@id\":\"https:\\\/\\\/www.webdo.tn\\\/fr\\\/actualite\\\/divers\\\/photos-sakher-et-nesrine-el-materi-au-reveillon-2012-c-est-show-pour-eux-a-la-cigale-de-doha\\\/178562\\\/#primaryimage\"},\"thumbnailUrl\":\"https:\\\/\\\/www.webdo.tn\\\/fr\\\/wp-content\\\/uploads\\\/2025\\\/06\\\/Nesrine-Ben-Ali-soiree-reveillon-2012-La-Cigale-hotel-Doha-photo-FB-Ali-Gargouri_178562.jpg\",\"keywords\":[\"guerre\"],\"articleSection\":[\"Divers\"],\"inLanguage\":\"fr-FR\"},{\"@type\":\"WebPage\",\"@id\":\"https:\\\/\\\/www.webdo.tn\\\/fr\\\/actualite\\\/divers\\\/photos-sakher-et-nesrine-el-materi-au-reveillon-2012-c-est-show-pour-eux-a-la-cigale-de-doha\\\/178562\\\/\",\"url\":\"https:\\\/\\\/www.webdo.tn\\\/fr\\\/actualite\\\/divers\\\/photos-sakher-et-nesrine-el-materi-au-reveillon-2012-c-est-show-pour-eux-a-la-cigale-de-doha\\\/178562\\\/\",\"name\":\"Photos Sakher et Nesrine El Materi au r\u00e9veillon 2012: c\u2019est \u00abshow\u00bb pour eux \u00e0 \u00abLa Cigale\u00bb de Doha !\",\"isPartOf\":{\"@id\":\"https:\\\/\\\/www.webdo.tn\\\/fr\\\/#website\"},\"primaryImageOfPage\":{\"@id\":\"https:\\\/\\\/www.webdo.tn\\\/fr\\\/actualite\\\/divers\\\/photos-sakher-et-nesrine-el-materi-au-reveillon-2012-c-est-show-pour-eux-a-la-cigale-de-doha\\\/178562\\\/#primaryimage\"},\"image\":{\"@id\":\"https:\\\/\\\/www.webdo.tn\\\/fr\\\/actualite\\\/divers\\\/photos-sakher-et-nesrine-el-materi-au-reveillon-2012-c-est-show-pour-eux-a-la-cigale-de-doha\\\/178562\\\/#primaryimage\"},\"thumbnailUrl\":\"https:\\\/\\\/www.webdo.tn\\\/fr\\\/wp-content\\\/uploads\\\/2025\\\/06\\\/Nesrine-Ben-Ali-soiree-reveillon-2012-La-Cigale-hotel-Doha-photo-FB-Ali-Gargouri_178562.jpg\",\"datePublished\":\"2012-01-03T14:33:00+00:00\",\"description\":\"Photos Sakher et Nesrine El Materi au r\u00e9veillon 2012: c\u2019est \u00abshow\u00bb pour eux \u00e0 \u00abLa Cigale\u00bb de Doha !\",\"breadcrumb\":{\"@id\":\"https:\\\/\\\/www.webdo.tn\\\/fr\\\/actualite\\\/divers\\\/photos-sakher-et-nesrine-el-materi-au-reveillon-2012-c-est-show-pour-eux-a-la-cigale-de-doha\\\/178562\\\/#breadcrumb\"},\"inLanguage\":\"fr-FR\",\"potentialAction\":[{\"@type\":\"ReadAction\",\"target\":[\"https:\\\/\\\/www.webdo.tn\\\/fr\\\/actualite\\\/divers\\\/photos-sakher-et-nesrine-el-materi-au-reveillon-2012-c-est-show-pour-eux-a-la-cigale-de-doha\\\/178562\\\/\"]}]},{\"@type\":\"ImageObject\",\"inLanguage\":\"fr-FR\",\"@id\":\"https:\\\/\\\/www.webdo.tn\\\/fr\\\/actualite\\\/divers\\\/photos-sakher-et-nesrine-el-materi-au-reveillon-2012-c-est-show-pour-eux-a-la-cigale-de-doha\\\/178562\\\/#primaryimage\",\"url\":\"https:\\\/\\\/www.webdo.tn\\\/fr\\\/wp-content\\\/uploads\\\/2025\\\/06\\\/Nesrine-Ben-Ali-soiree-reveillon-2012-La-Cigale-hotel-Doha-photo-FB-Ali-Gargouri_178562.jpg\",\"contentUrl\":\"https:\\\/\\\/www.webdo.tn\\\/fr\\\/wp-content\\\/uploads\\\/2025\\\/06\\\/Nesrine-Ben-Ali-soiree-reveillon-2012-La-Cigale-hotel-Doha-photo-FB-Ali-Gargouri_178562.jpg\",\"width\":480,\"height\":319,\"caption\":\"Photos Sakher et Nesrine El Materi au r\u00e9veillon 2012: c\u2019est \u00abshow\u00bb pour eux \u00e0 \u00abLa Cigale\u00bb de Doha !\"},{\"@type\":\"BreadcrumbList\",\"@id\":\"https:\\\/\\\/www.webdo.tn\\\/fr\\\/actualite\\\/divers\\\/photos-sakher-et-nesrine-el-materi-au-reveillon-2012-c-est-show-pour-eux-a-la-cigale-de-doha\\\/178562\\\/#breadcrumb\",\"itemListElement\":[{\"@type\":\"ListItem\",\"position\":1,\"name\":\"Accueil\",\"item\":\"https:\\\/\\\/www.webdo.tn\\\/fr\\\/\"},{\"@type\":\"ListItem\",\"position\":2,\"name\":\"Photos Sakher et Nesrine El Materi au r\u00e9veillon 2012: c\u2019est \u00abshow\u00bb pour eux \u00e0 \u00abLa Cigale\u00bb de Doha !\"}]},{\"@type\":\"WebSite\",\"@id\":\"https:\\\/\\\/www.webdo.tn\\\/fr\\\/#website\",\"url\":\"https:\\\/\\\/www.webdo.tn\\\/fr\\\/\",\"name\":\"webdo\",\"description\":\"Tunisie - News en Tunisie et \u00e0 l&#039;international sur Webdo.tn\",\"publisher\":{\"@id\":\"https:\\\/\\\/www.webdo.tn\\\/fr\\\/#organization\"},\"potentialAction\":[{\"@type\":\"SearchAction\",\"target\":{\"@type\":\"EntryPoint\",\"urlTemplate\":\"https:\\\/\\\/www.webdo.tn\\\/fr\\\/?s={search_term_string}\"},\"query-input\":{\"@type\":\"PropertyValueSpecification\",\"valueRequired\":true,\"valueName\":\"search_term_string\"}}],\"inLanguage\":\"fr-FR\"},{\"@type\":\"Organization\",\"@id\":\"https:\\\/\\\/www.webdo.tn\\\/fr\\\/#organization\",\"name\":\"Webdo\",\"alternateName\":\"Webdo.tn\",\"url\":\"https:\\\/\\\/www.webdo.tn\\\/fr\\\/\",\"logo\":{\"@type\":\"ImageObject\",\"inLanguage\":\"fr-FR\",\"@id\":\"https:\\\/\\\/www.webdo.tn\\\/fr\\\/#\\\/schema\\\/logo\\\/image\\\/\",\"url\":\"https:\\\/\\\/www.webdo.tn\\\/fr\\\/wp-content\\\/uploads\\\/2025\\\/06\\\/Webdo-Tunisie_168377.jpg\",\"contentUrl\":\"https:\\\/\\\/www.webdo.tn\\\/fr\\\/wp-content\\\/uploads\\\/2025\\\/06\\\/Webdo-Tunisie_168377.jpg\",\"width\":301,\"height\":301,\"caption\":\"Webdo\"},\"image\":{\"@id\":\"https:\\\/\\\/www.webdo.tn\\\/fr\\\/#\\\/schema\\\/logo\\\/image\\\/\"},\"sameAs\":[\"https:\\\/\\\/www.facebook.com\\\/webdotn\",\"https:\\\/\\\/x.com\\\/webdo_tn\"],\"description\":\"Webdo est un m\u00e9dia num\u00e9rique tunisien fond\u00e9 en 2010, sp\u00e9cialis\u00e9 dans l\u2019actualit\u00e9 nationale et internationale, l\u2019\u00e9conomie, la soci\u00e9t\u00e9 et les analyses politiques. Le site s\u2019adresse \u00e0 un large public francophone et couvre l\u2019information tunisienne en temps r\u00e9el.\",\"email\":\"redac@webdo.tn\",\"legalName\":\"YNJ SARL\",\"foundingDate\":\"2010-09-06\",\"numberOfEmployees\":{\"@type\":\"QuantitativeValue\",\"minValue\":\"11\",\"maxValue\":\"50\"}},{\"@type\":\"Person\",\"@id\":\"https:\\\/\\\/www.webdo.tn\\\/fr\\\/#\\\/schema\\\/person\\\/9a9c6118d687c117df8ef3cc36a4d175\",\"name\":\"webdo.tn\",\"image\":{\"@type\":\"ImageObject\",\"inLanguage\":\"fr-FR\",\"@id\":\"https:\\\/\\\/secure.gravatar.com\\\/avatar\\\/7ce1f28c0c3bbac99ff550b85ef8e44a6950c6ee24514fb6a5489e51d06f0298?s=96&d=mm&r=g\",\"url\":\"https:\\\/\\\/secure.gravatar.com\\\/avatar\\\/7ce1f28c0c3bbac99ff550b85ef8e44a6950c6ee24514fb6a5489e51d06f0298?s=96&d=mm&r=g\",\"contentUrl\":\"https:\\\/\\\/secure.gravatar.com\\\/avatar\\\/7ce1f28c0c3bbac99ff550b85ef8e44a6950c6ee24514fb6a5489e51d06f0298?s=96&d=mm&r=g\",\"caption\":\"webdo.tn\"},\"url\":\"https:\\\/\\\/www.webdo.tn\\\/fr\\\/actualite\\\/author\\\/webdotn\\\/\"}]}<\/script>\n<!-- \/ Yoast SEO Premium plugin. -->","yoast_head_json":{"title":"Photos Sakher et Nesrine El Materi au r\u00e9veillon 2012: c\u2019est \u00abshow\u00bb pour eux \u00e0 \u00abLa Cigale\u00bb de Doha !","description":"Photos Sakher et Nesrine El Materi au r\u00e9veillon 2012: c\u2019est \u00abshow\u00bb pour eux \u00e0 \u00abLa Cigale\u00bb de Doha !","canonical":"https:\/\/www.webdo.tn\/fr\/actualite\/divers\/photos-sakher-et-nesrine-el-materi-au-reveillon-2012-c-est-show-pour-eux-a-la-cigale-de-doha\/178562\/","og_locale":"fr_FR","og_type":"article","og_title":"Photos Sakher et Nesrine El Materi au r\u00e9veillon 2012: c\u2019est \u00abshow\u00bb pour eux \u00e0 \u00abLa Cigale\u00bb de Doha !","og_description":"Photos Sakher et Nesrine El Materi au r\u00e9veillon 2012: c\u2019est \u00abshow\u00bb pour eux \u00e0 \u00abLa Cigale\u00bb de Doha !","og_url":"https:\/\/www.webdo.tn\/fr\/actualite\/divers\/photos-sakher-et-nesrine-el-materi-au-reveillon-2012-c-est-show-pour-eux-a-la-cigale-de-doha\/178562\/","og_site_name":"webdo","article_publisher":"https:\/\/www.facebook.com\/webdotn","article_published_time":"2012-01-03T14:33:00+00:00","og_image":[{"width":480,"height":319,"url":"https:\/\/www.webdo.tn\/fr\/wp-content\/uploads\/2025\/06\/Nesrine-Ben-Ali-soiree-reveillon-2012-La-Cigale-hotel-Doha-photo-FB-Ali-Gargouri_178562.jpg","type":"image\/jpeg"}],"author":"webdo.tn","twitter_card":"summary_large_image","twitter_creator":"@webdo_tn","twitter_site":"@webdo_tn","twitter_misc":{"\u00c9crit par":"webdo.tn","Dur\u00e9e de lecture estim\u00e9e":"1 minute"},"schema":{"@context":"https:\/\/schema.org","@graph":[{"@type":"NewsArticle","@id":"https:\/\/www.webdo.tn\/fr\/actualite\/divers\/photos-sakher-et-nesrine-el-materi-au-reveillon-2012-c-est-show-pour-eux-a-la-cigale-de-doha\/178562\/#article","isPartOf":{"@id":"https:\/\/www.webdo.tn\/fr\/actualite\/divers\/photos-sakher-et-nesrine-el-materi-au-reveillon-2012-c-est-show-pour-eux-a-la-cigale-de-doha\/178562\/"},"author":{"name":"webdo.tn","@id":"https:\/\/www.webdo.tn\/fr\/#\/schema\/person\/9a9c6118d687c117df8ef3cc36a4d175"},"headline":"Photos Sakher et Nesrine El Materi au r\u00e9veillon 2012: c\u2019est \u00abshow\u00bb pour eux \u00e0 \u00abLa Cigale\u00bb de Doha !","datePublished":"2012-01-03T14:33:00+00:00","mainEntityOfPage":{"@id":"https:\/\/www.webdo.tn\/fr\/actualite\/divers\/photos-sakher-et-nesrine-el-materi-au-reveillon-2012-c-est-show-pour-eux-a-la-cigale-de-doha\/178562\/"},"wordCount":152,"commentCount":0,"publisher":{"@id":"https:\/\/www.webdo.tn\/fr\/#organization"},"image":{"@id":"https:\/\/www.webdo.tn\/fr\/actualite\/divers\/photos-sakher-et-nesrine-el-materi-au-reveillon-2012-c-est-show-pour-eux-a-la-cigale-de-doha\/178562\/#primaryimage"},"thumbnailUrl":"https:\/\/www.webdo.tn\/fr\/wp-content\/uploads\/2025\/06\/Nesrine-Ben-Ali-soiree-reveillon-2012-La-Cigale-hotel-Doha-photo-FB-Ali-Gargouri_178562.jpg","keywords":["guerre"],"articleSection":["Divers"],"inLanguage":"fr-FR"},{"@type":"WebPage","@id":"https:\/\/www.webdo.tn\/fr\/actualite\/divers\/photos-sakher-et-nesrine-el-materi-au-reveillon-2012-c-est-show-pour-eux-a-la-cigale-de-doha\/178562\/","url":"https:\/\/www.webdo.tn\/fr\/actualite\/divers\/photos-sakher-et-nesrine-el-materi-au-reveillon-2012-c-est-show-pour-eux-a-la-cigale-de-doha\/178562\/","name":"Photos Sakher et Nesrine El Materi au r\u00e9veillon 2012: c\u2019est \u00abshow\u00bb pour eux \u00e0 \u00abLa Cigale\u00bb de Doha !","isPartOf":{"@id":"https:\/\/www.webdo.tn\/fr\/#website"},"primaryImageOfPage":{"@id":"https:\/\/www.webdo.tn\/fr\/actualite\/divers\/photos-sakher-et-nesrine-el-materi-au-reveillon-2012-c-est-show-pour-eux-a-la-cigale-de-doha\/178562\/#primaryimage"},"image":{"@id":"https:\/\/www.webdo.tn\/fr\/actualite\/divers\/photos-sakher-et-nesrine-el-materi-au-reveillon-2012-c-est-show-pour-eux-a-la-cigale-de-doha\/178562\/#primaryimage"},"thumbnailUrl":"https:\/\/www.webdo.tn\/fr\/wp-content\/uploads\/2025\/06\/Nesrine-Ben-Ali-soiree-reveillon-2012-La-Cigale-hotel-Doha-photo-FB-Ali-Gargouri_178562.jpg","datePublished":"2012-01-03T14:33:00+00:00","description":"Photos Sakher et Nesrine El Materi au r\u00e9veillon 2012: c\u2019est \u00abshow\u00bb pour eux \u00e0 \u00abLa Cigale\u00bb de Doha !","breadcrumb":{"@id":"https:\/\/www.webdo.tn\/fr\/actualite\/divers\/photos-sakher-et-nesrine-el-materi-au-reveillon-2012-c-est-show-pour-eux-a-la-cigale-de-doha\/178562\/#breadcrumb"},"inLanguage":"fr-FR","potentialAction":[{"@type":"ReadAction","target":["https:\/\/www.webdo.tn\/fr\/actualite\/divers\/photos-sakher-et-nesrine-el-materi-au-reveillon-2012-c-est-show-pour-eux-a-la-cigale-de-doha\/178562\/"]}]},{"@type":"ImageObject","inLanguage":"fr-FR","@id":"https:\/\/www.webdo.tn\/fr\/actualite\/divers\/photos-sakher-et-nesrine-el-materi-au-reveillon-2012-c-est-show-pour-eux-a-la-cigale-de-doha\/178562\/#primaryimage","url":"https:\/\/www.webdo.tn\/fr\/wp-content\/uploads\/2025\/06\/Nesrine-Ben-Ali-soiree-reveillon-2012-La-Cigale-hotel-Doha-photo-FB-Ali-Gargouri_178562.jpg","contentUrl":"https:\/\/www.webdo.tn\/fr\/wp-content\/uploads\/2025\/06\/Nesrine-Ben-Ali-soiree-reveillon-2012-La-Cigale-hotel-Doha-photo-FB-Ali-Gargouri_178562.jpg","width":480,"height":319,"caption":"Photos Sakher et Nesrine El Materi au r\u00e9veillon 2012: c\u2019est \u00abshow\u00bb pour eux \u00e0 \u00abLa Cigale\u00bb de Doha !"},{"@type":"BreadcrumbList","@id":"https:\/\/www.webdo.tn\/fr\/actualite\/divers\/photos-sakher-et-nesrine-el-materi-au-reveillon-2012-c-est-show-pour-eux-a-la-cigale-de-doha\/178562\/#breadcrumb","itemListElement":[{"@type":"ListItem","position":1,"name":"Accueil","item":"https:\/\/www.webdo.tn\/fr\/"},{"@type":"ListItem","position":2,"name":"Photos Sakher et Nesrine El Materi au r\u00e9veillon 2012: c\u2019est \u00abshow\u00bb pour eux \u00e0 \u00abLa Cigale\u00bb de Doha !"}]},{"@type":"WebSite","@id":"https:\/\/www.webdo.tn\/fr\/#website","url":"https:\/\/www.webdo.tn\/fr\/","name":"webdo","description":"Tunisie - News en Tunisie et \u00e0 l&#039;international sur Webdo.tn","publisher":{"@id":"https:\/\/www.webdo.tn\/fr\/#organization"},"potentialAction":[{"@type":"SearchAction","target":{"@type":"EntryPoint","urlTemplate":"https:\/\/www.webdo.tn\/fr\/?s={search_term_string}"},"query-input":{"@type":"PropertyValueSpecification","valueRequired":true,"valueName":"search_term_string"}}],"inLanguage":"fr-FR"},{"@type":"Organization","@id":"https:\/\/www.webdo.tn\/fr\/#organization","name":"Webdo","alternateName":"Webdo.tn","url":"https:\/\/www.webdo.tn\/fr\/","logo":{"@type":"ImageObject","inLanguage":"fr-FR","@id":"https:\/\/www.webdo.tn\/fr\/#\/schema\/logo\/image\/","url":"https:\/\/www.webdo.tn\/fr\/wp-content\/uploads\/2025\/06\/Webdo-Tunisie_168377.jpg","contentUrl":"https:\/\/www.webdo.tn\/fr\/wp-content\/uploads\/2025\/06\/Webdo-Tunisie_168377.jpg","width":301,"height":301,"caption":"Webdo"},"image":{"@id":"https:\/\/www.webdo.tn\/fr\/#\/schema\/logo\/image\/"},"sameAs":["https:\/\/www.facebook.com\/webdotn","https:\/\/x.com\/webdo_tn"],"description":"Webdo est un m\u00e9dia num\u00e9rique tunisien fond\u00e9 en 2010, sp\u00e9cialis\u00e9 dans l\u2019actualit\u00e9 nationale et internationale, l\u2019\u00e9conomie, la soci\u00e9t\u00e9 et les analyses politiques. Le site s\u2019adresse \u00e0 un large public francophone et couvre l\u2019information tunisienne en temps r\u00e9el.","email":"redac@webdo.tn","legalName":"YNJ SARL","foundingDate":"2010-09-06","numberOfEmployees":{"@type":"QuantitativeValue","minValue":"11","maxValue":"50"}},{"@type":"Person","@id":"https:\/\/www.webdo.tn\/fr\/#\/schema\/person\/9a9c6118d687c117df8ef3cc36a4d175","name":"webdo.tn","image":{"@type":"ImageObject","inLanguage":"fr-FR","@id":"https:\/\/secure.gravatar.com\/avatar\/7ce1f28c0c3bbac99ff550b85ef8e44a6950c6ee24514fb6a5489e51d06f0298?s=96&d=mm&r=g","url":"https:\/\/secure.gravatar.com\/avatar\/7ce1f28c0c3bbac99ff550b85ef8e44a6950c6ee24514fb6a5489e51d06f0298?s=96&d=mm&r=g","contentUrl":"https:\/\/secure.gravatar.com\/avatar\/7ce1f28c0c3bbac99ff550b85ef8e44a6950c6ee24514fb6a5489e51d06f0298?s=96&d=mm&r=g","caption":"webdo.tn"},"url":"https:\/\/www.webdo.tn\/fr\/actualite\/author\/webdotn\/"}]}},"_links":{"self":[{"href":"https:\/\/www.webdo.tn\/fr\/wp-json\/wp\/v2\/posts\/178562","targetHints":{"allow":["GET"]}}],"collection":[{"href":"https:\/\/www.webdo.tn\/fr\/wp-json\/wp\/v2\/posts"}],"about":[{"href":"https:\/\/www.webdo.tn\/fr\/wp-json\/wp\/v2\/types\/post"}],"author":[{"embeddable":true,"href":"https:\/\/www.webdo.tn\/fr\/wp-json\/wp\/v2\/users\/3222"}],"replies":[{"embeddable":true,"href":"https:\/\/www.webdo.tn\/fr\/wp-json\/wp\/v2\/comments?post=178562"}],"version-history":[{"count":0,"href":"https:\/\/www.webdo.tn\/fr\/wp-json\/wp\/v2\/posts\/178562\/revisions"}],"wp:featuredmedia":[{"embeddable":true,"href":"https:\/\/www.webdo.tn\/fr\/wp-json\/wp\/v2\/media\/374564"}],"wp:attachment":[{"href":"https:\/\/www.webdo.tn\/fr\/wp-json\/wp\/v2\/media?parent=178562"}],"wp:term":[{"taxonomy":"category","embeddable":true,"href":"https:\/\/www.webdo.tn\/fr\/wp-json\/wp\/v2\/categories?post=178562"},{"taxonomy":"post_tag","embeddable":true,"href":"https:\/\/www.webdo.tn\/fr\/wp-json\/wp\/v2\/tags?post=178562"}],"curies":[{"name":"wp","href":"https:\/\/api.w.org\/{rel}","templated":true}]}}