{"id":178560,"date":"2012-01-27T11:36:00","date_gmt":"2012-01-27T11:36:00","guid":{"rendered":"https:\/\/www.webdo.tn\/fr\/blog\/l-arrestation-du-rappeur-anis-mrabti-serait-liee-a-une-affaire-de-cocaine\/178560\/"},"modified":"2025-06-04T19:01:24","modified_gmt":"2025-06-04T19:01:24","slug":"l-arrestation-du-rappeur-anis-mrabti-serait-liee-a-une-affaire-de-cocaine-2","status":"publish","type":"post","link":"https:\/\/www.webdo.tn\/fr\/actualite\/divers\/l-arrestation-du-rappeur-anis-mrabti-serait-liee-a-une-affaire-de-cocaine-2\/178560\/","title":{"rendered":"L\u2019arrestation du rappeur Anis Mrabti serait li\u00e9e \u00e0 une affaire de coca\u00efne !?"},"content":{"rendered":"<p>L&rsquo;arrestation du jeune rappeur Anis Mrabti (plus connu sous le pseudo de Volcanis) fait grand bruit sur les r\u00e9seaux sociaux. Sa chanson \u00ab\u00a0Matbadal chay\u00a0\u00bb qui tire \u00e0 boulets rouges sur le gouvernement serait, d&rsquo;apr\u00e8s beaucoup, \u00e0 l&rsquo;origine de son arrestation (voir la vid\u00e9o en bas de la page).<\/p>\n<p>Une vid\u00e9o, tournant actuellement sur Facebook, montre la famille d&rsquo;Anis qui y d\u00e9nonce l&rsquo;arrestation de son fils apr\u00e8s sa chanson (voir la vid\u00e9o en bas de la page). Son p\u00e8re rapporte que six agents de police ont p\u00e9n\u00e9tr\u00e9 chez eux sans montrer leur carte, ont demand\u00e9 \u00e0 Anis s&rsquo;il \u00e9tait bien le rappeur Volcanis et s&rsquo;il \u00e9tait l&rsquo;auteur de ladite chanson. R\u00e9pondant par l&rsquo;affirmative, Anis s&rsquo;est vu mettre les menottes et embarqu\u00e9 par la police. Son PC a \u00e9t\u00e9 confisqu\u00e9.<\/p>\n<p>Aujourd&rsquo;hui, le minist\u00e8re de l&rsquo;Int\u00e9rieur a publi\u00e9 un communiqu\u00e9 sur sa page Facebook, r\u00e9futant cat\u00e9goriquement que les paroles de la chanson de Volcanis soient \u00e0 l\u2019origine de son arrestation. Selon le MI, l&rsquo;arrestation d&rsquo;Anis Mrabti serait une affaire de droit public, ce que ses parents n&rsquo;ont jamais \u00e9voqu\u00e9. Ils ont laiss\u00e9 entendre que les policiers cherchaient le rappeur, auteur de la chanson.<\/p>\n<p>Contact\u00e9e sur ce sujet, une source du minist\u00e8re nous a pr\u00e9cis\u00e9 qu\u2019Anis Mrabti serait impliqu\u00e9 dans une affaire de trafic de coca\u00efne. Une mallette remplie de cette substance a \u00e9t\u00e9 vol\u00e9e au Kef et il serait impliqu\u00e9 avec onze autres personnes dans cette affaire. Quant au PC confisqu\u00e9, il sert aux policiers \u00e0 identifier les contacts d&rsquo;Anis.<\/p>\n","protected":false},"excerpt":{"rendered":"<p>L\u2019arrestation du rappeur Anis Mrabti serait li\u00e9e \u00e0 une affaire de coca\u00efne !?<\/p>\n","protected":false},"author":3222,"featured_media":334024,"comment_status":"open","ping_status":"closed","sticky":false,"template":"","format":"standard","meta":{"footnotes":""},"categories":[2839],"tags":[],"class_list":["post-178560","post","type-post","status-publish","format-standard","has-post-thumbnail","hentry","category-divers"],"yoast_head":"<!-- This site is optimized with the Yoast SEO Premium plugin v27.5 (Yoast SEO v27.5) - https:\/\/yoast.com\/product\/yoast-seo-premium-wordpress\/ -->\n<title>L\u2019arrestation du rappeur Anis Mrabti serait li\u00e9e \u00e0 une affaire de coca\u00efne !?<\/title>\n<meta name=\"description\" content=\"L\u2019arrestation du rappeur Anis Mrabti serait li\u00e9e \u00e0 une affaire de coca\u00efne !?\" \/>\n<link rel=\"canonical\" href=\"https:\/\/www.webdo.tn\/fr\/actualite\/divers\/l-arrestation-du-rappeur-anis-mrabti-serait-liee-a-une-affaire-de-cocaine-2\/178560\/\" \/>\n<meta property=\"og:locale\" content=\"fr_FR\" \/>\n<meta property=\"og:type\" content=\"article\" \/>\n<meta property=\"og:title\" content=\"L\u2019arrestation du rappeur Anis Mrabti serait li\u00e9e \u00e0 une affaire de coca\u00efne !?\" \/>\n<meta property=\"og:description\" content=\"L\u2019arrestation du rappeur Anis Mrabti serait li\u00e9e \u00e0 une affaire de coca\u00efne !?\" \/>\n<meta property=\"og:url\" content=\"https:\/\/www.webdo.tn\/fr\/actualite\/divers\/l-arrestation-du-rappeur-anis-mrabti-serait-liee-a-une-affaire-de-cocaine-2\/178560\/\" \/>\n<meta property=\"og:site_name\" content=\"webdo\" \/>\n<meta property=\"article:publisher\" content=\"https:\/\/www.facebook.com\/webdotn\" \/>\n<meta property=\"article:published_time\" content=\"2012-01-27T11:36:00+00:00\" \/>\n<meta property=\"article:modified_time\" content=\"2025-06-04T19:01:24+00:00\" \/>\n<meta property=\"og:image\" content=\"https:\/\/www.webdo.tn\/fr\/wp-content\/uploads\/2012\/01\/Anis-Mrabet-alias-Volcanis.jpg\" \/>\n\t<meta property=\"og:image:width\" content=\"207\" \/>\n\t<meta property=\"og:image:height\" content=\"345\" \/>\n\t<meta property=\"og:image:type\" content=\"image\/jpeg\" \/>\n<meta name=\"author\" content=\"webdo.tn\" \/>\n<meta name=\"twitter:card\" content=\"summary_large_image\" \/>\n<meta name=\"twitter:creator\" content=\"@webdo_tn\" \/>\n<meta name=\"twitter:site\" content=\"@webdo_tn\" \/>\n<meta name=\"twitter:label1\" content=\"\u00c9crit par\" \/>\n\t<meta name=\"twitter:data1\" content=\"webdo.tn\" \/>\n\t<meta name=\"twitter:label2\" content=\"Dur\u00e9e de lecture estim\u00e9e\" \/>\n\t<meta name=\"twitter:data2\" content=\"1 minute\" \/>\n<script type=\"application\/ld+json\" class=\"yoast-schema-graph\">{\"@context\":\"https:\\\/\\\/schema.org\",\"@graph\":[{\"@type\":\"NewsArticle\",\"@id\":\"https:\\\/\\\/www.webdo.tn\\\/fr\\\/actualite\\\/divers\\\/l-arrestation-du-rappeur-anis-mrabti-serait-liee-a-une-affaire-de-cocaine-2\\\/178560\\\/#article\",\"isPartOf\":{\"@id\":\"https:\\\/\\\/www.webdo.tn\\\/fr\\\/actualite\\\/divers\\\/l-arrestation-du-rappeur-anis-mrabti-serait-liee-a-une-affaire-de-cocaine-2\\\/178560\\\/\"},\"author\":{\"name\":\"webdo.tn\",\"@id\":\"https:\\\/\\\/www.webdo.tn\\\/fr\\\/#\\\/schema\\\/person\\\/9a9c6118d687c117df8ef3cc36a4d175\"},\"headline\":\"L\u2019arrestation du rappeur Anis Mrabti serait li\u00e9e \u00e0 une affaire de coca\u00efne !?\",\"datePublished\":\"2012-01-27T11:36:00+00:00\",\"dateModified\":\"2025-06-04T19:01:24+00:00\",\"mainEntityOfPage\":{\"@id\":\"https:\\\/\\\/www.webdo.tn\\\/fr\\\/actualite\\\/divers\\\/l-arrestation-du-rappeur-anis-mrabti-serait-liee-a-une-affaire-de-cocaine-2\\\/178560\\\/\"},\"wordCount\":294,\"commentCount\":0,\"publisher\":{\"@id\":\"https:\\\/\\\/www.webdo.tn\\\/fr\\\/#organization\"},\"image\":{\"@id\":\"https:\\\/\\\/www.webdo.tn\\\/fr\\\/actualite\\\/divers\\\/l-arrestation-du-rappeur-anis-mrabti-serait-liee-a-une-affaire-de-cocaine-2\\\/178560\\\/#primaryimage\"},\"thumbnailUrl\":\"https:\\\/\\\/www.webdo.tn\\\/fr\\\/wp-content\\\/uploads\\\/2012\\\/01\\\/Anis-Mrabet-alias-Volcanis.jpg\",\"articleSection\":[\"Divers\"],\"inLanguage\":\"fr-FR\"},{\"@type\":\"WebPage\",\"@id\":\"https:\\\/\\\/www.webdo.tn\\\/fr\\\/actualite\\\/divers\\\/l-arrestation-du-rappeur-anis-mrabti-serait-liee-a-une-affaire-de-cocaine-2\\\/178560\\\/\",\"url\":\"https:\\\/\\\/www.webdo.tn\\\/fr\\\/actualite\\\/divers\\\/l-arrestation-du-rappeur-anis-mrabti-serait-liee-a-une-affaire-de-cocaine-2\\\/178560\\\/\",\"name\":\"L\u2019arrestation du rappeur Anis Mrabti serait li\u00e9e \u00e0 une affaire de coca\u00efne !?\",\"isPartOf\":{\"@id\":\"https:\\\/\\\/www.webdo.tn\\\/fr\\\/#website\"},\"primaryImageOfPage\":{\"@id\":\"https:\\\/\\\/www.webdo.tn\\\/fr\\\/actualite\\\/divers\\\/l-arrestation-du-rappeur-anis-mrabti-serait-liee-a-une-affaire-de-cocaine-2\\\/178560\\\/#primaryimage\"},\"image\":{\"@id\":\"https:\\\/\\\/www.webdo.tn\\\/fr\\\/actualite\\\/divers\\\/l-arrestation-du-rappeur-anis-mrabti-serait-liee-a-une-affaire-de-cocaine-2\\\/178560\\\/#primaryimage\"},\"thumbnailUrl\":\"https:\\\/\\\/www.webdo.tn\\\/fr\\\/wp-content\\\/uploads\\\/2012\\\/01\\\/Anis-Mrabet-alias-Volcanis.jpg\",\"datePublished\":\"2012-01-27T11:36:00+00:00\",\"dateModified\":\"2025-06-04T19:01:24+00:00\",\"description\":\"L\u2019arrestation du rappeur Anis Mrabti serait li\u00e9e \u00e0 une affaire de coca\u00efne !?\",\"breadcrumb\":{\"@id\":\"https:\\\/\\\/www.webdo.tn\\\/fr\\\/actualite\\\/divers\\\/l-arrestation-du-rappeur-anis-mrabti-serait-liee-a-une-affaire-de-cocaine-2\\\/178560\\\/#breadcrumb\"},\"inLanguage\":\"fr-FR\",\"potentialAction\":[{\"@type\":\"ReadAction\",\"target\":[\"https:\\\/\\\/www.webdo.tn\\\/fr\\\/actualite\\\/divers\\\/l-arrestation-du-rappeur-anis-mrabti-serait-liee-a-une-affaire-de-cocaine-2\\\/178560\\\/\"]}]},{\"@type\":\"ImageObject\",\"inLanguage\":\"fr-FR\",\"@id\":\"https:\\\/\\\/www.webdo.tn\\\/fr\\\/actualite\\\/divers\\\/l-arrestation-du-rappeur-anis-mrabti-serait-liee-a-une-affaire-de-cocaine-2\\\/178560\\\/#primaryimage\",\"url\":\"https:\\\/\\\/www.webdo.tn\\\/fr\\\/wp-content\\\/uploads\\\/2012\\\/01\\\/Anis-Mrabet-alias-Volcanis.jpg\",\"contentUrl\":\"https:\\\/\\\/www.webdo.tn\\\/fr\\\/wp-content\\\/uploads\\\/2012\\\/01\\\/Anis-Mrabet-alias-Volcanis.jpg\",\"width\":207,\"height\":345,\"caption\":\"L\u2019arrestation du rappeur Anis Mrabti serait li\u00e9e \u00e0 une affaire de coca\u00efne !?\"},{\"@type\":\"BreadcrumbList\",\"@id\":\"https:\\\/\\\/www.webdo.tn\\\/fr\\\/actualite\\\/divers\\\/l-arrestation-du-rappeur-anis-mrabti-serait-liee-a-une-affaire-de-cocaine-2\\\/178560\\\/#breadcrumb\",\"itemListElement\":[{\"@type\":\"ListItem\",\"position\":1,\"name\":\"Accueil\",\"item\":\"https:\\\/\\\/www.webdo.tn\\\/fr\\\/\"},{\"@type\":\"ListItem\",\"position\":2,\"name\":\"L\u2019arrestation du rappeur Anis Mrabti serait li\u00e9e \u00e0 une affaire de coca\u00efne !?\"}]},{\"@type\":\"WebSite\",\"@id\":\"https:\\\/\\\/www.webdo.tn\\\/fr\\\/#website\",\"url\":\"https:\\\/\\\/www.webdo.tn\\\/fr\\\/\",\"name\":\"webdo\",\"description\":\"Tunisie - News en Tunisie et \u00e0 l&#039;international sur Webdo.tn\",\"publisher\":{\"@id\":\"https:\\\/\\\/www.webdo.tn\\\/fr\\\/#organization\"},\"potentialAction\":[{\"@type\":\"SearchAction\",\"target\":{\"@type\":\"EntryPoint\",\"urlTemplate\":\"https:\\\/\\\/www.webdo.tn\\\/fr\\\/?s={search_term_string}\"},\"query-input\":{\"@type\":\"PropertyValueSpecification\",\"valueRequired\":true,\"valueName\":\"search_term_string\"}}],\"inLanguage\":\"fr-FR\"},{\"@type\":\"Organization\",\"@id\":\"https:\\\/\\\/www.webdo.tn\\\/fr\\\/#organization\",\"name\":\"Webdo\",\"alternateName\":\"Webdo.tn\",\"url\":\"https:\\\/\\\/www.webdo.tn\\\/fr\\\/\",\"logo\":{\"@type\":\"ImageObject\",\"inLanguage\":\"fr-FR\",\"@id\":\"https:\\\/\\\/www.webdo.tn\\\/fr\\\/#\\\/schema\\\/logo\\\/image\\\/\",\"url\":\"https:\\\/\\\/www.webdo.tn\\\/fr\\\/wp-content\\\/uploads\\\/2025\\\/06\\\/Webdo-Tunisie_168377.jpg\",\"contentUrl\":\"https:\\\/\\\/www.webdo.tn\\\/fr\\\/wp-content\\\/uploads\\\/2025\\\/06\\\/Webdo-Tunisie_168377.jpg\",\"width\":301,\"height\":301,\"caption\":\"Webdo\"},\"image\":{\"@id\":\"https:\\\/\\\/www.webdo.tn\\\/fr\\\/#\\\/schema\\\/logo\\\/image\\\/\"},\"sameAs\":[\"https:\\\/\\\/www.facebook.com\\\/webdotn\",\"https:\\\/\\\/x.com\\\/webdo_tn\"],\"description\":\"Webdo est un m\u00e9dia num\u00e9rique tunisien fond\u00e9 en 2010, sp\u00e9cialis\u00e9 dans l\u2019actualit\u00e9 nationale et internationale, l\u2019\u00e9conomie, la soci\u00e9t\u00e9 et les analyses politiques. Le site s\u2019adresse \u00e0 un large public francophone et couvre l\u2019information tunisienne en temps r\u00e9el.\",\"email\":\"redac@webdo.tn\",\"legalName\":\"YNJ SARL\",\"foundingDate\":\"2010-09-06\",\"numberOfEmployees\":{\"@type\":\"QuantitativeValue\",\"minValue\":\"11\",\"maxValue\":\"50\"}},{\"@type\":\"Person\",\"@id\":\"https:\\\/\\\/www.webdo.tn\\\/fr\\\/#\\\/schema\\\/person\\\/9a9c6118d687c117df8ef3cc36a4d175\",\"name\":\"webdo.tn\",\"image\":{\"@type\":\"ImageObject\",\"inLanguage\":\"fr-FR\",\"@id\":\"https:\\\/\\\/secure.gravatar.com\\\/avatar\\\/7ce1f28c0c3bbac99ff550b85ef8e44a6950c6ee24514fb6a5489e51d06f0298?s=96&d=mm&r=g\",\"url\":\"https:\\\/\\\/secure.gravatar.com\\\/avatar\\\/7ce1f28c0c3bbac99ff550b85ef8e44a6950c6ee24514fb6a5489e51d06f0298?s=96&d=mm&r=g\",\"contentUrl\":\"https:\\\/\\\/secure.gravatar.com\\\/avatar\\\/7ce1f28c0c3bbac99ff550b85ef8e44a6950c6ee24514fb6a5489e51d06f0298?s=96&d=mm&r=g\",\"caption\":\"webdo.tn\"},\"url\":\"https:\\\/\\\/www.webdo.tn\\\/fr\\\/actualite\\\/author\\\/webdotn\\\/\"}]}<\/script>\n<!-- \/ Yoast SEO Premium plugin. -->","yoast_head_json":{"title":"L\u2019arrestation du rappeur Anis Mrabti serait li\u00e9e \u00e0 une affaire de coca\u00efne !?","description":"L\u2019arrestation du rappeur Anis Mrabti serait li\u00e9e \u00e0 une affaire de coca\u00efne !?","canonical":"https:\/\/www.webdo.tn\/fr\/actualite\/divers\/l-arrestation-du-rappeur-anis-mrabti-serait-liee-a-une-affaire-de-cocaine-2\/178560\/","og_locale":"fr_FR","og_type":"article","og_title":"L\u2019arrestation du rappeur Anis Mrabti serait li\u00e9e \u00e0 une affaire de coca\u00efne !?","og_description":"L\u2019arrestation du rappeur Anis Mrabti serait li\u00e9e \u00e0 une affaire de coca\u00efne !?","og_url":"https:\/\/www.webdo.tn\/fr\/actualite\/divers\/l-arrestation-du-rappeur-anis-mrabti-serait-liee-a-une-affaire-de-cocaine-2\/178560\/","og_site_name":"webdo","article_publisher":"https:\/\/www.facebook.com\/webdotn","article_published_time":"2012-01-27T11:36:00+00:00","article_modified_time":"2025-06-04T19:01:24+00:00","og_image":[{"width":207,"height":345,"url":"https:\/\/www.webdo.tn\/fr\/wp-content\/uploads\/2012\/01\/Anis-Mrabet-alias-Volcanis.jpg","type":"image\/jpeg"}],"author":"webdo.tn","twitter_card":"summary_large_image","twitter_creator":"@webdo_tn","twitter_site":"@webdo_tn","twitter_misc":{"\u00c9crit par":"webdo.tn","Dur\u00e9e de lecture estim\u00e9e":"1 minute"},"schema":{"@context":"https:\/\/schema.org","@graph":[{"@type":"NewsArticle","@id":"https:\/\/www.webdo.tn\/fr\/actualite\/divers\/l-arrestation-du-rappeur-anis-mrabti-serait-liee-a-une-affaire-de-cocaine-2\/178560\/#article","isPartOf":{"@id":"https:\/\/www.webdo.tn\/fr\/actualite\/divers\/l-arrestation-du-rappeur-anis-mrabti-serait-liee-a-une-affaire-de-cocaine-2\/178560\/"},"author":{"name":"webdo.tn","@id":"https:\/\/www.webdo.tn\/fr\/#\/schema\/person\/9a9c6118d687c117df8ef3cc36a4d175"},"headline":"L\u2019arrestation du rappeur Anis Mrabti serait li\u00e9e \u00e0 une affaire de coca\u00efne !?","datePublished":"2012-01-27T11:36:00+00:00","dateModified":"2025-06-04T19:01:24+00:00","mainEntityOfPage":{"@id":"https:\/\/www.webdo.tn\/fr\/actualite\/divers\/l-arrestation-du-rappeur-anis-mrabti-serait-liee-a-une-affaire-de-cocaine-2\/178560\/"},"wordCount":294,"commentCount":0,"publisher":{"@id":"https:\/\/www.webdo.tn\/fr\/#organization"},"image":{"@id":"https:\/\/www.webdo.tn\/fr\/actualite\/divers\/l-arrestation-du-rappeur-anis-mrabti-serait-liee-a-une-affaire-de-cocaine-2\/178560\/#primaryimage"},"thumbnailUrl":"https:\/\/www.webdo.tn\/fr\/wp-content\/uploads\/2012\/01\/Anis-Mrabet-alias-Volcanis.jpg","articleSection":["Divers"],"inLanguage":"fr-FR"},{"@type":"WebPage","@id":"https:\/\/www.webdo.tn\/fr\/actualite\/divers\/l-arrestation-du-rappeur-anis-mrabti-serait-liee-a-une-affaire-de-cocaine-2\/178560\/","url":"https:\/\/www.webdo.tn\/fr\/actualite\/divers\/l-arrestation-du-rappeur-anis-mrabti-serait-liee-a-une-affaire-de-cocaine-2\/178560\/","name":"L\u2019arrestation du rappeur Anis Mrabti serait li\u00e9e \u00e0 une affaire de coca\u00efne !?","isPartOf":{"@id":"https:\/\/www.webdo.tn\/fr\/#website"},"primaryImageOfPage":{"@id":"https:\/\/www.webdo.tn\/fr\/actualite\/divers\/l-arrestation-du-rappeur-anis-mrabti-serait-liee-a-une-affaire-de-cocaine-2\/178560\/#primaryimage"},"image":{"@id":"https:\/\/www.webdo.tn\/fr\/actualite\/divers\/l-arrestation-du-rappeur-anis-mrabti-serait-liee-a-une-affaire-de-cocaine-2\/178560\/#primaryimage"},"thumbnailUrl":"https:\/\/www.webdo.tn\/fr\/wp-content\/uploads\/2012\/01\/Anis-Mrabet-alias-Volcanis.jpg","datePublished":"2012-01-27T11:36:00+00:00","dateModified":"2025-06-04T19:01:24+00:00","description":"L\u2019arrestation du rappeur Anis Mrabti serait li\u00e9e \u00e0 une affaire de coca\u00efne !?","breadcrumb":{"@id":"https:\/\/www.webdo.tn\/fr\/actualite\/divers\/l-arrestation-du-rappeur-anis-mrabti-serait-liee-a-une-affaire-de-cocaine-2\/178560\/#breadcrumb"},"inLanguage":"fr-FR","potentialAction":[{"@type":"ReadAction","target":["https:\/\/www.webdo.tn\/fr\/actualite\/divers\/l-arrestation-du-rappeur-anis-mrabti-serait-liee-a-une-affaire-de-cocaine-2\/178560\/"]}]},{"@type":"ImageObject","inLanguage":"fr-FR","@id":"https:\/\/www.webdo.tn\/fr\/actualite\/divers\/l-arrestation-du-rappeur-anis-mrabti-serait-liee-a-une-affaire-de-cocaine-2\/178560\/#primaryimage","url":"https:\/\/www.webdo.tn\/fr\/wp-content\/uploads\/2012\/01\/Anis-Mrabet-alias-Volcanis.jpg","contentUrl":"https:\/\/www.webdo.tn\/fr\/wp-content\/uploads\/2012\/01\/Anis-Mrabet-alias-Volcanis.jpg","width":207,"height":345,"caption":"L\u2019arrestation du rappeur Anis Mrabti serait li\u00e9e \u00e0 une affaire de coca\u00efne !?"},{"@type":"BreadcrumbList","@id":"https:\/\/www.webdo.tn\/fr\/actualite\/divers\/l-arrestation-du-rappeur-anis-mrabti-serait-liee-a-une-affaire-de-cocaine-2\/178560\/#breadcrumb","itemListElement":[{"@type":"ListItem","position":1,"name":"Accueil","item":"https:\/\/www.webdo.tn\/fr\/"},{"@type":"ListItem","position":2,"name":"L\u2019arrestation du rappeur Anis Mrabti serait li\u00e9e \u00e0 une affaire de coca\u00efne !?"}]},{"@type":"WebSite","@id":"https:\/\/www.webdo.tn\/fr\/#website","url":"https:\/\/www.webdo.tn\/fr\/","name":"webdo","description":"Tunisie - News en Tunisie et \u00e0 l&#039;international sur Webdo.tn","publisher":{"@id":"https:\/\/www.webdo.tn\/fr\/#organization"},"potentialAction":[{"@type":"SearchAction","target":{"@type":"EntryPoint","urlTemplate":"https:\/\/www.webdo.tn\/fr\/?s={search_term_string}"},"query-input":{"@type":"PropertyValueSpecification","valueRequired":true,"valueName":"search_term_string"}}],"inLanguage":"fr-FR"},{"@type":"Organization","@id":"https:\/\/www.webdo.tn\/fr\/#organization","name":"Webdo","alternateName":"Webdo.tn","url":"https:\/\/www.webdo.tn\/fr\/","logo":{"@type":"ImageObject","inLanguage":"fr-FR","@id":"https:\/\/www.webdo.tn\/fr\/#\/schema\/logo\/image\/","url":"https:\/\/www.webdo.tn\/fr\/wp-content\/uploads\/2025\/06\/Webdo-Tunisie_168377.jpg","contentUrl":"https:\/\/www.webdo.tn\/fr\/wp-content\/uploads\/2025\/06\/Webdo-Tunisie_168377.jpg","width":301,"height":301,"caption":"Webdo"},"image":{"@id":"https:\/\/www.webdo.tn\/fr\/#\/schema\/logo\/image\/"},"sameAs":["https:\/\/www.facebook.com\/webdotn","https:\/\/x.com\/webdo_tn"],"description":"Webdo est un m\u00e9dia num\u00e9rique tunisien fond\u00e9 en 2010, sp\u00e9cialis\u00e9 dans l\u2019actualit\u00e9 nationale et internationale, l\u2019\u00e9conomie, la soci\u00e9t\u00e9 et les analyses politiques. Le site s\u2019adresse \u00e0 un large public francophone et couvre l\u2019information tunisienne en temps r\u00e9el.","email":"redac@webdo.tn","legalName":"YNJ SARL","foundingDate":"2010-09-06","numberOfEmployees":{"@type":"QuantitativeValue","minValue":"11","maxValue":"50"}},{"@type":"Person","@id":"https:\/\/www.webdo.tn\/fr\/#\/schema\/person\/9a9c6118d687c117df8ef3cc36a4d175","name":"webdo.tn","image":{"@type":"ImageObject","inLanguage":"fr-FR","@id":"https:\/\/secure.gravatar.com\/avatar\/7ce1f28c0c3bbac99ff550b85ef8e44a6950c6ee24514fb6a5489e51d06f0298?s=96&d=mm&r=g","url":"https:\/\/secure.gravatar.com\/avatar\/7ce1f28c0c3bbac99ff550b85ef8e44a6950c6ee24514fb6a5489e51d06f0298?s=96&d=mm&r=g","contentUrl":"https:\/\/secure.gravatar.com\/avatar\/7ce1f28c0c3bbac99ff550b85ef8e44a6950c6ee24514fb6a5489e51d06f0298?s=96&d=mm&r=g","caption":"webdo.tn"},"url":"https:\/\/www.webdo.tn\/fr\/actualite\/author\/webdotn\/"}]}},"_links":{"self":[{"href":"https:\/\/www.webdo.tn\/fr\/wp-json\/wp\/v2\/posts\/178560","targetHints":{"allow":["GET"]}}],"collection":[{"href":"https:\/\/www.webdo.tn\/fr\/wp-json\/wp\/v2\/posts"}],"about":[{"href":"https:\/\/www.webdo.tn\/fr\/wp-json\/wp\/v2\/types\/post"}],"author":[{"embeddable":true,"href":"https:\/\/www.webdo.tn\/fr\/wp-json\/wp\/v2\/users\/3222"}],"replies":[{"embeddable":true,"href":"https:\/\/www.webdo.tn\/fr\/wp-json\/wp\/v2\/comments?post=178560"}],"version-history":[{"count":0,"href":"https:\/\/www.webdo.tn\/fr\/wp-json\/wp\/v2\/posts\/178560\/revisions"}],"wp:featuredmedia":[{"embeddable":true,"href":"https:\/\/www.webdo.tn\/fr\/wp-json\/wp\/v2\/media\/334024"}],"wp:attachment":[{"href":"https:\/\/www.webdo.tn\/fr\/wp-json\/wp\/v2\/media?parent=178560"}],"wp:term":[{"taxonomy":"category","embeddable":true,"href":"https:\/\/www.webdo.tn\/fr\/wp-json\/wp\/v2\/categories?post=178560"},{"taxonomy":"post_tag","embeddable":true,"href":"https:\/\/www.webdo.tn\/fr\/wp-json\/wp\/v2\/tags?post=178560"}],"curies":[{"name":"wp","href":"https:\/\/api.w.org\/{rel}","templated":true}]}}