{"id":178553,"date":"2012-03-03T10:36:00","date_gmt":"2012-03-03T10:36:00","guid":{"rendered":"https:\/\/www.webdo.tn\/fr\/blog\/viande-halal-claude-gueant-emboite-le-pas-a-marine-le-pen\/178553\/"},"modified":"2012-03-03T10:36:00","modified_gmt":"2012-03-03T10:36:00","slug":"viande-halal-claude-gueant-emboite-le-pas-a-marine-le-pen","status":"publish","type":"post","link":"https:\/\/www.webdo.tn\/fr\/actualite\/divers\/viande-halal-claude-gueant-emboite-le-pas-a-marine-le-pen\/178553\/","title":{"rendered":"Viande Halal\u00a0: Claude Gu\u00e9ant embo\u00eete le pas \u00e0 Marine Le Pen"},"content":{"rendered":"<p>Claude Gu\u00e9ant, l\u2019actuel ministre de l\u2019int\u00e9rieur fran\u00e7ais vient de prendre une position qui l\u2019apparente ostensiblement aux id\u00e9es du Front National. On se souvient de la d\u00e9claration de Marine Le Pen, voici deux semaines, sur la viande Halal qui a fait couler beaucoup d\u2019encre.<\/p>\n<p>Aujourd\u2019hui, pour des raisons \u00e9lectorales ou par conviction, Claude Gu\u00e9ant ne cache pas son hostilit\u00e9 quant \u00e0 l\u2019\u00e9tendue de la viande Halal et par cons\u00e9quent sa frilosit\u00e9 \u00e0 l\u2019\u00e9gard des immigr\u00e9s.<\/p>\n<p>Il consid\u00e8re en effet  que le fait d\u2019accorder le vote aux \u00e9trangers pourrait conduire \u00e0 rendre \u00ab\u00a0obligatoire la viande halal\u00a0dans les repas des  cantines\u00a0\u00bb. C\u2019est lors d\u2019un meeting \u00e0 proximit\u00e9 de la ville de Nancy que le ministre de l\u2019int\u00e9rieur a tenu ces propos avant d\u2019ajouter\u00a0:\u00a0\u00ab\u00a0Accepter le vote des \u00e9trangers, c\u2019est la porte ouverte au communautarisme. Nous ne voulons pas que des conseillers municipaux [\u2026] r\u00e9glementent les piscines \u00e0 l\u2019encontre des principes de mixit\u00e9.\u00a0\u00bb<\/p>\n<p>De telles d\u00e9clarations ne manqueront certainement pas  de faire couler de l\u2019encre et de susciter la pol\u00e9mique dans une atmosph\u00e8re extr\u00eamement tendue rendue par les mutuelles attaques virulentes des deux principaux candidats \u00e0 la pr\u00e9sidentielle, Nicolas Sarkozy et Fran\u00e7ois Hollande.<\/p>\n","protected":false},"excerpt":{"rendered":"<p>Viande Halal\u00a0: Claude Gu\u00e9ant embo\u00eete le pas \u00e0 Marine Le Pen<\/p>\n","protected":false},"author":3222,"featured_media":374690,"comment_status":"open","ping_status":"closed","sticky":false,"template":"","format":"standard","meta":{"footnotes":""},"categories":[2839],"tags":[2600],"class_list":["post-178553","post","type-post","status-publish","format-standard","has-post-thumbnail","hentry","category-divers","tag-guerre"],"yoast_head":"<!-- This site is optimized with the Yoast SEO Premium plugin v27.5 (Yoast SEO v27.5) - https:\/\/yoast.com\/product\/yoast-seo-premium-wordpress\/ -->\n<title>Viande Halal\u00a0: Claude Gu\u00e9ant embo\u00eete le pas \u00e0 Marine Le Pen<\/title>\n<meta name=\"description\" content=\"Viande Halal\u00a0: Claude Gu\u00e9ant embo\u00eete le pas \u00e0 Marine Le Pen\" \/>\n<link rel=\"canonical\" href=\"https:\/\/www.webdo.tn\/fr\/actualite\/divers\/viande-halal-claude-gueant-emboite-le-pas-a-marine-le-pen\/178553\/\" \/>\n<meta property=\"og:locale\" content=\"fr_FR\" \/>\n<meta property=\"og:type\" content=\"article\" \/>\n<meta property=\"og:title\" content=\"Viande Halal\u00a0: Claude Gu\u00e9ant embo\u00eete le pas \u00e0 Marine Le Pen\" \/>\n<meta property=\"og:description\" content=\"Viande Halal\u00a0: Claude Gu\u00e9ant embo\u00eete le pas \u00e0 Marine Le Pen\" \/>\n<meta property=\"og:url\" content=\"https:\/\/www.webdo.tn\/fr\/actualite\/divers\/viande-halal-claude-gueant-emboite-le-pas-a-marine-le-pen\/178553\/\" \/>\n<meta property=\"og:site_name\" content=\"webdo\" \/>\n<meta property=\"article:publisher\" content=\"https:\/\/www.facebook.com\/webdotn\" \/>\n<meta property=\"article:published_time\" content=\"2012-03-03T10:36:00+00:00\" \/>\n<meta property=\"og:image\" content=\"https:\/\/www.webdo.tn\/fr\/wp-content\/uploads\/2025\/06\/Claude-Gueant-photo-lemonde.fr__178553.jpg\" \/>\n\t<meta property=\"og:image:width\" content=\"242\" \/>\n\t<meta property=\"og:image:height\" content=\"219\" \/>\n\t<meta property=\"og:image:type\" content=\"image\/jpeg\" \/>\n<meta name=\"author\" content=\"webdo.tn\" \/>\n<meta name=\"twitter:card\" content=\"summary_large_image\" \/>\n<meta name=\"twitter:creator\" content=\"@webdo_tn\" \/>\n<meta name=\"twitter:site\" content=\"@webdo_tn\" \/>\n<meta name=\"twitter:label1\" content=\"\u00c9crit par\" \/>\n\t<meta name=\"twitter:data1\" content=\"webdo.tn\" \/>\n\t<meta name=\"twitter:label2\" content=\"Dur\u00e9e de lecture estim\u00e9e\" \/>\n\t<meta name=\"twitter:data2\" content=\"1 minute\" \/>\n<script type=\"application\/ld+json\" class=\"yoast-schema-graph\">{\"@context\":\"https:\\\/\\\/schema.org\",\"@graph\":[{\"@type\":\"NewsArticle\",\"@id\":\"https:\\\/\\\/www.webdo.tn\\\/fr\\\/actualite\\\/divers\\\/viande-halal-claude-gueant-emboite-le-pas-a-marine-le-pen\\\/178553\\\/#article\",\"isPartOf\":{\"@id\":\"https:\\\/\\\/www.webdo.tn\\\/fr\\\/actualite\\\/divers\\\/viande-halal-claude-gueant-emboite-le-pas-a-marine-le-pen\\\/178553\\\/\"},\"author\":{\"name\":\"webdo.tn\",\"@id\":\"https:\\\/\\\/www.webdo.tn\\\/fr\\\/#\\\/schema\\\/person\\\/9a9c6118d687c117df8ef3cc36a4d175\"},\"headline\":\"Viande Halal\u00a0: Claude Gu\u00e9ant embo\u00eete le pas \u00e0 Marine Le Pen\",\"datePublished\":\"2012-03-03T10:36:00+00:00\",\"mainEntityOfPage\":{\"@id\":\"https:\\\/\\\/www.webdo.tn\\\/fr\\\/actualite\\\/divers\\\/viande-halal-claude-gueant-emboite-le-pas-a-marine-le-pen\\\/178553\\\/\"},\"wordCount\":227,\"commentCount\":0,\"publisher\":{\"@id\":\"https:\\\/\\\/www.webdo.tn\\\/fr\\\/#organization\"},\"image\":{\"@id\":\"https:\\\/\\\/www.webdo.tn\\\/fr\\\/actualite\\\/divers\\\/viande-halal-claude-gueant-emboite-le-pas-a-marine-le-pen\\\/178553\\\/#primaryimage\"},\"thumbnailUrl\":\"https:\\\/\\\/www.webdo.tn\\\/fr\\\/wp-content\\\/uploads\\\/2025\\\/06\\\/Claude-Gueant-photo-lemonde.fr__178553.jpg\",\"keywords\":[\"guerre\"],\"articleSection\":[\"Divers\"],\"inLanguage\":\"fr-FR\"},{\"@type\":\"WebPage\",\"@id\":\"https:\\\/\\\/www.webdo.tn\\\/fr\\\/actualite\\\/divers\\\/viande-halal-claude-gueant-emboite-le-pas-a-marine-le-pen\\\/178553\\\/\",\"url\":\"https:\\\/\\\/www.webdo.tn\\\/fr\\\/actualite\\\/divers\\\/viande-halal-claude-gueant-emboite-le-pas-a-marine-le-pen\\\/178553\\\/\",\"name\":\"Viande Halal\u00a0: Claude Gu\u00e9ant embo\u00eete le pas \u00e0 Marine Le Pen\",\"isPartOf\":{\"@id\":\"https:\\\/\\\/www.webdo.tn\\\/fr\\\/#website\"},\"primaryImageOfPage\":{\"@id\":\"https:\\\/\\\/www.webdo.tn\\\/fr\\\/actualite\\\/divers\\\/viande-halal-claude-gueant-emboite-le-pas-a-marine-le-pen\\\/178553\\\/#primaryimage\"},\"image\":{\"@id\":\"https:\\\/\\\/www.webdo.tn\\\/fr\\\/actualite\\\/divers\\\/viande-halal-claude-gueant-emboite-le-pas-a-marine-le-pen\\\/178553\\\/#primaryimage\"},\"thumbnailUrl\":\"https:\\\/\\\/www.webdo.tn\\\/fr\\\/wp-content\\\/uploads\\\/2025\\\/06\\\/Claude-Gueant-photo-lemonde.fr__178553.jpg\",\"datePublished\":\"2012-03-03T10:36:00+00:00\",\"description\":\"Viande Halal\u00a0: Claude Gu\u00e9ant embo\u00eete le pas \u00e0 Marine Le Pen\",\"breadcrumb\":{\"@id\":\"https:\\\/\\\/www.webdo.tn\\\/fr\\\/actualite\\\/divers\\\/viande-halal-claude-gueant-emboite-le-pas-a-marine-le-pen\\\/178553\\\/#breadcrumb\"},\"inLanguage\":\"fr-FR\",\"potentialAction\":[{\"@type\":\"ReadAction\",\"target\":[\"https:\\\/\\\/www.webdo.tn\\\/fr\\\/actualite\\\/divers\\\/viande-halal-claude-gueant-emboite-le-pas-a-marine-le-pen\\\/178553\\\/\"]}]},{\"@type\":\"ImageObject\",\"inLanguage\":\"fr-FR\",\"@id\":\"https:\\\/\\\/www.webdo.tn\\\/fr\\\/actualite\\\/divers\\\/viande-halal-claude-gueant-emboite-le-pas-a-marine-le-pen\\\/178553\\\/#primaryimage\",\"url\":\"https:\\\/\\\/www.webdo.tn\\\/fr\\\/wp-content\\\/uploads\\\/2025\\\/06\\\/Claude-Gueant-photo-lemonde.fr__178553.jpg\",\"contentUrl\":\"https:\\\/\\\/www.webdo.tn\\\/fr\\\/wp-content\\\/uploads\\\/2025\\\/06\\\/Claude-Gueant-photo-lemonde.fr__178553.jpg\",\"width\":242,\"height\":219,\"caption\":\"Viande Halal\u00a0: Claude Gu\u00e9ant embo\u00eete le pas \u00e0 Marine Le Pen\"},{\"@type\":\"BreadcrumbList\",\"@id\":\"https:\\\/\\\/www.webdo.tn\\\/fr\\\/actualite\\\/divers\\\/viande-halal-claude-gueant-emboite-le-pas-a-marine-le-pen\\\/178553\\\/#breadcrumb\",\"itemListElement\":[{\"@type\":\"ListItem\",\"position\":1,\"name\":\"Accueil\",\"item\":\"https:\\\/\\\/www.webdo.tn\\\/fr\\\/\"},{\"@type\":\"ListItem\",\"position\":2,\"name\":\"Viande Halal\u00a0: Claude Gu\u00e9ant embo\u00eete le pas \u00e0 Marine Le Pen\"}]},{\"@type\":\"WebSite\",\"@id\":\"https:\\\/\\\/www.webdo.tn\\\/fr\\\/#website\",\"url\":\"https:\\\/\\\/www.webdo.tn\\\/fr\\\/\",\"name\":\"webdo\",\"description\":\"Tunisie - News en Tunisie et \u00e0 l&#039;international sur Webdo.tn\",\"publisher\":{\"@id\":\"https:\\\/\\\/www.webdo.tn\\\/fr\\\/#organization\"},\"potentialAction\":[{\"@type\":\"SearchAction\",\"target\":{\"@type\":\"EntryPoint\",\"urlTemplate\":\"https:\\\/\\\/www.webdo.tn\\\/fr\\\/?s={search_term_string}\"},\"query-input\":{\"@type\":\"PropertyValueSpecification\",\"valueRequired\":true,\"valueName\":\"search_term_string\"}}],\"inLanguage\":\"fr-FR\"},{\"@type\":\"Organization\",\"@id\":\"https:\\\/\\\/www.webdo.tn\\\/fr\\\/#organization\",\"name\":\"Webdo\",\"alternateName\":\"Webdo.tn\",\"url\":\"https:\\\/\\\/www.webdo.tn\\\/fr\\\/\",\"logo\":{\"@type\":\"ImageObject\",\"inLanguage\":\"fr-FR\",\"@id\":\"https:\\\/\\\/www.webdo.tn\\\/fr\\\/#\\\/schema\\\/logo\\\/image\\\/\",\"url\":\"https:\\\/\\\/www.webdo.tn\\\/fr\\\/wp-content\\\/uploads\\\/2025\\\/06\\\/Webdo-Tunisie_168377.jpg\",\"contentUrl\":\"https:\\\/\\\/www.webdo.tn\\\/fr\\\/wp-content\\\/uploads\\\/2025\\\/06\\\/Webdo-Tunisie_168377.jpg\",\"width\":301,\"height\":301,\"caption\":\"Webdo\"},\"image\":{\"@id\":\"https:\\\/\\\/www.webdo.tn\\\/fr\\\/#\\\/schema\\\/logo\\\/image\\\/\"},\"sameAs\":[\"https:\\\/\\\/www.facebook.com\\\/webdotn\",\"https:\\\/\\\/x.com\\\/webdo_tn\"],\"description\":\"Webdo est un m\u00e9dia num\u00e9rique tunisien fond\u00e9 en 2010, sp\u00e9cialis\u00e9 dans l\u2019actualit\u00e9 nationale et internationale, l\u2019\u00e9conomie, la soci\u00e9t\u00e9 et les analyses politiques. Le site s\u2019adresse \u00e0 un large public francophone et couvre l\u2019information tunisienne en temps r\u00e9el.\",\"email\":\"redac@webdo.tn\",\"legalName\":\"YNJ SARL\",\"foundingDate\":\"2010-09-06\",\"numberOfEmployees\":{\"@type\":\"QuantitativeValue\",\"minValue\":\"11\",\"maxValue\":\"50\"}},{\"@type\":\"Person\",\"@id\":\"https:\\\/\\\/www.webdo.tn\\\/fr\\\/#\\\/schema\\\/person\\\/9a9c6118d687c117df8ef3cc36a4d175\",\"name\":\"webdo.tn\",\"image\":{\"@type\":\"ImageObject\",\"inLanguage\":\"fr-FR\",\"@id\":\"https:\\\/\\\/secure.gravatar.com\\\/avatar\\\/7ce1f28c0c3bbac99ff550b85ef8e44a6950c6ee24514fb6a5489e51d06f0298?s=96&d=mm&r=g\",\"url\":\"https:\\\/\\\/secure.gravatar.com\\\/avatar\\\/7ce1f28c0c3bbac99ff550b85ef8e44a6950c6ee24514fb6a5489e51d06f0298?s=96&d=mm&r=g\",\"contentUrl\":\"https:\\\/\\\/secure.gravatar.com\\\/avatar\\\/7ce1f28c0c3bbac99ff550b85ef8e44a6950c6ee24514fb6a5489e51d06f0298?s=96&d=mm&r=g\",\"caption\":\"webdo.tn\"},\"url\":\"https:\\\/\\\/www.webdo.tn\\\/fr\\\/actualite\\\/author\\\/webdotn\\\/\"}]}<\/script>\n<!-- \/ Yoast SEO Premium plugin. -->","yoast_head_json":{"title":"Viande Halal\u00a0: Claude Gu\u00e9ant embo\u00eete le pas \u00e0 Marine Le Pen","description":"Viande Halal\u00a0: Claude Gu\u00e9ant embo\u00eete le pas \u00e0 Marine Le Pen","canonical":"https:\/\/www.webdo.tn\/fr\/actualite\/divers\/viande-halal-claude-gueant-emboite-le-pas-a-marine-le-pen\/178553\/","og_locale":"fr_FR","og_type":"article","og_title":"Viande Halal\u00a0: Claude Gu\u00e9ant embo\u00eete le pas \u00e0 Marine Le Pen","og_description":"Viande Halal\u00a0: Claude Gu\u00e9ant embo\u00eete le pas \u00e0 Marine Le Pen","og_url":"https:\/\/www.webdo.tn\/fr\/actualite\/divers\/viande-halal-claude-gueant-emboite-le-pas-a-marine-le-pen\/178553\/","og_site_name":"webdo","article_publisher":"https:\/\/www.facebook.com\/webdotn","article_published_time":"2012-03-03T10:36:00+00:00","og_image":[{"width":242,"height":219,"url":"https:\/\/www.webdo.tn\/fr\/wp-content\/uploads\/2025\/06\/Claude-Gueant-photo-lemonde.fr__178553.jpg","type":"image\/jpeg"}],"author":"webdo.tn","twitter_card":"summary_large_image","twitter_creator":"@webdo_tn","twitter_site":"@webdo_tn","twitter_misc":{"\u00c9crit par":"webdo.tn","Dur\u00e9e de lecture estim\u00e9e":"1 minute"},"schema":{"@context":"https:\/\/schema.org","@graph":[{"@type":"NewsArticle","@id":"https:\/\/www.webdo.tn\/fr\/actualite\/divers\/viande-halal-claude-gueant-emboite-le-pas-a-marine-le-pen\/178553\/#article","isPartOf":{"@id":"https:\/\/www.webdo.tn\/fr\/actualite\/divers\/viande-halal-claude-gueant-emboite-le-pas-a-marine-le-pen\/178553\/"},"author":{"name":"webdo.tn","@id":"https:\/\/www.webdo.tn\/fr\/#\/schema\/person\/9a9c6118d687c117df8ef3cc36a4d175"},"headline":"Viande Halal\u00a0: Claude Gu\u00e9ant embo\u00eete le pas \u00e0 Marine Le Pen","datePublished":"2012-03-03T10:36:00+00:00","mainEntityOfPage":{"@id":"https:\/\/www.webdo.tn\/fr\/actualite\/divers\/viande-halal-claude-gueant-emboite-le-pas-a-marine-le-pen\/178553\/"},"wordCount":227,"commentCount":0,"publisher":{"@id":"https:\/\/www.webdo.tn\/fr\/#organization"},"image":{"@id":"https:\/\/www.webdo.tn\/fr\/actualite\/divers\/viande-halal-claude-gueant-emboite-le-pas-a-marine-le-pen\/178553\/#primaryimage"},"thumbnailUrl":"https:\/\/www.webdo.tn\/fr\/wp-content\/uploads\/2025\/06\/Claude-Gueant-photo-lemonde.fr__178553.jpg","keywords":["guerre"],"articleSection":["Divers"],"inLanguage":"fr-FR"},{"@type":"WebPage","@id":"https:\/\/www.webdo.tn\/fr\/actualite\/divers\/viande-halal-claude-gueant-emboite-le-pas-a-marine-le-pen\/178553\/","url":"https:\/\/www.webdo.tn\/fr\/actualite\/divers\/viande-halal-claude-gueant-emboite-le-pas-a-marine-le-pen\/178553\/","name":"Viande Halal\u00a0: Claude Gu\u00e9ant embo\u00eete le pas \u00e0 Marine Le Pen","isPartOf":{"@id":"https:\/\/www.webdo.tn\/fr\/#website"},"primaryImageOfPage":{"@id":"https:\/\/www.webdo.tn\/fr\/actualite\/divers\/viande-halal-claude-gueant-emboite-le-pas-a-marine-le-pen\/178553\/#primaryimage"},"image":{"@id":"https:\/\/www.webdo.tn\/fr\/actualite\/divers\/viande-halal-claude-gueant-emboite-le-pas-a-marine-le-pen\/178553\/#primaryimage"},"thumbnailUrl":"https:\/\/www.webdo.tn\/fr\/wp-content\/uploads\/2025\/06\/Claude-Gueant-photo-lemonde.fr__178553.jpg","datePublished":"2012-03-03T10:36:00+00:00","description":"Viande Halal\u00a0: Claude Gu\u00e9ant embo\u00eete le pas \u00e0 Marine Le Pen","breadcrumb":{"@id":"https:\/\/www.webdo.tn\/fr\/actualite\/divers\/viande-halal-claude-gueant-emboite-le-pas-a-marine-le-pen\/178553\/#breadcrumb"},"inLanguage":"fr-FR","potentialAction":[{"@type":"ReadAction","target":["https:\/\/www.webdo.tn\/fr\/actualite\/divers\/viande-halal-claude-gueant-emboite-le-pas-a-marine-le-pen\/178553\/"]}]},{"@type":"ImageObject","inLanguage":"fr-FR","@id":"https:\/\/www.webdo.tn\/fr\/actualite\/divers\/viande-halal-claude-gueant-emboite-le-pas-a-marine-le-pen\/178553\/#primaryimage","url":"https:\/\/www.webdo.tn\/fr\/wp-content\/uploads\/2025\/06\/Claude-Gueant-photo-lemonde.fr__178553.jpg","contentUrl":"https:\/\/www.webdo.tn\/fr\/wp-content\/uploads\/2025\/06\/Claude-Gueant-photo-lemonde.fr__178553.jpg","width":242,"height":219,"caption":"Viande Halal\u00a0: Claude Gu\u00e9ant embo\u00eete le pas \u00e0 Marine Le Pen"},{"@type":"BreadcrumbList","@id":"https:\/\/www.webdo.tn\/fr\/actualite\/divers\/viande-halal-claude-gueant-emboite-le-pas-a-marine-le-pen\/178553\/#breadcrumb","itemListElement":[{"@type":"ListItem","position":1,"name":"Accueil","item":"https:\/\/www.webdo.tn\/fr\/"},{"@type":"ListItem","position":2,"name":"Viande Halal\u00a0: Claude Gu\u00e9ant embo\u00eete le pas \u00e0 Marine Le Pen"}]},{"@type":"WebSite","@id":"https:\/\/www.webdo.tn\/fr\/#website","url":"https:\/\/www.webdo.tn\/fr\/","name":"webdo","description":"Tunisie - News en Tunisie et \u00e0 l&#039;international sur Webdo.tn","publisher":{"@id":"https:\/\/www.webdo.tn\/fr\/#organization"},"potentialAction":[{"@type":"SearchAction","target":{"@type":"EntryPoint","urlTemplate":"https:\/\/www.webdo.tn\/fr\/?s={search_term_string}"},"query-input":{"@type":"PropertyValueSpecification","valueRequired":true,"valueName":"search_term_string"}}],"inLanguage":"fr-FR"},{"@type":"Organization","@id":"https:\/\/www.webdo.tn\/fr\/#organization","name":"Webdo","alternateName":"Webdo.tn","url":"https:\/\/www.webdo.tn\/fr\/","logo":{"@type":"ImageObject","inLanguage":"fr-FR","@id":"https:\/\/www.webdo.tn\/fr\/#\/schema\/logo\/image\/","url":"https:\/\/www.webdo.tn\/fr\/wp-content\/uploads\/2025\/06\/Webdo-Tunisie_168377.jpg","contentUrl":"https:\/\/www.webdo.tn\/fr\/wp-content\/uploads\/2025\/06\/Webdo-Tunisie_168377.jpg","width":301,"height":301,"caption":"Webdo"},"image":{"@id":"https:\/\/www.webdo.tn\/fr\/#\/schema\/logo\/image\/"},"sameAs":["https:\/\/www.facebook.com\/webdotn","https:\/\/x.com\/webdo_tn"],"description":"Webdo est un m\u00e9dia num\u00e9rique tunisien fond\u00e9 en 2010, sp\u00e9cialis\u00e9 dans l\u2019actualit\u00e9 nationale et internationale, l\u2019\u00e9conomie, la soci\u00e9t\u00e9 et les analyses politiques. Le site s\u2019adresse \u00e0 un large public francophone et couvre l\u2019information tunisienne en temps r\u00e9el.","email":"redac@webdo.tn","legalName":"YNJ SARL","foundingDate":"2010-09-06","numberOfEmployees":{"@type":"QuantitativeValue","minValue":"11","maxValue":"50"}},{"@type":"Person","@id":"https:\/\/www.webdo.tn\/fr\/#\/schema\/person\/9a9c6118d687c117df8ef3cc36a4d175","name":"webdo.tn","image":{"@type":"ImageObject","inLanguage":"fr-FR","@id":"https:\/\/secure.gravatar.com\/avatar\/7ce1f28c0c3bbac99ff550b85ef8e44a6950c6ee24514fb6a5489e51d06f0298?s=96&d=mm&r=g","url":"https:\/\/secure.gravatar.com\/avatar\/7ce1f28c0c3bbac99ff550b85ef8e44a6950c6ee24514fb6a5489e51d06f0298?s=96&d=mm&r=g","contentUrl":"https:\/\/secure.gravatar.com\/avatar\/7ce1f28c0c3bbac99ff550b85ef8e44a6950c6ee24514fb6a5489e51d06f0298?s=96&d=mm&r=g","caption":"webdo.tn"},"url":"https:\/\/www.webdo.tn\/fr\/actualite\/author\/webdotn\/"}]}},"_links":{"self":[{"href":"https:\/\/www.webdo.tn\/fr\/wp-json\/wp\/v2\/posts\/178553","targetHints":{"allow":["GET"]}}],"collection":[{"href":"https:\/\/www.webdo.tn\/fr\/wp-json\/wp\/v2\/posts"}],"about":[{"href":"https:\/\/www.webdo.tn\/fr\/wp-json\/wp\/v2\/types\/post"}],"author":[{"embeddable":true,"href":"https:\/\/www.webdo.tn\/fr\/wp-json\/wp\/v2\/users\/3222"}],"replies":[{"embeddable":true,"href":"https:\/\/www.webdo.tn\/fr\/wp-json\/wp\/v2\/comments?post=178553"}],"version-history":[{"count":0,"href":"https:\/\/www.webdo.tn\/fr\/wp-json\/wp\/v2\/posts\/178553\/revisions"}],"wp:featuredmedia":[{"embeddable":true,"href":"https:\/\/www.webdo.tn\/fr\/wp-json\/wp\/v2\/media\/374690"}],"wp:attachment":[{"href":"https:\/\/www.webdo.tn\/fr\/wp-json\/wp\/v2\/media?parent=178553"}],"wp:term":[{"taxonomy":"category","embeddable":true,"href":"https:\/\/www.webdo.tn\/fr\/wp-json\/wp\/v2\/categories?post=178553"},{"taxonomy":"post_tag","embeddable":true,"href":"https:\/\/www.webdo.tn\/fr\/wp-json\/wp\/v2\/tags?post=178553"}],"curies":[{"name":"wp","href":"https:\/\/api.w.org\/{rel}","templated":true}]}}