{"id":178552,"date":"2012-03-04T11:15:00","date_gmt":"2012-03-04T11:15:00","guid":{"rendered":"https:\/\/www.webdo.tn\/fr\/blog\/al-jazeera-va-t-elle-emettre-en-francais-a-partir-de-la-tunisie\/178552\/"},"modified":"2012-03-04T11:15:00","modified_gmt":"2012-03-04T11:15:00","slug":"al-jazeera-va-t-elle-emettre-en-francais-a-partir-de-la-tunisie","status":"publish","type":"post","link":"https:\/\/www.webdo.tn\/fr\/actualite\/divers\/al-jazeera-va-t-elle-emettre-en-francais-a-partir-de-la-tunisie\/178552\/","title":{"rendered":"Al Jazeera va-t-elle \u00e9mettre en fran\u00e7ais, \u00e0 partir de la Tunisie ?"},"content":{"rendered":"<p>En novembre dernier, la chaine de t\u00e9l\u00e9vision du Qatar, Al Jazeera, a install\u00e9 une antenne en Bosnie.<\/p>\n<p>Cette antenne a pour objectif d\u2019\u00e9mettre en langue slave et de rayonner sur la r\u00e9gion des Balkans o\u00f9 les musulmans sont nombreux.<\/p>\n<p>Depuis, la diffusion des programmes d\u2019Al Jazeera dans cette r\u00e9gion a renforc\u00e9 la pr\u00e9sence de cette chaine d\u2019inspiration panislamiste.<\/p>\n<p>Selon des indiscr\u00e9tions provenant de diplomates, Al Jazeera \u00e9tudierait en ce moment la possibilit\u00e9 de s\u2019implanter en Tunisie pour y diffuser, \u00e0 partir de cette nouvelle antenne, des programmes en langue fran\u00e7aise.<\/p>\n<p>Ces programmes cibleraient en priorit\u00e9 les pays maghr\u00e9bins et devraient aussi tenter de toucher les Maghr\u00e9bins r\u00e9sidant en France, en Suisse et en Belgique, qui sont de plus en plus nombreux.<\/p>\n<p>Ce potentiel d\u00e9ploiement d\u2019Al Jazeera pourrait d\u00e9rouler sur fond d\u2019une v\u00e9ritable lame de fond \u00e9conomique. En effet, le Qatar investit en ce moment des sommes \u00e9normes dans l\u2019\u00e9conomie fran\u00e7aise et pourrait \u00eatre tent\u00e9 par une pr\u00e9sence m\u00e9diatique accrue dans l\u2019Hexagone. Une affaire \u00e0 suivre !<\/p>\n","protected":false},"excerpt":{"rendered":"<p>Al Jazeera va-t-elle \u00e9mettre en fran\u00e7ais, \u00e0 partir de la Tunisie ?<\/p>\n","protected":false},"author":3222,"featured_media":334072,"comment_status":"open","ping_status":"closed","sticky":false,"template":"","format":"standard","meta":{"footnotes":""},"categories":[2839],"tags":[2600],"class_list":["post-178552","post","type-post","status-publish","format-standard","has-post-thumbnail","hentry","category-divers","tag-guerre"],"yoast_head":"<!-- This site is optimized with the Yoast SEO Premium plugin v27.5 (Yoast SEO v27.5) - https:\/\/yoast.com\/product\/yoast-seo-premium-wordpress\/ -->\n<title>Al Jazeera va-t-elle \u00e9mettre en fran\u00e7ais, \u00e0 partir de la Tunisie ?<\/title>\n<meta name=\"description\" content=\"Al Jazeera va-t-elle \u00e9mettre en fran\u00e7ais, \u00e0 partir de la Tunisie ?\" \/>\n<link rel=\"canonical\" href=\"https:\/\/www.webdo.tn\/fr\/actualite\/divers\/al-jazeera-va-t-elle-emettre-en-francais-a-partir-de-la-tunisie\/178552\/\" \/>\n<meta property=\"og:locale\" content=\"fr_FR\" \/>\n<meta property=\"og:type\" content=\"article\" \/>\n<meta property=\"og:title\" content=\"Al Jazeera va-t-elle \u00e9mettre en fran\u00e7ais, \u00e0 partir de la Tunisie ?\" \/>\n<meta property=\"og:description\" content=\"Al Jazeera va-t-elle \u00e9mettre en fran\u00e7ais, \u00e0 partir de la Tunisie ?\" \/>\n<meta property=\"og:url\" content=\"https:\/\/www.webdo.tn\/fr\/actualite\/divers\/al-jazeera-va-t-elle-emettre-en-francais-a-partir-de-la-tunisie\/178552\/\" \/>\n<meta property=\"og:site_name\" content=\"webdo\" \/>\n<meta property=\"article:publisher\" content=\"https:\/\/www.facebook.com\/webdotn\" \/>\n<meta property=\"article:published_time\" content=\"2012-03-04T11:15:00+00:00\" \/>\n<meta property=\"og:image\" content=\"https:\/\/www.webdo.tn\/fr\/wp-content\/uploads\/2012\/03\/al-jazeera.jpg\" \/>\n\t<meta property=\"og:image:width\" content=\"225\" \/>\n\t<meta property=\"og:image:height\" content=\"250\" \/>\n\t<meta property=\"og:image:type\" content=\"image\/jpeg\" \/>\n<meta name=\"author\" content=\"webdo.tn\" \/>\n<meta name=\"twitter:card\" content=\"summary_large_image\" \/>\n<meta name=\"twitter:creator\" content=\"@webdo_tn\" \/>\n<meta name=\"twitter:site\" content=\"@webdo_tn\" \/>\n<meta name=\"twitter:label1\" content=\"\u00c9crit par\" \/>\n\t<meta name=\"twitter:data1\" content=\"webdo.tn\" \/>\n\t<meta name=\"twitter:label2\" content=\"Dur\u00e9e de lecture estim\u00e9e\" \/>\n\t<meta name=\"twitter:data2\" content=\"1 minute\" \/>\n<script type=\"application\/ld+json\" class=\"yoast-schema-graph\">{\"@context\":\"https:\\\/\\\/schema.org\",\"@graph\":[{\"@type\":\"NewsArticle\",\"@id\":\"https:\\\/\\\/www.webdo.tn\\\/fr\\\/actualite\\\/divers\\\/al-jazeera-va-t-elle-emettre-en-francais-a-partir-de-la-tunisie\\\/178552\\\/#article\",\"isPartOf\":{\"@id\":\"https:\\\/\\\/www.webdo.tn\\\/fr\\\/actualite\\\/divers\\\/al-jazeera-va-t-elle-emettre-en-francais-a-partir-de-la-tunisie\\\/178552\\\/\"},\"author\":{\"name\":\"webdo.tn\",\"@id\":\"https:\\\/\\\/www.webdo.tn\\\/fr\\\/#\\\/schema\\\/person\\\/9a9c6118d687c117df8ef3cc36a4d175\"},\"headline\":\"Al Jazeera va-t-elle \u00e9mettre en fran\u00e7ais, \u00e0 partir de la Tunisie ?\",\"datePublished\":\"2012-03-04T11:15:00+00:00\",\"mainEntityOfPage\":{\"@id\":\"https:\\\/\\\/www.webdo.tn\\\/fr\\\/actualite\\\/divers\\\/al-jazeera-va-t-elle-emettre-en-francais-a-partir-de-la-tunisie\\\/178552\\\/\"},\"wordCount\":198,\"commentCount\":0,\"publisher\":{\"@id\":\"https:\\\/\\\/www.webdo.tn\\\/fr\\\/#organization\"},\"image\":{\"@id\":\"https:\\\/\\\/www.webdo.tn\\\/fr\\\/actualite\\\/divers\\\/al-jazeera-va-t-elle-emettre-en-francais-a-partir-de-la-tunisie\\\/178552\\\/#primaryimage\"},\"thumbnailUrl\":\"https:\\\/\\\/www.webdo.tn\\\/fr\\\/wp-content\\\/uploads\\\/2012\\\/03\\\/al-jazeera.jpg\",\"keywords\":[\"guerre\"],\"articleSection\":[\"Divers\"],\"inLanguage\":\"fr-FR\"},{\"@type\":\"WebPage\",\"@id\":\"https:\\\/\\\/www.webdo.tn\\\/fr\\\/actualite\\\/divers\\\/al-jazeera-va-t-elle-emettre-en-francais-a-partir-de-la-tunisie\\\/178552\\\/\",\"url\":\"https:\\\/\\\/www.webdo.tn\\\/fr\\\/actualite\\\/divers\\\/al-jazeera-va-t-elle-emettre-en-francais-a-partir-de-la-tunisie\\\/178552\\\/\",\"name\":\"Al Jazeera va-t-elle \u00e9mettre en fran\u00e7ais, \u00e0 partir de la Tunisie ?\",\"isPartOf\":{\"@id\":\"https:\\\/\\\/www.webdo.tn\\\/fr\\\/#website\"},\"primaryImageOfPage\":{\"@id\":\"https:\\\/\\\/www.webdo.tn\\\/fr\\\/actualite\\\/divers\\\/al-jazeera-va-t-elle-emettre-en-francais-a-partir-de-la-tunisie\\\/178552\\\/#primaryimage\"},\"image\":{\"@id\":\"https:\\\/\\\/www.webdo.tn\\\/fr\\\/actualite\\\/divers\\\/al-jazeera-va-t-elle-emettre-en-francais-a-partir-de-la-tunisie\\\/178552\\\/#primaryimage\"},\"thumbnailUrl\":\"https:\\\/\\\/www.webdo.tn\\\/fr\\\/wp-content\\\/uploads\\\/2012\\\/03\\\/al-jazeera.jpg\",\"datePublished\":\"2012-03-04T11:15:00+00:00\",\"description\":\"Al Jazeera va-t-elle \u00e9mettre en fran\u00e7ais, \u00e0 partir de la Tunisie ?\",\"breadcrumb\":{\"@id\":\"https:\\\/\\\/www.webdo.tn\\\/fr\\\/actualite\\\/divers\\\/al-jazeera-va-t-elle-emettre-en-francais-a-partir-de-la-tunisie\\\/178552\\\/#breadcrumb\"},\"inLanguage\":\"fr-FR\",\"potentialAction\":[{\"@type\":\"ReadAction\",\"target\":[\"https:\\\/\\\/www.webdo.tn\\\/fr\\\/actualite\\\/divers\\\/al-jazeera-va-t-elle-emettre-en-francais-a-partir-de-la-tunisie\\\/178552\\\/\"]}]},{\"@type\":\"ImageObject\",\"inLanguage\":\"fr-FR\",\"@id\":\"https:\\\/\\\/www.webdo.tn\\\/fr\\\/actualite\\\/divers\\\/al-jazeera-va-t-elle-emettre-en-francais-a-partir-de-la-tunisie\\\/178552\\\/#primaryimage\",\"url\":\"https:\\\/\\\/www.webdo.tn\\\/fr\\\/wp-content\\\/uploads\\\/2012\\\/03\\\/al-jazeera.jpg\",\"contentUrl\":\"https:\\\/\\\/www.webdo.tn\\\/fr\\\/wp-content\\\/uploads\\\/2012\\\/03\\\/al-jazeera.jpg\",\"width\":225,\"height\":250,\"caption\":\"Al Jazeera va-t-elle \u00e9mettre en fran\u00e7ais, \u00e0 partir de la Tunisie ?\"},{\"@type\":\"BreadcrumbList\",\"@id\":\"https:\\\/\\\/www.webdo.tn\\\/fr\\\/actualite\\\/divers\\\/al-jazeera-va-t-elle-emettre-en-francais-a-partir-de-la-tunisie\\\/178552\\\/#breadcrumb\",\"itemListElement\":[{\"@type\":\"ListItem\",\"position\":1,\"name\":\"Accueil\",\"item\":\"https:\\\/\\\/www.webdo.tn\\\/fr\\\/\"},{\"@type\":\"ListItem\",\"position\":2,\"name\":\"Al Jazeera va-t-elle \u00e9mettre en fran\u00e7ais, \u00e0 partir de la Tunisie ?\"}]},{\"@type\":\"WebSite\",\"@id\":\"https:\\\/\\\/www.webdo.tn\\\/fr\\\/#website\",\"url\":\"https:\\\/\\\/www.webdo.tn\\\/fr\\\/\",\"name\":\"webdo\",\"description\":\"Tunisie - News en Tunisie et \u00e0 l&#039;international sur Webdo.tn\",\"publisher\":{\"@id\":\"https:\\\/\\\/www.webdo.tn\\\/fr\\\/#organization\"},\"potentialAction\":[{\"@type\":\"SearchAction\",\"target\":{\"@type\":\"EntryPoint\",\"urlTemplate\":\"https:\\\/\\\/www.webdo.tn\\\/fr\\\/?s={search_term_string}\"},\"query-input\":{\"@type\":\"PropertyValueSpecification\",\"valueRequired\":true,\"valueName\":\"search_term_string\"}}],\"inLanguage\":\"fr-FR\"},{\"@type\":\"Organization\",\"@id\":\"https:\\\/\\\/www.webdo.tn\\\/fr\\\/#organization\",\"name\":\"Webdo\",\"alternateName\":\"Webdo.tn\",\"url\":\"https:\\\/\\\/www.webdo.tn\\\/fr\\\/\",\"logo\":{\"@type\":\"ImageObject\",\"inLanguage\":\"fr-FR\",\"@id\":\"https:\\\/\\\/www.webdo.tn\\\/fr\\\/#\\\/schema\\\/logo\\\/image\\\/\",\"url\":\"https:\\\/\\\/www.webdo.tn\\\/fr\\\/wp-content\\\/uploads\\\/2025\\\/06\\\/Webdo-Tunisie_168377.jpg\",\"contentUrl\":\"https:\\\/\\\/www.webdo.tn\\\/fr\\\/wp-content\\\/uploads\\\/2025\\\/06\\\/Webdo-Tunisie_168377.jpg\",\"width\":301,\"height\":301,\"caption\":\"Webdo\"},\"image\":{\"@id\":\"https:\\\/\\\/www.webdo.tn\\\/fr\\\/#\\\/schema\\\/logo\\\/image\\\/\"},\"sameAs\":[\"https:\\\/\\\/www.facebook.com\\\/webdotn\",\"https:\\\/\\\/x.com\\\/webdo_tn\"],\"description\":\"Webdo est un m\u00e9dia num\u00e9rique tunisien fond\u00e9 en 2010, sp\u00e9cialis\u00e9 dans l\u2019actualit\u00e9 nationale et internationale, l\u2019\u00e9conomie, la soci\u00e9t\u00e9 et les analyses politiques. Le site s\u2019adresse \u00e0 un large public francophone et couvre l\u2019information tunisienne en temps r\u00e9el.\",\"email\":\"redac@webdo.tn\",\"legalName\":\"YNJ SARL\",\"foundingDate\":\"2010-09-06\",\"numberOfEmployees\":{\"@type\":\"QuantitativeValue\",\"minValue\":\"11\",\"maxValue\":\"50\"}},{\"@type\":\"Person\",\"@id\":\"https:\\\/\\\/www.webdo.tn\\\/fr\\\/#\\\/schema\\\/person\\\/9a9c6118d687c117df8ef3cc36a4d175\",\"name\":\"webdo.tn\",\"image\":{\"@type\":\"ImageObject\",\"inLanguage\":\"fr-FR\",\"@id\":\"https:\\\/\\\/secure.gravatar.com\\\/avatar\\\/7ce1f28c0c3bbac99ff550b85ef8e44a6950c6ee24514fb6a5489e51d06f0298?s=96&d=mm&r=g\",\"url\":\"https:\\\/\\\/secure.gravatar.com\\\/avatar\\\/7ce1f28c0c3bbac99ff550b85ef8e44a6950c6ee24514fb6a5489e51d06f0298?s=96&d=mm&r=g\",\"contentUrl\":\"https:\\\/\\\/secure.gravatar.com\\\/avatar\\\/7ce1f28c0c3bbac99ff550b85ef8e44a6950c6ee24514fb6a5489e51d06f0298?s=96&d=mm&r=g\",\"caption\":\"webdo.tn\"},\"url\":\"https:\\\/\\\/www.webdo.tn\\\/fr\\\/actualite\\\/author\\\/webdotn\\\/\"}]}<\/script>\n<!-- \/ Yoast SEO Premium plugin. -->","yoast_head_json":{"title":"Al Jazeera va-t-elle \u00e9mettre en fran\u00e7ais, \u00e0 partir de la Tunisie ?","description":"Al Jazeera va-t-elle \u00e9mettre en fran\u00e7ais, \u00e0 partir de la Tunisie ?","canonical":"https:\/\/www.webdo.tn\/fr\/actualite\/divers\/al-jazeera-va-t-elle-emettre-en-francais-a-partir-de-la-tunisie\/178552\/","og_locale":"fr_FR","og_type":"article","og_title":"Al Jazeera va-t-elle \u00e9mettre en fran\u00e7ais, \u00e0 partir de la Tunisie ?","og_description":"Al Jazeera va-t-elle \u00e9mettre en fran\u00e7ais, \u00e0 partir de la Tunisie ?","og_url":"https:\/\/www.webdo.tn\/fr\/actualite\/divers\/al-jazeera-va-t-elle-emettre-en-francais-a-partir-de-la-tunisie\/178552\/","og_site_name":"webdo","article_publisher":"https:\/\/www.facebook.com\/webdotn","article_published_time":"2012-03-04T11:15:00+00:00","og_image":[{"width":225,"height":250,"url":"https:\/\/www.webdo.tn\/fr\/wp-content\/uploads\/2012\/03\/al-jazeera.jpg","type":"image\/jpeg"}],"author":"webdo.tn","twitter_card":"summary_large_image","twitter_creator":"@webdo_tn","twitter_site":"@webdo_tn","twitter_misc":{"\u00c9crit par":"webdo.tn","Dur\u00e9e de lecture estim\u00e9e":"1 minute"},"schema":{"@context":"https:\/\/schema.org","@graph":[{"@type":"NewsArticle","@id":"https:\/\/www.webdo.tn\/fr\/actualite\/divers\/al-jazeera-va-t-elle-emettre-en-francais-a-partir-de-la-tunisie\/178552\/#article","isPartOf":{"@id":"https:\/\/www.webdo.tn\/fr\/actualite\/divers\/al-jazeera-va-t-elle-emettre-en-francais-a-partir-de-la-tunisie\/178552\/"},"author":{"name":"webdo.tn","@id":"https:\/\/www.webdo.tn\/fr\/#\/schema\/person\/9a9c6118d687c117df8ef3cc36a4d175"},"headline":"Al Jazeera va-t-elle \u00e9mettre en fran\u00e7ais, \u00e0 partir de la Tunisie ?","datePublished":"2012-03-04T11:15:00+00:00","mainEntityOfPage":{"@id":"https:\/\/www.webdo.tn\/fr\/actualite\/divers\/al-jazeera-va-t-elle-emettre-en-francais-a-partir-de-la-tunisie\/178552\/"},"wordCount":198,"commentCount":0,"publisher":{"@id":"https:\/\/www.webdo.tn\/fr\/#organization"},"image":{"@id":"https:\/\/www.webdo.tn\/fr\/actualite\/divers\/al-jazeera-va-t-elle-emettre-en-francais-a-partir-de-la-tunisie\/178552\/#primaryimage"},"thumbnailUrl":"https:\/\/www.webdo.tn\/fr\/wp-content\/uploads\/2012\/03\/al-jazeera.jpg","keywords":["guerre"],"articleSection":["Divers"],"inLanguage":"fr-FR"},{"@type":"WebPage","@id":"https:\/\/www.webdo.tn\/fr\/actualite\/divers\/al-jazeera-va-t-elle-emettre-en-francais-a-partir-de-la-tunisie\/178552\/","url":"https:\/\/www.webdo.tn\/fr\/actualite\/divers\/al-jazeera-va-t-elle-emettre-en-francais-a-partir-de-la-tunisie\/178552\/","name":"Al Jazeera va-t-elle \u00e9mettre en fran\u00e7ais, \u00e0 partir de la Tunisie ?","isPartOf":{"@id":"https:\/\/www.webdo.tn\/fr\/#website"},"primaryImageOfPage":{"@id":"https:\/\/www.webdo.tn\/fr\/actualite\/divers\/al-jazeera-va-t-elle-emettre-en-francais-a-partir-de-la-tunisie\/178552\/#primaryimage"},"image":{"@id":"https:\/\/www.webdo.tn\/fr\/actualite\/divers\/al-jazeera-va-t-elle-emettre-en-francais-a-partir-de-la-tunisie\/178552\/#primaryimage"},"thumbnailUrl":"https:\/\/www.webdo.tn\/fr\/wp-content\/uploads\/2012\/03\/al-jazeera.jpg","datePublished":"2012-03-04T11:15:00+00:00","description":"Al Jazeera va-t-elle \u00e9mettre en fran\u00e7ais, \u00e0 partir de la Tunisie ?","breadcrumb":{"@id":"https:\/\/www.webdo.tn\/fr\/actualite\/divers\/al-jazeera-va-t-elle-emettre-en-francais-a-partir-de-la-tunisie\/178552\/#breadcrumb"},"inLanguage":"fr-FR","potentialAction":[{"@type":"ReadAction","target":["https:\/\/www.webdo.tn\/fr\/actualite\/divers\/al-jazeera-va-t-elle-emettre-en-francais-a-partir-de-la-tunisie\/178552\/"]}]},{"@type":"ImageObject","inLanguage":"fr-FR","@id":"https:\/\/www.webdo.tn\/fr\/actualite\/divers\/al-jazeera-va-t-elle-emettre-en-francais-a-partir-de-la-tunisie\/178552\/#primaryimage","url":"https:\/\/www.webdo.tn\/fr\/wp-content\/uploads\/2012\/03\/al-jazeera.jpg","contentUrl":"https:\/\/www.webdo.tn\/fr\/wp-content\/uploads\/2012\/03\/al-jazeera.jpg","width":225,"height":250,"caption":"Al Jazeera va-t-elle \u00e9mettre en fran\u00e7ais, \u00e0 partir de la Tunisie ?"},{"@type":"BreadcrumbList","@id":"https:\/\/www.webdo.tn\/fr\/actualite\/divers\/al-jazeera-va-t-elle-emettre-en-francais-a-partir-de-la-tunisie\/178552\/#breadcrumb","itemListElement":[{"@type":"ListItem","position":1,"name":"Accueil","item":"https:\/\/www.webdo.tn\/fr\/"},{"@type":"ListItem","position":2,"name":"Al Jazeera va-t-elle \u00e9mettre en fran\u00e7ais, \u00e0 partir de la Tunisie ?"}]},{"@type":"WebSite","@id":"https:\/\/www.webdo.tn\/fr\/#website","url":"https:\/\/www.webdo.tn\/fr\/","name":"webdo","description":"Tunisie - News en Tunisie et \u00e0 l&#039;international sur Webdo.tn","publisher":{"@id":"https:\/\/www.webdo.tn\/fr\/#organization"},"potentialAction":[{"@type":"SearchAction","target":{"@type":"EntryPoint","urlTemplate":"https:\/\/www.webdo.tn\/fr\/?s={search_term_string}"},"query-input":{"@type":"PropertyValueSpecification","valueRequired":true,"valueName":"search_term_string"}}],"inLanguage":"fr-FR"},{"@type":"Organization","@id":"https:\/\/www.webdo.tn\/fr\/#organization","name":"Webdo","alternateName":"Webdo.tn","url":"https:\/\/www.webdo.tn\/fr\/","logo":{"@type":"ImageObject","inLanguage":"fr-FR","@id":"https:\/\/www.webdo.tn\/fr\/#\/schema\/logo\/image\/","url":"https:\/\/www.webdo.tn\/fr\/wp-content\/uploads\/2025\/06\/Webdo-Tunisie_168377.jpg","contentUrl":"https:\/\/www.webdo.tn\/fr\/wp-content\/uploads\/2025\/06\/Webdo-Tunisie_168377.jpg","width":301,"height":301,"caption":"Webdo"},"image":{"@id":"https:\/\/www.webdo.tn\/fr\/#\/schema\/logo\/image\/"},"sameAs":["https:\/\/www.facebook.com\/webdotn","https:\/\/x.com\/webdo_tn"],"description":"Webdo est un m\u00e9dia num\u00e9rique tunisien fond\u00e9 en 2010, sp\u00e9cialis\u00e9 dans l\u2019actualit\u00e9 nationale et internationale, l\u2019\u00e9conomie, la soci\u00e9t\u00e9 et les analyses politiques. Le site s\u2019adresse \u00e0 un large public francophone et couvre l\u2019information tunisienne en temps r\u00e9el.","email":"redac@webdo.tn","legalName":"YNJ SARL","foundingDate":"2010-09-06","numberOfEmployees":{"@type":"QuantitativeValue","minValue":"11","maxValue":"50"}},{"@type":"Person","@id":"https:\/\/www.webdo.tn\/fr\/#\/schema\/person\/9a9c6118d687c117df8ef3cc36a4d175","name":"webdo.tn","image":{"@type":"ImageObject","inLanguage":"fr-FR","@id":"https:\/\/secure.gravatar.com\/avatar\/7ce1f28c0c3bbac99ff550b85ef8e44a6950c6ee24514fb6a5489e51d06f0298?s=96&d=mm&r=g","url":"https:\/\/secure.gravatar.com\/avatar\/7ce1f28c0c3bbac99ff550b85ef8e44a6950c6ee24514fb6a5489e51d06f0298?s=96&d=mm&r=g","contentUrl":"https:\/\/secure.gravatar.com\/avatar\/7ce1f28c0c3bbac99ff550b85ef8e44a6950c6ee24514fb6a5489e51d06f0298?s=96&d=mm&r=g","caption":"webdo.tn"},"url":"https:\/\/www.webdo.tn\/fr\/actualite\/author\/webdotn\/"}]}},"_links":{"self":[{"href":"https:\/\/www.webdo.tn\/fr\/wp-json\/wp\/v2\/posts\/178552","targetHints":{"allow":["GET"]}}],"collection":[{"href":"https:\/\/www.webdo.tn\/fr\/wp-json\/wp\/v2\/posts"}],"about":[{"href":"https:\/\/www.webdo.tn\/fr\/wp-json\/wp\/v2\/types\/post"}],"author":[{"embeddable":true,"href":"https:\/\/www.webdo.tn\/fr\/wp-json\/wp\/v2\/users\/3222"}],"replies":[{"embeddable":true,"href":"https:\/\/www.webdo.tn\/fr\/wp-json\/wp\/v2\/comments?post=178552"}],"version-history":[{"count":0,"href":"https:\/\/www.webdo.tn\/fr\/wp-json\/wp\/v2\/posts\/178552\/revisions"}],"wp:featuredmedia":[{"embeddable":true,"href":"https:\/\/www.webdo.tn\/fr\/wp-json\/wp\/v2\/media\/334072"}],"wp:attachment":[{"href":"https:\/\/www.webdo.tn\/fr\/wp-json\/wp\/v2\/media?parent=178552"}],"wp:term":[{"taxonomy":"category","embeddable":true,"href":"https:\/\/www.webdo.tn\/fr\/wp-json\/wp\/v2\/categories?post=178552"},{"taxonomy":"post_tag","embeddable":true,"href":"https:\/\/www.webdo.tn\/fr\/wp-json\/wp\/v2\/tags?post=178552"}],"curies":[{"name":"wp","href":"https:\/\/api.w.org\/{rel}","templated":true}]}}