{"id":178547,"date":"2012-05-15T12:01:00","date_gmt":"2012-05-15T12:01:00","guid":{"rendered":"https:\/\/www.webdo.tn\/fr\/blog\/le-retour-dans-les-ecoles-du-chocolat-a-effet-politique\/178547\/"},"modified":"2025-06-04T18:56:50","modified_gmt":"2025-06-04T18:56:50","slug":"le-retour-dans-les-ecoles-du-chocolat-a-effet-politique","status":"publish","type":"post","link":"https:\/\/www.webdo.tn\/fr\/actualite\/divers\/le-retour-dans-les-ecoles-du-chocolat-a-effet-politique\/178547\/","title":{"rendered":"Le retour dans les \u00e9coles du chocolat \u00e0 effet\u2026 \u00ab\u00a0politique\u00a0\u00bb !?"},"content":{"rendered":"<p>En l\u2019absence de tout d\u00e9menti officiel, l\u2019information diffus\u00e9e hier soir sur les ondes de Shems FM n\u2019a rien d\u2019une rumeur. Des individus \u00e0 bord de trois voitures suspectes auraient \u00e9t\u00e9 surpris devant une \u00e9cole primaire \u00e0 Ghannouche (gouvernorat de Gabes), en train de jeter des tablettes de chocolat.<\/p>\n<p>Des agents d\u2019une patrouille de police qui \u00e9tait sur les lieux, les ont ramass\u00e9es pour les besoins de l\u2019enqu\u00eate. L\u2019analyse du chocolat d\u00e9montra qu\u2019il \u00e9tait \u00e0 effet somnolent. Mais les mobiles de l\u2019acte sont encore myst\u00e9rieux, car d\u2019apr\u00e8s les premiers \u00e9l\u00e9ments de l\u2019enqu\u00eate, il ne s\u2019agit pas de procurer aux jeunes \u00e9coliers, qui \u00e9taient vis\u00e9s par cet acte, une accoutumance \u00e0 une substance toxique puisque la denr\u00e9e incrimin\u00e9e ne contenait pas de composants hallucinog\u00e8nes. Il ne s\u2019agit pas non plus d\u2019une tentative d\u2019enl\u00e8vement puisque la distribution de chocolat a \u00e9t\u00e9 faite sans aucune discr\u00e9tion.<\/p>\n<p>Cette affaire rappelle celle qui s\u2019est produite il y a plus de trois mois \u00e0 El Hamma (gouvernorat de Gabes) causant l&rsquo;intoxication de 18 coll\u00e9giens, qui heureusement, sont sortis sains et sauf. Toutefois, l&rsquo;information a pris une toute autre dimension sur la toile, allant jusqu&rsquo;\u00e0 affirmer la distribution devant des coll\u00e8ges de friandises, \u00e0 base de drogue, appel\u00e9es \u00abStrawberry Quick\u00bb. Des incidents qui se sont r\u00e9p\u00e9t\u00e9s plusieurs fois en moins de 48 heures et donc inqui\u00e9tants, concluait, alors, le site Kapitalis.<\/p>\n<p>Si le minist\u00e8re public a pu rassurer les populations sur l\u2019inexistence de \u00abproduit narcotique\u00bb, il n&rsquo;a pu faire de m\u00eame pour calmer les esprits. Nombreux sont, en effet, qui soup\u00e7onnent une manipulation politique en imputant l\u2019acte \u00e0 des miliciens. Ces derniers chercheraient \u00e0 semer le chaos et la zizanie parmi la population soit pour emp\u00eacher le retour \u00e0 la normale dans ce gouvernorat qui conna\u00eet des mouvements de contestation dans diff\u00e9rents secteurs soit pour obliger les citoyens \u00e0 laisser de c\u00f4t\u00e9 leurs soucis li\u00e9s \u00e0 l\u2019emploi et \u00e0 la qualit\u00e9 de la vie pour se focaliser sur un fait divers mena\u00e7ant.<\/p>\n","protected":false},"excerpt":{"rendered":"<p>Le retour dans les \u00e9coles du chocolat \u00e0 effet\u2026  politique  !? <\/p>\n","protected":false},"author":3222,"featured_media":334136,"comment_status":"open","ping_status":"closed","sticky":false,"template":"","format":"standard","meta":{"footnotes":""},"categories":[2839],"tags":[],"class_list":["post-178547","post","type-post","status-publish","format-standard","has-post-thumbnail","hentry","category-divers"],"yoast_head":"<!-- This site is optimized with the Yoast SEO Premium plugin v27.5 (Yoast SEO v27.5) - https:\/\/yoast.com\/product\/yoast-seo-premium-wordpress\/ -->\n<title>Le retour dans les \u00e9coles du chocolat \u00e0 effet\u2026 politique !?<\/title>\n<meta name=\"description\" content=\"Le retour dans les \u00e9coles du chocolat \u00e0 effet\u2026 politique !?\" \/>\n<link rel=\"canonical\" href=\"https:\/\/www.webdo.tn\/fr\/actualite\/divers\/le-retour-dans-les-ecoles-du-chocolat-a-effet-politique\/178547\/\" \/>\n<meta property=\"og:locale\" content=\"fr_FR\" \/>\n<meta property=\"og:type\" content=\"article\" \/>\n<meta property=\"og:title\" content=\"Le retour dans les \u00e9coles du chocolat \u00e0 effet\u2026 &quot;politique&quot; !?\" \/>\n<meta property=\"og:description\" content=\"Le retour dans les \u00e9coles du chocolat \u00e0 effet\u2026 politique !?\" \/>\n<meta property=\"og:url\" content=\"https:\/\/www.webdo.tn\/fr\/actualite\/divers\/le-retour-dans-les-ecoles-du-chocolat-a-effet-politique\/178547\/\" \/>\n<meta property=\"og:site_name\" content=\"webdo\" \/>\n<meta property=\"article:publisher\" content=\"https:\/\/www.facebook.com\/webdotn\" \/>\n<meta property=\"article:published_time\" content=\"2012-05-15T12:01:00+00:00\" \/>\n<meta property=\"article:modified_time\" content=\"2025-06-04T18:56:50+00:00\" \/>\n<meta property=\"og:image\" content=\"https:\/\/www.webdo.tn\/fr\/wp-content\/uploads\/2012\/05\/Gabes-photo-investintunisia.tn_.gif\" \/>\n\t<meta property=\"og:image:width\" content=\"300\" \/>\n\t<meta property=\"og:image:height\" content=\"245\" \/>\n\t<meta property=\"og:image:type\" content=\"image\/gif\" \/>\n<meta name=\"author\" content=\"webdo.tn\" \/>\n<meta name=\"twitter:card\" content=\"summary_large_image\" \/>\n<meta name=\"twitter:creator\" content=\"@webdo_tn\" \/>\n<meta name=\"twitter:site\" content=\"@webdo_tn\" \/>\n<meta name=\"twitter:label1\" content=\"\u00c9crit par\" \/>\n\t<meta name=\"twitter:data1\" content=\"webdo.tn\" \/>\n\t<meta name=\"twitter:label2\" content=\"Dur\u00e9e de lecture estim\u00e9e\" \/>\n\t<meta name=\"twitter:data2\" content=\"2 minutes\" \/>\n<script type=\"application\/ld+json\" class=\"yoast-schema-graph\">{\"@context\":\"https:\\\/\\\/schema.org\",\"@graph\":[{\"@type\":\"NewsArticle\",\"@id\":\"https:\\\/\\\/www.webdo.tn\\\/fr\\\/actualite\\\/divers\\\/le-retour-dans-les-ecoles-du-chocolat-a-effet-politique\\\/178547\\\/#article\",\"isPartOf\":{\"@id\":\"https:\\\/\\\/www.webdo.tn\\\/fr\\\/actualite\\\/divers\\\/le-retour-dans-les-ecoles-du-chocolat-a-effet-politique\\\/178547\\\/\"},\"author\":{\"name\":\"webdo.tn\",\"@id\":\"https:\\\/\\\/www.webdo.tn\\\/fr\\\/#\\\/schema\\\/person\\\/9a9c6118d687c117df8ef3cc36a4d175\"},\"headline\":\"Le retour dans les \u00e9coles du chocolat \u00e0 effet\u2026 \u00ab\u00a0politique\u00a0\u00bb !?\",\"datePublished\":\"2012-05-15T12:01:00+00:00\",\"dateModified\":\"2025-06-04T18:56:50+00:00\",\"mainEntityOfPage\":{\"@id\":\"https:\\\/\\\/www.webdo.tn\\\/fr\\\/actualite\\\/divers\\\/le-retour-dans-les-ecoles-du-chocolat-a-effet-politique\\\/178547\\\/\"},\"wordCount\":372,\"commentCount\":0,\"publisher\":{\"@id\":\"https:\\\/\\\/www.webdo.tn\\\/fr\\\/#organization\"},\"image\":{\"@id\":\"https:\\\/\\\/www.webdo.tn\\\/fr\\\/actualite\\\/divers\\\/le-retour-dans-les-ecoles-du-chocolat-a-effet-politique\\\/178547\\\/#primaryimage\"},\"thumbnailUrl\":\"https:\\\/\\\/www.webdo.tn\\\/fr\\\/wp-content\\\/uploads\\\/2012\\\/05\\\/Gabes-photo-investintunisia.tn_.gif\",\"articleSection\":[\"Divers\"],\"inLanguage\":\"fr-FR\"},{\"@type\":\"WebPage\",\"@id\":\"https:\\\/\\\/www.webdo.tn\\\/fr\\\/actualite\\\/divers\\\/le-retour-dans-les-ecoles-du-chocolat-a-effet-politique\\\/178547\\\/\",\"url\":\"https:\\\/\\\/www.webdo.tn\\\/fr\\\/actualite\\\/divers\\\/le-retour-dans-les-ecoles-du-chocolat-a-effet-politique\\\/178547\\\/\",\"name\":\"Le retour dans les \u00e9coles du chocolat \u00e0 effet\u2026 politique !?\",\"isPartOf\":{\"@id\":\"https:\\\/\\\/www.webdo.tn\\\/fr\\\/#website\"},\"primaryImageOfPage\":{\"@id\":\"https:\\\/\\\/www.webdo.tn\\\/fr\\\/actualite\\\/divers\\\/le-retour-dans-les-ecoles-du-chocolat-a-effet-politique\\\/178547\\\/#primaryimage\"},\"image\":{\"@id\":\"https:\\\/\\\/www.webdo.tn\\\/fr\\\/actualite\\\/divers\\\/le-retour-dans-les-ecoles-du-chocolat-a-effet-politique\\\/178547\\\/#primaryimage\"},\"thumbnailUrl\":\"https:\\\/\\\/www.webdo.tn\\\/fr\\\/wp-content\\\/uploads\\\/2012\\\/05\\\/Gabes-photo-investintunisia.tn_.gif\",\"datePublished\":\"2012-05-15T12:01:00+00:00\",\"dateModified\":\"2025-06-04T18:56:50+00:00\",\"description\":\"Le retour dans les \u00e9coles du chocolat \u00e0 effet\u2026 politique !?\",\"breadcrumb\":{\"@id\":\"https:\\\/\\\/www.webdo.tn\\\/fr\\\/actualite\\\/divers\\\/le-retour-dans-les-ecoles-du-chocolat-a-effet-politique\\\/178547\\\/#breadcrumb\"},\"inLanguage\":\"fr-FR\",\"potentialAction\":[{\"@type\":\"ReadAction\",\"target\":[\"https:\\\/\\\/www.webdo.tn\\\/fr\\\/actualite\\\/divers\\\/le-retour-dans-les-ecoles-du-chocolat-a-effet-politique\\\/178547\\\/\"]}]},{\"@type\":\"ImageObject\",\"inLanguage\":\"fr-FR\",\"@id\":\"https:\\\/\\\/www.webdo.tn\\\/fr\\\/actualite\\\/divers\\\/le-retour-dans-les-ecoles-du-chocolat-a-effet-politique\\\/178547\\\/#primaryimage\",\"url\":\"https:\\\/\\\/www.webdo.tn\\\/fr\\\/wp-content\\\/uploads\\\/2012\\\/05\\\/Gabes-photo-investintunisia.tn_.gif\",\"contentUrl\":\"https:\\\/\\\/www.webdo.tn\\\/fr\\\/wp-content\\\/uploads\\\/2012\\\/05\\\/Gabes-photo-investintunisia.tn_.gif\",\"width\":300,\"height\":245,\"caption\":\"Le retour dans les \u00e9coles du chocolat \u00e0 effet\u2026 \\\"politique\\\" !?\"},{\"@type\":\"BreadcrumbList\",\"@id\":\"https:\\\/\\\/www.webdo.tn\\\/fr\\\/actualite\\\/divers\\\/le-retour-dans-les-ecoles-du-chocolat-a-effet-politique\\\/178547\\\/#breadcrumb\",\"itemListElement\":[{\"@type\":\"ListItem\",\"position\":1,\"name\":\"Accueil\",\"item\":\"https:\\\/\\\/www.webdo.tn\\\/fr\\\/\"},{\"@type\":\"ListItem\",\"position\":2,\"name\":\"Le retour dans les \u00e9coles du chocolat \u00e0 effet\u2026 \u00ab\u00a0politique\u00a0\u00bb !?\"}]},{\"@type\":\"WebSite\",\"@id\":\"https:\\\/\\\/www.webdo.tn\\\/fr\\\/#website\",\"url\":\"https:\\\/\\\/www.webdo.tn\\\/fr\\\/\",\"name\":\"webdo\",\"description\":\"Tunisie - News en Tunisie et \u00e0 l&#039;international sur Webdo.tn\",\"publisher\":{\"@id\":\"https:\\\/\\\/www.webdo.tn\\\/fr\\\/#organization\"},\"potentialAction\":[{\"@type\":\"SearchAction\",\"target\":{\"@type\":\"EntryPoint\",\"urlTemplate\":\"https:\\\/\\\/www.webdo.tn\\\/fr\\\/?s={search_term_string}\"},\"query-input\":{\"@type\":\"PropertyValueSpecification\",\"valueRequired\":true,\"valueName\":\"search_term_string\"}}],\"inLanguage\":\"fr-FR\"},{\"@type\":\"Organization\",\"@id\":\"https:\\\/\\\/www.webdo.tn\\\/fr\\\/#organization\",\"name\":\"Webdo\",\"alternateName\":\"Webdo.tn\",\"url\":\"https:\\\/\\\/www.webdo.tn\\\/fr\\\/\",\"logo\":{\"@type\":\"ImageObject\",\"inLanguage\":\"fr-FR\",\"@id\":\"https:\\\/\\\/www.webdo.tn\\\/fr\\\/#\\\/schema\\\/logo\\\/image\\\/\",\"url\":\"https:\\\/\\\/www.webdo.tn\\\/fr\\\/wp-content\\\/uploads\\\/2025\\\/06\\\/Webdo-Tunisie_168377.jpg\",\"contentUrl\":\"https:\\\/\\\/www.webdo.tn\\\/fr\\\/wp-content\\\/uploads\\\/2025\\\/06\\\/Webdo-Tunisie_168377.jpg\",\"width\":301,\"height\":301,\"caption\":\"Webdo\"},\"image\":{\"@id\":\"https:\\\/\\\/www.webdo.tn\\\/fr\\\/#\\\/schema\\\/logo\\\/image\\\/\"},\"sameAs\":[\"https:\\\/\\\/www.facebook.com\\\/webdotn\",\"https:\\\/\\\/x.com\\\/webdo_tn\"],\"description\":\"Webdo est un m\u00e9dia num\u00e9rique tunisien fond\u00e9 en 2010, sp\u00e9cialis\u00e9 dans l\u2019actualit\u00e9 nationale et internationale, l\u2019\u00e9conomie, la soci\u00e9t\u00e9 et les analyses politiques. Le site s\u2019adresse \u00e0 un large public francophone et couvre l\u2019information tunisienne en temps r\u00e9el.\",\"email\":\"redac@webdo.tn\",\"legalName\":\"YNJ SARL\",\"foundingDate\":\"2010-09-06\",\"numberOfEmployees\":{\"@type\":\"QuantitativeValue\",\"minValue\":\"11\",\"maxValue\":\"50\"}},{\"@type\":\"Person\",\"@id\":\"https:\\\/\\\/www.webdo.tn\\\/fr\\\/#\\\/schema\\\/person\\\/9a9c6118d687c117df8ef3cc36a4d175\",\"name\":\"webdo.tn\",\"image\":{\"@type\":\"ImageObject\",\"inLanguage\":\"fr-FR\",\"@id\":\"https:\\\/\\\/secure.gravatar.com\\\/avatar\\\/7ce1f28c0c3bbac99ff550b85ef8e44a6950c6ee24514fb6a5489e51d06f0298?s=96&d=mm&r=g\",\"url\":\"https:\\\/\\\/secure.gravatar.com\\\/avatar\\\/7ce1f28c0c3bbac99ff550b85ef8e44a6950c6ee24514fb6a5489e51d06f0298?s=96&d=mm&r=g\",\"contentUrl\":\"https:\\\/\\\/secure.gravatar.com\\\/avatar\\\/7ce1f28c0c3bbac99ff550b85ef8e44a6950c6ee24514fb6a5489e51d06f0298?s=96&d=mm&r=g\",\"caption\":\"webdo.tn\"},\"url\":\"https:\\\/\\\/www.webdo.tn\\\/fr\\\/actualite\\\/author\\\/webdotn\\\/\"}]}<\/script>\n<!-- \/ Yoast SEO Premium plugin. -->","yoast_head_json":{"title":"Le retour dans les \u00e9coles du chocolat \u00e0 effet\u2026 politique !?","description":"Le retour dans les \u00e9coles du chocolat \u00e0 effet\u2026 politique !?","canonical":"https:\/\/www.webdo.tn\/fr\/actualite\/divers\/le-retour-dans-les-ecoles-du-chocolat-a-effet-politique\/178547\/","og_locale":"fr_FR","og_type":"article","og_title":"Le retour dans les \u00e9coles du chocolat \u00e0 effet\u2026 \"politique\" !?","og_description":"Le retour dans les \u00e9coles du chocolat \u00e0 effet\u2026 politique !?","og_url":"https:\/\/www.webdo.tn\/fr\/actualite\/divers\/le-retour-dans-les-ecoles-du-chocolat-a-effet-politique\/178547\/","og_site_name":"webdo","article_publisher":"https:\/\/www.facebook.com\/webdotn","article_published_time":"2012-05-15T12:01:00+00:00","article_modified_time":"2025-06-04T18:56:50+00:00","og_image":[{"width":300,"height":245,"url":"https:\/\/www.webdo.tn\/fr\/wp-content\/uploads\/2012\/05\/Gabes-photo-investintunisia.tn_.gif","type":"image\/gif"}],"author":"webdo.tn","twitter_card":"summary_large_image","twitter_creator":"@webdo_tn","twitter_site":"@webdo_tn","twitter_misc":{"\u00c9crit par":"webdo.tn","Dur\u00e9e de lecture estim\u00e9e":"2 minutes"},"schema":{"@context":"https:\/\/schema.org","@graph":[{"@type":"NewsArticle","@id":"https:\/\/www.webdo.tn\/fr\/actualite\/divers\/le-retour-dans-les-ecoles-du-chocolat-a-effet-politique\/178547\/#article","isPartOf":{"@id":"https:\/\/www.webdo.tn\/fr\/actualite\/divers\/le-retour-dans-les-ecoles-du-chocolat-a-effet-politique\/178547\/"},"author":{"name":"webdo.tn","@id":"https:\/\/www.webdo.tn\/fr\/#\/schema\/person\/9a9c6118d687c117df8ef3cc36a4d175"},"headline":"Le retour dans les \u00e9coles du chocolat \u00e0 effet\u2026 \u00ab\u00a0politique\u00a0\u00bb !?","datePublished":"2012-05-15T12:01:00+00:00","dateModified":"2025-06-04T18:56:50+00:00","mainEntityOfPage":{"@id":"https:\/\/www.webdo.tn\/fr\/actualite\/divers\/le-retour-dans-les-ecoles-du-chocolat-a-effet-politique\/178547\/"},"wordCount":372,"commentCount":0,"publisher":{"@id":"https:\/\/www.webdo.tn\/fr\/#organization"},"image":{"@id":"https:\/\/www.webdo.tn\/fr\/actualite\/divers\/le-retour-dans-les-ecoles-du-chocolat-a-effet-politique\/178547\/#primaryimage"},"thumbnailUrl":"https:\/\/www.webdo.tn\/fr\/wp-content\/uploads\/2012\/05\/Gabes-photo-investintunisia.tn_.gif","articleSection":["Divers"],"inLanguage":"fr-FR"},{"@type":"WebPage","@id":"https:\/\/www.webdo.tn\/fr\/actualite\/divers\/le-retour-dans-les-ecoles-du-chocolat-a-effet-politique\/178547\/","url":"https:\/\/www.webdo.tn\/fr\/actualite\/divers\/le-retour-dans-les-ecoles-du-chocolat-a-effet-politique\/178547\/","name":"Le retour dans les \u00e9coles du chocolat \u00e0 effet\u2026 politique !?","isPartOf":{"@id":"https:\/\/www.webdo.tn\/fr\/#website"},"primaryImageOfPage":{"@id":"https:\/\/www.webdo.tn\/fr\/actualite\/divers\/le-retour-dans-les-ecoles-du-chocolat-a-effet-politique\/178547\/#primaryimage"},"image":{"@id":"https:\/\/www.webdo.tn\/fr\/actualite\/divers\/le-retour-dans-les-ecoles-du-chocolat-a-effet-politique\/178547\/#primaryimage"},"thumbnailUrl":"https:\/\/www.webdo.tn\/fr\/wp-content\/uploads\/2012\/05\/Gabes-photo-investintunisia.tn_.gif","datePublished":"2012-05-15T12:01:00+00:00","dateModified":"2025-06-04T18:56:50+00:00","description":"Le retour dans les \u00e9coles du chocolat \u00e0 effet\u2026 politique !?","breadcrumb":{"@id":"https:\/\/www.webdo.tn\/fr\/actualite\/divers\/le-retour-dans-les-ecoles-du-chocolat-a-effet-politique\/178547\/#breadcrumb"},"inLanguage":"fr-FR","potentialAction":[{"@type":"ReadAction","target":["https:\/\/www.webdo.tn\/fr\/actualite\/divers\/le-retour-dans-les-ecoles-du-chocolat-a-effet-politique\/178547\/"]}]},{"@type":"ImageObject","inLanguage":"fr-FR","@id":"https:\/\/www.webdo.tn\/fr\/actualite\/divers\/le-retour-dans-les-ecoles-du-chocolat-a-effet-politique\/178547\/#primaryimage","url":"https:\/\/www.webdo.tn\/fr\/wp-content\/uploads\/2012\/05\/Gabes-photo-investintunisia.tn_.gif","contentUrl":"https:\/\/www.webdo.tn\/fr\/wp-content\/uploads\/2012\/05\/Gabes-photo-investintunisia.tn_.gif","width":300,"height":245,"caption":"Le retour dans les \u00e9coles du chocolat \u00e0 effet\u2026 \"politique\" !?"},{"@type":"BreadcrumbList","@id":"https:\/\/www.webdo.tn\/fr\/actualite\/divers\/le-retour-dans-les-ecoles-du-chocolat-a-effet-politique\/178547\/#breadcrumb","itemListElement":[{"@type":"ListItem","position":1,"name":"Accueil","item":"https:\/\/www.webdo.tn\/fr\/"},{"@type":"ListItem","position":2,"name":"Le retour dans les \u00e9coles du chocolat \u00e0 effet\u2026 \u00ab\u00a0politique\u00a0\u00bb !?"}]},{"@type":"WebSite","@id":"https:\/\/www.webdo.tn\/fr\/#website","url":"https:\/\/www.webdo.tn\/fr\/","name":"webdo","description":"Tunisie - News en Tunisie et \u00e0 l&#039;international sur Webdo.tn","publisher":{"@id":"https:\/\/www.webdo.tn\/fr\/#organization"},"potentialAction":[{"@type":"SearchAction","target":{"@type":"EntryPoint","urlTemplate":"https:\/\/www.webdo.tn\/fr\/?s={search_term_string}"},"query-input":{"@type":"PropertyValueSpecification","valueRequired":true,"valueName":"search_term_string"}}],"inLanguage":"fr-FR"},{"@type":"Organization","@id":"https:\/\/www.webdo.tn\/fr\/#organization","name":"Webdo","alternateName":"Webdo.tn","url":"https:\/\/www.webdo.tn\/fr\/","logo":{"@type":"ImageObject","inLanguage":"fr-FR","@id":"https:\/\/www.webdo.tn\/fr\/#\/schema\/logo\/image\/","url":"https:\/\/www.webdo.tn\/fr\/wp-content\/uploads\/2025\/06\/Webdo-Tunisie_168377.jpg","contentUrl":"https:\/\/www.webdo.tn\/fr\/wp-content\/uploads\/2025\/06\/Webdo-Tunisie_168377.jpg","width":301,"height":301,"caption":"Webdo"},"image":{"@id":"https:\/\/www.webdo.tn\/fr\/#\/schema\/logo\/image\/"},"sameAs":["https:\/\/www.facebook.com\/webdotn","https:\/\/x.com\/webdo_tn"],"description":"Webdo est un m\u00e9dia num\u00e9rique tunisien fond\u00e9 en 2010, sp\u00e9cialis\u00e9 dans l\u2019actualit\u00e9 nationale et internationale, l\u2019\u00e9conomie, la soci\u00e9t\u00e9 et les analyses politiques. Le site s\u2019adresse \u00e0 un large public francophone et couvre l\u2019information tunisienne en temps r\u00e9el.","email":"redac@webdo.tn","legalName":"YNJ SARL","foundingDate":"2010-09-06","numberOfEmployees":{"@type":"QuantitativeValue","minValue":"11","maxValue":"50"}},{"@type":"Person","@id":"https:\/\/www.webdo.tn\/fr\/#\/schema\/person\/9a9c6118d687c117df8ef3cc36a4d175","name":"webdo.tn","image":{"@type":"ImageObject","inLanguage":"fr-FR","@id":"https:\/\/secure.gravatar.com\/avatar\/7ce1f28c0c3bbac99ff550b85ef8e44a6950c6ee24514fb6a5489e51d06f0298?s=96&d=mm&r=g","url":"https:\/\/secure.gravatar.com\/avatar\/7ce1f28c0c3bbac99ff550b85ef8e44a6950c6ee24514fb6a5489e51d06f0298?s=96&d=mm&r=g","contentUrl":"https:\/\/secure.gravatar.com\/avatar\/7ce1f28c0c3bbac99ff550b85ef8e44a6950c6ee24514fb6a5489e51d06f0298?s=96&d=mm&r=g","caption":"webdo.tn"},"url":"https:\/\/www.webdo.tn\/fr\/actualite\/author\/webdotn\/"}]}},"_links":{"self":[{"href":"https:\/\/www.webdo.tn\/fr\/wp-json\/wp\/v2\/posts\/178547","targetHints":{"allow":["GET"]}}],"collection":[{"href":"https:\/\/www.webdo.tn\/fr\/wp-json\/wp\/v2\/posts"}],"about":[{"href":"https:\/\/www.webdo.tn\/fr\/wp-json\/wp\/v2\/types\/post"}],"author":[{"embeddable":true,"href":"https:\/\/www.webdo.tn\/fr\/wp-json\/wp\/v2\/users\/3222"}],"replies":[{"embeddable":true,"href":"https:\/\/www.webdo.tn\/fr\/wp-json\/wp\/v2\/comments?post=178547"}],"version-history":[{"count":0,"href":"https:\/\/www.webdo.tn\/fr\/wp-json\/wp\/v2\/posts\/178547\/revisions"}],"wp:featuredmedia":[{"embeddable":true,"href":"https:\/\/www.webdo.tn\/fr\/wp-json\/wp\/v2\/media\/334136"}],"wp:attachment":[{"href":"https:\/\/www.webdo.tn\/fr\/wp-json\/wp\/v2\/media?parent=178547"}],"wp:term":[{"taxonomy":"category","embeddable":true,"href":"https:\/\/www.webdo.tn\/fr\/wp-json\/wp\/v2\/categories?post=178547"},{"taxonomy":"post_tag","embeddable":true,"href":"https:\/\/www.webdo.tn\/fr\/wp-json\/wp\/v2\/tags?post=178547"}],"curies":[{"name":"wp","href":"https:\/\/api.w.org\/{rel}","templated":true}]}}