{"id":178361,"date":"2011-11-19T22:06:00","date_gmt":"2011-11-19T22:06:00","guid":{"rendered":"https:\/\/www.webdo.tn\/fr\/blog\/finale-aller-de-la-coupe-de-la-caf-le-ca-prend-option-pour-le-sacre-mais\/178361\/"},"modified":"2011-11-19T22:06:00","modified_gmt":"2011-11-19T22:06:00","slug":"finale-aller-de-la-coupe-de-la-caf-le-ca-prend-option-pour-le-sacre-mais","status":"publish","type":"post","link":"https:\/\/www.webdo.tn\/fr\/actualite\/sport\/finale-aller-de-la-coupe-de-la-caf-le-ca-prend-option-pour-le-sacre-mais\/178361\/","title":{"rendered":"Finale aller de la coupe de la CAF : le CA prend option pour le sacre\u2026 mais\u2026 !"},"content":{"rendered":"<p>Devant plus de 50 000 spectateurs acquis \u00e0 la cause du club de Bab Jedid, et dans une ar\u00e8ne qui a retrouv\u00e9 son \u00e9clat, les poulains de Faouzi Benzarti ont remport\u00e9 la premi\u00e8re manche de la coupe de la CAF.<\/p>\n<p>Une victoire pr\u00e9cieuse, mais qui aurait pu \u00eatre plus lourde si la transversale n\u2019avait pas renvoy\u00e9 le tir de Wajdi Mechergui entr\u00e9 en seconde p\u00e9riode \u00e0 la place de Youssef Mouihbi qui n\u2019a toujours pas retrouv\u00e9 ses sensations.<\/p>\n<p>Sc\u00e9nario on ne plus favorable aux camarades de Ben Ayoub qui prennent d\u2019embl\u00e9e le jeu \u00e0 leur compte, un ascendant couronn\u00e9 par un superbe but d\u2019Alexis Mendomo. On jouait la 8\u2019 de la rencontre, et une telle entame est de nature \u00e0 lib\u00e9rer les joueurs et \u00e0 leur enlever la pression inh\u00e9rente \u00e0 ce genre de choc. Mais c\u2019est plut\u00f4t le contraire qui s\u2019est produit. Les Marocains ne se laissent pas impressionner et s\u2019en vont poser leur jeu r\u00e9fl\u00e9chi. Gr\u00e2ce \u00e0 une bonne circulation de la balle, ils font jeu \u00e9gal avec leur adversaire. Cependant, force est de constater que leur ma\u00eetrise ne leur permet pas d\u2019inqui\u00e9ter Ben Ayoub, excellemment d\u00e9fendu par une arri\u00e8re-garde aux aguets. Bilel Ifa, meilleur clubiste, en est une illustration \u00e9loquente ; il n\u2019h\u00e9sitera d\u2019ailleurs pas \u00e0 cr\u00e9er le surnombre num\u00e9rique gr\u00e2ce \u00e0 ces mont\u00e9es. Si Alexis et Ziadi tirent leur \u00e9pingle du jeu, en revanche Reguei et Mouihbi demeurent le talon d\u2019Achille de l\u2019entrejeu clubiste. Seul Dhaouadi a constitu\u00e9 un danger constant pour les Marocains. N\u2019e\u00fbt \u00e9t\u00e9 la vigilance du gardien, le feu follet international aurait doubl\u00e9 la marque sur un coup franc bien bott\u00e9, quelques minutes apr\u00e8s l\u2019ouverture du score.<\/p>\n<p>La seconde p\u00e9riode ne fut pas de tout repos pour le CA. Le MAS se jette \u00e0 corps perdu dans la bataille et Hamza Abou Razzouk fait trembler les trav\u00e9es de Rad\u00e8s \u00e0 deux reprises, en \u00e9tant \u00e0 deux doigts de remettre les pendules \u00e0 l\u2019heure. L\u2019expulsion de l\u2019arri\u00e8re axial marocain \u00e0 la 60\u2019 n\u2019a pas eu l\u2019effet escompt\u00e9. L\u2019inf\u00e9riorit\u00e9 num\u00e9rique des visiteurs les a curieusement galvanis\u00e9s. Les joueurs du CA ont paru comme timor\u00e9s, c\u00e9dant du terrain devant des Marocains de plus en plus mena\u00e7ants.<\/p>\n<p>En d\u00e9finitive, le CA \u00ab remporte une victoire pr\u00e9cieuse \u00bb commente Lotfi Rouissi au sifflet final, avant d\u2019ajouter que \u00ab l\u2019essentiel est de n\u2019avoir pas encaiss\u00e9 de but \u00bb. Attitude parfaitement lucide qui n\u2019emp\u00eache pas de dire que la manche retour au Maroc le 4 d\u00e9cembre prochain ne sera pas une sin\u00e9cure. Croisons les doigts pour les \u00ab Rouge et Blanc \u00bb.<\/p>\n","protected":false},"excerpt":{"rendered":"<p>Finale aller de la coupe de la CAF : le CA prend option pour le sacre\u2026 mais\u2026 !<\/p>\n","protected":false},"author":3222,"featured_media":333923,"comment_status":"open","ping_status":"closed","sticky":false,"template":"","format":"standard","meta":{"footnotes":""},"categories":[2593],"tags":[2600],"class_list":["post-178361","post","type-post","status-publish","format-standard","has-post-thumbnail","hentry","category-sport","tag-guerre"],"yoast_head":"<!-- This site is optimized with the Yoast SEO Premium plugin v27.5 (Yoast SEO v27.5) - https:\/\/yoast.com\/product\/yoast-seo-premium-wordpress\/ -->\n<title>Finale aller de la coupe de la CAF : le CA prend option pour le sacre\u2026 mais\u2026 !<\/title>\n<meta name=\"description\" content=\"Finale aller de la coupe de la CAF : le CA prend option pour le sacre\u2026 mais\u2026 !\" \/>\n<link rel=\"canonical\" href=\"https:\/\/www.webdo.tn\/fr\/actualite\/sport\/finale-aller-de-la-coupe-de-la-caf-le-ca-prend-option-pour-le-sacre-mais\/178361\/\" \/>\n<meta property=\"og:locale\" content=\"fr_FR\" \/>\n<meta property=\"og:type\" content=\"article\" \/>\n<meta property=\"og:title\" content=\"Finale aller de la coupe de la CAF : le CA prend option pour le sacre\u2026 mais\u2026 !\" \/>\n<meta property=\"og:description\" content=\"Finale aller de la coupe de la CAF : le CA prend option pour le sacre\u2026 mais\u2026 !\" \/>\n<meta property=\"og:url\" content=\"https:\/\/www.webdo.tn\/fr\/actualite\/sport\/finale-aller-de-la-coupe-de-la-caf-le-ca-prend-option-pour-le-sacre-mais\/178361\/\" \/>\n<meta property=\"og:site_name\" content=\"webdo\" \/>\n<meta property=\"article:publisher\" content=\"https:\/\/www.facebook.com\/webdotn\" \/>\n<meta property=\"article:published_time\" content=\"2011-11-19T22:06:00+00:00\" \/>\n<meta property=\"og:image\" content=\"https:\/\/www.webdo.tn\/fr\/wp-content\/uploads\/2011\/11\/Club-Africain-photo-footafrica365.fr_.jpg\" \/>\n\t<meta property=\"og:image:width\" content=\"399\" \/>\n\t<meta property=\"og:image:height\" content=\"226\" \/>\n\t<meta property=\"og:image:type\" content=\"image\/jpeg\" \/>\n<meta name=\"author\" content=\"webdo.tn\" \/>\n<meta name=\"twitter:card\" content=\"summary_large_image\" \/>\n<meta name=\"twitter:creator\" content=\"@webdo_tn\" \/>\n<meta name=\"twitter:site\" content=\"@webdo_tn\" \/>\n<meta name=\"twitter:label1\" content=\"\u00c9crit par\" \/>\n\t<meta name=\"twitter:data1\" content=\"webdo.tn\" \/>\n\t<meta name=\"twitter:label2\" content=\"Dur\u00e9e de lecture estim\u00e9e\" \/>\n\t<meta name=\"twitter:data2\" content=\"2 minutes\" \/>\n<script type=\"application\/ld+json\" class=\"yoast-schema-graph\">{\"@context\":\"https:\\\/\\\/schema.org\",\"@graph\":[{\"@type\":\"NewsArticle\",\"@id\":\"https:\\\/\\\/www.webdo.tn\\\/fr\\\/actualite\\\/sport\\\/finale-aller-de-la-coupe-de-la-caf-le-ca-prend-option-pour-le-sacre-mais\\\/178361\\\/#article\",\"isPartOf\":{\"@id\":\"https:\\\/\\\/www.webdo.tn\\\/fr\\\/actualite\\\/sport\\\/finale-aller-de-la-coupe-de-la-caf-le-ca-prend-option-pour-le-sacre-mais\\\/178361\\\/\"},\"author\":{\"name\":\"webdo.tn\",\"@id\":\"https:\\\/\\\/www.webdo.tn\\\/fr\\\/#\\\/schema\\\/person\\\/9a9c6118d687c117df8ef3cc36a4d175\"},\"headline\":\"Finale aller de la coupe de la CAF : le CA prend option pour le sacre\u2026 mais\u2026 !\",\"datePublished\":\"2011-11-19T22:06:00+00:00\",\"mainEntityOfPage\":{\"@id\":\"https:\\\/\\\/www.webdo.tn\\\/fr\\\/actualite\\\/sport\\\/finale-aller-de-la-coupe-de-la-caf-le-ca-prend-option-pour-le-sacre-mais\\\/178361\\\/\"},\"wordCount\":474,\"commentCount\":0,\"publisher\":{\"@id\":\"https:\\\/\\\/www.webdo.tn\\\/fr\\\/#organization\"},\"image\":{\"@id\":\"https:\\\/\\\/www.webdo.tn\\\/fr\\\/actualite\\\/sport\\\/finale-aller-de-la-coupe-de-la-caf-le-ca-prend-option-pour-le-sacre-mais\\\/178361\\\/#primaryimage\"},\"thumbnailUrl\":\"https:\\\/\\\/www.webdo.tn\\\/fr\\\/wp-content\\\/uploads\\\/2011\\\/11\\\/Club-Africain-photo-footafrica365.fr_.jpg\",\"keywords\":[\"guerre\"],\"articleSection\":[\"Sport\"],\"inLanguage\":\"fr-FR\"},{\"@type\":\"WebPage\",\"@id\":\"https:\\\/\\\/www.webdo.tn\\\/fr\\\/actualite\\\/sport\\\/finale-aller-de-la-coupe-de-la-caf-le-ca-prend-option-pour-le-sacre-mais\\\/178361\\\/\",\"url\":\"https:\\\/\\\/www.webdo.tn\\\/fr\\\/actualite\\\/sport\\\/finale-aller-de-la-coupe-de-la-caf-le-ca-prend-option-pour-le-sacre-mais\\\/178361\\\/\",\"name\":\"Finale aller de la coupe de la CAF : le CA prend option pour le sacre\u2026 mais\u2026 !\",\"isPartOf\":{\"@id\":\"https:\\\/\\\/www.webdo.tn\\\/fr\\\/#website\"},\"primaryImageOfPage\":{\"@id\":\"https:\\\/\\\/www.webdo.tn\\\/fr\\\/actualite\\\/sport\\\/finale-aller-de-la-coupe-de-la-caf-le-ca-prend-option-pour-le-sacre-mais\\\/178361\\\/#primaryimage\"},\"image\":{\"@id\":\"https:\\\/\\\/www.webdo.tn\\\/fr\\\/actualite\\\/sport\\\/finale-aller-de-la-coupe-de-la-caf-le-ca-prend-option-pour-le-sacre-mais\\\/178361\\\/#primaryimage\"},\"thumbnailUrl\":\"https:\\\/\\\/www.webdo.tn\\\/fr\\\/wp-content\\\/uploads\\\/2011\\\/11\\\/Club-Africain-photo-footafrica365.fr_.jpg\",\"datePublished\":\"2011-11-19T22:06:00+00:00\",\"description\":\"Finale aller de la coupe de la CAF : le CA prend option pour le sacre\u2026 mais\u2026 !\",\"breadcrumb\":{\"@id\":\"https:\\\/\\\/www.webdo.tn\\\/fr\\\/actualite\\\/sport\\\/finale-aller-de-la-coupe-de-la-caf-le-ca-prend-option-pour-le-sacre-mais\\\/178361\\\/#breadcrumb\"},\"inLanguage\":\"fr-FR\",\"potentialAction\":[{\"@type\":\"ReadAction\",\"target\":[\"https:\\\/\\\/www.webdo.tn\\\/fr\\\/actualite\\\/sport\\\/finale-aller-de-la-coupe-de-la-caf-le-ca-prend-option-pour-le-sacre-mais\\\/178361\\\/\"]}]},{\"@type\":\"ImageObject\",\"inLanguage\":\"fr-FR\",\"@id\":\"https:\\\/\\\/www.webdo.tn\\\/fr\\\/actualite\\\/sport\\\/finale-aller-de-la-coupe-de-la-caf-le-ca-prend-option-pour-le-sacre-mais\\\/178361\\\/#primaryimage\",\"url\":\"https:\\\/\\\/www.webdo.tn\\\/fr\\\/wp-content\\\/uploads\\\/2011\\\/11\\\/Club-Africain-photo-footafrica365.fr_.jpg\",\"contentUrl\":\"https:\\\/\\\/www.webdo.tn\\\/fr\\\/wp-content\\\/uploads\\\/2011\\\/11\\\/Club-Africain-photo-footafrica365.fr_.jpg\",\"width\":399,\"height\":226,\"caption\":\"Finale aller de la coupe de la CAF : le CA prend option pour le sacre\u2026 mais\u2026 !\"},{\"@type\":\"BreadcrumbList\",\"@id\":\"https:\\\/\\\/www.webdo.tn\\\/fr\\\/actualite\\\/sport\\\/finale-aller-de-la-coupe-de-la-caf-le-ca-prend-option-pour-le-sacre-mais\\\/178361\\\/#breadcrumb\",\"itemListElement\":[{\"@type\":\"ListItem\",\"position\":1,\"name\":\"Accueil\",\"item\":\"https:\\\/\\\/www.webdo.tn\\\/fr\\\/\"},{\"@type\":\"ListItem\",\"position\":2,\"name\":\"Finale aller de la coupe de la CAF : le CA prend option pour le sacre\u2026 mais\u2026 !\"}]},{\"@type\":\"WebSite\",\"@id\":\"https:\\\/\\\/www.webdo.tn\\\/fr\\\/#website\",\"url\":\"https:\\\/\\\/www.webdo.tn\\\/fr\\\/\",\"name\":\"webdo\",\"description\":\"Tunisie - News en Tunisie et \u00e0 l&#039;international sur Webdo.tn\",\"publisher\":{\"@id\":\"https:\\\/\\\/www.webdo.tn\\\/fr\\\/#organization\"},\"potentialAction\":[{\"@type\":\"SearchAction\",\"target\":{\"@type\":\"EntryPoint\",\"urlTemplate\":\"https:\\\/\\\/www.webdo.tn\\\/fr\\\/?s={search_term_string}\"},\"query-input\":{\"@type\":\"PropertyValueSpecification\",\"valueRequired\":true,\"valueName\":\"search_term_string\"}}],\"inLanguage\":\"fr-FR\"},{\"@type\":\"Organization\",\"@id\":\"https:\\\/\\\/www.webdo.tn\\\/fr\\\/#organization\",\"name\":\"Webdo\",\"alternateName\":\"Webdo.tn\",\"url\":\"https:\\\/\\\/www.webdo.tn\\\/fr\\\/\",\"logo\":{\"@type\":\"ImageObject\",\"inLanguage\":\"fr-FR\",\"@id\":\"https:\\\/\\\/www.webdo.tn\\\/fr\\\/#\\\/schema\\\/logo\\\/image\\\/\",\"url\":\"https:\\\/\\\/www.webdo.tn\\\/fr\\\/wp-content\\\/uploads\\\/2025\\\/06\\\/Webdo-Tunisie_168377.jpg\",\"contentUrl\":\"https:\\\/\\\/www.webdo.tn\\\/fr\\\/wp-content\\\/uploads\\\/2025\\\/06\\\/Webdo-Tunisie_168377.jpg\",\"width\":301,\"height\":301,\"caption\":\"Webdo\"},\"image\":{\"@id\":\"https:\\\/\\\/www.webdo.tn\\\/fr\\\/#\\\/schema\\\/logo\\\/image\\\/\"},\"sameAs\":[\"https:\\\/\\\/www.facebook.com\\\/webdotn\",\"https:\\\/\\\/x.com\\\/webdo_tn\"],\"description\":\"Webdo est un m\u00e9dia num\u00e9rique tunisien fond\u00e9 en 2010, sp\u00e9cialis\u00e9 dans l\u2019actualit\u00e9 nationale et internationale, l\u2019\u00e9conomie, la soci\u00e9t\u00e9 et les analyses politiques. Le site s\u2019adresse \u00e0 un large public francophone et couvre l\u2019information tunisienne en temps r\u00e9el.\",\"email\":\"redac@webdo.tn\",\"legalName\":\"YNJ SARL\",\"foundingDate\":\"2010-09-06\",\"numberOfEmployees\":{\"@type\":\"QuantitativeValue\",\"minValue\":\"11\",\"maxValue\":\"50\"}},{\"@type\":\"Person\",\"@id\":\"https:\\\/\\\/www.webdo.tn\\\/fr\\\/#\\\/schema\\\/person\\\/9a9c6118d687c117df8ef3cc36a4d175\",\"name\":\"webdo.tn\",\"image\":{\"@type\":\"ImageObject\",\"inLanguage\":\"fr-FR\",\"@id\":\"https:\\\/\\\/secure.gravatar.com\\\/avatar\\\/7ce1f28c0c3bbac99ff550b85ef8e44a6950c6ee24514fb6a5489e51d06f0298?s=96&d=mm&r=g\",\"url\":\"https:\\\/\\\/secure.gravatar.com\\\/avatar\\\/7ce1f28c0c3bbac99ff550b85ef8e44a6950c6ee24514fb6a5489e51d06f0298?s=96&d=mm&r=g\",\"contentUrl\":\"https:\\\/\\\/secure.gravatar.com\\\/avatar\\\/7ce1f28c0c3bbac99ff550b85ef8e44a6950c6ee24514fb6a5489e51d06f0298?s=96&d=mm&r=g\",\"caption\":\"webdo.tn\"},\"url\":\"https:\\\/\\\/www.webdo.tn\\\/fr\\\/actualite\\\/author\\\/webdotn\\\/\"}]}<\/script>\n<!-- \/ Yoast SEO Premium plugin. -->","yoast_head_json":{"title":"Finale aller de la coupe de la CAF : le CA prend option pour le sacre\u2026 mais\u2026 !","description":"Finale aller de la coupe de la CAF : le CA prend option pour le sacre\u2026 mais\u2026 !","canonical":"https:\/\/www.webdo.tn\/fr\/actualite\/sport\/finale-aller-de-la-coupe-de-la-caf-le-ca-prend-option-pour-le-sacre-mais\/178361\/","og_locale":"fr_FR","og_type":"article","og_title":"Finale aller de la coupe de la CAF : le CA prend option pour le sacre\u2026 mais\u2026 !","og_description":"Finale aller de la coupe de la CAF : le CA prend option pour le sacre\u2026 mais\u2026 !","og_url":"https:\/\/www.webdo.tn\/fr\/actualite\/sport\/finale-aller-de-la-coupe-de-la-caf-le-ca-prend-option-pour-le-sacre-mais\/178361\/","og_site_name":"webdo","article_publisher":"https:\/\/www.facebook.com\/webdotn","article_published_time":"2011-11-19T22:06:00+00:00","og_image":[{"width":399,"height":226,"url":"https:\/\/www.webdo.tn\/fr\/wp-content\/uploads\/2011\/11\/Club-Africain-photo-footafrica365.fr_.jpg","type":"image\/jpeg"}],"author":"webdo.tn","twitter_card":"summary_large_image","twitter_creator":"@webdo_tn","twitter_site":"@webdo_tn","twitter_misc":{"\u00c9crit par":"webdo.tn","Dur\u00e9e de lecture estim\u00e9e":"2 minutes"},"schema":{"@context":"https:\/\/schema.org","@graph":[{"@type":"NewsArticle","@id":"https:\/\/www.webdo.tn\/fr\/actualite\/sport\/finale-aller-de-la-coupe-de-la-caf-le-ca-prend-option-pour-le-sacre-mais\/178361\/#article","isPartOf":{"@id":"https:\/\/www.webdo.tn\/fr\/actualite\/sport\/finale-aller-de-la-coupe-de-la-caf-le-ca-prend-option-pour-le-sacre-mais\/178361\/"},"author":{"name":"webdo.tn","@id":"https:\/\/www.webdo.tn\/fr\/#\/schema\/person\/9a9c6118d687c117df8ef3cc36a4d175"},"headline":"Finale aller de la coupe de la CAF : le CA prend option pour le sacre\u2026 mais\u2026 !","datePublished":"2011-11-19T22:06:00+00:00","mainEntityOfPage":{"@id":"https:\/\/www.webdo.tn\/fr\/actualite\/sport\/finale-aller-de-la-coupe-de-la-caf-le-ca-prend-option-pour-le-sacre-mais\/178361\/"},"wordCount":474,"commentCount":0,"publisher":{"@id":"https:\/\/www.webdo.tn\/fr\/#organization"},"image":{"@id":"https:\/\/www.webdo.tn\/fr\/actualite\/sport\/finale-aller-de-la-coupe-de-la-caf-le-ca-prend-option-pour-le-sacre-mais\/178361\/#primaryimage"},"thumbnailUrl":"https:\/\/www.webdo.tn\/fr\/wp-content\/uploads\/2011\/11\/Club-Africain-photo-footafrica365.fr_.jpg","keywords":["guerre"],"articleSection":["Sport"],"inLanguage":"fr-FR"},{"@type":"WebPage","@id":"https:\/\/www.webdo.tn\/fr\/actualite\/sport\/finale-aller-de-la-coupe-de-la-caf-le-ca-prend-option-pour-le-sacre-mais\/178361\/","url":"https:\/\/www.webdo.tn\/fr\/actualite\/sport\/finale-aller-de-la-coupe-de-la-caf-le-ca-prend-option-pour-le-sacre-mais\/178361\/","name":"Finale aller de la coupe de la CAF : le CA prend option pour le sacre\u2026 mais\u2026 !","isPartOf":{"@id":"https:\/\/www.webdo.tn\/fr\/#website"},"primaryImageOfPage":{"@id":"https:\/\/www.webdo.tn\/fr\/actualite\/sport\/finale-aller-de-la-coupe-de-la-caf-le-ca-prend-option-pour-le-sacre-mais\/178361\/#primaryimage"},"image":{"@id":"https:\/\/www.webdo.tn\/fr\/actualite\/sport\/finale-aller-de-la-coupe-de-la-caf-le-ca-prend-option-pour-le-sacre-mais\/178361\/#primaryimage"},"thumbnailUrl":"https:\/\/www.webdo.tn\/fr\/wp-content\/uploads\/2011\/11\/Club-Africain-photo-footafrica365.fr_.jpg","datePublished":"2011-11-19T22:06:00+00:00","description":"Finale aller de la coupe de la CAF : le CA prend option pour le sacre\u2026 mais\u2026 !","breadcrumb":{"@id":"https:\/\/www.webdo.tn\/fr\/actualite\/sport\/finale-aller-de-la-coupe-de-la-caf-le-ca-prend-option-pour-le-sacre-mais\/178361\/#breadcrumb"},"inLanguage":"fr-FR","potentialAction":[{"@type":"ReadAction","target":["https:\/\/www.webdo.tn\/fr\/actualite\/sport\/finale-aller-de-la-coupe-de-la-caf-le-ca-prend-option-pour-le-sacre-mais\/178361\/"]}]},{"@type":"ImageObject","inLanguage":"fr-FR","@id":"https:\/\/www.webdo.tn\/fr\/actualite\/sport\/finale-aller-de-la-coupe-de-la-caf-le-ca-prend-option-pour-le-sacre-mais\/178361\/#primaryimage","url":"https:\/\/www.webdo.tn\/fr\/wp-content\/uploads\/2011\/11\/Club-Africain-photo-footafrica365.fr_.jpg","contentUrl":"https:\/\/www.webdo.tn\/fr\/wp-content\/uploads\/2011\/11\/Club-Africain-photo-footafrica365.fr_.jpg","width":399,"height":226,"caption":"Finale aller de la coupe de la CAF : le CA prend option pour le sacre\u2026 mais\u2026 !"},{"@type":"BreadcrumbList","@id":"https:\/\/www.webdo.tn\/fr\/actualite\/sport\/finale-aller-de-la-coupe-de-la-caf-le-ca-prend-option-pour-le-sacre-mais\/178361\/#breadcrumb","itemListElement":[{"@type":"ListItem","position":1,"name":"Accueil","item":"https:\/\/www.webdo.tn\/fr\/"},{"@type":"ListItem","position":2,"name":"Finale aller de la coupe de la CAF : le CA prend option pour le sacre\u2026 mais\u2026 !"}]},{"@type":"WebSite","@id":"https:\/\/www.webdo.tn\/fr\/#website","url":"https:\/\/www.webdo.tn\/fr\/","name":"webdo","description":"Tunisie - News en Tunisie et \u00e0 l&#039;international sur Webdo.tn","publisher":{"@id":"https:\/\/www.webdo.tn\/fr\/#organization"},"potentialAction":[{"@type":"SearchAction","target":{"@type":"EntryPoint","urlTemplate":"https:\/\/www.webdo.tn\/fr\/?s={search_term_string}"},"query-input":{"@type":"PropertyValueSpecification","valueRequired":true,"valueName":"search_term_string"}}],"inLanguage":"fr-FR"},{"@type":"Organization","@id":"https:\/\/www.webdo.tn\/fr\/#organization","name":"Webdo","alternateName":"Webdo.tn","url":"https:\/\/www.webdo.tn\/fr\/","logo":{"@type":"ImageObject","inLanguage":"fr-FR","@id":"https:\/\/www.webdo.tn\/fr\/#\/schema\/logo\/image\/","url":"https:\/\/www.webdo.tn\/fr\/wp-content\/uploads\/2025\/06\/Webdo-Tunisie_168377.jpg","contentUrl":"https:\/\/www.webdo.tn\/fr\/wp-content\/uploads\/2025\/06\/Webdo-Tunisie_168377.jpg","width":301,"height":301,"caption":"Webdo"},"image":{"@id":"https:\/\/www.webdo.tn\/fr\/#\/schema\/logo\/image\/"},"sameAs":["https:\/\/www.facebook.com\/webdotn","https:\/\/x.com\/webdo_tn"],"description":"Webdo est un m\u00e9dia num\u00e9rique tunisien fond\u00e9 en 2010, sp\u00e9cialis\u00e9 dans l\u2019actualit\u00e9 nationale et internationale, l\u2019\u00e9conomie, la soci\u00e9t\u00e9 et les analyses politiques. Le site s\u2019adresse \u00e0 un large public francophone et couvre l\u2019information tunisienne en temps r\u00e9el.","email":"redac@webdo.tn","legalName":"YNJ SARL","foundingDate":"2010-09-06","numberOfEmployees":{"@type":"QuantitativeValue","minValue":"11","maxValue":"50"}},{"@type":"Person","@id":"https:\/\/www.webdo.tn\/fr\/#\/schema\/person\/9a9c6118d687c117df8ef3cc36a4d175","name":"webdo.tn","image":{"@type":"ImageObject","inLanguage":"fr-FR","@id":"https:\/\/secure.gravatar.com\/avatar\/7ce1f28c0c3bbac99ff550b85ef8e44a6950c6ee24514fb6a5489e51d06f0298?s=96&d=mm&r=g","url":"https:\/\/secure.gravatar.com\/avatar\/7ce1f28c0c3bbac99ff550b85ef8e44a6950c6ee24514fb6a5489e51d06f0298?s=96&d=mm&r=g","contentUrl":"https:\/\/secure.gravatar.com\/avatar\/7ce1f28c0c3bbac99ff550b85ef8e44a6950c6ee24514fb6a5489e51d06f0298?s=96&d=mm&r=g","caption":"webdo.tn"},"url":"https:\/\/www.webdo.tn\/fr\/actualite\/author\/webdotn\/"}]}},"_links":{"self":[{"href":"https:\/\/www.webdo.tn\/fr\/wp-json\/wp\/v2\/posts\/178361","targetHints":{"allow":["GET"]}}],"collection":[{"href":"https:\/\/www.webdo.tn\/fr\/wp-json\/wp\/v2\/posts"}],"about":[{"href":"https:\/\/www.webdo.tn\/fr\/wp-json\/wp\/v2\/types\/post"}],"author":[{"embeddable":true,"href":"https:\/\/www.webdo.tn\/fr\/wp-json\/wp\/v2\/users\/3222"}],"replies":[{"embeddable":true,"href":"https:\/\/www.webdo.tn\/fr\/wp-json\/wp\/v2\/comments?post=178361"}],"version-history":[{"count":0,"href":"https:\/\/www.webdo.tn\/fr\/wp-json\/wp\/v2\/posts\/178361\/revisions"}],"wp:featuredmedia":[{"embeddable":true,"href":"https:\/\/www.webdo.tn\/fr\/wp-json\/wp\/v2\/media\/333923"}],"wp:attachment":[{"href":"https:\/\/www.webdo.tn\/fr\/wp-json\/wp\/v2\/media?parent=178361"}],"wp:term":[{"taxonomy":"category","embeddable":true,"href":"https:\/\/www.webdo.tn\/fr\/wp-json\/wp\/v2\/categories?post=178361"},{"taxonomy":"post_tag","embeddable":true,"href":"https:\/\/www.webdo.tn\/fr\/wp-json\/wp\/v2\/tags?post=178361"}],"curies":[{"name":"wp","href":"https:\/\/api.w.org\/{rel}","templated":true}]}}