{"id":178360,"date":"2011-11-25T09:32:00","date_gmt":"2011-11-25T09:32:00","guid":{"rendered":"https:\/\/www.webdo.tn\/fr\/blog\/entre-realite-et-fiction-maaloul-chiboub-la-reconciliation\/178360\/"},"modified":"2011-11-25T09:32:00","modified_gmt":"2011-11-25T09:32:00","slug":"entre-realite-et-fiction-maaloul-chiboub-la-reconciliation","status":"publish","type":"post","link":"https:\/\/www.webdo.tn\/fr\/actualite\/sport\/entre-realite-et-fiction-maaloul-chiboub-la-reconciliation\/178360\/","title":{"rendered":"Entre r\u00e9alit\u00e9 et fiction : Ma\u00e2loul \u2013 Chiboub, la r\u00e9conciliation ?"},"content":{"rendered":"<p>Aur\u00e9ol\u00e9 de son titre africain, Nabil Ma\u00e2loul, l\u2019heureux entra\u00eeneur de l\u2019Esp\u00e9rance de Tunis n\u2019est pas rancunier. Loin de l\u00e0 ! Dans une interview rapport\u00e9e par le site \u00e9lectronique Attounissia et reprise du journal \u00e9mirati Al-Bayane, Ma\u00e2loul, encore ivre du succ\u00e8s qui vient de frapper \u00e0 sa porte, n\u2019y va pas par quatre chemins pour distribuer des bouquets de fleurs \u00e0 tout le monde\u2026 Et m\u00eame \u00e0 Slim Chiboub, son ennemi d\u2019hier.<\/p>\n<p>Pourquoi donc ce revirement ? Mais est-ce vraiment un revirement ? Comme tout esp\u00e9rantiste, Ma\u00e2loul reconna\u00eet en Chiboub l\u2019homme qui a permis \u00e0 l\u2019Esp\u00e9rance de glaner des titres \u00e0 gogo. Qu\u2019ils soient en d\u00e9saccord ou non, c\u2019est une affaire d\u2019affinit\u00e9s entre deux hommes. Mais quand il s\u2019agit de l\u2019EST, tout dispara\u00eet, m\u00eame les plus grands conflits.<\/p>\n<p>Que le gendre de Ben Ali soit un voleur, qu\u2019il soit en fuite, qu\u2019il soit recherch\u00e9\u2026 qu\u2019importe, Chiboub reste esp\u00e9rantiste. Cela aurait d\u2019ailleurs \u00e9t\u00e9 in\u00e9l\u00e9gant de la part du \u00ab\u00a0Special One\u00a0\u00bb de marcher sur le cadavre de Chiboub. Et comme ce dernier est toujours adul\u00e9 par une certaine frange de supporters, il fallait bien marquer le coup ! \u00c0 moins que ce ne soit qu\u2019un coup de pub saupoudr\u00e9 d\u2019\u00e9pines \u00e0 destination de son ennemi jur\u00e9.<\/p>\n<p>Que l\u2019interview existe ou non, c\u2019est tout b\u00e9n\u00e9f pour Ma\u00e2loul qui reste ainsi sous les projecteurs apr\u00e8s la victoire en Champions League et avant la Coupe du monde des clubs o\u00f9 les Sang et Or affronteront peut-\u00eatre le Bar\u00e7a de Messi. Chiboub en avait r\u00eav\u00e9, Ma\u00e2loul l\u2019a fait ! Est-ce l\u00e0 le message que cherche \u00e0 diffuser l\u2019ancien adjoint de Lemerre ?<\/p>\n<p>Aujourd\u2019hui, une chose est certaine : Ma\u00e2loul est la star adul\u00e9e des Esp\u00e9rantistes et entre star d\u2019aujourd\u2019hui et celle d\u2019hier quoi de plus logique qu\u2019une chaleureuse poign\u00e9e de main !!! Tiens, en allant \u00e0 Osaka, Hamdi Meddeb devrait pr\u00e9voir une escale aux \u00c9mirats arabes unis afin de faire go\u00fbter \u00e0 Slim Chiboub les joies du sacre. Quoi de plus naturel de permettre \u00e0 l\u2019ancien homme fort d\u2019embrasser cette coupe qu\u2019il a tant d\u00e9sir\u00e9e.<\/p>\n<p>En juillet, lorsque l\u2019Esp\u00e9rance d\u00e9crochait un \u00e9ni\u00e8me championnat, une radio esp\u00e9rantiste rapportait la joie et le bonheur de Chiboub, lui qui a \u00e9t\u00e9 injustement priv\u00e9 de son Esp\u00e9rance. Aujourd\u2019hui, Ma\u00e2loul lui donne une nouvelle occasion de se d\u00e9lecter du sacre africain.<\/p>\n<p>En grand strat\u00e8ge \u2013 et c\u2019est bien pour \u00e7a qu\u2019il est sur le banc du club de Bab Souika \u2013 Ma\u00e2loul veut \u00eatre l\u2019homme du consensus, l\u2019unificateur\u2026<\/p>\n<p>Avant d\u2019aller provoquer ce diable de Messi, il compte bien se (re)mettre en harmonie avec ses couleurs, lui qui, par pic envers Chiboub a os\u00e9 porter le maillot de l\u2019ennemi clubiste. Est-ce donc pour se faire pardonner de ce blasph\u00e8me ou juste pour remettre Chiboub \u00e0 sa place ?<\/p>\n<p>Pauvre Aziz Zouhir dans tout \u00e7a\u2026 On remercie les pr\u00e9sidents de l\u2019Esp\u00e9rance\u2026 Tous sans exception et on oublie de citer Aziz Zouhir. Oui, Chiboub a os\u00e9 le faire par presse interpos\u00e9e il y a quelques ann\u00e9es.<\/p>\n<p>Aujourd\u2019hui, Ma\u00e2loul n\u2019a pas os\u00e9 vu qu\u2019il a offert sa coupe \u00e0 tous les pr\u00e9sidents esp\u00e9rantistes et m\u00eame \u00e0 ce fuyard de Chiboub.<br \/>\nMais dans quelles eaux troubles nage donc Ma\u00e2loul ?<\/p>\n","protected":false},"excerpt":{"rendered":"<p>Entre r\u00e9alit\u00e9 et fiction : Ma\u00e2loul \u2013 Chiboub, la r\u00e9conciliation ?<\/p>\n","protected":false},"author":3222,"featured_media":333914,"comment_status":"open","ping_status":"closed","sticky":false,"template":"","format":"standard","meta":{"footnotes":""},"categories":[2593],"tags":[2600],"class_list":["post-178360","post","type-post","status-publish","format-standard","has-post-thumbnail","hentry","category-sport","tag-guerre"],"yoast_head":"<!-- This site is optimized with the Yoast SEO Premium plugin v27.5 (Yoast SEO v27.5) - https:\/\/yoast.com\/product\/yoast-seo-premium-wordpress\/ -->\n<title>Entre r\u00e9alit\u00e9 et fiction : Ma\u00e2loul \u2013 Chiboub, la r\u00e9conciliation ?<\/title>\n<meta name=\"description\" content=\"Entre r\u00e9alit\u00e9 et fiction : Ma\u00e2loul \u2013 Chiboub, la r\u00e9conciliation ?\" \/>\n<link rel=\"canonical\" href=\"https:\/\/www.webdo.tn\/fr\/actualite\/sport\/entre-realite-et-fiction-maaloul-chiboub-la-reconciliation\/178360\/\" \/>\n<meta property=\"og:locale\" content=\"fr_FR\" \/>\n<meta property=\"og:type\" content=\"article\" \/>\n<meta property=\"og:title\" content=\"Entre r\u00e9alit\u00e9 et fiction : Ma\u00e2loul \u2013 Chiboub, la r\u00e9conciliation ?\" \/>\n<meta property=\"og:description\" content=\"Entre r\u00e9alit\u00e9 et fiction : Ma\u00e2loul \u2013 Chiboub, la r\u00e9conciliation ?\" \/>\n<meta property=\"og:url\" content=\"https:\/\/www.webdo.tn\/fr\/actualite\/sport\/entre-realite-et-fiction-maaloul-chiboub-la-reconciliation\/178360\/\" \/>\n<meta property=\"og:site_name\" content=\"webdo\" \/>\n<meta property=\"article:publisher\" content=\"https:\/\/www.facebook.com\/webdotn\" \/>\n<meta property=\"article:published_time\" content=\"2011-11-25T09:32:00+00:00\" \/>\n<meta property=\"og:image\" content=\"https:\/\/www.webdo.tn\/fr\/wp-content\/uploads\/2011\/11\/Nabil-Maaloul-Slim-Chiboub.jpg\" \/>\n\t<meta property=\"og:image:width\" content=\"290\" \/>\n\t<meta property=\"og:image:height\" content=\"184\" \/>\n\t<meta property=\"og:image:type\" content=\"image\/jpeg\" \/>\n<meta name=\"author\" content=\"webdo.tn\" \/>\n<meta name=\"twitter:card\" content=\"summary_large_image\" \/>\n<meta name=\"twitter:creator\" content=\"@webdo_tn\" \/>\n<meta name=\"twitter:site\" content=\"@webdo_tn\" \/>\n<meta name=\"twitter:label1\" content=\"\u00c9crit par\" \/>\n\t<meta name=\"twitter:data1\" content=\"webdo.tn\" \/>\n\t<meta name=\"twitter:label2\" content=\"Dur\u00e9e de lecture estim\u00e9e\" \/>\n\t<meta name=\"twitter:data2\" content=\"3 minutes\" \/>\n<script type=\"application\/ld+json\" class=\"yoast-schema-graph\">{\"@context\":\"https:\\\/\\\/schema.org\",\"@graph\":[{\"@type\":\"NewsArticle\",\"@id\":\"https:\\\/\\\/www.webdo.tn\\\/fr\\\/actualite\\\/sport\\\/entre-realite-et-fiction-maaloul-chiboub-la-reconciliation\\\/178360\\\/#article\",\"isPartOf\":{\"@id\":\"https:\\\/\\\/www.webdo.tn\\\/fr\\\/actualite\\\/sport\\\/entre-realite-et-fiction-maaloul-chiboub-la-reconciliation\\\/178360\\\/\"},\"author\":{\"name\":\"webdo.tn\",\"@id\":\"https:\\\/\\\/www.webdo.tn\\\/fr\\\/#\\\/schema\\\/person\\\/9a9c6118d687c117df8ef3cc36a4d175\"},\"headline\":\"Entre r\u00e9alit\u00e9 et fiction : Ma\u00e2loul \u2013 Chiboub, la r\u00e9conciliation ?\",\"datePublished\":\"2011-11-25T09:32:00+00:00\",\"mainEntityOfPage\":{\"@id\":\"https:\\\/\\\/www.webdo.tn\\\/fr\\\/actualite\\\/sport\\\/entre-realite-et-fiction-maaloul-chiboub-la-reconciliation\\\/178360\\\/\"},\"wordCount\":605,\"commentCount\":0,\"publisher\":{\"@id\":\"https:\\\/\\\/www.webdo.tn\\\/fr\\\/#organization\"},\"image\":{\"@id\":\"https:\\\/\\\/www.webdo.tn\\\/fr\\\/actualite\\\/sport\\\/entre-realite-et-fiction-maaloul-chiboub-la-reconciliation\\\/178360\\\/#primaryimage\"},\"thumbnailUrl\":\"https:\\\/\\\/www.webdo.tn\\\/fr\\\/wp-content\\\/uploads\\\/2011\\\/11\\\/Nabil-Maaloul-Slim-Chiboub.jpg\",\"keywords\":[\"guerre\"],\"articleSection\":[\"Sport\"],\"inLanguage\":\"fr-FR\"},{\"@type\":\"WebPage\",\"@id\":\"https:\\\/\\\/www.webdo.tn\\\/fr\\\/actualite\\\/sport\\\/entre-realite-et-fiction-maaloul-chiboub-la-reconciliation\\\/178360\\\/\",\"url\":\"https:\\\/\\\/www.webdo.tn\\\/fr\\\/actualite\\\/sport\\\/entre-realite-et-fiction-maaloul-chiboub-la-reconciliation\\\/178360\\\/\",\"name\":\"Entre r\u00e9alit\u00e9 et fiction : Ma\u00e2loul \u2013 Chiboub, la r\u00e9conciliation ?\",\"isPartOf\":{\"@id\":\"https:\\\/\\\/www.webdo.tn\\\/fr\\\/#website\"},\"primaryImageOfPage\":{\"@id\":\"https:\\\/\\\/www.webdo.tn\\\/fr\\\/actualite\\\/sport\\\/entre-realite-et-fiction-maaloul-chiboub-la-reconciliation\\\/178360\\\/#primaryimage\"},\"image\":{\"@id\":\"https:\\\/\\\/www.webdo.tn\\\/fr\\\/actualite\\\/sport\\\/entre-realite-et-fiction-maaloul-chiboub-la-reconciliation\\\/178360\\\/#primaryimage\"},\"thumbnailUrl\":\"https:\\\/\\\/www.webdo.tn\\\/fr\\\/wp-content\\\/uploads\\\/2011\\\/11\\\/Nabil-Maaloul-Slim-Chiboub.jpg\",\"datePublished\":\"2011-11-25T09:32:00+00:00\",\"description\":\"Entre r\u00e9alit\u00e9 et fiction : Ma\u00e2loul \u2013 Chiboub, la r\u00e9conciliation ?\",\"breadcrumb\":{\"@id\":\"https:\\\/\\\/www.webdo.tn\\\/fr\\\/actualite\\\/sport\\\/entre-realite-et-fiction-maaloul-chiboub-la-reconciliation\\\/178360\\\/#breadcrumb\"},\"inLanguage\":\"fr-FR\",\"potentialAction\":[{\"@type\":\"ReadAction\",\"target\":[\"https:\\\/\\\/www.webdo.tn\\\/fr\\\/actualite\\\/sport\\\/entre-realite-et-fiction-maaloul-chiboub-la-reconciliation\\\/178360\\\/\"]}]},{\"@type\":\"ImageObject\",\"inLanguage\":\"fr-FR\",\"@id\":\"https:\\\/\\\/www.webdo.tn\\\/fr\\\/actualite\\\/sport\\\/entre-realite-et-fiction-maaloul-chiboub-la-reconciliation\\\/178360\\\/#primaryimage\",\"url\":\"https:\\\/\\\/www.webdo.tn\\\/fr\\\/wp-content\\\/uploads\\\/2011\\\/11\\\/Nabil-Maaloul-Slim-Chiboub.jpg\",\"contentUrl\":\"https:\\\/\\\/www.webdo.tn\\\/fr\\\/wp-content\\\/uploads\\\/2011\\\/11\\\/Nabil-Maaloul-Slim-Chiboub.jpg\",\"width\":290,\"height\":184,\"caption\":\"Entre r\u00e9alit\u00e9 et fiction : Ma\u00e2loul \u2013 Chiboub, la r\u00e9conciliation ?\"},{\"@type\":\"BreadcrumbList\",\"@id\":\"https:\\\/\\\/www.webdo.tn\\\/fr\\\/actualite\\\/sport\\\/entre-realite-et-fiction-maaloul-chiboub-la-reconciliation\\\/178360\\\/#breadcrumb\",\"itemListElement\":[{\"@type\":\"ListItem\",\"position\":1,\"name\":\"Accueil\",\"item\":\"https:\\\/\\\/www.webdo.tn\\\/fr\\\/\"},{\"@type\":\"ListItem\",\"position\":2,\"name\":\"Entre r\u00e9alit\u00e9 et fiction : Ma\u00e2loul \u2013 Chiboub, la r\u00e9conciliation ?\"}]},{\"@type\":\"WebSite\",\"@id\":\"https:\\\/\\\/www.webdo.tn\\\/fr\\\/#website\",\"url\":\"https:\\\/\\\/www.webdo.tn\\\/fr\\\/\",\"name\":\"webdo\",\"description\":\"Tunisie - News en Tunisie et \u00e0 l&#039;international sur Webdo.tn\",\"publisher\":{\"@id\":\"https:\\\/\\\/www.webdo.tn\\\/fr\\\/#organization\"},\"potentialAction\":[{\"@type\":\"SearchAction\",\"target\":{\"@type\":\"EntryPoint\",\"urlTemplate\":\"https:\\\/\\\/www.webdo.tn\\\/fr\\\/?s={search_term_string}\"},\"query-input\":{\"@type\":\"PropertyValueSpecification\",\"valueRequired\":true,\"valueName\":\"search_term_string\"}}],\"inLanguage\":\"fr-FR\"},{\"@type\":\"Organization\",\"@id\":\"https:\\\/\\\/www.webdo.tn\\\/fr\\\/#organization\",\"name\":\"Webdo\",\"alternateName\":\"Webdo.tn\",\"url\":\"https:\\\/\\\/www.webdo.tn\\\/fr\\\/\",\"logo\":{\"@type\":\"ImageObject\",\"inLanguage\":\"fr-FR\",\"@id\":\"https:\\\/\\\/www.webdo.tn\\\/fr\\\/#\\\/schema\\\/logo\\\/image\\\/\",\"url\":\"https:\\\/\\\/www.webdo.tn\\\/fr\\\/wp-content\\\/uploads\\\/2025\\\/06\\\/Webdo-Tunisie_168377.jpg\",\"contentUrl\":\"https:\\\/\\\/www.webdo.tn\\\/fr\\\/wp-content\\\/uploads\\\/2025\\\/06\\\/Webdo-Tunisie_168377.jpg\",\"width\":301,\"height\":301,\"caption\":\"Webdo\"},\"image\":{\"@id\":\"https:\\\/\\\/www.webdo.tn\\\/fr\\\/#\\\/schema\\\/logo\\\/image\\\/\"},\"sameAs\":[\"https:\\\/\\\/www.facebook.com\\\/webdotn\",\"https:\\\/\\\/x.com\\\/webdo_tn\"],\"description\":\"Webdo est un m\u00e9dia num\u00e9rique tunisien fond\u00e9 en 2010, sp\u00e9cialis\u00e9 dans l\u2019actualit\u00e9 nationale et internationale, l\u2019\u00e9conomie, la soci\u00e9t\u00e9 et les analyses politiques. Le site s\u2019adresse \u00e0 un large public francophone et couvre l\u2019information tunisienne en temps r\u00e9el.\",\"email\":\"redac@webdo.tn\",\"legalName\":\"YNJ SARL\",\"foundingDate\":\"2010-09-06\",\"numberOfEmployees\":{\"@type\":\"QuantitativeValue\",\"minValue\":\"11\",\"maxValue\":\"50\"}},{\"@type\":\"Person\",\"@id\":\"https:\\\/\\\/www.webdo.tn\\\/fr\\\/#\\\/schema\\\/person\\\/9a9c6118d687c117df8ef3cc36a4d175\",\"name\":\"webdo.tn\",\"image\":{\"@type\":\"ImageObject\",\"inLanguage\":\"fr-FR\",\"@id\":\"https:\\\/\\\/secure.gravatar.com\\\/avatar\\\/7ce1f28c0c3bbac99ff550b85ef8e44a6950c6ee24514fb6a5489e51d06f0298?s=96&d=mm&r=g\",\"url\":\"https:\\\/\\\/secure.gravatar.com\\\/avatar\\\/7ce1f28c0c3bbac99ff550b85ef8e44a6950c6ee24514fb6a5489e51d06f0298?s=96&d=mm&r=g\",\"contentUrl\":\"https:\\\/\\\/secure.gravatar.com\\\/avatar\\\/7ce1f28c0c3bbac99ff550b85ef8e44a6950c6ee24514fb6a5489e51d06f0298?s=96&d=mm&r=g\",\"caption\":\"webdo.tn\"},\"url\":\"https:\\\/\\\/www.webdo.tn\\\/fr\\\/actualite\\\/author\\\/webdotn\\\/\"}]}<\/script>\n<!-- \/ Yoast SEO Premium plugin. -->","yoast_head_json":{"title":"Entre r\u00e9alit\u00e9 et fiction : Ma\u00e2loul \u2013 Chiboub, la r\u00e9conciliation ?","description":"Entre r\u00e9alit\u00e9 et fiction : Ma\u00e2loul \u2013 Chiboub, la r\u00e9conciliation ?","canonical":"https:\/\/www.webdo.tn\/fr\/actualite\/sport\/entre-realite-et-fiction-maaloul-chiboub-la-reconciliation\/178360\/","og_locale":"fr_FR","og_type":"article","og_title":"Entre r\u00e9alit\u00e9 et fiction : Ma\u00e2loul \u2013 Chiboub, la r\u00e9conciliation ?","og_description":"Entre r\u00e9alit\u00e9 et fiction : Ma\u00e2loul \u2013 Chiboub, la r\u00e9conciliation ?","og_url":"https:\/\/www.webdo.tn\/fr\/actualite\/sport\/entre-realite-et-fiction-maaloul-chiboub-la-reconciliation\/178360\/","og_site_name":"webdo","article_publisher":"https:\/\/www.facebook.com\/webdotn","article_published_time":"2011-11-25T09:32:00+00:00","og_image":[{"width":290,"height":184,"url":"https:\/\/www.webdo.tn\/fr\/wp-content\/uploads\/2011\/11\/Nabil-Maaloul-Slim-Chiboub.jpg","type":"image\/jpeg"}],"author":"webdo.tn","twitter_card":"summary_large_image","twitter_creator":"@webdo_tn","twitter_site":"@webdo_tn","twitter_misc":{"\u00c9crit par":"webdo.tn","Dur\u00e9e de lecture estim\u00e9e":"3 minutes"},"schema":{"@context":"https:\/\/schema.org","@graph":[{"@type":"NewsArticle","@id":"https:\/\/www.webdo.tn\/fr\/actualite\/sport\/entre-realite-et-fiction-maaloul-chiboub-la-reconciliation\/178360\/#article","isPartOf":{"@id":"https:\/\/www.webdo.tn\/fr\/actualite\/sport\/entre-realite-et-fiction-maaloul-chiboub-la-reconciliation\/178360\/"},"author":{"name":"webdo.tn","@id":"https:\/\/www.webdo.tn\/fr\/#\/schema\/person\/9a9c6118d687c117df8ef3cc36a4d175"},"headline":"Entre r\u00e9alit\u00e9 et fiction : Ma\u00e2loul \u2013 Chiboub, la r\u00e9conciliation ?","datePublished":"2011-11-25T09:32:00+00:00","mainEntityOfPage":{"@id":"https:\/\/www.webdo.tn\/fr\/actualite\/sport\/entre-realite-et-fiction-maaloul-chiboub-la-reconciliation\/178360\/"},"wordCount":605,"commentCount":0,"publisher":{"@id":"https:\/\/www.webdo.tn\/fr\/#organization"},"image":{"@id":"https:\/\/www.webdo.tn\/fr\/actualite\/sport\/entre-realite-et-fiction-maaloul-chiboub-la-reconciliation\/178360\/#primaryimage"},"thumbnailUrl":"https:\/\/www.webdo.tn\/fr\/wp-content\/uploads\/2011\/11\/Nabil-Maaloul-Slim-Chiboub.jpg","keywords":["guerre"],"articleSection":["Sport"],"inLanguage":"fr-FR"},{"@type":"WebPage","@id":"https:\/\/www.webdo.tn\/fr\/actualite\/sport\/entre-realite-et-fiction-maaloul-chiboub-la-reconciliation\/178360\/","url":"https:\/\/www.webdo.tn\/fr\/actualite\/sport\/entre-realite-et-fiction-maaloul-chiboub-la-reconciliation\/178360\/","name":"Entre r\u00e9alit\u00e9 et fiction : Ma\u00e2loul \u2013 Chiboub, la r\u00e9conciliation ?","isPartOf":{"@id":"https:\/\/www.webdo.tn\/fr\/#website"},"primaryImageOfPage":{"@id":"https:\/\/www.webdo.tn\/fr\/actualite\/sport\/entre-realite-et-fiction-maaloul-chiboub-la-reconciliation\/178360\/#primaryimage"},"image":{"@id":"https:\/\/www.webdo.tn\/fr\/actualite\/sport\/entre-realite-et-fiction-maaloul-chiboub-la-reconciliation\/178360\/#primaryimage"},"thumbnailUrl":"https:\/\/www.webdo.tn\/fr\/wp-content\/uploads\/2011\/11\/Nabil-Maaloul-Slim-Chiboub.jpg","datePublished":"2011-11-25T09:32:00+00:00","description":"Entre r\u00e9alit\u00e9 et fiction : Ma\u00e2loul \u2013 Chiboub, la r\u00e9conciliation ?","breadcrumb":{"@id":"https:\/\/www.webdo.tn\/fr\/actualite\/sport\/entre-realite-et-fiction-maaloul-chiboub-la-reconciliation\/178360\/#breadcrumb"},"inLanguage":"fr-FR","potentialAction":[{"@type":"ReadAction","target":["https:\/\/www.webdo.tn\/fr\/actualite\/sport\/entre-realite-et-fiction-maaloul-chiboub-la-reconciliation\/178360\/"]}]},{"@type":"ImageObject","inLanguage":"fr-FR","@id":"https:\/\/www.webdo.tn\/fr\/actualite\/sport\/entre-realite-et-fiction-maaloul-chiboub-la-reconciliation\/178360\/#primaryimage","url":"https:\/\/www.webdo.tn\/fr\/wp-content\/uploads\/2011\/11\/Nabil-Maaloul-Slim-Chiboub.jpg","contentUrl":"https:\/\/www.webdo.tn\/fr\/wp-content\/uploads\/2011\/11\/Nabil-Maaloul-Slim-Chiboub.jpg","width":290,"height":184,"caption":"Entre r\u00e9alit\u00e9 et fiction : Ma\u00e2loul \u2013 Chiboub, la r\u00e9conciliation ?"},{"@type":"BreadcrumbList","@id":"https:\/\/www.webdo.tn\/fr\/actualite\/sport\/entre-realite-et-fiction-maaloul-chiboub-la-reconciliation\/178360\/#breadcrumb","itemListElement":[{"@type":"ListItem","position":1,"name":"Accueil","item":"https:\/\/www.webdo.tn\/fr\/"},{"@type":"ListItem","position":2,"name":"Entre r\u00e9alit\u00e9 et fiction : Ma\u00e2loul \u2013 Chiboub, la r\u00e9conciliation ?"}]},{"@type":"WebSite","@id":"https:\/\/www.webdo.tn\/fr\/#website","url":"https:\/\/www.webdo.tn\/fr\/","name":"webdo","description":"Tunisie - News en Tunisie et \u00e0 l&#039;international sur Webdo.tn","publisher":{"@id":"https:\/\/www.webdo.tn\/fr\/#organization"},"potentialAction":[{"@type":"SearchAction","target":{"@type":"EntryPoint","urlTemplate":"https:\/\/www.webdo.tn\/fr\/?s={search_term_string}"},"query-input":{"@type":"PropertyValueSpecification","valueRequired":true,"valueName":"search_term_string"}}],"inLanguage":"fr-FR"},{"@type":"Organization","@id":"https:\/\/www.webdo.tn\/fr\/#organization","name":"Webdo","alternateName":"Webdo.tn","url":"https:\/\/www.webdo.tn\/fr\/","logo":{"@type":"ImageObject","inLanguage":"fr-FR","@id":"https:\/\/www.webdo.tn\/fr\/#\/schema\/logo\/image\/","url":"https:\/\/www.webdo.tn\/fr\/wp-content\/uploads\/2025\/06\/Webdo-Tunisie_168377.jpg","contentUrl":"https:\/\/www.webdo.tn\/fr\/wp-content\/uploads\/2025\/06\/Webdo-Tunisie_168377.jpg","width":301,"height":301,"caption":"Webdo"},"image":{"@id":"https:\/\/www.webdo.tn\/fr\/#\/schema\/logo\/image\/"},"sameAs":["https:\/\/www.facebook.com\/webdotn","https:\/\/x.com\/webdo_tn"],"description":"Webdo est un m\u00e9dia num\u00e9rique tunisien fond\u00e9 en 2010, sp\u00e9cialis\u00e9 dans l\u2019actualit\u00e9 nationale et internationale, l\u2019\u00e9conomie, la soci\u00e9t\u00e9 et les analyses politiques. Le site s\u2019adresse \u00e0 un large public francophone et couvre l\u2019information tunisienne en temps r\u00e9el.","email":"redac@webdo.tn","legalName":"YNJ SARL","foundingDate":"2010-09-06","numberOfEmployees":{"@type":"QuantitativeValue","minValue":"11","maxValue":"50"}},{"@type":"Person","@id":"https:\/\/www.webdo.tn\/fr\/#\/schema\/person\/9a9c6118d687c117df8ef3cc36a4d175","name":"webdo.tn","image":{"@type":"ImageObject","inLanguage":"fr-FR","@id":"https:\/\/secure.gravatar.com\/avatar\/7ce1f28c0c3bbac99ff550b85ef8e44a6950c6ee24514fb6a5489e51d06f0298?s=96&d=mm&r=g","url":"https:\/\/secure.gravatar.com\/avatar\/7ce1f28c0c3bbac99ff550b85ef8e44a6950c6ee24514fb6a5489e51d06f0298?s=96&d=mm&r=g","contentUrl":"https:\/\/secure.gravatar.com\/avatar\/7ce1f28c0c3bbac99ff550b85ef8e44a6950c6ee24514fb6a5489e51d06f0298?s=96&d=mm&r=g","caption":"webdo.tn"},"url":"https:\/\/www.webdo.tn\/fr\/actualite\/author\/webdotn\/"}]}},"_links":{"self":[{"href":"https:\/\/www.webdo.tn\/fr\/wp-json\/wp\/v2\/posts\/178360","targetHints":{"allow":["GET"]}}],"collection":[{"href":"https:\/\/www.webdo.tn\/fr\/wp-json\/wp\/v2\/posts"}],"about":[{"href":"https:\/\/www.webdo.tn\/fr\/wp-json\/wp\/v2\/types\/post"}],"author":[{"embeddable":true,"href":"https:\/\/www.webdo.tn\/fr\/wp-json\/wp\/v2\/users\/3222"}],"replies":[{"embeddable":true,"href":"https:\/\/www.webdo.tn\/fr\/wp-json\/wp\/v2\/comments?post=178360"}],"version-history":[{"count":0,"href":"https:\/\/www.webdo.tn\/fr\/wp-json\/wp\/v2\/posts\/178360\/revisions"}],"wp:featuredmedia":[{"embeddable":true,"href":"https:\/\/www.webdo.tn\/fr\/wp-json\/wp\/v2\/media\/333914"}],"wp:attachment":[{"href":"https:\/\/www.webdo.tn\/fr\/wp-json\/wp\/v2\/media?parent=178360"}],"wp:term":[{"taxonomy":"category","embeddable":true,"href":"https:\/\/www.webdo.tn\/fr\/wp-json\/wp\/v2\/categories?post=178360"},{"taxonomy":"post_tag","embeddable":true,"href":"https:\/\/www.webdo.tn\/fr\/wp-json\/wp\/v2\/tags?post=178360"}],"curies":[{"name":"wp","href":"https:\/\/api.w.org\/{rel}","templated":true}]}}