{"id":178359,"date":"2011-12-04T22:55:00","date_gmt":"2011-12-04T22:55:00","guid":{"rendered":"https:\/\/www.webdo.tn\/fr\/blog\/finale-retour-de-la-caf-fatale-epreuve-des-penaltys-pour-le-ca\/178359\/"},"modified":"2011-12-04T22:55:00","modified_gmt":"2011-12-04T22:55:00","slug":"finale-retour-de-la-caf-fatale-epreuve-des-penaltys-pour-le-ca","status":"publish","type":"post","link":"https:\/\/www.webdo.tn\/fr\/actualite\/sport\/finale-retour-de-la-caf-fatale-epreuve-des-penaltys-pour-le-ca\/178359\/","title":{"rendered":"Finale retour de la CAF &#8211; Fatale \u00e9preuve des penaltys pour le CA"},"content":{"rendered":"<p>C\u2019est dans un stade olympique de F\u00e8s plein comme un \u0153uf que la manche retour s\u2019est d\u00e9roul\u00e9e entre un CA qui devait conserver l\u2019avantage du match aller et un MAS qui n\u2019avait aucun choix sinon l\u2019offensive \u00e0 outrance pour esp\u00e9rer refaire le retard et prendre l\u2019ascendant pour s\u2019adjuger du titre.<\/p>\n<p>La formation align\u00e9e par Faouzi Benzarti a surpris par la pr\u00e9sence de trois attaquants (Dhaouadi, Ezechiel et Soltani). La pr\u00e9sence de Mouihbi \u00e0 l\u2019entrejeu pour orchestrer la man\u0153uvre prouve que les clubistes n\u2019avaient fait le voyage avec l\u2019intention de d\u00e9fendre. Mais face \u00e0 des Marocains totalement d\u00e9cha\u00een\u00e9s, les camarades de Dhaouadi ont d\u00fb subir le jeu, en d\u00e9pit du pressing haut qu\u2019ils ont exerc\u00e9. La tactique, ch\u00e8re \u00e0 Faouzi Benzarti, donnera ses fruits durant quasiment toute la premi\u00e8re p\u00e9riode. Le portier Ben Ayoub y est pour beaucoup gr\u00e2ce \u00e0 ses superbes interventions pour garder ses filets vierges. Mais l\u2019arri\u00e8re-garde devait rompre apr\u00e8s avoir trop pli\u00e9. On joue les arr\u00eats de jeu, lorsque Moussa Tigana d\u2019une reprise de vol\u00e9e ouvre le score.<\/p>\n<p>Les pendules sont remises ainsi \u00e0 l\u2019heure entre les deux matches. Cependant, il restait 45\u2019 pour d\u00e9partager les deux \u00e9quipes. A l\u2019heure de jeu, Ezechiel \u00e9cope d\u2019un second carton jaune, synonyme d\u2019expulsion. Paradoxalement, l\u2019inf\u00e9riorit\u00e9 num\u00e9rique ne servira pas les locaux. Physiquement essouffl\u00e9s, ils ont perdu leur jeu fait de passes courtes pour se contenter \u00e0 balancer des passes longues, au bonheur des arri\u00e8res clubistes. Le rythme baisse \u00e0 cause des multiples arr\u00eats de jeu, et rien de notable ne\u2019a retenu l\u2019attention jusqu\u2019au sifflet final.<\/p>\n<p>Le match se termine sur la victoire du MAS, mais la parit\u00e9 entre les deux confrontations oblige le recours \u00e0 l\u2019\u00e9preuve des tirs aux buts. Celle-ci sera fatale au CA, Reguei et Ziadi ayant rat\u00e9 leurs penaltys. Le MAS remporte ainsi la Coupe de la CAF, mais nos repr\u00e9sentants n\u2019ont pas d\u00e9m\u00e9rit\u00e9.<\/p>\n","protected":false},"excerpt":{"rendered":"<p>Finale retour de la CAF &#8211; Fatale \u00e9preuve des penaltys pour le CA<\/p>\n","protected":false},"author":3222,"featured_media":374594,"comment_status":"open","ping_status":"closed","sticky":false,"template":"","format":"standard","meta":{"footnotes":""},"categories":[2593],"tags":[2600],"class_list":["post-178359","post","type-post","status-publish","format-standard","has-post-thumbnail","hentry","category-sport","tag-guerre"],"yoast_head":"<!-- This site is optimized with the Yoast SEO Premium plugin v27.5 (Yoast SEO v27.5) - https:\/\/yoast.com\/product\/yoast-seo-premium-wordpress\/ -->\n<title>Finale retour de la CAF - Fatale \u00e9preuve des penaltys pour le CA<\/title>\n<meta name=\"description\" content=\"Finale retour de la CAF - Fatale \u00e9preuve des penaltys pour le CA\" \/>\n<link rel=\"canonical\" href=\"https:\/\/www.webdo.tn\/fr\/actualite\/sport\/finale-retour-de-la-caf-fatale-epreuve-des-penaltys-pour-le-ca\/178359\/\" \/>\n<meta property=\"og:locale\" content=\"fr_FR\" \/>\n<meta property=\"og:type\" content=\"article\" \/>\n<meta property=\"og:title\" content=\"Finale retour de la CAF - Fatale \u00e9preuve des penaltys pour le CA\" \/>\n<meta property=\"og:description\" content=\"Finale retour de la CAF - Fatale \u00e9preuve des penaltys pour le CA\" \/>\n<meta property=\"og:url\" content=\"https:\/\/www.webdo.tn\/fr\/actualite\/sport\/finale-retour-de-la-caf-fatale-epreuve-des-penaltys-pour-le-ca\/178359\/\" \/>\n<meta property=\"og:site_name\" content=\"webdo\" \/>\n<meta property=\"article:publisher\" content=\"https:\/\/www.facebook.com\/webdotn\" \/>\n<meta property=\"article:published_time\" content=\"2011-12-04T22:55:00+00:00\" \/>\n<meta name=\"author\" content=\"webdo.tn\" \/>\n<meta name=\"twitter:card\" content=\"summary_large_image\" \/>\n<meta name=\"twitter:creator\" content=\"@webdo_tn\" \/>\n<meta name=\"twitter:site\" content=\"@webdo_tn\" \/>\n<meta name=\"twitter:label1\" content=\"\u00c9crit par\" \/>\n\t<meta name=\"twitter:data1\" content=\"webdo.tn\" \/>\n\t<meta name=\"twitter:label2\" content=\"Dur\u00e9e de lecture estim\u00e9e\" \/>\n\t<meta name=\"twitter:data2\" content=\"2 minutes\" \/>\n<script type=\"application\/ld+json\" class=\"yoast-schema-graph\">{\"@context\":\"https:\\\/\\\/schema.org\",\"@graph\":[{\"@type\":\"NewsArticle\",\"@id\":\"https:\\\/\\\/www.webdo.tn\\\/fr\\\/actualite\\\/sport\\\/finale-retour-de-la-caf-fatale-epreuve-des-penaltys-pour-le-ca\\\/178359\\\/#article\",\"isPartOf\":{\"@id\":\"https:\\\/\\\/www.webdo.tn\\\/fr\\\/actualite\\\/sport\\\/finale-retour-de-la-caf-fatale-epreuve-des-penaltys-pour-le-ca\\\/178359\\\/\"},\"author\":{\"name\":\"webdo.tn\",\"@id\":\"https:\\\/\\\/www.webdo.tn\\\/fr\\\/#\\\/schema\\\/person\\\/9a9c6118d687c117df8ef3cc36a4d175\"},\"headline\":\"Finale retour de la CAF &#8211; Fatale \u00e9preuve des penaltys pour le CA\",\"datePublished\":\"2011-12-04T22:55:00+00:00\",\"mainEntityOfPage\":{\"@id\":\"https:\\\/\\\/www.webdo.tn\\\/fr\\\/actualite\\\/sport\\\/finale-retour-de-la-caf-fatale-epreuve-des-penaltys-pour-le-ca\\\/178359\\\/\"},\"wordCount\":363,\"commentCount\":0,\"publisher\":{\"@id\":\"https:\\\/\\\/www.webdo.tn\\\/fr\\\/#organization\"},\"image\":{\"@id\":\"https:\\\/\\\/www.webdo.tn\\\/fr\\\/actualite\\\/sport\\\/finale-retour-de-la-caf-fatale-epreuve-des-penaltys-pour-le-ca\\\/178359\\\/#primaryimage\"},\"thumbnailUrl\":\"https:\\\/\\\/www.webdo.tn\\\/fr\\\/wp-content\\\/uploads\\\/2025\\\/06\\\/Fes-CA-150x150_178359.png\",\"keywords\":[\"guerre\"],\"articleSection\":[\"Sport\"],\"inLanguage\":\"fr-FR\"},{\"@type\":\"WebPage\",\"@id\":\"https:\\\/\\\/www.webdo.tn\\\/fr\\\/actualite\\\/sport\\\/finale-retour-de-la-caf-fatale-epreuve-des-penaltys-pour-le-ca\\\/178359\\\/\",\"url\":\"https:\\\/\\\/www.webdo.tn\\\/fr\\\/actualite\\\/sport\\\/finale-retour-de-la-caf-fatale-epreuve-des-penaltys-pour-le-ca\\\/178359\\\/\",\"name\":\"Finale retour de la CAF - Fatale \u00e9preuve des penaltys pour le CA\",\"isPartOf\":{\"@id\":\"https:\\\/\\\/www.webdo.tn\\\/fr\\\/#website\"},\"primaryImageOfPage\":{\"@id\":\"https:\\\/\\\/www.webdo.tn\\\/fr\\\/actualite\\\/sport\\\/finale-retour-de-la-caf-fatale-epreuve-des-penaltys-pour-le-ca\\\/178359\\\/#primaryimage\"},\"image\":{\"@id\":\"https:\\\/\\\/www.webdo.tn\\\/fr\\\/actualite\\\/sport\\\/finale-retour-de-la-caf-fatale-epreuve-des-penaltys-pour-le-ca\\\/178359\\\/#primaryimage\"},\"thumbnailUrl\":\"https:\\\/\\\/www.webdo.tn\\\/fr\\\/wp-content\\\/uploads\\\/2025\\\/06\\\/Fes-CA-150x150_178359.png\",\"datePublished\":\"2011-12-04T22:55:00+00:00\",\"description\":\"Finale retour de la CAF - Fatale \u00e9preuve des penaltys pour le CA\",\"breadcrumb\":{\"@id\":\"https:\\\/\\\/www.webdo.tn\\\/fr\\\/actualite\\\/sport\\\/finale-retour-de-la-caf-fatale-epreuve-des-penaltys-pour-le-ca\\\/178359\\\/#breadcrumb\"},\"inLanguage\":\"fr-FR\",\"potentialAction\":[{\"@type\":\"ReadAction\",\"target\":[\"https:\\\/\\\/www.webdo.tn\\\/fr\\\/actualite\\\/sport\\\/finale-retour-de-la-caf-fatale-epreuve-des-penaltys-pour-le-ca\\\/178359\\\/\"]}]},{\"@type\":\"ImageObject\",\"inLanguage\":\"fr-FR\",\"@id\":\"https:\\\/\\\/www.webdo.tn\\\/fr\\\/actualite\\\/sport\\\/finale-retour-de-la-caf-fatale-epreuve-des-penaltys-pour-le-ca\\\/178359\\\/#primaryimage\",\"url\":\"https:\\\/\\\/www.webdo.tn\\\/fr\\\/wp-content\\\/uploads\\\/2025\\\/06\\\/Fes-CA-150x150_178359.png\",\"contentUrl\":\"https:\\\/\\\/www.webdo.tn\\\/fr\\\/wp-content\\\/uploads\\\/2025\\\/06\\\/Fes-CA-150x150_178359.png\",\"width\":150,\"height\":150,\"caption\":\"Finale retour de la CAF - Fatale \u00e9preuve des penaltys pour le CA\"},{\"@type\":\"BreadcrumbList\",\"@id\":\"https:\\\/\\\/www.webdo.tn\\\/fr\\\/actualite\\\/sport\\\/finale-retour-de-la-caf-fatale-epreuve-des-penaltys-pour-le-ca\\\/178359\\\/#breadcrumb\",\"itemListElement\":[{\"@type\":\"ListItem\",\"position\":1,\"name\":\"Accueil\",\"item\":\"https:\\\/\\\/www.webdo.tn\\\/fr\\\/\"},{\"@type\":\"ListItem\",\"position\":2,\"name\":\"Finale retour de la CAF &#8211; Fatale \u00e9preuve des penaltys pour le CA\"}]},{\"@type\":\"WebSite\",\"@id\":\"https:\\\/\\\/www.webdo.tn\\\/fr\\\/#website\",\"url\":\"https:\\\/\\\/www.webdo.tn\\\/fr\\\/\",\"name\":\"webdo\",\"description\":\"Tunisie - News en Tunisie et \u00e0 l&#039;international sur Webdo.tn\",\"publisher\":{\"@id\":\"https:\\\/\\\/www.webdo.tn\\\/fr\\\/#organization\"},\"potentialAction\":[{\"@type\":\"SearchAction\",\"target\":{\"@type\":\"EntryPoint\",\"urlTemplate\":\"https:\\\/\\\/www.webdo.tn\\\/fr\\\/?s={search_term_string}\"},\"query-input\":{\"@type\":\"PropertyValueSpecification\",\"valueRequired\":true,\"valueName\":\"search_term_string\"}}],\"inLanguage\":\"fr-FR\"},{\"@type\":\"Organization\",\"@id\":\"https:\\\/\\\/www.webdo.tn\\\/fr\\\/#organization\",\"name\":\"Webdo\",\"alternateName\":\"Webdo.tn\",\"url\":\"https:\\\/\\\/www.webdo.tn\\\/fr\\\/\",\"logo\":{\"@type\":\"ImageObject\",\"inLanguage\":\"fr-FR\",\"@id\":\"https:\\\/\\\/www.webdo.tn\\\/fr\\\/#\\\/schema\\\/logo\\\/image\\\/\",\"url\":\"https:\\\/\\\/www.webdo.tn\\\/fr\\\/wp-content\\\/uploads\\\/2025\\\/06\\\/Webdo-Tunisie_168377.jpg\",\"contentUrl\":\"https:\\\/\\\/www.webdo.tn\\\/fr\\\/wp-content\\\/uploads\\\/2025\\\/06\\\/Webdo-Tunisie_168377.jpg\",\"width\":301,\"height\":301,\"caption\":\"Webdo\"},\"image\":{\"@id\":\"https:\\\/\\\/www.webdo.tn\\\/fr\\\/#\\\/schema\\\/logo\\\/image\\\/\"},\"sameAs\":[\"https:\\\/\\\/www.facebook.com\\\/webdotn\",\"https:\\\/\\\/x.com\\\/webdo_tn\"],\"description\":\"Webdo est un m\u00e9dia num\u00e9rique tunisien fond\u00e9 en 2010, sp\u00e9cialis\u00e9 dans l\u2019actualit\u00e9 nationale et internationale, l\u2019\u00e9conomie, la soci\u00e9t\u00e9 et les analyses politiques. Le site s\u2019adresse \u00e0 un large public francophone et couvre l\u2019information tunisienne en temps r\u00e9el.\",\"email\":\"redac@webdo.tn\",\"legalName\":\"YNJ SARL\",\"foundingDate\":\"2010-09-06\",\"numberOfEmployees\":{\"@type\":\"QuantitativeValue\",\"minValue\":\"11\",\"maxValue\":\"50\"}},{\"@type\":\"Person\",\"@id\":\"https:\\\/\\\/www.webdo.tn\\\/fr\\\/#\\\/schema\\\/person\\\/9a9c6118d687c117df8ef3cc36a4d175\",\"name\":\"webdo.tn\",\"image\":{\"@type\":\"ImageObject\",\"inLanguage\":\"fr-FR\",\"@id\":\"https:\\\/\\\/secure.gravatar.com\\\/avatar\\\/7ce1f28c0c3bbac99ff550b85ef8e44a6950c6ee24514fb6a5489e51d06f0298?s=96&d=mm&r=g\",\"url\":\"https:\\\/\\\/secure.gravatar.com\\\/avatar\\\/7ce1f28c0c3bbac99ff550b85ef8e44a6950c6ee24514fb6a5489e51d06f0298?s=96&d=mm&r=g\",\"contentUrl\":\"https:\\\/\\\/secure.gravatar.com\\\/avatar\\\/7ce1f28c0c3bbac99ff550b85ef8e44a6950c6ee24514fb6a5489e51d06f0298?s=96&d=mm&r=g\",\"caption\":\"webdo.tn\"},\"url\":\"https:\\\/\\\/www.webdo.tn\\\/fr\\\/actualite\\\/author\\\/webdotn\\\/\"}]}<\/script>\n<!-- \/ Yoast SEO Premium plugin. -->","yoast_head_json":{"title":"Finale retour de la CAF - Fatale \u00e9preuve des penaltys pour le CA","description":"Finale retour de la CAF - Fatale \u00e9preuve des penaltys pour le CA","canonical":"https:\/\/www.webdo.tn\/fr\/actualite\/sport\/finale-retour-de-la-caf-fatale-epreuve-des-penaltys-pour-le-ca\/178359\/","og_locale":"fr_FR","og_type":"article","og_title":"Finale retour de la CAF - Fatale \u00e9preuve des penaltys pour le CA","og_description":"Finale retour de la CAF - Fatale \u00e9preuve des penaltys pour le CA","og_url":"https:\/\/www.webdo.tn\/fr\/actualite\/sport\/finale-retour-de-la-caf-fatale-epreuve-des-penaltys-pour-le-ca\/178359\/","og_site_name":"webdo","article_publisher":"https:\/\/www.facebook.com\/webdotn","article_published_time":"2011-12-04T22:55:00+00:00","author":"webdo.tn","twitter_card":"summary_large_image","twitter_creator":"@webdo_tn","twitter_site":"@webdo_tn","twitter_misc":{"\u00c9crit par":"webdo.tn","Dur\u00e9e de lecture estim\u00e9e":"2 minutes"},"schema":{"@context":"https:\/\/schema.org","@graph":[{"@type":"NewsArticle","@id":"https:\/\/www.webdo.tn\/fr\/actualite\/sport\/finale-retour-de-la-caf-fatale-epreuve-des-penaltys-pour-le-ca\/178359\/#article","isPartOf":{"@id":"https:\/\/www.webdo.tn\/fr\/actualite\/sport\/finale-retour-de-la-caf-fatale-epreuve-des-penaltys-pour-le-ca\/178359\/"},"author":{"name":"webdo.tn","@id":"https:\/\/www.webdo.tn\/fr\/#\/schema\/person\/9a9c6118d687c117df8ef3cc36a4d175"},"headline":"Finale retour de la CAF &#8211; Fatale \u00e9preuve des penaltys pour le CA","datePublished":"2011-12-04T22:55:00+00:00","mainEntityOfPage":{"@id":"https:\/\/www.webdo.tn\/fr\/actualite\/sport\/finale-retour-de-la-caf-fatale-epreuve-des-penaltys-pour-le-ca\/178359\/"},"wordCount":363,"commentCount":0,"publisher":{"@id":"https:\/\/www.webdo.tn\/fr\/#organization"},"image":{"@id":"https:\/\/www.webdo.tn\/fr\/actualite\/sport\/finale-retour-de-la-caf-fatale-epreuve-des-penaltys-pour-le-ca\/178359\/#primaryimage"},"thumbnailUrl":"https:\/\/www.webdo.tn\/fr\/wp-content\/uploads\/2025\/06\/Fes-CA-150x150_178359.png","keywords":["guerre"],"articleSection":["Sport"],"inLanguage":"fr-FR"},{"@type":"WebPage","@id":"https:\/\/www.webdo.tn\/fr\/actualite\/sport\/finale-retour-de-la-caf-fatale-epreuve-des-penaltys-pour-le-ca\/178359\/","url":"https:\/\/www.webdo.tn\/fr\/actualite\/sport\/finale-retour-de-la-caf-fatale-epreuve-des-penaltys-pour-le-ca\/178359\/","name":"Finale retour de la CAF - Fatale \u00e9preuve des penaltys pour le CA","isPartOf":{"@id":"https:\/\/www.webdo.tn\/fr\/#website"},"primaryImageOfPage":{"@id":"https:\/\/www.webdo.tn\/fr\/actualite\/sport\/finale-retour-de-la-caf-fatale-epreuve-des-penaltys-pour-le-ca\/178359\/#primaryimage"},"image":{"@id":"https:\/\/www.webdo.tn\/fr\/actualite\/sport\/finale-retour-de-la-caf-fatale-epreuve-des-penaltys-pour-le-ca\/178359\/#primaryimage"},"thumbnailUrl":"https:\/\/www.webdo.tn\/fr\/wp-content\/uploads\/2025\/06\/Fes-CA-150x150_178359.png","datePublished":"2011-12-04T22:55:00+00:00","description":"Finale retour de la CAF - Fatale \u00e9preuve des penaltys pour le CA","breadcrumb":{"@id":"https:\/\/www.webdo.tn\/fr\/actualite\/sport\/finale-retour-de-la-caf-fatale-epreuve-des-penaltys-pour-le-ca\/178359\/#breadcrumb"},"inLanguage":"fr-FR","potentialAction":[{"@type":"ReadAction","target":["https:\/\/www.webdo.tn\/fr\/actualite\/sport\/finale-retour-de-la-caf-fatale-epreuve-des-penaltys-pour-le-ca\/178359\/"]}]},{"@type":"ImageObject","inLanguage":"fr-FR","@id":"https:\/\/www.webdo.tn\/fr\/actualite\/sport\/finale-retour-de-la-caf-fatale-epreuve-des-penaltys-pour-le-ca\/178359\/#primaryimage","url":"https:\/\/www.webdo.tn\/fr\/wp-content\/uploads\/2025\/06\/Fes-CA-150x150_178359.png","contentUrl":"https:\/\/www.webdo.tn\/fr\/wp-content\/uploads\/2025\/06\/Fes-CA-150x150_178359.png","width":150,"height":150,"caption":"Finale retour de la CAF - Fatale \u00e9preuve des penaltys pour le CA"},{"@type":"BreadcrumbList","@id":"https:\/\/www.webdo.tn\/fr\/actualite\/sport\/finale-retour-de-la-caf-fatale-epreuve-des-penaltys-pour-le-ca\/178359\/#breadcrumb","itemListElement":[{"@type":"ListItem","position":1,"name":"Accueil","item":"https:\/\/www.webdo.tn\/fr\/"},{"@type":"ListItem","position":2,"name":"Finale retour de la CAF &#8211; Fatale \u00e9preuve des penaltys pour le CA"}]},{"@type":"WebSite","@id":"https:\/\/www.webdo.tn\/fr\/#website","url":"https:\/\/www.webdo.tn\/fr\/","name":"webdo","description":"Tunisie - News en Tunisie et \u00e0 l&#039;international sur Webdo.tn","publisher":{"@id":"https:\/\/www.webdo.tn\/fr\/#organization"},"potentialAction":[{"@type":"SearchAction","target":{"@type":"EntryPoint","urlTemplate":"https:\/\/www.webdo.tn\/fr\/?s={search_term_string}"},"query-input":{"@type":"PropertyValueSpecification","valueRequired":true,"valueName":"search_term_string"}}],"inLanguage":"fr-FR"},{"@type":"Organization","@id":"https:\/\/www.webdo.tn\/fr\/#organization","name":"Webdo","alternateName":"Webdo.tn","url":"https:\/\/www.webdo.tn\/fr\/","logo":{"@type":"ImageObject","inLanguage":"fr-FR","@id":"https:\/\/www.webdo.tn\/fr\/#\/schema\/logo\/image\/","url":"https:\/\/www.webdo.tn\/fr\/wp-content\/uploads\/2025\/06\/Webdo-Tunisie_168377.jpg","contentUrl":"https:\/\/www.webdo.tn\/fr\/wp-content\/uploads\/2025\/06\/Webdo-Tunisie_168377.jpg","width":301,"height":301,"caption":"Webdo"},"image":{"@id":"https:\/\/www.webdo.tn\/fr\/#\/schema\/logo\/image\/"},"sameAs":["https:\/\/www.facebook.com\/webdotn","https:\/\/x.com\/webdo_tn"],"description":"Webdo est un m\u00e9dia num\u00e9rique tunisien fond\u00e9 en 2010, sp\u00e9cialis\u00e9 dans l\u2019actualit\u00e9 nationale et internationale, l\u2019\u00e9conomie, la soci\u00e9t\u00e9 et les analyses politiques. Le site s\u2019adresse \u00e0 un large public francophone et couvre l\u2019information tunisienne en temps r\u00e9el.","email":"redac@webdo.tn","legalName":"YNJ SARL","foundingDate":"2010-09-06","numberOfEmployees":{"@type":"QuantitativeValue","minValue":"11","maxValue":"50"}},{"@type":"Person","@id":"https:\/\/www.webdo.tn\/fr\/#\/schema\/person\/9a9c6118d687c117df8ef3cc36a4d175","name":"webdo.tn","image":{"@type":"ImageObject","inLanguage":"fr-FR","@id":"https:\/\/secure.gravatar.com\/avatar\/7ce1f28c0c3bbac99ff550b85ef8e44a6950c6ee24514fb6a5489e51d06f0298?s=96&d=mm&r=g","url":"https:\/\/secure.gravatar.com\/avatar\/7ce1f28c0c3bbac99ff550b85ef8e44a6950c6ee24514fb6a5489e51d06f0298?s=96&d=mm&r=g","contentUrl":"https:\/\/secure.gravatar.com\/avatar\/7ce1f28c0c3bbac99ff550b85ef8e44a6950c6ee24514fb6a5489e51d06f0298?s=96&d=mm&r=g","caption":"webdo.tn"},"url":"https:\/\/www.webdo.tn\/fr\/actualite\/author\/webdotn\/"}]}},"_links":{"self":[{"href":"https:\/\/www.webdo.tn\/fr\/wp-json\/wp\/v2\/posts\/178359","targetHints":{"allow":["GET"]}}],"collection":[{"href":"https:\/\/www.webdo.tn\/fr\/wp-json\/wp\/v2\/posts"}],"about":[{"href":"https:\/\/www.webdo.tn\/fr\/wp-json\/wp\/v2\/types\/post"}],"author":[{"embeddable":true,"href":"https:\/\/www.webdo.tn\/fr\/wp-json\/wp\/v2\/users\/3222"}],"replies":[{"embeddable":true,"href":"https:\/\/www.webdo.tn\/fr\/wp-json\/wp\/v2\/comments?post=178359"}],"version-history":[{"count":0,"href":"https:\/\/www.webdo.tn\/fr\/wp-json\/wp\/v2\/posts\/178359\/revisions"}],"wp:featuredmedia":[{"embeddable":true,"href":"https:\/\/www.webdo.tn\/fr\/wp-json\/wp\/v2\/media\/374594"}],"wp:attachment":[{"href":"https:\/\/www.webdo.tn\/fr\/wp-json\/wp\/v2\/media?parent=178359"}],"wp:term":[{"taxonomy":"category","embeddable":true,"href":"https:\/\/www.webdo.tn\/fr\/wp-json\/wp\/v2\/categories?post=178359"},{"taxonomy":"post_tag","embeddable":true,"href":"https:\/\/www.webdo.tn\/fr\/wp-json\/wp\/v2\/tags?post=178359"}],"curies":[{"name":"wp","href":"https:\/\/api.w.org\/{rel}","templated":true}]}}