{"id":178355,"date":"2011-12-16T21:52:00","date_gmt":"2011-12-16T21:52:00","guid":{"rendered":"https:\/\/www.webdo.tn\/fr\/blog\/apres-skander-cheikh-le-ca-fait-revenir-ben-chikha-on-fait-du-check-up-au-parc-a\/178355\/"},"modified":"2011-12-16T21:52:00","modified_gmt":"2011-12-16T21:52:00","slug":"apres-skander-cheikh-le-ca-fait-revenir-ben-chikha-on-fait-du-check-up-au-parc-a","status":"publish","type":"post","link":"https:\/\/www.webdo.tn\/fr\/actualite\/sport\/apres-skander-cheikh-le-ca-fait-revenir-ben-chikha-on-fait-du-check-up-au-parc-a\/178355\/","title":{"rendered":"Apr\u00e8s le recrutement de Cheikh, le CA fait revenir Ben Chikha&#8230;On fait du \u2018check-up\u2019 au parc A !"},"content":{"rendered":"<p>Comme annonc\u00e9 un peu partout il y a quelques jours, Abdelhak Ben Chikha sera le nouvel entra\u00eeneur du Club Africain, rapporte Shems FM. L\u2019alg\u00e9rien succ\u00e8de ainsi \u00e0 Faouzi Benzarti qui a jet\u00e9 l\u2019\u00e9ponge apr\u00e8s le nul (1-1) face \u00e0 l\u2019ES Hammam-Sousse et une d\u00e9faite am\u00e8re (aux tirs aux buts) en finale de la coupe de la conf\u00e9d\u00e9ration africaine face au MAS F\u00e8s. Ben Chikha qui a paraph\u00e9 un contrat le liant aux \u2018Rouge et Blanc\u2019 pour une ann\u00e9e et demie fait ainsi son retour au parc Mounir Kebaili apr\u00e8s une premi\u00e8re exp\u00e9rience (2007 \u00e0 2009) sur le banc clubiste ponctu\u00e9e par le titre de Champion de Tunisie remport\u00e9 en 2008. <\/p>\n<p>Ben Chikha qui a \u00e9t\u00e9 ces deux derni\u00e8res saisons s\u00e9lectionneur des Olympiques Alg\u00e9riens (A\u2019) puis de l\u2019\u00e9quipe nationale d\u2019Alg\u00e9rie A, a entra\u00een\u00e9 \u00e9galement le MC d\u2019Alger pour quelques semaines avant de rendre le tablier pour (entre autres) succession de mauvais r\u00e9sultats. <\/p>\n<p>Ainsi donc, le club de Bab J\u00e9did tient sa premi\u00e8re recrue hivernale. Plut\u00f4t la deuxi\u00e8me puisque, les dirigeants clubistes ont fait signer \u00e9galement l\u2019ex-milieu de l\u2019Esp\u00e9rance ST et de la JS Kairouanaise, Skander Cheikh. Pressenti \u00e0 l\u2019ESB\u00e9ni Khalled, l\u2019ex-milieu \u2018Sang et Or\u2019 passe chez le club rival afin de garnir une ligne m\u00e9diane d\u00e9cim\u00e9e par les d\u00e9parts conjugu\u00e9s des Ben Yahia, Aouadhi, Sellami et Melliti, remplac\u00e9s par&#8230;Chaker Regui\u00ee. Le Zarzissien ayant encore du mal \u00e0 trouver ses rep\u00e8res au sein du groupe \u2018Rouge et Blanc\u2019 tarde, \u00e0 lui tout seul, \u00e0 mettre de l\u2019ordre dans le jeu. <\/p>\n<p>Bref, le CA est encore une fois \u00e0 la recherche du&#8230;juste milieu !<\/p>\n","protected":false},"excerpt":{"rendered":"<p>Apr\u00e8s le recrutement de Cheikh, le CA fait revenir Ben Chikha&#8230;On fait du \u2018check-up\u2019 au parc A !<\/p>\n","protected":false},"author":3222,"featured_media":333871,"comment_status":"open","ping_status":"closed","sticky":false,"template":"","format":"standard","meta":{"footnotes":""},"categories":[2593],"tags":[2600],"class_list":["post-178355","post","type-post","status-publish","format-standard","has-post-thumbnail","hentry","category-sport","tag-guerre"],"yoast_head":"<!-- This site is optimized with the Yoast SEO Premium plugin v27.5 (Yoast SEO v27.5) - https:\/\/yoast.com\/product\/yoast-seo-premium-wordpress\/ -->\n<title>Apr\u00e8s le recrutement de Cheikh, le CA fait revenir Ben Chikha...On fait du \u2018check-up\u2019 au parc A !<\/title>\n<meta name=\"description\" content=\"Apr\u00e8s le recrutement de Cheikh, le CA fait revenir Ben Chikha...On fait du \u2018check-up\u2019 au parc A !\" \/>\n<link rel=\"canonical\" href=\"https:\/\/www.webdo.tn\/fr\/actualite\/sport\/apres-skander-cheikh-le-ca-fait-revenir-ben-chikha-on-fait-du-check-up-au-parc-a\/178355\/\" \/>\n<meta property=\"og:locale\" content=\"fr_FR\" \/>\n<meta property=\"og:type\" content=\"article\" \/>\n<meta property=\"og:title\" content=\"Apr\u00e8s le recrutement de Cheikh, le CA fait revenir Ben Chikha...On fait du \u2018check-up\u2019 au parc A !\" \/>\n<meta property=\"og:description\" content=\"Apr\u00e8s le recrutement de Cheikh, le CA fait revenir Ben Chikha...On fait du \u2018check-up\u2019 au parc A !\" \/>\n<meta property=\"og:url\" content=\"https:\/\/www.webdo.tn\/fr\/actualite\/sport\/apres-skander-cheikh-le-ca-fait-revenir-ben-chikha-on-fait-du-check-up-au-parc-a\/178355\/\" \/>\n<meta property=\"og:site_name\" content=\"webdo\" \/>\n<meta property=\"article:publisher\" content=\"https:\/\/www.facebook.com\/webdotn\" \/>\n<meta property=\"article:published_time\" content=\"2011-12-16T21:52:00+00:00\" \/>\n<meta property=\"og:image\" content=\"https:\/\/www.webdo.tn\/fr\/wp-content\/uploads\/2011\/12\/benchikha-150x150-1.jpg\" \/>\n\t<meta property=\"og:image:width\" content=\"150\" \/>\n\t<meta property=\"og:image:height\" content=\"150\" \/>\n\t<meta property=\"og:image:type\" content=\"image\/jpeg\" \/>\n<meta name=\"author\" content=\"webdo.tn\" \/>\n<meta name=\"twitter:card\" content=\"summary_large_image\" \/>\n<meta name=\"twitter:creator\" content=\"@webdo_tn\" \/>\n<meta name=\"twitter:site\" content=\"@webdo_tn\" \/>\n<meta name=\"twitter:label1\" content=\"\u00c9crit par\" \/>\n\t<meta name=\"twitter:data1\" content=\"webdo.tn\" \/>\n\t<meta name=\"twitter:label2\" content=\"Dur\u00e9e de lecture estim\u00e9e\" \/>\n\t<meta name=\"twitter:data2\" content=\"1 minute\" \/>\n<script type=\"application\/ld+json\" class=\"yoast-schema-graph\">{\"@context\":\"https:\\\/\\\/schema.org\",\"@graph\":[{\"@type\":\"NewsArticle\",\"@id\":\"https:\\\/\\\/www.webdo.tn\\\/fr\\\/actualite\\\/sport\\\/apres-skander-cheikh-le-ca-fait-revenir-ben-chikha-on-fait-du-check-up-au-parc-a\\\/178355\\\/#article\",\"isPartOf\":{\"@id\":\"https:\\\/\\\/www.webdo.tn\\\/fr\\\/actualite\\\/sport\\\/apres-skander-cheikh-le-ca-fait-revenir-ben-chikha-on-fait-du-check-up-au-parc-a\\\/178355\\\/\"},\"author\":{\"name\":\"webdo.tn\",\"@id\":\"https:\\\/\\\/www.webdo.tn\\\/fr\\\/#\\\/schema\\\/person\\\/9a9c6118d687c117df8ef3cc36a4d175\"},\"headline\":\"Apr\u00e8s le recrutement de Cheikh, le CA fait revenir Ben Chikha&#8230;On fait du \u2018check-up\u2019 au parc A !\",\"datePublished\":\"2011-12-16T21:52:00+00:00\",\"mainEntityOfPage\":{\"@id\":\"https:\\\/\\\/www.webdo.tn\\\/fr\\\/actualite\\\/sport\\\/apres-skander-cheikh-le-ca-fait-revenir-ben-chikha-on-fait-du-check-up-au-parc-a\\\/178355\\\/\"},\"wordCount\":314,\"commentCount\":0,\"publisher\":{\"@id\":\"https:\\\/\\\/www.webdo.tn\\\/fr\\\/#organization\"},\"image\":{\"@id\":\"https:\\\/\\\/www.webdo.tn\\\/fr\\\/actualite\\\/sport\\\/apres-skander-cheikh-le-ca-fait-revenir-ben-chikha-on-fait-du-check-up-au-parc-a\\\/178355\\\/#primaryimage\"},\"thumbnailUrl\":\"https:\\\/\\\/www.webdo.tn\\\/fr\\\/wp-content\\\/uploads\\\/2011\\\/12\\\/benchikha-150x150-1.jpg\",\"keywords\":[\"guerre\"],\"articleSection\":[\"Sport\"],\"inLanguage\":\"fr-FR\"},{\"@type\":\"WebPage\",\"@id\":\"https:\\\/\\\/www.webdo.tn\\\/fr\\\/actualite\\\/sport\\\/apres-skander-cheikh-le-ca-fait-revenir-ben-chikha-on-fait-du-check-up-au-parc-a\\\/178355\\\/\",\"url\":\"https:\\\/\\\/www.webdo.tn\\\/fr\\\/actualite\\\/sport\\\/apres-skander-cheikh-le-ca-fait-revenir-ben-chikha-on-fait-du-check-up-au-parc-a\\\/178355\\\/\",\"name\":\"Apr\u00e8s le recrutement de Cheikh, le CA fait revenir Ben Chikha...On fait du \u2018check-up\u2019 au parc A !\",\"isPartOf\":{\"@id\":\"https:\\\/\\\/www.webdo.tn\\\/fr\\\/#website\"},\"primaryImageOfPage\":{\"@id\":\"https:\\\/\\\/www.webdo.tn\\\/fr\\\/actualite\\\/sport\\\/apres-skander-cheikh-le-ca-fait-revenir-ben-chikha-on-fait-du-check-up-au-parc-a\\\/178355\\\/#primaryimage\"},\"image\":{\"@id\":\"https:\\\/\\\/www.webdo.tn\\\/fr\\\/actualite\\\/sport\\\/apres-skander-cheikh-le-ca-fait-revenir-ben-chikha-on-fait-du-check-up-au-parc-a\\\/178355\\\/#primaryimage\"},\"thumbnailUrl\":\"https:\\\/\\\/www.webdo.tn\\\/fr\\\/wp-content\\\/uploads\\\/2011\\\/12\\\/benchikha-150x150-1.jpg\",\"datePublished\":\"2011-12-16T21:52:00+00:00\",\"description\":\"Apr\u00e8s le recrutement de Cheikh, le CA fait revenir Ben Chikha...On fait du \u2018check-up\u2019 au parc A !\",\"breadcrumb\":{\"@id\":\"https:\\\/\\\/www.webdo.tn\\\/fr\\\/actualite\\\/sport\\\/apres-skander-cheikh-le-ca-fait-revenir-ben-chikha-on-fait-du-check-up-au-parc-a\\\/178355\\\/#breadcrumb\"},\"inLanguage\":\"fr-FR\",\"potentialAction\":[{\"@type\":\"ReadAction\",\"target\":[\"https:\\\/\\\/www.webdo.tn\\\/fr\\\/actualite\\\/sport\\\/apres-skander-cheikh-le-ca-fait-revenir-ben-chikha-on-fait-du-check-up-au-parc-a\\\/178355\\\/\"]}]},{\"@type\":\"ImageObject\",\"inLanguage\":\"fr-FR\",\"@id\":\"https:\\\/\\\/www.webdo.tn\\\/fr\\\/actualite\\\/sport\\\/apres-skander-cheikh-le-ca-fait-revenir-ben-chikha-on-fait-du-check-up-au-parc-a\\\/178355\\\/#primaryimage\",\"url\":\"https:\\\/\\\/www.webdo.tn\\\/fr\\\/wp-content\\\/uploads\\\/2011\\\/12\\\/benchikha-150x150-1.jpg\",\"contentUrl\":\"https:\\\/\\\/www.webdo.tn\\\/fr\\\/wp-content\\\/uploads\\\/2011\\\/12\\\/benchikha-150x150-1.jpg\",\"width\":150,\"height\":150,\"caption\":\"Apr\u00e8s le recrutement de Cheikh, le CA fait revenir Ben Chikha...On fait du \u2018check-up\u2019 au parc A !\"},{\"@type\":\"BreadcrumbList\",\"@id\":\"https:\\\/\\\/www.webdo.tn\\\/fr\\\/actualite\\\/sport\\\/apres-skander-cheikh-le-ca-fait-revenir-ben-chikha-on-fait-du-check-up-au-parc-a\\\/178355\\\/#breadcrumb\",\"itemListElement\":[{\"@type\":\"ListItem\",\"position\":1,\"name\":\"Accueil\",\"item\":\"https:\\\/\\\/www.webdo.tn\\\/fr\\\/\"},{\"@type\":\"ListItem\",\"position\":2,\"name\":\"Apr\u00e8s le recrutement de Cheikh, le CA fait revenir Ben Chikha&#8230;On fait du \u2018check-up\u2019 au parc A !\"}]},{\"@type\":\"WebSite\",\"@id\":\"https:\\\/\\\/www.webdo.tn\\\/fr\\\/#website\",\"url\":\"https:\\\/\\\/www.webdo.tn\\\/fr\\\/\",\"name\":\"webdo\",\"description\":\"Tunisie - News en Tunisie et \u00e0 l&#039;international sur Webdo.tn\",\"publisher\":{\"@id\":\"https:\\\/\\\/www.webdo.tn\\\/fr\\\/#organization\"},\"potentialAction\":[{\"@type\":\"SearchAction\",\"target\":{\"@type\":\"EntryPoint\",\"urlTemplate\":\"https:\\\/\\\/www.webdo.tn\\\/fr\\\/?s={search_term_string}\"},\"query-input\":{\"@type\":\"PropertyValueSpecification\",\"valueRequired\":true,\"valueName\":\"search_term_string\"}}],\"inLanguage\":\"fr-FR\"},{\"@type\":\"Organization\",\"@id\":\"https:\\\/\\\/www.webdo.tn\\\/fr\\\/#organization\",\"name\":\"Webdo\",\"alternateName\":\"Webdo.tn\",\"url\":\"https:\\\/\\\/www.webdo.tn\\\/fr\\\/\",\"logo\":{\"@type\":\"ImageObject\",\"inLanguage\":\"fr-FR\",\"@id\":\"https:\\\/\\\/www.webdo.tn\\\/fr\\\/#\\\/schema\\\/logo\\\/image\\\/\",\"url\":\"https:\\\/\\\/www.webdo.tn\\\/fr\\\/wp-content\\\/uploads\\\/2025\\\/06\\\/Webdo-Tunisie_168377.jpg\",\"contentUrl\":\"https:\\\/\\\/www.webdo.tn\\\/fr\\\/wp-content\\\/uploads\\\/2025\\\/06\\\/Webdo-Tunisie_168377.jpg\",\"width\":301,\"height\":301,\"caption\":\"Webdo\"},\"image\":{\"@id\":\"https:\\\/\\\/www.webdo.tn\\\/fr\\\/#\\\/schema\\\/logo\\\/image\\\/\"},\"sameAs\":[\"https:\\\/\\\/www.facebook.com\\\/webdotn\",\"https:\\\/\\\/x.com\\\/webdo_tn\"],\"description\":\"Webdo est un m\u00e9dia num\u00e9rique tunisien fond\u00e9 en 2010, sp\u00e9cialis\u00e9 dans l\u2019actualit\u00e9 nationale et internationale, l\u2019\u00e9conomie, la soci\u00e9t\u00e9 et les analyses politiques. Le site s\u2019adresse \u00e0 un large public francophone et couvre l\u2019information tunisienne en temps r\u00e9el.\",\"email\":\"redac@webdo.tn\",\"legalName\":\"YNJ SARL\",\"foundingDate\":\"2010-09-06\",\"numberOfEmployees\":{\"@type\":\"QuantitativeValue\",\"minValue\":\"11\",\"maxValue\":\"50\"}},{\"@type\":\"Person\",\"@id\":\"https:\\\/\\\/www.webdo.tn\\\/fr\\\/#\\\/schema\\\/person\\\/9a9c6118d687c117df8ef3cc36a4d175\",\"name\":\"webdo.tn\",\"image\":{\"@type\":\"ImageObject\",\"inLanguage\":\"fr-FR\",\"@id\":\"https:\\\/\\\/secure.gravatar.com\\\/avatar\\\/7ce1f28c0c3bbac99ff550b85ef8e44a6950c6ee24514fb6a5489e51d06f0298?s=96&d=mm&r=g\",\"url\":\"https:\\\/\\\/secure.gravatar.com\\\/avatar\\\/7ce1f28c0c3bbac99ff550b85ef8e44a6950c6ee24514fb6a5489e51d06f0298?s=96&d=mm&r=g\",\"contentUrl\":\"https:\\\/\\\/secure.gravatar.com\\\/avatar\\\/7ce1f28c0c3bbac99ff550b85ef8e44a6950c6ee24514fb6a5489e51d06f0298?s=96&d=mm&r=g\",\"caption\":\"webdo.tn\"},\"url\":\"https:\\\/\\\/www.webdo.tn\\\/fr\\\/actualite\\\/author\\\/webdotn\\\/\"}]}<\/script>\n<!-- \/ Yoast SEO Premium plugin. -->","yoast_head_json":{"title":"Apr\u00e8s le recrutement de Cheikh, le CA fait revenir Ben Chikha...On fait du \u2018check-up\u2019 au parc A !","description":"Apr\u00e8s le recrutement de Cheikh, le CA fait revenir Ben Chikha...On fait du \u2018check-up\u2019 au parc A !","canonical":"https:\/\/www.webdo.tn\/fr\/actualite\/sport\/apres-skander-cheikh-le-ca-fait-revenir-ben-chikha-on-fait-du-check-up-au-parc-a\/178355\/","og_locale":"fr_FR","og_type":"article","og_title":"Apr\u00e8s le recrutement de Cheikh, le CA fait revenir Ben Chikha...On fait du \u2018check-up\u2019 au parc A !","og_description":"Apr\u00e8s le recrutement de Cheikh, le CA fait revenir Ben Chikha...On fait du \u2018check-up\u2019 au parc A !","og_url":"https:\/\/www.webdo.tn\/fr\/actualite\/sport\/apres-skander-cheikh-le-ca-fait-revenir-ben-chikha-on-fait-du-check-up-au-parc-a\/178355\/","og_site_name":"webdo","article_publisher":"https:\/\/www.facebook.com\/webdotn","article_published_time":"2011-12-16T21:52:00+00:00","og_image":[{"width":150,"height":150,"url":"https:\/\/www.webdo.tn\/fr\/wp-content\/uploads\/2011\/12\/benchikha-150x150-1.jpg","type":"image\/jpeg"}],"author":"webdo.tn","twitter_card":"summary_large_image","twitter_creator":"@webdo_tn","twitter_site":"@webdo_tn","twitter_misc":{"\u00c9crit par":"webdo.tn","Dur\u00e9e de lecture estim\u00e9e":"1 minute"},"schema":{"@context":"https:\/\/schema.org","@graph":[{"@type":"NewsArticle","@id":"https:\/\/www.webdo.tn\/fr\/actualite\/sport\/apres-skander-cheikh-le-ca-fait-revenir-ben-chikha-on-fait-du-check-up-au-parc-a\/178355\/#article","isPartOf":{"@id":"https:\/\/www.webdo.tn\/fr\/actualite\/sport\/apres-skander-cheikh-le-ca-fait-revenir-ben-chikha-on-fait-du-check-up-au-parc-a\/178355\/"},"author":{"name":"webdo.tn","@id":"https:\/\/www.webdo.tn\/fr\/#\/schema\/person\/9a9c6118d687c117df8ef3cc36a4d175"},"headline":"Apr\u00e8s le recrutement de Cheikh, le CA fait revenir Ben Chikha&#8230;On fait du \u2018check-up\u2019 au parc A !","datePublished":"2011-12-16T21:52:00+00:00","mainEntityOfPage":{"@id":"https:\/\/www.webdo.tn\/fr\/actualite\/sport\/apres-skander-cheikh-le-ca-fait-revenir-ben-chikha-on-fait-du-check-up-au-parc-a\/178355\/"},"wordCount":314,"commentCount":0,"publisher":{"@id":"https:\/\/www.webdo.tn\/fr\/#organization"},"image":{"@id":"https:\/\/www.webdo.tn\/fr\/actualite\/sport\/apres-skander-cheikh-le-ca-fait-revenir-ben-chikha-on-fait-du-check-up-au-parc-a\/178355\/#primaryimage"},"thumbnailUrl":"https:\/\/www.webdo.tn\/fr\/wp-content\/uploads\/2011\/12\/benchikha-150x150-1.jpg","keywords":["guerre"],"articleSection":["Sport"],"inLanguage":"fr-FR"},{"@type":"WebPage","@id":"https:\/\/www.webdo.tn\/fr\/actualite\/sport\/apres-skander-cheikh-le-ca-fait-revenir-ben-chikha-on-fait-du-check-up-au-parc-a\/178355\/","url":"https:\/\/www.webdo.tn\/fr\/actualite\/sport\/apres-skander-cheikh-le-ca-fait-revenir-ben-chikha-on-fait-du-check-up-au-parc-a\/178355\/","name":"Apr\u00e8s le recrutement de Cheikh, le CA fait revenir Ben Chikha...On fait du \u2018check-up\u2019 au parc A !","isPartOf":{"@id":"https:\/\/www.webdo.tn\/fr\/#website"},"primaryImageOfPage":{"@id":"https:\/\/www.webdo.tn\/fr\/actualite\/sport\/apres-skander-cheikh-le-ca-fait-revenir-ben-chikha-on-fait-du-check-up-au-parc-a\/178355\/#primaryimage"},"image":{"@id":"https:\/\/www.webdo.tn\/fr\/actualite\/sport\/apres-skander-cheikh-le-ca-fait-revenir-ben-chikha-on-fait-du-check-up-au-parc-a\/178355\/#primaryimage"},"thumbnailUrl":"https:\/\/www.webdo.tn\/fr\/wp-content\/uploads\/2011\/12\/benchikha-150x150-1.jpg","datePublished":"2011-12-16T21:52:00+00:00","description":"Apr\u00e8s le recrutement de Cheikh, le CA fait revenir Ben Chikha...On fait du \u2018check-up\u2019 au parc A !","breadcrumb":{"@id":"https:\/\/www.webdo.tn\/fr\/actualite\/sport\/apres-skander-cheikh-le-ca-fait-revenir-ben-chikha-on-fait-du-check-up-au-parc-a\/178355\/#breadcrumb"},"inLanguage":"fr-FR","potentialAction":[{"@type":"ReadAction","target":["https:\/\/www.webdo.tn\/fr\/actualite\/sport\/apres-skander-cheikh-le-ca-fait-revenir-ben-chikha-on-fait-du-check-up-au-parc-a\/178355\/"]}]},{"@type":"ImageObject","inLanguage":"fr-FR","@id":"https:\/\/www.webdo.tn\/fr\/actualite\/sport\/apres-skander-cheikh-le-ca-fait-revenir-ben-chikha-on-fait-du-check-up-au-parc-a\/178355\/#primaryimage","url":"https:\/\/www.webdo.tn\/fr\/wp-content\/uploads\/2011\/12\/benchikha-150x150-1.jpg","contentUrl":"https:\/\/www.webdo.tn\/fr\/wp-content\/uploads\/2011\/12\/benchikha-150x150-1.jpg","width":150,"height":150,"caption":"Apr\u00e8s le recrutement de Cheikh, le CA fait revenir Ben Chikha...On fait du \u2018check-up\u2019 au parc A !"},{"@type":"BreadcrumbList","@id":"https:\/\/www.webdo.tn\/fr\/actualite\/sport\/apres-skander-cheikh-le-ca-fait-revenir-ben-chikha-on-fait-du-check-up-au-parc-a\/178355\/#breadcrumb","itemListElement":[{"@type":"ListItem","position":1,"name":"Accueil","item":"https:\/\/www.webdo.tn\/fr\/"},{"@type":"ListItem","position":2,"name":"Apr\u00e8s le recrutement de Cheikh, le CA fait revenir Ben Chikha&#8230;On fait du \u2018check-up\u2019 au parc A !"}]},{"@type":"WebSite","@id":"https:\/\/www.webdo.tn\/fr\/#website","url":"https:\/\/www.webdo.tn\/fr\/","name":"webdo","description":"Tunisie - News en Tunisie et \u00e0 l&#039;international sur Webdo.tn","publisher":{"@id":"https:\/\/www.webdo.tn\/fr\/#organization"},"potentialAction":[{"@type":"SearchAction","target":{"@type":"EntryPoint","urlTemplate":"https:\/\/www.webdo.tn\/fr\/?s={search_term_string}"},"query-input":{"@type":"PropertyValueSpecification","valueRequired":true,"valueName":"search_term_string"}}],"inLanguage":"fr-FR"},{"@type":"Organization","@id":"https:\/\/www.webdo.tn\/fr\/#organization","name":"Webdo","alternateName":"Webdo.tn","url":"https:\/\/www.webdo.tn\/fr\/","logo":{"@type":"ImageObject","inLanguage":"fr-FR","@id":"https:\/\/www.webdo.tn\/fr\/#\/schema\/logo\/image\/","url":"https:\/\/www.webdo.tn\/fr\/wp-content\/uploads\/2025\/06\/Webdo-Tunisie_168377.jpg","contentUrl":"https:\/\/www.webdo.tn\/fr\/wp-content\/uploads\/2025\/06\/Webdo-Tunisie_168377.jpg","width":301,"height":301,"caption":"Webdo"},"image":{"@id":"https:\/\/www.webdo.tn\/fr\/#\/schema\/logo\/image\/"},"sameAs":["https:\/\/www.facebook.com\/webdotn","https:\/\/x.com\/webdo_tn"],"description":"Webdo est un m\u00e9dia num\u00e9rique tunisien fond\u00e9 en 2010, sp\u00e9cialis\u00e9 dans l\u2019actualit\u00e9 nationale et internationale, l\u2019\u00e9conomie, la soci\u00e9t\u00e9 et les analyses politiques. Le site s\u2019adresse \u00e0 un large public francophone et couvre l\u2019information tunisienne en temps r\u00e9el.","email":"redac@webdo.tn","legalName":"YNJ SARL","foundingDate":"2010-09-06","numberOfEmployees":{"@type":"QuantitativeValue","minValue":"11","maxValue":"50"}},{"@type":"Person","@id":"https:\/\/www.webdo.tn\/fr\/#\/schema\/person\/9a9c6118d687c117df8ef3cc36a4d175","name":"webdo.tn","image":{"@type":"ImageObject","inLanguage":"fr-FR","@id":"https:\/\/secure.gravatar.com\/avatar\/7ce1f28c0c3bbac99ff550b85ef8e44a6950c6ee24514fb6a5489e51d06f0298?s=96&d=mm&r=g","url":"https:\/\/secure.gravatar.com\/avatar\/7ce1f28c0c3bbac99ff550b85ef8e44a6950c6ee24514fb6a5489e51d06f0298?s=96&d=mm&r=g","contentUrl":"https:\/\/secure.gravatar.com\/avatar\/7ce1f28c0c3bbac99ff550b85ef8e44a6950c6ee24514fb6a5489e51d06f0298?s=96&d=mm&r=g","caption":"webdo.tn"},"url":"https:\/\/www.webdo.tn\/fr\/actualite\/author\/webdotn\/"}]}},"_links":{"self":[{"href":"https:\/\/www.webdo.tn\/fr\/wp-json\/wp\/v2\/posts\/178355","targetHints":{"allow":["GET"]}}],"collection":[{"href":"https:\/\/www.webdo.tn\/fr\/wp-json\/wp\/v2\/posts"}],"about":[{"href":"https:\/\/www.webdo.tn\/fr\/wp-json\/wp\/v2\/types\/post"}],"author":[{"embeddable":true,"href":"https:\/\/www.webdo.tn\/fr\/wp-json\/wp\/v2\/users\/3222"}],"replies":[{"embeddable":true,"href":"https:\/\/www.webdo.tn\/fr\/wp-json\/wp\/v2\/comments?post=178355"}],"version-history":[{"count":0,"href":"https:\/\/www.webdo.tn\/fr\/wp-json\/wp\/v2\/posts\/178355\/revisions"}],"wp:featuredmedia":[{"embeddable":true,"href":"https:\/\/www.webdo.tn\/fr\/wp-json\/wp\/v2\/media\/333871"}],"wp:attachment":[{"href":"https:\/\/www.webdo.tn\/fr\/wp-json\/wp\/v2\/media?parent=178355"}],"wp:term":[{"taxonomy":"category","embeddable":true,"href":"https:\/\/www.webdo.tn\/fr\/wp-json\/wp\/v2\/categories?post=178355"},{"taxonomy":"post_tag","embeddable":true,"href":"https:\/\/www.webdo.tn\/fr\/wp-json\/wp\/v2\/tags?post=178355"}],"curies":[{"name":"wp","href":"https:\/\/api.w.org\/{rel}","templated":true}]}}