{"id":175864,"date":"2018-07-18T14:45:00","date_gmt":"2018-07-18T14:45:00","guid":{"rendered":"https:\/\/www.webdo.tn\/fr\/blog\/lina-une-jeune-tunisienne-sacree-championne-us-en-karate\/175864\/"},"modified":"2025-05-19T14:21:45","modified_gmt":"2025-05-19T14:21:45","slug":"lina-une-jeune-tunisienne-sacree-championne-us-en-karate","status":"publish","type":"post","link":"https:\/\/www.webdo.tn\/fr\/actualite\/sport\/lina-une-jeune-tunisienne-sacree-championne-us-en-karate\/175864\/","title":{"rendered":"Lina, une jeune tunisienne, sacr\u00e9e Championne US en karat\u00e9"},"content":{"rendered":"<p>Pour la deuxi\u00e8me fois, le champion d&rsquo;Am\u00e9rique en karat\u00e9 est tunisien !<\/p>\n<p>En effet, Lina Touati, karatewoman tunisienne r\u00e9sidente aux Etats-Unis a remport\u00e9, la semaine derni\u00e8re, l&rsquo;or dans le USA NATIONAL CHAMPIONSHIP &amp; Team trials 2018, organis\u00e9 dans l&rsquo;\u00e9tat du Nevada du 10 au 15 juillet.<\/p>\n<p>Ayant particip\u00e9 dans la cat\u00e9gorie senior (18-34 ans) et fini sa participation brillamment, Lina a exprim\u00e9, dans une d\u00e9claration accord\u00e9e \u00e0 Webdo, sa joie quant aux r\u00e9sultats r\u00e9alis\u00e9s depuis son d\u00e9part en Am\u00e9rique.<\/p>\n<p>Rappelons qu&rsquo;en d\u00e9cembre, Lina avait \u00e9galement remport\u00e9 une m\u00e9daille d\u2019or \u00e0 l\u2019American Shotokan Karate Championship.<\/p>\n<p>Son\u00a0plus grand r\u00eave reste de remporter l\u2019Or aux jeux olympiques de Tokyo, en 2020&#8230;<\/p>\n","protected":false},"excerpt":{"rendered":"<p>Lina, une jeune tunisienne, sacr\u00e9e Championne US en karat\u00e9<\/p>\n","protected":false},"author":3222,"featured_media":298778,"comment_status":"open","ping_status":"closed","sticky":false,"template":"","format":"standard","meta":{"footnotes":""},"categories":[2593],"tags":[2600],"class_list":["post-175864","post","type-post","status-publish","format-standard","has-post-thumbnail","hentry","category-sport","tag-guerre"],"yoast_head":"<!-- This site is optimized with the Yoast SEO Premium plugin v27.5 (Yoast SEO v27.5) - https:\/\/yoast.com\/product\/yoast-seo-premium-wordpress\/ -->\n<title>Lina, une jeune tunisienne, sacr\u00e9e Championne US en karat\u00e9<\/title>\n<meta name=\"description\" content=\"Lina, une jeune tunisienne, sacr\u00e9e Championne US en karat\u00e9\" \/>\n<link rel=\"canonical\" href=\"https:\/\/www.webdo.tn\/fr\/actualite\/sport\/lina-une-jeune-tunisienne-sacree-championne-us-en-karate\/175864\/\" \/>\n<meta property=\"og:locale\" content=\"fr_FR\" \/>\n<meta property=\"og:type\" content=\"article\" \/>\n<meta property=\"og:title\" content=\"Lina, une jeune tunisienne, sacr\u00e9e Championne US en karat\u00e9\" \/>\n<meta property=\"og:description\" content=\"Lina, une jeune tunisienne, sacr\u00e9e Championne US en karat\u00e9\" \/>\n<meta property=\"og:url\" content=\"https:\/\/www.webdo.tn\/fr\/actualite\/sport\/lina-une-jeune-tunisienne-sacree-championne-us-en-karate\/175864\/\" \/>\n<meta property=\"og:site_name\" content=\"webdo\" \/>\n<meta property=\"article:publisher\" content=\"https:\/\/www.facebook.com\/webdotn\" \/>\n<meta property=\"article:published_time\" content=\"2018-07-18T14:45:00+00:00\" \/>\n<meta property=\"article:modified_time\" content=\"2025-05-19T14:21:45+00:00\" \/>\n<meta property=\"og:image\" content=\"https:\/\/www.webdo.tn\/fr\/wp-content\/uploads\/2018\/07\/lina.jpg\" \/>\n\t<meta property=\"og:image:width\" content=\"960\" \/>\n\t<meta property=\"og:image:height\" content=\"959\" \/>\n\t<meta property=\"og:image:type\" content=\"image\/jpeg\" \/>\n<meta name=\"author\" content=\"webdo.tn\" \/>\n<meta name=\"twitter:card\" content=\"summary_large_image\" \/>\n<meta name=\"twitter:creator\" content=\"@webdo_tn\" \/>\n<meta name=\"twitter:site\" content=\"@webdo_tn\" \/>\n<meta name=\"twitter:label1\" content=\"\u00c9crit par\" \/>\n\t<meta name=\"twitter:data1\" content=\"webdo.tn\" \/>\n\t<meta name=\"twitter:label2\" content=\"Dur\u00e9e de lecture estim\u00e9e\" \/>\n\t<meta name=\"twitter:data2\" content=\"1 minute\" \/>\n<script type=\"application\/ld+json\" class=\"yoast-schema-graph\">{\"@context\":\"https:\\\/\\\/schema.org\",\"@graph\":[{\"@type\":\"NewsArticle\",\"@id\":\"https:\\\/\\\/www.webdo.tn\\\/fr\\\/actualite\\\/sport\\\/lina-une-jeune-tunisienne-sacree-championne-us-en-karate\\\/175864\\\/#article\",\"isPartOf\":{\"@id\":\"https:\\\/\\\/www.webdo.tn\\\/fr\\\/actualite\\\/sport\\\/lina-une-jeune-tunisienne-sacree-championne-us-en-karate\\\/175864\\\/\"},\"author\":{\"name\":\"webdo.tn\",\"@id\":\"https:\\\/\\\/www.webdo.tn\\\/fr\\\/#\\\/schema\\\/person\\\/9a9c6118d687c117df8ef3cc36a4d175\"},\"headline\":\"Lina, une jeune tunisienne, sacr\u00e9e Championne US en karat\u00e9\",\"datePublished\":\"2018-07-18T14:45:00+00:00\",\"dateModified\":\"2025-05-19T14:21:45+00:00\",\"mainEntityOfPage\":{\"@id\":\"https:\\\/\\\/www.webdo.tn\\\/fr\\\/actualite\\\/sport\\\/lina-une-jeune-tunisienne-sacree-championne-us-en-karate\\\/175864\\\/\"},\"wordCount\":134,\"commentCount\":0,\"publisher\":{\"@id\":\"https:\\\/\\\/www.webdo.tn\\\/fr\\\/#organization\"},\"image\":{\"@id\":\"https:\\\/\\\/www.webdo.tn\\\/fr\\\/actualite\\\/sport\\\/lina-une-jeune-tunisienne-sacree-championne-us-en-karate\\\/175864\\\/#primaryimage\"},\"thumbnailUrl\":\"https:\\\/\\\/www.webdo.tn\\\/fr\\\/wp-content\\\/uploads\\\/2018\\\/07\\\/lina.jpg\",\"keywords\":[\"guerre\"],\"articleSection\":[\"Sport\"],\"inLanguage\":\"fr-FR\"},{\"@type\":\"WebPage\",\"@id\":\"https:\\\/\\\/www.webdo.tn\\\/fr\\\/actualite\\\/sport\\\/lina-une-jeune-tunisienne-sacree-championne-us-en-karate\\\/175864\\\/\",\"url\":\"https:\\\/\\\/www.webdo.tn\\\/fr\\\/actualite\\\/sport\\\/lina-une-jeune-tunisienne-sacree-championne-us-en-karate\\\/175864\\\/\",\"name\":\"Lina, une jeune tunisienne, sacr\u00e9e Championne US en karat\u00e9\",\"isPartOf\":{\"@id\":\"https:\\\/\\\/www.webdo.tn\\\/fr\\\/#website\"},\"primaryImageOfPage\":{\"@id\":\"https:\\\/\\\/www.webdo.tn\\\/fr\\\/actualite\\\/sport\\\/lina-une-jeune-tunisienne-sacree-championne-us-en-karate\\\/175864\\\/#primaryimage\"},\"image\":{\"@id\":\"https:\\\/\\\/www.webdo.tn\\\/fr\\\/actualite\\\/sport\\\/lina-une-jeune-tunisienne-sacree-championne-us-en-karate\\\/175864\\\/#primaryimage\"},\"thumbnailUrl\":\"https:\\\/\\\/www.webdo.tn\\\/fr\\\/wp-content\\\/uploads\\\/2018\\\/07\\\/lina.jpg\",\"datePublished\":\"2018-07-18T14:45:00+00:00\",\"dateModified\":\"2025-05-19T14:21:45+00:00\",\"description\":\"Lina, une jeune tunisienne, sacr\u00e9e Championne US en karat\u00e9\",\"breadcrumb\":{\"@id\":\"https:\\\/\\\/www.webdo.tn\\\/fr\\\/actualite\\\/sport\\\/lina-une-jeune-tunisienne-sacree-championne-us-en-karate\\\/175864\\\/#breadcrumb\"},\"inLanguage\":\"fr-FR\",\"potentialAction\":[{\"@type\":\"ReadAction\",\"target\":[\"https:\\\/\\\/www.webdo.tn\\\/fr\\\/actualite\\\/sport\\\/lina-une-jeune-tunisienne-sacree-championne-us-en-karate\\\/175864\\\/\"]}]},{\"@type\":\"ImageObject\",\"inLanguage\":\"fr-FR\",\"@id\":\"https:\\\/\\\/www.webdo.tn\\\/fr\\\/actualite\\\/sport\\\/lina-une-jeune-tunisienne-sacree-championne-us-en-karate\\\/175864\\\/#primaryimage\",\"url\":\"https:\\\/\\\/www.webdo.tn\\\/fr\\\/wp-content\\\/uploads\\\/2018\\\/07\\\/lina.jpg\",\"contentUrl\":\"https:\\\/\\\/www.webdo.tn\\\/fr\\\/wp-content\\\/uploads\\\/2018\\\/07\\\/lina.jpg\",\"width\":960,\"height\":959,\"caption\":\"Lina, une jeune tunisienne, sacr\u00e9e Championne US en karat\u00e9\"},{\"@type\":\"BreadcrumbList\",\"@id\":\"https:\\\/\\\/www.webdo.tn\\\/fr\\\/actualite\\\/sport\\\/lina-une-jeune-tunisienne-sacree-championne-us-en-karate\\\/175864\\\/#breadcrumb\",\"itemListElement\":[{\"@type\":\"ListItem\",\"position\":1,\"name\":\"Accueil\",\"item\":\"https:\\\/\\\/www.webdo.tn\\\/fr\\\/\"},{\"@type\":\"ListItem\",\"position\":2,\"name\":\"Lina, une jeune tunisienne, sacr\u00e9e Championne US en karat\u00e9\"}]},{\"@type\":\"WebSite\",\"@id\":\"https:\\\/\\\/www.webdo.tn\\\/fr\\\/#website\",\"url\":\"https:\\\/\\\/www.webdo.tn\\\/fr\\\/\",\"name\":\"webdo\",\"description\":\"Tunisie - News en Tunisie et \u00e0 l&#039;international sur Webdo.tn\",\"publisher\":{\"@id\":\"https:\\\/\\\/www.webdo.tn\\\/fr\\\/#organization\"},\"potentialAction\":[{\"@type\":\"SearchAction\",\"target\":{\"@type\":\"EntryPoint\",\"urlTemplate\":\"https:\\\/\\\/www.webdo.tn\\\/fr\\\/?s={search_term_string}\"},\"query-input\":{\"@type\":\"PropertyValueSpecification\",\"valueRequired\":true,\"valueName\":\"search_term_string\"}}],\"inLanguage\":\"fr-FR\"},{\"@type\":\"Organization\",\"@id\":\"https:\\\/\\\/www.webdo.tn\\\/fr\\\/#organization\",\"name\":\"Webdo\",\"alternateName\":\"Webdo.tn\",\"url\":\"https:\\\/\\\/www.webdo.tn\\\/fr\\\/\",\"logo\":{\"@type\":\"ImageObject\",\"inLanguage\":\"fr-FR\",\"@id\":\"https:\\\/\\\/www.webdo.tn\\\/fr\\\/#\\\/schema\\\/logo\\\/image\\\/\",\"url\":\"https:\\\/\\\/www.webdo.tn\\\/fr\\\/wp-content\\\/uploads\\\/2025\\\/06\\\/Webdo-Tunisie_168377.jpg\",\"contentUrl\":\"https:\\\/\\\/www.webdo.tn\\\/fr\\\/wp-content\\\/uploads\\\/2025\\\/06\\\/Webdo-Tunisie_168377.jpg\",\"width\":301,\"height\":301,\"caption\":\"Webdo\"},\"image\":{\"@id\":\"https:\\\/\\\/www.webdo.tn\\\/fr\\\/#\\\/schema\\\/logo\\\/image\\\/\"},\"sameAs\":[\"https:\\\/\\\/www.facebook.com\\\/webdotn\",\"https:\\\/\\\/x.com\\\/webdo_tn\"],\"description\":\"Webdo est un m\u00e9dia num\u00e9rique tunisien fond\u00e9 en 2010, sp\u00e9cialis\u00e9 dans l\u2019actualit\u00e9 nationale et internationale, l\u2019\u00e9conomie, la soci\u00e9t\u00e9 et les analyses politiques. Le site s\u2019adresse \u00e0 un large public francophone et couvre l\u2019information tunisienne en temps r\u00e9el.\",\"email\":\"redac@webdo.tn\",\"legalName\":\"YNJ SARL\",\"foundingDate\":\"2010-09-06\",\"numberOfEmployees\":{\"@type\":\"QuantitativeValue\",\"minValue\":\"11\",\"maxValue\":\"50\"}},{\"@type\":\"Person\",\"@id\":\"https:\\\/\\\/www.webdo.tn\\\/fr\\\/#\\\/schema\\\/person\\\/9a9c6118d687c117df8ef3cc36a4d175\",\"name\":\"webdo.tn\",\"image\":{\"@type\":\"ImageObject\",\"inLanguage\":\"fr-FR\",\"@id\":\"https:\\\/\\\/secure.gravatar.com\\\/avatar\\\/7ce1f28c0c3bbac99ff550b85ef8e44a6950c6ee24514fb6a5489e51d06f0298?s=96&d=mm&r=g\",\"url\":\"https:\\\/\\\/secure.gravatar.com\\\/avatar\\\/7ce1f28c0c3bbac99ff550b85ef8e44a6950c6ee24514fb6a5489e51d06f0298?s=96&d=mm&r=g\",\"contentUrl\":\"https:\\\/\\\/secure.gravatar.com\\\/avatar\\\/7ce1f28c0c3bbac99ff550b85ef8e44a6950c6ee24514fb6a5489e51d06f0298?s=96&d=mm&r=g\",\"caption\":\"webdo.tn\"},\"url\":\"https:\\\/\\\/www.webdo.tn\\\/fr\\\/actualite\\\/author\\\/webdotn\\\/\"}]}<\/script>\n<!-- \/ Yoast SEO Premium plugin. -->","yoast_head_json":{"title":"Lina, une jeune tunisienne, sacr\u00e9e Championne US en karat\u00e9","description":"Lina, une jeune tunisienne, sacr\u00e9e Championne US en karat\u00e9","canonical":"https:\/\/www.webdo.tn\/fr\/actualite\/sport\/lina-une-jeune-tunisienne-sacree-championne-us-en-karate\/175864\/","og_locale":"fr_FR","og_type":"article","og_title":"Lina, une jeune tunisienne, sacr\u00e9e Championne US en karat\u00e9","og_description":"Lina, une jeune tunisienne, sacr\u00e9e Championne US en karat\u00e9","og_url":"https:\/\/www.webdo.tn\/fr\/actualite\/sport\/lina-une-jeune-tunisienne-sacree-championne-us-en-karate\/175864\/","og_site_name":"webdo","article_publisher":"https:\/\/www.facebook.com\/webdotn","article_published_time":"2018-07-18T14:45:00+00:00","article_modified_time":"2025-05-19T14:21:45+00:00","og_image":[{"width":960,"height":959,"url":"https:\/\/www.webdo.tn\/fr\/wp-content\/uploads\/2018\/07\/lina.jpg","type":"image\/jpeg"}],"author":"webdo.tn","twitter_card":"summary_large_image","twitter_creator":"@webdo_tn","twitter_site":"@webdo_tn","twitter_misc":{"\u00c9crit par":"webdo.tn","Dur\u00e9e de lecture estim\u00e9e":"1 minute"},"schema":{"@context":"https:\/\/schema.org","@graph":[{"@type":"NewsArticle","@id":"https:\/\/www.webdo.tn\/fr\/actualite\/sport\/lina-une-jeune-tunisienne-sacree-championne-us-en-karate\/175864\/#article","isPartOf":{"@id":"https:\/\/www.webdo.tn\/fr\/actualite\/sport\/lina-une-jeune-tunisienne-sacree-championne-us-en-karate\/175864\/"},"author":{"name":"webdo.tn","@id":"https:\/\/www.webdo.tn\/fr\/#\/schema\/person\/9a9c6118d687c117df8ef3cc36a4d175"},"headline":"Lina, une jeune tunisienne, sacr\u00e9e Championne US en karat\u00e9","datePublished":"2018-07-18T14:45:00+00:00","dateModified":"2025-05-19T14:21:45+00:00","mainEntityOfPage":{"@id":"https:\/\/www.webdo.tn\/fr\/actualite\/sport\/lina-une-jeune-tunisienne-sacree-championne-us-en-karate\/175864\/"},"wordCount":134,"commentCount":0,"publisher":{"@id":"https:\/\/www.webdo.tn\/fr\/#organization"},"image":{"@id":"https:\/\/www.webdo.tn\/fr\/actualite\/sport\/lina-une-jeune-tunisienne-sacree-championne-us-en-karate\/175864\/#primaryimage"},"thumbnailUrl":"https:\/\/www.webdo.tn\/fr\/wp-content\/uploads\/2018\/07\/lina.jpg","keywords":["guerre"],"articleSection":["Sport"],"inLanguage":"fr-FR"},{"@type":"WebPage","@id":"https:\/\/www.webdo.tn\/fr\/actualite\/sport\/lina-une-jeune-tunisienne-sacree-championne-us-en-karate\/175864\/","url":"https:\/\/www.webdo.tn\/fr\/actualite\/sport\/lina-une-jeune-tunisienne-sacree-championne-us-en-karate\/175864\/","name":"Lina, une jeune tunisienne, sacr\u00e9e Championne US en karat\u00e9","isPartOf":{"@id":"https:\/\/www.webdo.tn\/fr\/#website"},"primaryImageOfPage":{"@id":"https:\/\/www.webdo.tn\/fr\/actualite\/sport\/lina-une-jeune-tunisienne-sacree-championne-us-en-karate\/175864\/#primaryimage"},"image":{"@id":"https:\/\/www.webdo.tn\/fr\/actualite\/sport\/lina-une-jeune-tunisienne-sacree-championne-us-en-karate\/175864\/#primaryimage"},"thumbnailUrl":"https:\/\/www.webdo.tn\/fr\/wp-content\/uploads\/2018\/07\/lina.jpg","datePublished":"2018-07-18T14:45:00+00:00","dateModified":"2025-05-19T14:21:45+00:00","description":"Lina, une jeune tunisienne, sacr\u00e9e Championne US en karat\u00e9","breadcrumb":{"@id":"https:\/\/www.webdo.tn\/fr\/actualite\/sport\/lina-une-jeune-tunisienne-sacree-championne-us-en-karate\/175864\/#breadcrumb"},"inLanguage":"fr-FR","potentialAction":[{"@type":"ReadAction","target":["https:\/\/www.webdo.tn\/fr\/actualite\/sport\/lina-une-jeune-tunisienne-sacree-championne-us-en-karate\/175864\/"]}]},{"@type":"ImageObject","inLanguage":"fr-FR","@id":"https:\/\/www.webdo.tn\/fr\/actualite\/sport\/lina-une-jeune-tunisienne-sacree-championne-us-en-karate\/175864\/#primaryimage","url":"https:\/\/www.webdo.tn\/fr\/wp-content\/uploads\/2018\/07\/lina.jpg","contentUrl":"https:\/\/www.webdo.tn\/fr\/wp-content\/uploads\/2018\/07\/lina.jpg","width":960,"height":959,"caption":"Lina, une jeune tunisienne, sacr\u00e9e Championne US en karat\u00e9"},{"@type":"BreadcrumbList","@id":"https:\/\/www.webdo.tn\/fr\/actualite\/sport\/lina-une-jeune-tunisienne-sacree-championne-us-en-karate\/175864\/#breadcrumb","itemListElement":[{"@type":"ListItem","position":1,"name":"Accueil","item":"https:\/\/www.webdo.tn\/fr\/"},{"@type":"ListItem","position":2,"name":"Lina, une jeune tunisienne, sacr\u00e9e Championne US en karat\u00e9"}]},{"@type":"WebSite","@id":"https:\/\/www.webdo.tn\/fr\/#website","url":"https:\/\/www.webdo.tn\/fr\/","name":"webdo","description":"Tunisie - News en Tunisie et \u00e0 l&#039;international sur Webdo.tn","publisher":{"@id":"https:\/\/www.webdo.tn\/fr\/#organization"},"potentialAction":[{"@type":"SearchAction","target":{"@type":"EntryPoint","urlTemplate":"https:\/\/www.webdo.tn\/fr\/?s={search_term_string}"},"query-input":{"@type":"PropertyValueSpecification","valueRequired":true,"valueName":"search_term_string"}}],"inLanguage":"fr-FR"},{"@type":"Organization","@id":"https:\/\/www.webdo.tn\/fr\/#organization","name":"Webdo","alternateName":"Webdo.tn","url":"https:\/\/www.webdo.tn\/fr\/","logo":{"@type":"ImageObject","inLanguage":"fr-FR","@id":"https:\/\/www.webdo.tn\/fr\/#\/schema\/logo\/image\/","url":"https:\/\/www.webdo.tn\/fr\/wp-content\/uploads\/2025\/06\/Webdo-Tunisie_168377.jpg","contentUrl":"https:\/\/www.webdo.tn\/fr\/wp-content\/uploads\/2025\/06\/Webdo-Tunisie_168377.jpg","width":301,"height":301,"caption":"Webdo"},"image":{"@id":"https:\/\/www.webdo.tn\/fr\/#\/schema\/logo\/image\/"},"sameAs":["https:\/\/www.facebook.com\/webdotn","https:\/\/x.com\/webdo_tn"],"description":"Webdo est un m\u00e9dia num\u00e9rique tunisien fond\u00e9 en 2010, sp\u00e9cialis\u00e9 dans l\u2019actualit\u00e9 nationale et internationale, l\u2019\u00e9conomie, la soci\u00e9t\u00e9 et les analyses politiques. Le site s\u2019adresse \u00e0 un large public francophone et couvre l\u2019information tunisienne en temps r\u00e9el.","email":"redac@webdo.tn","legalName":"YNJ SARL","foundingDate":"2010-09-06","numberOfEmployees":{"@type":"QuantitativeValue","minValue":"11","maxValue":"50"}},{"@type":"Person","@id":"https:\/\/www.webdo.tn\/fr\/#\/schema\/person\/9a9c6118d687c117df8ef3cc36a4d175","name":"webdo.tn","image":{"@type":"ImageObject","inLanguage":"fr-FR","@id":"https:\/\/secure.gravatar.com\/avatar\/7ce1f28c0c3bbac99ff550b85ef8e44a6950c6ee24514fb6a5489e51d06f0298?s=96&d=mm&r=g","url":"https:\/\/secure.gravatar.com\/avatar\/7ce1f28c0c3bbac99ff550b85ef8e44a6950c6ee24514fb6a5489e51d06f0298?s=96&d=mm&r=g","contentUrl":"https:\/\/secure.gravatar.com\/avatar\/7ce1f28c0c3bbac99ff550b85ef8e44a6950c6ee24514fb6a5489e51d06f0298?s=96&d=mm&r=g","caption":"webdo.tn"},"url":"https:\/\/www.webdo.tn\/fr\/actualite\/author\/webdotn\/"}]}},"_links":{"self":[{"href":"https:\/\/www.webdo.tn\/fr\/wp-json\/wp\/v2\/posts\/175864","targetHints":{"allow":["GET"]}}],"collection":[{"href":"https:\/\/www.webdo.tn\/fr\/wp-json\/wp\/v2\/posts"}],"about":[{"href":"https:\/\/www.webdo.tn\/fr\/wp-json\/wp\/v2\/types\/post"}],"author":[{"embeddable":true,"href":"https:\/\/www.webdo.tn\/fr\/wp-json\/wp\/v2\/users\/3222"}],"replies":[{"embeddable":true,"href":"https:\/\/www.webdo.tn\/fr\/wp-json\/wp\/v2\/comments?post=175864"}],"version-history":[{"count":0,"href":"https:\/\/www.webdo.tn\/fr\/wp-json\/wp\/v2\/posts\/175864\/revisions"}],"wp:featuredmedia":[{"embeddable":true,"href":"https:\/\/www.webdo.tn\/fr\/wp-json\/wp\/v2\/media\/298778"}],"wp:attachment":[{"href":"https:\/\/www.webdo.tn\/fr\/wp-json\/wp\/v2\/media?parent=175864"}],"wp:term":[{"taxonomy":"category","embeddable":true,"href":"https:\/\/www.webdo.tn\/fr\/wp-json\/wp\/v2\/categories?post=175864"},{"taxonomy":"post_tag","embeddable":true,"href":"https:\/\/www.webdo.tn\/fr\/wp-json\/wp\/v2\/tags?post=175864"}],"curies":[{"name":"wp","href":"https:\/\/api.w.org\/{rel}","templated":true}]}}