{"id":175567,"date":"2019-03-21T09:17:00","date_gmt":"2019-03-21T09:17:00","guid":{"rendered":"https:\/\/www.webdo.tn\/fr\/blog\/violence-dans-les-stades-les-nouvelles-mesures-du-ministere-de-linterieur\/175567\/"},"modified":"2019-03-21T09:17:00","modified_gmt":"2019-03-21T09:17:00","slug":"violence-dans-les-stades-les-nouvelles-mesures-du-ministere-de-linterieur","status":"publish","type":"post","link":"https:\/\/www.webdo.tn\/fr\/actualite\/sport\/violence-dans-les-stades-les-nouvelles-mesures-du-ministere-de-linterieur\/175567\/","title":{"rendered":"Violence dans les stades : Les nouvelles mesures du minist\u00e8re de l&rsquo;Int\u00e9rieur"},"content":{"rendered":"<p>Le fl\u00e9au de la violence dans les stades est toujours bien pr\u00e9sent et les actes de violence dans nos enceintes sportives se poursuivent. A ce titre, le minist\u00e8re de l&rsquo;Int\u00e9rieur a d\u00e9cid\u00e9 de prendre plusieurs mesures afin de stopper cette violence.<\/p>\n<p>Premi\u00e8re d\u00e9cision de taille, la fermeture des virages dans tous les stades qui ont connu des cas de violence et des d\u00e9passements.<\/p>\n<p>L&rsquo;interdiction des supporters de moins de 18 ans d&rsquo;acc\u00e9der aux diff\u00e9rentes enceintes sportives est \u00ab\u00a0r\u00e9activ\u00e9e\u00a0\u00bb alors qu&rsquo;elle avait \u00e9t\u00e9 assouplie.<\/p>\n<p>A partir de maintenant et jusuq&rsquo;\u00e0 la fin de la saison, les rencontres se d\u00e9rouleront sans la pr\u00e9sence des supporters visiteurs.<\/p>\n<p>Une autre mesure et non des moindres pourrait obliger plusieurs \u00e9quipes \u00e0 jouer \u00e0 huis-clos ou \u00e0 migrer vers d&rsquo;autres stades puisque les enceintes sportives qui n&rsquo;ont pas \u00e9t\u00e9 homologu\u00e9es ne pourront plus accueillir de spectateurs.<\/p>\n","protected":false},"excerpt":{"rendered":"<p>Violence dans les stades : Les nouvelles mesures du minist\u00e8re de l&rsquo;Int\u00e9rieur<\/p>\n","protected":false},"author":3222,"featured_media":342642,"comment_status":"open","ping_status":"closed","sticky":false,"template":"","format":"standard","meta":{"footnotes":""},"categories":[2593],"tags":[2600],"class_list":["post-175567","post","type-post","status-publish","format-standard","has-post-thumbnail","hentry","category-sport","tag-guerre"],"yoast_head":"<!-- This site is optimized with the Yoast SEO Premium plugin v27.4 (Yoast SEO v27.5) - https:\/\/yoast.com\/product\/yoast-seo-premium-wordpress\/ -->\n<title>Violence dans les stades : Les nouvelles mesures du minist\u00e8re de l&#039;Int\u00e9rieur<\/title>\n<meta name=\"description\" content=\"Violence dans les stades : Les nouvelles mesures du minist\u00e8re de l&#039;Int\u00e9rieur\" \/>\n<link rel=\"canonical\" href=\"https:\/\/www.webdo.tn\/fr\/actualite\/sport\/violence-dans-les-stades-les-nouvelles-mesures-du-ministere-de-linterieur\/175567\/\" \/>\n<meta property=\"og:locale\" content=\"fr_FR\" \/>\n<meta property=\"og:type\" content=\"article\" \/>\n<meta property=\"og:title\" content=\"Violence dans les stades : Les nouvelles mesures du minist\u00e8re de l&#039;Int\u00e9rieur\" \/>\n<meta property=\"og:description\" content=\"Violence dans les stades : Les nouvelles mesures du minist\u00e8re de l&#039;Int\u00e9rieur\" \/>\n<meta property=\"og:url\" content=\"https:\/\/www.webdo.tn\/fr\/actualite\/sport\/violence-dans-les-stades-les-nouvelles-mesures-du-ministere-de-linterieur\/175567\/\" \/>\n<meta property=\"og:site_name\" content=\"webdo\" \/>\n<meta property=\"article:publisher\" content=\"https:\/\/www.facebook.com\/webdotn\" \/>\n<meta property=\"article:published_time\" content=\"2019-03-21T09:17:00+00:00\" \/>\n<meta property=\"og:image\" content=\"https:\/\/www.webdo.tn\/fr\/wp-content\/uploads\/2019\/03\/esperance-stade.jpg\" \/>\n\t<meta property=\"og:image:width\" content=\"900\" \/>\n\t<meta property=\"og:image:height\" content=\"450\" \/>\n\t<meta property=\"og:image:type\" content=\"image\/jpeg\" \/>\n<meta name=\"author\" content=\"webdo.tn\" \/>\n<meta name=\"twitter:card\" content=\"summary_large_image\" \/>\n<meta name=\"twitter:creator\" content=\"@webdo_tn\" \/>\n<meta name=\"twitter:site\" content=\"@webdo_tn\" \/>\n<meta name=\"twitter:label1\" content=\"\u00c9crit par\" \/>\n\t<meta name=\"twitter:data1\" content=\"webdo.tn\" \/>\n\t<meta name=\"twitter:label2\" content=\"Dur\u00e9e de lecture estim\u00e9e\" \/>\n\t<meta name=\"twitter:data2\" content=\"1 minute\" \/>\n<script type=\"application\/ld+json\" class=\"yoast-schema-graph\">{\"@context\":\"https:\\\/\\\/schema.org\",\"@graph\":[{\"@type\":\"NewsArticle\",\"@id\":\"https:\\\/\\\/www.webdo.tn\\\/fr\\\/actualite\\\/sport\\\/violence-dans-les-stades-les-nouvelles-mesures-du-ministere-de-linterieur\\\/175567\\\/#article\",\"isPartOf\":{\"@id\":\"https:\\\/\\\/www.webdo.tn\\\/fr\\\/actualite\\\/sport\\\/violence-dans-les-stades-les-nouvelles-mesures-du-ministere-de-linterieur\\\/175567\\\/\"},\"author\":{\"name\":\"webdo.tn\",\"@id\":\"https:\\\/\\\/www.webdo.tn\\\/fr\\\/#\\\/schema\\\/person\\\/9a9c6118d687c117df8ef3cc36a4d175\"},\"headline\":\"Violence dans les stades : Les nouvelles mesures du minist\u00e8re de l&rsquo;Int\u00e9rieur\",\"datePublished\":\"2019-03-21T09:17:00+00:00\",\"mainEntityOfPage\":{\"@id\":\"https:\\\/\\\/www.webdo.tn\\\/fr\\\/actualite\\\/sport\\\/violence-dans-les-stades-les-nouvelles-mesures-du-ministere-de-linterieur\\\/175567\\\/\"},\"wordCount\":171,\"commentCount\":0,\"publisher\":{\"@id\":\"https:\\\/\\\/www.webdo.tn\\\/fr\\\/#organization\"},\"image\":{\"@id\":\"https:\\\/\\\/www.webdo.tn\\\/fr\\\/actualite\\\/sport\\\/violence-dans-les-stades-les-nouvelles-mesures-du-ministere-de-linterieur\\\/175567\\\/#primaryimage\"},\"thumbnailUrl\":\"https:\\\/\\\/www.webdo.tn\\\/fr\\\/wp-content\\\/uploads\\\/2019\\\/03\\\/esperance-stade.jpg\",\"keywords\":[\"guerre\"],\"articleSection\":[\"Sport\"],\"inLanguage\":\"fr-FR\"},{\"@type\":\"WebPage\",\"@id\":\"https:\\\/\\\/www.webdo.tn\\\/fr\\\/actualite\\\/sport\\\/violence-dans-les-stades-les-nouvelles-mesures-du-ministere-de-linterieur\\\/175567\\\/\",\"url\":\"https:\\\/\\\/www.webdo.tn\\\/fr\\\/actualite\\\/sport\\\/violence-dans-les-stades-les-nouvelles-mesures-du-ministere-de-linterieur\\\/175567\\\/\",\"name\":\"Violence dans les stades : Les nouvelles mesures du minist\u00e8re de l'Int\u00e9rieur\",\"isPartOf\":{\"@id\":\"https:\\\/\\\/www.webdo.tn\\\/fr\\\/#website\"},\"primaryImageOfPage\":{\"@id\":\"https:\\\/\\\/www.webdo.tn\\\/fr\\\/actualite\\\/sport\\\/violence-dans-les-stades-les-nouvelles-mesures-du-ministere-de-linterieur\\\/175567\\\/#primaryimage\"},\"image\":{\"@id\":\"https:\\\/\\\/www.webdo.tn\\\/fr\\\/actualite\\\/sport\\\/violence-dans-les-stades-les-nouvelles-mesures-du-ministere-de-linterieur\\\/175567\\\/#primaryimage\"},\"thumbnailUrl\":\"https:\\\/\\\/www.webdo.tn\\\/fr\\\/wp-content\\\/uploads\\\/2019\\\/03\\\/esperance-stade.jpg\",\"datePublished\":\"2019-03-21T09:17:00+00:00\",\"description\":\"Violence dans les stades : Les nouvelles mesures du minist\u00e8re de l'Int\u00e9rieur\",\"breadcrumb\":{\"@id\":\"https:\\\/\\\/www.webdo.tn\\\/fr\\\/actualite\\\/sport\\\/violence-dans-les-stades-les-nouvelles-mesures-du-ministere-de-linterieur\\\/175567\\\/#breadcrumb\"},\"inLanguage\":\"fr-FR\",\"potentialAction\":[{\"@type\":\"ReadAction\",\"target\":[\"https:\\\/\\\/www.webdo.tn\\\/fr\\\/actualite\\\/sport\\\/violence-dans-les-stades-les-nouvelles-mesures-du-ministere-de-linterieur\\\/175567\\\/\"]}]},{\"@type\":\"ImageObject\",\"inLanguage\":\"fr-FR\",\"@id\":\"https:\\\/\\\/www.webdo.tn\\\/fr\\\/actualite\\\/sport\\\/violence-dans-les-stades-les-nouvelles-mesures-du-ministere-de-linterieur\\\/175567\\\/#primaryimage\",\"url\":\"https:\\\/\\\/www.webdo.tn\\\/fr\\\/wp-content\\\/uploads\\\/2019\\\/03\\\/esperance-stade.jpg\",\"contentUrl\":\"https:\\\/\\\/www.webdo.tn\\\/fr\\\/wp-content\\\/uploads\\\/2019\\\/03\\\/esperance-stade.jpg\",\"width\":900,\"height\":450,\"caption\":\"Violence dans les stades : Les nouvelles mesures du minist\u00e8re de l'Int\u00e9rieur\"},{\"@type\":\"BreadcrumbList\",\"@id\":\"https:\\\/\\\/www.webdo.tn\\\/fr\\\/actualite\\\/sport\\\/violence-dans-les-stades-les-nouvelles-mesures-du-ministere-de-linterieur\\\/175567\\\/#breadcrumb\",\"itemListElement\":[{\"@type\":\"ListItem\",\"position\":1,\"name\":\"Accueil\",\"item\":\"https:\\\/\\\/www.webdo.tn\\\/fr\\\/\"},{\"@type\":\"ListItem\",\"position\":2,\"name\":\"Violence dans les stades : Les nouvelles mesures du minist\u00e8re de l&rsquo;Int\u00e9rieur\"}]},{\"@type\":\"WebSite\",\"@id\":\"https:\\\/\\\/www.webdo.tn\\\/fr\\\/#website\",\"url\":\"https:\\\/\\\/www.webdo.tn\\\/fr\\\/\",\"name\":\"webdo\",\"description\":\"Tunisie - News en Tunisie et \u00e0 l&#039;international sur Webdo.tn\",\"publisher\":{\"@id\":\"https:\\\/\\\/www.webdo.tn\\\/fr\\\/#organization\"},\"potentialAction\":[{\"@type\":\"SearchAction\",\"target\":{\"@type\":\"EntryPoint\",\"urlTemplate\":\"https:\\\/\\\/www.webdo.tn\\\/fr\\\/?s={search_term_string}\"},\"query-input\":{\"@type\":\"PropertyValueSpecification\",\"valueRequired\":true,\"valueName\":\"search_term_string\"}}],\"inLanguage\":\"fr-FR\"},{\"@type\":\"Organization\",\"@id\":\"https:\\\/\\\/www.webdo.tn\\\/fr\\\/#organization\",\"name\":\"Webdo\",\"alternateName\":\"Webdo.tn\",\"url\":\"https:\\\/\\\/www.webdo.tn\\\/fr\\\/\",\"logo\":{\"@type\":\"ImageObject\",\"inLanguage\":\"fr-FR\",\"@id\":\"https:\\\/\\\/www.webdo.tn\\\/fr\\\/#\\\/schema\\\/logo\\\/image\\\/\",\"url\":\"https:\\\/\\\/www.webdo.tn\\\/fr\\\/wp-content\\\/uploads\\\/2025\\\/06\\\/Webdo-Tunisie_168377.jpg\",\"contentUrl\":\"https:\\\/\\\/www.webdo.tn\\\/fr\\\/wp-content\\\/uploads\\\/2025\\\/06\\\/Webdo-Tunisie_168377.jpg\",\"width\":301,\"height\":301,\"caption\":\"Webdo\"},\"image\":{\"@id\":\"https:\\\/\\\/www.webdo.tn\\\/fr\\\/#\\\/schema\\\/logo\\\/image\\\/\"},\"sameAs\":[\"https:\\\/\\\/www.facebook.com\\\/webdotn\",\"https:\\\/\\\/x.com\\\/webdo_tn\"],\"description\":\"Webdo est un m\u00e9dia num\u00e9rique tunisien fond\u00e9 en 2010, sp\u00e9cialis\u00e9 dans l\u2019actualit\u00e9 nationale et internationale, l\u2019\u00e9conomie, la soci\u00e9t\u00e9 et les analyses politiques. Le site s\u2019adresse \u00e0 un large public francophone et couvre l\u2019information tunisienne en temps r\u00e9el.\",\"email\":\"redac@webdo.tn\",\"legalName\":\"YNJ SARL\",\"foundingDate\":\"2010-09-06\",\"numberOfEmployees\":{\"@type\":\"QuantitativeValue\",\"minValue\":\"11\",\"maxValue\":\"50\"}},{\"@type\":\"Person\",\"@id\":\"https:\\\/\\\/www.webdo.tn\\\/fr\\\/#\\\/schema\\\/person\\\/9a9c6118d687c117df8ef3cc36a4d175\",\"name\":\"webdo.tn\",\"image\":{\"@type\":\"ImageObject\",\"inLanguage\":\"fr-FR\",\"@id\":\"https:\\\/\\\/secure.gravatar.com\\\/avatar\\\/7ce1f28c0c3bbac99ff550b85ef8e44a6950c6ee24514fb6a5489e51d06f0298?s=96&d=mm&r=g\",\"url\":\"https:\\\/\\\/secure.gravatar.com\\\/avatar\\\/7ce1f28c0c3bbac99ff550b85ef8e44a6950c6ee24514fb6a5489e51d06f0298?s=96&d=mm&r=g\",\"contentUrl\":\"https:\\\/\\\/secure.gravatar.com\\\/avatar\\\/7ce1f28c0c3bbac99ff550b85ef8e44a6950c6ee24514fb6a5489e51d06f0298?s=96&d=mm&r=g\",\"caption\":\"webdo.tn\"},\"url\":\"https:\\\/\\\/www.webdo.tn\\\/fr\\\/actualite\\\/author\\\/webdotn\\\/\"}]}<\/script>\n<!-- \/ Yoast SEO Premium plugin. -->","yoast_head_json":{"title":"Violence dans les stades : Les nouvelles mesures du minist\u00e8re de l'Int\u00e9rieur","description":"Violence dans les stades : Les nouvelles mesures du minist\u00e8re de l'Int\u00e9rieur","canonical":"https:\/\/www.webdo.tn\/fr\/actualite\/sport\/violence-dans-les-stades-les-nouvelles-mesures-du-ministere-de-linterieur\/175567\/","og_locale":"fr_FR","og_type":"article","og_title":"Violence dans les stades : Les nouvelles mesures du minist\u00e8re de l'Int\u00e9rieur","og_description":"Violence dans les stades : Les nouvelles mesures du minist\u00e8re de l'Int\u00e9rieur","og_url":"https:\/\/www.webdo.tn\/fr\/actualite\/sport\/violence-dans-les-stades-les-nouvelles-mesures-du-ministere-de-linterieur\/175567\/","og_site_name":"webdo","article_publisher":"https:\/\/www.facebook.com\/webdotn","article_published_time":"2019-03-21T09:17:00+00:00","og_image":[{"width":900,"height":450,"url":"https:\/\/www.webdo.tn\/fr\/wp-content\/uploads\/2019\/03\/esperance-stade.jpg","type":"image\/jpeg"}],"author":"webdo.tn","twitter_card":"summary_large_image","twitter_creator":"@webdo_tn","twitter_site":"@webdo_tn","twitter_misc":{"\u00c9crit par":"webdo.tn","Dur\u00e9e de lecture estim\u00e9e":"1 minute"},"schema":{"@context":"https:\/\/schema.org","@graph":[{"@type":"NewsArticle","@id":"https:\/\/www.webdo.tn\/fr\/actualite\/sport\/violence-dans-les-stades-les-nouvelles-mesures-du-ministere-de-linterieur\/175567\/#article","isPartOf":{"@id":"https:\/\/www.webdo.tn\/fr\/actualite\/sport\/violence-dans-les-stades-les-nouvelles-mesures-du-ministere-de-linterieur\/175567\/"},"author":{"name":"webdo.tn","@id":"https:\/\/www.webdo.tn\/fr\/#\/schema\/person\/9a9c6118d687c117df8ef3cc36a4d175"},"headline":"Violence dans les stades : Les nouvelles mesures du minist\u00e8re de l&rsquo;Int\u00e9rieur","datePublished":"2019-03-21T09:17:00+00:00","mainEntityOfPage":{"@id":"https:\/\/www.webdo.tn\/fr\/actualite\/sport\/violence-dans-les-stades-les-nouvelles-mesures-du-ministere-de-linterieur\/175567\/"},"wordCount":171,"commentCount":0,"publisher":{"@id":"https:\/\/www.webdo.tn\/fr\/#organization"},"image":{"@id":"https:\/\/www.webdo.tn\/fr\/actualite\/sport\/violence-dans-les-stades-les-nouvelles-mesures-du-ministere-de-linterieur\/175567\/#primaryimage"},"thumbnailUrl":"https:\/\/www.webdo.tn\/fr\/wp-content\/uploads\/2019\/03\/esperance-stade.jpg","keywords":["guerre"],"articleSection":["Sport"],"inLanguage":"fr-FR"},{"@type":"WebPage","@id":"https:\/\/www.webdo.tn\/fr\/actualite\/sport\/violence-dans-les-stades-les-nouvelles-mesures-du-ministere-de-linterieur\/175567\/","url":"https:\/\/www.webdo.tn\/fr\/actualite\/sport\/violence-dans-les-stades-les-nouvelles-mesures-du-ministere-de-linterieur\/175567\/","name":"Violence dans les stades : Les nouvelles mesures du minist\u00e8re de l'Int\u00e9rieur","isPartOf":{"@id":"https:\/\/www.webdo.tn\/fr\/#website"},"primaryImageOfPage":{"@id":"https:\/\/www.webdo.tn\/fr\/actualite\/sport\/violence-dans-les-stades-les-nouvelles-mesures-du-ministere-de-linterieur\/175567\/#primaryimage"},"image":{"@id":"https:\/\/www.webdo.tn\/fr\/actualite\/sport\/violence-dans-les-stades-les-nouvelles-mesures-du-ministere-de-linterieur\/175567\/#primaryimage"},"thumbnailUrl":"https:\/\/www.webdo.tn\/fr\/wp-content\/uploads\/2019\/03\/esperance-stade.jpg","datePublished":"2019-03-21T09:17:00+00:00","description":"Violence dans les stades : Les nouvelles mesures du minist\u00e8re de l'Int\u00e9rieur","breadcrumb":{"@id":"https:\/\/www.webdo.tn\/fr\/actualite\/sport\/violence-dans-les-stades-les-nouvelles-mesures-du-ministere-de-linterieur\/175567\/#breadcrumb"},"inLanguage":"fr-FR","potentialAction":[{"@type":"ReadAction","target":["https:\/\/www.webdo.tn\/fr\/actualite\/sport\/violence-dans-les-stades-les-nouvelles-mesures-du-ministere-de-linterieur\/175567\/"]}]},{"@type":"ImageObject","inLanguage":"fr-FR","@id":"https:\/\/www.webdo.tn\/fr\/actualite\/sport\/violence-dans-les-stades-les-nouvelles-mesures-du-ministere-de-linterieur\/175567\/#primaryimage","url":"https:\/\/www.webdo.tn\/fr\/wp-content\/uploads\/2019\/03\/esperance-stade.jpg","contentUrl":"https:\/\/www.webdo.tn\/fr\/wp-content\/uploads\/2019\/03\/esperance-stade.jpg","width":900,"height":450,"caption":"Violence dans les stades : Les nouvelles mesures du minist\u00e8re de l'Int\u00e9rieur"},{"@type":"BreadcrumbList","@id":"https:\/\/www.webdo.tn\/fr\/actualite\/sport\/violence-dans-les-stades-les-nouvelles-mesures-du-ministere-de-linterieur\/175567\/#breadcrumb","itemListElement":[{"@type":"ListItem","position":1,"name":"Accueil","item":"https:\/\/www.webdo.tn\/fr\/"},{"@type":"ListItem","position":2,"name":"Violence dans les stades : Les nouvelles mesures du minist\u00e8re de l&rsquo;Int\u00e9rieur"}]},{"@type":"WebSite","@id":"https:\/\/www.webdo.tn\/fr\/#website","url":"https:\/\/www.webdo.tn\/fr\/","name":"webdo","description":"Tunisie - News en Tunisie et \u00e0 l&#039;international sur Webdo.tn","publisher":{"@id":"https:\/\/www.webdo.tn\/fr\/#organization"},"potentialAction":[{"@type":"SearchAction","target":{"@type":"EntryPoint","urlTemplate":"https:\/\/www.webdo.tn\/fr\/?s={search_term_string}"},"query-input":{"@type":"PropertyValueSpecification","valueRequired":true,"valueName":"search_term_string"}}],"inLanguage":"fr-FR"},{"@type":"Organization","@id":"https:\/\/www.webdo.tn\/fr\/#organization","name":"Webdo","alternateName":"Webdo.tn","url":"https:\/\/www.webdo.tn\/fr\/","logo":{"@type":"ImageObject","inLanguage":"fr-FR","@id":"https:\/\/www.webdo.tn\/fr\/#\/schema\/logo\/image\/","url":"https:\/\/www.webdo.tn\/fr\/wp-content\/uploads\/2025\/06\/Webdo-Tunisie_168377.jpg","contentUrl":"https:\/\/www.webdo.tn\/fr\/wp-content\/uploads\/2025\/06\/Webdo-Tunisie_168377.jpg","width":301,"height":301,"caption":"Webdo"},"image":{"@id":"https:\/\/www.webdo.tn\/fr\/#\/schema\/logo\/image\/"},"sameAs":["https:\/\/www.facebook.com\/webdotn","https:\/\/x.com\/webdo_tn"],"description":"Webdo est un m\u00e9dia num\u00e9rique tunisien fond\u00e9 en 2010, sp\u00e9cialis\u00e9 dans l\u2019actualit\u00e9 nationale et internationale, l\u2019\u00e9conomie, la soci\u00e9t\u00e9 et les analyses politiques. Le site s\u2019adresse \u00e0 un large public francophone et couvre l\u2019information tunisienne en temps r\u00e9el.","email":"redac@webdo.tn","legalName":"YNJ SARL","foundingDate":"2010-09-06","numberOfEmployees":{"@type":"QuantitativeValue","minValue":"11","maxValue":"50"}},{"@type":"Person","@id":"https:\/\/www.webdo.tn\/fr\/#\/schema\/person\/9a9c6118d687c117df8ef3cc36a4d175","name":"webdo.tn","image":{"@type":"ImageObject","inLanguage":"fr-FR","@id":"https:\/\/secure.gravatar.com\/avatar\/7ce1f28c0c3bbac99ff550b85ef8e44a6950c6ee24514fb6a5489e51d06f0298?s=96&d=mm&r=g","url":"https:\/\/secure.gravatar.com\/avatar\/7ce1f28c0c3bbac99ff550b85ef8e44a6950c6ee24514fb6a5489e51d06f0298?s=96&d=mm&r=g","contentUrl":"https:\/\/secure.gravatar.com\/avatar\/7ce1f28c0c3bbac99ff550b85ef8e44a6950c6ee24514fb6a5489e51d06f0298?s=96&d=mm&r=g","caption":"webdo.tn"},"url":"https:\/\/www.webdo.tn\/fr\/actualite\/author\/webdotn\/"}]}},"_links":{"self":[{"href":"https:\/\/www.webdo.tn\/fr\/wp-json\/wp\/v2\/posts\/175567","targetHints":{"allow":["GET"]}}],"collection":[{"href":"https:\/\/www.webdo.tn\/fr\/wp-json\/wp\/v2\/posts"}],"about":[{"href":"https:\/\/www.webdo.tn\/fr\/wp-json\/wp\/v2\/types\/post"}],"author":[{"embeddable":true,"href":"https:\/\/www.webdo.tn\/fr\/wp-json\/wp\/v2\/users\/3222"}],"replies":[{"embeddable":true,"href":"https:\/\/www.webdo.tn\/fr\/wp-json\/wp\/v2\/comments?post=175567"}],"version-history":[{"count":0,"href":"https:\/\/www.webdo.tn\/fr\/wp-json\/wp\/v2\/posts\/175567\/revisions"}],"wp:featuredmedia":[{"embeddable":true,"href":"https:\/\/www.webdo.tn\/fr\/wp-json\/wp\/v2\/media\/342642"}],"wp:attachment":[{"href":"https:\/\/www.webdo.tn\/fr\/wp-json\/wp\/v2\/media?parent=175567"}],"wp:term":[{"taxonomy":"category","embeddable":true,"href":"https:\/\/www.webdo.tn\/fr\/wp-json\/wp\/v2\/categories?post=175567"},{"taxonomy":"post_tag","embeddable":true,"href":"https:\/\/www.webdo.tn\/fr\/wp-json\/wp\/v2\/tags?post=175567"}],"curies":[{"name":"wp","href":"https:\/\/api.w.org\/{rel}","templated":true}]}}