{"id":175114,"date":"2020-09-11T14:12:00","date_gmt":"2020-09-11T14:12:00","guid":{"rendered":"https:\/\/www.webdo.tn\/fr\/blog\/la-finale-de-la-coupe-de-tunisie-a-monastir-en-hommage-a-habib-bourguiba\/175114\/"},"modified":"2025-05-17T19:27:50","modified_gmt":"2025-05-17T19:27:50","slug":"la-finale-de-la-coupe-de-tunisie-a-monastir-en-hommage-a-habib-bourguiba","status":"publish","type":"post","link":"https:\/\/www.webdo.tn\/fr\/actualite\/sport\/la-finale-de-la-coupe-de-tunisie-a-monastir-en-hommage-a-habib-bourguiba\/175114\/","title":{"rendered":"La finale de la Coupe de Tunisie \u00e0 Monastir en hommage \u00e0 Habib Bourguiba"},"content":{"rendered":"<p>La finale de la Coupe de Tunisie 2020 se jouera au stade Mustapha Ben Jannet de Monastir, dimanche 27 septembre 2020. La F\u00e9d\u00e9ration tunisienne de football, l&rsquo;a officiellement annonc\u00e9 ce vendredi 11 septembre.<\/p>\n<p>Le troph\u00e9e, qui porte cette ann\u00e9e le nom du pr\u00e9sident d\u00e9funt Habib Bourguiba, va donc \u00eatre disput\u00e9 dans sa ville natale, Monastir en hommage au premier Pr\u00e9sident de la R\u00e9publique tunisienne. Une premi\u00e8re dans l&rsquo;histoire de la Coupe de Tunisie dont les finales ont toujours \u00e9t\u00e9 disput\u00e9es \u00e0 Tunis.<\/p>\n<p>A noter que les quarts de finale de la Coupe doivent se d\u00e9rouler mercredi prochain, le 16 septembre selon le programme suivant :<\/p>\n<p> \tStade de Gafsa : EGS Gafsa &#8211; US Monastirienne<br \/>\n \tStade Nejib Khattab : US Tataouine &#8211; CS Chebba<br \/>\n \tStade M\u00e9tlaoui : ES M\u00e9tlaoui &#8211; CS Sfaxien<br \/>\n \tStade Kalaa Sghira : Kalaa Sport &#8211; Esp\u00e9rance ST<\/p>\n","protected":false},"excerpt":{"rendered":"<p>La finale de la Coupe de Tunisie \u00e0 Monastir en hommage \u00e0 Habib Bourguiba<\/p>\n","protected":false},"author":3222,"featured_media":263928,"comment_status":"open","ping_status":"closed","sticky":false,"template":"","format":"standard","meta":{"footnotes":""},"categories":[2593],"tags":[],"class_list":["post-175114","post","type-post","status-publish","format-standard","has-post-thumbnail","hentry","category-sport"],"yoast_head":"<!-- This site is optimized with the Yoast SEO Premium plugin v27.4 (Yoast SEO v27.5) - https:\/\/yoast.com\/product\/yoast-seo-premium-wordpress\/ -->\n<title>La finale de la Coupe de Tunisie \u00e0 Monastir en hommage \u00e0 Habib Bourguiba<\/title>\n<meta name=\"description\" content=\"La finale de la Coupe de Tunisie \u00e0 Monastir en hommage \u00e0 Habib Bourguiba\" \/>\n<link rel=\"canonical\" href=\"https:\/\/www.webdo.tn\/fr\/actualite\/sport\/la-finale-de-la-coupe-de-tunisie-a-monastir-en-hommage-a-habib-bourguiba\/175114\/\" \/>\n<meta property=\"og:locale\" content=\"fr_FR\" \/>\n<meta property=\"og:type\" content=\"article\" \/>\n<meta property=\"og:title\" content=\"La finale de la Coupe de Tunisie \u00e0 Monastir en hommage \u00e0 Habib Bourguiba\" \/>\n<meta property=\"og:description\" content=\"La finale de la Coupe de Tunisie \u00e0 Monastir en hommage \u00e0 Habib Bourguiba\" \/>\n<meta property=\"og:url\" content=\"https:\/\/www.webdo.tn\/fr\/actualite\/sport\/la-finale-de-la-coupe-de-tunisie-a-monastir-en-hommage-a-habib-bourguiba\/175114\/\" \/>\n<meta property=\"og:site_name\" content=\"webdo\" \/>\n<meta property=\"article:publisher\" content=\"https:\/\/www.facebook.com\/webdotn\" \/>\n<meta property=\"article:published_time\" content=\"2020-09-11T14:12:00+00:00\" \/>\n<meta property=\"article:modified_time\" content=\"2025-05-17T19:27:50+00:00\" \/>\n<meta property=\"og:image\" content=\"https:\/\/www.webdo.tn\/fr\/wp-content\/uploads\/2020\/09\/stadebenjannet.png\" \/>\n\t<meta property=\"og:image:width\" content=\"844\" \/>\n\t<meta property=\"og:image:height\" content=\"396\" \/>\n\t<meta property=\"og:image:type\" content=\"image\/png\" \/>\n<meta name=\"author\" content=\"webdo.tn\" \/>\n<meta name=\"twitter:card\" content=\"summary_large_image\" \/>\n<meta name=\"twitter:creator\" content=\"@webdo_tn\" \/>\n<meta name=\"twitter:site\" content=\"@webdo_tn\" \/>\n<meta name=\"twitter:label1\" content=\"\u00c9crit par\" \/>\n\t<meta name=\"twitter:data1\" content=\"webdo.tn\" \/>\n\t<meta name=\"twitter:label2\" content=\"Dur\u00e9e de lecture estim\u00e9e\" \/>\n\t<meta name=\"twitter:data2\" content=\"1 minute\" \/>\n<script type=\"application\/ld+json\" class=\"yoast-schema-graph\">{\"@context\":\"https:\\\/\\\/schema.org\",\"@graph\":[{\"@type\":\"NewsArticle\",\"@id\":\"https:\\\/\\\/www.webdo.tn\\\/fr\\\/actualite\\\/sport\\\/la-finale-de-la-coupe-de-tunisie-a-monastir-en-hommage-a-habib-bourguiba\\\/175114\\\/#article\",\"isPartOf\":{\"@id\":\"https:\\\/\\\/www.webdo.tn\\\/fr\\\/actualite\\\/sport\\\/la-finale-de-la-coupe-de-tunisie-a-monastir-en-hommage-a-habib-bourguiba\\\/175114\\\/\"},\"author\":{\"name\":\"webdo.tn\",\"@id\":\"https:\\\/\\\/www.webdo.tn\\\/fr\\\/#\\\/schema\\\/person\\\/9a9c6118d687c117df8ef3cc36a4d175\"},\"headline\":\"La finale de la Coupe de Tunisie \u00e0 Monastir en hommage \u00e0 Habib Bourguiba\",\"datePublished\":\"2020-09-11T14:12:00+00:00\",\"dateModified\":\"2025-05-17T19:27:50+00:00\",\"mainEntityOfPage\":{\"@id\":\"https:\\\/\\\/www.webdo.tn\\\/fr\\\/actualite\\\/sport\\\/la-finale-de-la-coupe-de-tunisie-a-monastir-en-hommage-a-habib-bourguiba\\\/175114\\\/\"},\"wordCount\":157,\"commentCount\":0,\"publisher\":{\"@id\":\"https:\\\/\\\/www.webdo.tn\\\/fr\\\/#organization\"},\"image\":{\"@id\":\"https:\\\/\\\/www.webdo.tn\\\/fr\\\/actualite\\\/sport\\\/la-finale-de-la-coupe-de-tunisie-a-monastir-en-hommage-a-habib-bourguiba\\\/175114\\\/#primaryimage\"},\"thumbnailUrl\":\"https:\\\/\\\/www.webdo.tn\\\/fr\\\/wp-content\\\/uploads\\\/2020\\\/09\\\/stadebenjannet.png\",\"articleSection\":[\"Sport\"],\"inLanguage\":\"fr-FR\"},{\"@type\":\"WebPage\",\"@id\":\"https:\\\/\\\/www.webdo.tn\\\/fr\\\/actualite\\\/sport\\\/la-finale-de-la-coupe-de-tunisie-a-monastir-en-hommage-a-habib-bourguiba\\\/175114\\\/\",\"url\":\"https:\\\/\\\/www.webdo.tn\\\/fr\\\/actualite\\\/sport\\\/la-finale-de-la-coupe-de-tunisie-a-monastir-en-hommage-a-habib-bourguiba\\\/175114\\\/\",\"name\":\"La finale de la Coupe de Tunisie \u00e0 Monastir en hommage \u00e0 Habib Bourguiba\",\"isPartOf\":{\"@id\":\"https:\\\/\\\/www.webdo.tn\\\/fr\\\/#website\"},\"primaryImageOfPage\":{\"@id\":\"https:\\\/\\\/www.webdo.tn\\\/fr\\\/actualite\\\/sport\\\/la-finale-de-la-coupe-de-tunisie-a-monastir-en-hommage-a-habib-bourguiba\\\/175114\\\/#primaryimage\"},\"image\":{\"@id\":\"https:\\\/\\\/www.webdo.tn\\\/fr\\\/actualite\\\/sport\\\/la-finale-de-la-coupe-de-tunisie-a-monastir-en-hommage-a-habib-bourguiba\\\/175114\\\/#primaryimage\"},\"thumbnailUrl\":\"https:\\\/\\\/www.webdo.tn\\\/fr\\\/wp-content\\\/uploads\\\/2020\\\/09\\\/stadebenjannet.png\",\"datePublished\":\"2020-09-11T14:12:00+00:00\",\"dateModified\":\"2025-05-17T19:27:50+00:00\",\"description\":\"La finale de la Coupe de Tunisie \u00e0 Monastir en hommage \u00e0 Habib Bourguiba\",\"breadcrumb\":{\"@id\":\"https:\\\/\\\/www.webdo.tn\\\/fr\\\/actualite\\\/sport\\\/la-finale-de-la-coupe-de-tunisie-a-monastir-en-hommage-a-habib-bourguiba\\\/175114\\\/#breadcrumb\"},\"inLanguage\":\"fr-FR\",\"potentialAction\":[{\"@type\":\"ReadAction\",\"target\":[\"https:\\\/\\\/www.webdo.tn\\\/fr\\\/actualite\\\/sport\\\/la-finale-de-la-coupe-de-tunisie-a-monastir-en-hommage-a-habib-bourguiba\\\/175114\\\/\"]}]},{\"@type\":\"ImageObject\",\"inLanguage\":\"fr-FR\",\"@id\":\"https:\\\/\\\/www.webdo.tn\\\/fr\\\/actualite\\\/sport\\\/la-finale-de-la-coupe-de-tunisie-a-monastir-en-hommage-a-habib-bourguiba\\\/175114\\\/#primaryimage\",\"url\":\"https:\\\/\\\/www.webdo.tn\\\/fr\\\/wp-content\\\/uploads\\\/2020\\\/09\\\/stadebenjannet.png\",\"contentUrl\":\"https:\\\/\\\/www.webdo.tn\\\/fr\\\/wp-content\\\/uploads\\\/2020\\\/09\\\/stadebenjannet.png\",\"width\":844,\"height\":396,\"caption\":\"La finale de la Coupe de Tunisie \u00e0 Monastir en hommage \u00e0 Habib Bourguiba\"},{\"@type\":\"BreadcrumbList\",\"@id\":\"https:\\\/\\\/www.webdo.tn\\\/fr\\\/actualite\\\/sport\\\/la-finale-de-la-coupe-de-tunisie-a-monastir-en-hommage-a-habib-bourguiba\\\/175114\\\/#breadcrumb\",\"itemListElement\":[{\"@type\":\"ListItem\",\"position\":1,\"name\":\"Accueil\",\"item\":\"https:\\\/\\\/www.webdo.tn\\\/fr\\\/\"},{\"@type\":\"ListItem\",\"position\":2,\"name\":\"La finale de la Coupe de Tunisie \u00e0 Monastir en hommage \u00e0 Habib Bourguiba\"}]},{\"@type\":\"WebSite\",\"@id\":\"https:\\\/\\\/www.webdo.tn\\\/fr\\\/#website\",\"url\":\"https:\\\/\\\/www.webdo.tn\\\/fr\\\/\",\"name\":\"webdo\",\"description\":\"Tunisie - News en Tunisie et \u00e0 l&#039;international sur Webdo.tn\",\"publisher\":{\"@id\":\"https:\\\/\\\/www.webdo.tn\\\/fr\\\/#organization\"},\"potentialAction\":[{\"@type\":\"SearchAction\",\"target\":{\"@type\":\"EntryPoint\",\"urlTemplate\":\"https:\\\/\\\/www.webdo.tn\\\/fr\\\/?s={search_term_string}\"},\"query-input\":{\"@type\":\"PropertyValueSpecification\",\"valueRequired\":true,\"valueName\":\"search_term_string\"}}],\"inLanguage\":\"fr-FR\"},{\"@type\":\"Organization\",\"@id\":\"https:\\\/\\\/www.webdo.tn\\\/fr\\\/#organization\",\"name\":\"Webdo\",\"alternateName\":\"Webdo.tn\",\"url\":\"https:\\\/\\\/www.webdo.tn\\\/fr\\\/\",\"logo\":{\"@type\":\"ImageObject\",\"inLanguage\":\"fr-FR\",\"@id\":\"https:\\\/\\\/www.webdo.tn\\\/fr\\\/#\\\/schema\\\/logo\\\/image\\\/\",\"url\":\"https:\\\/\\\/www.webdo.tn\\\/fr\\\/wp-content\\\/uploads\\\/2025\\\/06\\\/Webdo-Tunisie_168377.jpg\",\"contentUrl\":\"https:\\\/\\\/www.webdo.tn\\\/fr\\\/wp-content\\\/uploads\\\/2025\\\/06\\\/Webdo-Tunisie_168377.jpg\",\"width\":301,\"height\":301,\"caption\":\"Webdo\"},\"image\":{\"@id\":\"https:\\\/\\\/www.webdo.tn\\\/fr\\\/#\\\/schema\\\/logo\\\/image\\\/\"},\"sameAs\":[\"https:\\\/\\\/www.facebook.com\\\/webdotn\",\"https:\\\/\\\/x.com\\\/webdo_tn\"],\"description\":\"Webdo est un m\u00e9dia num\u00e9rique tunisien fond\u00e9 en 2010, sp\u00e9cialis\u00e9 dans l\u2019actualit\u00e9 nationale et internationale, l\u2019\u00e9conomie, la soci\u00e9t\u00e9 et les analyses politiques. Le site s\u2019adresse \u00e0 un large public francophone et couvre l\u2019information tunisienne en temps r\u00e9el.\",\"email\":\"redac@webdo.tn\",\"legalName\":\"YNJ SARL\",\"foundingDate\":\"2010-09-06\",\"numberOfEmployees\":{\"@type\":\"QuantitativeValue\",\"minValue\":\"11\",\"maxValue\":\"50\"}},{\"@type\":\"Person\",\"@id\":\"https:\\\/\\\/www.webdo.tn\\\/fr\\\/#\\\/schema\\\/person\\\/9a9c6118d687c117df8ef3cc36a4d175\",\"name\":\"webdo.tn\",\"image\":{\"@type\":\"ImageObject\",\"inLanguage\":\"fr-FR\",\"@id\":\"https:\\\/\\\/secure.gravatar.com\\\/avatar\\\/7ce1f28c0c3bbac99ff550b85ef8e44a6950c6ee24514fb6a5489e51d06f0298?s=96&d=mm&r=g\",\"url\":\"https:\\\/\\\/secure.gravatar.com\\\/avatar\\\/7ce1f28c0c3bbac99ff550b85ef8e44a6950c6ee24514fb6a5489e51d06f0298?s=96&d=mm&r=g\",\"contentUrl\":\"https:\\\/\\\/secure.gravatar.com\\\/avatar\\\/7ce1f28c0c3bbac99ff550b85ef8e44a6950c6ee24514fb6a5489e51d06f0298?s=96&d=mm&r=g\",\"caption\":\"webdo.tn\"},\"url\":\"https:\\\/\\\/www.webdo.tn\\\/fr\\\/actualite\\\/author\\\/webdotn\\\/\"}]}<\/script>\n<!-- \/ Yoast SEO Premium plugin. -->","yoast_head_json":{"title":"La finale de la Coupe de Tunisie \u00e0 Monastir en hommage \u00e0 Habib Bourguiba","description":"La finale de la Coupe de Tunisie \u00e0 Monastir en hommage \u00e0 Habib Bourguiba","canonical":"https:\/\/www.webdo.tn\/fr\/actualite\/sport\/la-finale-de-la-coupe-de-tunisie-a-monastir-en-hommage-a-habib-bourguiba\/175114\/","og_locale":"fr_FR","og_type":"article","og_title":"La finale de la Coupe de Tunisie \u00e0 Monastir en hommage \u00e0 Habib Bourguiba","og_description":"La finale de la Coupe de Tunisie \u00e0 Monastir en hommage \u00e0 Habib Bourguiba","og_url":"https:\/\/www.webdo.tn\/fr\/actualite\/sport\/la-finale-de-la-coupe-de-tunisie-a-monastir-en-hommage-a-habib-bourguiba\/175114\/","og_site_name":"webdo","article_publisher":"https:\/\/www.facebook.com\/webdotn","article_published_time":"2020-09-11T14:12:00+00:00","article_modified_time":"2025-05-17T19:27:50+00:00","og_image":[{"width":844,"height":396,"url":"https:\/\/www.webdo.tn\/fr\/wp-content\/uploads\/2020\/09\/stadebenjannet.png","type":"image\/png"}],"author":"webdo.tn","twitter_card":"summary_large_image","twitter_creator":"@webdo_tn","twitter_site":"@webdo_tn","twitter_misc":{"\u00c9crit par":"webdo.tn","Dur\u00e9e de lecture estim\u00e9e":"1 minute"},"schema":{"@context":"https:\/\/schema.org","@graph":[{"@type":"NewsArticle","@id":"https:\/\/www.webdo.tn\/fr\/actualite\/sport\/la-finale-de-la-coupe-de-tunisie-a-monastir-en-hommage-a-habib-bourguiba\/175114\/#article","isPartOf":{"@id":"https:\/\/www.webdo.tn\/fr\/actualite\/sport\/la-finale-de-la-coupe-de-tunisie-a-monastir-en-hommage-a-habib-bourguiba\/175114\/"},"author":{"name":"webdo.tn","@id":"https:\/\/www.webdo.tn\/fr\/#\/schema\/person\/9a9c6118d687c117df8ef3cc36a4d175"},"headline":"La finale de la Coupe de Tunisie \u00e0 Monastir en hommage \u00e0 Habib Bourguiba","datePublished":"2020-09-11T14:12:00+00:00","dateModified":"2025-05-17T19:27:50+00:00","mainEntityOfPage":{"@id":"https:\/\/www.webdo.tn\/fr\/actualite\/sport\/la-finale-de-la-coupe-de-tunisie-a-monastir-en-hommage-a-habib-bourguiba\/175114\/"},"wordCount":157,"commentCount":0,"publisher":{"@id":"https:\/\/www.webdo.tn\/fr\/#organization"},"image":{"@id":"https:\/\/www.webdo.tn\/fr\/actualite\/sport\/la-finale-de-la-coupe-de-tunisie-a-monastir-en-hommage-a-habib-bourguiba\/175114\/#primaryimage"},"thumbnailUrl":"https:\/\/www.webdo.tn\/fr\/wp-content\/uploads\/2020\/09\/stadebenjannet.png","articleSection":["Sport"],"inLanguage":"fr-FR"},{"@type":"WebPage","@id":"https:\/\/www.webdo.tn\/fr\/actualite\/sport\/la-finale-de-la-coupe-de-tunisie-a-monastir-en-hommage-a-habib-bourguiba\/175114\/","url":"https:\/\/www.webdo.tn\/fr\/actualite\/sport\/la-finale-de-la-coupe-de-tunisie-a-monastir-en-hommage-a-habib-bourguiba\/175114\/","name":"La finale de la Coupe de Tunisie \u00e0 Monastir en hommage \u00e0 Habib Bourguiba","isPartOf":{"@id":"https:\/\/www.webdo.tn\/fr\/#website"},"primaryImageOfPage":{"@id":"https:\/\/www.webdo.tn\/fr\/actualite\/sport\/la-finale-de-la-coupe-de-tunisie-a-monastir-en-hommage-a-habib-bourguiba\/175114\/#primaryimage"},"image":{"@id":"https:\/\/www.webdo.tn\/fr\/actualite\/sport\/la-finale-de-la-coupe-de-tunisie-a-monastir-en-hommage-a-habib-bourguiba\/175114\/#primaryimage"},"thumbnailUrl":"https:\/\/www.webdo.tn\/fr\/wp-content\/uploads\/2020\/09\/stadebenjannet.png","datePublished":"2020-09-11T14:12:00+00:00","dateModified":"2025-05-17T19:27:50+00:00","description":"La finale de la Coupe de Tunisie \u00e0 Monastir en hommage \u00e0 Habib Bourguiba","breadcrumb":{"@id":"https:\/\/www.webdo.tn\/fr\/actualite\/sport\/la-finale-de-la-coupe-de-tunisie-a-monastir-en-hommage-a-habib-bourguiba\/175114\/#breadcrumb"},"inLanguage":"fr-FR","potentialAction":[{"@type":"ReadAction","target":["https:\/\/www.webdo.tn\/fr\/actualite\/sport\/la-finale-de-la-coupe-de-tunisie-a-monastir-en-hommage-a-habib-bourguiba\/175114\/"]}]},{"@type":"ImageObject","inLanguage":"fr-FR","@id":"https:\/\/www.webdo.tn\/fr\/actualite\/sport\/la-finale-de-la-coupe-de-tunisie-a-monastir-en-hommage-a-habib-bourguiba\/175114\/#primaryimage","url":"https:\/\/www.webdo.tn\/fr\/wp-content\/uploads\/2020\/09\/stadebenjannet.png","contentUrl":"https:\/\/www.webdo.tn\/fr\/wp-content\/uploads\/2020\/09\/stadebenjannet.png","width":844,"height":396,"caption":"La finale de la Coupe de Tunisie \u00e0 Monastir en hommage \u00e0 Habib Bourguiba"},{"@type":"BreadcrumbList","@id":"https:\/\/www.webdo.tn\/fr\/actualite\/sport\/la-finale-de-la-coupe-de-tunisie-a-monastir-en-hommage-a-habib-bourguiba\/175114\/#breadcrumb","itemListElement":[{"@type":"ListItem","position":1,"name":"Accueil","item":"https:\/\/www.webdo.tn\/fr\/"},{"@type":"ListItem","position":2,"name":"La finale de la Coupe de Tunisie \u00e0 Monastir en hommage \u00e0 Habib Bourguiba"}]},{"@type":"WebSite","@id":"https:\/\/www.webdo.tn\/fr\/#website","url":"https:\/\/www.webdo.tn\/fr\/","name":"webdo","description":"Tunisie - News en Tunisie et \u00e0 l&#039;international sur Webdo.tn","publisher":{"@id":"https:\/\/www.webdo.tn\/fr\/#organization"},"potentialAction":[{"@type":"SearchAction","target":{"@type":"EntryPoint","urlTemplate":"https:\/\/www.webdo.tn\/fr\/?s={search_term_string}"},"query-input":{"@type":"PropertyValueSpecification","valueRequired":true,"valueName":"search_term_string"}}],"inLanguage":"fr-FR"},{"@type":"Organization","@id":"https:\/\/www.webdo.tn\/fr\/#organization","name":"Webdo","alternateName":"Webdo.tn","url":"https:\/\/www.webdo.tn\/fr\/","logo":{"@type":"ImageObject","inLanguage":"fr-FR","@id":"https:\/\/www.webdo.tn\/fr\/#\/schema\/logo\/image\/","url":"https:\/\/www.webdo.tn\/fr\/wp-content\/uploads\/2025\/06\/Webdo-Tunisie_168377.jpg","contentUrl":"https:\/\/www.webdo.tn\/fr\/wp-content\/uploads\/2025\/06\/Webdo-Tunisie_168377.jpg","width":301,"height":301,"caption":"Webdo"},"image":{"@id":"https:\/\/www.webdo.tn\/fr\/#\/schema\/logo\/image\/"},"sameAs":["https:\/\/www.facebook.com\/webdotn","https:\/\/x.com\/webdo_tn"],"description":"Webdo est un m\u00e9dia num\u00e9rique tunisien fond\u00e9 en 2010, sp\u00e9cialis\u00e9 dans l\u2019actualit\u00e9 nationale et internationale, l\u2019\u00e9conomie, la soci\u00e9t\u00e9 et les analyses politiques. Le site s\u2019adresse \u00e0 un large public francophone et couvre l\u2019information tunisienne en temps r\u00e9el.","email":"redac@webdo.tn","legalName":"YNJ SARL","foundingDate":"2010-09-06","numberOfEmployees":{"@type":"QuantitativeValue","minValue":"11","maxValue":"50"}},{"@type":"Person","@id":"https:\/\/www.webdo.tn\/fr\/#\/schema\/person\/9a9c6118d687c117df8ef3cc36a4d175","name":"webdo.tn","image":{"@type":"ImageObject","inLanguage":"fr-FR","@id":"https:\/\/secure.gravatar.com\/avatar\/7ce1f28c0c3bbac99ff550b85ef8e44a6950c6ee24514fb6a5489e51d06f0298?s=96&d=mm&r=g","url":"https:\/\/secure.gravatar.com\/avatar\/7ce1f28c0c3bbac99ff550b85ef8e44a6950c6ee24514fb6a5489e51d06f0298?s=96&d=mm&r=g","contentUrl":"https:\/\/secure.gravatar.com\/avatar\/7ce1f28c0c3bbac99ff550b85ef8e44a6950c6ee24514fb6a5489e51d06f0298?s=96&d=mm&r=g","caption":"webdo.tn"},"url":"https:\/\/www.webdo.tn\/fr\/actualite\/author\/webdotn\/"}]}},"_links":{"self":[{"href":"https:\/\/www.webdo.tn\/fr\/wp-json\/wp\/v2\/posts\/175114","targetHints":{"allow":["GET"]}}],"collection":[{"href":"https:\/\/www.webdo.tn\/fr\/wp-json\/wp\/v2\/posts"}],"about":[{"href":"https:\/\/www.webdo.tn\/fr\/wp-json\/wp\/v2\/types\/post"}],"author":[{"embeddable":true,"href":"https:\/\/www.webdo.tn\/fr\/wp-json\/wp\/v2\/users\/3222"}],"replies":[{"embeddable":true,"href":"https:\/\/www.webdo.tn\/fr\/wp-json\/wp\/v2\/comments?post=175114"}],"version-history":[{"count":0,"href":"https:\/\/www.webdo.tn\/fr\/wp-json\/wp\/v2\/posts\/175114\/revisions"}],"wp:featuredmedia":[{"embeddable":true,"href":"https:\/\/www.webdo.tn\/fr\/wp-json\/wp\/v2\/media\/263928"}],"wp:attachment":[{"href":"https:\/\/www.webdo.tn\/fr\/wp-json\/wp\/v2\/media?parent=175114"}],"wp:term":[{"taxonomy":"category","embeddable":true,"href":"https:\/\/www.webdo.tn\/fr\/wp-json\/wp\/v2\/categories?post=175114"},{"taxonomy":"post_tag","embeddable":true,"href":"https:\/\/www.webdo.tn\/fr\/wp-json\/wp\/v2\/tags?post=175114"}],"curies":[{"name":"wp","href":"https:\/\/api.w.org\/{rel}","templated":true}]}}