{"id":173961,"date":"2010-12-27T11:04:00","date_gmt":"2010-12-27T11:04:00","guid":{"rendered":"https:\/\/www.webdo.tn\/fr\/actualite\/blog\/le-m9-le-sosie-iphone-chinois-pret-pour-le-1er-janvier-2011\/173791\/"},"modified":"2025-06-04T21:19:20","modified_gmt":"2025-06-04T21:19:20","slug":"le-m9-le-sosie-iphone-chinois-pret-pour-le-1er-janvier-2011","status":"publish","type":"post","link":"https:\/\/www.webdo.tn\/fr\/actualite\/mobile\/le-m9-le-sosie-iphone-chinois-pret-pour-le-1er-janvier-2011\/173961\/","title":{"rendered":"Le M9, le sosie iPhone chinois, pr\u00eat pour le 1er Janvier 2011"},"content":{"rendered":"<p>Apr\u00e8s maintes p\u00e9rip\u00e9ties subies par la firme Meizu concernant la commercialisation du M9, le fameux sosie de l\u2019iPhone va enfin pouvoir \u00eatre mis en vente. Jack Wong, PDG de Meizu, a annonc\u00e9 sur le forum de son site que le smartphone serait disponible en Chine \u00e0 partir du jour de l\u2019an.<\/p>\n<p>Le fabricant chinois devrait avoir r\u00e9solu ses probl\u00e8mes de processeur. Le M9 fonctionne avec le syst\u00e8me d\u2019exploitation Android 2.2 mais devrait \u00eatre mis \u00e0 jour tr\u00e8s prochainement avec le kernel d\u2019Android 2.3. Il est dot\u00e9 d\u2019un \u00e9cran multitouch de r\u00e9solution 640 x 960 pixels, d\u2019un processeur \u00e0 1 GHz, de 512 Mb de m\u00e9moire RAM et d\u2019un appareil photo num\u00e9rique de 5 megapixels capable d\u2019enregistrer des vid\u00e9os en 720 pixels. Le M9 ne propose malheureusement pas de flash pour son appareil photo.<\/p>\n<p>Des photos pr\u00e9sentant le nouveau n\u00e9 de Meizu qui avait \u00e9t\u00e9 poursuivi en justice par Apple sont d\u2019ores et d\u00e9j\u00e0 sur leur site. Le M9 est un smartphone tournant sous Android avec le look de l\u2019iPhone. Son prix devrait s\u2019approcher des 400$ contre 650$ pour son concurrent, le iPhone.<\/p>\n<p>Sachant l&rsquo;agressivit\u00e9 des produits chinois, le M9 repr\u00e9sente-t-il pour autant une menace pour Apple ? La pomme devra-t-elle alors baisser encore ses prix pour s\u00e9duire le reste du march\u00e9 mondial et en particulier celui d&rsquo;Asie ?<\/p>\n","protected":false},"excerpt":{"rendered":"<p>Le M9, le sosie iPhone chinois, pr\u00eat pour le 1er Janvier 2011 <\/p>\n","protected":false},"author":3222,"featured_media":376290,"comment_status":"open","ping_status":"closed","sticky":false,"template":"","format":"standard","meta":{"footnotes":""},"categories":[11339],"tags":[],"class_list":["post-173961","post","type-post","status-publish","format-standard","has-post-thumbnail","hentry","category-mobile"],"yoast_head":"<!-- This site is optimized with the Yoast SEO Premium plugin v27.5 (Yoast SEO v27.5) - https:\/\/yoast.com\/product\/yoast-seo-premium-wordpress\/ -->\n<title>Le M9, le sosie iPhone chinois, pr\u00eat pour le 1er Janvier 2011<\/title>\n<meta name=\"description\" content=\"Le M9, le sosie iPhone chinois, pr\u00eat pour le 1er Janvier 2011\" \/>\n<link rel=\"canonical\" href=\"https:\/\/www.webdo.tn\/fr\/actualite\/hardware\/le-m9-le-sosie-iphone-chinois-pret-pour-le-1er-janvier-2011\/173961\/\" \/>\n<meta property=\"og:locale\" content=\"fr_FR\" \/>\n<meta property=\"og:type\" content=\"article\" \/>\n<meta property=\"og:title\" content=\"Le M9, le sosie iPhone chinois, pr\u00eat pour le 1er Janvier 2011\" \/>\n<meta property=\"og:description\" content=\"Le M9, le sosie iPhone chinois, pr\u00eat pour le 1er Janvier 2011\" \/>\n<meta property=\"og:url\" content=\"https:\/\/www.webdo.tn\/fr\/actualite\/hardware\/le-m9-le-sosie-iphone-chinois-pret-pour-le-1er-janvier-2011\/173961\/\" \/>\n<meta property=\"og:site_name\" content=\"webdo\" \/>\n<meta property=\"article:publisher\" content=\"https:\/\/www.facebook.com\/webdotn\" \/>\n<meta property=\"article:published_time\" content=\"2010-12-27T11:04:00+00:00\" \/>\n<meta property=\"article:modified_time\" content=\"2025-06-04T21:19:20+00:00\" \/>\n<meta name=\"author\" content=\"webdo.tn\" \/>\n<meta name=\"twitter:card\" content=\"summary_large_image\" \/>\n<meta name=\"twitter:creator\" content=\"@webdo_tn\" \/>\n<meta name=\"twitter:site\" content=\"@webdo_tn\" \/>\n<meta name=\"twitter:label1\" content=\"\u00c9crit par\" \/>\n\t<meta name=\"twitter:data1\" content=\"webdo.tn\" \/>\n\t<meta name=\"twitter:label2\" content=\"Dur\u00e9e de lecture estim\u00e9e\" \/>\n\t<meta name=\"twitter:data2\" content=\"1 minute\" \/>\n<script type=\"application\/ld+json\" class=\"yoast-schema-graph\">{\"@context\":\"https:\\\/\\\/schema.org\",\"@graph\":[{\"@type\":\"NewsArticle\",\"@id\":\"https:\\\/\\\/www.webdo.tn\\\/fr\\\/actualite\\\/hardware\\\/le-m9-le-sosie-iphone-chinois-pret-pour-le-1er-janvier-2011\\\/173961\\\/#article\",\"isPartOf\":{\"@id\":\"https:\\\/\\\/www.webdo.tn\\\/fr\\\/actualite\\\/hardware\\\/le-m9-le-sosie-iphone-chinois-pret-pour-le-1er-janvier-2011\\\/173961\\\/\"},\"author\":{\"name\":\"webdo.tn\",\"@id\":\"https:\\\/\\\/www.webdo.tn\\\/fr\\\/#\\\/schema\\\/person\\\/9a9c6118d687c117df8ef3cc36a4d175\"},\"headline\":\"Le M9, le sosie iPhone chinois, pr\u00eat pour le 1er Janvier 2011\",\"datePublished\":\"2010-12-27T11:04:00+00:00\",\"dateModified\":\"2025-06-04T21:19:20+00:00\",\"mainEntityOfPage\":{\"@id\":\"https:\\\/\\\/www.webdo.tn\\\/fr\\\/actualite\\\/hardware\\\/le-m9-le-sosie-iphone-chinois-pret-pour-le-1er-janvier-2011\\\/173961\\\/\"},\"wordCount\":243,\"commentCount\":0,\"publisher\":{\"@id\":\"https:\\\/\\\/www.webdo.tn\\\/fr\\\/#organization\"},\"image\":{\"@id\":\"https:\\\/\\\/www.webdo.tn\\\/fr\\\/actualite\\\/hardware\\\/le-m9-le-sosie-iphone-chinois-pret-pour-le-1er-janvier-2011\\\/173961\\\/#primaryimage\"},\"thumbnailUrl\":\"https:\\\/\\\/www.webdo.tn\\\/fr\\\/wp-content\\\/uploads\\\/2025\\\/06\\\/FireShot-Capture-1063-webdo_default-53-750x375.jpg-750\u00d7375-www.webdo_.tn_.png\",\"articleSection\":[\"Mobile\"],\"inLanguage\":\"fr-FR\"},{\"@type\":\"WebPage\",\"@id\":\"https:\\\/\\\/www.webdo.tn\\\/fr\\\/actualite\\\/hardware\\\/le-m9-le-sosie-iphone-chinois-pret-pour-le-1er-janvier-2011\\\/173961\\\/\",\"url\":\"https:\\\/\\\/www.webdo.tn\\\/fr\\\/actualite\\\/hardware\\\/le-m9-le-sosie-iphone-chinois-pret-pour-le-1er-janvier-2011\\\/173961\\\/\",\"name\":\"Le M9, le sosie iPhone chinois, pr\u00eat pour le 1er Janvier 2011\",\"isPartOf\":{\"@id\":\"https:\\\/\\\/www.webdo.tn\\\/fr\\\/#website\"},\"primaryImageOfPage\":{\"@id\":\"https:\\\/\\\/www.webdo.tn\\\/fr\\\/actualite\\\/hardware\\\/le-m9-le-sosie-iphone-chinois-pret-pour-le-1er-janvier-2011\\\/173961\\\/#primaryimage\"},\"image\":{\"@id\":\"https:\\\/\\\/www.webdo.tn\\\/fr\\\/actualite\\\/hardware\\\/le-m9-le-sosie-iphone-chinois-pret-pour-le-1er-janvier-2011\\\/173961\\\/#primaryimage\"},\"thumbnailUrl\":\"https:\\\/\\\/www.webdo.tn\\\/fr\\\/wp-content\\\/uploads\\\/2025\\\/06\\\/FireShot-Capture-1063-webdo_default-53-750x375.jpg-750\u00d7375-www.webdo_.tn_.png\",\"datePublished\":\"2010-12-27T11:04:00+00:00\",\"dateModified\":\"2025-06-04T21:19:20+00:00\",\"description\":\"Le M9, le sosie iPhone chinois, pr\u00eat pour le 1er Janvier 2011\",\"breadcrumb\":{\"@id\":\"https:\\\/\\\/www.webdo.tn\\\/fr\\\/actualite\\\/hardware\\\/le-m9-le-sosie-iphone-chinois-pret-pour-le-1er-janvier-2011\\\/173961\\\/#breadcrumb\"},\"inLanguage\":\"fr-FR\",\"potentialAction\":[{\"@type\":\"ReadAction\",\"target\":[\"https:\\\/\\\/www.webdo.tn\\\/fr\\\/actualite\\\/hardware\\\/le-m9-le-sosie-iphone-chinois-pret-pour-le-1er-janvier-2011\\\/173961\\\/\"]}]},{\"@type\":\"ImageObject\",\"inLanguage\":\"fr-FR\",\"@id\":\"https:\\\/\\\/www.webdo.tn\\\/fr\\\/actualite\\\/hardware\\\/le-m9-le-sosie-iphone-chinois-pret-pour-le-1er-janvier-2011\\\/173961\\\/#primaryimage\",\"url\":\"https:\\\/\\\/www.webdo.tn\\\/fr\\\/wp-content\\\/uploads\\\/2025\\\/06\\\/FireShot-Capture-1063-webdo_default-53-750x375.jpg-750\u00d7375-www.webdo_.tn_.png\",\"contentUrl\":\"https:\\\/\\\/www.webdo.tn\\\/fr\\\/wp-content\\\/uploads\\\/2025\\\/06\\\/FireShot-Capture-1063-webdo_default-53-750x375.jpg-750\u00d7375-www.webdo_.tn_.png\",\"width\":746,\"height\":371},{\"@type\":\"BreadcrumbList\",\"@id\":\"https:\\\/\\\/www.webdo.tn\\\/fr\\\/actualite\\\/hardware\\\/le-m9-le-sosie-iphone-chinois-pret-pour-le-1er-janvier-2011\\\/173961\\\/#breadcrumb\",\"itemListElement\":[{\"@type\":\"ListItem\",\"position\":1,\"name\":\"Accueil\",\"item\":\"https:\\\/\\\/www.webdo.tn\\\/fr\\\/\"},{\"@type\":\"ListItem\",\"position\":2,\"name\":\"Le M9, le sosie iPhone chinois, pr\u00eat pour le 1er Janvier 2011\"}]},{\"@type\":\"WebSite\",\"@id\":\"https:\\\/\\\/www.webdo.tn\\\/fr\\\/#website\",\"url\":\"https:\\\/\\\/www.webdo.tn\\\/fr\\\/\",\"name\":\"webdo\",\"description\":\"Tunisie - News en Tunisie et \u00e0 l&#039;international sur Webdo.tn\",\"publisher\":{\"@id\":\"https:\\\/\\\/www.webdo.tn\\\/fr\\\/#organization\"},\"potentialAction\":[{\"@type\":\"SearchAction\",\"target\":{\"@type\":\"EntryPoint\",\"urlTemplate\":\"https:\\\/\\\/www.webdo.tn\\\/fr\\\/?s={search_term_string}\"},\"query-input\":{\"@type\":\"PropertyValueSpecification\",\"valueRequired\":true,\"valueName\":\"search_term_string\"}}],\"inLanguage\":\"fr-FR\"},{\"@type\":\"Organization\",\"@id\":\"https:\\\/\\\/www.webdo.tn\\\/fr\\\/#organization\",\"name\":\"Webdo\",\"alternateName\":\"Webdo.tn\",\"url\":\"https:\\\/\\\/www.webdo.tn\\\/fr\\\/\",\"logo\":{\"@type\":\"ImageObject\",\"inLanguage\":\"fr-FR\",\"@id\":\"https:\\\/\\\/www.webdo.tn\\\/fr\\\/#\\\/schema\\\/logo\\\/image\\\/\",\"url\":\"https:\\\/\\\/www.webdo.tn\\\/fr\\\/wp-content\\\/uploads\\\/2025\\\/06\\\/Webdo-Tunisie_168377.jpg\",\"contentUrl\":\"https:\\\/\\\/www.webdo.tn\\\/fr\\\/wp-content\\\/uploads\\\/2025\\\/06\\\/Webdo-Tunisie_168377.jpg\",\"width\":301,\"height\":301,\"caption\":\"Webdo\"},\"image\":{\"@id\":\"https:\\\/\\\/www.webdo.tn\\\/fr\\\/#\\\/schema\\\/logo\\\/image\\\/\"},\"sameAs\":[\"https:\\\/\\\/www.facebook.com\\\/webdotn\",\"https:\\\/\\\/x.com\\\/webdo_tn\"],\"description\":\"Webdo est un m\u00e9dia num\u00e9rique tunisien fond\u00e9 en 2010, sp\u00e9cialis\u00e9 dans l\u2019actualit\u00e9 nationale et internationale, l\u2019\u00e9conomie, la soci\u00e9t\u00e9 et les analyses politiques. Le site s\u2019adresse \u00e0 un large public francophone et couvre l\u2019information tunisienne en temps r\u00e9el.\",\"email\":\"redac@webdo.tn\",\"legalName\":\"YNJ SARL\",\"foundingDate\":\"2010-09-06\",\"numberOfEmployees\":{\"@type\":\"QuantitativeValue\",\"minValue\":\"11\",\"maxValue\":\"50\"}},{\"@type\":\"Person\",\"@id\":\"https:\\\/\\\/www.webdo.tn\\\/fr\\\/#\\\/schema\\\/person\\\/9a9c6118d687c117df8ef3cc36a4d175\",\"name\":\"webdo.tn\",\"image\":{\"@type\":\"ImageObject\",\"inLanguage\":\"fr-FR\",\"@id\":\"https:\\\/\\\/secure.gravatar.com\\\/avatar\\\/7ce1f28c0c3bbac99ff550b85ef8e44a6950c6ee24514fb6a5489e51d06f0298?s=96&d=mm&r=g\",\"url\":\"https:\\\/\\\/secure.gravatar.com\\\/avatar\\\/7ce1f28c0c3bbac99ff550b85ef8e44a6950c6ee24514fb6a5489e51d06f0298?s=96&d=mm&r=g\",\"contentUrl\":\"https:\\\/\\\/secure.gravatar.com\\\/avatar\\\/7ce1f28c0c3bbac99ff550b85ef8e44a6950c6ee24514fb6a5489e51d06f0298?s=96&d=mm&r=g\",\"caption\":\"webdo.tn\"},\"url\":\"https:\\\/\\\/www.webdo.tn\\\/fr\\\/actualite\\\/author\\\/webdotn\\\/\"}]}<\/script>\n<!-- \/ Yoast SEO Premium plugin. -->","yoast_head_json":{"title":"Le M9, le sosie iPhone chinois, pr\u00eat pour le 1er Janvier 2011","description":"Le M9, le sosie iPhone chinois, pr\u00eat pour le 1er Janvier 2011","canonical":"https:\/\/www.webdo.tn\/fr\/actualite\/hardware\/le-m9-le-sosie-iphone-chinois-pret-pour-le-1er-janvier-2011\/173961\/","og_locale":"fr_FR","og_type":"article","og_title":"Le M9, le sosie iPhone chinois, pr\u00eat pour le 1er Janvier 2011","og_description":"Le M9, le sosie iPhone chinois, pr\u00eat pour le 1er Janvier 2011","og_url":"https:\/\/www.webdo.tn\/fr\/actualite\/hardware\/le-m9-le-sosie-iphone-chinois-pret-pour-le-1er-janvier-2011\/173961\/","og_site_name":"webdo","article_publisher":"https:\/\/www.facebook.com\/webdotn","article_published_time":"2010-12-27T11:04:00+00:00","article_modified_time":"2025-06-04T21:19:20+00:00","author":"webdo.tn","twitter_card":"summary_large_image","twitter_creator":"@webdo_tn","twitter_site":"@webdo_tn","twitter_misc":{"\u00c9crit par":"webdo.tn","Dur\u00e9e de lecture estim\u00e9e":"1 minute"},"schema":{"@context":"https:\/\/schema.org","@graph":[{"@type":"NewsArticle","@id":"https:\/\/www.webdo.tn\/fr\/actualite\/hardware\/le-m9-le-sosie-iphone-chinois-pret-pour-le-1er-janvier-2011\/173961\/#article","isPartOf":{"@id":"https:\/\/www.webdo.tn\/fr\/actualite\/hardware\/le-m9-le-sosie-iphone-chinois-pret-pour-le-1er-janvier-2011\/173961\/"},"author":{"name":"webdo.tn","@id":"https:\/\/www.webdo.tn\/fr\/#\/schema\/person\/9a9c6118d687c117df8ef3cc36a4d175"},"headline":"Le M9, le sosie iPhone chinois, pr\u00eat pour le 1er Janvier 2011","datePublished":"2010-12-27T11:04:00+00:00","dateModified":"2025-06-04T21:19:20+00:00","mainEntityOfPage":{"@id":"https:\/\/www.webdo.tn\/fr\/actualite\/hardware\/le-m9-le-sosie-iphone-chinois-pret-pour-le-1er-janvier-2011\/173961\/"},"wordCount":243,"commentCount":0,"publisher":{"@id":"https:\/\/www.webdo.tn\/fr\/#organization"},"image":{"@id":"https:\/\/www.webdo.tn\/fr\/actualite\/hardware\/le-m9-le-sosie-iphone-chinois-pret-pour-le-1er-janvier-2011\/173961\/#primaryimage"},"thumbnailUrl":"https:\/\/www.webdo.tn\/fr\/wp-content\/uploads\/2025\/06\/FireShot-Capture-1063-webdo_default-53-750x375.jpg-750\u00d7375-www.webdo_.tn_.png","articleSection":["Mobile"],"inLanguage":"fr-FR"},{"@type":"WebPage","@id":"https:\/\/www.webdo.tn\/fr\/actualite\/hardware\/le-m9-le-sosie-iphone-chinois-pret-pour-le-1er-janvier-2011\/173961\/","url":"https:\/\/www.webdo.tn\/fr\/actualite\/hardware\/le-m9-le-sosie-iphone-chinois-pret-pour-le-1er-janvier-2011\/173961\/","name":"Le M9, le sosie iPhone chinois, pr\u00eat pour le 1er Janvier 2011","isPartOf":{"@id":"https:\/\/www.webdo.tn\/fr\/#website"},"primaryImageOfPage":{"@id":"https:\/\/www.webdo.tn\/fr\/actualite\/hardware\/le-m9-le-sosie-iphone-chinois-pret-pour-le-1er-janvier-2011\/173961\/#primaryimage"},"image":{"@id":"https:\/\/www.webdo.tn\/fr\/actualite\/hardware\/le-m9-le-sosie-iphone-chinois-pret-pour-le-1er-janvier-2011\/173961\/#primaryimage"},"thumbnailUrl":"https:\/\/www.webdo.tn\/fr\/wp-content\/uploads\/2025\/06\/FireShot-Capture-1063-webdo_default-53-750x375.jpg-750\u00d7375-www.webdo_.tn_.png","datePublished":"2010-12-27T11:04:00+00:00","dateModified":"2025-06-04T21:19:20+00:00","description":"Le M9, le sosie iPhone chinois, pr\u00eat pour le 1er Janvier 2011","breadcrumb":{"@id":"https:\/\/www.webdo.tn\/fr\/actualite\/hardware\/le-m9-le-sosie-iphone-chinois-pret-pour-le-1er-janvier-2011\/173961\/#breadcrumb"},"inLanguage":"fr-FR","potentialAction":[{"@type":"ReadAction","target":["https:\/\/www.webdo.tn\/fr\/actualite\/hardware\/le-m9-le-sosie-iphone-chinois-pret-pour-le-1er-janvier-2011\/173961\/"]}]},{"@type":"ImageObject","inLanguage":"fr-FR","@id":"https:\/\/www.webdo.tn\/fr\/actualite\/hardware\/le-m9-le-sosie-iphone-chinois-pret-pour-le-1er-janvier-2011\/173961\/#primaryimage","url":"https:\/\/www.webdo.tn\/fr\/wp-content\/uploads\/2025\/06\/FireShot-Capture-1063-webdo_default-53-750x375.jpg-750\u00d7375-www.webdo_.tn_.png","contentUrl":"https:\/\/www.webdo.tn\/fr\/wp-content\/uploads\/2025\/06\/FireShot-Capture-1063-webdo_default-53-750x375.jpg-750\u00d7375-www.webdo_.tn_.png","width":746,"height":371},{"@type":"BreadcrumbList","@id":"https:\/\/www.webdo.tn\/fr\/actualite\/hardware\/le-m9-le-sosie-iphone-chinois-pret-pour-le-1er-janvier-2011\/173961\/#breadcrumb","itemListElement":[{"@type":"ListItem","position":1,"name":"Accueil","item":"https:\/\/www.webdo.tn\/fr\/"},{"@type":"ListItem","position":2,"name":"Le M9, le sosie iPhone chinois, pr\u00eat pour le 1er Janvier 2011"}]},{"@type":"WebSite","@id":"https:\/\/www.webdo.tn\/fr\/#website","url":"https:\/\/www.webdo.tn\/fr\/","name":"webdo","description":"Tunisie - News en Tunisie et \u00e0 l&#039;international sur Webdo.tn","publisher":{"@id":"https:\/\/www.webdo.tn\/fr\/#organization"},"potentialAction":[{"@type":"SearchAction","target":{"@type":"EntryPoint","urlTemplate":"https:\/\/www.webdo.tn\/fr\/?s={search_term_string}"},"query-input":{"@type":"PropertyValueSpecification","valueRequired":true,"valueName":"search_term_string"}}],"inLanguage":"fr-FR"},{"@type":"Organization","@id":"https:\/\/www.webdo.tn\/fr\/#organization","name":"Webdo","alternateName":"Webdo.tn","url":"https:\/\/www.webdo.tn\/fr\/","logo":{"@type":"ImageObject","inLanguage":"fr-FR","@id":"https:\/\/www.webdo.tn\/fr\/#\/schema\/logo\/image\/","url":"https:\/\/www.webdo.tn\/fr\/wp-content\/uploads\/2025\/06\/Webdo-Tunisie_168377.jpg","contentUrl":"https:\/\/www.webdo.tn\/fr\/wp-content\/uploads\/2025\/06\/Webdo-Tunisie_168377.jpg","width":301,"height":301,"caption":"Webdo"},"image":{"@id":"https:\/\/www.webdo.tn\/fr\/#\/schema\/logo\/image\/"},"sameAs":["https:\/\/www.facebook.com\/webdotn","https:\/\/x.com\/webdo_tn"],"description":"Webdo est un m\u00e9dia num\u00e9rique tunisien fond\u00e9 en 2010, sp\u00e9cialis\u00e9 dans l\u2019actualit\u00e9 nationale et internationale, l\u2019\u00e9conomie, la soci\u00e9t\u00e9 et les analyses politiques. Le site s\u2019adresse \u00e0 un large public francophone et couvre l\u2019information tunisienne en temps r\u00e9el.","email":"redac@webdo.tn","legalName":"YNJ SARL","foundingDate":"2010-09-06","numberOfEmployees":{"@type":"QuantitativeValue","minValue":"11","maxValue":"50"}},{"@type":"Person","@id":"https:\/\/www.webdo.tn\/fr\/#\/schema\/person\/9a9c6118d687c117df8ef3cc36a4d175","name":"webdo.tn","image":{"@type":"ImageObject","inLanguage":"fr-FR","@id":"https:\/\/secure.gravatar.com\/avatar\/7ce1f28c0c3bbac99ff550b85ef8e44a6950c6ee24514fb6a5489e51d06f0298?s=96&d=mm&r=g","url":"https:\/\/secure.gravatar.com\/avatar\/7ce1f28c0c3bbac99ff550b85ef8e44a6950c6ee24514fb6a5489e51d06f0298?s=96&d=mm&r=g","contentUrl":"https:\/\/secure.gravatar.com\/avatar\/7ce1f28c0c3bbac99ff550b85ef8e44a6950c6ee24514fb6a5489e51d06f0298?s=96&d=mm&r=g","caption":"webdo.tn"},"url":"https:\/\/www.webdo.tn\/fr\/actualite\/author\/webdotn\/"}]}},"_links":{"self":[{"href":"https:\/\/www.webdo.tn\/fr\/wp-json\/wp\/v2\/posts\/173961","targetHints":{"allow":["GET"]}}],"collection":[{"href":"https:\/\/www.webdo.tn\/fr\/wp-json\/wp\/v2\/posts"}],"about":[{"href":"https:\/\/www.webdo.tn\/fr\/wp-json\/wp\/v2\/types\/post"}],"author":[{"embeddable":true,"href":"https:\/\/www.webdo.tn\/fr\/wp-json\/wp\/v2\/users\/3222"}],"replies":[{"embeddable":true,"href":"https:\/\/www.webdo.tn\/fr\/wp-json\/wp\/v2\/comments?post=173961"}],"version-history":[{"count":0,"href":"https:\/\/www.webdo.tn\/fr\/wp-json\/wp\/v2\/posts\/173961\/revisions"}],"wp:featuredmedia":[{"embeddable":true,"href":"https:\/\/www.webdo.tn\/fr\/wp-json\/wp\/v2\/media\/376290"}],"wp:attachment":[{"href":"https:\/\/www.webdo.tn\/fr\/wp-json\/wp\/v2\/media?parent=173961"}],"wp:term":[{"taxonomy":"category","embeddable":true,"href":"https:\/\/www.webdo.tn\/fr\/wp-json\/wp\/v2\/categories?post=173961"},{"taxonomy":"post_tag","embeddable":true,"href":"https:\/\/www.webdo.tn\/fr\/wp-json\/wp\/v2\/tags?post=173961"}],"curies":[{"name":"wp","href":"https:\/\/api.w.org\/{rel}","templated":true}]}}