{"id":173939,"date":"2011-04-26T12:08:00","date_gmt":"2011-04-26T12:08:00","guid":{"rendered":"https:\/\/www.webdo.tn\/fr\/actualite\/blog\/10-contractuels-de-tunisie-telecom-sur-63-reconduits-le-dossier-est-clos\/173939\/"},"modified":"2011-04-26T12:08:00","modified_gmt":"2011-04-26T12:08:00","slug":"10-contractuels-de-tunisie-telecom-sur-63-reconduits-le-dossier-est-clos","status":"publish","type":"post","link":"https:\/\/www.webdo.tn\/fr\/actualite\/mobile\/10-contractuels-de-tunisie-telecom-sur-63-reconduits-le-dossier-est-clos\/173939\/","title":{"rendered":"10 contractuels de Tunisie T\u00e9l\u00e9com sur 63 reconduits\u00a0: le dossier est clos\u00a0!?"},"content":{"rendered":"<p>Il semble que le dossier des contractuels de Tunisie T\u00e9l\u00e9com soit d\u00e9finitivement clos. Les s\u00e9ances de travail entre le minist\u00e8re de l\u2019Industrie et des Technologie, la direction g\u00e9n\u00e9rale de Tunisie T\u00e9l\u00e9com et le syndicat ont trouv\u00e9 \u00e0 une solution. Le syndicat, lors d&rsquo;un meeting au si\u00e8ge du secr\u00e9tariat d\u2019\u00c9tat des Technologies de la communication, a annonc\u00e9 qu\u2019une cinquantaine de contrats seront arr\u00eat\u00e9s d\u2019ici le 9 mai prochain\u00a0; trois autres contrats sont arriv\u00e9s \u00e0 terme. <\/p>\n<p>Les 10 contractuels restant seront reconduits \u00e0 leurs postes. Ils occupent des postes-cl\u00e9s dans la gestion de l\u2019entreprise sur le plan technique et commercial&#8230; <\/p>\n<p>D\u2019apr\u00e8s le syndicat, parmi ces dix contractuels, trois sont aupr\u00e8s de la commission d&rsquo;enqu\u00eate sur les affaires de corruption et trois autres ont leurs dossiers en cours de constitution par la commission interne. <\/p>\n<p>Cette solution a \u00e9t\u00e9 bien accueillie par le personnel de Tunisie T\u00e9l\u00e9com. La lev\u00e9e du sit-in est attendue. La s\u00e9ance de travail pr\u00e9vue ce soir avec la direction g\u00e9n\u00e9rale de Tunisie T\u00e9l\u00e9com mettra noir sur blanc cet accord.<\/p>\n","protected":false},"excerpt":{"rendered":"<p>10 contractuels de Tunisie T\u00e9l\u00e9com sur 63 reconduits\u00a0: le dossier est clos\u00a0!? <\/p>\n","protected":false},"author":3222,"featured_media":365427,"comment_status":"open","ping_status":"closed","sticky":false,"template":"","format":"standard","meta":{"footnotes":""},"categories":[11339],"tags":[],"class_list":["post-173939","post","type-post","status-publish","format-standard","has-post-thumbnail","hentry","category-mobile"],"yoast_head":"<!-- This site is optimized with the Yoast SEO Premium plugin v27.5 (Yoast SEO v27.5) - https:\/\/yoast.com\/product\/yoast-seo-premium-wordpress\/ -->\n<title>10 contractuels de Tunisie T\u00e9l\u00e9com sur 63 reconduits\u00a0: le dossier est clos\u00a0!?<\/title>\n<meta name=\"description\" content=\"10 contractuels de Tunisie T\u00e9l\u00e9com sur 63 reconduits\u00a0: le dossier est clos\u00a0!?\" \/>\n<link rel=\"canonical\" href=\"https:\/\/www.webdo.tn\/fr\/actualite\/mobile\/10-contractuels-de-tunisie-telecom-sur-63-reconduits-le-dossier-est-clos\/173939\/\" \/>\n<meta property=\"og:locale\" content=\"fr_FR\" \/>\n<meta property=\"og:type\" content=\"article\" \/>\n<meta property=\"og:title\" content=\"10 contractuels de Tunisie T\u00e9l\u00e9com sur 63 reconduits\u00a0: le dossier est clos\u00a0!?\" \/>\n<meta property=\"og:description\" content=\"10 contractuels de Tunisie T\u00e9l\u00e9com sur 63 reconduits\u00a0: le dossier est clos\u00a0!?\" \/>\n<meta property=\"og:url\" content=\"https:\/\/www.webdo.tn\/fr\/actualite\/mobile\/10-contractuels-de-tunisie-telecom-sur-63-reconduits-le-dossier-est-clos\/173939\/\" \/>\n<meta property=\"og:site_name\" content=\"webdo\" \/>\n<meta property=\"article:publisher\" content=\"https:\/\/www.facebook.com\/webdotn\" \/>\n<meta property=\"article:published_time\" content=\"2011-04-26T12:08:00+00:00\" \/>\n<meta property=\"og:image\" content=\"https:\/\/www.webdo.tn\/fr\/wp-content\/uploads\/2011\/04\/Tunisie-Telecom.jpg\" \/>\n\t<meta property=\"og:image:width\" content=\"334\" \/>\n\t<meta property=\"og:image:height\" content=\"177\" \/>\n\t<meta property=\"og:image:type\" content=\"image\/jpeg\" \/>\n<meta name=\"author\" content=\"webdo.tn\" \/>\n<meta name=\"twitter:card\" content=\"summary_large_image\" \/>\n<meta name=\"twitter:creator\" content=\"@webdo_tn\" \/>\n<meta name=\"twitter:site\" content=\"@webdo_tn\" \/>\n<meta name=\"twitter:label1\" content=\"\u00c9crit par\" \/>\n\t<meta name=\"twitter:data1\" content=\"webdo.tn\" \/>\n\t<meta name=\"twitter:label2\" content=\"Dur\u00e9e de lecture estim\u00e9e\" \/>\n\t<meta name=\"twitter:data2\" content=\"1 minute\" \/>\n<script type=\"application\/ld+json\" class=\"yoast-schema-graph\">{\"@context\":\"https:\\\/\\\/schema.org\",\"@graph\":[{\"@type\":\"NewsArticle\",\"@id\":\"https:\\\/\\\/www.webdo.tn\\\/fr\\\/actualite\\\/mobile\\\/10-contractuels-de-tunisie-telecom-sur-63-reconduits-le-dossier-est-clos\\\/173939\\\/#article\",\"isPartOf\":{\"@id\":\"https:\\\/\\\/www.webdo.tn\\\/fr\\\/actualite\\\/mobile\\\/10-contractuels-de-tunisie-telecom-sur-63-reconduits-le-dossier-est-clos\\\/173939\\\/\"},\"author\":{\"name\":\"webdo.tn\",\"@id\":\"https:\\\/\\\/www.webdo.tn\\\/fr\\\/#\\\/schema\\\/person\\\/9a9c6118d687c117df8ef3cc36a4d175\"},\"headline\":\"10 contractuels de Tunisie T\u00e9l\u00e9com sur 63 reconduits\u00a0: le dossier est clos\u00a0!?\",\"datePublished\":\"2011-04-26T12:08:00+00:00\",\"mainEntityOfPage\":{\"@id\":\"https:\\\/\\\/www.webdo.tn\\\/fr\\\/actualite\\\/mobile\\\/10-contractuels-de-tunisie-telecom-sur-63-reconduits-le-dossier-est-clos\\\/173939\\\/\"},\"wordCount\":211,\"commentCount\":0,\"publisher\":{\"@id\":\"https:\\\/\\\/www.webdo.tn\\\/fr\\\/#organization\"},\"image\":{\"@id\":\"https:\\\/\\\/www.webdo.tn\\\/fr\\\/actualite\\\/mobile\\\/10-contractuels-de-tunisie-telecom-sur-63-reconduits-le-dossier-est-clos\\\/173939\\\/#primaryimage\"},\"thumbnailUrl\":\"https:\\\/\\\/www.webdo.tn\\\/fr\\\/wp-content\\\/uploads\\\/2011\\\/04\\\/Tunisie-Telecom.jpg\",\"articleSection\":[\"Mobile\"],\"inLanguage\":\"fr-FR\"},{\"@type\":\"WebPage\",\"@id\":\"https:\\\/\\\/www.webdo.tn\\\/fr\\\/actualite\\\/mobile\\\/10-contractuels-de-tunisie-telecom-sur-63-reconduits-le-dossier-est-clos\\\/173939\\\/\",\"url\":\"https:\\\/\\\/www.webdo.tn\\\/fr\\\/actualite\\\/mobile\\\/10-contractuels-de-tunisie-telecom-sur-63-reconduits-le-dossier-est-clos\\\/173939\\\/\",\"name\":\"10 contractuels de Tunisie T\u00e9l\u00e9com sur 63 reconduits\u00a0: le dossier est clos\u00a0!?\",\"isPartOf\":{\"@id\":\"https:\\\/\\\/www.webdo.tn\\\/fr\\\/#website\"},\"primaryImageOfPage\":{\"@id\":\"https:\\\/\\\/www.webdo.tn\\\/fr\\\/actualite\\\/mobile\\\/10-contractuels-de-tunisie-telecom-sur-63-reconduits-le-dossier-est-clos\\\/173939\\\/#primaryimage\"},\"image\":{\"@id\":\"https:\\\/\\\/www.webdo.tn\\\/fr\\\/actualite\\\/mobile\\\/10-contractuels-de-tunisie-telecom-sur-63-reconduits-le-dossier-est-clos\\\/173939\\\/#primaryimage\"},\"thumbnailUrl\":\"https:\\\/\\\/www.webdo.tn\\\/fr\\\/wp-content\\\/uploads\\\/2011\\\/04\\\/Tunisie-Telecom.jpg\",\"datePublished\":\"2011-04-26T12:08:00+00:00\",\"description\":\"10 contractuels de Tunisie T\u00e9l\u00e9com sur 63 reconduits\u00a0: le dossier est clos\u00a0!?\",\"breadcrumb\":{\"@id\":\"https:\\\/\\\/www.webdo.tn\\\/fr\\\/actualite\\\/mobile\\\/10-contractuels-de-tunisie-telecom-sur-63-reconduits-le-dossier-est-clos\\\/173939\\\/#breadcrumb\"},\"inLanguage\":\"fr-FR\",\"potentialAction\":[{\"@type\":\"ReadAction\",\"target\":[\"https:\\\/\\\/www.webdo.tn\\\/fr\\\/actualite\\\/mobile\\\/10-contractuels-de-tunisie-telecom-sur-63-reconduits-le-dossier-est-clos\\\/173939\\\/\"]}]},{\"@type\":\"ImageObject\",\"inLanguage\":\"fr-FR\",\"@id\":\"https:\\\/\\\/www.webdo.tn\\\/fr\\\/actualite\\\/mobile\\\/10-contractuels-de-tunisie-telecom-sur-63-reconduits-le-dossier-est-clos\\\/173939\\\/#primaryimage\",\"url\":\"https:\\\/\\\/www.webdo.tn\\\/fr\\\/wp-content\\\/uploads\\\/2011\\\/04\\\/Tunisie-Telecom.jpg\",\"contentUrl\":\"https:\\\/\\\/www.webdo.tn\\\/fr\\\/wp-content\\\/uploads\\\/2011\\\/04\\\/Tunisie-Telecom.jpg\",\"width\":334,\"height\":177,\"caption\":\"10 contractuels de Tunisie T\u00e9l\u00e9com sur 63 reconduits\u00a0: le dossier est clos\u00a0!?\"},{\"@type\":\"BreadcrumbList\",\"@id\":\"https:\\\/\\\/www.webdo.tn\\\/fr\\\/actualite\\\/mobile\\\/10-contractuels-de-tunisie-telecom-sur-63-reconduits-le-dossier-est-clos\\\/173939\\\/#breadcrumb\",\"itemListElement\":[{\"@type\":\"ListItem\",\"position\":1,\"name\":\"Accueil\",\"item\":\"https:\\\/\\\/www.webdo.tn\\\/fr\\\/\"},{\"@type\":\"ListItem\",\"position\":2,\"name\":\"10 contractuels de Tunisie T\u00e9l\u00e9com sur 63 reconduits\u00a0: le dossier est clos\u00a0!?\"}]},{\"@type\":\"WebSite\",\"@id\":\"https:\\\/\\\/www.webdo.tn\\\/fr\\\/#website\",\"url\":\"https:\\\/\\\/www.webdo.tn\\\/fr\\\/\",\"name\":\"webdo\",\"description\":\"Tunisie - News en Tunisie et \u00e0 l&#039;international sur Webdo.tn\",\"publisher\":{\"@id\":\"https:\\\/\\\/www.webdo.tn\\\/fr\\\/#organization\"},\"potentialAction\":[{\"@type\":\"SearchAction\",\"target\":{\"@type\":\"EntryPoint\",\"urlTemplate\":\"https:\\\/\\\/www.webdo.tn\\\/fr\\\/?s={search_term_string}\"},\"query-input\":{\"@type\":\"PropertyValueSpecification\",\"valueRequired\":true,\"valueName\":\"search_term_string\"}}],\"inLanguage\":\"fr-FR\"},{\"@type\":\"Organization\",\"@id\":\"https:\\\/\\\/www.webdo.tn\\\/fr\\\/#organization\",\"name\":\"Webdo\",\"alternateName\":\"Webdo.tn\",\"url\":\"https:\\\/\\\/www.webdo.tn\\\/fr\\\/\",\"logo\":{\"@type\":\"ImageObject\",\"inLanguage\":\"fr-FR\",\"@id\":\"https:\\\/\\\/www.webdo.tn\\\/fr\\\/#\\\/schema\\\/logo\\\/image\\\/\",\"url\":\"https:\\\/\\\/www.webdo.tn\\\/fr\\\/wp-content\\\/uploads\\\/2025\\\/06\\\/Webdo-Tunisie_168377.jpg\",\"contentUrl\":\"https:\\\/\\\/www.webdo.tn\\\/fr\\\/wp-content\\\/uploads\\\/2025\\\/06\\\/Webdo-Tunisie_168377.jpg\",\"width\":301,\"height\":301,\"caption\":\"Webdo\"},\"image\":{\"@id\":\"https:\\\/\\\/www.webdo.tn\\\/fr\\\/#\\\/schema\\\/logo\\\/image\\\/\"},\"sameAs\":[\"https:\\\/\\\/www.facebook.com\\\/webdotn\",\"https:\\\/\\\/x.com\\\/webdo_tn\"],\"description\":\"Webdo est un m\u00e9dia num\u00e9rique tunisien fond\u00e9 en 2010, sp\u00e9cialis\u00e9 dans l\u2019actualit\u00e9 nationale et internationale, l\u2019\u00e9conomie, la soci\u00e9t\u00e9 et les analyses politiques. Le site s\u2019adresse \u00e0 un large public francophone et couvre l\u2019information tunisienne en temps r\u00e9el.\",\"email\":\"redac@webdo.tn\",\"legalName\":\"YNJ SARL\",\"foundingDate\":\"2010-09-06\",\"numberOfEmployees\":{\"@type\":\"QuantitativeValue\",\"minValue\":\"11\",\"maxValue\":\"50\"}},{\"@type\":\"Person\",\"@id\":\"https:\\\/\\\/www.webdo.tn\\\/fr\\\/#\\\/schema\\\/person\\\/9a9c6118d687c117df8ef3cc36a4d175\",\"name\":\"webdo.tn\",\"image\":{\"@type\":\"ImageObject\",\"inLanguage\":\"fr-FR\",\"@id\":\"https:\\\/\\\/secure.gravatar.com\\\/avatar\\\/7ce1f28c0c3bbac99ff550b85ef8e44a6950c6ee24514fb6a5489e51d06f0298?s=96&d=mm&r=g\",\"url\":\"https:\\\/\\\/secure.gravatar.com\\\/avatar\\\/7ce1f28c0c3bbac99ff550b85ef8e44a6950c6ee24514fb6a5489e51d06f0298?s=96&d=mm&r=g\",\"contentUrl\":\"https:\\\/\\\/secure.gravatar.com\\\/avatar\\\/7ce1f28c0c3bbac99ff550b85ef8e44a6950c6ee24514fb6a5489e51d06f0298?s=96&d=mm&r=g\",\"caption\":\"webdo.tn\"},\"url\":\"https:\\\/\\\/www.webdo.tn\\\/fr\\\/actualite\\\/author\\\/webdotn\\\/\"}]}<\/script>\n<!-- \/ Yoast SEO Premium plugin. -->","yoast_head_json":{"title":"10 contractuels de Tunisie T\u00e9l\u00e9com sur 63 reconduits\u00a0: le dossier est clos\u00a0!?","description":"10 contractuels de Tunisie T\u00e9l\u00e9com sur 63 reconduits\u00a0: le dossier est clos\u00a0!?","canonical":"https:\/\/www.webdo.tn\/fr\/actualite\/mobile\/10-contractuels-de-tunisie-telecom-sur-63-reconduits-le-dossier-est-clos\/173939\/","og_locale":"fr_FR","og_type":"article","og_title":"10 contractuels de Tunisie T\u00e9l\u00e9com sur 63 reconduits\u00a0: le dossier est clos\u00a0!?","og_description":"10 contractuels de Tunisie T\u00e9l\u00e9com sur 63 reconduits\u00a0: le dossier est clos\u00a0!?","og_url":"https:\/\/www.webdo.tn\/fr\/actualite\/mobile\/10-contractuels-de-tunisie-telecom-sur-63-reconduits-le-dossier-est-clos\/173939\/","og_site_name":"webdo","article_publisher":"https:\/\/www.facebook.com\/webdotn","article_published_time":"2011-04-26T12:08:00+00:00","og_image":[{"width":334,"height":177,"url":"https:\/\/www.webdo.tn\/fr\/wp-content\/uploads\/2011\/04\/Tunisie-Telecom.jpg","type":"image\/jpeg"}],"author":"webdo.tn","twitter_card":"summary_large_image","twitter_creator":"@webdo_tn","twitter_site":"@webdo_tn","twitter_misc":{"\u00c9crit par":"webdo.tn","Dur\u00e9e de lecture estim\u00e9e":"1 minute"},"schema":{"@context":"https:\/\/schema.org","@graph":[{"@type":"NewsArticle","@id":"https:\/\/www.webdo.tn\/fr\/actualite\/mobile\/10-contractuels-de-tunisie-telecom-sur-63-reconduits-le-dossier-est-clos\/173939\/#article","isPartOf":{"@id":"https:\/\/www.webdo.tn\/fr\/actualite\/mobile\/10-contractuels-de-tunisie-telecom-sur-63-reconduits-le-dossier-est-clos\/173939\/"},"author":{"name":"webdo.tn","@id":"https:\/\/www.webdo.tn\/fr\/#\/schema\/person\/9a9c6118d687c117df8ef3cc36a4d175"},"headline":"10 contractuels de Tunisie T\u00e9l\u00e9com sur 63 reconduits\u00a0: le dossier est clos\u00a0!?","datePublished":"2011-04-26T12:08:00+00:00","mainEntityOfPage":{"@id":"https:\/\/www.webdo.tn\/fr\/actualite\/mobile\/10-contractuels-de-tunisie-telecom-sur-63-reconduits-le-dossier-est-clos\/173939\/"},"wordCount":211,"commentCount":0,"publisher":{"@id":"https:\/\/www.webdo.tn\/fr\/#organization"},"image":{"@id":"https:\/\/www.webdo.tn\/fr\/actualite\/mobile\/10-contractuels-de-tunisie-telecom-sur-63-reconduits-le-dossier-est-clos\/173939\/#primaryimage"},"thumbnailUrl":"https:\/\/www.webdo.tn\/fr\/wp-content\/uploads\/2011\/04\/Tunisie-Telecom.jpg","articleSection":["Mobile"],"inLanguage":"fr-FR"},{"@type":"WebPage","@id":"https:\/\/www.webdo.tn\/fr\/actualite\/mobile\/10-contractuels-de-tunisie-telecom-sur-63-reconduits-le-dossier-est-clos\/173939\/","url":"https:\/\/www.webdo.tn\/fr\/actualite\/mobile\/10-contractuels-de-tunisie-telecom-sur-63-reconduits-le-dossier-est-clos\/173939\/","name":"10 contractuels de Tunisie T\u00e9l\u00e9com sur 63 reconduits\u00a0: le dossier est clos\u00a0!?","isPartOf":{"@id":"https:\/\/www.webdo.tn\/fr\/#website"},"primaryImageOfPage":{"@id":"https:\/\/www.webdo.tn\/fr\/actualite\/mobile\/10-contractuels-de-tunisie-telecom-sur-63-reconduits-le-dossier-est-clos\/173939\/#primaryimage"},"image":{"@id":"https:\/\/www.webdo.tn\/fr\/actualite\/mobile\/10-contractuels-de-tunisie-telecom-sur-63-reconduits-le-dossier-est-clos\/173939\/#primaryimage"},"thumbnailUrl":"https:\/\/www.webdo.tn\/fr\/wp-content\/uploads\/2011\/04\/Tunisie-Telecom.jpg","datePublished":"2011-04-26T12:08:00+00:00","description":"10 contractuels de Tunisie T\u00e9l\u00e9com sur 63 reconduits\u00a0: le dossier est clos\u00a0!?","breadcrumb":{"@id":"https:\/\/www.webdo.tn\/fr\/actualite\/mobile\/10-contractuels-de-tunisie-telecom-sur-63-reconduits-le-dossier-est-clos\/173939\/#breadcrumb"},"inLanguage":"fr-FR","potentialAction":[{"@type":"ReadAction","target":["https:\/\/www.webdo.tn\/fr\/actualite\/mobile\/10-contractuels-de-tunisie-telecom-sur-63-reconduits-le-dossier-est-clos\/173939\/"]}]},{"@type":"ImageObject","inLanguage":"fr-FR","@id":"https:\/\/www.webdo.tn\/fr\/actualite\/mobile\/10-contractuels-de-tunisie-telecom-sur-63-reconduits-le-dossier-est-clos\/173939\/#primaryimage","url":"https:\/\/www.webdo.tn\/fr\/wp-content\/uploads\/2011\/04\/Tunisie-Telecom.jpg","contentUrl":"https:\/\/www.webdo.tn\/fr\/wp-content\/uploads\/2011\/04\/Tunisie-Telecom.jpg","width":334,"height":177,"caption":"10 contractuels de Tunisie T\u00e9l\u00e9com sur 63 reconduits\u00a0: le dossier est clos\u00a0!?"},{"@type":"BreadcrumbList","@id":"https:\/\/www.webdo.tn\/fr\/actualite\/mobile\/10-contractuels-de-tunisie-telecom-sur-63-reconduits-le-dossier-est-clos\/173939\/#breadcrumb","itemListElement":[{"@type":"ListItem","position":1,"name":"Accueil","item":"https:\/\/www.webdo.tn\/fr\/"},{"@type":"ListItem","position":2,"name":"10 contractuels de Tunisie T\u00e9l\u00e9com sur 63 reconduits\u00a0: le dossier est clos\u00a0!?"}]},{"@type":"WebSite","@id":"https:\/\/www.webdo.tn\/fr\/#website","url":"https:\/\/www.webdo.tn\/fr\/","name":"webdo","description":"Tunisie - News en Tunisie et \u00e0 l&#039;international sur Webdo.tn","publisher":{"@id":"https:\/\/www.webdo.tn\/fr\/#organization"},"potentialAction":[{"@type":"SearchAction","target":{"@type":"EntryPoint","urlTemplate":"https:\/\/www.webdo.tn\/fr\/?s={search_term_string}"},"query-input":{"@type":"PropertyValueSpecification","valueRequired":true,"valueName":"search_term_string"}}],"inLanguage":"fr-FR"},{"@type":"Organization","@id":"https:\/\/www.webdo.tn\/fr\/#organization","name":"Webdo","alternateName":"Webdo.tn","url":"https:\/\/www.webdo.tn\/fr\/","logo":{"@type":"ImageObject","inLanguage":"fr-FR","@id":"https:\/\/www.webdo.tn\/fr\/#\/schema\/logo\/image\/","url":"https:\/\/www.webdo.tn\/fr\/wp-content\/uploads\/2025\/06\/Webdo-Tunisie_168377.jpg","contentUrl":"https:\/\/www.webdo.tn\/fr\/wp-content\/uploads\/2025\/06\/Webdo-Tunisie_168377.jpg","width":301,"height":301,"caption":"Webdo"},"image":{"@id":"https:\/\/www.webdo.tn\/fr\/#\/schema\/logo\/image\/"},"sameAs":["https:\/\/www.facebook.com\/webdotn","https:\/\/x.com\/webdo_tn"],"description":"Webdo est un m\u00e9dia num\u00e9rique tunisien fond\u00e9 en 2010, sp\u00e9cialis\u00e9 dans l\u2019actualit\u00e9 nationale et internationale, l\u2019\u00e9conomie, la soci\u00e9t\u00e9 et les analyses politiques. Le site s\u2019adresse \u00e0 un large public francophone et couvre l\u2019information tunisienne en temps r\u00e9el.","email":"redac@webdo.tn","legalName":"YNJ SARL","foundingDate":"2010-09-06","numberOfEmployees":{"@type":"QuantitativeValue","minValue":"11","maxValue":"50"}},{"@type":"Person","@id":"https:\/\/www.webdo.tn\/fr\/#\/schema\/person\/9a9c6118d687c117df8ef3cc36a4d175","name":"webdo.tn","image":{"@type":"ImageObject","inLanguage":"fr-FR","@id":"https:\/\/secure.gravatar.com\/avatar\/7ce1f28c0c3bbac99ff550b85ef8e44a6950c6ee24514fb6a5489e51d06f0298?s=96&d=mm&r=g","url":"https:\/\/secure.gravatar.com\/avatar\/7ce1f28c0c3bbac99ff550b85ef8e44a6950c6ee24514fb6a5489e51d06f0298?s=96&d=mm&r=g","contentUrl":"https:\/\/secure.gravatar.com\/avatar\/7ce1f28c0c3bbac99ff550b85ef8e44a6950c6ee24514fb6a5489e51d06f0298?s=96&d=mm&r=g","caption":"webdo.tn"},"url":"https:\/\/www.webdo.tn\/fr\/actualite\/author\/webdotn\/"}]}},"_links":{"self":[{"href":"https:\/\/www.webdo.tn\/fr\/wp-json\/wp\/v2\/posts\/173939","targetHints":{"allow":["GET"]}}],"collection":[{"href":"https:\/\/www.webdo.tn\/fr\/wp-json\/wp\/v2\/posts"}],"about":[{"href":"https:\/\/www.webdo.tn\/fr\/wp-json\/wp\/v2\/types\/post"}],"author":[{"embeddable":true,"href":"https:\/\/www.webdo.tn\/fr\/wp-json\/wp\/v2\/users\/3222"}],"replies":[{"embeddable":true,"href":"https:\/\/www.webdo.tn\/fr\/wp-json\/wp\/v2\/comments?post=173939"}],"version-history":[{"count":0,"href":"https:\/\/www.webdo.tn\/fr\/wp-json\/wp\/v2\/posts\/173939\/revisions"}],"wp:featuredmedia":[{"embeddable":true,"href":"https:\/\/www.webdo.tn\/fr\/wp-json\/wp\/v2\/media\/365427"}],"wp:attachment":[{"href":"https:\/\/www.webdo.tn\/fr\/wp-json\/wp\/v2\/media?parent=173939"}],"wp:term":[{"taxonomy":"category","embeddable":true,"href":"https:\/\/www.webdo.tn\/fr\/wp-json\/wp\/v2\/categories?post=173939"},{"taxonomy":"post_tag","embeddable":true,"href":"https:\/\/www.webdo.tn\/fr\/wp-json\/wp\/v2\/tags?post=173939"}],"curies":[{"name":"wp","href":"https:\/\/api.w.org\/{rel}","templated":true}]}}