{"id":173938,"date":"2011-04-26T16:01:00","date_gmt":"2011-04-26T16:01:00","guid":{"rendered":"https:\/\/www.webdo.tn\/fr\/actualite\/blog\/pour-le-syndicat-de-tunisie-telecom-la-priorite-de-l-emploi-aux-enfants-de-ses-agents\/173938\/"},"modified":"2011-04-26T16:01:00","modified_gmt":"2011-04-26T16:01:00","slug":"pour-le-syndicat-de-tunisie-telecom-la-priorite-de-l-emploi-aux-enfants-de-ses-agents","status":"publish","type":"post","link":"https:\/\/www.webdo.tn\/fr\/actualite\/mobile\/pour-le-syndicat-de-tunisie-telecom-la-priorite-de-l-emploi-aux-enfants-de-ses-agents\/173938\/","title":{"rendered":"Pour le syndicat de Tunisie T\u00e9l\u00e9com, la priorit\u00e9 de l\u2019emploi aux enfants de ses agents"},"content":{"rendered":"<p>Dans un meeting au secr\u00e9tariat d\u2019\u00c9tat des Technologies de la communication, le syndicat de Tunisie T\u00e9l\u00e9com a appel\u00e9 \u00e0 la priorit\u00e9 dans l\u2019emploi aux enfants des agents et cadres de l\u2019op\u00e9rateur. Un appel applaudi par les agents pr\u00e9sents.<\/p>\n<p>Le syndicat a formul\u00e9 aussi la promesse que les prochaines n\u00e9gociations salariales vont b\u00e9n\u00e9ficier au personnel de Tunisie T\u00e9l\u00e9com. \u00ab Nous aurons la meilleure augmentation salariale \u00bb, a d\u00e9clar\u00e9 M. Mongi Ben Mbarek, le secr\u00e9taire g\u00e9n\u00e9ral du syndicat.<\/p>\n<p>Mongi Ben Mbarek a soulign\u00e9 dans son intervention devant les employ\u00e9s de l\u2019op\u00e9rateur que l\u2019ex-pdg de Tunisie T\u00e9l\u00e9com d\u2019avant le 14 janvier a mis un programme d\u2019assainissement des ressources humaines de l\u2019entreprise pouvant atteindre les 4.000 agents.<\/p>\n<p>Il a, par ailleurs, annonc\u00e9 que l\u2019entr\u00e9e en bourse de l\u2019op\u00e9rateur est une affaire du pass\u00e9. Une demande du partenaire strat\u00e9gique, a-t-il dit pour gagner de l\u2019argent et faire sortir des millions de dinars \u00e0 l\u2019\u00e9tranger.<\/p>\n<p>A noter que Tunisie T\u00e9l\u00e9com enregistre une stagnation dans le nombre de ses abonn\u00e9s et par cons\u00e9quence de ses recettes. Les gr\u00e8ves qui se succ\u00e8dent et les sit-in ont nui aux affaires de l\u2019op\u00e9rateur et \u00e0 son image.<\/p>\n<p>L\u2019op\u00e9rateur historique a enregistr\u00e9 selon les derniers chiffres du secr\u00e9tariat d\u2019Etat des Technologies de la communication plus de 4,5 millions d\u2019abonn\u00e9s, contre 5,8 millions d\u2019abonn\u00e9s pour son concurrent direct Tunisiana. Les employ\u00e9s de Tunisie T\u00e9l\u00e9com auront du mal a rattraper le retard ou pr\u00e9tendre \u00e0 des hausses salariales dans une situation commerciale aussi difficile sur le march\u00e9. Ils auront aussi du mal \u00e0 convaincre les Tunisiens de la priorit\u00e9 de leurs enfants dans l\u2019emploi au sein de l\u2019op\u00e9rateur.<\/p>\n","protected":false},"excerpt":{"rendered":"<p>Pour le syndicat de Tunisie T\u00e9l\u00e9com, la priorit\u00e9 de l\u2019emploi aux enfants de ses agents <\/p>\n","protected":false},"author":3222,"featured_media":365429,"comment_status":"open","ping_status":"closed","sticky":false,"template":"","format":"standard","meta":{"footnotes":""},"categories":[11339],"tags":[],"class_list":["post-173938","post","type-post","status-publish","format-standard","has-post-thumbnail","hentry","category-mobile"],"yoast_head":"<!-- This site is optimized with the Yoast SEO Premium plugin v27.5 (Yoast SEO v27.5) - https:\/\/yoast.com\/product\/yoast-seo-premium-wordpress\/ -->\n<title>Pour le syndicat de Tunisie T\u00e9l\u00e9com, la priorit\u00e9 de l\u2019emploi aux enfants de ses agents<\/title>\n<meta name=\"description\" content=\"Pour le syndicat de Tunisie T\u00e9l\u00e9com, la priorit\u00e9 de l\u2019emploi aux enfants de ses agents\" \/>\n<link rel=\"canonical\" href=\"https:\/\/www.webdo.tn\/fr\/actualite\/mobile\/pour-le-syndicat-de-tunisie-telecom-la-priorite-de-l-emploi-aux-enfants-de-ses-agents\/173938\/\" \/>\n<meta property=\"og:locale\" content=\"fr_FR\" \/>\n<meta property=\"og:type\" content=\"article\" \/>\n<meta property=\"og:title\" content=\"Pour le syndicat de Tunisie T\u00e9l\u00e9com, la priorit\u00e9 de l\u2019emploi aux enfants de ses agents\" \/>\n<meta property=\"og:description\" content=\"Pour le syndicat de Tunisie T\u00e9l\u00e9com, la priorit\u00e9 de l\u2019emploi aux enfants de ses agents\" \/>\n<meta property=\"og:url\" content=\"https:\/\/www.webdo.tn\/fr\/actualite\/mobile\/pour-le-syndicat-de-tunisie-telecom-la-priorite-de-l-emploi-aux-enfants-de-ses-agents\/173938\/\" \/>\n<meta property=\"og:site_name\" content=\"webdo\" \/>\n<meta property=\"article:publisher\" content=\"https:\/\/www.facebook.com\/webdotn\" \/>\n<meta property=\"article:published_time\" content=\"2011-04-26T16:01:00+00:00\" \/>\n<meta property=\"og:image\" content=\"https:\/\/www.webdo.tn\/fr\/wp-content\/uploads\/2011\/04\/Tunisie-Telecom-300x158-1.jpg\" \/>\n\t<meta property=\"og:image:width\" content=\"300\" \/>\n\t<meta property=\"og:image:height\" content=\"158\" \/>\n\t<meta property=\"og:image:type\" content=\"image\/jpeg\" \/>\n<meta name=\"author\" content=\"webdo.tn\" \/>\n<meta name=\"twitter:card\" content=\"summary_large_image\" \/>\n<meta name=\"twitter:creator\" content=\"@webdo_tn\" \/>\n<meta name=\"twitter:site\" content=\"@webdo_tn\" \/>\n<meta name=\"twitter:label1\" content=\"\u00c9crit par\" \/>\n\t<meta name=\"twitter:data1\" content=\"webdo.tn\" \/>\n\t<meta name=\"twitter:label2\" content=\"Dur\u00e9e de lecture estim\u00e9e\" \/>\n\t<meta name=\"twitter:data2\" content=\"2 minutes\" \/>\n<script type=\"application\/ld+json\" class=\"yoast-schema-graph\">{\"@context\":\"https:\\\/\\\/schema.org\",\"@graph\":[{\"@type\":\"NewsArticle\",\"@id\":\"https:\\\/\\\/www.webdo.tn\\\/fr\\\/actualite\\\/mobile\\\/pour-le-syndicat-de-tunisie-telecom-la-priorite-de-l-emploi-aux-enfants-de-ses-agents\\\/173938\\\/#article\",\"isPartOf\":{\"@id\":\"https:\\\/\\\/www.webdo.tn\\\/fr\\\/actualite\\\/mobile\\\/pour-le-syndicat-de-tunisie-telecom-la-priorite-de-l-emploi-aux-enfants-de-ses-agents\\\/173938\\\/\"},\"author\":{\"name\":\"webdo.tn\",\"@id\":\"https:\\\/\\\/www.webdo.tn\\\/fr\\\/#\\\/schema\\\/person\\\/9a9c6118d687c117df8ef3cc36a4d175\"},\"headline\":\"Pour le syndicat de Tunisie T\u00e9l\u00e9com, la priorit\u00e9 de l\u2019emploi aux enfants de ses agents\",\"datePublished\":\"2011-04-26T16:01:00+00:00\",\"mainEntityOfPage\":{\"@id\":\"https:\\\/\\\/www.webdo.tn\\\/fr\\\/actualite\\\/mobile\\\/pour-le-syndicat-de-tunisie-telecom-la-priorite-de-l-emploi-aux-enfants-de-ses-agents\\\/173938\\\/\"},\"wordCount\":328,\"commentCount\":0,\"publisher\":{\"@id\":\"https:\\\/\\\/www.webdo.tn\\\/fr\\\/#organization\"},\"image\":{\"@id\":\"https:\\\/\\\/www.webdo.tn\\\/fr\\\/actualite\\\/mobile\\\/pour-le-syndicat-de-tunisie-telecom-la-priorite-de-l-emploi-aux-enfants-de-ses-agents\\\/173938\\\/#primaryimage\"},\"thumbnailUrl\":\"https:\\\/\\\/www.webdo.tn\\\/fr\\\/wp-content\\\/uploads\\\/2011\\\/04\\\/Tunisie-Telecom-300x158-1.jpg\",\"articleSection\":[\"Mobile\"],\"inLanguage\":\"fr-FR\"},{\"@type\":\"WebPage\",\"@id\":\"https:\\\/\\\/www.webdo.tn\\\/fr\\\/actualite\\\/mobile\\\/pour-le-syndicat-de-tunisie-telecom-la-priorite-de-l-emploi-aux-enfants-de-ses-agents\\\/173938\\\/\",\"url\":\"https:\\\/\\\/www.webdo.tn\\\/fr\\\/actualite\\\/mobile\\\/pour-le-syndicat-de-tunisie-telecom-la-priorite-de-l-emploi-aux-enfants-de-ses-agents\\\/173938\\\/\",\"name\":\"Pour le syndicat de Tunisie T\u00e9l\u00e9com, la priorit\u00e9 de l\u2019emploi aux enfants de ses agents\",\"isPartOf\":{\"@id\":\"https:\\\/\\\/www.webdo.tn\\\/fr\\\/#website\"},\"primaryImageOfPage\":{\"@id\":\"https:\\\/\\\/www.webdo.tn\\\/fr\\\/actualite\\\/mobile\\\/pour-le-syndicat-de-tunisie-telecom-la-priorite-de-l-emploi-aux-enfants-de-ses-agents\\\/173938\\\/#primaryimage\"},\"image\":{\"@id\":\"https:\\\/\\\/www.webdo.tn\\\/fr\\\/actualite\\\/mobile\\\/pour-le-syndicat-de-tunisie-telecom-la-priorite-de-l-emploi-aux-enfants-de-ses-agents\\\/173938\\\/#primaryimage\"},\"thumbnailUrl\":\"https:\\\/\\\/www.webdo.tn\\\/fr\\\/wp-content\\\/uploads\\\/2011\\\/04\\\/Tunisie-Telecom-300x158-1.jpg\",\"datePublished\":\"2011-04-26T16:01:00+00:00\",\"description\":\"Pour le syndicat de Tunisie T\u00e9l\u00e9com, la priorit\u00e9 de l\u2019emploi aux enfants de ses agents\",\"breadcrumb\":{\"@id\":\"https:\\\/\\\/www.webdo.tn\\\/fr\\\/actualite\\\/mobile\\\/pour-le-syndicat-de-tunisie-telecom-la-priorite-de-l-emploi-aux-enfants-de-ses-agents\\\/173938\\\/#breadcrumb\"},\"inLanguage\":\"fr-FR\",\"potentialAction\":[{\"@type\":\"ReadAction\",\"target\":[\"https:\\\/\\\/www.webdo.tn\\\/fr\\\/actualite\\\/mobile\\\/pour-le-syndicat-de-tunisie-telecom-la-priorite-de-l-emploi-aux-enfants-de-ses-agents\\\/173938\\\/\"]}]},{\"@type\":\"ImageObject\",\"inLanguage\":\"fr-FR\",\"@id\":\"https:\\\/\\\/www.webdo.tn\\\/fr\\\/actualite\\\/mobile\\\/pour-le-syndicat-de-tunisie-telecom-la-priorite-de-l-emploi-aux-enfants-de-ses-agents\\\/173938\\\/#primaryimage\",\"url\":\"https:\\\/\\\/www.webdo.tn\\\/fr\\\/wp-content\\\/uploads\\\/2011\\\/04\\\/Tunisie-Telecom-300x158-1.jpg\",\"contentUrl\":\"https:\\\/\\\/www.webdo.tn\\\/fr\\\/wp-content\\\/uploads\\\/2011\\\/04\\\/Tunisie-Telecom-300x158-1.jpg\",\"width\":300,\"height\":158,\"caption\":\"Pour le syndicat de Tunisie T\u00e9l\u00e9com, la priorit\u00e9 de l\u2019emploi aux enfants de ses agents\"},{\"@type\":\"BreadcrumbList\",\"@id\":\"https:\\\/\\\/www.webdo.tn\\\/fr\\\/actualite\\\/mobile\\\/pour-le-syndicat-de-tunisie-telecom-la-priorite-de-l-emploi-aux-enfants-de-ses-agents\\\/173938\\\/#breadcrumb\",\"itemListElement\":[{\"@type\":\"ListItem\",\"position\":1,\"name\":\"Accueil\",\"item\":\"https:\\\/\\\/www.webdo.tn\\\/fr\\\/\"},{\"@type\":\"ListItem\",\"position\":2,\"name\":\"Pour le syndicat de Tunisie T\u00e9l\u00e9com, la priorit\u00e9 de l\u2019emploi aux enfants de ses agents\"}]},{\"@type\":\"WebSite\",\"@id\":\"https:\\\/\\\/www.webdo.tn\\\/fr\\\/#website\",\"url\":\"https:\\\/\\\/www.webdo.tn\\\/fr\\\/\",\"name\":\"webdo\",\"description\":\"Tunisie - News en Tunisie et \u00e0 l&#039;international sur Webdo.tn\",\"publisher\":{\"@id\":\"https:\\\/\\\/www.webdo.tn\\\/fr\\\/#organization\"},\"potentialAction\":[{\"@type\":\"SearchAction\",\"target\":{\"@type\":\"EntryPoint\",\"urlTemplate\":\"https:\\\/\\\/www.webdo.tn\\\/fr\\\/?s={search_term_string}\"},\"query-input\":{\"@type\":\"PropertyValueSpecification\",\"valueRequired\":true,\"valueName\":\"search_term_string\"}}],\"inLanguage\":\"fr-FR\"},{\"@type\":\"Organization\",\"@id\":\"https:\\\/\\\/www.webdo.tn\\\/fr\\\/#organization\",\"name\":\"Webdo\",\"alternateName\":\"Webdo.tn\",\"url\":\"https:\\\/\\\/www.webdo.tn\\\/fr\\\/\",\"logo\":{\"@type\":\"ImageObject\",\"inLanguage\":\"fr-FR\",\"@id\":\"https:\\\/\\\/www.webdo.tn\\\/fr\\\/#\\\/schema\\\/logo\\\/image\\\/\",\"url\":\"https:\\\/\\\/www.webdo.tn\\\/fr\\\/wp-content\\\/uploads\\\/2025\\\/06\\\/Webdo-Tunisie_168377.jpg\",\"contentUrl\":\"https:\\\/\\\/www.webdo.tn\\\/fr\\\/wp-content\\\/uploads\\\/2025\\\/06\\\/Webdo-Tunisie_168377.jpg\",\"width\":301,\"height\":301,\"caption\":\"Webdo\"},\"image\":{\"@id\":\"https:\\\/\\\/www.webdo.tn\\\/fr\\\/#\\\/schema\\\/logo\\\/image\\\/\"},\"sameAs\":[\"https:\\\/\\\/www.facebook.com\\\/webdotn\",\"https:\\\/\\\/x.com\\\/webdo_tn\"],\"description\":\"Webdo est un m\u00e9dia num\u00e9rique tunisien fond\u00e9 en 2010, sp\u00e9cialis\u00e9 dans l\u2019actualit\u00e9 nationale et internationale, l\u2019\u00e9conomie, la soci\u00e9t\u00e9 et les analyses politiques. Le site s\u2019adresse \u00e0 un large public francophone et couvre l\u2019information tunisienne en temps r\u00e9el.\",\"email\":\"redac@webdo.tn\",\"legalName\":\"YNJ SARL\",\"foundingDate\":\"2010-09-06\",\"numberOfEmployees\":{\"@type\":\"QuantitativeValue\",\"minValue\":\"11\",\"maxValue\":\"50\"}},{\"@type\":\"Person\",\"@id\":\"https:\\\/\\\/www.webdo.tn\\\/fr\\\/#\\\/schema\\\/person\\\/9a9c6118d687c117df8ef3cc36a4d175\",\"name\":\"webdo.tn\",\"image\":{\"@type\":\"ImageObject\",\"inLanguage\":\"fr-FR\",\"@id\":\"https:\\\/\\\/secure.gravatar.com\\\/avatar\\\/7ce1f28c0c3bbac99ff550b85ef8e44a6950c6ee24514fb6a5489e51d06f0298?s=96&d=mm&r=g\",\"url\":\"https:\\\/\\\/secure.gravatar.com\\\/avatar\\\/7ce1f28c0c3bbac99ff550b85ef8e44a6950c6ee24514fb6a5489e51d06f0298?s=96&d=mm&r=g\",\"contentUrl\":\"https:\\\/\\\/secure.gravatar.com\\\/avatar\\\/7ce1f28c0c3bbac99ff550b85ef8e44a6950c6ee24514fb6a5489e51d06f0298?s=96&d=mm&r=g\",\"caption\":\"webdo.tn\"},\"url\":\"https:\\\/\\\/www.webdo.tn\\\/fr\\\/actualite\\\/author\\\/webdotn\\\/\"}]}<\/script>\n<!-- \/ Yoast SEO Premium plugin. -->","yoast_head_json":{"title":"Pour le syndicat de Tunisie T\u00e9l\u00e9com, la priorit\u00e9 de l\u2019emploi aux enfants de ses agents","description":"Pour le syndicat de Tunisie T\u00e9l\u00e9com, la priorit\u00e9 de l\u2019emploi aux enfants de ses agents","canonical":"https:\/\/www.webdo.tn\/fr\/actualite\/mobile\/pour-le-syndicat-de-tunisie-telecom-la-priorite-de-l-emploi-aux-enfants-de-ses-agents\/173938\/","og_locale":"fr_FR","og_type":"article","og_title":"Pour le syndicat de Tunisie T\u00e9l\u00e9com, la priorit\u00e9 de l\u2019emploi aux enfants de ses agents","og_description":"Pour le syndicat de Tunisie T\u00e9l\u00e9com, la priorit\u00e9 de l\u2019emploi aux enfants de ses agents","og_url":"https:\/\/www.webdo.tn\/fr\/actualite\/mobile\/pour-le-syndicat-de-tunisie-telecom-la-priorite-de-l-emploi-aux-enfants-de-ses-agents\/173938\/","og_site_name":"webdo","article_publisher":"https:\/\/www.facebook.com\/webdotn","article_published_time":"2011-04-26T16:01:00+00:00","og_image":[{"width":300,"height":158,"url":"https:\/\/www.webdo.tn\/fr\/wp-content\/uploads\/2011\/04\/Tunisie-Telecom-300x158-1.jpg","type":"image\/jpeg"}],"author":"webdo.tn","twitter_card":"summary_large_image","twitter_creator":"@webdo_tn","twitter_site":"@webdo_tn","twitter_misc":{"\u00c9crit par":"webdo.tn","Dur\u00e9e de lecture estim\u00e9e":"2 minutes"},"schema":{"@context":"https:\/\/schema.org","@graph":[{"@type":"NewsArticle","@id":"https:\/\/www.webdo.tn\/fr\/actualite\/mobile\/pour-le-syndicat-de-tunisie-telecom-la-priorite-de-l-emploi-aux-enfants-de-ses-agents\/173938\/#article","isPartOf":{"@id":"https:\/\/www.webdo.tn\/fr\/actualite\/mobile\/pour-le-syndicat-de-tunisie-telecom-la-priorite-de-l-emploi-aux-enfants-de-ses-agents\/173938\/"},"author":{"name":"webdo.tn","@id":"https:\/\/www.webdo.tn\/fr\/#\/schema\/person\/9a9c6118d687c117df8ef3cc36a4d175"},"headline":"Pour le syndicat de Tunisie T\u00e9l\u00e9com, la priorit\u00e9 de l\u2019emploi aux enfants de ses agents","datePublished":"2011-04-26T16:01:00+00:00","mainEntityOfPage":{"@id":"https:\/\/www.webdo.tn\/fr\/actualite\/mobile\/pour-le-syndicat-de-tunisie-telecom-la-priorite-de-l-emploi-aux-enfants-de-ses-agents\/173938\/"},"wordCount":328,"commentCount":0,"publisher":{"@id":"https:\/\/www.webdo.tn\/fr\/#organization"},"image":{"@id":"https:\/\/www.webdo.tn\/fr\/actualite\/mobile\/pour-le-syndicat-de-tunisie-telecom-la-priorite-de-l-emploi-aux-enfants-de-ses-agents\/173938\/#primaryimage"},"thumbnailUrl":"https:\/\/www.webdo.tn\/fr\/wp-content\/uploads\/2011\/04\/Tunisie-Telecom-300x158-1.jpg","articleSection":["Mobile"],"inLanguage":"fr-FR"},{"@type":"WebPage","@id":"https:\/\/www.webdo.tn\/fr\/actualite\/mobile\/pour-le-syndicat-de-tunisie-telecom-la-priorite-de-l-emploi-aux-enfants-de-ses-agents\/173938\/","url":"https:\/\/www.webdo.tn\/fr\/actualite\/mobile\/pour-le-syndicat-de-tunisie-telecom-la-priorite-de-l-emploi-aux-enfants-de-ses-agents\/173938\/","name":"Pour le syndicat de Tunisie T\u00e9l\u00e9com, la priorit\u00e9 de l\u2019emploi aux enfants de ses agents","isPartOf":{"@id":"https:\/\/www.webdo.tn\/fr\/#website"},"primaryImageOfPage":{"@id":"https:\/\/www.webdo.tn\/fr\/actualite\/mobile\/pour-le-syndicat-de-tunisie-telecom-la-priorite-de-l-emploi-aux-enfants-de-ses-agents\/173938\/#primaryimage"},"image":{"@id":"https:\/\/www.webdo.tn\/fr\/actualite\/mobile\/pour-le-syndicat-de-tunisie-telecom-la-priorite-de-l-emploi-aux-enfants-de-ses-agents\/173938\/#primaryimage"},"thumbnailUrl":"https:\/\/www.webdo.tn\/fr\/wp-content\/uploads\/2011\/04\/Tunisie-Telecom-300x158-1.jpg","datePublished":"2011-04-26T16:01:00+00:00","description":"Pour le syndicat de Tunisie T\u00e9l\u00e9com, la priorit\u00e9 de l\u2019emploi aux enfants de ses agents","breadcrumb":{"@id":"https:\/\/www.webdo.tn\/fr\/actualite\/mobile\/pour-le-syndicat-de-tunisie-telecom-la-priorite-de-l-emploi-aux-enfants-de-ses-agents\/173938\/#breadcrumb"},"inLanguage":"fr-FR","potentialAction":[{"@type":"ReadAction","target":["https:\/\/www.webdo.tn\/fr\/actualite\/mobile\/pour-le-syndicat-de-tunisie-telecom-la-priorite-de-l-emploi-aux-enfants-de-ses-agents\/173938\/"]}]},{"@type":"ImageObject","inLanguage":"fr-FR","@id":"https:\/\/www.webdo.tn\/fr\/actualite\/mobile\/pour-le-syndicat-de-tunisie-telecom-la-priorite-de-l-emploi-aux-enfants-de-ses-agents\/173938\/#primaryimage","url":"https:\/\/www.webdo.tn\/fr\/wp-content\/uploads\/2011\/04\/Tunisie-Telecom-300x158-1.jpg","contentUrl":"https:\/\/www.webdo.tn\/fr\/wp-content\/uploads\/2011\/04\/Tunisie-Telecom-300x158-1.jpg","width":300,"height":158,"caption":"Pour le syndicat de Tunisie T\u00e9l\u00e9com, la priorit\u00e9 de l\u2019emploi aux enfants de ses agents"},{"@type":"BreadcrumbList","@id":"https:\/\/www.webdo.tn\/fr\/actualite\/mobile\/pour-le-syndicat-de-tunisie-telecom-la-priorite-de-l-emploi-aux-enfants-de-ses-agents\/173938\/#breadcrumb","itemListElement":[{"@type":"ListItem","position":1,"name":"Accueil","item":"https:\/\/www.webdo.tn\/fr\/"},{"@type":"ListItem","position":2,"name":"Pour le syndicat de Tunisie T\u00e9l\u00e9com, la priorit\u00e9 de l\u2019emploi aux enfants de ses agents"}]},{"@type":"WebSite","@id":"https:\/\/www.webdo.tn\/fr\/#website","url":"https:\/\/www.webdo.tn\/fr\/","name":"webdo","description":"Tunisie - News en Tunisie et \u00e0 l&#039;international sur Webdo.tn","publisher":{"@id":"https:\/\/www.webdo.tn\/fr\/#organization"},"potentialAction":[{"@type":"SearchAction","target":{"@type":"EntryPoint","urlTemplate":"https:\/\/www.webdo.tn\/fr\/?s={search_term_string}"},"query-input":{"@type":"PropertyValueSpecification","valueRequired":true,"valueName":"search_term_string"}}],"inLanguage":"fr-FR"},{"@type":"Organization","@id":"https:\/\/www.webdo.tn\/fr\/#organization","name":"Webdo","alternateName":"Webdo.tn","url":"https:\/\/www.webdo.tn\/fr\/","logo":{"@type":"ImageObject","inLanguage":"fr-FR","@id":"https:\/\/www.webdo.tn\/fr\/#\/schema\/logo\/image\/","url":"https:\/\/www.webdo.tn\/fr\/wp-content\/uploads\/2025\/06\/Webdo-Tunisie_168377.jpg","contentUrl":"https:\/\/www.webdo.tn\/fr\/wp-content\/uploads\/2025\/06\/Webdo-Tunisie_168377.jpg","width":301,"height":301,"caption":"Webdo"},"image":{"@id":"https:\/\/www.webdo.tn\/fr\/#\/schema\/logo\/image\/"},"sameAs":["https:\/\/www.facebook.com\/webdotn","https:\/\/x.com\/webdo_tn"],"description":"Webdo est un m\u00e9dia num\u00e9rique tunisien fond\u00e9 en 2010, sp\u00e9cialis\u00e9 dans l\u2019actualit\u00e9 nationale et internationale, l\u2019\u00e9conomie, la soci\u00e9t\u00e9 et les analyses politiques. Le site s\u2019adresse \u00e0 un large public francophone et couvre l\u2019information tunisienne en temps r\u00e9el.","email":"redac@webdo.tn","legalName":"YNJ SARL","foundingDate":"2010-09-06","numberOfEmployees":{"@type":"QuantitativeValue","minValue":"11","maxValue":"50"}},{"@type":"Person","@id":"https:\/\/www.webdo.tn\/fr\/#\/schema\/person\/9a9c6118d687c117df8ef3cc36a4d175","name":"webdo.tn","image":{"@type":"ImageObject","inLanguage":"fr-FR","@id":"https:\/\/secure.gravatar.com\/avatar\/7ce1f28c0c3bbac99ff550b85ef8e44a6950c6ee24514fb6a5489e51d06f0298?s=96&d=mm&r=g","url":"https:\/\/secure.gravatar.com\/avatar\/7ce1f28c0c3bbac99ff550b85ef8e44a6950c6ee24514fb6a5489e51d06f0298?s=96&d=mm&r=g","contentUrl":"https:\/\/secure.gravatar.com\/avatar\/7ce1f28c0c3bbac99ff550b85ef8e44a6950c6ee24514fb6a5489e51d06f0298?s=96&d=mm&r=g","caption":"webdo.tn"},"url":"https:\/\/www.webdo.tn\/fr\/actualite\/author\/webdotn\/"}]}},"_links":{"self":[{"href":"https:\/\/www.webdo.tn\/fr\/wp-json\/wp\/v2\/posts\/173938","targetHints":{"allow":["GET"]}}],"collection":[{"href":"https:\/\/www.webdo.tn\/fr\/wp-json\/wp\/v2\/posts"}],"about":[{"href":"https:\/\/www.webdo.tn\/fr\/wp-json\/wp\/v2\/types\/post"}],"author":[{"embeddable":true,"href":"https:\/\/www.webdo.tn\/fr\/wp-json\/wp\/v2\/users\/3222"}],"replies":[{"embeddable":true,"href":"https:\/\/www.webdo.tn\/fr\/wp-json\/wp\/v2\/comments?post=173938"}],"version-history":[{"count":0,"href":"https:\/\/www.webdo.tn\/fr\/wp-json\/wp\/v2\/posts\/173938\/revisions"}],"wp:featuredmedia":[{"embeddable":true,"href":"https:\/\/www.webdo.tn\/fr\/wp-json\/wp\/v2\/media\/365429"}],"wp:attachment":[{"href":"https:\/\/www.webdo.tn\/fr\/wp-json\/wp\/v2\/media?parent=173938"}],"wp:term":[{"taxonomy":"category","embeddable":true,"href":"https:\/\/www.webdo.tn\/fr\/wp-json\/wp\/v2\/categories?post=173938"},{"taxonomy":"post_tag","embeddable":true,"href":"https:\/\/www.webdo.tn\/fr\/wp-json\/wp\/v2\/tags?post=173938"}],"curies":[{"name":"wp","href":"https:\/\/api.w.org\/{rel}","templated":true}]}}