{"id":173937,"date":"2011-04-27T19:10:00","date_gmt":"2011-04-27T19:10:00","guid":{"rendered":"https:\/\/www.webdo.tn\/fr\/actualite\/blog\/bras-de-fer-entre-la-direction-generale-de-tunisie-telecom-et-eit-emirati\/173937\/"},"modified":"2011-04-27T19:10:00","modified_gmt":"2011-04-27T19:10:00","slug":"bras-de-fer-entre-la-direction-generale-de-tunisie-telecom-et-eit-emirati","status":"publish","type":"post","link":"https:\/\/www.webdo.tn\/fr\/actualite\/mobile\/bras-de-fer-entre-la-direction-generale-de-tunisie-telecom-et-eit-emirati\/173937\/","title":{"rendered":"Bras de fer entre la direction g\u00e9n\u00e9rale de Tunisie T\u00e9l\u00e9com et EIT \u00e9mirati"},"content":{"rendered":"<p>Nous pensions que le dossier avait \u00e9t\u00e9 clos, hier, apr\u00e8s la signature entre le syndicat et la direction de Tunisie T\u00e9l\u00e9com, d&rsquo;autant plus que cette derni\u00e8re a publi\u00e9 un communiqu\u00e9 pour confirmer l\u2019accord sign\u00e9. Le syndicat a cri\u00e9 victoire et a publi\u00e9 sur les r\u00e9seaux sociaux une copie de l\u2019accord. Il a, \u00e9galement, organis\u00e9 un meeting au secr\u00e9tariat d\u2019Etat des Technologies de la communication et a annonc\u00e9 la lev\u00e9e du sit-in.<\/p>\n<p>Rebondissement : les Emiratis ont annonc\u00e9, dans un communiqu\u00e9 multilingue, le rejet de l\u2019accord sign\u00e9. Bras de fer, jeu de force ou malentendu entre les deux partenaires ? En tout cas, les Emiratis ont annonc\u00e9 qu\u2019\u00aben r\u00e9ponse aux d\u00e9clarations faites par l&rsquo;UGTT, et reprises par les m\u00e9dias tunisiens, EIT confirme qu&rsquo;aucune d\u00e9cision d\u00e9finitive n&rsquo;a \u00e9t\u00e9 prise concernant le statut des employ\u00e9s contractuels, travaillant aux c\u00f4t\u00e9s des salari\u00e9s statutaires de Tunisie T\u00e9l\u00e9com. EIT comprend qu\u2019il y a eu une r\u00e9union entre le PDG de Tunisie Telecom et le syndicat, le lundi 25 avril, \u00e0 laquelle EIT n\u2019\u00e9tait pas invit\u00e9e \u00e0 participer. Suite \u00e0 cette r\u00e9union, le PDG de Tunisie T\u00e9l\u00e9com a inform\u00e9 EIT qu\u2019une proposition concernant les employ\u00e9s contractuels sera pr\u00e9sent\u00e9e au conseil d&rsquo;administration de la soci\u00e9t\u00e9, le 5 mai afin d\u2019y \u00eatre examin\u00e9e. Toute d\u00e9cision concernant cette affaire exige l&rsquo;approbation du conseil d&rsquo;administration, compos\u00e9 de repr\u00e9sentants de l&rsquo;Etat tunisien et d\u2019EIT, et sera prise selon les recommandations du comit\u00e9 d&rsquo;int\u00e9gration de la soci\u00e9t\u00e9 et conform\u00e9ment aux r\u00e8gles de gouvernance de la soci\u00e9t\u00e9. Le dialogue entre Tunisie T\u00e9l\u00e9com et le syndicat se poursuit, et entre-temps aucune information ou d\u00e9cision concernant cette affaire ne devrait \u00eatre consid\u00e9r\u00e9e comme d\u00e9finitive. Le conseil d&rsquo;administration de Tunisie Telecom et EIT communiqueront une mise \u00e0 jour \u00e0 ce sujet d\u00e8s qu\u2019une d\u00e9cision finale est prise\u00bb.<\/p>\n<p>Suite \u00e0 la r\u00e9ponse d\u2019EIT, des questions se posent. La direction g\u00e9n\u00e9rale de Tunisie a-t-elle consult\u00e9 leur partenaire \u00e9mirati ? Apparemment, oui. A-t-elle eu une confirmation de sa part dans sa gestion de cette affaire ? Logiquement oui aussi. Mais que signifie le communiqu\u00e9 du partenaire \u00e9mirati ? Il semble d\u2019apr\u00e8s des sources proches du dossier qu\u2019EIT fait un bras de fer pour imposer une cotation en bourse de l\u2019op\u00e9rateur historique.<\/p>\n<p>Une affaire que l\u2019UGTT refuse cat\u00e9goriquement et l\u2019a inscrit dans l\u2019accord du 9 f\u00e9vrier 2011. EIT cherche \u00e0 faire passer son option pour la bourse contre la cl\u00f4ture de cette affaire par une \u00ab d\u00e9cision d\u00e9finitive \u00bb. La bras de fer continue entre les deux partenaires et le feuilleton Tunisie T\u00e9l\u00e9com continue. Est-ce le derni\u00e8re \u00e9pisode ? Wait and See.<\/p>\n","protected":false},"excerpt":{"rendered":"<p>Bras de fer entre la direction g\u00e9n\u00e9rale de Tunisie T\u00e9l\u00e9com et EIT \u00e9mirati <\/p>\n","protected":false},"author":3222,"featured_media":365433,"comment_status":"open","ping_status":"closed","sticky":false,"template":"","format":"standard","meta":{"footnotes":""},"categories":[11339],"tags":[],"class_list":["post-173937","post","type-post","status-publish","format-standard","has-post-thumbnail","hentry","category-mobile"],"yoast_head":"<!-- This site is optimized with the Yoast SEO Premium plugin v27.5 (Yoast SEO v27.5) - https:\/\/yoast.com\/product\/yoast-seo-premium-wordpress\/ -->\n<title>Bras de fer entre la direction g\u00e9n\u00e9rale de Tunisie T\u00e9l\u00e9com et EIT \u00e9mirati<\/title>\n<meta name=\"description\" content=\"Bras de fer entre la direction g\u00e9n\u00e9rale de Tunisie T\u00e9l\u00e9com et EIT \u00e9mirati\" \/>\n<link rel=\"canonical\" href=\"https:\/\/www.webdo.tn\/fr\/actualite\/mobile\/bras-de-fer-entre-la-direction-generale-de-tunisie-telecom-et-eit-emirati\/173937\/\" \/>\n<meta property=\"og:locale\" content=\"fr_FR\" \/>\n<meta property=\"og:type\" content=\"article\" \/>\n<meta property=\"og:title\" content=\"Bras de fer entre la direction g\u00e9n\u00e9rale de Tunisie T\u00e9l\u00e9com et EIT \u00e9mirati\" \/>\n<meta property=\"og:description\" content=\"Bras de fer entre la direction g\u00e9n\u00e9rale de Tunisie T\u00e9l\u00e9com et EIT \u00e9mirati\" \/>\n<meta property=\"og:url\" content=\"https:\/\/www.webdo.tn\/fr\/actualite\/mobile\/bras-de-fer-entre-la-direction-generale-de-tunisie-telecom-et-eit-emirati\/173937\/\" \/>\n<meta property=\"og:site_name\" content=\"webdo\" \/>\n<meta property=\"article:publisher\" content=\"https:\/\/www.facebook.com\/webdotn\" \/>\n<meta property=\"article:published_time\" content=\"2011-04-27T19:10:00+00:00\" \/>\n<meta property=\"og:image\" content=\"https:\/\/www.webdo.tn\/fr\/wp-content\/uploads\/2011\/04\/tunisie-telecom-1.jpg\" \/>\n\t<meta property=\"og:image:width\" content=\"280\" \/>\n\t<meta property=\"og:image:height\" content=\"181\" \/>\n\t<meta property=\"og:image:type\" content=\"image\/jpeg\" \/>\n<meta name=\"author\" content=\"webdo.tn\" \/>\n<meta name=\"twitter:card\" content=\"summary_large_image\" \/>\n<meta name=\"twitter:creator\" content=\"@webdo_tn\" \/>\n<meta name=\"twitter:site\" content=\"@webdo_tn\" \/>\n<meta name=\"twitter:label1\" content=\"\u00c9crit par\" \/>\n\t<meta name=\"twitter:data1\" content=\"webdo.tn\" \/>\n\t<meta name=\"twitter:label2\" content=\"Dur\u00e9e de lecture estim\u00e9e\" \/>\n\t<meta name=\"twitter:data2\" content=\"2 minutes\" \/>\n<script type=\"application\/ld+json\" class=\"yoast-schema-graph\">{\"@context\":\"https:\\\/\\\/schema.org\",\"@graph\":[{\"@type\":\"NewsArticle\",\"@id\":\"https:\\\/\\\/www.webdo.tn\\\/fr\\\/actualite\\\/mobile\\\/bras-de-fer-entre-la-direction-generale-de-tunisie-telecom-et-eit-emirati\\\/173937\\\/#article\",\"isPartOf\":{\"@id\":\"https:\\\/\\\/www.webdo.tn\\\/fr\\\/actualite\\\/mobile\\\/bras-de-fer-entre-la-direction-generale-de-tunisie-telecom-et-eit-emirati\\\/173937\\\/\"},\"author\":{\"name\":\"webdo.tn\",\"@id\":\"https:\\\/\\\/www.webdo.tn\\\/fr\\\/#\\\/schema\\\/person\\\/9a9c6118d687c117df8ef3cc36a4d175\"},\"headline\":\"Bras de fer entre la direction g\u00e9n\u00e9rale de Tunisie T\u00e9l\u00e9com et EIT \u00e9mirati\",\"datePublished\":\"2011-04-27T19:10:00+00:00\",\"mainEntityOfPage\":{\"@id\":\"https:\\\/\\\/www.webdo.tn\\\/fr\\\/actualite\\\/mobile\\\/bras-de-fer-entre-la-direction-generale-de-tunisie-telecom-et-eit-emirati\\\/173937\\\/\"},\"wordCount\":503,\"commentCount\":0,\"publisher\":{\"@id\":\"https:\\\/\\\/www.webdo.tn\\\/fr\\\/#organization\"},\"image\":{\"@id\":\"https:\\\/\\\/www.webdo.tn\\\/fr\\\/actualite\\\/mobile\\\/bras-de-fer-entre-la-direction-generale-de-tunisie-telecom-et-eit-emirati\\\/173937\\\/#primaryimage\"},\"thumbnailUrl\":\"https:\\\/\\\/www.webdo.tn\\\/fr\\\/wp-content\\\/uploads\\\/2011\\\/04\\\/tunisie-telecom-1.jpg\",\"articleSection\":[\"Mobile\"],\"inLanguage\":\"fr-FR\"},{\"@type\":\"WebPage\",\"@id\":\"https:\\\/\\\/www.webdo.tn\\\/fr\\\/actualite\\\/mobile\\\/bras-de-fer-entre-la-direction-generale-de-tunisie-telecom-et-eit-emirati\\\/173937\\\/\",\"url\":\"https:\\\/\\\/www.webdo.tn\\\/fr\\\/actualite\\\/mobile\\\/bras-de-fer-entre-la-direction-generale-de-tunisie-telecom-et-eit-emirati\\\/173937\\\/\",\"name\":\"Bras de fer entre la direction g\u00e9n\u00e9rale de Tunisie T\u00e9l\u00e9com et EIT \u00e9mirati\",\"isPartOf\":{\"@id\":\"https:\\\/\\\/www.webdo.tn\\\/fr\\\/#website\"},\"primaryImageOfPage\":{\"@id\":\"https:\\\/\\\/www.webdo.tn\\\/fr\\\/actualite\\\/mobile\\\/bras-de-fer-entre-la-direction-generale-de-tunisie-telecom-et-eit-emirati\\\/173937\\\/#primaryimage\"},\"image\":{\"@id\":\"https:\\\/\\\/www.webdo.tn\\\/fr\\\/actualite\\\/mobile\\\/bras-de-fer-entre-la-direction-generale-de-tunisie-telecom-et-eit-emirati\\\/173937\\\/#primaryimage\"},\"thumbnailUrl\":\"https:\\\/\\\/www.webdo.tn\\\/fr\\\/wp-content\\\/uploads\\\/2011\\\/04\\\/tunisie-telecom-1.jpg\",\"datePublished\":\"2011-04-27T19:10:00+00:00\",\"description\":\"Bras de fer entre la direction g\u00e9n\u00e9rale de Tunisie T\u00e9l\u00e9com et EIT \u00e9mirati\",\"breadcrumb\":{\"@id\":\"https:\\\/\\\/www.webdo.tn\\\/fr\\\/actualite\\\/mobile\\\/bras-de-fer-entre-la-direction-generale-de-tunisie-telecom-et-eit-emirati\\\/173937\\\/#breadcrumb\"},\"inLanguage\":\"fr-FR\",\"potentialAction\":[{\"@type\":\"ReadAction\",\"target\":[\"https:\\\/\\\/www.webdo.tn\\\/fr\\\/actualite\\\/mobile\\\/bras-de-fer-entre-la-direction-generale-de-tunisie-telecom-et-eit-emirati\\\/173937\\\/\"]}]},{\"@type\":\"ImageObject\",\"inLanguage\":\"fr-FR\",\"@id\":\"https:\\\/\\\/www.webdo.tn\\\/fr\\\/actualite\\\/mobile\\\/bras-de-fer-entre-la-direction-generale-de-tunisie-telecom-et-eit-emirati\\\/173937\\\/#primaryimage\",\"url\":\"https:\\\/\\\/www.webdo.tn\\\/fr\\\/wp-content\\\/uploads\\\/2011\\\/04\\\/tunisie-telecom-1.jpg\",\"contentUrl\":\"https:\\\/\\\/www.webdo.tn\\\/fr\\\/wp-content\\\/uploads\\\/2011\\\/04\\\/tunisie-telecom-1.jpg\",\"width\":280,\"height\":181,\"caption\":\"Bras de fer entre la direction g\u00e9n\u00e9rale de Tunisie T\u00e9l\u00e9com et EIT \u00e9mirati\"},{\"@type\":\"BreadcrumbList\",\"@id\":\"https:\\\/\\\/www.webdo.tn\\\/fr\\\/actualite\\\/mobile\\\/bras-de-fer-entre-la-direction-generale-de-tunisie-telecom-et-eit-emirati\\\/173937\\\/#breadcrumb\",\"itemListElement\":[{\"@type\":\"ListItem\",\"position\":1,\"name\":\"Accueil\",\"item\":\"https:\\\/\\\/www.webdo.tn\\\/fr\\\/\"},{\"@type\":\"ListItem\",\"position\":2,\"name\":\"Bras de fer entre la direction g\u00e9n\u00e9rale de Tunisie T\u00e9l\u00e9com et EIT \u00e9mirati\"}]},{\"@type\":\"WebSite\",\"@id\":\"https:\\\/\\\/www.webdo.tn\\\/fr\\\/#website\",\"url\":\"https:\\\/\\\/www.webdo.tn\\\/fr\\\/\",\"name\":\"webdo\",\"description\":\"Tunisie - News en Tunisie et \u00e0 l&#039;international sur Webdo.tn\",\"publisher\":{\"@id\":\"https:\\\/\\\/www.webdo.tn\\\/fr\\\/#organization\"},\"potentialAction\":[{\"@type\":\"SearchAction\",\"target\":{\"@type\":\"EntryPoint\",\"urlTemplate\":\"https:\\\/\\\/www.webdo.tn\\\/fr\\\/?s={search_term_string}\"},\"query-input\":{\"@type\":\"PropertyValueSpecification\",\"valueRequired\":true,\"valueName\":\"search_term_string\"}}],\"inLanguage\":\"fr-FR\"},{\"@type\":\"Organization\",\"@id\":\"https:\\\/\\\/www.webdo.tn\\\/fr\\\/#organization\",\"name\":\"Webdo\",\"alternateName\":\"Webdo.tn\",\"url\":\"https:\\\/\\\/www.webdo.tn\\\/fr\\\/\",\"logo\":{\"@type\":\"ImageObject\",\"inLanguage\":\"fr-FR\",\"@id\":\"https:\\\/\\\/www.webdo.tn\\\/fr\\\/#\\\/schema\\\/logo\\\/image\\\/\",\"url\":\"https:\\\/\\\/www.webdo.tn\\\/fr\\\/wp-content\\\/uploads\\\/2025\\\/06\\\/Webdo-Tunisie_168377.jpg\",\"contentUrl\":\"https:\\\/\\\/www.webdo.tn\\\/fr\\\/wp-content\\\/uploads\\\/2025\\\/06\\\/Webdo-Tunisie_168377.jpg\",\"width\":301,\"height\":301,\"caption\":\"Webdo\"},\"image\":{\"@id\":\"https:\\\/\\\/www.webdo.tn\\\/fr\\\/#\\\/schema\\\/logo\\\/image\\\/\"},\"sameAs\":[\"https:\\\/\\\/www.facebook.com\\\/webdotn\",\"https:\\\/\\\/x.com\\\/webdo_tn\"],\"description\":\"Webdo est un m\u00e9dia num\u00e9rique tunisien fond\u00e9 en 2010, sp\u00e9cialis\u00e9 dans l\u2019actualit\u00e9 nationale et internationale, l\u2019\u00e9conomie, la soci\u00e9t\u00e9 et les analyses politiques. Le site s\u2019adresse \u00e0 un large public francophone et couvre l\u2019information tunisienne en temps r\u00e9el.\",\"email\":\"redac@webdo.tn\",\"legalName\":\"YNJ SARL\",\"foundingDate\":\"2010-09-06\",\"numberOfEmployees\":{\"@type\":\"QuantitativeValue\",\"minValue\":\"11\",\"maxValue\":\"50\"}},{\"@type\":\"Person\",\"@id\":\"https:\\\/\\\/www.webdo.tn\\\/fr\\\/#\\\/schema\\\/person\\\/9a9c6118d687c117df8ef3cc36a4d175\",\"name\":\"webdo.tn\",\"image\":{\"@type\":\"ImageObject\",\"inLanguage\":\"fr-FR\",\"@id\":\"https:\\\/\\\/secure.gravatar.com\\\/avatar\\\/7ce1f28c0c3bbac99ff550b85ef8e44a6950c6ee24514fb6a5489e51d06f0298?s=96&d=mm&r=g\",\"url\":\"https:\\\/\\\/secure.gravatar.com\\\/avatar\\\/7ce1f28c0c3bbac99ff550b85ef8e44a6950c6ee24514fb6a5489e51d06f0298?s=96&d=mm&r=g\",\"contentUrl\":\"https:\\\/\\\/secure.gravatar.com\\\/avatar\\\/7ce1f28c0c3bbac99ff550b85ef8e44a6950c6ee24514fb6a5489e51d06f0298?s=96&d=mm&r=g\",\"caption\":\"webdo.tn\"},\"url\":\"https:\\\/\\\/www.webdo.tn\\\/fr\\\/actualite\\\/author\\\/webdotn\\\/\"}]}<\/script>\n<!-- \/ Yoast SEO Premium plugin. -->","yoast_head_json":{"title":"Bras de fer entre la direction g\u00e9n\u00e9rale de Tunisie T\u00e9l\u00e9com et EIT \u00e9mirati","description":"Bras de fer entre la direction g\u00e9n\u00e9rale de Tunisie T\u00e9l\u00e9com et EIT \u00e9mirati","canonical":"https:\/\/www.webdo.tn\/fr\/actualite\/mobile\/bras-de-fer-entre-la-direction-generale-de-tunisie-telecom-et-eit-emirati\/173937\/","og_locale":"fr_FR","og_type":"article","og_title":"Bras de fer entre la direction g\u00e9n\u00e9rale de Tunisie T\u00e9l\u00e9com et EIT \u00e9mirati","og_description":"Bras de fer entre la direction g\u00e9n\u00e9rale de Tunisie T\u00e9l\u00e9com et EIT \u00e9mirati","og_url":"https:\/\/www.webdo.tn\/fr\/actualite\/mobile\/bras-de-fer-entre-la-direction-generale-de-tunisie-telecom-et-eit-emirati\/173937\/","og_site_name":"webdo","article_publisher":"https:\/\/www.facebook.com\/webdotn","article_published_time":"2011-04-27T19:10:00+00:00","og_image":[{"width":280,"height":181,"url":"https:\/\/www.webdo.tn\/fr\/wp-content\/uploads\/2011\/04\/tunisie-telecom-1.jpg","type":"image\/jpeg"}],"author":"webdo.tn","twitter_card":"summary_large_image","twitter_creator":"@webdo_tn","twitter_site":"@webdo_tn","twitter_misc":{"\u00c9crit par":"webdo.tn","Dur\u00e9e de lecture estim\u00e9e":"2 minutes"},"schema":{"@context":"https:\/\/schema.org","@graph":[{"@type":"NewsArticle","@id":"https:\/\/www.webdo.tn\/fr\/actualite\/mobile\/bras-de-fer-entre-la-direction-generale-de-tunisie-telecom-et-eit-emirati\/173937\/#article","isPartOf":{"@id":"https:\/\/www.webdo.tn\/fr\/actualite\/mobile\/bras-de-fer-entre-la-direction-generale-de-tunisie-telecom-et-eit-emirati\/173937\/"},"author":{"name":"webdo.tn","@id":"https:\/\/www.webdo.tn\/fr\/#\/schema\/person\/9a9c6118d687c117df8ef3cc36a4d175"},"headline":"Bras de fer entre la direction g\u00e9n\u00e9rale de Tunisie T\u00e9l\u00e9com et EIT \u00e9mirati","datePublished":"2011-04-27T19:10:00+00:00","mainEntityOfPage":{"@id":"https:\/\/www.webdo.tn\/fr\/actualite\/mobile\/bras-de-fer-entre-la-direction-generale-de-tunisie-telecom-et-eit-emirati\/173937\/"},"wordCount":503,"commentCount":0,"publisher":{"@id":"https:\/\/www.webdo.tn\/fr\/#organization"},"image":{"@id":"https:\/\/www.webdo.tn\/fr\/actualite\/mobile\/bras-de-fer-entre-la-direction-generale-de-tunisie-telecom-et-eit-emirati\/173937\/#primaryimage"},"thumbnailUrl":"https:\/\/www.webdo.tn\/fr\/wp-content\/uploads\/2011\/04\/tunisie-telecom-1.jpg","articleSection":["Mobile"],"inLanguage":"fr-FR"},{"@type":"WebPage","@id":"https:\/\/www.webdo.tn\/fr\/actualite\/mobile\/bras-de-fer-entre-la-direction-generale-de-tunisie-telecom-et-eit-emirati\/173937\/","url":"https:\/\/www.webdo.tn\/fr\/actualite\/mobile\/bras-de-fer-entre-la-direction-generale-de-tunisie-telecom-et-eit-emirati\/173937\/","name":"Bras de fer entre la direction g\u00e9n\u00e9rale de Tunisie T\u00e9l\u00e9com et EIT \u00e9mirati","isPartOf":{"@id":"https:\/\/www.webdo.tn\/fr\/#website"},"primaryImageOfPage":{"@id":"https:\/\/www.webdo.tn\/fr\/actualite\/mobile\/bras-de-fer-entre-la-direction-generale-de-tunisie-telecom-et-eit-emirati\/173937\/#primaryimage"},"image":{"@id":"https:\/\/www.webdo.tn\/fr\/actualite\/mobile\/bras-de-fer-entre-la-direction-generale-de-tunisie-telecom-et-eit-emirati\/173937\/#primaryimage"},"thumbnailUrl":"https:\/\/www.webdo.tn\/fr\/wp-content\/uploads\/2011\/04\/tunisie-telecom-1.jpg","datePublished":"2011-04-27T19:10:00+00:00","description":"Bras de fer entre la direction g\u00e9n\u00e9rale de Tunisie T\u00e9l\u00e9com et EIT \u00e9mirati","breadcrumb":{"@id":"https:\/\/www.webdo.tn\/fr\/actualite\/mobile\/bras-de-fer-entre-la-direction-generale-de-tunisie-telecom-et-eit-emirati\/173937\/#breadcrumb"},"inLanguage":"fr-FR","potentialAction":[{"@type":"ReadAction","target":["https:\/\/www.webdo.tn\/fr\/actualite\/mobile\/bras-de-fer-entre-la-direction-generale-de-tunisie-telecom-et-eit-emirati\/173937\/"]}]},{"@type":"ImageObject","inLanguage":"fr-FR","@id":"https:\/\/www.webdo.tn\/fr\/actualite\/mobile\/bras-de-fer-entre-la-direction-generale-de-tunisie-telecom-et-eit-emirati\/173937\/#primaryimage","url":"https:\/\/www.webdo.tn\/fr\/wp-content\/uploads\/2011\/04\/tunisie-telecom-1.jpg","contentUrl":"https:\/\/www.webdo.tn\/fr\/wp-content\/uploads\/2011\/04\/tunisie-telecom-1.jpg","width":280,"height":181,"caption":"Bras de fer entre la direction g\u00e9n\u00e9rale de Tunisie T\u00e9l\u00e9com et EIT \u00e9mirati"},{"@type":"BreadcrumbList","@id":"https:\/\/www.webdo.tn\/fr\/actualite\/mobile\/bras-de-fer-entre-la-direction-generale-de-tunisie-telecom-et-eit-emirati\/173937\/#breadcrumb","itemListElement":[{"@type":"ListItem","position":1,"name":"Accueil","item":"https:\/\/www.webdo.tn\/fr\/"},{"@type":"ListItem","position":2,"name":"Bras de fer entre la direction g\u00e9n\u00e9rale de Tunisie T\u00e9l\u00e9com et EIT \u00e9mirati"}]},{"@type":"WebSite","@id":"https:\/\/www.webdo.tn\/fr\/#website","url":"https:\/\/www.webdo.tn\/fr\/","name":"webdo","description":"Tunisie - News en Tunisie et \u00e0 l&#039;international sur Webdo.tn","publisher":{"@id":"https:\/\/www.webdo.tn\/fr\/#organization"},"potentialAction":[{"@type":"SearchAction","target":{"@type":"EntryPoint","urlTemplate":"https:\/\/www.webdo.tn\/fr\/?s={search_term_string}"},"query-input":{"@type":"PropertyValueSpecification","valueRequired":true,"valueName":"search_term_string"}}],"inLanguage":"fr-FR"},{"@type":"Organization","@id":"https:\/\/www.webdo.tn\/fr\/#organization","name":"Webdo","alternateName":"Webdo.tn","url":"https:\/\/www.webdo.tn\/fr\/","logo":{"@type":"ImageObject","inLanguage":"fr-FR","@id":"https:\/\/www.webdo.tn\/fr\/#\/schema\/logo\/image\/","url":"https:\/\/www.webdo.tn\/fr\/wp-content\/uploads\/2025\/06\/Webdo-Tunisie_168377.jpg","contentUrl":"https:\/\/www.webdo.tn\/fr\/wp-content\/uploads\/2025\/06\/Webdo-Tunisie_168377.jpg","width":301,"height":301,"caption":"Webdo"},"image":{"@id":"https:\/\/www.webdo.tn\/fr\/#\/schema\/logo\/image\/"},"sameAs":["https:\/\/www.facebook.com\/webdotn","https:\/\/x.com\/webdo_tn"],"description":"Webdo est un m\u00e9dia num\u00e9rique tunisien fond\u00e9 en 2010, sp\u00e9cialis\u00e9 dans l\u2019actualit\u00e9 nationale et internationale, l\u2019\u00e9conomie, la soci\u00e9t\u00e9 et les analyses politiques. Le site s\u2019adresse \u00e0 un large public francophone et couvre l\u2019information tunisienne en temps r\u00e9el.","email":"redac@webdo.tn","legalName":"YNJ SARL","foundingDate":"2010-09-06","numberOfEmployees":{"@type":"QuantitativeValue","minValue":"11","maxValue":"50"}},{"@type":"Person","@id":"https:\/\/www.webdo.tn\/fr\/#\/schema\/person\/9a9c6118d687c117df8ef3cc36a4d175","name":"webdo.tn","image":{"@type":"ImageObject","inLanguage":"fr-FR","@id":"https:\/\/secure.gravatar.com\/avatar\/7ce1f28c0c3bbac99ff550b85ef8e44a6950c6ee24514fb6a5489e51d06f0298?s=96&d=mm&r=g","url":"https:\/\/secure.gravatar.com\/avatar\/7ce1f28c0c3bbac99ff550b85ef8e44a6950c6ee24514fb6a5489e51d06f0298?s=96&d=mm&r=g","contentUrl":"https:\/\/secure.gravatar.com\/avatar\/7ce1f28c0c3bbac99ff550b85ef8e44a6950c6ee24514fb6a5489e51d06f0298?s=96&d=mm&r=g","caption":"webdo.tn"},"url":"https:\/\/www.webdo.tn\/fr\/actualite\/author\/webdotn\/"}]}},"_links":{"self":[{"href":"https:\/\/www.webdo.tn\/fr\/wp-json\/wp\/v2\/posts\/173937","targetHints":{"allow":["GET"]}}],"collection":[{"href":"https:\/\/www.webdo.tn\/fr\/wp-json\/wp\/v2\/posts"}],"about":[{"href":"https:\/\/www.webdo.tn\/fr\/wp-json\/wp\/v2\/types\/post"}],"author":[{"embeddable":true,"href":"https:\/\/www.webdo.tn\/fr\/wp-json\/wp\/v2\/users\/3222"}],"replies":[{"embeddable":true,"href":"https:\/\/www.webdo.tn\/fr\/wp-json\/wp\/v2\/comments?post=173937"}],"version-history":[{"count":0,"href":"https:\/\/www.webdo.tn\/fr\/wp-json\/wp\/v2\/posts\/173937\/revisions"}],"wp:featuredmedia":[{"embeddable":true,"href":"https:\/\/www.webdo.tn\/fr\/wp-json\/wp\/v2\/media\/365433"}],"wp:attachment":[{"href":"https:\/\/www.webdo.tn\/fr\/wp-json\/wp\/v2\/media?parent=173937"}],"wp:term":[{"taxonomy":"category","embeddable":true,"href":"https:\/\/www.webdo.tn\/fr\/wp-json\/wp\/v2\/categories?post=173937"},{"taxonomy":"post_tag","embeddable":true,"href":"https:\/\/www.webdo.tn\/fr\/wp-json\/wp\/v2\/tags?post=173937"}],"curies":[{"name":"wp","href":"https:\/\/api.w.org\/{rel}","templated":true}]}}