{"id":173936,"date":"2011-05-06T09:27:00","date_gmt":"2011-05-06T09:27:00","guid":{"rendered":"https:\/\/www.webdo.tn\/fr\/actualite\/blog\/tunisie-telecom-le-pdg-entame-une-greve-lundi\/173936\/"},"modified":"2011-05-06T09:27:00","modified_gmt":"2011-05-06T09:27:00","slug":"tunisie-telecom-le-pdg-entame-une-greve-lundi","status":"publish","type":"post","link":"https:\/\/www.webdo.tn\/fr\/actualite\/mobile\/tunisie-telecom-le-pdg-entame-une-greve-lundi\/173936\/","title":{"rendered":"Tunisie T\u00e9l\u00e9com : le PDG entame une gr\u00e8ve lundi"},"content":{"rendered":"<p>M. Ali Ghodbani, pr\u00e9sident-directeur g\u00e9n\u00e9ral de Tunisie T\u00e9l\u00e9com, a envoy\u00e9 au personnel un pr\u00e9avis de gr\u00e8ve qui commence lundi 9 mai 2011.<\/p>\n<p>L\u2019annonce de gr\u00e8ve du PDG vient apr\u00e8s la r\u00e9union du conseil d\u2019administration de l\u2019op\u00e9rateur historique.<\/p>\n<p>Une r\u00e9union que le EIT (Emirates International Telecommunications LLC), le partenaire strat\u00e9gique de TT, a refus\u00e9. Le EIT s&rsquo;est oppos\u00e9 \u00e0 l\u2019accord sign\u00e9 entre la direction g\u00e9n\u00e9rale et le syndicat fin avril 2011.<\/p>\n<p>Bras de fer, jeu de force ou malentendu entre les deux partenaires ? Les \u00c9miratis tiennent au statut des employ\u00e9s contractuels, travaillant aux c\u00f4t\u00e9s des salari\u00e9s statutaires de Tunisie T\u00e9l\u00e9com.<\/p>\n<p>Rappelons que suite \u00e0 la r\u00e9union entre le PDG de Tunisie Telecom et le syndicat, il a \u00e9t\u00e9 convenu<br \/>\nque 10 contractuels de Tunisie T\u00e9l\u00e9com sur 63 seraient reconduits, mais les \u00c9miratis refusent de licencier les contractuels.<\/p>\n<p>En plus, le EIT veut imposer la cotation en bourse de l\u2019op\u00e9rateur historique. Dans ce bras de fer, EIT cherche, en cas de non-obtention de satisfaction sur le dossier des contractuels, \u00e0 faire passer son option en bourse contre la cl\u00f4ture de cette affaire par une d\u00e9cision d\u00e9finitive.<\/p>\n<p>Hier soir, sur Facebook, \u00e0 c\u00f4t\u00e9 de Rajhi, \u00e7a parlait de TT.<\/p>\n","protected":false},"excerpt":{"rendered":"<p>Tunisie T\u00e9l\u00e9com : le PDG entame une gr\u00e8ve lundi <\/p>\n","protected":false},"author":3222,"featured_media":365889,"comment_status":"open","ping_status":"closed","sticky":false,"template":"","format":"standard","meta":{"footnotes":""},"categories":[11339],"tags":[],"class_list":["post-173936","post","type-post","status-publish","format-standard","has-post-thumbnail","hentry","category-mobile"],"yoast_head":"<!-- This site is optimized with the Yoast SEO Premium plugin v27.5 (Yoast SEO v27.5) - https:\/\/yoast.com\/product\/yoast-seo-premium-wordpress\/ -->\n<title>Tunisie T\u00e9l\u00e9com : le PDG entame une gr\u00e8ve lundi<\/title>\n<meta name=\"description\" content=\"Tunisie T\u00e9l\u00e9com : le PDG entame une gr\u00e8ve lundi\" \/>\n<link rel=\"canonical\" href=\"https:\/\/www.webdo.tn\/fr\/actualite\/mobile\/tunisie-telecom-le-pdg-entame-une-greve-lundi\/173936\/\" \/>\n<meta property=\"og:locale\" content=\"fr_FR\" \/>\n<meta property=\"og:type\" content=\"article\" \/>\n<meta property=\"og:title\" content=\"Tunisie T\u00e9l\u00e9com : le PDG entame une gr\u00e8ve lundi\" \/>\n<meta property=\"og:description\" content=\"Tunisie T\u00e9l\u00e9com : le PDG entame une gr\u00e8ve lundi\" \/>\n<meta property=\"og:url\" content=\"https:\/\/www.webdo.tn\/fr\/actualite\/mobile\/tunisie-telecom-le-pdg-entame-une-greve-lundi\/173936\/\" \/>\n<meta property=\"og:site_name\" content=\"webdo\" \/>\n<meta property=\"article:publisher\" content=\"https:\/\/www.facebook.com\/webdotn\" \/>\n<meta property=\"article:published_time\" content=\"2011-05-06T09:27:00+00:00\" \/>\n<meta property=\"og:image\" content=\"https:\/\/www.webdo.tn\/fr\/wp-content\/uploads\/2011\/05\/Tunisie-Telecom.jpg\" \/>\n\t<meta property=\"og:image:width\" content=\"334\" \/>\n\t<meta property=\"og:image:height\" content=\"177\" \/>\n\t<meta property=\"og:image:type\" content=\"image\/jpeg\" \/>\n<meta name=\"author\" content=\"webdo.tn\" \/>\n<meta name=\"twitter:card\" content=\"summary_large_image\" \/>\n<meta name=\"twitter:creator\" content=\"@webdo_tn\" \/>\n<meta name=\"twitter:site\" content=\"@webdo_tn\" \/>\n<meta name=\"twitter:label1\" content=\"\u00c9crit par\" \/>\n\t<meta name=\"twitter:data1\" content=\"webdo.tn\" \/>\n\t<meta name=\"twitter:label2\" content=\"Dur\u00e9e de lecture estim\u00e9e\" \/>\n\t<meta name=\"twitter:data2\" content=\"1 minute\" \/>\n<script type=\"application\/ld+json\" class=\"yoast-schema-graph\">{\"@context\":\"https:\\\/\\\/schema.org\",\"@graph\":[{\"@type\":\"NewsArticle\",\"@id\":\"https:\\\/\\\/www.webdo.tn\\\/fr\\\/actualite\\\/mobile\\\/tunisie-telecom-le-pdg-entame-une-greve-lundi\\\/173936\\\/#article\",\"isPartOf\":{\"@id\":\"https:\\\/\\\/www.webdo.tn\\\/fr\\\/actualite\\\/mobile\\\/tunisie-telecom-le-pdg-entame-une-greve-lundi\\\/173936\\\/\"},\"author\":{\"name\":\"webdo.tn\",\"@id\":\"https:\\\/\\\/www.webdo.tn\\\/fr\\\/#\\\/schema\\\/person\\\/9a9c6118d687c117df8ef3cc36a4d175\"},\"headline\":\"Tunisie T\u00e9l\u00e9com : le PDG entame une gr\u00e8ve lundi\",\"datePublished\":\"2011-05-06T09:27:00+00:00\",\"mainEntityOfPage\":{\"@id\":\"https:\\\/\\\/www.webdo.tn\\\/fr\\\/actualite\\\/mobile\\\/tunisie-telecom-le-pdg-entame-une-greve-lundi\\\/173936\\\/\"},\"wordCount\":233,\"commentCount\":0,\"publisher\":{\"@id\":\"https:\\\/\\\/www.webdo.tn\\\/fr\\\/#organization\"},\"image\":{\"@id\":\"https:\\\/\\\/www.webdo.tn\\\/fr\\\/actualite\\\/mobile\\\/tunisie-telecom-le-pdg-entame-une-greve-lundi\\\/173936\\\/#primaryimage\"},\"thumbnailUrl\":\"https:\\\/\\\/www.webdo.tn\\\/fr\\\/wp-content\\\/uploads\\\/2011\\\/05\\\/Tunisie-Telecom.jpg\",\"articleSection\":[\"Mobile\"],\"inLanguage\":\"fr-FR\"},{\"@type\":\"WebPage\",\"@id\":\"https:\\\/\\\/www.webdo.tn\\\/fr\\\/actualite\\\/mobile\\\/tunisie-telecom-le-pdg-entame-une-greve-lundi\\\/173936\\\/\",\"url\":\"https:\\\/\\\/www.webdo.tn\\\/fr\\\/actualite\\\/mobile\\\/tunisie-telecom-le-pdg-entame-une-greve-lundi\\\/173936\\\/\",\"name\":\"Tunisie T\u00e9l\u00e9com : le PDG entame une gr\u00e8ve lundi\",\"isPartOf\":{\"@id\":\"https:\\\/\\\/www.webdo.tn\\\/fr\\\/#website\"},\"primaryImageOfPage\":{\"@id\":\"https:\\\/\\\/www.webdo.tn\\\/fr\\\/actualite\\\/mobile\\\/tunisie-telecom-le-pdg-entame-une-greve-lundi\\\/173936\\\/#primaryimage\"},\"image\":{\"@id\":\"https:\\\/\\\/www.webdo.tn\\\/fr\\\/actualite\\\/mobile\\\/tunisie-telecom-le-pdg-entame-une-greve-lundi\\\/173936\\\/#primaryimage\"},\"thumbnailUrl\":\"https:\\\/\\\/www.webdo.tn\\\/fr\\\/wp-content\\\/uploads\\\/2011\\\/05\\\/Tunisie-Telecom.jpg\",\"datePublished\":\"2011-05-06T09:27:00+00:00\",\"description\":\"Tunisie T\u00e9l\u00e9com : le PDG entame une gr\u00e8ve lundi\",\"breadcrumb\":{\"@id\":\"https:\\\/\\\/www.webdo.tn\\\/fr\\\/actualite\\\/mobile\\\/tunisie-telecom-le-pdg-entame-une-greve-lundi\\\/173936\\\/#breadcrumb\"},\"inLanguage\":\"fr-FR\",\"potentialAction\":[{\"@type\":\"ReadAction\",\"target\":[\"https:\\\/\\\/www.webdo.tn\\\/fr\\\/actualite\\\/mobile\\\/tunisie-telecom-le-pdg-entame-une-greve-lundi\\\/173936\\\/\"]}]},{\"@type\":\"ImageObject\",\"inLanguage\":\"fr-FR\",\"@id\":\"https:\\\/\\\/www.webdo.tn\\\/fr\\\/actualite\\\/mobile\\\/tunisie-telecom-le-pdg-entame-une-greve-lundi\\\/173936\\\/#primaryimage\",\"url\":\"https:\\\/\\\/www.webdo.tn\\\/fr\\\/wp-content\\\/uploads\\\/2011\\\/05\\\/Tunisie-Telecom.jpg\",\"contentUrl\":\"https:\\\/\\\/www.webdo.tn\\\/fr\\\/wp-content\\\/uploads\\\/2011\\\/05\\\/Tunisie-Telecom.jpg\",\"width\":334,\"height\":177,\"caption\":\"Tunisie T\u00e9l\u00e9com : le PDG entame une gr\u00e8ve lundi\"},{\"@type\":\"BreadcrumbList\",\"@id\":\"https:\\\/\\\/www.webdo.tn\\\/fr\\\/actualite\\\/mobile\\\/tunisie-telecom-le-pdg-entame-une-greve-lundi\\\/173936\\\/#breadcrumb\",\"itemListElement\":[{\"@type\":\"ListItem\",\"position\":1,\"name\":\"Accueil\",\"item\":\"https:\\\/\\\/www.webdo.tn\\\/fr\\\/\"},{\"@type\":\"ListItem\",\"position\":2,\"name\":\"Tunisie T\u00e9l\u00e9com : le PDG entame une gr\u00e8ve lundi\"}]},{\"@type\":\"WebSite\",\"@id\":\"https:\\\/\\\/www.webdo.tn\\\/fr\\\/#website\",\"url\":\"https:\\\/\\\/www.webdo.tn\\\/fr\\\/\",\"name\":\"webdo\",\"description\":\"Tunisie - News en Tunisie et \u00e0 l&#039;international sur Webdo.tn\",\"publisher\":{\"@id\":\"https:\\\/\\\/www.webdo.tn\\\/fr\\\/#organization\"},\"potentialAction\":[{\"@type\":\"SearchAction\",\"target\":{\"@type\":\"EntryPoint\",\"urlTemplate\":\"https:\\\/\\\/www.webdo.tn\\\/fr\\\/?s={search_term_string}\"},\"query-input\":{\"@type\":\"PropertyValueSpecification\",\"valueRequired\":true,\"valueName\":\"search_term_string\"}}],\"inLanguage\":\"fr-FR\"},{\"@type\":\"Organization\",\"@id\":\"https:\\\/\\\/www.webdo.tn\\\/fr\\\/#organization\",\"name\":\"Webdo\",\"alternateName\":\"Webdo.tn\",\"url\":\"https:\\\/\\\/www.webdo.tn\\\/fr\\\/\",\"logo\":{\"@type\":\"ImageObject\",\"inLanguage\":\"fr-FR\",\"@id\":\"https:\\\/\\\/www.webdo.tn\\\/fr\\\/#\\\/schema\\\/logo\\\/image\\\/\",\"url\":\"https:\\\/\\\/www.webdo.tn\\\/fr\\\/wp-content\\\/uploads\\\/2025\\\/06\\\/Webdo-Tunisie_168377.jpg\",\"contentUrl\":\"https:\\\/\\\/www.webdo.tn\\\/fr\\\/wp-content\\\/uploads\\\/2025\\\/06\\\/Webdo-Tunisie_168377.jpg\",\"width\":301,\"height\":301,\"caption\":\"Webdo\"},\"image\":{\"@id\":\"https:\\\/\\\/www.webdo.tn\\\/fr\\\/#\\\/schema\\\/logo\\\/image\\\/\"},\"sameAs\":[\"https:\\\/\\\/www.facebook.com\\\/webdotn\",\"https:\\\/\\\/x.com\\\/webdo_tn\"],\"description\":\"Webdo est un m\u00e9dia num\u00e9rique tunisien fond\u00e9 en 2010, sp\u00e9cialis\u00e9 dans l\u2019actualit\u00e9 nationale et internationale, l\u2019\u00e9conomie, la soci\u00e9t\u00e9 et les analyses politiques. Le site s\u2019adresse \u00e0 un large public francophone et couvre l\u2019information tunisienne en temps r\u00e9el.\",\"email\":\"redac@webdo.tn\",\"legalName\":\"YNJ SARL\",\"foundingDate\":\"2010-09-06\",\"numberOfEmployees\":{\"@type\":\"QuantitativeValue\",\"minValue\":\"11\",\"maxValue\":\"50\"}},{\"@type\":\"Person\",\"@id\":\"https:\\\/\\\/www.webdo.tn\\\/fr\\\/#\\\/schema\\\/person\\\/9a9c6118d687c117df8ef3cc36a4d175\",\"name\":\"webdo.tn\",\"image\":{\"@type\":\"ImageObject\",\"inLanguage\":\"fr-FR\",\"@id\":\"https:\\\/\\\/secure.gravatar.com\\\/avatar\\\/7ce1f28c0c3bbac99ff550b85ef8e44a6950c6ee24514fb6a5489e51d06f0298?s=96&d=mm&r=g\",\"url\":\"https:\\\/\\\/secure.gravatar.com\\\/avatar\\\/7ce1f28c0c3bbac99ff550b85ef8e44a6950c6ee24514fb6a5489e51d06f0298?s=96&d=mm&r=g\",\"contentUrl\":\"https:\\\/\\\/secure.gravatar.com\\\/avatar\\\/7ce1f28c0c3bbac99ff550b85ef8e44a6950c6ee24514fb6a5489e51d06f0298?s=96&d=mm&r=g\",\"caption\":\"webdo.tn\"},\"url\":\"https:\\\/\\\/www.webdo.tn\\\/fr\\\/actualite\\\/author\\\/webdotn\\\/\"}]}<\/script>\n<!-- \/ Yoast SEO Premium plugin. -->","yoast_head_json":{"title":"Tunisie T\u00e9l\u00e9com : le PDG entame une gr\u00e8ve lundi","description":"Tunisie T\u00e9l\u00e9com : le PDG entame une gr\u00e8ve lundi","canonical":"https:\/\/www.webdo.tn\/fr\/actualite\/mobile\/tunisie-telecom-le-pdg-entame-une-greve-lundi\/173936\/","og_locale":"fr_FR","og_type":"article","og_title":"Tunisie T\u00e9l\u00e9com : le PDG entame une gr\u00e8ve lundi","og_description":"Tunisie T\u00e9l\u00e9com : le PDG entame une gr\u00e8ve lundi","og_url":"https:\/\/www.webdo.tn\/fr\/actualite\/mobile\/tunisie-telecom-le-pdg-entame-une-greve-lundi\/173936\/","og_site_name":"webdo","article_publisher":"https:\/\/www.facebook.com\/webdotn","article_published_time":"2011-05-06T09:27:00+00:00","og_image":[{"width":334,"height":177,"url":"https:\/\/www.webdo.tn\/fr\/wp-content\/uploads\/2011\/05\/Tunisie-Telecom.jpg","type":"image\/jpeg"}],"author":"webdo.tn","twitter_card":"summary_large_image","twitter_creator":"@webdo_tn","twitter_site":"@webdo_tn","twitter_misc":{"\u00c9crit par":"webdo.tn","Dur\u00e9e de lecture estim\u00e9e":"1 minute"},"schema":{"@context":"https:\/\/schema.org","@graph":[{"@type":"NewsArticle","@id":"https:\/\/www.webdo.tn\/fr\/actualite\/mobile\/tunisie-telecom-le-pdg-entame-une-greve-lundi\/173936\/#article","isPartOf":{"@id":"https:\/\/www.webdo.tn\/fr\/actualite\/mobile\/tunisie-telecom-le-pdg-entame-une-greve-lundi\/173936\/"},"author":{"name":"webdo.tn","@id":"https:\/\/www.webdo.tn\/fr\/#\/schema\/person\/9a9c6118d687c117df8ef3cc36a4d175"},"headline":"Tunisie T\u00e9l\u00e9com : le PDG entame une gr\u00e8ve lundi","datePublished":"2011-05-06T09:27:00+00:00","mainEntityOfPage":{"@id":"https:\/\/www.webdo.tn\/fr\/actualite\/mobile\/tunisie-telecom-le-pdg-entame-une-greve-lundi\/173936\/"},"wordCount":233,"commentCount":0,"publisher":{"@id":"https:\/\/www.webdo.tn\/fr\/#organization"},"image":{"@id":"https:\/\/www.webdo.tn\/fr\/actualite\/mobile\/tunisie-telecom-le-pdg-entame-une-greve-lundi\/173936\/#primaryimage"},"thumbnailUrl":"https:\/\/www.webdo.tn\/fr\/wp-content\/uploads\/2011\/05\/Tunisie-Telecom.jpg","articleSection":["Mobile"],"inLanguage":"fr-FR"},{"@type":"WebPage","@id":"https:\/\/www.webdo.tn\/fr\/actualite\/mobile\/tunisie-telecom-le-pdg-entame-une-greve-lundi\/173936\/","url":"https:\/\/www.webdo.tn\/fr\/actualite\/mobile\/tunisie-telecom-le-pdg-entame-une-greve-lundi\/173936\/","name":"Tunisie T\u00e9l\u00e9com : le PDG entame une gr\u00e8ve lundi","isPartOf":{"@id":"https:\/\/www.webdo.tn\/fr\/#website"},"primaryImageOfPage":{"@id":"https:\/\/www.webdo.tn\/fr\/actualite\/mobile\/tunisie-telecom-le-pdg-entame-une-greve-lundi\/173936\/#primaryimage"},"image":{"@id":"https:\/\/www.webdo.tn\/fr\/actualite\/mobile\/tunisie-telecom-le-pdg-entame-une-greve-lundi\/173936\/#primaryimage"},"thumbnailUrl":"https:\/\/www.webdo.tn\/fr\/wp-content\/uploads\/2011\/05\/Tunisie-Telecom.jpg","datePublished":"2011-05-06T09:27:00+00:00","description":"Tunisie T\u00e9l\u00e9com : le PDG entame une gr\u00e8ve lundi","breadcrumb":{"@id":"https:\/\/www.webdo.tn\/fr\/actualite\/mobile\/tunisie-telecom-le-pdg-entame-une-greve-lundi\/173936\/#breadcrumb"},"inLanguage":"fr-FR","potentialAction":[{"@type":"ReadAction","target":["https:\/\/www.webdo.tn\/fr\/actualite\/mobile\/tunisie-telecom-le-pdg-entame-une-greve-lundi\/173936\/"]}]},{"@type":"ImageObject","inLanguage":"fr-FR","@id":"https:\/\/www.webdo.tn\/fr\/actualite\/mobile\/tunisie-telecom-le-pdg-entame-une-greve-lundi\/173936\/#primaryimage","url":"https:\/\/www.webdo.tn\/fr\/wp-content\/uploads\/2011\/05\/Tunisie-Telecom.jpg","contentUrl":"https:\/\/www.webdo.tn\/fr\/wp-content\/uploads\/2011\/05\/Tunisie-Telecom.jpg","width":334,"height":177,"caption":"Tunisie T\u00e9l\u00e9com : le PDG entame une gr\u00e8ve lundi"},{"@type":"BreadcrumbList","@id":"https:\/\/www.webdo.tn\/fr\/actualite\/mobile\/tunisie-telecom-le-pdg-entame-une-greve-lundi\/173936\/#breadcrumb","itemListElement":[{"@type":"ListItem","position":1,"name":"Accueil","item":"https:\/\/www.webdo.tn\/fr\/"},{"@type":"ListItem","position":2,"name":"Tunisie T\u00e9l\u00e9com : le PDG entame une gr\u00e8ve lundi"}]},{"@type":"WebSite","@id":"https:\/\/www.webdo.tn\/fr\/#website","url":"https:\/\/www.webdo.tn\/fr\/","name":"webdo","description":"Tunisie - News en Tunisie et \u00e0 l&#039;international sur Webdo.tn","publisher":{"@id":"https:\/\/www.webdo.tn\/fr\/#organization"},"potentialAction":[{"@type":"SearchAction","target":{"@type":"EntryPoint","urlTemplate":"https:\/\/www.webdo.tn\/fr\/?s={search_term_string}"},"query-input":{"@type":"PropertyValueSpecification","valueRequired":true,"valueName":"search_term_string"}}],"inLanguage":"fr-FR"},{"@type":"Organization","@id":"https:\/\/www.webdo.tn\/fr\/#organization","name":"Webdo","alternateName":"Webdo.tn","url":"https:\/\/www.webdo.tn\/fr\/","logo":{"@type":"ImageObject","inLanguage":"fr-FR","@id":"https:\/\/www.webdo.tn\/fr\/#\/schema\/logo\/image\/","url":"https:\/\/www.webdo.tn\/fr\/wp-content\/uploads\/2025\/06\/Webdo-Tunisie_168377.jpg","contentUrl":"https:\/\/www.webdo.tn\/fr\/wp-content\/uploads\/2025\/06\/Webdo-Tunisie_168377.jpg","width":301,"height":301,"caption":"Webdo"},"image":{"@id":"https:\/\/www.webdo.tn\/fr\/#\/schema\/logo\/image\/"},"sameAs":["https:\/\/www.facebook.com\/webdotn","https:\/\/x.com\/webdo_tn"],"description":"Webdo est un m\u00e9dia num\u00e9rique tunisien fond\u00e9 en 2010, sp\u00e9cialis\u00e9 dans l\u2019actualit\u00e9 nationale et internationale, l\u2019\u00e9conomie, la soci\u00e9t\u00e9 et les analyses politiques. Le site s\u2019adresse \u00e0 un large public francophone et couvre l\u2019information tunisienne en temps r\u00e9el.","email":"redac@webdo.tn","legalName":"YNJ SARL","foundingDate":"2010-09-06","numberOfEmployees":{"@type":"QuantitativeValue","minValue":"11","maxValue":"50"}},{"@type":"Person","@id":"https:\/\/www.webdo.tn\/fr\/#\/schema\/person\/9a9c6118d687c117df8ef3cc36a4d175","name":"webdo.tn","image":{"@type":"ImageObject","inLanguage":"fr-FR","@id":"https:\/\/secure.gravatar.com\/avatar\/7ce1f28c0c3bbac99ff550b85ef8e44a6950c6ee24514fb6a5489e51d06f0298?s=96&d=mm&r=g","url":"https:\/\/secure.gravatar.com\/avatar\/7ce1f28c0c3bbac99ff550b85ef8e44a6950c6ee24514fb6a5489e51d06f0298?s=96&d=mm&r=g","contentUrl":"https:\/\/secure.gravatar.com\/avatar\/7ce1f28c0c3bbac99ff550b85ef8e44a6950c6ee24514fb6a5489e51d06f0298?s=96&d=mm&r=g","caption":"webdo.tn"},"url":"https:\/\/www.webdo.tn\/fr\/actualite\/author\/webdotn\/"}]}},"_links":{"self":[{"href":"https:\/\/www.webdo.tn\/fr\/wp-json\/wp\/v2\/posts\/173936","targetHints":{"allow":["GET"]}}],"collection":[{"href":"https:\/\/www.webdo.tn\/fr\/wp-json\/wp\/v2\/posts"}],"about":[{"href":"https:\/\/www.webdo.tn\/fr\/wp-json\/wp\/v2\/types\/post"}],"author":[{"embeddable":true,"href":"https:\/\/www.webdo.tn\/fr\/wp-json\/wp\/v2\/users\/3222"}],"replies":[{"embeddable":true,"href":"https:\/\/www.webdo.tn\/fr\/wp-json\/wp\/v2\/comments?post=173936"}],"version-history":[{"count":0,"href":"https:\/\/www.webdo.tn\/fr\/wp-json\/wp\/v2\/posts\/173936\/revisions"}],"wp:featuredmedia":[{"embeddable":true,"href":"https:\/\/www.webdo.tn\/fr\/wp-json\/wp\/v2\/media\/365889"}],"wp:attachment":[{"href":"https:\/\/www.webdo.tn\/fr\/wp-json\/wp\/v2\/media?parent=173936"}],"wp:term":[{"taxonomy":"category","embeddable":true,"href":"https:\/\/www.webdo.tn\/fr\/wp-json\/wp\/v2\/categories?post=173936"},{"taxonomy":"post_tag","embeddable":true,"href":"https:\/\/www.webdo.tn\/fr\/wp-json\/wp\/v2\/tags?post=173936"}],"curies":[{"name":"wp","href":"https:\/\/api.w.org\/{rel}","templated":true}]}}