{"id":173932,"date":"2011-06-15T10:22:00","date_gmt":"2011-06-15T10:22:00","guid":{"rendered":"https:\/\/www.webdo.tn\/fr\/actualite\/blog\/b-c-essebsi-promet-la-4g-a-tunisiana-en-attendant-tt\/173932\/"},"modified":"2011-06-15T10:22:00","modified_gmt":"2011-06-15T10:22:00","slug":"b-c-essebsi-promet-la-4g-a-tunisiana-en-attendant-tt","status":"publish","type":"post","link":"https:\/\/www.webdo.tn\/fr\/actualite\/mobile\/b-c-essebsi-promet-la-4g-a-tunisiana-en-attendant-tt\/173932\/","title":{"rendered":"B.C. Essebsi promet la 4G \u00e0 Tunisiana, en attendant TT ?"},"content":{"rendered":"<p>Hier matin, le Premier ministre par int\u00e9rim, B\u00e9ji Ca\u00efd Essebsi, s&rsquo;est entretenu, au palais du gouvernement \u00e0 la Kasbah, avec le pr\u00e9sident du conseil d&rsquo;administration de la soci\u00e9t\u00e9 de t\u00e9l\u00e9phonie qatarie Qtel, Cheikh Abdallah Ben Mohammed Ben Saoud Al-Thani, et ce d&rsquo;apr\u00e8s ce qu&rsquo;a rapport\u00e9 la TAP.<\/p>\n<p>La m\u00eame source a ajout\u00e9 qu&rsquo;\u00e0 l&rsquo;issue de la rencontre un accord bilat\u00e9ral, visant \u00e0 renforcer l&rsquo;investissement dans le secteur des t\u00e9l\u00e9communications et \u00e0 d\u00e9velopper la t\u00e9l\u00e9phonie mobile de 3 et 4G, a \u00e9t\u00e9 annonc\u00e9. De plus, il a \u00e9t\u00e9 convenu d&rsquo;augmenter la part de Qtel, qui est de d\u00e9j\u00e0 de 75 %, dans l&rsquo;op\u00e9rateur Tunisiana.<\/p>\n<p>Tunisiana \u00ab\u00a0n&rsquo;a pas de d\u00e9claration\u00a0\u00bb \u00e0 faire sur ce sujet (NDLR. Mise \u00e0 jour). Mais cela va-t-il lui apporter quelque chose de nouveau ? Puisque, que ce soit avec le gouvernement de\u00a0Mohamed Ghannouchi\u00a0ou de celui de Ca\u00efd Essebsi, les accords avec Qtel vont dans le bon sens et l&rsquo;octroi \u00e0 Tunisiana de la 3G est ind\u00e9niable, nous en d\u00e9duisons, donc, que ce qui reste -et c&rsquo;est le plus important- c&rsquo;est d&rsquo;acc\u00e9l\u00e9rer la date de la signature de l&rsquo;octroi de cette licence et son d\u00e9ploiement. <\/p>\n<p>Or, pour plusieurs personnes, le gouvernement semble attendre le retour de Tunisie Telecom avant de donner le\u00a0feu vert\u00a0\u00e0 Tunisiana. Affaibli par les gr\u00e8ves sans fin, l&rsquo;op\u00e9rateur historique est au bord du gouffre. Et si Tunisiana propose la 3G, \u00e7a sera le coup de gr\u00e2ce pour TT.<\/p>\n<p>Comme quoi, les d\u00e9boires de Tunisie T\u00e9l\u00e9om ont fini par paralyser TT, ainsi que d&rsquo;autres entreprises d\u00e9pendantes directement de l\u2019op\u00e9rateur et indirectement du secteur de la t\u00e9l\u00e9communication, et ce, en freinant la concurrence du march\u00e9 priv\u00e9.<\/p>\n","protected":false},"excerpt":{"rendered":"<p>B.C. Essebsi promet la 4G \u00e0 Tunisiana, en attendant TT ? <\/p>\n","protected":false},"author":3222,"featured_media":376290,"comment_status":"open","ping_status":"closed","sticky":false,"template":"","format":"standard","meta":{"footnotes":""},"categories":[11339],"tags":[],"class_list":["post-173932","post","type-post","status-publish","format-standard","has-post-thumbnail","hentry","category-mobile"],"yoast_head":"<!-- This site is optimized with the Yoast SEO Premium plugin v27.5 (Yoast SEO v27.5) - https:\/\/yoast.com\/product\/yoast-seo-premium-wordpress\/ -->\n<title>B.C. Essebsi promet la 4G \u00e0 Tunisiana, en attendant TT ?<\/title>\n<meta name=\"description\" content=\"B.C. Essebsi promet la 4G \u00e0 Tunisiana, en attendant TT ?\" \/>\n<link rel=\"canonical\" href=\"https:\/\/www.webdo.tn\/fr\/actualite\/mobile\/b-c-essebsi-promet-la-4g-a-tunisiana-en-attendant-tt\/173932\/\" \/>\n<meta property=\"og:locale\" content=\"fr_FR\" \/>\n<meta property=\"og:type\" content=\"article\" \/>\n<meta property=\"og:title\" content=\"B.C. Essebsi promet la 4G \u00e0 Tunisiana, en attendant TT ?\" \/>\n<meta property=\"og:description\" content=\"B.C. Essebsi promet la 4G \u00e0 Tunisiana, en attendant TT ?\" \/>\n<meta property=\"og:url\" content=\"https:\/\/www.webdo.tn\/fr\/actualite\/mobile\/b-c-essebsi-promet-la-4g-a-tunisiana-en-attendant-tt\/173932\/\" \/>\n<meta property=\"og:site_name\" content=\"webdo\" \/>\n<meta property=\"article:publisher\" content=\"https:\/\/www.facebook.com\/webdotn\" \/>\n<meta property=\"article:published_time\" content=\"2011-06-15T10:22:00+00:00\" \/>\n<meta name=\"author\" content=\"webdo.tn\" \/>\n<meta name=\"twitter:card\" content=\"summary_large_image\" \/>\n<meta name=\"twitter:creator\" content=\"@webdo_tn\" \/>\n<meta name=\"twitter:site\" content=\"@webdo_tn\" \/>\n<meta name=\"twitter:label1\" content=\"\u00c9crit par\" \/>\n\t<meta name=\"twitter:data1\" content=\"webdo.tn\" \/>\n\t<meta name=\"twitter:label2\" content=\"Dur\u00e9e de lecture estim\u00e9e\" \/>\n\t<meta name=\"twitter:data2\" content=\"1 minute\" \/>\n<script type=\"application\/ld+json\" class=\"yoast-schema-graph\">{\"@context\":\"https:\\\/\\\/schema.org\",\"@graph\":[{\"@type\":\"NewsArticle\",\"@id\":\"https:\\\/\\\/www.webdo.tn\\\/fr\\\/actualite\\\/mobile\\\/b-c-essebsi-promet-la-4g-a-tunisiana-en-attendant-tt\\\/173932\\\/#article\",\"isPartOf\":{\"@id\":\"https:\\\/\\\/www.webdo.tn\\\/fr\\\/actualite\\\/mobile\\\/b-c-essebsi-promet-la-4g-a-tunisiana-en-attendant-tt\\\/173932\\\/\"},\"author\":{\"name\":\"webdo.tn\",\"@id\":\"https:\\\/\\\/www.webdo.tn\\\/fr\\\/#\\\/schema\\\/person\\\/9a9c6118d687c117df8ef3cc36a4d175\"},\"headline\":\"B.C. Essebsi promet la 4G \u00e0 Tunisiana, en attendant TT ?\",\"datePublished\":\"2011-06-15T10:22:00+00:00\",\"mainEntityOfPage\":{\"@id\":\"https:\\\/\\\/www.webdo.tn\\\/fr\\\/actualite\\\/mobile\\\/b-c-essebsi-promet-la-4g-a-tunisiana-en-attendant-tt\\\/173932\\\/\"},\"wordCount\":323,\"commentCount\":0,\"publisher\":{\"@id\":\"https:\\\/\\\/www.webdo.tn\\\/fr\\\/#organization\"},\"image\":{\"@id\":\"https:\\\/\\\/www.webdo.tn\\\/fr\\\/actualite\\\/mobile\\\/b-c-essebsi-promet-la-4g-a-tunisiana-en-attendant-tt\\\/173932\\\/#primaryimage\"},\"thumbnailUrl\":\"https:\\\/\\\/www.webdo.tn\\\/fr\\\/wp-content\\\/uploads\\\/2025\\\/06\\\/FireShot-Capture-1063-webdo_default-53-750x375.jpg-750\u00d7375-www.webdo_.tn_.png\",\"articleSection\":[\"Mobile\"],\"inLanguage\":\"fr-FR\"},{\"@type\":\"WebPage\",\"@id\":\"https:\\\/\\\/www.webdo.tn\\\/fr\\\/actualite\\\/mobile\\\/b-c-essebsi-promet-la-4g-a-tunisiana-en-attendant-tt\\\/173932\\\/\",\"url\":\"https:\\\/\\\/www.webdo.tn\\\/fr\\\/actualite\\\/mobile\\\/b-c-essebsi-promet-la-4g-a-tunisiana-en-attendant-tt\\\/173932\\\/\",\"name\":\"B.C. Essebsi promet la 4G \u00e0 Tunisiana, en attendant TT ?\",\"isPartOf\":{\"@id\":\"https:\\\/\\\/www.webdo.tn\\\/fr\\\/#website\"},\"primaryImageOfPage\":{\"@id\":\"https:\\\/\\\/www.webdo.tn\\\/fr\\\/actualite\\\/mobile\\\/b-c-essebsi-promet-la-4g-a-tunisiana-en-attendant-tt\\\/173932\\\/#primaryimage\"},\"image\":{\"@id\":\"https:\\\/\\\/www.webdo.tn\\\/fr\\\/actualite\\\/mobile\\\/b-c-essebsi-promet-la-4g-a-tunisiana-en-attendant-tt\\\/173932\\\/#primaryimage\"},\"thumbnailUrl\":\"https:\\\/\\\/www.webdo.tn\\\/fr\\\/wp-content\\\/uploads\\\/2025\\\/06\\\/FireShot-Capture-1063-webdo_default-53-750x375.jpg-750\u00d7375-www.webdo_.tn_.png\",\"datePublished\":\"2011-06-15T10:22:00+00:00\",\"description\":\"B.C. Essebsi promet la 4G \u00e0 Tunisiana, en attendant TT ?\",\"breadcrumb\":{\"@id\":\"https:\\\/\\\/www.webdo.tn\\\/fr\\\/actualite\\\/mobile\\\/b-c-essebsi-promet-la-4g-a-tunisiana-en-attendant-tt\\\/173932\\\/#breadcrumb\"},\"inLanguage\":\"fr-FR\",\"potentialAction\":[{\"@type\":\"ReadAction\",\"target\":[\"https:\\\/\\\/www.webdo.tn\\\/fr\\\/actualite\\\/mobile\\\/b-c-essebsi-promet-la-4g-a-tunisiana-en-attendant-tt\\\/173932\\\/\"]}]},{\"@type\":\"ImageObject\",\"inLanguage\":\"fr-FR\",\"@id\":\"https:\\\/\\\/www.webdo.tn\\\/fr\\\/actualite\\\/mobile\\\/b-c-essebsi-promet-la-4g-a-tunisiana-en-attendant-tt\\\/173932\\\/#primaryimage\",\"url\":\"https:\\\/\\\/www.webdo.tn\\\/fr\\\/wp-content\\\/uploads\\\/2025\\\/06\\\/FireShot-Capture-1063-webdo_default-53-750x375.jpg-750\u00d7375-www.webdo_.tn_.png\",\"contentUrl\":\"https:\\\/\\\/www.webdo.tn\\\/fr\\\/wp-content\\\/uploads\\\/2025\\\/06\\\/FireShot-Capture-1063-webdo_default-53-750x375.jpg-750\u00d7375-www.webdo_.tn_.png\",\"width\":746,\"height\":371},{\"@type\":\"BreadcrumbList\",\"@id\":\"https:\\\/\\\/www.webdo.tn\\\/fr\\\/actualite\\\/mobile\\\/b-c-essebsi-promet-la-4g-a-tunisiana-en-attendant-tt\\\/173932\\\/#breadcrumb\",\"itemListElement\":[{\"@type\":\"ListItem\",\"position\":1,\"name\":\"Accueil\",\"item\":\"https:\\\/\\\/www.webdo.tn\\\/fr\\\/\"},{\"@type\":\"ListItem\",\"position\":2,\"name\":\"B.C. Essebsi promet la 4G \u00e0 Tunisiana, en attendant TT ?\"}]},{\"@type\":\"WebSite\",\"@id\":\"https:\\\/\\\/www.webdo.tn\\\/fr\\\/#website\",\"url\":\"https:\\\/\\\/www.webdo.tn\\\/fr\\\/\",\"name\":\"webdo\",\"description\":\"Tunisie - News en Tunisie et \u00e0 l&#039;international sur Webdo.tn\",\"publisher\":{\"@id\":\"https:\\\/\\\/www.webdo.tn\\\/fr\\\/#organization\"},\"potentialAction\":[{\"@type\":\"SearchAction\",\"target\":{\"@type\":\"EntryPoint\",\"urlTemplate\":\"https:\\\/\\\/www.webdo.tn\\\/fr\\\/?s={search_term_string}\"},\"query-input\":{\"@type\":\"PropertyValueSpecification\",\"valueRequired\":true,\"valueName\":\"search_term_string\"}}],\"inLanguage\":\"fr-FR\"},{\"@type\":\"Organization\",\"@id\":\"https:\\\/\\\/www.webdo.tn\\\/fr\\\/#organization\",\"name\":\"Webdo\",\"alternateName\":\"Webdo.tn\",\"url\":\"https:\\\/\\\/www.webdo.tn\\\/fr\\\/\",\"logo\":{\"@type\":\"ImageObject\",\"inLanguage\":\"fr-FR\",\"@id\":\"https:\\\/\\\/www.webdo.tn\\\/fr\\\/#\\\/schema\\\/logo\\\/image\\\/\",\"url\":\"https:\\\/\\\/www.webdo.tn\\\/fr\\\/wp-content\\\/uploads\\\/2025\\\/06\\\/Webdo-Tunisie_168377.jpg\",\"contentUrl\":\"https:\\\/\\\/www.webdo.tn\\\/fr\\\/wp-content\\\/uploads\\\/2025\\\/06\\\/Webdo-Tunisie_168377.jpg\",\"width\":301,\"height\":301,\"caption\":\"Webdo\"},\"image\":{\"@id\":\"https:\\\/\\\/www.webdo.tn\\\/fr\\\/#\\\/schema\\\/logo\\\/image\\\/\"},\"sameAs\":[\"https:\\\/\\\/www.facebook.com\\\/webdotn\",\"https:\\\/\\\/x.com\\\/webdo_tn\"],\"description\":\"Webdo est un m\u00e9dia num\u00e9rique tunisien fond\u00e9 en 2010, sp\u00e9cialis\u00e9 dans l\u2019actualit\u00e9 nationale et internationale, l\u2019\u00e9conomie, la soci\u00e9t\u00e9 et les analyses politiques. Le site s\u2019adresse \u00e0 un large public francophone et couvre l\u2019information tunisienne en temps r\u00e9el.\",\"email\":\"redac@webdo.tn\",\"legalName\":\"YNJ SARL\",\"foundingDate\":\"2010-09-06\",\"numberOfEmployees\":{\"@type\":\"QuantitativeValue\",\"minValue\":\"11\",\"maxValue\":\"50\"}},{\"@type\":\"Person\",\"@id\":\"https:\\\/\\\/www.webdo.tn\\\/fr\\\/#\\\/schema\\\/person\\\/9a9c6118d687c117df8ef3cc36a4d175\",\"name\":\"webdo.tn\",\"image\":{\"@type\":\"ImageObject\",\"inLanguage\":\"fr-FR\",\"@id\":\"https:\\\/\\\/secure.gravatar.com\\\/avatar\\\/7ce1f28c0c3bbac99ff550b85ef8e44a6950c6ee24514fb6a5489e51d06f0298?s=96&d=mm&r=g\",\"url\":\"https:\\\/\\\/secure.gravatar.com\\\/avatar\\\/7ce1f28c0c3bbac99ff550b85ef8e44a6950c6ee24514fb6a5489e51d06f0298?s=96&d=mm&r=g\",\"contentUrl\":\"https:\\\/\\\/secure.gravatar.com\\\/avatar\\\/7ce1f28c0c3bbac99ff550b85ef8e44a6950c6ee24514fb6a5489e51d06f0298?s=96&d=mm&r=g\",\"caption\":\"webdo.tn\"},\"url\":\"https:\\\/\\\/www.webdo.tn\\\/fr\\\/actualite\\\/author\\\/webdotn\\\/\"}]}<\/script>\n<!-- \/ Yoast SEO Premium plugin. -->","yoast_head_json":{"title":"B.C. Essebsi promet la 4G \u00e0 Tunisiana, en attendant TT ?","description":"B.C. Essebsi promet la 4G \u00e0 Tunisiana, en attendant TT ?","canonical":"https:\/\/www.webdo.tn\/fr\/actualite\/mobile\/b-c-essebsi-promet-la-4g-a-tunisiana-en-attendant-tt\/173932\/","og_locale":"fr_FR","og_type":"article","og_title":"B.C. Essebsi promet la 4G \u00e0 Tunisiana, en attendant TT ?","og_description":"B.C. Essebsi promet la 4G \u00e0 Tunisiana, en attendant TT ?","og_url":"https:\/\/www.webdo.tn\/fr\/actualite\/mobile\/b-c-essebsi-promet-la-4g-a-tunisiana-en-attendant-tt\/173932\/","og_site_name":"webdo","article_publisher":"https:\/\/www.facebook.com\/webdotn","article_published_time":"2011-06-15T10:22:00+00:00","author":"webdo.tn","twitter_card":"summary_large_image","twitter_creator":"@webdo_tn","twitter_site":"@webdo_tn","twitter_misc":{"\u00c9crit par":"webdo.tn","Dur\u00e9e de lecture estim\u00e9e":"1 minute"},"schema":{"@context":"https:\/\/schema.org","@graph":[{"@type":"NewsArticle","@id":"https:\/\/www.webdo.tn\/fr\/actualite\/mobile\/b-c-essebsi-promet-la-4g-a-tunisiana-en-attendant-tt\/173932\/#article","isPartOf":{"@id":"https:\/\/www.webdo.tn\/fr\/actualite\/mobile\/b-c-essebsi-promet-la-4g-a-tunisiana-en-attendant-tt\/173932\/"},"author":{"name":"webdo.tn","@id":"https:\/\/www.webdo.tn\/fr\/#\/schema\/person\/9a9c6118d687c117df8ef3cc36a4d175"},"headline":"B.C. Essebsi promet la 4G \u00e0 Tunisiana, en attendant TT ?","datePublished":"2011-06-15T10:22:00+00:00","mainEntityOfPage":{"@id":"https:\/\/www.webdo.tn\/fr\/actualite\/mobile\/b-c-essebsi-promet-la-4g-a-tunisiana-en-attendant-tt\/173932\/"},"wordCount":323,"commentCount":0,"publisher":{"@id":"https:\/\/www.webdo.tn\/fr\/#organization"},"image":{"@id":"https:\/\/www.webdo.tn\/fr\/actualite\/mobile\/b-c-essebsi-promet-la-4g-a-tunisiana-en-attendant-tt\/173932\/#primaryimage"},"thumbnailUrl":"https:\/\/www.webdo.tn\/fr\/wp-content\/uploads\/2025\/06\/FireShot-Capture-1063-webdo_default-53-750x375.jpg-750\u00d7375-www.webdo_.tn_.png","articleSection":["Mobile"],"inLanguage":"fr-FR"},{"@type":"WebPage","@id":"https:\/\/www.webdo.tn\/fr\/actualite\/mobile\/b-c-essebsi-promet-la-4g-a-tunisiana-en-attendant-tt\/173932\/","url":"https:\/\/www.webdo.tn\/fr\/actualite\/mobile\/b-c-essebsi-promet-la-4g-a-tunisiana-en-attendant-tt\/173932\/","name":"B.C. Essebsi promet la 4G \u00e0 Tunisiana, en attendant TT ?","isPartOf":{"@id":"https:\/\/www.webdo.tn\/fr\/#website"},"primaryImageOfPage":{"@id":"https:\/\/www.webdo.tn\/fr\/actualite\/mobile\/b-c-essebsi-promet-la-4g-a-tunisiana-en-attendant-tt\/173932\/#primaryimage"},"image":{"@id":"https:\/\/www.webdo.tn\/fr\/actualite\/mobile\/b-c-essebsi-promet-la-4g-a-tunisiana-en-attendant-tt\/173932\/#primaryimage"},"thumbnailUrl":"https:\/\/www.webdo.tn\/fr\/wp-content\/uploads\/2025\/06\/FireShot-Capture-1063-webdo_default-53-750x375.jpg-750\u00d7375-www.webdo_.tn_.png","datePublished":"2011-06-15T10:22:00+00:00","description":"B.C. Essebsi promet la 4G \u00e0 Tunisiana, en attendant TT ?","breadcrumb":{"@id":"https:\/\/www.webdo.tn\/fr\/actualite\/mobile\/b-c-essebsi-promet-la-4g-a-tunisiana-en-attendant-tt\/173932\/#breadcrumb"},"inLanguage":"fr-FR","potentialAction":[{"@type":"ReadAction","target":["https:\/\/www.webdo.tn\/fr\/actualite\/mobile\/b-c-essebsi-promet-la-4g-a-tunisiana-en-attendant-tt\/173932\/"]}]},{"@type":"ImageObject","inLanguage":"fr-FR","@id":"https:\/\/www.webdo.tn\/fr\/actualite\/mobile\/b-c-essebsi-promet-la-4g-a-tunisiana-en-attendant-tt\/173932\/#primaryimage","url":"https:\/\/www.webdo.tn\/fr\/wp-content\/uploads\/2025\/06\/FireShot-Capture-1063-webdo_default-53-750x375.jpg-750\u00d7375-www.webdo_.tn_.png","contentUrl":"https:\/\/www.webdo.tn\/fr\/wp-content\/uploads\/2025\/06\/FireShot-Capture-1063-webdo_default-53-750x375.jpg-750\u00d7375-www.webdo_.tn_.png","width":746,"height":371},{"@type":"BreadcrumbList","@id":"https:\/\/www.webdo.tn\/fr\/actualite\/mobile\/b-c-essebsi-promet-la-4g-a-tunisiana-en-attendant-tt\/173932\/#breadcrumb","itemListElement":[{"@type":"ListItem","position":1,"name":"Accueil","item":"https:\/\/www.webdo.tn\/fr\/"},{"@type":"ListItem","position":2,"name":"B.C. Essebsi promet la 4G \u00e0 Tunisiana, en attendant TT ?"}]},{"@type":"WebSite","@id":"https:\/\/www.webdo.tn\/fr\/#website","url":"https:\/\/www.webdo.tn\/fr\/","name":"webdo","description":"Tunisie - News en Tunisie et \u00e0 l&#039;international sur Webdo.tn","publisher":{"@id":"https:\/\/www.webdo.tn\/fr\/#organization"},"potentialAction":[{"@type":"SearchAction","target":{"@type":"EntryPoint","urlTemplate":"https:\/\/www.webdo.tn\/fr\/?s={search_term_string}"},"query-input":{"@type":"PropertyValueSpecification","valueRequired":true,"valueName":"search_term_string"}}],"inLanguage":"fr-FR"},{"@type":"Organization","@id":"https:\/\/www.webdo.tn\/fr\/#organization","name":"Webdo","alternateName":"Webdo.tn","url":"https:\/\/www.webdo.tn\/fr\/","logo":{"@type":"ImageObject","inLanguage":"fr-FR","@id":"https:\/\/www.webdo.tn\/fr\/#\/schema\/logo\/image\/","url":"https:\/\/www.webdo.tn\/fr\/wp-content\/uploads\/2025\/06\/Webdo-Tunisie_168377.jpg","contentUrl":"https:\/\/www.webdo.tn\/fr\/wp-content\/uploads\/2025\/06\/Webdo-Tunisie_168377.jpg","width":301,"height":301,"caption":"Webdo"},"image":{"@id":"https:\/\/www.webdo.tn\/fr\/#\/schema\/logo\/image\/"},"sameAs":["https:\/\/www.facebook.com\/webdotn","https:\/\/x.com\/webdo_tn"],"description":"Webdo est un m\u00e9dia num\u00e9rique tunisien fond\u00e9 en 2010, sp\u00e9cialis\u00e9 dans l\u2019actualit\u00e9 nationale et internationale, l\u2019\u00e9conomie, la soci\u00e9t\u00e9 et les analyses politiques. Le site s\u2019adresse \u00e0 un large public francophone et couvre l\u2019information tunisienne en temps r\u00e9el.","email":"redac@webdo.tn","legalName":"YNJ SARL","foundingDate":"2010-09-06","numberOfEmployees":{"@type":"QuantitativeValue","minValue":"11","maxValue":"50"}},{"@type":"Person","@id":"https:\/\/www.webdo.tn\/fr\/#\/schema\/person\/9a9c6118d687c117df8ef3cc36a4d175","name":"webdo.tn","image":{"@type":"ImageObject","inLanguage":"fr-FR","@id":"https:\/\/secure.gravatar.com\/avatar\/7ce1f28c0c3bbac99ff550b85ef8e44a6950c6ee24514fb6a5489e51d06f0298?s=96&d=mm&r=g","url":"https:\/\/secure.gravatar.com\/avatar\/7ce1f28c0c3bbac99ff550b85ef8e44a6950c6ee24514fb6a5489e51d06f0298?s=96&d=mm&r=g","contentUrl":"https:\/\/secure.gravatar.com\/avatar\/7ce1f28c0c3bbac99ff550b85ef8e44a6950c6ee24514fb6a5489e51d06f0298?s=96&d=mm&r=g","caption":"webdo.tn"},"url":"https:\/\/www.webdo.tn\/fr\/actualite\/author\/webdotn\/"}]}},"_links":{"self":[{"href":"https:\/\/www.webdo.tn\/fr\/wp-json\/wp\/v2\/posts\/173932","targetHints":{"allow":["GET"]}}],"collection":[{"href":"https:\/\/www.webdo.tn\/fr\/wp-json\/wp\/v2\/posts"}],"about":[{"href":"https:\/\/www.webdo.tn\/fr\/wp-json\/wp\/v2\/types\/post"}],"author":[{"embeddable":true,"href":"https:\/\/www.webdo.tn\/fr\/wp-json\/wp\/v2\/users\/3222"}],"replies":[{"embeddable":true,"href":"https:\/\/www.webdo.tn\/fr\/wp-json\/wp\/v2\/comments?post=173932"}],"version-history":[{"count":0,"href":"https:\/\/www.webdo.tn\/fr\/wp-json\/wp\/v2\/posts\/173932\/revisions"}],"wp:featuredmedia":[{"embeddable":true,"href":"https:\/\/www.webdo.tn\/fr\/wp-json\/wp\/v2\/media\/376290"}],"wp:attachment":[{"href":"https:\/\/www.webdo.tn\/fr\/wp-json\/wp\/v2\/media?parent=173932"}],"wp:term":[{"taxonomy":"category","embeddable":true,"href":"https:\/\/www.webdo.tn\/fr\/wp-json\/wp\/v2\/categories?post=173932"},{"taxonomy":"post_tag","embeddable":true,"href":"https:\/\/www.webdo.tn\/fr\/wp-json\/wp\/v2\/tags?post=173932"}],"curies":[{"name":"wp","href":"https:\/\/api.w.org\/{rel}","templated":true}]}}