{"id":173928,"date":"2011-09-09T21:58:00","date_gmt":"2011-09-09T21:58:00","guid":{"rendered":"https:\/\/www.webdo.tn\/fr\/actualite\/blog\/vers-une-entree-de-tunisiana-dans-le-capital-de-tunet\/173928\/"},"modified":"2025-06-04T19:06:58","modified_gmt":"2025-06-04T19:06:58","slug":"vers-une-entree-de-tunisiana-dans-le-capital-de-tunet","status":"publish","type":"post","link":"https:\/\/www.webdo.tn\/fr\/actualite\/mobile\/vers-une-entree-de-tunisiana-dans-le-capital-de-tunet\/173928\/","title":{"rendered":"Vers une entr\u00e9e de Tunisiana dans le capital de Tunet"},"content":{"rendered":"<p>Selon le site Tustex, l&rsquo;op\u00e9rateur priv\u00e9 Tunisiana \u00ab vient d&rsquo;acqu\u00e9rir 49% du capital du fournisseur de services Internet Tunet avec une option sur le reste du capital \u00bb.<\/p>\n<p>Contact\u00e9 \u00e0 ce sujet, Hatem Zghal, PDG de Tunet, rectifie et pr\u00e9cise que \u00a0\u00bb pour le moment la transaction n&rsquo;a pas \u00e9t\u00e9 achev\u00e9e, on est encore au stade de n\u00e9gociation finale\u00a0\u00bb<\/p>\n<p>Le principe du tandem op\u00e9rateur\/FSI a \u00e9t\u00e9 initi\u00e9 l&rsquo;an dernier par Tunisie Telecom et TopNet. Apr\u00e8s Orange Tunisie et sa Planet, avec Tunet, Tunisiana compte \u00e9tendre ses offres mobiles et haut d\u00e9bit.<\/p>\n<p>\u00c0 l&rsquo;instar des offres de Topnet et Tunisie T\u00e9l\u00e9com, on aura aussi droit a des offres jumel\u00e9es de Tunisiana et Tunet. Sachant la comp\u00e9titivit\u00e9 commerciale de l\u2019op\u00e9rateur priv\u00e9 et la qualit\u00e9 de d\u00e9bit du FSI du sud, on ne peut -les internautes- qu\u2019applaudir cette nouvelle.<\/p>\n<p>Rappelons que sur les cinq FSI priv\u00e9s tunisiens, Hexabyte et Global Net feront cavaliers seuls sans le soutien d&rsquo;un op\u00e9rateur, et, si Hexabyte a annonc\u00e9 son intention d&rsquo;entrer en bourse, GlobalNet cache des surprises ; comme devenir un op\u00e9rateur t\u00e9l\u00e9coms\u00a0?<\/p>\n","protected":false},"excerpt":{"rendered":"<p>Vers une entr\u00e9e de Tunisiana dans le capital de Tunet <\/p>\n","protected":false},"author":3222,"featured_media":365153,"comment_status":"open","ping_status":"closed","sticky":false,"template":"","format":"standard","meta":{"footnotes":""},"categories":[11339],"tags":[],"class_list":["post-173928","post","type-post","status-publish","format-standard","has-post-thumbnail","hentry","category-mobile"],"yoast_head":"<!-- This site is optimized with the Yoast SEO Premium plugin v27.5 (Yoast SEO v27.5) - https:\/\/yoast.com\/product\/yoast-seo-premium-wordpress\/ -->\n<title>Vers une entr\u00e9e de Tunisiana dans le capital de Tunet<\/title>\n<meta name=\"description\" content=\"Vers une entr\u00e9e de Tunisiana dans le capital de Tunet\" \/>\n<link rel=\"canonical\" href=\"https:\/\/www.webdo.tn\/fr\/actualite\/mobile\/vers-une-entree-de-tunisiana-dans-le-capital-de-tunet\/173928\/\" \/>\n<meta property=\"og:locale\" content=\"fr_FR\" \/>\n<meta property=\"og:type\" content=\"article\" \/>\n<meta property=\"og:title\" content=\"Vers une entr\u00e9e de Tunisiana dans le capital de Tunet\" \/>\n<meta property=\"og:description\" content=\"Vers une entr\u00e9e de Tunisiana dans le capital de Tunet\" \/>\n<meta property=\"og:url\" content=\"https:\/\/www.webdo.tn\/fr\/actualite\/mobile\/vers-une-entree-de-tunisiana-dans-le-capital-de-tunet\/173928\/\" \/>\n<meta property=\"og:site_name\" content=\"webdo\" \/>\n<meta property=\"article:publisher\" content=\"https:\/\/www.facebook.com\/webdotn\" \/>\n<meta property=\"article:published_time\" content=\"2011-09-09T21:58:00+00:00\" \/>\n<meta property=\"article:modified_time\" content=\"2025-06-04T19:06:58+00:00\" \/>\n<meta property=\"og:image\" content=\"https:\/\/www.webdo.tn\/fr\/wp-content\/uploads\/2011\/09\/Tunisiana-Tunet.png\" \/>\n\t<meta property=\"og:image:width\" content=\"258\" \/>\n\t<meta property=\"og:image:height\" content=\"312\" \/>\n\t<meta property=\"og:image:type\" content=\"image\/png\" \/>\n<meta name=\"author\" content=\"webdo.tn\" \/>\n<meta name=\"twitter:card\" content=\"summary_large_image\" \/>\n<meta name=\"twitter:creator\" content=\"@webdo_tn\" \/>\n<meta name=\"twitter:site\" content=\"@webdo_tn\" \/>\n<meta name=\"twitter:label1\" content=\"\u00c9crit par\" \/>\n\t<meta name=\"twitter:data1\" content=\"webdo.tn\" \/>\n\t<meta name=\"twitter:label2\" content=\"Dur\u00e9e de lecture estim\u00e9e\" \/>\n\t<meta name=\"twitter:data2\" content=\"1 minute\" \/>\n<script type=\"application\/ld+json\" class=\"yoast-schema-graph\">{\"@context\":\"https:\\\/\\\/schema.org\",\"@graph\":[{\"@type\":\"NewsArticle\",\"@id\":\"https:\\\/\\\/www.webdo.tn\\\/fr\\\/actualite\\\/mobile\\\/vers-une-entree-de-tunisiana-dans-le-capital-de-tunet\\\/173928\\\/#article\",\"isPartOf\":{\"@id\":\"https:\\\/\\\/www.webdo.tn\\\/fr\\\/actualite\\\/mobile\\\/vers-une-entree-de-tunisiana-dans-le-capital-de-tunet\\\/173928\\\/\"},\"author\":{\"name\":\"webdo.tn\",\"@id\":\"https:\\\/\\\/www.webdo.tn\\\/fr\\\/#\\\/schema\\\/person\\\/9a9c6118d687c117df8ef3cc36a4d175\"},\"headline\":\"Vers une entr\u00e9e de Tunisiana dans le capital de Tunet\",\"datePublished\":\"2011-09-09T21:58:00+00:00\",\"dateModified\":\"2025-06-04T19:06:58+00:00\",\"mainEntityOfPage\":{\"@id\":\"https:\\\/\\\/www.webdo.tn\\\/fr\\\/actualite\\\/mobile\\\/vers-une-entree-de-tunisiana-dans-le-capital-de-tunet\\\/173928\\\/\"},\"wordCount\":209,\"commentCount\":0,\"publisher\":{\"@id\":\"https:\\\/\\\/www.webdo.tn\\\/fr\\\/#organization\"},\"image\":{\"@id\":\"https:\\\/\\\/www.webdo.tn\\\/fr\\\/actualite\\\/mobile\\\/vers-une-entree-de-tunisiana-dans-le-capital-de-tunet\\\/173928\\\/#primaryimage\"},\"thumbnailUrl\":\"https:\\\/\\\/www.webdo.tn\\\/fr\\\/wp-content\\\/uploads\\\/2011\\\/09\\\/Tunisiana-Tunet.png\",\"articleSection\":[\"Mobile\"],\"inLanguage\":\"fr-FR\"},{\"@type\":\"WebPage\",\"@id\":\"https:\\\/\\\/www.webdo.tn\\\/fr\\\/actualite\\\/mobile\\\/vers-une-entree-de-tunisiana-dans-le-capital-de-tunet\\\/173928\\\/\",\"url\":\"https:\\\/\\\/www.webdo.tn\\\/fr\\\/actualite\\\/mobile\\\/vers-une-entree-de-tunisiana-dans-le-capital-de-tunet\\\/173928\\\/\",\"name\":\"Vers une entr\u00e9e de Tunisiana dans le capital de Tunet\",\"isPartOf\":{\"@id\":\"https:\\\/\\\/www.webdo.tn\\\/fr\\\/#website\"},\"primaryImageOfPage\":{\"@id\":\"https:\\\/\\\/www.webdo.tn\\\/fr\\\/actualite\\\/mobile\\\/vers-une-entree-de-tunisiana-dans-le-capital-de-tunet\\\/173928\\\/#primaryimage\"},\"image\":{\"@id\":\"https:\\\/\\\/www.webdo.tn\\\/fr\\\/actualite\\\/mobile\\\/vers-une-entree-de-tunisiana-dans-le-capital-de-tunet\\\/173928\\\/#primaryimage\"},\"thumbnailUrl\":\"https:\\\/\\\/www.webdo.tn\\\/fr\\\/wp-content\\\/uploads\\\/2011\\\/09\\\/Tunisiana-Tunet.png\",\"datePublished\":\"2011-09-09T21:58:00+00:00\",\"dateModified\":\"2025-06-04T19:06:58+00:00\",\"description\":\"Vers une entr\u00e9e de Tunisiana dans le capital de Tunet\",\"breadcrumb\":{\"@id\":\"https:\\\/\\\/www.webdo.tn\\\/fr\\\/actualite\\\/mobile\\\/vers-une-entree-de-tunisiana-dans-le-capital-de-tunet\\\/173928\\\/#breadcrumb\"},\"inLanguage\":\"fr-FR\",\"potentialAction\":[{\"@type\":\"ReadAction\",\"target\":[\"https:\\\/\\\/www.webdo.tn\\\/fr\\\/actualite\\\/mobile\\\/vers-une-entree-de-tunisiana-dans-le-capital-de-tunet\\\/173928\\\/\"]}]},{\"@type\":\"ImageObject\",\"inLanguage\":\"fr-FR\",\"@id\":\"https:\\\/\\\/www.webdo.tn\\\/fr\\\/actualite\\\/mobile\\\/vers-une-entree-de-tunisiana-dans-le-capital-de-tunet\\\/173928\\\/#primaryimage\",\"url\":\"https:\\\/\\\/www.webdo.tn\\\/fr\\\/wp-content\\\/uploads\\\/2011\\\/09\\\/Tunisiana-Tunet.png\",\"contentUrl\":\"https:\\\/\\\/www.webdo.tn\\\/fr\\\/wp-content\\\/uploads\\\/2011\\\/09\\\/Tunisiana-Tunet.png\",\"width\":258,\"height\":312,\"caption\":\"Vers une entr\u00e9e de Tunisiana dans le capital de Tunet\"},{\"@type\":\"BreadcrumbList\",\"@id\":\"https:\\\/\\\/www.webdo.tn\\\/fr\\\/actualite\\\/mobile\\\/vers-une-entree-de-tunisiana-dans-le-capital-de-tunet\\\/173928\\\/#breadcrumb\",\"itemListElement\":[{\"@type\":\"ListItem\",\"position\":1,\"name\":\"Accueil\",\"item\":\"https:\\\/\\\/www.webdo.tn\\\/fr\\\/\"},{\"@type\":\"ListItem\",\"position\":2,\"name\":\"Vers une entr\u00e9e de Tunisiana dans le capital de Tunet\"}]},{\"@type\":\"WebSite\",\"@id\":\"https:\\\/\\\/www.webdo.tn\\\/fr\\\/#website\",\"url\":\"https:\\\/\\\/www.webdo.tn\\\/fr\\\/\",\"name\":\"webdo\",\"description\":\"Tunisie - News en Tunisie et \u00e0 l&#039;international sur Webdo.tn\",\"publisher\":{\"@id\":\"https:\\\/\\\/www.webdo.tn\\\/fr\\\/#organization\"},\"potentialAction\":[{\"@type\":\"SearchAction\",\"target\":{\"@type\":\"EntryPoint\",\"urlTemplate\":\"https:\\\/\\\/www.webdo.tn\\\/fr\\\/?s={search_term_string}\"},\"query-input\":{\"@type\":\"PropertyValueSpecification\",\"valueRequired\":true,\"valueName\":\"search_term_string\"}}],\"inLanguage\":\"fr-FR\"},{\"@type\":\"Organization\",\"@id\":\"https:\\\/\\\/www.webdo.tn\\\/fr\\\/#organization\",\"name\":\"Webdo\",\"alternateName\":\"Webdo.tn\",\"url\":\"https:\\\/\\\/www.webdo.tn\\\/fr\\\/\",\"logo\":{\"@type\":\"ImageObject\",\"inLanguage\":\"fr-FR\",\"@id\":\"https:\\\/\\\/www.webdo.tn\\\/fr\\\/#\\\/schema\\\/logo\\\/image\\\/\",\"url\":\"https:\\\/\\\/www.webdo.tn\\\/fr\\\/wp-content\\\/uploads\\\/2025\\\/06\\\/Webdo-Tunisie_168377.jpg\",\"contentUrl\":\"https:\\\/\\\/www.webdo.tn\\\/fr\\\/wp-content\\\/uploads\\\/2025\\\/06\\\/Webdo-Tunisie_168377.jpg\",\"width\":301,\"height\":301,\"caption\":\"Webdo\"},\"image\":{\"@id\":\"https:\\\/\\\/www.webdo.tn\\\/fr\\\/#\\\/schema\\\/logo\\\/image\\\/\"},\"sameAs\":[\"https:\\\/\\\/www.facebook.com\\\/webdotn\",\"https:\\\/\\\/x.com\\\/webdo_tn\"],\"description\":\"Webdo est un m\u00e9dia num\u00e9rique tunisien fond\u00e9 en 2010, sp\u00e9cialis\u00e9 dans l\u2019actualit\u00e9 nationale et internationale, l\u2019\u00e9conomie, la soci\u00e9t\u00e9 et les analyses politiques. Le site s\u2019adresse \u00e0 un large public francophone et couvre l\u2019information tunisienne en temps r\u00e9el.\",\"email\":\"redac@webdo.tn\",\"legalName\":\"YNJ SARL\",\"foundingDate\":\"2010-09-06\",\"numberOfEmployees\":{\"@type\":\"QuantitativeValue\",\"minValue\":\"11\",\"maxValue\":\"50\"}},{\"@type\":\"Person\",\"@id\":\"https:\\\/\\\/www.webdo.tn\\\/fr\\\/#\\\/schema\\\/person\\\/9a9c6118d687c117df8ef3cc36a4d175\",\"name\":\"webdo.tn\",\"image\":{\"@type\":\"ImageObject\",\"inLanguage\":\"fr-FR\",\"@id\":\"https:\\\/\\\/secure.gravatar.com\\\/avatar\\\/7ce1f28c0c3bbac99ff550b85ef8e44a6950c6ee24514fb6a5489e51d06f0298?s=96&d=mm&r=g\",\"url\":\"https:\\\/\\\/secure.gravatar.com\\\/avatar\\\/7ce1f28c0c3bbac99ff550b85ef8e44a6950c6ee24514fb6a5489e51d06f0298?s=96&d=mm&r=g\",\"contentUrl\":\"https:\\\/\\\/secure.gravatar.com\\\/avatar\\\/7ce1f28c0c3bbac99ff550b85ef8e44a6950c6ee24514fb6a5489e51d06f0298?s=96&d=mm&r=g\",\"caption\":\"webdo.tn\"},\"url\":\"https:\\\/\\\/www.webdo.tn\\\/fr\\\/actualite\\\/author\\\/webdotn\\\/\"}]}<\/script>\n<!-- \/ Yoast SEO Premium plugin. -->","yoast_head_json":{"title":"Vers une entr\u00e9e de Tunisiana dans le capital de Tunet","description":"Vers une entr\u00e9e de Tunisiana dans le capital de Tunet","canonical":"https:\/\/www.webdo.tn\/fr\/actualite\/mobile\/vers-une-entree-de-tunisiana-dans-le-capital-de-tunet\/173928\/","og_locale":"fr_FR","og_type":"article","og_title":"Vers une entr\u00e9e de Tunisiana dans le capital de Tunet","og_description":"Vers une entr\u00e9e de Tunisiana dans le capital de Tunet","og_url":"https:\/\/www.webdo.tn\/fr\/actualite\/mobile\/vers-une-entree-de-tunisiana-dans-le-capital-de-tunet\/173928\/","og_site_name":"webdo","article_publisher":"https:\/\/www.facebook.com\/webdotn","article_published_time":"2011-09-09T21:58:00+00:00","article_modified_time":"2025-06-04T19:06:58+00:00","og_image":[{"width":258,"height":312,"url":"https:\/\/www.webdo.tn\/fr\/wp-content\/uploads\/2011\/09\/Tunisiana-Tunet.png","type":"image\/png"}],"author":"webdo.tn","twitter_card":"summary_large_image","twitter_creator":"@webdo_tn","twitter_site":"@webdo_tn","twitter_misc":{"\u00c9crit par":"webdo.tn","Dur\u00e9e de lecture estim\u00e9e":"1 minute"},"schema":{"@context":"https:\/\/schema.org","@graph":[{"@type":"NewsArticle","@id":"https:\/\/www.webdo.tn\/fr\/actualite\/mobile\/vers-une-entree-de-tunisiana-dans-le-capital-de-tunet\/173928\/#article","isPartOf":{"@id":"https:\/\/www.webdo.tn\/fr\/actualite\/mobile\/vers-une-entree-de-tunisiana-dans-le-capital-de-tunet\/173928\/"},"author":{"name":"webdo.tn","@id":"https:\/\/www.webdo.tn\/fr\/#\/schema\/person\/9a9c6118d687c117df8ef3cc36a4d175"},"headline":"Vers une entr\u00e9e de Tunisiana dans le capital de Tunet","datePublished":"2011-09-09T21:58:00+00:00","dateModified":"2025-06-04T19:06:58+00:00","mainEntityOfPage":{"@id":"https:\/\/www.webdo.tn\/fr\/actualite\/mobile\/vers-une-entree-de-tunisiana-dans-le-capital-de-tunet\/173928\/"},"wordCount":209,"commentCount":0,"publisher":{"@id":"https:\/\/www.webdo.tn\/fr\/#organization"},"image":{"@id":"https:\/\/www.webdo.tn\/fr\/actualite\/mobile\/vers-une-entree-de-tunisiana-dans-le-capital-de-tunet\/173928\/#primaryimage"},"thumbnailUrl":"https:\/\/www.webdo.tn\/fr\/wp-content\/uploads\/2011\/09\/Tunisiana-Tunet.png","articleSection":["Mobile"],"inLanguage":"fr-FR"},{"@type":"WebPage","@id":"https:\/\/www.webdo.tn\/fr\/actualite\/mobile\/vers-une-entree-de-tunisiana-dans-le-capital-de-tunet\/173928\/","url":"https:\/\/www.webdo.tn\/fr\/actualite\/mobile\/vers-une-entree-de-tunisiana-dans-le-capital-de-tunet\/173928\/","name":"Vers une entr\u00e9e de Tunisiana dans le capital de Tunet","isPartOf":{"@id":"https:\/\/www.webdo.tn\/fr\/#website"},"primaryImageOfPage":{"@id":"https:\/\/www.webdo.tn\/fr\/actualite\/mobile\/vers-une-entree-de-tunisiana-dans-le-capital-de-tunet\/173928\/#primaryimage"},"image":{"@id":"https:\/\/www.webdo.tn\/fr\/actualite\/mobile\/vers-une-entree-de-tunisiana-dans-le-capital-de-tunet\/173928\/#primaryimage"},"thumbnailUrl":"https:\/\/www.webdo.tn\/fr\/wp-content\/uploads\/2011\/09\/Tunisiana-Tunet.png","datePublished":"2011-09-09T21:58:00+00:00","dateModified":"2025-06-04T19:06:58+00:00","description":"Vers une entr\u00e9e de Tunisiana dans le capital de Tunet","breadcrumb":{"@id":"https:\/\/www.webdo.tn\/fr\/actualite\/mobile\/vers-une-entree-de-tunisiana-dans-le-capital-de-tunet\/173928\/#breadcrumb"},"inLanguage":"fr-FR","potentialAction":[{"@type":"ReadAction","target":["https:\/\/www.webdo.tn\/fr\/actualite\/mobile\/vers-une-entree-de-tunisiana-dans-le-capital-de-tunet\/173928\/"]}]},{"@type":"ImageObject","inLanguage":"fr-FR","@id":"https:\/\/www.webdo.tn\/fr\/actualite\/mobile\/vers-une-entree-de-tunisiana-dans-le-capital-de-tunet\/173928\/#primaryimage","url":"https:\/\/www.webdo.tn\/fr\/wp-content\/uploads\/2011\/09\/Tunisiana-Tunet.png","contentUrl":"https:\/\/www.webdo.tn\/fr\/wp-content\/uploads\/2011\/09\/Tunisiana-Tunet.png","width":258,"height":312,"caption":"Vers une entr\u00e9e de Tunisiana dans le capital de Tunet"},{"@type":"BreadcrumbList","@id":"https:\/\/www.webdo.tn\/fr\/actualite\/mobile\/vers-une-entree-de-tunisiana-dans-le-capital-de-tunet\/173928\/#breadcrumb","itemListElement":[{"@type":"ListItem","position":1,"name":"Accueil","item":"https:\/\/www.webdo.tn\/fr\/"},{"@type":"ListItem","position":2,"name":"Vers une entr\u00e9e de Tunisiana dans le capital de Tunet"}]},{"@type":"WebSite","@id":"https:\/\/www.webdo.tn\/fr\/#website","url":"https:\/\/www.webdo.tn\/fr\/","name":"webdo","description":"Tunisie - News en Tunisie et \u00e0 l&#039;international sur Webdo.tn","publisher":{"@id":"https:\/\/www.webdo.tn\/fr\/#organization"},"potentialAction":[{"@type":"SearchAction","target":{"@type":"EntryPoint","urlTemplate":"https:\/\/www.webdo.tn\/fr\/?s={search_term_string}"},"query-input":{"@type":"PropertyValueSpecification","valueRequired":true,"valueName":"search_term_string"}}],"inLanguage":"fr-FR"},{"@type":"Organization","@id":"https:\/\/www.webdo.tn\/fr\/#organization","name":"Webdo","alternateName":"Webdo.tn","url":"https:\/\/www.webdo.tn\/fr\/","logo":{"@type":"ImageObject","inLanguage":"fr-FR","@id":"https:\/\/www.webdo.tn\/fr\/#\/schema\/logo\/image\/","url":"https:\/\/www.webdo.tn\/fr\/wp-content\/uploads\/2025\/06\/Webdo-Tunisie_168377.jpg","contentUrl":"https:\/\/www.webdo.tn\/fr\/wp-content\/uploads\/2025\/06\/Webdo-Tunisie_168377.jpg","width":301,"height":301,"caption":"Webdo"},"image":{"@id":"https:\/\/www.webdo.tn\/fr\/#\/schema\/logo\/image\/"},"sameAs":["https:\/\/www.facebook.com\/webdotn","https:\/\/x.com\/webdo_tn"],"description":"Webdo est un m\u00e9dia num\u00e9rique tunisien fond\u00e9 en 2010, sp\u00e9cialis\u00e9 dans l\u2019actualit\u00e9 nationale et internationale, l\u2019\u00e9conomie, la soci\u00e9t\u00e9 et les analyses politiques. Le site s\u2019adresse \u00e0 un large public francophone et couvre l\u2019information tunisienne en temps r\u00e9el.","email":"redac@webdo.tn","legalName":"YNJ SARL","foundingDate":"2010-09-06","numberOfEmployees":{"@type":"QuantitativeValue","minValue":"11","maxValue":"50"}},{"@type":"Person","@id":"https:\/\/www.webdo.tn\/fr\/#\/schema\/person\/9a9c6118d687c117df8ef3cc36a4d175","name":"webdo.tn","image":{"@type":"ImageObject","inLanguage":"fr-FR","@id":"https:\/\/secure.gravatar.com\/avatar\/7ce1f28c0c3bbac99ff550b85ef8e44a6950c6ee24514fb6a5489e51d06f0298?s=96&d=mm&r=g","url":"https:\/\/secure.gravatar.com\/avatar\/7ce1f28c0c3bbac99ff550b85ef8e44a6950c6ee24514fb6a5489e51d06f0298?s=96&d=mm&r=g","contentUrl":"https:\/\/secure.gravatar.com\/avatar\/7ce1f28c0c3bbac99ff550b85ef8e44a6950c6ee24514fb6a5489e51d06f0298?s=96&d=mm&r=g","caption":"webdo.tn"},"url":"https:\/\/www.webdo.tn\/fr\/actualite\/author\/webdotn\/"}]}},"_links":{"self":[{"href":"https:\/\/www.webdo.tn\/fr\/wp-json\/wp\/v2\/posts\/173928","targetHints":{"allow":["GET"]}}],"collection":[{"href":"https:\/\/www.webdo.tn\/fr\/wp-json\/wp\/v2\/posts"}],"about":[{"href":"https:\/\/www.webdo.tn\/fr\/wp-json\/wp\/v2\/types\/post"}],"author":[{"embeddable":true,"href":"https:\/\/www.webdo.tn\/fr\/wp-json\/wp\/v2\/users\/3222"}],"replies":[{"embeddable":true,"href":"https:\/\/www.webdo.tn\/fr\/wp-json\/wp\/v2\/comments?post=173928"}],"version-history":[{"count":0,"href":"https:\/\/www.webdo.tn\/fr\/wp-json\/wp\/v2\/posts\/173928\/revisions"}],"wp:featuredmedia":[{"embeddable":true,"href":"https:\/\/www.webdo.tn\/fr\/wp-json\/wp\/v2\/media\/365153"}],"wp:attachment":[{"href":"https:\/\/www.webdo.tn\/fr\/wp-json\/wp\/v2\/media?parent=173928"}],"wp:term":[{"taxonomy":"category","embeddable":true,"href":"https:\/\/www.webdo.tn\/fr\/wp-json\/wp\/v2\/categories?post=173928"},{"taxonomy":"post_tag","embeddable":true,"href":"https:\/\/www.webdo.tn\/fr\/wp-json\/wp\/v2\/tags?post=173928"}],"curies":[{"name":"wp","href":"https:\/\/api.w.org\/{rel}","templated":true}]}}