{"id":173922,"date":"2012-03-05T09:25:00","date_gmt":"2012-03-05T09:25:00","guid":{"rendered":"https:\/\/www.webdo.tn\/fr\/blog\/b2g-l-os-mobile-de-mozilla-est-la\/173922\/"},"modified":"2025-05-22T13:12:17","modified_gmt":"2025-05-22T13:12:17","slug":"b2g-l-os-mobile-de-mozilla-est-la","status":"publish","type":"post","link":"https:\/\/www.webdo.tn\/fr\/actualite\/mobile\/b2g-l-os-mobile-de-mozilla-est-la\/173922\/","title":{"rendered":"B2G, l\u2019OS mobile de Mozilla est l\u00e0 !"},"content":{"rendered":"<p>Depuis quelques mois, beaucoup parlaient d\u2019une possible entr\u00e9e de Mozilla dans le monde du mobile avec un nouveau syst\u00e8me d\u2019exploitation pour Smartphone. Le projet \u00ab boot to gecko \u00bb a \u00e9t\u00e9 annonc\u00e9, mais la communaut\u00e9 ainsi que Mozilla Corporation ont tenu \u00e0 garder quelques secrets pour le Word Mobile Congress (WMC), qui s\u2019est tenu la semaine derni\u00e8re \u00e0 Barcelone, afin de le pr\u00e9senter en grande pompe.<\/p>\n<p>Connue pour \u00eatre derri\u00e8re le fameux navigateur web Firefox ou encore le client de messagerie Thunderbird, Mozilla a toujours op\u00e9r\u00e9 dans le but de fournir aux utilisateurs du et des produits gratuits, open source et adapt\u00e9s \u00e0 leurs demandes.<\/p>\n<p>Des grandes firmes arborant des politiques \u00ab closed source \u00bb telles que Apple, Google ou Microsoft se bagarrent pour mettre main basse sur le secteur mobile avec parfois des produits qui co\u00fbtent tr\u00e8s cher et qui rendent l\u2019utilisateur d\u00e9pendant de leurs gadgets ; Mozilla se devait, alors,d\u2019intervenir.<\/p>\n<p>Ainsi apr\u00e8s avoir bien \u00e9tudi\u00e9 l\u2019id\u00e9e, Andreas Gal directeur de la recherche chez Mozilla, annon\u00e7a le lancement de Boot to Gecko. Un grand projet par lequel Mozilla cherche \u00e0 r\u00e9volutionner le monde des OS mobiles, car cet OS n\u2019est pas comme tous les autres. Son mot d\u2019ordre est \u00ab orientation web \u00bb.<\/p>\n<p>B2G est en fait un OS bas\u00e9 sur un noyau Linux (et non pas Android contrairement \u00e0 ce que certains disent), il se caract\u00e9rise par le fait qu\u2019il est enti\u00e8rement d\u00e9di\u00e9 au contenu web o\u00f9 toutes les applications &#8211; y compris celles fournies avec le t\u00e9l\u00e9phone initialement &#8211; sont cod\u00e9es avec HTML5, CSS3 et JavaScript. Un contenu web dont vous pouvez b\u00e9n\u00e9ficier sans \u00eatre n\u00e9cessairement connect\u00e9 \u00e0 Internet, et ce, en employant des variantes du HTML. Ces derni\u00e8res permettent la mise en cache locale des donn\u00e9es (en l\u2019occurrence la m\u00e9moire du t\u00e9l\u00e9phone). Vous pouvez carr\u00e9ment voir le code source de votre interface ou des applications que vous utilisez en appuyant simplement sur un bouton. On peut dire que B2G est en lui m\u00eame une sorte d\u2019application web qu\u2019on t\u00e9l\u00e9charge pour son smartphone.<\/p>\n<p>Si on veut r\u00e9sumer, Boot to Gecko est, en effet, compos\u00e9 de trois couches : Gonk contenant le noyau Linux et tout ce qui concerne le niveau bas de l\u2019OS avec les interactions mat\u00e9rielles, Gecko le moteur de rendu impl\u00e9mentant les diff\u00e9rentes web API telles que la g\u00e9olocalisation, ou encore les API relatives \u00e0 la cam\u00e9ra, batterie ou l\u2019\u00e9cran et puis finalement Gaia qui repr\u00e9sente l\u2019interface utilisateur enti\u00e8rement con\u00e7ue en HTML5 et JS.<\/p>\n<p>Autre nouveaut\u00e9, l\u2019utilisateur de l\u2019OS effectue son authentification avec Persona, un utilitaire de gestion de l\u2019identit\u00e9 en ligne des utilisateurs faisant partie de la technologie BrowserID (le syst\u00e8me d\u2019identit\u00e9 \u00e0 une \u00e9chelle web d\u00e9velopp\u00e9 par Mozilla). Il faut aussi parler du \u00ab Market Place \u00bb ouvert maintenant aux d\u00e9veloppeurs afin qu\u2019ils puissent soumettre leurs applications cod\u00e9es en HTML5, CSS3 et Java Script. Le market sera lanc\u00e9 officiellement au cours de cette ann\u00e9e pour que les utilisateurs puissent t\u00e9l\u00e9charger les applications.<\/p>\n<p>Mozilla a d\u2019ores et d\u00e9j\u00e0 \u00e9tabli un partenariat avec Telef\u00f3nica et Deutsche Telekom afin de distribuer son OS au grand public tout en gardant pour cible les Smartphones \u00e0 bas prix afin que cette technologie libre soit accessible \u00e0 tous. Affaire \u00e0 suivre !<\/p>\n","protected":false},"excerpt":{"rendered":"<p>B2G, l\u2019OS mobile de Mozilla est l\u00e0 ! <\/p>\n","protected":false},"author":3222,"featured_media":333719,"comment_status":"open","ping_status":"closed","sticky":false,"template":"","format":"standard","meta":{"footnotes":""},"categories":[11339],"tags":[],"class_list":["post-173922","post","type-post","status-publish","format-standard","has-post-thumbnail","hentry","category-mobile"],"yoast_head":"<!-- This site is optimized with the Yoast SEO Premium plugin v27.5 (Yoast SEO v27.5) - https:\/\/yoast.com\/product\/yoast-seo-premium-wordpress\/ -->\n<title>B2G, l\u2019OS mobile de Mozilla est l\u00e0 !<\/title>\n<meta name=\"description\" content=\"B2G, l\u2019OS mobile de Mozilla est l\u00e0 !\" \/>\n<link rel=\"canonical\" href=\"https:\/\/www.webdo.tn\/fr\/actualite\/mobile\/b2g-l-os-mobile-de-mozilla-est-la\/173922\/\" \/>\n<meta property=\"og:locale\" content=\"fr_FR\" \/>\n<meta property=\"og:type\" content=\"article\" \/>\n<meta property=\"og:title\" content=\"B2G, l\u2019OS mobile de Mozilla est l\u00e0 !\" \/>\n<meta property=\"og:description\" content=\"B2G, l\u2019OS mobile de Mozilla est l\u00e0 !\" \/>\n<meta property=\"og:url\" content=\"https:\/\/www.webdo.tn\/fr\/actualite\/mobile\/b2g-l-os-mobile-de-mozilla-est-la\/173922\/\" \/>\n<meta property=\"og:site_name\" content=\"webdo\" \/>\n<meta property=\"article:publisher\" content=\"https:\/\/www.facebook.com\/webdotn\" \/>\n<meta property=\"article:published_time\" content=\"2012-03-05T09:25:00+00:00\" \/>\n<meta property=\"article:modified_time\" content=\"2025-05-22T13:12:17+00:00\" \/>\n<meta property=\"og:image\" content=\"https:\/\/www.webdo.tn\/fr\/wp-content\/uploads\/2012\/03\/OS-B2G-sur-un-HTC-photo-tux-planet.fr_.jpg\" \/>\n\t<meta property=\"og:image:width\" content=\"372\" \/>\n\t<meta property=\"og:image:height\" content=\"242\" \/>\n\t<meta property=\"og:image:type\" content=\"image\/jpeg\" \/>\n<meta name=\"author\" content=\"webdo.tn\" \/>\n<meta name=\"twitter:card\" content=\"summary_large_image\" \/>\n<meta name=\"twitter:creator\" content=\"@webdo_tn\" \/>\n<meta name=\"twitter:site\" content=\"@webdo_tn\" \/>\n<meta name=\"twitter:label1\" content=\"\u00c9crit par\" \/>\n\t<meta name=\"twitter:data1\" content=\"webdo.tn\" \/>\n\t<meta name=\"twitter:label2\" content=\"Dur\u00e9e de lecture estim\u00e9e\" \/>\n\t<meta name=\"twitter:data2\" content=\"3 minutes\" \/>\n<script type=\"application\/ld+json\" class=\"yoast-schema-graph\">{\"@context\":\"https:\\\/\\\/schema.org\",\"@graph\":[{\"@type\":\"NewsArticle\",\"@id\":\"https:\\\/\\\/www.webdo.tn\\\/fr\\\/actualite\\\/mobile\\\/b2g-l-os-mobile-de-mozilla-est-la\\\/173922\\\/#article\",\"isPartOf\":{\"@id\":\"https:\\\/\\\/www.webdo.tn\\\/fr\\\/actualite\\\/mobile\\\/b2g-l-os-mobile-de-mozilla-est-la\\\/173922\\\/\"},\"author\":{\"name\":\"webdo.tn\",\"@id\":\"https:\\\/\\\/www.webdo.tn\\\/fr\\\/#\\\/schema\\\/person\\\/9a9c6118d687c117df8ef3cc36a4d175\"},\"headline\":\"B2G, l\u2019OS mobile de Mozilla est l\u00e0 !\",\"datePublished\":\"2012-03-05T09:25:00+00:00\",\"dateModified\":\"2025-05-22T13:12:17+00:00\",\"mainEntityOfPage\":{\"@id\":\"https:\\\/\\\/www.webdo.tn\\\/fr\\\/actualite\\\/mobile\\\/b2g-l-os-mobile-de-mozilla-est-la\\\/173922\\\/\"},\"wordCount\":594,\"commentCount\":0,\"publisher\":{\"@id\":\"https:\\\/\\\/www.webdo.tn\\\/fr\\\/#organization\"},\"image\":{\"@id\":\"https:\\\/\\\/www.webdo.tn\\\/fr\\\/actualite\\\/mobile\\\/b2g-l-os-mobile-de-mozilla-est-la\\\/173922\\\/#primaryimage\"},\"thumbnailUrl\":\"https:\\\/\\\/www.webdo.tn\\\/fr\\\/wp-content\\\/uploads\\\/2012\\\/03\\\/OS-B2G-sur-un-HTC-photo-tux-planet.fr_.jpg\",\"articleSection\":[\"Mobile\"],\"inLanguage\":\"fr-FR\"},{\"@type\":\"WebPage\",\"@id\":\"https:\\\/\\\/www.webdo.tn\\\/fr\\\/actualite\\\/mobile\\\/b2g-l-os-mobile-de-mozilla-est-la\\\/173922\\\/\",\"url\":\"https:\\\/\\\/www.webdo.tn\\\/fr\\\/actualite\\\/mobile\\\/b2g-l-os-mobile-de-mozilla-est-la\\\/173922\\\/\",\"name\":\"B2G, l\u2019OS mobile de Mozilla est l\u00e0 !\",\"isPartOf\":{\"@id\":\"https:\\\/\\\/www.webdo.tn\\\/fr\\\/#website\"},\"primaryImageOfPage\":{\"@id\":\"https:\\\/\\\/www.webdo.tn\\\/fr\\\/actualite\\\/mobile\\\/b2g-l-os-mobile-de-mozilla-est-la\\\/173922\\\/#primaryimage\"},\"image\":{\"@id\":\"https:\\\/\\\/www.webdo.tn\\\/fr\\\/actualite\\\/mobile\\\/b2g-l-os-mobile-de-mozilla-est-la\\\/173922\\\/#primaryimage\"},\"thumbnailUrl\":\"https:\\\/\\\/www.webdo.tn\\\/fr\\\/wp-content\\\/uploads\\\/2012\\\/03\\\/OS-B2G-sur-un-HTC-photo-tux-planet.fr_.jpg\",\"datePublished\":\"2012-03-05T09:25:00+00:00\",\"dateModified\":\"2025-05-22T13:12:17+00:00\",\"description\":\"B2G, l\u2019OS mobile de Mozilla est l\u00e0 !\",\"breadcrumb\":{\"@id\":\"https:\\\/\\\/www.webdo.tn\\\/fr\\\/actualite\\\/mobile\\\/b2g-l-os-mobile-de-mozilla-est-la\\\/173922\\\/#breadcrumb\"},\"inLanguage\":\"fr-FR\",\"potentialAction\":[{\"@type\":\"ReadAction\",\"target\":[\"https:\\\/\\\/www.webdo.tn\\\/fr\\\/actualite\\\/mobile\\\/b2g-l-os-mobile-de-mozilla-est-la\\\/173922\\\/\"]}]},{\"@type\":\"ImageObject\",\"inLanguage\":\"fr-FR\",\"@id\":\"https:\\\/\\\/www.webdo.tn\\\/fr\\\/actualite\\\/mobile\\\/b2g-l-os-mobile-de-mozilla-est-la\\\/173922\\\/#primaryimage\",\"url\":\"https:\\\/\\\/www.webdo.tn\\\/fr\\\/wp-content\\\/uploads\\\/2012\\\/03\\\/OS-B2G-sur-un-HTC-photo-tux-planet.fr_.jpg\",\"contentUrl\":\"https:\\\/\\\/www.webdo.tn\\\/fr\\\/wp-content\\\/uploads\\\/2012\\\/03\\\/OS-B2G-sur-un-HTC-photo-tux-planet.fr_.jpg\",\"width\":372,\"height\":242,\"caption\":\"B2G, l\u2019OS mobile de Mozilla est l\u00e0 !\"},{\"@type\":\"BreadcrumbList\",\"@id\":\"https:\\\/\\\/www.webdo.tn\\\/fr\\\/actualite\\\/mobile\\\/b2g-l-os-mobile-de-mozilla-est-la\\\/173922\\\/#breadcrumb\",\"itemListElement\":[{\"@type\":\"ListItem\",\"position\":1,\"name\":\"Accueil\",\"item\":\"https:\\\/\\\/www.webdo.tn\\\/fr\\\/\"},{\"@type\":\"ListItem\",\"position\":2,\"name\":\"B2G, l\u2019OS mobile de Mozilla est l\u00e0 !\"}]},{\"@type\":\"WebSite\",\"@id\":\"https:\\\/\\\/www.webdo.tn\\\/fr\\\/#website\",\"url\":\"https:\\\/\\\/www.webdo.tn\\\/fr\\\/\",\"name\":\"webdo\",\"description\":\"Tunisie - News en Tunisie et \u00e0 l&#039;international sur Webdo.tn\",\"publisher\":{\"@id\":\"https:\\\/\\\/www.webdo.tn\\\/fr\\\/#organization\"},\"potentialAction\":[{\"@type\":\"SearchAction\",\"target\":{\"@type\":\"EntryPoint\",\"urlTemplate\":\"https:\\\/\\\/www.webdo.tn\\\/fr\\\/?s={search_term_string}\"},\"query-input\":{\"@type\":\"PropertyValueSpecification\",\"valueRequired\":true,\"valueName\":\"search_term_string\"}}],\"inLanguage\":\"fr-FR\"},{\"@type\":\"Organization\",\"@id\":\"https:\\\/\\\/www.webdo.tn\\\/fr\\\/#organization\",\"name\":\"Webdo\",\"alternateName\":\"Webdo.tn\",\"url\":\"https:\\\/\\\/www.webdo.tn\\\/fr\\\/\",\"logo\":{\"@type\":\"ImageObject\",\"inLanguage\":\"fr-FR\",\"@id\":\"https:\\\/\\\/www.webdo.tn\\\/fr\\\/#\\\/schema\\\/logo\\\/image\\\/\",\"url\":\"https:\\\/\\\/www.webdo.tn\\\/fr\\\/wp-content\\\/uploads\\\/2025\\\/06\\\/Webdo-Tunisie_168377.jpg\",\"contentUrl\":\"https:\\\/\\\/www.webdo.tn\\\/fr\\\/wp-content\\\/uploads\\\/2025\\\/06\\\/Webdo-Tunisie_168377.jpg\",\"width\":301,\"height\":301,\"caption\":\"Webdo\"},\"image\":{\"@id\":\"https:\\\/\\\/www.webdo.tn\\\/fr\\\/#\\\/schema\\\/logo\\\/image\\\/\"},\"sameAs\":[\"https:\\\/\\\/www.facebook.com\\\/webdotn\",\"https:\\\/\\\/x.com\\\/webdo_tn\"],\"description\":\"Webdo est un m\u00e9dia num\u00e9rique tunisien fond\u00e9 en 2010, sp\u00e9cialis\u00e9 dans l\u2019actualit\u00e9 nationale et internationale, l\u2019\u00e9conomie, la soci\u00e9t\u00e9 et les analyses politiques. Le site s\u2019adresse \u00e0 un large public francophone et couvre l\u2019information tunisienne en temps r\u00e9el.\",\"email\":\"redac@webdo.tn\",\"legalName\":\"YNJ SARL\",\"foundingDate\":\"2010-09-06\",\"numberOfEmployees\":{\"@type\":\"QuantitativeValue\",\"minValue\":\"11\",\"maxValue\":\"50\"}},{\"@type\":\"Person\",\"@id\":\"https:\\\/\\\/www.webdo.tn\\\/fr\\\/#\\\/schema\\\/person\\\/9a9c6118d687c117df8ef3cc36a4d175\",\"name\":\"webdo.tn\",\"image\":{\"@type\":\"ImageObject\",\"inLanguage\":\"fr-FR\",\"@id\":\"https:\\\/\\\/secure.gravatar.com\\\/avatar\\\/7ce1f28c0c3bbac99ff550b85ef8e44a6950c6ee24514fb6a5489e51d06f0298?s=96&d=mm&r=g\",\"url\":\"https:\\\/\\\/secure.gravatar.com\\\/avatar\\\/7ce1f28c0c3bbac99ff550b85ef8e44a6950c6ee24514fb6a5489e51d06f0298?s=96&d=mm&r=g\",\"contentUrl\":\"https:\\\/\\\/secure.gravatar.com\\\/avatar\\\/7ce1f28c0c3bbac99ff550b85ef8e44a6950c6ee24514fb6a5489e51d06f0298?s=96&d=mm&r=g\",\"caption\":\"webdo.tn\"},\"url\":\"https:\\\/\\\/www.webdo.tn\\\/fr\\\/actualite\\\/author\\\/webdotn\\\/\"}]}<\/script>\n<!-- \/ Yoast SEO Premium plugin. -->","yoast_head_json":{"title":"B2G, l\u2019OS mobile de Mozilla est l\u00e0 !","description":"B2G, l\u2019OS mobile de Mozilla est l\u00e0 !","canonical":"https:\/\/www.webdo.tn\/fr\/actualite\/mobile\/b2g-l-os-mobile-de-mozilla-est-la\/173922\/","og_locale":"fr_FR","og_type":"article","og_title":"B2G, l\u2019OS mobile de Mozilla est l\u00e0 !","og_description":"B2G, l\u2019OS mobile de Mozilla est l\u00e0 !","og_url":"https:\/\/www.webdo.tn\/fr\/actualite\/mobile\/b2g-l-os-mobile-de-mozilla-est-la\/173922\/","og_site_name":"webdo","article_publisher":"https:\/\/www.facebook.com\/webdotn","article_published_time":"2012-03-05T09:25:00+00:00","article_modified_time":"2025-05-22T13:12:17+00:00","og_image":[{"width":372,"height":242,"url":"https:\/\/www.webdo.tn\/fr\/wp-content\/uploads\/2012\/03\/OS-B2G-sur-un-HTC-photo-tux-planet.fr_.jpg","type":"image\/jpeg"}],"author":"webdo.tn","twitter_card":"summary_large_image","twitter_creator":"@webdo_tn","twitter_site":"@webdo_tn","twitter_misc":{"\u00c9crit par":"webdo.tn","Dur\u00e9e de lecture estim\u00e9e":"3 minutes"},"schema":{"@context":"https:\/\/schema.org","@graph":[{"@type":"NewsArticle","@id":"https:\/\/www.webdo.tn\/fr\/actualite\/mobile\/b2g-l-os-mobile-de-mozilla-est-la\/173922\/#article","isPartOf":{"@id":"https:\/\/www.webdo.tn\/fr\/actualite\/mobile\/b2g-l-os-mobile-de-mozilla-est-la\/173922\/"},"author":{"name":"webdo.tn","@id":"https:\/\/www.webdo.tn\/fr\/#\/schema\/person\/9a9c6118d687c117df8ef3cc36a4d175"},"headline":"B2G, l\u2019OS mobile de Mozilla est l\u00e0 !","datePublished":"2012-03-05T09:25:00+00:00","dateModified":"2025-05-22T13:12:17+00:00","mainEntityOfPage":{"@id":"https:\/\/www.webdo.tn\/fr\/actualite\/mobile\/b2g-l-os-mobile-de-mozilla-est-la\/173922\/"},"wordCount":594,"commentCount":0,"publisher":{"@id":"https:\/\/www.webdo.tn\/fr\/#organization"},"image":{"@id":"https:\/\/www.webdo.tn\/fr\/actualite\/mobile\/b2g-l-os-mobile-de-mozilla-est-la\/173922\/#primaryimage"},"thumbnailUrl":"https:\/\/www.webdo.tn\/fr\/wp-content\/uploads\/2012\/03\/OS-B2G-sur-un-HTC-photo-tux-planet.fr_.jpg","articleSection":["Mobile"],"inLanguage":"fr-FR"},{"@type":"WebPage","@id":"https:\/\/www.webdo.tn\/fr\/actualite\/mobile\/b2g-l-os-mobile-de-mozilla-est-la\/173922\/","url":"https:\/\/www.webdo.tn\/fr\/actualite\/mobile\/b2g-l-os-mobile-de-mozilla-est-la\/173922\/","name":"B2G, l\u2019OS mobile de Mozilla est l\u00e0 !","isPartOf":{"@id":"https:\/\/www.webdo.tn\/fr\/#website"},"primaryImageOfPage":{"@id":"https:\/\/www.webdo.tn\/fr\/actualite\/mobile\/b2g-l-os-mobile-de-mozilla-est-la\/173922\/#primaryimage"},"image":{"@id":"https:\/\/www.webdo.tn\/fr\/actualite\/mobile\/b2g-l-os-mobile-de-mozilla-est-la\/173922\/#primaryimage"},"thumbnailUrl":"https:\/\/www.webdo.tn\/fr\/wp-content\/uploads\/2012\/03\/OS-B2G-sur-un-HTC-photo-tux-planet.fr_.jpg","datePublished":"2012-03-05T09:25:00+00:00","dateModified":"2025-05-22T13:12:17+00:00","description":"B2G, l\u2019OS mobile de Mozilla est l\u00e0 !","breadcrumb":{"@id":"https:\/\/www.webdo.tn\/fr\/actualite\/mobile\/b2g-l-os-mobile-de-mozilla-est-la\/173922\/#breadcrumb"},"inLanguage":"fr-FR","potentialAction":[{"@type":"ReadAction","target":["https:\/\/www.webdo.tn\/fr\/actualite\/mobile\/b2g-l-os-mobile-de-mozilla-est-la\/173922\/"]}]},{"@type":"ImageObject","inLanguage":"fr-FR","@id":"https:\/\/www.webdo.tn\/fr\/actualite\/mobile\/b2g-l-os-mobile-de-mozilla-est-la\/173922\/#primaryimage","url":"https:\/\/www.webdo.tn\/fr\/wp-content\/uploads\/2012\/03\/OS-B2G-sur-un-HTC-photo-tux-planet.fr_.jpg","contentUrl":"https:\/\/www.webdo.tn\/fr\/wp-content\/uploads\/2012\/03\/OS-B2G-sur-un-HTC-photo-tux-planet.fr_.jpg","width":372,"height":242,"caption":"B2G, l\u2019OS mobile de Mozilla est l\u00e0 !"},{"@type":"BreadcrumbList","@id":"https:\/\/www.webdo.tn\/fr\/actualite\/mobile\/b2g-l-os-mobile-de-mozilla-est-la\/173922\/#breadcrumb","itemListElement":[{"@type":"ListItem","position":1,"name":"Accueil","item":"https:\/\/www.webdo.tn\/fr\/"},{"@type":"ListItem","position":2,"name":"B2G, l\u2019OS mobile de Mozilla est l\u00e0 !"}]},{"@type":"WebSite","@id":"https:\/\/www.webdo.tn\/fr\/#website","url":"https:\/\/www.webdo.tn\/fr\/","name":"webdo","description":"Tunisie - News en Tunisie et \u00e0 l&#039;international sur Webdo.tn","publisher":{"@id":"https:\/\/www.webdo.tn\/fr\/#organization"},"potentialAction":[{"@type":"SearchAction","target":{"@type":"EntryPoint","urlTemplate":"https:\/\/www.webdo.tn\/fr\/?s={search_term_string}"},"query-input":{"@type":"PropertyValueSpecification","valueRequired":true,"valueName":"search_term_string"}}],"inLanguage":"fr-FR"},{"@type":"Organization","@id":"https:\/\/www.webdo.tn\/fr\/#organization","name":"Webdo","alternateName":"Webdo.tn","url":"https:\/\/www.webdo.tn\/fr\/","logo":{"@type":"ImageObject","inLanguage":"fr-FR","@id":"https:\/\/www.webdo.tn\/fr\/#\/schema\/logo\/image\/","url":"https:\/\/www.webdo.tn\/fr\/wp-content\/uploads\/2025\/06\/Webdo-Tunisie_168377.jpg","contentUrl":"https:\/\/www.webdo.tn\/fr\/wp-content\/uploads\/2025\/06\/Webdo-Tunisie_168377.jpg","width":301,"height":301,"caption":"Webdo"},"image":{"@id":"https:\/\/www.webdo.tn\/fr\/#\/schema\/logo\/image\/"},"sameAs":["https:\/\/www.facebook.com\/webdotn","https:\/\/x.com\/webdo_tn"],"description":"Webdo est un m\u00e9dia num\u00e9rique tunisien fond\u00e9 en 2010, sp\u00e9cialis\u00e9 dans l\u2019actualit\u00e9 nationale et internationale, l\u2019\u00e9conomie, la soci\u00e9t\u00e9 et les analyses politiques. Le site s\u2019adresse \u00e0 un large public francophone et couvre l\u2019information tunisienne en temps r\u00e9el.","email":"redac@webdo.tn","legalName":"YNJ SARL","foundingDate":"2010-09-06","numberOfEmployees":{"@type":"QuantitativeValue","minValue":"11","maxValue":"50"}},{"@type":"Person","@id":"https:\/\/www.webdo.tn\/fr\/#\/schema\/person\/9a9c6118d687c117df8ef3cc36a4d175","name":"webdo.tn","image":{"@type":"ImageObject","inLanguage":"fr-FR","@id":"https:\/\/secure.gravatar.com\/avatar\/7ce1f28c0c3bbac99ff550b85ef8e44a6950c6ee24514fb6a5489e51d06f0298?s=96&d=mm&r=g","url":"https:\/\/secure.gravatar.com\/avatar\/7ce1f28c0c3bbac99ff550b85ef8e44a6950c6ee24514fb6a5489e51d06f0298?s=96&d=mm&r=g","contentUrl":"https:\/\/secure.gravatar.com\/avatar\/7ce1f28c0c3bbac99ff550b85ef8e44a6950c6ee24514fb6a5489e51d06f0298?s=96&d=mm&r=g","caption":"webdo.tn"},"url":"https:\/\/www.webdo.tn\/fr\/actualite\/author\/webdotn\/"}]}},"_links":{"self":[{"href":"https:\/\/www.webdo.tn\/fr\/wp-json\/wp\/v2\/posts\/173922","targetHints":{"allow":["GET"]}}],"collection":[{"href":"https:\/\/www.webdo.tn\/fr\/wp-json\/wp\/v2\/posts"}],"about":[{"href":"https:\/\/www.webdo.tn\/fr\/wp-json\/wp\/v2\/types\/post"}],"author":[{"embeddable":true,"href":"https:\/\/www.webdo.tn\/fr\/wp-json\/wp\/v2\/users\/3222"}],"replies":[{"embeddable":true,"href":"https:\/\/www.webdo.tn\/fr\/wp-json\/wp\/v2\/comments?post=173922"}],"version-history":[{"count":0,"href":"https:\/\/www.webdo.tn\/fr\/wp-json\/wp\/v2\/posts\/173922\/revisions"}],"wp:featuredmedia":[{"embeddable":true,"href":"https:\/\/www.webdo.tn\/fr\/wp-json\/wp\/v2\/media\/333719"}],"wp:attachment":[{"href":"https:\/\/www.webdo.tn\/fr\/wp-json\/wp\/v2\/media?parent=173922"}],"wp:term":[{"taxonomy":"category","embeddable":true,"href":"https:\/\/www.webdo.tn\/fr\/wp-json\/wp\/v2\/categories?post=173922"},{"taxonomy":"post_tag","embeddable":true,"href":"https:\/\/www.webdo.tn\/fr\/wp-json\/wp\/v2\/tags?post=173922"}],"curies":[{"name":"wp","href":"https:\/\/api.w.org\/{rel}","templated":true}]}}