{"id":173910,"date":"2012-12-31T15:02:00","date_gmt":"2012-12-31T15:02:00","guid":{"rendered":"https:\/\/www.webdo.tn\/fr\/blog\/15-du-capital-de-tunisiana-cedes-a-qatar-telecom\/173910\/"},"modified":"2025-06-04T18:49:42","modified_gmt":"2025-06-04T18:49:42","slug":"15-du-capital-de-tunisiana-cedes-a-qatar-telecom-2","status":"publish","type":"post","link":"https:\/\/www.webdo.tn\/fr\/actualite\/mobile\/15-du-capital-de-tunisiana-cedes-a-qatar-telecom-2\/173910\/","title":{"rendered":"15% du capital de Tunisiana, c\u00e9d\u00e9s \u00e0 Qatar Telecom"},"content":{"rendered":"<p>La Commission nationale de gestion d&rsquo;avoirs et des fonds objets de confiscation ou de r\u00e9cup\u00e9ration en faveur de l&rsquo;Etat vient de c\u00e9der \u00e0 Qatar Telecom (QTEL), 15% du capital et des droits de vote de l&rsquo;op\u00e9rateur t\u00e9l\u00e9phonique priv\u00e9 Tunisiana, pour un montant total de 360 millions de dollars en dividendes d\u00e9tach\u00e9s, (environ 540 millions de dinars), selon un communiqu\u00e9 du minist\u00e8re des Finances.<\/p>\n<p>La d\u00e9cision intervient en application des stipulations du \u00ab\u00a0Put Option Agr\u00e9ment\u00a0\u00bb, conclu en date du 6 janvier 2011, entre Zitouna Telecom SARL, Arab Banking Corporation et QTEL.<\/p>\n<p>Pour l&rsquo;appel d&rsquo;offres international, lanc\u00e9 en juillet 2012, la commission n&rsquo;a re\u00e7u, au 16 novembre 2012, que deux offres pour un montant respectif de 305 millions d&rsquo;euros et 526 millions de dollars en dividendes d\u00e9tach\u00e9s, toujours selon le minist\u00e8re.<\/p>\n<p>Par cons\u00e9quent, la commission, r\u00e9unie le 20 novembre 2012, a d\u00e9clar\u00e9 l&rsquo;appel d&rsquo;offres infructueux et a d\u00e9cid\u00e9 d&rsquo;entr\u00e9e en n\u00e9gociation afin d&rsquo;activer le \u00ab\u00a0put option\u00a0\u00bb.<\/p>\n<p>Le bloc d&rsquo;action de Tunisiana (15%), c\u00e9d\u00e9 \u00e0 QTEL, d\u00e9j\u00e0 pr\u00e9sente dans le capital de la soci\u00e9t\u00e9, ne repr\u00e9sente qu&rsquo;une partie seulement de la part du capital de Tunisiana qui revenait au gendre du pr\u00e9sident d\u00e9chu Ben Ali, Sakhr Materi, en l&rsquo;occurrence 25%.<\/p>\n<p>Cette part a \u00e9t\u00e9 confisqu\u00e9e par l&rsquo;Etat au lendemain de la r\u00e9volution. Pour les 10% restants du capital, la commission \u00e9tudie une \u00e9ventuelle introduction en bourse.<\/p>\n<p>Suite \u00e0 cette op\u00e9ration, Qatar Telecom d\u00e9tient d\u00e9sormais 90% du capital de l&rsquo;op\u00e9rateur, les 10% restants demeurent, quant \u00e0 eux aux mains de l&rsquo;Etat.<\/p>\n","protected":false},"excerpt":{"rendered":"<p>15% du capital de Tunisiana, c\u00e9d\u00e9s \u00e0 Qatar Telecom<\/p>\n","protected":false},"author":3222,"featured_media":333202,"comment_status":"open","ping_status":"closed","sticky":false,"template":"","format":"standard","meta":{"footnotes":""},"categories":[11339],"tags":[],"class_list":["post-173910","post","type-post","status-publish","format-standard","has-post-thumbnail","hentry","category-mobile"],"yoast_head":"<!-- This site is optimized with the Yoast SEO Premium plugin v27.5 (Yoast SEO v27.5) - https:\/\/yoast.com\/product\/yoast-seo-premium-wordpress\/ -->\n<title>15% du capital de Tunisiana, c\u00e9d\u00e9s \u00e0 Qatar Telecom<\/title>\n<meta name=\"description\" content=\"15% du capital de Tunisiana, c\u00e9d\u00e9s \u00e0 Qatar Telecom\" \/>\n<link rel=\"canonical\" href=\"https:\/\/www.webdo.tn\/fr\/actualite\/mobile\/15-du-capital-de-tunisiana-cedes-a-qatar-telecom-2\/173910\/\" \/>\n<meta property=\"og:locale\" content=\"fr_FR\" \/>\n<meta property=\"og:type\" content=\"article\" \/>\n<meta property=\"og:title\" content=\"15% du capital de Tunisiana, c\u00e9d\u00e9s \u00e0 Qatar Telecom\" \/>\n<meta property=\"og:description\" content=\"15% du capital de Tunisiana, c\u00e9d\u00e9s \u00e0 Qatar Telecom\" \/>\n<meta property=\"og:url\" content=\"https:\/\/www.webdo.tn\/fr\/actualite\/mobile\/15-du-capital-de-tunisiana-cedes-a-qatar-telecom-2\/173910\/\" \/>\n<meta property=\"og:site_name\" content=\"webdo\" \/>\n<meta property=\"article:publisher\" content=\"https:\/\/www.facebook.com\/webdotn\" \/>\n<meta property=\"article:published_time\" content=\"2012-12-31T15:02:00+00:00\" \/>\n<meta property=\"article:modified_time\" content=\"2025-06-04T18:49:42+00:00\" \/>\n<meta property=\"og:image\" content=\"https:\/\/www.webdo.tn\/fr\/wp-content\/uploads\/2012\/12\/Tunisiana-150x150-1.jpg\" \/>\n\t<meta property=\"og:image:width\" content=\"150\" \/>\n\t<meta property=\"og:image:height\" content=\"150\" \/>\n\t<meta property=\"og:image:type\" content=\"image\/jpeg\" \/>\n<meta name=\"author\" content=\"webdo.tn\" \/>\n<meta name=\"twitter:card\" content=\"summary_large_image\" \/>\n<meta name=\"twitter:creator\" content=\"@webdo_tn\" \/>\n<meta name=\"twitter:site\" content=\"@webdo_tn\" \/>\n<meta name=\"twitter:label1\" content=\"\u00c9crit par\" \/>\n\t<meta name=\"twitter:data1\" content=\"webdo.tn\" \/>\n\t<meta name=\"twitter:label2\" content=\"Dur\u00e9e de lecture estim\u00e9e\" \/>\n\t<meta name=\"twitter:data2\" content=\"1 minute\" \/>\n<script type=\"application\/ld+json\" class=\"yoast-schema-graph\">{\"@context\":\"https:\\\/\\\/schema.org\",\"@graph\":[{\"@type\":\"NewsArticle\",\"@id\":\"https:\\\/\\\/www.webdo.tn\\\/fr\\\/actualite\\\/mobile\\\/15-du-capital-de-tunisiana-cedes-a-qatar-telecom-2\\\/173910\\\/#article\",\"isPartOf\":{\"@id\":\"https:\\\/\\\/www.webdo.tn\\\/fr\\\/actualite\\\/mobile\\\/15-du-capital-de-tunisiana-cedes-a-qatar-telecom-2\\\/173910\\\/\"},\"author\":{\"name\":\"webdo.tn\",\"@id\":\"https:\\\/\\\/www.webdo.tn\\\/fr\\\/#\\\/schema\\\/person\\\/9a9c6118d687c117df8ef3cc36a4d175\"},\"headline\":\"15% du capital de Tunisiana, c\u00e9d\u00e9s \u00e0 Qatar Telecom\",\"datePublished\":\"2012-12-31T15:02:00+00:00\",\"dateModified\":\"2025-06-04T18:49:42+00:00\",\"mainEntityOfPage\":{\"@id\":\"https:\\\/\\\/www.webdo.tn\\\/fr\\\/actualite\\\/mobile\\\/15-du-capital-de-tunisiana-cedes-a-qatar-telecom-2\\\/173910\\\/\"},\"wordCount\":286,\"commentCount\":0,\"publisher\":{\"@id\":\"https:\\\/\\\/www.webdo.tn\\\/fr\\\/#organization\"},\"image\":{\"@id\":\"https:\\\/\\\/www.webdo.tn\\\/fr\\\/actualite\\\/mobile\\\/15-du-capital-de-tunisiana-cedes-a-qatar-telecom-2\\\/173910\\\/#primaryimage\"},\"thumbnailUrl\":\"https:\\\/\\\/www.webdo.tn\\\/fr\\\/wp-content\\\/uploads\\\/2012\\\/12\\\/Tunisiana-150x150-1.jpg\",\"articleSection\":[\"Mobile\"],\"inLanguage\":\"fr-FR\"},{\"@type\":\"WebPage\",\"@id\":\"https:\\\/\\\/www.webdo.tn\\\/fr\\\/actualite\\\/mobile\\\/15-du-capital-de-tunisiana-cedes-a-qatar-telecom-2\\\/173910\\\/\",\"url\":\"https:\\\/\\\/www.webdo.tn\\\/fr\\\/actualite\\\/mobile\\\/15-du-capital-de-tunisiana-cedes-a-qatar-telecom-2\\\/173910\\\/\",\"name\":\"15% du capital de Tunisiana, c\u00e9d\u00e9s \u00e0 Qatar Telecom\",\"isPartOf\":{\"@id\":\"https:\\\/\\\/www.webdo.tn\\\/fr\\\/#website\"},\"primaryImageOfPage\":{\"@id\":\"https:\\\/\\\/www.webdo.tn\\\/fr\\\/actualite\\\/mobile\\\/15-du-capital-de-tunisiana-cedes-a-qatar-telecom-2\\\/173910\\\/#primaryimage\"},\"image\":{\"@id\":\"https:\\\/\\\/www.webdo.tn\\\/fr\\\/actualite\\\/mobile\\\/15-du-capital-de-tunisiana-cedes-a-qatar-telecom-2\\\/173910\\\/#primaryimage\"},\"thumbnailUrl\":\"https:\\\/\\\/www.webdo.tn\\\/fr\\\/wp-content\\\/uploads\\\/2012\\\/12\\\/Tunisiana-150x150-1.jpg\",\"datePublished\":\"2012-12-31T15:02:00+00:00\",\"dateModified\":\"2025-06-04T18:49:42+00:00\",\"description\":\"15% du capital de Tunisiana, c\u00e9d\u00e9s \u00e0 Qatar Telecom\",\"breadcrumb\":{\"@id\":\"https:\\\/\\\/www.webdo.tn\\\/fr\\\/actualite\\\/mobile\\\/15-du-capital-de-tunisiana-cedes-a-qatar-telecom-2\\\/173910\\\/#breadcrumb\"},\"inLanguage\":\"fr-FR\",\"potentialAction\":[{\"@type\":\"ReadAction\",\"target\":[\"https:\\\/\\\/www.webdo.tn\\\/fr\\\/actualite\\\/mobile\\\/15-du-capital-de-tunisiana-cedes-a-qatar-telecom-2\\\/173910\\\/\"]}]},{\"@type\":\"ImageObject\",\"inLanguage\":\"fr-FR\",\"@id\":\"https:\\\/\\\/www.webdo.tn\\\/fr\\\/actualite\\\/mobile\\\/15-du-capital-de-tunisiana-cedes-a-qatar-telecom-2\\\/173910\\\/#primaryimage\",\"url\":\"https:\\\/\\\/www.webdo.tn\\\/fr\\\/wp-content\\\/uploads\\\/2012\\\/12\\\/Tunisiana-150x150-1.jpg\",\"contentUrl\":\"https:\\\/\\\/www.webdo.tn\\\/fr\\\/wp-content\\\/uploads\\\/2012\\\/12\\\/Tunisiana-150x150-1.jpg\",\"width\":150,\"height\":150,\"caption\":\"15% du capital de Tunisiana, c\u00e9d\u00e9s \u00e0 Qatar Telecom\"},{\"@type\":\"BreadcrumbList\",\"@id\":\"https:\\\/\\\/www.webdo.tn\\\/fr\\\/actualite\\\/mobile\\\/15-du-capital-de-tunisiana-cedes-a-qatar-telecom-2\\\/173910\\\/#breadcrumb\",\"itemListElement\":[{\"@type\":\"ListItem\",\"position\":1,\"name\":\"Accueil\",\"item\":\"https:\\\/\\\/www.webdo.tn\\\/fr\\\/\"},{\"@type\":\"ListItem\",\"position\":2,\"name\":\"15% du capital de Tunisiana, c\u00e9d\u00e9s \u00e0 Qatar Telecom\"}]},{\"@type\":\"WebSite\",\"@id\":\"https:\\\/\\\/www.webdo.tn\\\/fr\\\/#website\",\"url\":\"https:\\\/\\\/www.webdo.tn\\\/fr\\\/\",\"name\":\"webdo\",\"description\":\"Tunisie - News en Tunisie et \u00e0 l&#039;international sur Webdo.tn\",\"publisher\":{\"@id\":\"https:\\\/\\\/www.webdo.tn\\\/fr\\\/#organization\"},\"potentialAction\":[{\"@type\":\"SearchAction\",\"target\":{\"@type\":\"EntryPoint\",\"urlTemplate\":\"https:\\\/\\\/www.webdo.tn\\\/fr\\\/?s={search_term_string}\"},\"query-input\":{\"@type\":\"PropertyValueSpecification\",\"valueRequired\":true,\"valueName\":\"search_term_string\"}}],\"inLanguage\":\"fr-FR\"},{\"@type\":\"Organization\",\"@id\":\"https:\\\/\\\/www.webdo.tn\\\/fr\\\/#organization\",\"name\":\"Webdo\",\"alternateName\":\"Webdo.tn\",\"url\":\"https:\\\/\\\/www.webdo.tn\\\/fr\\\/\",\"logo\":{\"@type\":\"ImageObject\",\"inLanguage\":\"fr-FR\",\"@id\":\"https:\\\/\\\/www.webdo.tn\\\/fr\\\/#\\\/schema\\\/logo\\\/image\\\/\",\"url\":\"https:\\\/\\\/www.webdo.tn\\\/fr\\\/wp-content\\\/uploads\\\/2025\\\/06\\\/Webdo-Tunisie_168377.jpg\",\"contentUrl\":\"https:\\\/\\\/www.webdo.tn\\\/fr\\\/wp-content\\\/uploads\\\/2025\\\/06\\\/Webdo-Tunisie_168377.jpg\",\"width\":301,\"height\":301,\"caption\":\"Webdo\"},\"image\":{\"@id\":\"https:\\\/\\\/www.webdo.tn\\\/fr\\\/#\\\/schema\\\/logo\\\/image\\\/\"},\"sameAs\":[\"https:\\\/\\\/www.facebook.com\\\/webdotn\",\"https:\\\/\\\/x.com\\\/webdo_tn\"],\"description\":\"Webdo est un m\u00e9dia num\u00e9rique tunisien fond\u00e9 en 2010, sp\u00e9cialis\u00e9 dans l\u2019actualit\u00e9 nationale et internationale, l\u2019\u00e9conomie, la soci\u00e9t\u00e9 et les analyses politiques. Le site s\u2019adresse \u00e0 un large public francophone et couvre l\u2019information tunisienne en temps r\u00e9el.\",\"email\":\"redac@webdo.tn\",\"legalName\":\"YNJ SARL\",\"foundingDate\":\"2010-09-06\",\"numberOfEmployees\":{\"@type\":\"QuantitativeValue\",\"minValue\":\"11\",\"maxValue\":\"50\"}},{\"@type\":\"Person\",\"@id\":\"https:\\\/\\\/www.webdo.tn\\\/fr\\\/#\\\/schema\\\/person\\\/9a9c6118d687c117df8ef3cc36a4d175\",\"name\":\"webdo.tn\",\"image\":{\"@type\":\"ImageObject\",\"inLanguage\":\"fr-FR\",\"@id\":\"https:\\\/\\\/secure.gravatar.com\\\/avatar\\\/7ce1f28c0c3bbac99ff550b85ef8e44a6950c6ee24514fb6a5489e51d06f0298?s=96&d=mm&r=g\",\"url\":\"https:\\\/\\\/secure.gravatar.com\\\/avatar\\\/7ce1f28c0c3bbac99ff550b85ef8e44a6950c6ee24514fb6a5489e51d06f0298?s=96&d=mm&r=g\",\"contentUrl\":\"https:\\\/\\\/secure.gravatar.com\\\/avatar\\\/7ce1f28c0c3bbac99ff550b85ef8e44a6950c6ee24514fb6a5489e51d06f0298?s=96&d=mm&r=g\",\"caption\":\"webdo.tn\"},\"url\":\"https:\\\/\\\/www.webdo.tn\\\/fr\\\/actualite\\\/author\\\/webdotn\\\/\"}]}<\/script>\n<!-- \/ Yoast SEO Premium plugin. -->","yoast_head_json":{"title":"15% du capital de Tunisiana, c\u00e9d\u00e9s \u00e0 Qatar Telecom","description":"15% du capital de Tunisiana, c\u00e9d\u00e9s \u00e0 Qatar Telecom","canonical":"https:\/\/www.webdo.tn\/fr\/actualite\/mobile\/15-du-capital-de-tunisiana-cedes-a-qatar-telecom-2\/173910\/","og_locale":"fr_FR","og_type":"article","og_title":"15% du capital de Tunisiana, c\u00e9d\u00e9s \u00e0 Qatar Telecom","og_description":"15% du capital de Tunisiana, c\u00e9d\u00e9s \u00e0 Qatar Telecom","og_url":"https:\/\/www.webdo.tn\/fr\/actualite\/mobile\/15-du-capital-de-tunisiana-cedes-a-qatar-telecom-2\/173910\/","og_site_name":"webdo","article_publisher":"https:\/\/www.facebook.com\/webdotn","article_published_time":"2012-12-31T15:02:00+00:00","article_modified_time":"2025-06-04T18:49:42+00:00","og_image":[{"width":150,"height":150,"url":"https:\/\/www.webdo.tn\/fr\/wp-content\/uploads\/2012\/12\/Tunisiana-150x150-1.jpg","type":"image\/jpeg"}],"author":"webdo.tn","twitter_card":"summary_large_image","twitter_creator":"@webdo_tn","twitter_site":"@webdo_tn","twitter_misc":{"\u00c9crit par":"webdo.tn","Dur\u00e9e de lecture estim\u00e9e":"1 minute"},"schema":{"@context":"https:\/\/schema.org","@graph":[{"@type":"NewsArticle","@id":"https:\/\/www.webdo.tn\/fr\/actualite\/mobile\/15-du-capital-de-tunisiana-cedes-a-qatar-telecom-2\/173910\/#article","isPartOf":{"@id":"https:\/\/www.webdo.tn\/fr\/actualite\/mobile\/15-du-capital-de-tunisiana-cedes-a-qatar-telecom-2\/173910\/"},"author":{"name":"webdo.tn","@id":"https:\/\/www.webdo.tn\/fr\/#\/schema\/person\/9a9c6118d687c117df8ef3cc36a4d175"},"headline":"15% du capital de Tunisiana, c\u00e9d\u00e9s \u00e0 Qatar Telecom","datePublished":"2012-12-31T15:02:00+00:00","dateModified":"2025-06-04T18:49:42+00:00","mainEntityOfPage":{"@id":"https:\/\/www.webdo.tn\/fr\/actualite\/mobile\/15-du-capital-de-tunisiana-cedes-a-qatar-telecom-2\/173910\/"},"wordCount":286,"commentCount":0,"publisher":{"@id":"https:\/\/www.webdo.tn\/fr\/#organization"},"image":{"@id":"https:\/\/www.webdo.tn\/fr\/actualite\/mobile\/15-du-capital-de-tunisiana-cedes-a-qatar-telecom-2\/173910\/#primaryimage"},"thumbnailUrl":"https:\/\/www.webdo.tn\/fr\/wp-content\/uploads\/2012\/12\/Tunisiana-150x150-1.jpg","articleSection":["Mobile"],"inLanguage":"fr-FR"},{"@type":"WebPage","@id":"https:\/\/www.webdo.tn\/fr\/actualite\/mobile\/15-du-capital-de-tunisiana-cedes-a-qatar-telecom-2\/173910\/","url":"https:\/\/www.webdo.tn\/fr\/actualite\/mobile\/15-du-capital-de-tunisiana-cedes-a-qatar-telecom-2\/173910\/","name":"15% du capital de Tunisiana, c\u00e9d\u00e9s \u00e0 Qatar Telecom","isPartOf":{"@id":"https:\/\/www.webdo.tn\/fr\/#website"},"primaryImageOfPage":{"@id":"https:\/\/www.webdo.tn\/fr\/actualite\/mobile\/15-du-capital-de-tunisiana-cedes-a-qatar-telecom-2\/173910\/#primaryimage"},"image":{"@id":"https:\/\/www.webdo.tn\/fr\/actualite\/mobile\/15-du-capital-de-tunisiana-cedes-a-qatar-telecom-2\/173910\/#primaryimage"},"thumbnailUrl":"https:\/\/www.webdo.tn\/fr\/wp-content\/uploads\/2012\/12\/Tunisiana-150x150-1.jpg","datePublished":"2012-12-31T15:02:00+00:00","dateModified":"2025-06-04T18:49:42+00:00","description":"15% du capital de Tunisiana, c\u00e9d\u00e9s \u00e0 Qatar Telecom","breadcrumb":{"@id":"https:\/\/www.webdo.tn\/fr\/actualite\/mobile\/15-du-capital-de-tunisiana-cedes-a-qatar-telecom-2\/173910\/#breadcrumb"},"inLanguage":"fr-FR","potentialAction":[{"@type":"ReadAction","target":["https:\/\/www.webdo.tn\/fr\/actualite\/mobile\/15-du-capital-de-tunisiana-cedes-a-qatar-telecom-2\/173910\/"]}]},{"@type":"ImageObject","inLanguage":"fr-FR","@id":"https:\/\/www.webdo.tn\/fr\/actualite\/mobile\/15-du-capital-de-tunisiana-cedes-a-qatar-telecom-2\/173910\/#primaryimage","url":"https:\/\/www.webdo.tn\/fr\/wp-content\/uploads\/2012\/12\/Tunisiana-150x150-1.jpg","contentUrl":"https:\/\/www.webdo.tn\/fr\/wp-content\/uploads\/2012\/12\/Tunisiana-150x150-1.jpg","width":150,"height":150,"caption":"15% du capital de Tunisiana, c\u00e9d\u00e9s \u00e0 Qatar Telecom"},{"@type":"BreadcrumbList","@id":"https:\/\/www.webdo.tn\/fr\/actualite\/mobile\/15-du-capital-de-tunisiana-cedes-a-qatar-telecom-2\/173910\/#breadcrumb","itemListElement":[{"@type":"ListItem","position":1,"name":"Accueil","item":"https:\/\/www.webdo.tn\/fr\/"},{"@type":"ListItem","position":2,"name":"15% du capital de Tunisiana, c\u00e9d\u00e9s \u00e0 Qatar Telecom"}]},{"@type":"WebSite","@id":"https:\/\/www.webdo.tn\/fr\/#website","url":"https:\/\/www.webdo.tn\/fr\/","name":"webdo","description":"Tunisie - News en Tunisie et \u00e0 l&#039;international sur Webdo.tn","publisher":{"@id":"https:\/\/www.webdo.tn\/fr\/#organization"},"potentialAction":[{"@type":"SearchAction","target":{"@type":"EntryPoint","urlTemplate":"https:\/\/www.webdo.tn\/fr\/?s={search_term_string}"},"query-input":{"@type":"PropertyValueSpecification","valueRequired":true,"valueName":"search_term_string"}}],"inLanguage":"fr-FR"},{"@type":"Organization","@id":"https:\/\/www.webdo.tn\/fr\/#organization","name":"Webdo","alternateName":"Webdo.tn","url":"https:\/\/www.webdo.tn\/fr\/","logo":{"@type":"ImageObject","inLanguage":"fr-FR","@id":"https:\/\/www.webdo.tn\/fr\/#\/schema\/logo\/image\/","url":"https:\/\/www.webdo.tn\/fr\/wp-content\/uploads\/2025\/06\/Webdo-Tunisie_168377.jpg","contentUrl":"https:\/\/www.webdo.tn\/fr\/wp-content\/uploads\/2025\/06\/Webdo-Tunisie_168377.jpg","width":301,"height":301,"caption":"Webdo"},"image":{"@id":"https:\/\/www.webdo.tn\/fr\/#\/schema\/logo\/image\/"},"sameAs":["https:\/\/www.facebook.com\/webdotn","https:\/\/x.com\/webdo_tn"],"description":"Webdo est un m\u00e9dia num\u00e9rique tunisien fond\u00e9 en 2010, sp\u00e9cialis\u00e9 dans l\u2019actualit\u00e9 nationale et internationale, l\u2019\u00e9conomie, la soci\u00e9t\u00e9 et les analyses politiques. Le site s\u2019adresse \u00e0 un large public francophone et couvre l\u2019information tunisienne en temps r\u00e9el.","email":"redac@webdo.tn","legalName":"YNJ SARL","foundingDate":"2010-09-06","numberOfEmployees":{"@type":"QuantitativeValue","minValue":"11","maxValue":"50"}},{"@type":"Person","@id":"https:\/\/www.webdo.tn\/fr\/#\/schema\/person\/9a9c6118d687c117df8ef3cc36a4d175","name":"webdo.tn","image":{"@type":"ImageObject","inLanguage":"fr-FR","@id":"https:\/\/secure.gravatar.com\/avatar\/7ce1f28c0c3bbac99ff550b85ef8e44a6950c6ee24514fb6a5489e51d06f0298?s=96&d=mm&r=g","url":"https:\/\/secure.gravatar.com\/avatar\/7ce1f28c0c3bbac99ff550b85ef8e44a6950c6ee24514fb6a5489e51d06f0298?s=96&d=mm&r=g","contentUrl":"https:\/\/secure.gravatar.com\/avatar\/7ce1f28c0c3bbac99ff550b85ef8e44a6950c6ee24514fb6a5489e51d06f0298?s=96&d=mm&r=g","caption":"webdo.tn"},"url":"https:\/\/www.webdo.tn\/fr\/actualite\/author\/webdotn\/"}]}},"_links":{"self":[{"href":"https:\/\/www.webdo.tn\/fr\/wp-json\/wp\/v2\/posts\/173910","targetHints":{"allow":["GET"]}}],"collection":[{"href":"https:\/\/www.webdo.tn\/fr\/wp-json\/wp\/v2\/posts"}],"about":[{"href":"https:\/\/www.webdo.tn\/fr\/wp-json\/wp\/v2\/types\/post"}],"author":[{"embeddable":true,"href":"https:\/\/www.webdo.tn\/fr\/wp-json\/wp\/v2\/users\/3222"}],"replies":[{"embeddable":true,"href":"https:\/\/www.webdo.tn\/fr\/wp-json\/wp\/v2\/comments?post=173910"}],"version-history":[{"count":0,"href":"https:\/\/www.webdo.tn\/fr\/wp-json\/wp\/v2\/posts\/173910\/revisions"}],"wp:featuredmedia":[{"embeddable":true,"href":"https:\/\/www.webdo.tn\/fr\/wp-json\/wp\/v2\/media\/333202"}],"wp:attachment":[{"href":"https:\/\/www.webdo.tn\/fr\/wp-json\/wp\/v2\/media?parent=173910"}],"wp:term":[{"taxonomy":"category","embeddable":true,"href":"https:\/\/www.webdo.tn\/fr\/wp-json\/wp\/v2\/categories?post=173910"},{"taxonomy":"post_tag","embeddable":true,"href":"https:\/\/www.webdo.tn\/fr\/wp-json\/wp\/v2\/tags?post=173910"}],"curies":[{"name":"wp","href":"https:\/\/api.w.org\/{rel}","templated":true}]}}