{"id":173908,"date":"2013-07-08T16:06:00","date_gmt":"2013-07-08T16:06:00","guid":{"rendered":"https:\/\/www.webdo.tn\/fr\/blog\/tunisiana-deploie-son-reseau-fibre-optique\/173908\/"},"modified":"2013-07-08T16:06:00","modified_gmt":"2013-07-08T16:06:00","slug":"tunisiana-deploie-son-reseau-fibre-optique","status":"publish","type":"post","link":"https:\/\/www.webdo.tn\/fr\/actualite\/mobile\/tunisiana-deploie-son-reseau-fibre-optique\/173908\/","title":{"rendered":"Tunisiana d\u00e9ploie son r\u00e9seau Fibre Optique"},"content":{"rendered":"<p>Pour le lancement, TUNISIANA a choisi le Centre Urbain Nord pour y d\u00e9ployer un r\u00e9seau de Fibre Optique et permettre ainsi une connexion \u00e0 un d\u00e9bit r\u00e9el allant jusqu\u2019\u00e0 100 Mbit\/s.<\/p>\n<p>La fibre optique assure l\u2019acheminement d\u2019une grande quantit\u00e9 de donn\u00e9es \u00e0 une vitesse tr\u00e8s \u00e9lev\u00e9e et \u00e0 un d\u00e9bit stable et constant. Elle offre un grand nombre d\u2019avantages dont celui d\u2019apporter un d\u00e9bit largement sup\u00e9rieur ainsi qu\u2019une \u00e9volutivit\u00e9 pour les services broadband comme la TV, la vid\u00e9o et les services interactifs \u00e0 la maison, ainsi que les services pour les entreprises.<\/p>\n<p>Pour la couverture en fibre optique des particuliers et entreprises, Tunisiana capitalisera sur un r\u00e9seau d\u00e9j\u00e0 en service de plus de 6,500 km de fibre optique \u00e0 travers le territoire, qu\u2019elle compl\u00e8tera par des boucles locales en fibre optique pour desservir l\u2019abonn\u00e9 jusqu\u2019\u00e0 sa prise murale install\u00e9e dans son foyer ou local s\u2019il s\u2019agit d\u2019une entreprise.<\/p>\n<p>Au lancement du Fixe, au Centre Urbain Nord, Tunisiana couvrira 6,000 prises (foyers et entreprises), et compte en atteindre 10,000 \u00e0 fin d\u2019ann\u00e9e. L\u2019acc\u00e8s \u00e0 la boucle locale de Tunisiana est possible gr\u00e2ce \u00e0 un triple partenariat technologique conclu d\u2019une part en 2012 avec le groupe Alcatel-Lucent en tant que leader mondial d\u2019\u00e9quipements GPON (Giga Ethernet Passive Optical Network), avec Nexans et Corning tous deux \u00e9galement leaders mondiaux d\u2019\u00e9quipements et accessoires pour r\u00e9seaux optiques, et enfin avec Retel, Alissar et Escom, trois soci\u00e9t\u00e9s tunisiennes fortement sp\u00e9cialis\u00e9es dans le d\u00e9ploiement de ce type de r\u00e9seau.<\/p>\n<p>Le plan de couverture 2013 de Tunisiana en FTTx (technologie de fibre optique jusqu\u2019\u00e0 l\u2019abonn\u00e9) est le suivant : Lac 1, Ennasser, Centre Urbain Nord. Les investissements r\u00e9alis\u00e9s FTTx s\u2019\u00e9l\u00e8vent d\u00e9j\u00e0 \u00e0 plus de 15 millions de dinars.<\/p>\n<p>Il est utile de rappeler que la plupart des solutions fixes (t\u00e9l\u00e9phonie, internet) actuellement sur le march\u00e9 sont bas\u00e9es sur une infrastructure en cuivre sur laquelle, les donn\u00e9es sont transmises par impulsions \u00e9lectriques. Cette technologie montre aujourd\u2019hui ses limites en termes de qualit\u00e9 et de rapidit\u00e9 de connexion, de navigation, de t\u00e9l\u00e9chargements\u2026<\/p>\n<p>Les offres commerciales seront disponibles courant juillet 2013.<br \/>\nCommuniqu\u00e9<\/p>\n","protected":false},"excerpt":{"rendered":"<p>Tunisiana d\u00e9ploie son r\u00e9seau Fibre Optique<\/p>\n","protected":false},"author":3222,"featured_media":334464,"comment_status":"open","ping_status":"closed","sticky":false,"template":"","format":"standard","meta":{"footnotes":""},"categories":[11339],"tags":[2600],"class_list":["post-173908","post","type-post","status-publish","format-standard","has-post-thumbnail","hentry","category-mobile","tag-guerre"],"yoast_head":"<!-- This site is optimized with the Yoast SEO Premium plugin v27.5 (Yoast SEO v27.5) - https:\/\/yoast.com\/product\/yoast-seo-premium-wordpress\/ -->\n<title>Tunisiana d\u00e9ploie son r\u00e9seau Fibre Optique<\/title>\n<meta name=\"description\" content=\"Tunisiana d\u00e9ploie son r\u00e9seau Fibre Optique\" \/>\n<link rel=\"canonical\" href=\"https:\/\/www.webdo.tn\/fr\/actualite\/mobile\/tunisiana-deploie-son-reseau-fibre-optique\/173908\/\" \/>\n<meta property=\"og:locale\" content=\"fr_FR\" \/>\n<meta property=\"og:type\" content=\"article\" \/>\n<meta property=\"og:title\" content=\"Tunisiana d\u00e9ploie son r\u00e9seau Fibre Optique\" \/>\n<meta property=\"og:description\" content=\"Tunisiana d\u00e9ploie son r\u00e9seau Fibre Optique\" \/>\n<meta property=\"og:url\" content=\"https:\/\/www.webdo.tn\/fr\/actualite\/mobile\/tunisiana-deploie-son-reseau-fibre-optique\/173908\/\" \/>\n<meta property=\"og:site_name\" content=\"webdo\" \/>\n<meta property=\"article:publisher\" content=\"https:\/\/www.facebook.com\/webdotn\" \/>\n<meta property=\"article:published_time\" content=\"2013-07-08T16:06:00+00:00\" \/>\n<meta property=\"og:image\" content=\"https:\/\/www.webdo.tn\/fr\/wp-content\/uploads\/2013\/07\/Tunisiana1.jpg\" \/>\n\t<meta property=\"og:image:width\" content=\"279\" \/>\n\t<meta property=\"og:image:height\" content=\"253\" \/>\n\t<meta property=\"og:image:type\" content=\"image\/jpeg\" \/>\n<meta name=\"author\" content=\"webdo.tn\" \/>\n<meta name=\"twitter:card\" content=\"summary_large_image\" \/>\n<meta name=\"twitter:creator\" content=\"@webdo_tn\" \/>\n<meta name=\"twitter:site\" content=\"@webdo_tn\" \/>\n<meta name=\"twitter:label1\" content=\"\u00c9crit par\" \/>\n\t<meta name=\"twitter:data1\" content=\"webdo.tn\" \/>\n\t<meta name=\"twitter:label2\" content=\"Dur\u00e9e de lecture estim\u00e9e\" \/>\n\t<meta name=\"twitter:data2\" content=\"2 minutes\" \/>\n<script type=\"application\/ld+json\" class=\"yoast-schema-graph\">{\"@context\":\"https:\\\/\\\/schema.org\",\"@graph\":[{\"@type\":\"NewsArticle\",\"@id\":\"https:\\\/\\\/www.webdo.tn\\\/fr\\\/actualite\\\/mobile\\\/tunisiana-deploie-son-reseau-fibre-optique\\\/173908\\\/#article\",\"isPartOf\":{\"@id\":\"https:\\\/\\\/www.webdo.tn\\\/fr\\\/actualite\\\/mobile\\\/tunisiana-deploie-son-reseau-fibre-optique\\\/173908\\\/\"},\"author\":{\"name\":\"webdo.tn\",\"@id\":\"https:\\\/\\\/www.webdo.tn\\\/fr\\\/#\\\/schema\\\/person\\\/9a9c6118d687c117df8ef3cc36a4d175\"},\"headline\":\"Tunisiana d\u00e9ploie son r\u00e9seau Fibre Optique\",\"datePublished\":\"2013-07-08T16:06:00+00:00\",\"mainEntityOfPage\":{\"@id\":\"https:\\\/\\\/www.webdo.tn\\\/fr\\\/actualite\\\/mobile\\\/tunisiana-deploie-son-reseau-fibre-optique\\\/173908\\\/\"},\"wordCount\":384,\"commentCount\":0,\"publisher\":{\"@id\":\"https:\\\/\\\/www.webdo.tn\\\/fr\\\/#organization\"},\"image\":{\"@id\":\"https:\\\/\\\/www.webdo.tn\\\/fr\\\/actualite\\\/mobile\\\/tunisiana-deploie-son-reseau-fibre-optique\\\/173908\\\/#primaryimage\"},\"thumbnailUrl\":\"https:\\\/\\\/www.webdo.tn\\\/fr\\\/wp-content\\\/uploads\\\/2013\\\/07\\\/Tunisiana1.jpg\",\"keywords\":[\"guerre\"],\"articleSection\":[\"Mobile\"],\"inLanguage\":\"fr-FR\"},{\"@type\":\"WebPage\",\"@id\":\"https:\\\/\\\/www.webdo.tn\\\/fr\\\/actualite\\\/mobile\\\/tunisiana-deploie-son-reseau-fibre-optique\\\/173908\\\/\",\"url\":\"https:\\\/\\\/www.webdo.tn\\\/fr\\\/actualite\\\/mobile\\\/tunisiana-deploie-son-reseau-fibre-optique\\\/173908\\\/\",\"name\":\"Tunisiana d\u00e9ploie son r\u00e9seau Fibre Optique\",\"isPartOf\":{\"@id\":\"https:\\\/\\\/www.webdo.tn\\\/fr\\\/#website\"},\"primaryImageOfPage\":{\"@id\":\"https:\\\/\\\/www.webdo.tn\\\/fr\\\/actualite\\\/mobile\\\/tunisiana-deploie-son-reseau-fibre-optique\\\/173908\\\/#primaryimage\"},\"image\":{\"@id\":\"https:\\\/\\\/www.webdo.tn\\\/fr\\\/actualite\\\/mobile\\\/tunisiana-deploie-son-reseau-fibre-optique\\\/173908\\\/#primaryimage\"},\"thumbnailUrl\":\"https:\\\/\\\/www.webdo.tn\\\/fr\\\/wp-content\\\/uploads\\\/2013\\\/07\\\/Tunisiana1.jpg\",\"datePublished\":\"2013-07-08T16:06:00+00:00\",\"description\":\"Tunisiana d\u00e9ploie son r\u00e9seau Fibre Optique\",\"breadcrumb\":{\"@id\":\"https:\\\/\\\/www.webdo.tn\\\/fr\\\/actualite\\\/mobile\\\/tunisiana-deploie-son-reseau-fibre-optique\\\/173908\\\/#breadcrumb\"},\"inLanguage\":\"fr-FR\",\"potentialAction\":[{\"@type\":\"ReadAction\",\"target\":[\"https:\\\/\\\/www.webdo.tn\\\/fr\\\/actualite\\\/mobile\\\/tunisiana-deploie-son-reseau-fibre-optique\\\/173908\\\/\"]}]},{\"@type\":\"ImageObject\",\"inLanguage\":\"fr-FR\",\"@id\":\"https:\\\/\\\/www.webdo.tn\\\/fr\\\/actualite\\\/mobile\\\/tunisiana-deploie-son-reseau-fibre-optique\\\/173908\\\/#primaryimage\",\"url\":\"https:\\\/\\\/www.webdo.tn\\\/fr\\\/wp-content\\\/uploads\\\/2013\\\/07\\\/Tunisiana1.jpg\",\"contentUrl\":\"https:\\\/\\\/www.webdo.tn\\\/fr\\\/wp-content\\\/uploads\\\/2013\\\/07\\\/Tunisiana1.jpg\",\"width\":279,\"height\":253,\"caption\":\"Tunisiana d\u00e9ploie son r\u00e9seau Fibre Optique\"},{\"@type\":\"BreadcrumbList\",\"@id\":\"https:\\\/\\\/www.webdo.tn\\\/fr\\\/actualite\\\/mobile\\\/tunisiana-deploie-son-reseau-fibre-optique\\\/173908\\\/#breadcrumb\",\"itemListElement\":[{\"@type\":\"ListItem\",\"position\":1,\"name\":\"Accueil\",\"item\":\"https:\\\/\\\/www.webdo.tn\\\/fr\\\/\"},{\"@type\":\"ListItem\",\"position\":2,\"name\":\"Tunisiana d\u00e9ploie son r\u00e9seau Fibre Optique\"}]},{\"@type\":\"WebSite\",\"@id\":\"https:\\\/\\\/www.webdo.tn\\\/fr\\\/#website\",\"url\":\"https:\\\/\\\/www.webdo.tn\\\/fr\\\/\",\"name\":\"webdo\",\"description\":\"Tunisie - News en Tunisie et \u00e0 l&#039;international sur Webdo.tn\",\"publisher\":{\"@id\":\"https:\\\/\\\/www.webdo.tn\\\/fr\\\/#organization\"},\"potentialAction\":[{\"@type\":\"SearchAction\",\"target\":{\"@type\":\"EntryPoint\",\"urlTemplate\":\"https:\\\/\\\/www.webdo.tn\\\/fr\\\/?s={search_term_string}\"},\"query-input\":{\"@type\":\"PropertyValueSpecification\",\"valueRequired\":true,\"valueName\":\"search_term_string\"}}],\"inLanguage\":\"fr-FR\"},{\"@type\":\"Organization\",\"@id\":\"https:\\\/\\\/www.webdo.tn\\\/fr\\\/#organization\",\"name\":\"Webdo\",\"alternateName\":\"Webdo.tn\",\"url\":\"https:\\\/\\\/www.webdo.tn\\\/fr\\\/\",\"logo\":{\"@type\":\"ImageObject\",\"inLanguage\":\"fr-FR\",\"@id\":\"https:\\\/\\\/www.webdo.tn\\\/fr\\\/#\\\/schema\\\/logo\\\/image\\\/\",\"url\":\"https:\\\/\\\/www.webdo.tn\\\/fr\\\/wp-content\\\/uploads\\\/2025\\\/06\\\/Webdo-Tunisie_168377.jpg\",\"contentUrl\":\"https:\\\/\\\/www.webdo.tn\\\/fr\\\/wp-content\\\/uploads\\\/2025\\\/06\\\/Webdo-Tunisie_168377.jpg\",\"width\":301,\"height\":301,\"caption\":\"Webdo\"},\"image\":{\"@id\":\"https:\\\/\\\/www.webdo.tn\\\/fr\\\/#\\\/schema\\\/logo\\\/image\\\/\"},\"sameAs\":[\"https:\\\/\\\/www.facebook.com\\\/webdotn\",\"https:\\\/\\\/x.com\\\/webdo_tn\"],\"description\":\"Webdo est un m\u00e9dia num\u00e9rique tunisien fond\u00e9 en 2010, sp\u00e9cialis\u00e9 dans l\u2019actualit\u00e9 nationale et internationale, l\u2019\u00e9conomie, la soci\u00e9t\u00e9 et les analyses politiques. Le site s\u2019adresse \u00e0 un large public francophone et couvre l\u2019information tunisienne en temps r\u00e9el.\",\"email\":\"redac@webdo.tn\",\"legalName\":\"YNJ SARL\",\"foundingDate\":\"2010-09-06\",\"numberOfEmployees\":{\"@type\":\"QuantitativeValue\",\"minValue\":\"11\",\"maxValue\":\"50\"}},{\"@type\":\"Person\",\"@id\":\"https:\\\/\\\/www.webdo.tn\\\/fr\\\/#\\\/schema\\\/person\\\/9a9c6118d687c117df8ef3cc36a4d175\",\"name\":\"webdo.tn\",\"image\":{\"@type\":\"ImageObject\",\"inLanguage\":\"fr-FR\",\"@id\":\"https:\\\/\\\/secure.gravatar.com\\\/avatar\\\/7ce1f28c0c3bbac99ff550b85ef8e44a6950c6ee24514fb6a5489e51d06f0298?s=96&d=mm&r=g\",\"url\":\"https:\\\/\\\/secure.gravatar.com\\\/avatar\\\/7ce1f28c0c3bbac99ff550b85ef8e44a6950c6ee24514fb6a5489e51d06f0298?s=96&d=mm&r=g\",\"contentUrl\":\"https:\\\/\\\/secure.gravatar.com\\\/avatar\\\/7ce1f28c0c3bbac99ff550b85ef8e44a6950c6ee24514fb6a5489e51d06f0298?s=96&d=mm&r=g\",\"caption\":\"webdo.tn\"},\"url\":\"https:\\\/\\\/www.webdo.tn\\\/fr\\\/actualite\\\/author\\\/webdotn\\\/\"}]}<\/script>\n<!-- \/ Yoast SEO Premium plugin. -->","yoast_head_json":{"title":"Tunisiana d\u00e9ploie son r\u00e9seau Fibre Optique","description":"Tunisiana d\u00e9ploie son r\u00e9seau Fibre Optique","canonical":"https:\/\/www.webdo.tn\/fr\/actualite\/mobile\/tunisiana-deploie-son-reseau-fibre-optique\/173908\/","og_locale":"fr_FR","og_type":"article","og_title":"Tunisiana d\u00e9ploie son r\u00e9seau Fibre Optique","og_description":"Tunisiana d\u00e9ploie son r\u00e9seau Fibre Optique","og_url":"https:\/\/www.webdo.tn\/fr\/actualite\/mobile\/tunisiana-deploie-son-reseau-fibre-optique\/173908\/","og_site_name":"webdo","article_publisher":"https:\/\/www.facebook.com\/webdotn","article_published_time":"2013-07-08T16:06:00+00:00","og_image":[{"width":279,"height":253,"url":"https:\/\/www.webdo.tn\/fr\/wp-content\/uploads\/2013\/07\/Tunisiana1.jpg","type":"image\/jpeg"}],"author":"webdo.tn","twitter_card":"summary_large_image","twitter_creator":"@webdo_tn","twitter_site":"@webdo_tn","twitter_misc":{"\u00c9crit par":"webdo.tn","Dur\u00e9e de lecture estim\u00e9e":"2 minutes"},"schema":{"@context":"https:\/\/schema.org","@graph":[{"@type":"NewsArticle","@id":"https:\/\/www.webdo.tn\/fr\/actualite\/mobile\/tunisiana-deploie-son-reseau-fibre-optique\/173908\/#article","isPartOf":{"@id":"https:\/\/www.webdo.tn\/fr\/actualite\/mobile\/tunisiana-deploie-son-reseau-fibre-optique\/173908\/"},"author":{"name":"webdo.tn","@id":"https:\/\/www.webdo.tn\/fr\/#\/schema\/person\/9a9c6118d687c117df8ef3cc36a4d175"},"headline":"Tunisiana d\u00e9ploie son r\u00e9seau Fibre Optique","datePublished":"2013-07-08T16:06:00+00:00","mainEntityOfPage":{"@id":"https:\/\/www.webdo.tn\/fr\/actualite\/mobile\/tunisiana-deploie-son-reseau-fibre-optique\/173908\/"},"wordCount":384,"commentCount":0,"publisher":{"@id":"https:\/\/www.webdo.tn\/fr\/#organization"},"image":{"@id":"https:\/\/www.webdo.tn\/fr\/actualite\/mobile\/tunisiana-deploie-son-reseau-fibre-optique\/173908\/#primaryimage"},"thumbnailUrl":"https:\/\/www.webdo.tn\/fr\/wp-content\/uploads\/2013\/07\/Tunisiana1.jpg","keywords":["guerre"],"articleSection":["Mobile"],"inLanguage":"fr-FR"},{"@type":"WebPage","@id":"https:\/\/www.webdo.tn\/fr\/actualite\/mobile\/tunisiana-deploie-son-reseau-fibre-optique\/173908\/","url":"https:\/\/www.webdo.tn\/fr\/actualite\/mobile\/tunisiana-deploie-son-reseau-fibre-optique\/173908\/","name":"Tunisiana d\u00e9ploie son r\u00e9seau Fibre Optique","isPartOf":{"@id":"https:\/\/www.webdo.tn\/fr\/#website"},"primaryImageOfPage":{"@id":"https:\/\/www.webdo.tn\/fr\/actualite\/mobile\/tunisiana-deploie-son-reseau-fibre-optique\/173908\/#primaryimage"},"image":{"@id":"https:\/\/www.webdo.tn\/fr\/actualite\/mobile\/tunisiana-deploie-son-reseau-fibre-optique\/173908\/#primaryimage"},"thumbnailUrl":"https:\/\/www.webdo.tn\/fr\/wp-content\/uploads\/2013\/07\/Tunisiana1.jpg","datePublished":"2013-07-08T16:06:00+00:00","description":"Tunisiana d\u00e9ploie son r\u00e9seau Fibre Optique","breadcrumb":{"@id":"https:\/\/www.webdo.tn\/fr\/actualite\/mobile\/tunisiana-deploie-son-reseau-fibre-optique\/173908\/#breadcrumb"},"inLanguage":"fr-FR","potentialAction":[{"@type":"ReadAction","target":["https:\/\/www.webdo.tn\/fr\/actualite\/mobile\/tunisiana-deploie-son-reseau-fibre-optique\/173908\/"]}]},{"@type":"ImageObject","inLanguage":"fr-FR","@id":"https:\/\/www.webdo.tn\/fr\/actualite\/mobile\/tunisiana-deploie-son-reseau-fibre-optique\/173908\/#primaryimage","url":"https:\/\/www.webdo.tn\/fr\/wp-content\/uploads\/2013\/07\/Tunisiana1.jpg","contentUrl":"https:\/\/www.webdo.tn\/fr\/wp-content\/uploads\/2013\/07\/Tunisiana1.jpg","width":279,"height":253,"caption":"Tunisiana d\u00e9ploie son r\u00e9seau Fibre Optique"},{"@type":"BreadcrumbList","@id":"https:\/\/www.webdo.tn\/fr\/actualite\/mobile\/tunisiana-deploie-son-reseau-fibre-optique\/173908\/#breadcrumb","itemListElement":[{"@type":"ListItem","position":1,"name":"Accueil","item":"https:\/\/www.webdo.tn\/fr\/"},{"@type":"ListItem","position":2,"name":"Tunisiana d\u00e9ploie son r\u00e9seau Fibre Optique"}]},{"@type":"WebSite","@id":"https:\/\/www.webdo.tn\/fr\/#website","url":"https:\/\/www.webdo.tn\/fr\/","name":"webdo","description":"Tunisie - News en Tunisie et \u00e0 l&#039;international sur Webdo.tn","publisher":{"@id":"https:\/\/www.webdo.tn\/fr\/#organization"},"potentialAction":[{"@type":"SearchAction","target":{"@type":"EntryPoint","urlTemplate":"https:\/\/www.webdo.tn\/fr\/?s={search_term_string}"},"query-input":{"@type":"PropertyValueSpecification","valueRequired":true,"valueName":"search_term_string"}}],"inLanguage":"fr-FR"},{"@type":"Organization","@id":"https:\/\/www.webdo.tn\/fr\/#organization","name":"Webdo","alternateName":"Webdo.tn","url":"https:\/\/www.webdo.tn\/fr\/","logo":{"@type":"ImageObject","inLanguage":"fr-FR","@id":"https:\/\/www.webdo.tn\/fr\/#\/schema\/logo\/image\/","url":"https:\/\/www.webdo.tn\/fr\/wp-content\/uploads\/2025\/06\/Webdo-Tunisie_168377.jpg","contentUrl":"https:\/\/www.webdo.tn\/fr\/wp-content\/uploads\/2025\/06\/Webdo-Tunisie_168377.jpg","width":301,"height":301,"caption":"Webdo"},"image":{"@id":"https:\/\/www.webdo.tn\/fr\/#\/schema\/logo\/image\/"},"sameAs":["https:\/\/www.facebook.com\/webdotn","https:\/\/x.com\/webdo_tn"],"description":"Webdo est un m\u00e9dia num\u00e9rique tunisien fond\u00e9 en 2010, sp\u00e9cialis\u00e9 dans l\u2019actualit\u00e9 nationale et internationale, l\u2019\u00e9conomie, la soci\u00e9t\u00e9 et les analyses politiques. Le site s\u2019adresse \u00e0 un large public francophone et couvre l\u2019information tunisienne en temps r\u00e9el.","email":"redac@webdo.tn","legalName":"YNJ SARL","foundingDate":"2010-09-06","numberOfEmployees":{"@type":"QuantitativeValue","minValue":"11","maxValue":"50"}},{"@type":"Person","@id":"https:\/\/www.webdo.tn\/fr\/#\/schema\/person\/9a9c6118d687c117df8ef3cc36a4d175","name":"webdo.tn","image":{"@type":"ImageObject","inLanguage":"fr-FR","@id":"https:\/\/secure.gravatar.com\/avatar\/7ce1f28c0c3bbac99ff550b85ef8e44a6950c6ee24514fb6a5489e51d06f0298?s=96&d=mm&r=g","url":"https:\/\/secure.gravatar.com\/avatar\/7ce1f28c0c3bbac99ff550b85ef8e44a6950c6ee24514fb6a5489e51d06f0298?s=96&d=mm&r=g","contentUrl":"https:\/\/secure.gravatar.com\/avatar\/7ce1f28c0c3bbac99ff550b85ef8e44a6950c6ee24514fb6a5489e51d06f0298?s=96&d=mm&r=g","caption":"webdo.tn"},"url":"https:\/\/www.webdo.tn\/fr\/actualite\/author\/webdotn\/"}]}},"_links":{"self":[{"href":"https:\/\/www.webdo.tn\/fr\/wp-json\/wp\/v2\/posts\/173908","targetHints":{"allow":["GET"]}}],"collection":[{"href":"https:\/\/www.webdo.tn\/fr\/wp-json\/wp\/v2\/posts"}],"about":[{"href":"https:\/\/www.webdo.tn\/fr\/wp-json\/wp\/v2\/types\/post"}],"author":[{"embeddable":true,"href":"https:\/\/www.webdo.tn\/fr\/wp-json\/wp\/v2\/users\/3222"}],"replies":[{"embeddable":true,"href":"https:\/\/www.webdo.tn\/fr\/wp-json\/wp\/v2\/comments?post=173908"}],"version-history":[{"count":0,"href":"https:\/\/www.webdo.tn\/fr\/wp-json\/wp\/v2\/posts\/173908\/revisions"}],"wp:featuredmedia":[{"embeddable":true,"href":"https:\/\/www.webdo.tn\/fr\/wp-json\/wp\/v2\/media\/334464"}],"wp:attachment":[{"href":"https:\/\/www.webdo.tn\/fr\/wp-json\/wp\/v2\/media?parent=173908"}],"wp:term":[{"taxonomy":"category","embeddable":true,"href":"https:\/\/www.webdo.tn\/fr\/wp-json\/wp\/v2\/categories?post=173908"},{"taxonomy":"post_tag","embeddable":true,"href":"https:\/\/www.webdo.tn\/fr\/wp-json\/wp\/v2\/tags?post=173908"}],"curies":[{"name":"wp","href":"https:\/\/api.w.org\/{rel}","templated":true}]}}